{"id":7833,"date":"2024-12-10T09:30:19","date_gmt":"2024-12-10T15:30:19","guid":{"rendered":"https:\/\/www.nexoinformativo.mx\/?p=7833"},"modified":"2024-12-10T11:36:48","modified_gmt":"2024-12-10T17:36:48","slug":"colon-instala-consejo-empresarial-para-impulsar-desarrollo-economico-y-social","status":"publish","type":"post","link":"https:\/\/www.nexoinformativo.mx\/index.php\/2024\/12\/10\/colon-instala-consejo-empresarial-para-impulsar-desarrollo-economico-y-social\/","title":{"rendered":"Col\u00f3n Instala Consejo Empresarial para Impulsar Desarrollo Econ\u00f3mico y Social"},"content":{"rendered":"<p style=\"text-align: justify;\">El Presidente Municipal de Col\u00f3n, Maestro Gaspar Trueba Moncada, anunci\u00f3 la creaci\u00f3n del Consejo Empresarial del municipio, marcando un hito en la colaboraci\u00f3n entre el sector privado y el gobierno local para impulsar el desarrollo econ\u00f3mico y social.<\/p>\n<p>&nbsp;<\/p>\n<p style=\"text-align: justify;\">Este consejo re\u00fane a destacados l\u00edderes empresariales, c\u00e1maras industriales y representantes de diversos sectores econ\u00f3micos con el objetivo de construir un municipio autosostenible y pr\u00f3spero.<\/p>\n<p>&nbsp;<\/p>\n<p style=\"text-align: justify;\">Durante el evento, realizado en Hacienda Viborillas, el Presidente Trueba enfatiz\u00f3 la importancia de aprovechar las ventajas estrat\u00e9gicas y econ\u00f3micas del municipio, que actualmente alberga 14 parques industriales en operaci\u00f3n, con proyecci\u00f3n a 17, adem\u00e1s de un aeropuerto, dos v\u00edas ferroviarias nacionales y un clima privilegiado.<\/p>\n<p>&nbsp;<\/p>\n<p style=\"text-align: justify;\">Trueba subray\u00f3 la necesidad de unificar esfuerzos entre el sector empresarial y las comunidades locales para cerrar las brechas de desigualdad. &#8220;Si bien Col\u00f3n genera riqueza y cuenta con condiciones \u00f3ptimas para la inversi\u00f3n, tambi\u00e9n es cierto que hay comunidades que enfrentan carencias educativas, urbanas y de servicios b\u00e1sicos.<\/p>\n<p>&nbsp;<\/p>\n<p style=\"text-align: justify;\">Este consejo ser\u00e1 un puente entre la industria y los ciudadanos, para garantizar que todos se beneficien de la prosperidad del municipio,&#8221; declar\u00f3.<\/p>\n<p>&nbsp;<\/p>\n<p style=\"text-align: justify;\"><strong>&#8220;Este consejo no solo busca crecimiento econ\u00f3mico, sino tambi\u00e9n fortalecer la identidad y el orgullo de ser parte de Col\u00f3n. Es un cambio que construye y que har\u00e1 de este municipio el mas pr\u00f3spero del Baj\u00edo,&#8221;<\/strong> concluy\u00f3.<\/p>\n<p>&nbsp;<\/p>\n<p style=\"text-align: center;\"><em><strong>\u00a1Informaci\u00f3n que transforma!<\/strong><\/em><\/p>\n","protected":false},"excerpt":{"rendered":"<p>El Presidente Municipal de Col\u00f3n, Maestro Gaspar Trueba Moncada, anunci\u00f3 la creaci\u00f3n del Consejo Empresarial del municipio, marcando un hito en la colaboraci\u00f3n entre el sector privado y el gobierno local para impulsar el desarrollo econ\u00f3mico y social.<\/p>\n","protected":false},"author":3,"featured_media":7834,"comment_status":"open","ping_status":"open","sticky":false,"template":"","format":"standard","meta":{"footnotes":""},"categories":[65,58],"tags":[1782,2591,352,2592],"class_list":["post-7833","post","type-post","status-publish","format-standard","has-post-thumbnail","hentry","category-municipios","category-ultima-hora","tag-colon","tag-consejoempresarial","tag-desarrolloeconomico","tag-gaspartrueba"],"yoast_head":"<!-- This site is optimized with the Yoast SEO plugin v25.0 - https:\/\/yoast.com\/wordpress\/plugins\/seo\/ -->\n<title>Col\u00f3n Instala Consejo Empresarial para Impulsar Desarrollo Econ\u00f3mico y Social | Nexo Informativo Santiago de Quer\u00e9taro<\/title>\n<meta name=\"description\" content=\"Col\u00f3n Instala Consejo Empresarial para Impulsar Desarrollo Econ\u00f3mico y Social\" \/>\n<meta name=\"robots\" content=\"index, follow, max-snippet:-1, max-image-preview:large, max-video-preview:-1\" \/>\n<link rel=\"canonical\" href=\"https:\/\/www.nexoinformativo.mx\/index.php\/2024\/12\/10\/colon-instala-consejo-empresarial-para-impulsar-desarrollo-economico-y-social\/\" \/>\n<meta property=\"og:locale\" content=\"es_MX\" \/>\n<meta property=\"og:type\" content=\"article\" \/>\n<meta property=\"og:title\" content=\"Col\u00f3n Instala Consejo Empresarial para Impulsar Desarrollo Econ\u00f3mico y Social | Nexo Informativo Santiago de Quer\u00e9taro\" \/>\n<meta property=\"og:description\" content=\"Col\u00f3n Instala Consejo Empresarial para Impulsar Desarrollo Econ\u00f3mico y Social\" \/>\n<meta property=\"og:url\" content=\"https:\/\/www.nexoinformativo.mx\/index.php\/2024\/12\/10\/colon-instala-consejo-empresarial-para-impulsar-desarrollo-economico-y-social\/\" \/>\n<meta property=\"og:site_name\" content=\"Nexo Informativo Santiago de Quer\u00e9taro\" \/>\n<meta property=\"article:publisher\" content=\"https:\/\/www.facebook.com\/people\/Nexo-Informativo\/61564066885511\/\" \/>\n<meta property=\"article:published_time\" content=\"2024-12-10T15:30:19+00:00\" \/>\n<meta property=\"article:modified_time\" content=\"2024-12-10T17:36:48+00:00\" \/>\n<meta property=\"og:image\" content=\"https:\/\/www.nexoinformativo.mx\/wp-content\/uploads\/2024\/12\/PHOTO-2024-12-10-07-20-40-e1733852156659.jpg\" \/>\n\t<meta property=\"og:image:width\" content=\"800\" \/>\n\t<meta property=\"og:image:height\" content=\"533\" \/>\n\t<meta property=\"og:image:type\" content=\"image\/jpeg\" \/>\n<meta name=\"author\" content=\"Nexo Informativo\" \/>\n<meta name=\"twitter:card\" content=\"summary_large_image\" \/>\n<meta name=\"twitter:label1\" content=\"Escrito por\" \/>\n\t<meta name=\"twitter:data1\" content=\"Nexo Informativo\" \/>\n\t<meta name=\"twitter:label2\" content=\"Tiempo de lectura\" \/>\n\t<meta name=\"twitter:data2\" content=\"2 minutos\" \/>\n<script type=\"application\/ld+json\" class=\"yoast-schema-graph\">{\"@context\":\"https:\/\/schema.org\",\"@graph\":[{\"@type\":\"Article\",\"@id\":\"https:\/\/www.nexoinformativo.mx\/index.php\/2024\/12\/10\/colon-instala-consejo-empresarial-para-impulsar-desarrollo-economico-y-social\/#article\",\"isPartOf\":{\"@id\":\"https:\/\/www.nexoinformativo.mx\/index.php\/2024\/12\/10\/colon-instala-consejo-empresarial-para-impulsar-desarrollo-economico-y-social\/\"},\"author\":{\"name\":\"Nexo Informativo\",\"@id\":\"https:\/\/www.nexoinformativo.mx\/#\/schema\/person\/7749d380ba08c8ca00d7bc76fd907b7d\"},\"headline\":\"Col\u00f3n Instala Consejo Empresarial para Impulsar Desarrollo Econ\u00f3mico y Social\",\"datePublished\":\"2024-12-10T15:30:19+00:00\",\"dateModified\":\"2024-12-10T17:36:48+00:00\",\"mainEntityOfPage\":{\"@id\":\"https:\/\/www.nexoinformativo.mx\/index.php\/2024\/12\/10\/colon-instala-consejo-empresarial-para-impulsar-desarrollo-economico-y-social\/\"},\"wordCount\":262,\"commentCount\":0,\"publisher\":{\"@id\":\"https:\/\/www.nexoinformativo.mx\/#organization\"},\"image\":{\"@id\":\"https:\/\/www.nexoinformativo.mx\/index.php\/2024\/12\/10\/colon-instala-consejo-empresarial-para-impulsar-desarrollo-economico-y-social\/#primaryimage\"},\"thumbnailUrl\":\"https:\/\/www.nexoinformativo.mx\/wp-content\/uploads\/2024\/12\/PHOTO-2024-12-10-07-20-40-e1733852156659.jpg\",\"keywords\":[\"Col\u00f3n\",\"ConsejoEmpresarial\",\"DesarrolloEcon\u00f3mico\",\"GasparTrueba\"],\"articleSection\":[\"Municipios\",\"\u00daltima Hora\"],\"inLanguage\":\"es\",\"potentialAction\":[{\"@type\":\"CommentAction\",\"name\":\"Comment\",\"target\":[\"https:\/\/www.nexoinformativo.mx\/index.php\/2024\/12\/10\/colon-instala-consejo-empresarial-para-impulsar-desarrollo-economico-y-social\/#respond\"]}]},{\"@type\":\"WebPage\",\"@id\":\"https:\/\/www.nexoinformativo.mx\/index.php\/2024\/12\/10\/colon-instala-consejo-empresarial-para-impulsar-desarrollo-economico-y-social\/\",\"url\":\"https:\/\/www.nexoinformativo.mx\/index.php\/2024\/12\/10\/colon-instala-consejo-empresarial-para-impulsar-desarrollo-economico-y-social\/\",\"name\":\"Col\u00f3n Instala Consejo Empresarial para Impulsar Desarrollo Econ\u00f3mico y Social | Nexo Informativo Santiago de Quer\u00e9taro\",\"isPartOf\":{\"@id\":\"https:\/\/www.nexoinformativo.mx\/#website\"},\"primaryImageOfPage\":{\"@id\":\"https:\/\/www.nexoinformativo.mx\/index.php\/2024\/12\/10\/colon-instala-consejo-empresarial-para-impulsar-desarrollo-economico-y-social\/#primaryimage\"},\"image\":{\"@id\":\"https:\/\/www.nexoinformativo.mx\/index.php\/2024\/12\/10\/colon-instala-consejo-empresarial-para-impulsar-desarrollo-economico-y-social\/#primaryimage\"},\"thumbnailUrl\":\"https:\/\/www.nexoinformativo.mx\/wp-content\/uploads\/2024\/12\/PHOTO-2024-12-10-07-20-40-e1733852156659.jpg\",\"datePublished\":\"2024-12-10T15:30:19+00:00\",\"dateModified\":\"2024-12-10T17:36:48+00:00\",\"description\":\"Col\u00f3n Instala Consejo Empresarial para Impulsar Desarrollo Econ\u00f3mico y Social\",\"breadcrumb\":{\"@id\":\"https:\/\/www.nexoinformativo.mx\/index.php\/2024\/12\/10\/colon-instala-consejo-empresarial-para-impulsar-desarrollo-economico-y-social\/#breadcrumb\"},\"inLanguage\":\"es\",\"potentialAction\":[{\"@type\":\"ReadAction\",\"target\":[\"https:\/\/www.nexoinformativo.mx\/index.php\/2024\/12\/10\/colon-instala-consejo-empresarial-para-impulsar-desarrollo-economico-y-social\/\"]}]},{\"@type\":\"ImageObject\",\"inLanguage\":\"es\",\"@id\":\"https:\/\/www.nexoinformativo.mx\/index.php\/2024\/12\/10\/colon-instala-consejo-empresarial-para-impulsar-desarrollo-economico-y-social\/#primaryimage\",\"url\":\"https:\/\/www.nexoinformativo.mx\/wp-content\/uploads\/2024\/12\/PHOTO-2024-12-10-07-20-40-e1733852156659.jpg\",\"contentUrl\":\"https:\/\/www.nexoinformativo.mx\/wp-content\/uploads\/2024\/12\/PHOTO-2024-12-10-07-20-40-e1733852156659.jpg\",\"width\":800,\"height\":533},{\"@type\":\"BreadcrumbList\",\"@id\":\"https:\/\/www.nexoinformativo.mx\/index.php\/2024\/12\/10\/colon-instala-consejo-empresarial-para-impulsar-desarrollo-economico-y-social\/#breadcrumb\",\"itemListElement\":[{\"@type\":\"ListItem\",\"position\":1,\"name\":\"Inicio\",\"item\":\"https:\/\/www.nexoinformativo.mx\/\"},{\"@type\":\"ListItem\",\"position\":2,\"name\":\"Col\u00f3n Instala Consejo Empresarial para Impulsar Desarrollo Econ\u00f3mico y Social\"}]},{\"@type\":\"WebSite\",\"@id\":\"https:\/\/www.nexoinformativo.mx\/#website\",\"url\":\"https:\/\/www.nexoinformativo.mx\/\",\"name\":\"Nexo Informativo Santiago de Quer\u00e9taro\",\"description\":\"Explora NexoInformativo y convi\u00e9rtete en parte de una comunidad que valora el conocimiento y la verdad. Tu nexoinformativo es tu puente hacia una comprensi\u00f3n m\u00e1s profunda del mundo que te rodea.\",\"publisher\":{\"@id\":\"https:\/\/www.nexoinformativo.mx\/#organization\"},\"potentialAction\":[{\"@type\":\"SearchAction\",\"target\":{\"@type\":\"EntryPoint\",\"urlTemplate\":\"https:\/\/www.nexoinformativo.mx\/?s={search_term_string}\"},\"query-input\":{\"@type\":\"PropertyValueSpecification\",\"valueRequired\":true,\"valueName\":\"search_term_string\"}}],\"inLanguage\":\"es\"},{\"@type\":\"Organization\",\"@id\":\"https:\/\/www.nexoinformativo.mx\/#organization\",\"name\":\"Nexo Informativo Santiago de Quer\u00e9taro\",\"url\":\"https:\/\/www.nexoinformativo.mx\/\",\"logo\":{\"@type\":\"ImageObject\",\"inLanguage\":\"es\",\"@id\":\"https:\/\/www.nexoinformativo.mx\/#\/schema\/logo\/image\/\",\"url\":\"https:\/\/www.nexoinformativo.mx\/wp-content\/uploads\/2024\/07\/nexoi-trasparente-2.png\",\"contentUrl\":\"https:\/\/www.nexoinformativo.mx\/wp-content\/uploads\/2024\/07\/nexoi-trasparente-2.png\",\"width\":816,\"height\":339,\"caption\":\"Nexo Informativo Santiago de Quer\u00e9taro\"},\"image\":{\"@id\":\"https:\/\/www.nexoinformativo.mx\/#\/schema\/logo\/image\/\"},\"sameAs\":[\"https:\/\/www.facebook.com\/people\/Nexo-Informativo\/61564066885511\/\"]},{\"@type\":\"Person\",\"@id\":\"https:\/\/www.nexoinformativo.mx\/#\/schema\/person\/7749d380ba08c8ca00d7bc76fd907b7d\",\"name\":\"Nexo Informativo\",\"image\":{\"@type\":\"ImageObject\",\"inLanguage\":\"es\",\"@id\":\"https:\/\/www.nexoinformativo.mx\/#\/schema\/person\/image\/\",\"url\":\"https:\/\/secure.gravatar.com\/avatar\/dde2928154642a13d95f87ddf1ea9718fe2b46760a005c53e41ff5ad610704e6?s=96&d=mm&r=g\",\"contentUrl\":\"https:\/\/secure.gravatar.com\/avatar\/dde2928154642a13d95f87ddf1ea9718fe2b46760a005c53e41ff5ad610704e6?s=96&d=mm&r=g\",\"caption\":\"Nexo Informativo\"},\"url\":\"https:\/\/www.nexoinformativo.mx\/index.php\/author\/edicion\/\"}]}<\/script>\n<!-- \/ Yoast SEO plugin. -->","yoast_head_json":{"title":"Col\u00f3n Instala Consejo Empresarial para Impulsar Desarrollo Econ\u00f3mico y Social | Nexo Informativo Santiago de Quer\u00e9taro","description":"Col\u00f3n Instala Consejo Empresarial para Impulsar Desarrollo Econ\u00f3mico y Social","robots":{"index":"index","follow":"follow","max-snippet":"max-snippet:-1","max-image-preview":"max-image-preview:large","max-video-preview":"max-video-preview:-1"},"canonical":"https:\/\/www.nexoinformativo.mx\/index.php\/2024\/12\/10\/colon-instala-consejo-empresarial-para-impulsar-desarrollo-economico-y-social\/","og_locale":"es_MX","og_type":"article","og_title":"Col\u00f3n Instala Consejo Empresarial para Impulsar Desarrollo Econ\u00f3mico y Social | Nexo Informativo Santiago de Quer\u00e9taro","og_description":"Col\u00f3n Instala Consejo Empresarial para Impulsar Desarrollo Econ\u00f3mico y Social","og_url":"https:\/\/www.nexoinformativo.mx\/index.php\/2024\/12\/10\/colon-instala-consejo-empresarial-para-impulsar-desarrollo-economico-y-social\/","og_site_name":"Nexo Informativo Santiago de Quer\u00e9taro","article_publisher":"https:\/\/www.facebook.com\/people\/Nexo-Informativo\/61564066885511\/","article_published_time":"2024-12-10T15:30:19+00:00","article_modified_time":"2024-12-10T17:36:48+00:00","og_image":[{"width":800,"height":533,"url":"https:\/\/www.nexoinformativo.mx\/wp-content\/uploads\/2024\/12\/PHOTO-2024-12-10-07-20-40-e1733852156659.jpg","type":"image\/jpeg"}],"author":"Nexo Informativo","twitter_card":"summary_large_image","twitter_misc":{"Escrito por":"Nexo Informativo","Tiempo de lectura":"2 minutos"},"schema":{"@context":"https:\/\/schema.org","@graph":[{"@type":"Article","@id":"https:\/\/www.nexoinformativo.mx\/index.php\/2024\/12\/10\/colon-instala-consejo-empresarial-para-impulsar-desarrollo-economico-y-social\/#article","isPartOf":{"@id":"https:\/\/www.nexoinformativo.mx\/index.php\/2024\/12\/10\/colon-instala-consejo-empresarial-para-impulsar-desarrollo-economico-y-social\/"},"author":{"name":"Nexo Informativo","@id":"https:\/\/www.nexoinformativo.mx\/#\/schema\/person\/7749d380ba08c8ca00d7bc76fd907b7d"},"headline":"Col\u00f3n Instala Consejo Empresarial para Impulsar Desarrollo Econ\u00f3mico y Social","datePublished":"2024-12-10T15:30:19+00:00","dateModified":"2024-12-10T17:36:48+00:00","mainEntityOfPage":{"@id":"https:\/\/www.nexoinformativo.mx\/index.php\/2024\/12\/10\/colon-instala-consejo-empresarial-para-impulsar-desarrollo-economico-y-social\/"},"wordCount":262,"commentCount":0,"publisher":{"@id":"https:\/\/www.nexoinformativo.mx\/#organization"},"image":{"@id":"https:\/\/www.nexoinformativo.mx\/index.php\/2024\/12\/10\/colon-instala-consejo-empresarial-para-impulsar-desarrollo-economico-y-social\/#primaryimage"},"thumbnailUrl":"https:\/\/www.nexoinformativo.mx\/wp-content\/uploads\/2024\/12\/PHOTO-2024-12-10-07-20-40-e1733852156659.jpg","keywords":["Col\u00f3n","ConsejoEmpresarial","DesarrolloEcon\u00f3mico","GasparTrueba"],"articleSection":["Municipios","\u00daltima Hora"],"inLanguage":"es","potentialAction":[{"@type":"CommentAction","name":"Comment","target":["https:\/\/www.nexoinformativo.mx\/index.php\/2024\/12\/10\/colon-instala-consejo-empresarial-para-impulsar-desarrollo-economico-y-social\/#respond"]}]},{"@type":"WebPage","@id":"https:\/\/www.nexoinformativo.mx\/index.php\/2024\/12\/10\/colon-instala-consejo-empresarial-para-impulsar-desarrollo-economico-y-social\/","url":"https:\/\/www.nexoinformativo.mx\/index.php\/2024\/12\/10\/colon-instala-consejo-empresarial-para-impulsar-desarrollo-economico-y-social\/","name":"Col\u00f3n Instala Consejo Empresarial para Impulsar Desarrollo Econ\u00f3mico y Social | Nexo Informativo Santiago de Quer\u00e9taro","isPartOf":{"@id":"https:\/\/www.nexoinformativo.mx\/#website"},"primaryImageOfPage":{"@id":"https:\/\/www.nexoinformativo.mx\/index.php\/2024\/12\/10\/colon-instala-consejo-empresarial-para-impulsar-desarrollo-economico-y-social\/#primaryimage"},"image":{"@id":"https:\/\/www.nexoinformativo.mx\/index.php\/2024\/12\/10\/colon-instala-consejo-empresarial-para-impulsar-desarrollo-economico-y-social\/#primaryimage"},"thumbnailUrl":"https:\/\/www.nexoinformativo.mx\/wp-content\/uploads\/2024\/12\/PHOTO-2024-12-10-07-20-40-e1733852156659.jpg","datePublished":"2024-12-10T15:30:19+00:00","dateModified":"2024-12-10T17:36:48+00:00","description":"Col\u00f3n Instala Consejo Empresarial para Impulsar Desarrollo Econ\u00f3mico y Social","breadcrumb":{"@id":"https:\/\/www.nexoinformativo.mx\/index.php\/2024\/12\/10\/colon-instala-consejo-empresarial-para-impulsar-desarrollo-economico-y-social\/#breadcrumb"},"inLanguage":"es","potentialAction":[{"@type":"ReadAction","target":["https:\/\/www.nexoinformativo.mx\/index.php\/2024\/12\/10\/colon-instala-consejo-empresarial-para-impulsar-desarrollo-economico-y-social\/"]}]},{"@type":"ImageObject","inLanguage":"es","@id":"https:\/\/www.nexoinformativo.mx\/index.php\/2024\/12\/10\/colon-instala-consejo-empresarial-para-impulsar-desarrollo-economico-y-social\/#primaryimage","url":"https:\/\/www.nexoinformativo.mx\/wp-content\/uploads\/2024\/12\/PHOTO-2024-12-10-07-20-40-e1733852156659.jpg","contentUrl":"https:\/\/www.nexoinformativo.mx\/wp-content\/uploads\/2024\/12\/PHOTO-2024-12-10-07-20-40-e1733852156659.jpg","width":800,"height":533},{"@type":"BreadcrumbList","@id":"https:\/\/www.nexoinformativo.mx\/index.php\/2024\/12\/10\/colon-instala-consejo-empresarial-para-impulsar-desarrollo-economico-y-social\/#breadcrumb","itemListElement":[{"@type":"ListItem","position":1,"name":"Inicio","item":"https:\/\/www.nexoinformativo.mx\/"},{"@type":"ListItem","position":2,"name":"Col\u00f3n Instala Consejo Empresarial para Impulsar Desarrollo Econ\u00f3mico y Social"}]},{"@type":"WebSite","@id":"https:\/\/www.nexoinformativo.mx\/#website","url":"https:\/\/www.nexoinformativo.mx\/","name":"Nexo Informativo Santiago de Quer\u00e9taro","description":"Explora NexoInformativo y convi\u00e9rtete en parte de una comunidad que valora el conocimiento y la verdad. Tu nexoinformativo es tu puente hacia una comprensi\u00f3n m\u00e1s profunda del mundo que te rodea.","publisher":{"@id":"https:\/\/www.nexoinformativo.mx\/#organization"},"potentialAction":[{"@type":"SearchAction","target":{"@type":"EntryPoint","urlTemplate":"https:\/\/www.nexoinformativo.mx\/?s={search_term_string}"},"query-input":{"@type":"PropertyValueSpecification","valueRequired":true,"valueName":"search_term_string"}}],"inLanguage":"es"},{"@type":"Organization","@id":"https:\/\/www.nexoinformativo.mx\/#organization","name":"Nexo Informativo Santiago de Quer\u00e9taro","url":"https:\/\/www.nexoinformativo.mx\/","logo":{"@type":"ImageObject","inLanguage":"es","@id":"https:\/\/www.nexoinformativo.mx\/#\/schema\/logo\/image\/","url":"https:\/\/www.nexoinformativo.mx\/wp-content\/uploads\/2024\/07\/nexoi-trasparente-2.png","contentUrl":"https:\/\/www.nexoinformativo.mx\/wp-content\/uploads\/2024\/07\/nexoi-trasparente-2.png","width":816,"height":339,"caption":"Nexo Informativo Santiago de Quer\u00e9taro"},"image":{"@id":"https:\/\/www.nexoinformativo.mx\/#\/schema\/logo\/image\/"},"sameAs":["https:\/\/www.facebook.com\/people\/Nexo-Informativo\/61564066885511\/"]},{"@type":"Person","@id":"https:\/\/www.nexoinformativo.mx\/#\/schema\/person\/7749d380ba08c8ca00d7bc76fd907b7d","name":"Nexo Informativo","image":{"@type":"ImageObject","inLanguage":"es","@id":"https:\/\/www.nexoinformativo.mx\/#\/schema\/person\/image\/","url":"https:\/\/secure.gravatar.com\/avatar\/dde2928154642a13d95f87ddf1ea9718fe2b46760a005c53e41ff5ad610704e6?s=96&d=mm&r=g","contentUrl":"https:\/\/secure.gravatar.com\/avatar\/dde2928154642a13d95f87ddf1ea9718fe2b46760a005c53e41ff5ad610704e6?s=96&d=mm&r=g","caption":"Nexo Informativo"},"url":"https:\/\/www.nexoinformativo.mx\/index.php\/author\/edicion\/"}]}},"_links":{"self":[{"href":"https:\/\/www.nexoinformativo.mx\/index.php\/wp-json\/wp\/v2\/posts\/7833","targetHints":{"allow":["GET"]}}],"collection":[{"href":"https:\/\/www.nexoinformativo.mx\/index.php\/wp-json\/wp\/v2\/posts"}],"about":[{"href":"https:\/\/www.nexoinformativo.mx\/index.php\/wp-json\/wp\/v2\/types\/post"}],"author":[{"embeddable":true,"href":"https:\/\/www.nexoinformativo.mx\/index.php\/wp-json\/wp\/v2\/users\/3"}],"replies":[{"embeddable":true,"href":"https:\/\/www.nexoinformativo.mx\/index.php\/wp-json\/wp\/v2\/comments?post=7833"}],"version-history":[{"count":3,"href":"https:\/\/www.nexoinformativo.mx\/index.php\/wp-json\/wp\/v2\/posts\/7833\/revisions"}],"predecessor-version":[{"id":7837,"href":"https:\/\/www.nexoinformativo.mx\/index.php\/wp-json\/wp\/v2\/posts\/7833\/revisions\/7837"}],"wp:featuredmedia":[{"embeddable":true,"href":"https:\/\/www.nexoinformativo.mx\/index.php\/wp-json\/wp\/v2\/media\/7834"}],"wp:attachment":[{"href":"https:\/\/www.nexoinformativo.mx\/index.php\/wp-json\/wp\/v2\/media?parent=7833"}],"wp:term":[{"taxonomy":"category","embeddable":true,"href":"https:\/\/www.nexoinformativo.mx\/index.php\/wp-json\/wp\/v2\/categories?post=7833"},{"taxonomy":"post_tag","embeddable":true,"href":"https:\/\/www.nexoinformativo.mx\/index.php\/wp-json\/wp\/v2\/tags?post=7833"}],"curies":[{"name":"wp","href":"https:\/\/api.w.org\/{rel}","templated":true}]}}