{"id":7838,"date":"2024-12-10T11:00:19","date_gmt":"2024-12-10T17:00:19","guid":{"rendered":"https:\/\/www.nexoinformativo.mx\/?p=7838"},"modified":"2024-12-10T14:18:44","modified_gmt":"2024-12-10T20:18:44","slug":"historico-convenio-fortalece-la-colaboracion-entre-uaq-y-municipio-de-queretaro","status":"publish","type":"post","link":"https:\/\/www.nexoinformativo.mx\/index.php\/2024\/12\/10\/historico-convenio-fortalece-la-colaboracion-entre-uaq-y-municipio-de-queretaro\/","title":{"rendered":"Hist\u00f3rico convenio fortalece la colaboraci\u00f3n entre UAQ y Municipio de Quer\u00e9taro"},"content":{"rendered":"<p style=\"text-align: justify;\" data-sourcepos=\"11:1-11:332\">En un hecho hist\u00f3rico para la cultura y la educaci\u00f3n en Quer\u00e9taro, el presidente municipal Felifer Mac\u00edas y la rectora de la Universidad Aut\u00f3noma de Quer\u00e9taro (UAQ), Silvia Amaya, firmaron un convenio de colaboraci\u00f3n que permitir\u00e1 fortalecer la investigaci\u00f3n art\u00edstica, la preservaci\u00f3n y la difusi\u00f3n de expresiones culturales.<\/p>\n<p>&nbsp;<\/p>\n<p style=\"text-align: justify;\" data-sourcepos=\"13:1-13:323\">Este acuerdo abre las puertas de diversos espacios culturales municipales a la comunidad universitaria, como la Cineteca Rosal\u00edo Solano, el Teatro de la Ciudad y la Galer\u00eda Municipal. Los m\u00e1s de 32 mil estudiantes de la UAQ podr\u00e1n utilizar estas instalaciones para realizar actividades acad\u00e9micas, culturales y de difusi\u00f3n.<\/p>\n<p>&nbsp;<\/p>\n<p style=\"text-align: justify;\" data-sourcepos=\"15:1-15:294\">&#8220;El Municipio de Quer\u00e9taro debe ser un aliado fundamental de la UAQ&#8221;, afirm\u00f3 Felifer Mac\u00edas. &#8220;Este convenio es un paso importante para fomentar la cultura y el arte en nuestra ciudad y para brindar a nuestros j\u00f3venes las herramientas necesarias para desarrollar su talento&#8221;.<\/p>\n<p>&nbsp;<\/p>\n<p style=\"text-align: justify;\" data-sourcepos=\"17:1-17:388\">Por su parte, la rectora Silvia Amaya Llano agradeci\u00f3 el apoyo del municipio y destac\u00f3 la importancia de esta colaboraci\u00f3n para fortalecer el v\u00ednculo entre la universidad y la comunidad. &#8220;Este convenio nos permitir\u00e1 ampliar nuestras actividades culturales y art\u00edsticas, y fomentar la participaci\u00f3n de nuestros estudiantes en proyectos que beneficien a toda la sociedad&#8221;, se\u00f1al\u00f3.<\/p>\n<p>&nbsp;<\/p>\n<p style=\"text-align: justify;\" data-sourcepos=\"19:1-19:266\">Con este convenio, tanto la UAQ como el Municipio de Quer\u00e9taro se comprometen a trabajar de manera conjunta para impulsar la cultura y el arte en la ciudad, y a brindar a los ciudadanos m\u00e1s y mejores oportunidades para disfrutar de expresiones culturales de calidad.<\/p>\n<p>&nbsp;<\/p>\n<p style=\"text-align: center;\" data-sourcepos=\"19:1-19:266\"><em><strong>\u00a1Informaci\u00f3n que transforma!<\/strong><\/em><\/p>\n","protected":false},"excerpt":{"rendered":"<p>En un hecho hist\u00f3rico para la cultura y la educaci\u00f3n en Quer\u00e9taro, el presidente municipal Felifer Mac\u00edas y la rectora de la Universidad Aut\u00f3noma de Quer\u00e9taro (UAQ), Silvia Amaya, firmaron un convenio de colaboraci\u00f3n que permitir\u00e1 fortalecer la investigaci\u00f3n art\u00edstica, la preservaci\u00f3n y la difusi\u00f3n de expresiones culturales.<\/p>\n","protected":false},"author":3,"featured_media":7839,"comment_status":"open","ping_status":"open","sticky":false,"template":"","format":"standard","meta":{"footnotes":""},"categories":[65,58],"tags":[2595,2594,417,2593],"class_list":["post-7838","post","type-post","status-publish","format-standard","has-post-thumbnail","hentry","category-municipios","category-ultima-hora","tag-arteycultura","tag-conveniodecolaboracion","tag-culturaqueretaro","tag-uaqymunicipio"],"yoast_head":"<!-- This site is optimized with the Yoast SEO plugin v25.0 - https:\/\/yoast.com\/wordpress\/plugins\/seo\/ -->\n<title>Hist\u00f3rico convenio fortalece la colaboraci\u00f3n entre UAQ y Municipio de Quer\u00e9taro | Nexo Informativo Santiago de Quer\u00e9taro<\/title>\n<meta name=\"description\" content=\"Hist\u00f3rico convenio fortalece la colaboraci\u00f3n entre UAQ y Municipio de Quer\u00e9taro\" \/>\n<meta name=\"robots\" content=\"index, follow, max-snippet:-1, max-image-preview:large, max-video-preview:-1\" \/>\n<link rel=\"canonical\" href=\"https:\/\/www.nexoinformativo.mx\/index.php\/2024\/12\/10\/historico-convenio-fortalece-la-colaboracion-entre-uaq-y-municipio-de-queretaro\/\" \/>\n<meta property=\"og:locale\" content=\"es_MX\" \/>\n<meta property=\"og:type\" content=\"article\" \/>\n<meta property=\"og:title\" content=\"Hist\u00f3rico convenio fortalece la colaboraci\u00f3n entre UAQ y Municipio de Quer\u00e9taro | Nexo Informativo Santiago de Quer\u00e9taro\" \/>\n<meta property=\"og:description\" content=\"Hist\u00f3rico convenio fortalece la colaboraci\u00f3n entre UAQ y Municipio de Quer\u00e9taro\" \/>\n<meta property=\"og:url\" content=\"https:\/\/www.nexoinformativo.mx\/index.php\/2024\/12\/10\/historico-convenio-fortalece-la-colaboracion-entre-uaq-y-municipio-de-queretaro\/\" \/>\n<meta property=\"og:site_name\" content=\"Nexo Informativo Santiago de Quer\u00e9taro\" \/>\n<meta property=\"article:publisher\" content=\"https:\/\/www.facebook.com\/people\/Nexo-Informativo\/61564066885511\/\" \/>\n<meta property=\"article:published_time\" content=\"2024-12-10T17:00:19+00:00\" \/>\n<meta property=\"article:modified_time\" content=\"2024-12-10T20:18:44+00:00\" \/>\n<meta property=\"og:image\" content=\"https:\/\/www.nexoinformativo.mx\/wp-content\/uploads\/2024\/12\/PHOTO-2024-12-10-09-54-47-e1733861872131.jpg\" \/>\n\t<meta property=\"og:image:width\" content=\"800\" \/>\n\t<meta property=\"og:image:height\" content=\"533\" \/>\n\t<meta property=\"og:image:type\" content=\"image\/jpeg\" \/>\n<meta name=\"author\" content=\"Nexo Informativo\" \/>\n<meta name=\"twitter:card\" content=\"summary_large_image\" \/>\n<meta name=\"twitter:label1\" content=\"Escrito por\" \/>\n\t<meta name=\"twitter:data1\" content=\"Nexo Informativo\" \/>\n\t<meta name=\"twitter:label2\" content=\"Tiempo de lectura\" \/>\n\t<meta name=\"twitter:data2\" content=\"2 minutos\" \/>\n<script type=\"application\/ld+json\" class=\"yoast-schema-graph\">{\"@context\":\"https:\/\/schema.org\",\"@graph\":[{\"@type\":\"Article\",\"@id\":\"https:\/\/www.nexoinformativo.mx\/index.php\/2024\/12\/10\/historico-convenio-fortalece-la-colaboracion-entre-uaq-y-municipio-de-queretaro\/#article\",\"isPartOf\":{\"@id\":\"https:\/\/www.nexoinformativo.mx\/index.php\/2024\/12\/10\/historico-convenio-fortalece-la-colaboracion-entre-uaq-y-municipio-de-queretaro\/\"},\"author\":{\"name\":\"Nexo Informativo\",\"@id\":\"https:\/\/www.nexoinformativo.mx\/#\/schema\/person\/7749d380ba08c8ca00d7bc76fd907b7d\"},\"headline\":\"Hist\u00f3rico convenio fortalece la colaboraci\u00f3n entre UAQ y Municipio de Quer\u00e9taro\",\"datePublished\":\"2024-12-10T17:00:19+00:00\",\"dateModified\":\"2024-12-10T20:18:44+00:00\",\"mainEntityOfPage\":{\"@id\":\"https:\/\/www.nexoinformativo.mx\/index.php\/2024\/12\/10\/historico-convenio-fortalece-la-colaboracion-entre-uaq-y-municipio-de-queretaro\/\"},\"wordCount\":291,\"commentCount\":0,\"publisher\":{\"@id\":\"https:\/\/www.nexoinformativo.mx\/#organization\"},\"image\":{\"@id\":\"https:\/\/www.nexoinformativo.mx\/index.php\/2024\/12\/10\/historico-convenio-fortalece-la-colaboracion-entre-uaq-y-municipio-de-queretaro\/#primaryimage\"},\"thumbnailUrl\":\"https:\/\/www.nexoinformativo.mx\/wp-content\/uploads\/2024\/12\/PHOTO-2024-12-10-09-54-47-e1733861872131.jpg\",\"keywords\":[\"ArteYCultura\",\"ConvenioDeColaboraci\u00f3n\",\"CulturaQuer\u00e9taro\",\"UAQyMunicipio\"],\"articleSection\":[\"Municipios\",\"\u00daltima Hora\"],\"inLanguage\":\"es\",\"potentialAction\":[{\"@type\":\"CommentAction\",\"name\":\"Comment\",\"target\":[\"https:\/\/www.nexoinformativo.mx\/index.php\/2024\/12\/10\/historico-convenio-fortalece-la-colaboracion-entre-uaq-y-municipio-de-queretaro\/#respond\"]}]},{\"@type\":\"WebPage\",\"@id\":\"https:\/\/www.nexoinformativo.mx\/index.php\/2024\/12\/10\/historico-convenio-fortalece-la-colaboracion-entre-uaq-y-municipio-de-queretaro\/\",\"url\":\"https:\/\/www.nexoinformativo.mx\/index.php\/2024\/12\/10\/historico-convenio-fortalece-la-colaboracion-entre-uaq-y-municipio-de-queretaro\/\",\"name\":\"Hist\u00f3rico convenio fortalece la colaboraci\u00f3n entre UAQ y Municipio de Quer\u00e9taro | Nexo Informativo Santiago de Quer\u00e9taro\",\"isPartOf\":{\"@id\":\"https:\/\/www.nexoinformativo.mx\/#website\"},\"primaryImageOfPage\":{\"@id\":\"https:\/\/www.nexoinformativo.mx\/index.php\/2024\/12\/10\/historico-convenio-fortalece-la-colaboracion-entre-uaq-y-municipio-de-queretaro\/#primaryimage\"},\"image\":{\"@id\":\"https:\/\/www.nexoinformativo.mx\/index.php\/2024\/12\/10\/historico-convenio-fortalece-la-colaboracion-entre-uaq-y-municipio-de-queretaro\/#primaryimage\"},\"thumbnailUrl\":\"https:\/\/www.nexoinformativo.mx\/wp-content\/uploads\/2024\/12\/PHOTO-2024-12-10-09-54-47-e1733861872131.jpg\",\"datePublished\":\"2024-12-10T17:00:19+00:00\",\"dateModified\":\"2024-12-10T20:18:44+00:00\",\"description\":\"Hist\u00f3rico convenio fortalece la colaboraci\u00f3n entre UAQ y Municipio de Quer\u00e9taro\",\"breadcrumb\":{\"@id\":\"https:\/\/www.nexoinformativo.mx\/index.php\/2024\/12\/10\/historico-convenio-fortalece-la-colaboracion-entre-uaq-y-municipio-de-queretaro\/#breadcrumb\"},\"inLanguage\":\"es\",\"potentialAction\":[{\"@type\":\"ReadAction\",\"target\":[\"https:\/\/www.nexoinformativo.mx\/index.php\/2024\/12\/10\/historico-convenio-fortalece-la-colaboracion-entre-uaq-y-municipio-de-queretaro\/\"]}]},{\"@type\":\"ImageObject\",\"inLanguage\":\"es\",\"@id\":\"https:\/\/www.nexoinformativo.mx\/index.php\/2024\/12\/10\/historico-convenio-fortalece-la-colaboracion-entre-uaq-y-municipio-de-queretaro\/#primaryimage\",\"url\":\"https:\/\/www.nexoinformativo.mx\/wp-content\/uploads\/2024\/12\/PHOTO-2024-12-10-09-54-47-e1733861872131.jpg\",\"contentUrl\":\"https:\/\/www.nexoinformativo.mx\/wp-content\/uploads\/2024\/12\/PHOTO-2024-12-10-09-54-47-e1733861872131.jpg\",\"width\":800,\"height\":533},{\"@type\":\"BreadcrumbList\",\"@id\":\"https:\/\/www.nexoinformativo.mx\/index.php\/2024\/12\/10\/historico-convenio-fortalece-la-colaboracion-entre-uaq-y-municipio-de-queretaro\/#breadcrumb\",\"itemListElement\":[{\"@type\":\"ListItem\",\"position\":1,\"name\":\"Inicio\",\"item\":\"https:\/\/www.nexoinformativo.mx\/\"},{\"@type\":\"ListItem\",\"position\":2,\"name\":\"Hist\u00f3rico convenio fortalece la colaboraci\u00f3n entre UAQ y Municipio de Quer\u00e9taro\"}]},{\"@type\":\"WebSite\",\"@id\":\"https:\/\/www.nexoinformativo.mx\/#website\",\"url\":\"https:\/\/www.nexoinformativo.mx\/\",\"name\":\"Nexo Informativo Santiago de Quer\u00e9taro\",\"description\":\"Explora NexoInformativo y convi\u00e9rtete en parte de una comunidad que valora el conocimiento y la verdad. Tu nexoinformativo es tu puente hacia una comprensi\u00f3n m\u00e1s profunda del mundo que te rodea.\",\"publisher\":{\"@id\":\"https:\/\/www.nexoinformativo.mx\/#organization\"},\"potentialAction\":[{\"@type\":\"SearchAction\",\"target\":{\"@type\":\"EntryPoint\",\"urlTemplate\":\"https:\/\/www.nexoinformativo.mx\/?s={search_term_string}\"},\"query-input\":{\"@type\":\"PropertyValueSpecification\",\"valueRequired\":true,\"valueName\":\"search_term_string\"}}],\"inLanguage\":\"es\"},{\"@type\":\"Organization\",\"@id\":\"https:\/\/www.nexoinformativo.mx\/#organization\",\"name\":\"Nexo Informativo Santiago de Quer\u00e9taro\",\"url\":\"https:\/\/www.nexoinformativo.mx\/\",\"logo\":{\"@type\":\"ImageObject\",\"inLanguage\":\"es\",\"@id\":\"https:\/\/www.nexoinformativo.mx\/#\/schema\/logo\/image\/\",\"url\":\"https:\/\/www.nexoinformativo.mx\/wp-content\/uploads\/2024\/07\/nexoi-trasparente-2.png\",\"contentUrl\":\"https:\/\/www.nexoinformativo.mx\/wp-content\/uploads\/2024\/07\/nexoi-trasparente-2.png\",\"width\":816,\"height\":339,\"caption\":\"Nexo Informativo Santiago de Quer\u00e9taro\"},\"image\":{\"@id\":\"https:\/\/www.nexoinformativo.mx\/#\/schema\/logo\/image\/\"},\"sameAs\":[\"https:\/\/www.facebook.com\/people\/Nexo-Informativo\/61564066885511\/\"]},{\"@type\":\"Person\",\"@id\":\"https:\/\/www.nexoinformativo.mx\/#\/schema\/person\/7749d380ba08c8ca00d7bc76fd907b7d\",\"name\":\"Nexo Informativo\",\"image\":{\"@type\":\"ImageObject\",\"inLanguage\":\"es\",\"@id\":\"https:\/\/www.nexoinformativo.mx\/#\/schema\/person\/image\/\",\"url\":\"https:\/\/secure.gravatar.com\/avatar\/dde2928154642a13d95f87ddf1ea9718fe2b46760a005c53e41ff5ad610704e6?s=96&d=mm&r=g\",\"contentUrl\":\"https:\/\/secure.gravatar.com\/avatar\/dde2928154642a13d95f87ddf1ea9718fe2b46760a005c53e41ff5ad610704e6?s=96&d=mm&r=g\",\"caption\":\"Nexo Informativo\"},\"url\":\"https:\/\/www.nexoinformativo.mx\/index.php\/author\/edicion\/\"}]}<\/script>\n<!-- \/ Yoast SEO plugin. -->","yoast_head_json":{"title":"Hist\u00f3rico convenio fortalece la colaboraci\u00f3n entre UAQ y Municipio de Quer\u00e9taro | Nexo Informativo Santiago de Quer\u00e9taro","description":"Hist\u00f3rico convenio fortalece la colaboraci\u00f3n entre UAQ y Municipio de Quer\u00e9taro","robots":{"index":"index","follow":"follow","max-snippet":"max-snippet:-1","max-image-preview":"max-image-preview:large","max-video-preview":"max-video-preview:-1"},"canonical":"https:\/\/www.nexoinformativo.mx\/index.php\/2024\/12\/10\/historico-convenio-fortalece-la-colaboracion-entre-uaq-y-municipio-de-queretaro\/","og_locale":"es_MX","og_type":"article","og_title":"Hist\u00f3rico convenio fortalece la colaboraci\u00f3n entre UAQ y Municipio de Quer\u00e9taro | Nexo Informativo Santiago de Quer\u00e9taro","og_description":"Hist\u00f3rico convenio fortalece la colaboraci\u00f3n entre UAQ y Municipio de Quer\u00e9taro","og_url":"https:\/\/www.nexoinformativo.mx\/index.php\/2024\/12\/10\/historico-convenio-fortalece-la-colaboracion-entre-uaq-y-municipio-de-queretaro\/","og_site_name":"Nexo Informativo Santiago de Quer\u00e9taro","article_publisher":"https:\/\/www.facebook.com\/people\/Nexo-Informativo\/61564066885511\/","article_published_time":"2024-12-10T17:00:19+00:00","article_modified_time":"2024-12-10T20:18:44+00:00","og_image":[{"width":800,"height":533,"url":"https:\/\/www.nexoinformativo.mx\/wp-content\/uploads\/2024\/12\/PHOTO-2024-12-10-09-54-47-e1733861872131.jpg","type":"image\/jpeg"}],"author":"Nexo Informativo","twitter_card":"summary_large_image","twitter_misc":{"Escrito por":"Nexo Informativo","Tiempo de lectura":"2 minutos"},"schema":{"@context":"https:\/\/schema.org","@graph":[{"@type":"Article","@id":"https:\/\/www.nexoinformativo.mx\/index.php\/2024\/12\/10\/historico-convenio-fortalece-la-colaboracion-entre-uaq-y-municipio-de-queretaro\/#article","isPartOf":{"@id":"https:\/\/www.nexoinformativo.mx\/index.php\/2024\/12\/10\/historico-convenio-fortalece-la-colaboracion-entre-uaq-y-municipio-de-queretaro\/"},"author":{"name":"Nexo Informativo","@id":"https:\/\/www.nexoinformativo.mx\/#\/schema\/person\/7749d380ba08c8ca00d7bc76fd907b7d"},"headline":"Hist\u00f3rico convenio fortalece la colaboraci\u00f3n entre UAQ y Municipio de Quer\u00e9taro","datePublished":"2024-12-10T17:00:19+00:00","dateModified":"2024-12-10T20:18:44+00:00","mainEntityOfPage":{"@id":"https:\/\/www.nexoinformativo.mx\/index.php\/2024\/12\/10\/historico-convenio-fortalece-la-colaboracion-entre-uaq-y-municipio-de-queretaro\/"},"wordCount":291,"commentCount":0,"publisher":{"@id":"https:\/\/www.nexoinformativo.mx\/#organization"},"image":{"@id":"https:\/\/www.nexoinformativo.mx\/index.php\/2024\/12\/10\/historico-convenio-fortalece-la-colaboracion-entre-uaq-y-municipio-de-queretaro\/#primaryimage"},"thumbnailUrl":"https:\/\/www.nexoinformativo.mx\/wp-content\/uploads\/2024\/12\/PHOTO-2024-12-10-09-54-47-e1733861872131.jpg","keywords":["ArteYCultura","ConvenioDeColaboraci\u00f3n","CulturaQuer\u00e9taro","UAQyMunicipio"],"articleSection":["Municipios","\u00daltima Hora"],"inLanguage":"es","potentialAction":[{"@type":"CommentAction","name":"Comment","target":["https:\/\/www.nexoinformativo.mx\/index.php\/2024\/12\/10\/historico-convenio-fortalece-la-colaboracion-entre-uaq-y-municipio-de-queretaro\/#respond"]}]},{"@type":"WebPage","@id":"https:\/\/www.nexoinformativo.mx\/index.php\/2024\/12\/10\/historico-convenio-fortalece-la-colaboracion-entre-uaq-y-municipio-de-queretaro\/","url":"https:\/\/www.nexoinformativo.mx\/index.php\/2024\/12\/10\/historico-convenio-fortalece-la-colaboracion-entre-uaq-y-municipio-de-queretaro\/","name":"Hist\u00f3rico convenio fortalece la colaboraci\u00f3n entre UAQ y Municipio de Quer\u00e9taro | Nexo Informativo Santiago de Quer\u00e9taro","isPartOf":{"@id":"https:\/\/www.nexoinformativo.mx\/#website"},"primaryImageOfPage":{"@id":"https:\/\/www.nexoinformativo.mx\/index.php\/2024\/12\/10\/historico-convenio-fortalece-la-colaboracion-entre-uaq-y-municipio-de-queretaro\/#primaryimage"},"image":{"@id":"https:\/\/www.nexoinformativo.mx\/index.php\/2024\/12\/10\/historico-convenio-fortalece-la-colaboracion-entre-uaq-y-municipio-de-queretaro\/#primaryimage"},"thumbnailUrl":"https:\/\/www.nexoinformativo.mx\/wp-content\/uploads\/2024\/12\/PHOTO-2024-12-10-09-54-47-e1733861872131.jpg","datePublished":"2024-12-10T17:00:19+00:00","dateModified":"2024-12-10T20:18:44+00:00","description":"Hist\u00f3rico convenio fortalece la colaboraci\u00f3n entre UAQ y Municipio de Quer\u00e9taro","breadcrumb":{"@id":"https:\/\/www.nexoinformativo.mx\/index.php\/2024\/12\/10\/historico-convenio-fortalece-la-colaboracion-entre-uaq-y-municipio-de-queretaro\/#breadcrumb"},"inLanguage":"es","potentialAction":[{"@type":"ReadAction","target":["https:\/\/www.nexoinformativo.mx\/index.php\/2024\/12\/10\/historico-convenio-fortalece-la-colaboracion-entre-uaq-y-municipio-de-queretaro\/"]}]},{"@type":"ImageObject","inLanguage":"es","@id":"https:\/\/www.nexoinformativo.mx\/index.php\/2024\/12\/10\/historico-convenio-fortalece-la-colaboracion-entre-uaq-y-municipio-de-queretaro\/#primaryimage","url":"https:\/\/www.nexoinformativo.mx\/wp-content\/uploads\/2024\/12\/PHOTO-2024-12-10-09-54-47-e1733861872131.jpg","contentUrl":"https:\/\/www.nexoinformativo.mx\/wp-content\/uploads\/2024\/12\/PHOTO-2024-12-10-09-54-47-e1733861872131.jpg","width":800,"height":533},{"@type":"BreadcrumbList","@id":"https:\/\/www.nexoinformativo.mx\/index.php\/2024\/12\/10\/historico-convenio-fortalece-la-colaboracion-entre-uaq-y-municipio-de-queretaro\/#breadcrumb","itemListElement":[{"@type":"ListItem","position":1,"name":"Inicio","item":"https:\/\/www.nexoinformativo.mx\/"},{"@type":"ListItem","position":2,"name":"Hist\u00f3rico convenio fortalece la colaboraci\u00f3n entre UAQ y Municipio de Quer\u00e9taro"}]},{"@type":"WebSite","@id":"https:\/\/www.nexoinformativo.mx\/#website","url":"https:\/\/www.nexoinformativo.mx\/","name":"Nexo Informativo Santiago de Quer\u00e9taro","description":"Explora NexoInformativo y convi\u00e9rtete en parte de una comunidad que valora el conocimiento y la verdad. Tu nexoinformativo es tu puente hacia una comprensi\u00f3n m\u00e1s profunda del mundo que te rodea.","publisher":{"@id":"https:\/\/www.nexoinformativo.mx\/#organization"},"potentialAction":[{"@type":"SearchAction","target":{"@type":"EntryPoint","urlTemplate":"https:\/\/www.nexoinformativo.mx\/?s={search_term_string}"},"query-input":{"@type":"PropertyValueSpecification","valueRequired":true,"valueName":"search_term_string"}}],"inLanguage":"es"},{"@type":"Organization","@id":"https:\/\/www.nexoinformativo.mx\/#organization","name":"Nexo Informativo Santiago de Quer\u00e9taro","url":"https:\/\/www.nexoinformativo.mx\/","logo":{"@type":"ImageObject","inLanguage":"es","@id":"https:\/\/www.nexoinformativo.mx\/#\/schema\/logo\/image\/","url":"https:\/\/www.nexoinformativo.mx\/wp-content\/uploads\/2024\/07\/nexoi-trasparente-2.png","contentUrl":"https:\/\/www.nexoinformativo.mx\/wp-content\/uploads\/2024\/07\/nexoi-trasparente-2.png","width":816,"height":339,"caption":"Nexo Informativo Santiago de Quer\u00e9taro"},"image":{"@id":"https:\/\/www.nexoinformativo.mx\/#\/schema\/logo\/image\/"},"sameAs":["https:\/\/www.facebook.com\/people\/Nexo-Informativo\/61564066885511\/"]},{"@type":"Person","@id":"https:\/\/www.nexoinformativo.mx\/#\/schema\/person\/7749d380ba08c8ca00d7bc76fd907b7d","name":"Nexo Informativo","image":{"@type":"ImageObject","inLanguage":"es","@id":"https:\/\/www.nexoinformativo.mx\/#\/schema\/person\/image\/","url":"https:\/\/secure.gravatar.com\/avatar\/dde2928154642a13d95f87ddf1ea9718fe2b46760a005c53e41ff5ad610704e6?s=96&d=mm&r=g","contentUrl":"https:\/\/secure.gravatar.com\/avatar\/dde2928154642a13d95f87ddf1ea9718fe2b46760a005c53e41ff5ad610704e6?s=96&d=mm&r=g","caption":"Nexo Informativo"},"url":"https:\/\/www.nexoinformativo.mx\/index.php\/author\/edicion\/"}]}},"_links":{"self":[{"href":"https:\/\/www.nexoinformativo.mx\/index.php\/wp-json\/wp\/v2\/posts\/7838","targetHints":{"allow":["GET"]}}],"collection":[{"href":"https:\/\/www.nexoinformativo.mx\/index.php\/wp-json\/wp\/v2\/posts"}],"about":[{"href":"https:\/\/www.nexoinformativo.mx\/index.php\/wp-json\/wp\/v2\/types\/post"}],"author":[{"embeddable":true,"href":"https:\/\/www.nexoinformativo.mx\/index.php\/wp-json\/wp\/v2\/users\/3"}],"replies":[{"embeddable":true,"href":"https:\/\/www.nexoinformativo.mx\/index.php\/wp-json\/wp\/v2\/comments?post=7838"}],"version-history":[{"count":3,"href":"https:\/\/www.nexoinformativo.mx\/index.php\/wp-json\/wp\/v2\/posts\/7838\/revisions"}],"predecessor-version":[{"id":7842,"href":"https:\/\/www.nexoinformativo.mx\/index.php\/wp-json\/wp\/v2\/posts\/7838\/revisions\/7842"}],"wp:featuredmedia":[{"embeddable":true,"href":"https:\/\/www.nexoinformativo.mx\/index.php\/wp-json\/wp\/v2\/media\/7839"}],"wp:attachment":[{"href":"https:\/\/www.nexoinformativo.mx\/index.php\/wp-json\/wp\/v2\/media?parent=7838"}],"wp:term":[{"taxonomy":"category","embeddable":true,"href":"https:\/\/www.nexoinformativo.mx\/index.php\/wp-json\/wp\/v2\/categories?post=7838"},{"taxonomy":"post_tag","embeddable":true,"href":"https:\/\/www.nexoinformativo.mx\/index.php\/wp-json\/wp\/v2\/tags?post=7838"}],"curies":[{"name":"wp","href":"https:\/\/api.w.org\/{rel}","templated":true}]}}