{"id":7849,"date":"2024-12-10T12:00:40","date_gmt":"2024-12-10T18:00:40","guid":{"rendered":"https:\/\/www.nexoinformativo.mx\/?p=7849"},"modified":"2024-12-10T14:27:48","modified_gmt":"2024-12-10T20:27:48","slug":"queretaro-busca-alternativas-para-garantizar-el-agua-proyecto-el-batan-en-pausa","status":"publish","type":"post","link":"https:\/\/www.nexoinformativo.mx\/index.php\/2024\/12\/10\/queretaro-busca-alternativas-para-garantizar-el-agua-proyecto-el-batan-en-pausa\/","title":{"rendered":"Quer\u00e9taro busca alternativas para garantizar el agua: proyecto El Bat\u00e1n en pausa"},"content":{"rendered":"<p style=\"text-align: justify;\" data-sourcepos=\"11:1-11:281\">El proyecto h\u00eddrico <strong>&#8220;El Bat\u00e1n, Agua para Todos&#8221;<\/strong> en Quer\u00e9taro enfrenta un rev\u00e9s. La Comisi\u00f3n Estatal de Aguas (CEA) inform\u00f3 que el Gobierno Federal no incluy\u00f3 recursos para este proyecto en su presupuesto para 2025, lo que pone en pausa la siguiente etapa de construcci\u00f3n.<\/p>\n<p>&nbsp;<\/p>\n<p style=\"text-align: justify;\" data-sourcepos=\"13:1-13:297\">A pesar de que el proyecto cuenta con todos los permisos y aprobaciones federales, la falta de financiamiento federal obligar\u00e1 al Gobierno del Estado a buscar nuevas fuentes para continuar con las obras. Se estima que para la siguiente etapa se requerir\u00e1n alrededor de 2 mil 500 mdp.<\/p>\n<p>&nbsp;<\/p>\n<p style=\"text-align: justify;\" data-sourcepos=\"15:1-15:238\"><strong>&#8220;El hecho de que no haya recursos en 2025 no significa que el proyecto est\u00e9 cancelado&#8221;<\/strong>, asegur\u00f3 Luis Alberto Vega Ricoy, vocal ejecutivo de la CEA. &#8220;Seguiremos buscando los recursos necesarios para concluirlo en 2027&#8221;.<\/p>\n<p>&nbsp;<\/p>\n<p style=\"text-align: justify;\" data-sourcepos=\"17:1-17:243\">El proyecto El Bat\u00e1n busca garantizar el suministro de agua potable en la entidad a trav\u00e9s de la reutilizaci\u00f3n del agua pluvial. La primera etapa del proyecto, que ya se encuentra en un 40% de avance, ha sido financiada con recursos estatales.<\/p>\n<p>&nbsp;<\/p>\n<p style=\"text-align: justify;\" data-sourcepos=\"19:1-19:211\"><strong>&#8220;Estamos evaluando todas las opciones para financiar la siguiente etapa&#8221;<\/strong>, afirm\u00f3 Vega Ricoy. &#8220;Es fundamental para el futuro de Quer\u00e9taro contar con un suministro de agua seguro y sostenible&#8221;.<\/p>\n<p>&nbsp;<\/p>\n<p style=\"text-align: center;\" data-sourcepos=\"19:1-19:211\"><em><strong>\u00a1Informaci\u00f3n que transforma!<\/strong><\/em><\/p>\n","protected":false},"excerpt":{"rendered":"<p>El proyecto h\u00eddrico &#8220;El Bat\u00e1n, Agua para Todos&#8221; en Quer\u00e9taro enfrenta un rev\u00e9s. La Comisi\u00f3n Estatal de Aguas (CEA) inform\u00f3 que el Gobierno Federal no incluy\u00f3 recursos para este proyecto en su presupuesto para 2025, lo que pone en pausa la siguiente etapa de construcci\u00f3n.<\/p>\n","protected":false},"author":3,"featured_media":7850,"comment_status":"open","ping_status":"open","sticky":false,"template":"","format":"standard","meta":{"footnotes":""},"categories":[42,58],"tags":[1387,1291,133,2597],"class_list":["post-7849","post","type-post","status-publish","format-standard","has-post-thumbnail","hentry","category-estado","category-ultima-hora","tag-agua","tag-elbatan","tag-queretaro","tag-sequia"],"yoast_head":"<!-- This site is optimized with the Yoast SEO plugin v25.0 - https:\/\/yoast.com\/wordpress\/plugins\/seo\/ -->\n<title>Quer\u00e9taro busca alternativas para garantizar el agua: proyecto El Bat\u00e1n en pausa | Nexo Informativo Santiago de Quer\u00e9taro<\/title>\n<meta name=\"description\" content=\"Quer\u00e9taro busca alternativas para garantizar el agua: proyecto El Bat\u00e1n en pausa\" \/>\n<meta name=\"robots\" content=\"index, follow, max-snippet:-1, max-image-preview:large, max-video-preview:-1\" \/>\n<link rel=\"canonical\" href=\"https:\/\/www.nexoinformativo.mx\/index.php\/2024\/12\/10\/queretaro-busca-alternativas-para-garantizar-el-agua-proyecto-el-batan-en-pausa\/\" \/>\n<meta property=\"og:locale\" content=\"es_MX\" \/>\n<meta property=\"og:type\" content=\"article\" \/>\n<meta property=\"og:title\" content=\"Quer\u00e9taro busca alternativas para garantizar el agua: proyecto El Bat\u00e1n en pausa | Nexo Informativo Santiago de Quer\u00e9taro\" \/>\n<meta property=\"og:description\" content=\"Quer\u00e9taro busca alternativas para garantizar el agua: proyecto El Bat\u00e1n en pausa\" \/>\n<meta property=\"og:url\" content=\"https:\/\/www.nexoinformativo.mx\/index.php\/2024\/12\/10\/queretaro-busca-alternativas-para-garantizar-el-agua-proyecto-el-batan-en-pausa\/\" \/>\n<meta property=\"og:site_name\" content=\"Nexo Informativo Santiago de Quer\u00e9taro\" \/>\n<meta property=\"article:publisher\" content=\"https:\/\/www.facebook.com\/people\/Nexo-Informativo\/61564066885511\/\" \/>\n<meta property=\"article:published_time\" content=\"2024-12-10T18:00:40+00:00\" \/>\n<meta property=\"article:modified_time\" content=\"2024-12-10T20:27:48+00:00\" \/>\n<meta property=\"og:image\" content=\"https:\/\/www.nexoinformativo.mx\/wp-content\/uploads\/2024\/12\/PHOTO-2024-12-10-11-12-01-e1733862418403.jpg\" \/>\n\t<meta property=\"og:image:width\" content=\"800\" \/>\n\t<meta property=\"og:image:height\" content=\"600\" \/>\n\t<meta property=\"og:image:type\" content=\"image\/jpeg\" \/>\n<meta name=\"author\" content=\"Nexo Informativo\" \/>\n<meta name=\"twitter:card\" content=\"summary_large_image\" \/>\n<meta name=\"twitter:label1\" content=\"Escrito por\" \/>\n\t<meta name=\"twitter:data1\" content=\"Nexo Informativo\" \/>\n\t<meta name=\"twitter:label2\" content=\"Tiempo de lectura\" \/>\n\t<meta name=\"twitter:data2\" content=\"2 minutos\" \/>\n<script type=\"application\/ld+json\" class=\"yoast-schema-graph\">{\"@context\":\"https:\/\/schema.org\",\"@graph\":[{\"@type\":\"Article\",\"@id\":\"https:\/\/www.nexoinformativo.mx\/index.php\/2024\/12\/10\/queretaro-busca-alternativas-para-garantizar-el-agua-proyecto-el-batan-en-pausa\/#article\",\"isPartOf\":{\"@id\":\"https:\/\/www.nexoinformativo.mx\/index.php\/2024\/12\/10\/queretaro-busca-alternativas-para-garantizar-el-agua-proyecto-el-batan-en-pausa\/\"},\"author\":{\"name\":\"Nexo Informativo\",\"@id\":\"https:\/\/www.nexoinformativo.mx\/#\/schema\/person\/7749d380ba08c8ca00d7bc76fd907b7d\"},\"headline\":\"Quer\u00e9taro busca alternativas para garantizar el agua: proyecto El Bat\u00e1n en pausa\",\"datePublished\":\"2024-12-10T18:00:40+00:00\",\"dateModified\":\"2024-12-10T20:27:48+00:00\",\"mainEntityOfPage\":{\"@id\":\"https:\/\/www.nexoinformativo.mx\/index.php\/2024\/12\/10\/queretaro-busca-alternativas-para-garantizar-el-agua-proyecto-el-batan-en-pausa\/\"},\"wordCount\":227,\"commentCount\":0,\"publisher\":{\"@id\":\"https:\/\/www.nexoinformativo.mx\/#organization\"},\"image\":{\"@id\":\"https:\/\/www.nexoinformativo.mx\/index.php\/2024\/12\/10\/queretaro-busca-alternativas-para-garantizar-el-agua-proyecto-el-batan-en-pausa\/#primaryimage\"},\"thumbnailUrl\":\"https:\/\/www.nexoinformativo.mx\/wp-content\/uploads\/2024\/12\/PHOTO-2024-12-10-11-12-01-e1733862418403.jpg\",\"keywords\":[\"agua\",\"ElBat\u00e1n\",\"Quer\u00e9taro\",\"Sequ\u00eda\"],\"articleSection\":[\"Estado\",\"\u00daltima Hora\"],\"inLanguage\":\"es\",\"potentialAction\":[{\"@type\":\"CommentAction\",\"name\":\"Comment\",\"target\":[\"https:\/\/www.nexoinformativo.mx\/index.php\/2024\/12\/10\/queretaro-busca-alternativas-para-garantizar-el-agua-proyecto-el-batan-en-pausa\/#respond\"]}]},{\"@type\":\"WebPage\",\"@id\":\"https:\/\/www.nexoinformativo.mx\/index.php\/2024\/12\/10\/queretaro-busca-alternativas-para-garantizar-el-agua-proyecto-el-batan-en-pausa\/\",\"url\":\"https:\/\/www.nexoinformativo.mx\/index.php\/2024\/12\/10\/queretaro-busca-alternativas-para-garantizar-el-agua-proyecto-el-batan-en-pausa\/\",\"name\":\"Quer\u00e9taro busca alternativas para garantizar el agua: proyecto El Bat\u00e1n en pausa | Nexo Informativo Santiago de Quer\u00e9taro\",\"isPartOf\":{\"@id\":\"https:\/\/www.nexoinformativo.mx\/#website\"},\"primaryImageOfPage\":{\"@id\":\"https:\/\/www.nexoinformativo.mx\/index.php\/2024\/12\/10\/queretaro-busca-alternativas-para-garantizar-el-agua-proyecto-el-batan-en-pausa\/#primaryimage\"},\"image\":{\"@id\":\"https:\/\/www.nexoinformativo.mx\/index.php\/2024\/12\/10\/queretaro-busca-alternativas-para-garantizar-el-agua-proyecto-el-batan-en-pausa\/#primaryimage\"},\"thumbnailUrl\":\"https:\/\/www.nexoinformativo.mx\/wp-content\/uploads\/2024\/12\/PHOTO-2024-12-10-11-12-01-e1733862418403.jpg\",\"datePublished\":\"2024-12-10T18:00:40+00:00\",\"dateModified\":\"2024-12-10T20:27:48+00:00\",\"description\":\"Quer\u00e9taro busca alternativas para garantizar el agua: proyecto El Bat\u00e1n en pausa\",\"breadcrumb\":{\"@id\":\"https:\/\/www.nexoinformativo.mx\/index.php\/2024\/12\/10\/queretaro-busca-alternativas-para-garantizar-el-agua-proyecto-el-batan-en-pausa\/#breadcrumb\"},\"inLanguage\":\"es\",\"potentialAction\":[{\"@type\":\"ReadAction\",\"target\":[\"https:\/\/www.nexoinformativo.mx\/index.php\/2024\/12\/10\/queretaro-busca-alternativas-para-garantizar-el-agua-proyecto-el-batan-en-pausa\/\"]}]},{\"@type\":\"ImageObject\",\"inLanguage\":\"es\",\"@id\":\"https:\/\/www.nexoinformativo.mx\/index.php\/2024\/12\/10\/queretaro-busca-alternativas-para-garantizar-el-agua-proyecto-el-batan-en-pausa\/#primaryimage\",\"url\":\"https:\/\/www.nexoinformativo.mx\/wp-content\/uploads\/2024\/12\/PHOTO-2024-12-10-11-12-01-e1733862418403.jpg\",\"contentUrl\":\"https:\/\/www.nexoinformativo.mx\/wp-content\/uploads\/2024\/12\/PHOTO-2024-12-10-11-12-01-e1733862418403.jpg\",\"width\":800,\"height\":600},{\"@type\":\"BreadcrumbList\",\"@id\":\"https:\/\/www.nexoinformativo.mx\/index.php\/2024\/12\/10\/queretaro-busca-alternativas-para-garantizar-el-agua-proyecto-el-batan-en-pausa\/#breadcrumb\",\"itemListElement\":[{\"@type\":\"ListItem\",\"position\":1,\"name\":\"Inicio\",\"item\":\"https:\/\/www.nexoinformativo.mx\/\"},{\"@type\":\"ListItem\",\"position\":2,\"name\":\"Quer\u00e9taro busca alternativas para garantizar el agua: proyecto El Bat\u00e1n en pausa\"}]},{\"@type\":\"WebSite\",\"@id\":\"https:\/\/www.nexoinformativo.mx\/#website\",\"url\":\"https:\/\/www.nexoinformativo.mx\/\",\"name\":\"Nexo Informativo Santiago de Quer\u00e9taro\",\"description\":\"Explora NexoInformativo y convi\u00e9rtete en parte de una comunidad que valora el conocimiento y la verdad. Tu nexoinformativo es tu puente hacia una comprensi\u00f3n m\u00e1s profunda del mundo que te rodea.\",\"publisher\":{\"@id\":\"https:\/\/www.nexoinformativo.mx\/#organization\"},\"potentialAction\":[{\"@type\":\"SearchAction\",\"target\":{\"@type\":\"EntryPoint\",\"urlTemplate\":\"https:\/\/www.nexoinformativo.mx\/?s={search_term_string}\"},\"query-input\":{\"@type\":\"PropertyValueSpecification\",\"valueRequired\":true,\"valueName\":\"search_term_string\"}}],\"inLanguage\":\"es\"},{\"@type\":\"Organization\",\"@id\":\"https:\/\/www.nexoinformativo.mx\/#organization\",\"name\":\"Nexo Informativo Santiago de Quer\u00e9taro\",\"url\":\"https:\/\/www.nexoinformativo.mx\/\",\"logo\":{\"@type\":\"ImageObject\",\"inLanguage\":\"es\",\"@id\":\"https:\/\/www.nexoinformativo.mx\/#\/schema\/logo\/image\/\",\"url\":\"https:\/\/www.nexoinformativo.mx\/wp-content\/uploads\/2024\/07\/nexoi-trasparente-2.png\",\"contentUrl\":\"https:\/\/www.nexoinformativo.mx\/wp-content\/uploads\/2024\/07\/nexoi-trasparente-2.png\",\"width\":816,\"height\":339,\"caption\":\"Nexo Informativo Santiago de Quer\u00e9taro\"},\"image\":{\"@id\":\"https:\/\/www.nexoinformativo.mx\/#\/schema\/logo\/image\/\"},\"sameAs\":[\"https:\/\/www.facebook.com\/people\/Nexo-Informativo\/61564066885511\/\"]},{\"@type\":\"Person\",\"@id\":\"https:\/\/www.nexoinformativo.mx\/#\/schema\/person\/7749d380ba08c8ca00d7bc76fd907b7d\",\"name\":\"Nexo Informativo\",\"image\":{\"@type\":\"ImageObject\",\"inLanguage\":\"es\",\"@id\":\"https:\/\/www.nexoinformativo.mx\/#\/schema\/person\/image\/\",\"url\":\"https:\/\/secure.gravatar.com\/avatar\/dde2928154642a13d95f87ddf1ea9718fe2b46760a005c53e41ff5ad610704e6?s=96&d=mm&r=g\",\"contentUrl\":\"https:\/\/secure.gravatar.com\/avatar\/dde2928154642a13d95f87ddf1ea9718fe2b46760a005c53e41ff5ad610704e6?s=96&d=mm&r=g\",\"caption\":\"Nexo Informativo\"},\"url\":\"https:\/\/www.nexoinformativo.mx\/index.php\/author\/edicion\/\"}]}<\/script>\n<!-- \/ Yoast SEO plugin. -->","yoast_head_json":{"title":"Quer\u00e9taro busca alternativas para garantizar el agua: proyecto El Bat\u00e1n en pausa | Nexo Informativo Santiago de Quer\u00e9taro","description":"Quer\u00e9taro busca alternativas para garantizar el agua: proyecto El Bat\u00e1n en pausa","robots":{"index":"index","follow":"follow","max-snippet":"max-snippet:-1","max-image-preview":"max-image-preview:large","max-video-preview":"max-video-preview:-1"},"canonical":"https:\/\/www.nexoinformativo.mx\/index.php\/2024\/12\/10\/queretaro-busca-alternativas-para-garantizar-el-agua-proyecto-el-batan-en-pausa\/","og_locale":"es_MX","og_type":"article","og_title":"Quer\u00e9taro busca alternativas para garantizar el agua: proyecto El Bat\u00e1n en pausa | Nexo Informativo Santiago de Quer\u00e9taro","og_description":"Quer\u00e9taro busca alternativas para garantizar el agua: proyecto El Bat\u00e1n en pausa","og_url":"https:\/\/www.nexoinformativo.mx\/index.php\/2024\/12\/10\/queretaro-busca-alternativas-para-garantizar-el-agua-proyecto-el-batan-en-pausa\/","og_site_name":"Nexo Informativo Santiago de Quer\u00e9taro","article_publisher":"https:\/\/www.facebook.com\/people\/Nexo-Informativo\/61564066885511\/","article_published_time":"2024-12-10T18:00:40+00:00","article_modified_time":"2024-12-10T20:27:48+00:00","og_image":[{"width":800,"height":600,"url":"https:\/\/www.nexoinformativo.mx\/wp-content\/uploads\/2024\/12\/PHOTO-2024-12-10-11-12-01-e1733862418403.jpg","type":"image\/jpeg"}],"author":"Nexo Informativo","twitter_card":"summary_large_image","twitter_misc":{"Escrito por":"Nexo Informativo","Tiempo de lectura":"2 minutos"},"schema":{"@context":"https:\/\/schema.org","@graph":[{"@type":"Article","@id":"https:\/\/www.nexoinformativo.mx\/index.php\/2024\/12\/10\/queretaro-busca-alternativas-para-garantizar-el-agua-proyecto-el-batan-en-pausa\/#article","isPartOf":{"@id":"https:\/\/www.nexoinformativo.mx\/index.php\/2024\/12\/10\/queretaro-busca-alternativas-para-garantizar-el-agua-proyecto-el-batan-en-pausa\/"},"author":{"name":"Nexo Informativo","@id":"https:\/\/www.nexoinformativo.mx\/#\/schema\/person\/7749d380ba08c8ca00d7bc76fd907b7d"},"headline":"Quer\u00e9taro busca alternativas para garantizar el agua: proyecto El Bat\u00e1n en pausa","datePublished":"2024-12-10T18:00:40+00:00","dateModified":"2024-12-10T20:27:48+00:00","mainEntityOfPage":{"@id":"https:\/\/www.nexoinformativo.mx\/index.php\/2024\/12\/10\/queretaro-busca-alternativas-para-garantizar-el-agua-proyecto-el-batan-en-pausa\/"},"wordCount":227,"commentCount":0,"publisher":{"@id":"https:\/\/www.nexoinformativo.mx\/#organization"},"image":{"@id":"https:\/\/www.nexoinformativo.mx\/index.php\/2024\/12\/10\/queretaro-busca-alternativas-para-garantizar-el-agua-proyecto-el-batan-en-pausa\/#primaryimage"},"thumbnailUrl":"https:\/\/www.nexoinformativo.mx\/wp-content\/uploads\/2024\/12\/PHOTO-2024-12-10-11-12-01-e1733862418403.jpg","keywords":["agua","ElBat\u00e1n","Quer\u00e9taro","Sequ\u00eda"],"articleSection":["Estado","\u00daltima Hora"],"inLanguage":"es","potentialAction":[{"@type":"CommentAction","name":"Comment","target":["https:\/\/www.nexoinformativo.mx\/index.php\/2024\/12\/10\/queretaro-busca-alternativas-para-garantizar-el-agua-proyecto-el-batan-en-pausa\/#respond"]}]},{"@type":"WebPage","@id":"https:\/\/www.nexoinformativo.mx\/index.php\/2024\/12\/10\/queretaro-busca-alternativas-para-garantizar-el-agua-proyecto-el-batan-en-pausa\/","url":"https:\/\/www.nexoinformativo.mx\/index.php\/2024\/12\/10\/queretaro-busca-alternativas-para-garantizar-el-agua-proyecto-el-batan-en-pausa\/","name":"Quer\u00e9taro busca alternativas para garantizar el agua: proyecto El Bat\u00e1n en pausa | Nexo Informativo Santiago de Quer\u00e9taro","isPartOf":{"@id":"https:\/\/www.nexoinformativo.mx\/#website"},"primaryImageOfPage":{"@id":"https:\/\/www.nexoinformativo.mx\/index.php\/2024\/12\/10\/queretaro-busca-alternativas-para-garantizar-el-agua-proyecto-el-batan-en-pausa\/#primaryimage"},"image":{"@id":"https:\/\/www.nexoinformativo.mx\/index.php\/2024\/12\/10\/queretaro-busca-alternativas-para-garantizar-el-agua-proyecto-el-batan-en-pausa\/#primaryimage"},"thumbnailUrl":"https:\/\/www.nexoinformativo.mx\/wp-content\/uploads\/2024\/12\/PHOTO-2024-12-10-11-12-01-e1733862418403.jpg","datePublished":"2024-12-10T18:00:40+00:00","dateModified":"2024-12-10T20:27:48+00:00","description":"Quer\u00e9taro busca alternativas para garantizar el agua: proyecto El Bat\u00e1n en pausa","breadcrumb":{"@id":"https:\/\/www.nexoinformativo.mx\/index.php\/2024\/12\/10\/queretaro-busca-alternativas-para-garantizar-el-agua-proyecto-el-batan-en-pausa\/#breadcrumb"},"inLanguage":"es","potentialAction":[{"@type":"ReadAction","target":["https:\/\/www.nexoinformativo.mx\/index.php\/2024\/12\/10\/queretaro-busca-alternativas-para-garantizar-el-agua-proyecto-el-batan-en-pausa\/"]}]},{"@type":"ImageObject","inLanguage":"es","@id":"https:\/\/www.nexoinformativo.mx\/index.php\/2024\/12\/10\/queretaro-busca-alternativas-para-garantizar-el-agua-proyecto-el-batan-en-pausa\/#primaryimage","url":"https:\/\/www.nexoinformativo.mx\/wp-content\/uploads\/2024\/12\/PHOTO-2024-12-10-11-12-01-e1733862418403.jpg","contentUrl":"https:\/\/www.nexoinformativo.mx\/wp-content\/uploads\/2024\/12\/PHOTO-2024-12-10-11-12-01-e1733862418403.jpg","width":800,"height":600},{"@type":"BreadcrumbList","@id":"https:\/\/www.nexoinformativo.mx\/index.php\/2024\/12\/10\/queretaro-busca-alternativas-para-garantizar-el-agua-proyecto-el-batan-en-pausa\/#breadcrumb","itemListElement":[{"@type":"ListItem","position":1,"name":"Inicio","item":"https:\/\/www.nexoinformativo.mx\/"},{"@type":"ListItem","position":2,"name":"Quer\u00e9taro busca alternativas para garantizar el agua: proyecto El Bat\u00e1n en pausa"}]},{"@type":"WebSite","@id":"https:\/\/www.nexoinformativo.mx\/#website","url":"https:\/\/www.nexoinformativo.mx\/","name":"Nexo Informativo Santiago de Quer\u00e9taro","description":"Explora NexoInformativo y convi\u00e9rtete en parte de una comunidad que valora el conocimiento y la verdad. Tu nexoinformativo es tu puente hacia una comprensi\u00f3n m\u00e1s profunda del mundo que te rodea.","publisher":{"@id":"https:\/\/www.nexoinformativo.mx\/#organization"},"potentialAction":[{"@type":"SearchAction","target":{"@type":"EntryPoint","urlTemplate":"https:\/\/www.nexoinformativo.mx\/?s={search_term_string}"},"query-input":{"@type":"PropertyValueSpecification","valueRequired":true,"valueName":"search_term_string"}}],"inLanguage":"es"},{"@type":"Organization","@id":"https:\/\/www.nexoinformativo.mx\/#organization","name":"Nexo Informativo Santiago de Quer\u00e9taro","url":"https:\/\/www.nexoinformativo.mx\/","logo":{"@type":"ImageObject","inLanguage":"es","@id":"https:\/\/www.nexoinformativo.mx\/#\/schema\/logo\/image\/","url":"https:\/\/www.nexoinformativo.mx\/wp-content\/uploads\/2024\/07\/nexoi-trasparente-2.png","contentUrl":"https:\/\/www.nexoinformativo.mx\/wp-content\/uploads\/2024\/07\/nexoi-trasparente-2.png","width":816,"height":339,"caption":"Nexo Informativo Santiago de Quer\u00e9taro"},"image":{"@id":"https:\/\/www.nexoinformativo.mx\/#\/schema\/logo\/image\/"},"sameAs":["https:\/\/www.facebook.com\/people\/Nexo-Informativo\/61564066885511\/"]},{"@type":"Person","@id":"https:\/\/www.nexoinformativo.mx\/#\/schema\/person\/7749d380ba08c8ca00d7bc76fd907b7d","name":"Nexo Informativo","image":{"@type":"ImageObject","inLanguage":"es","@id":"https:\/\/www.nexoinformativo.mx\/#\/schema\/person\/image\/","url":"https:\/\/secure.gravatar.com\/avatar\/dde2928154642a13d95f87ddf1ea9718fe2b46760a005c53e41ff5ad610704e6?s=96&d=mm&r=g","contentUrl":"https:\/\/secure.gravatar.com\/avatar\/dde2928154642a13d95f87ddf1ea9718fe2b46760a005c53e41ff5ad610704e6?s=96&d=mm&r=g","caption":"Nexo Informativo"},"url":"https:\/\/www.nexoinformativo.mx\/index.php\/author\/edicion\/"}]}},"_links":{"self":[{"href":"https:\/\/www.nexoinformativo.mx\/index.php\/wp-json\/wp\/v2\/posts\/7849","targetHints":{"allow":["GET"]}}],"collection":[{"href":"https:\/\/www.nexoinformativo.mx\/index.php\/wp-json\/wp\/v2\/posts"}],"about":[{"href":"https:\/\/www.nexoinformativo.mx\/index.php\/wp-json\/wp\/v2\/types\/post"}],"author":[{"embeddable":true,"href":"https:\/\/www.nexoinformativo.mx\/index.php\/wp-json\/wp\/v2\/users\/3"}],"replies":[{"embeddable":true,"href":"https:\/\/www.nexoinformativo.mx\/index.php\/wp-json\/wp\/v2\/comments?post=7849"}],"version-history":[{"count":3,"href":"https:\/\/www.nexoinformativo.mx\/index.php\/wp-json\/wp\/v2\/posts\/7849\/revisions"}],"predecessor-version":[{"id":7853,"href":"https:\/\/www.nexoinformativo.mx\/index.php\/wp-json\/wp\/v2\/posts\/7849\/revisions\/7853"}],"wp:featuredmedia":[{"embeddable":true,"href":"https:\/\/www.nexoinformativo.mx\/index.php\/wp-json\/wp\/v2\/media\/7850"}],"wp:attachment":[{"href":"https:\/\/www.nexoinformativo.mx\/index.php\/wp-json\/wp\/v2\/media?parent=7849"}],"wp:term":[{"taxonomy":"category","embeddable":true,"href":"https:\/\/www.nexoinformativo.mx\/index.php\/wp-json\/wp\/v2\/categories?post=7849"},{"taxonomy":"post_tag","embeddable":true,"href":"https:\/\/www.nexoinformativo.mx\/index.php\/wp-json\/wp\/v2\/tags?post=7849"}],"curies":[{"name":"wp","href":"https:\/\/api.w.org\/{rel}","templated":true}]}}