{"id":7865,"date":"2024-12-10T13:30:41","date_gmt":"2024-12-10T19:30:41","guid":{"rendered":"https:\/\/www.nexoinformativo.mx\/?p=7865"},"modified":"2024-12-10T15:41:29","modified_gmt":"2024-12-10T21:41:29","slug":"queretaro-avanza-hacia-la-igualdad-nueva-ley-protegera-los-derechos-de-la-comunidad-lgbtttiq","status":"publish","type":"post","link":"https:\/\/www.nexoinformativo.mx\/index.php\/2024\/12\/10\/queretaro-avanza-hacia-la-igualdad-nueva-ley-protegera-los-derechos-de-la-comunidad-lgbtttiq\/","title":{"rendered":"Quer\u00e9taro avanza hacia la igualdad: Nueva ley proteger\u00e1 los derechos de la comunidad LGBTTTIQ+"},"content":{"rendered":"<p style=\"text-align: justify;\" data-sourcepos=\"11:1-11:345\">En un hecho sin precedentes para el estado de Quer\u00e9taro, el diputado Arturo Maximiliano Garc\u00eda present\u00f3 una iniciativa de ley que busca garantizar los derechos de la comunidad LGBTTTIQ+.<\/p>\n<p>&nbsp;<\/p>\n<p style=\"text-align: justify;\" data-sourcepos=\"11:1-11:345\">Esta propuesta legislativa, respaldada por diversas organizaciones civiles y legisladores locales, busca transformar el panorama legal y social de la entidad.<\/p>\n<p>&nbsp;<\/p>\n<p style=\"text-align: justify;\" data-sourcepos=\"13:1-13:309\">La iniciativa, denominada <strong>&#8220;Ley para el Reconocimiento y la Atenci\u00f3n de las Personas LGBTTTIQ+&#8221;<\/strong>, establece un marco jur\u00eddico s\u00f3lido que permitir\u00e1 coordinar esfuerzos entre los diferentes niveles de gobierno para proteger los derechos de esta comunidad. Entre las medidas m\u00e1s destacadas se encuentran:<\/p>\n<p>&nbsp;<\/p>\n<p style=\"text-align: justify;\" data-sourcepos=\"13:1-13:309\">Se implementar\u00e1n programas de capacitaci\u00f3n gratuitos para diversos sectores de la sociedad, promoviendo la tolerancia y el respeto.\u00a0Se buscar\u00e1n mecanismos para garantizar la igualdad de oportunidades en el \u00e1mbito laboral para las personas LGBTTTIQ+.<\/p>\n<p>&nbsp;<\/p>\n<p style=\"text-align: justify;\" data-sourcepos=\"13:1-13:309\">Se establecer\u00e1 una Unidad de Atenci\u00f3n de la Diversidad Sexual del Estado de Quer\u00e9taro (UNADIS), encargada de velar por el cumplimiento de la ley.\u00a0Y se crear\u00e1 una agencia especializada dentro de la Fiscal\u00eda del Estado para atender y dar seguimiento a las denuncias por violaciones a los derechos humanos de las personas LGBTTTIQ+.<\/p>\n<p>&nbsp;<\/p>\n<p style=\"text-align: justify;\" data-sourcepos=\"20:1-20:332\">De acuerdo con datos de la Encuesta Nacional sobre Diversidad Sexual y de G\u00e9nero (ENDISEG), el 8.2% de la poblaci\u00f3n queretana se identifica como parte de la comunidad LGBTTTIQ+, lo que representa a m\u00e1s de 153 mil personas. Esta iniciativa busca reconocer sus derechos y necesidades, y construir un estado m\u00e1s inclusivo y respetuoso.<\/p>\n<p>&nbsp;<\/p>\n<p style=\"text-align: justify;\" data-sourcepos=\"22:1-22:184\">Con esta propuesta, Quer\u00e9taro se posiciona a la vanguardia en la protecci\u00f3n de los derechos de la comunidad LGBTTTIQ+, demostrando un compromiso con la igualdad y la no discriminaci\u00f3n.<\/p>\n<p>&nbsp;<\/p>\n<p style=\"text-align: center;\" data-sourcepos=\"22:1-22:184\"><em><strong>\u00a1Informaci\u00f3n que transforma!<\/strong><\/em><\/p>\n","protected":false},"excerpt":{"rendered":"<p>En un hecho sin precedentes para el estado de Quer\u00e9taro, el diputado Arturo Maximiliano Garc\u00eda present\u00f3 una iniciativa de ley que busca garantizar los derechos de la comunidad LGBTTTIQ+.<\/p>\n","protected":false},"author":3,"featured_media":7866,"comment_status":"open","ping_status":"open","sticky":false,"template":"","format":"standard","meta":{"footnotes":""},"categories":[42,58],"tags":[2600,1319,2601,1969],"class_list":["post-7865","post","type-post","status-publish","format-standard","has-post-thumbnail","hentry","category-estado","category-ultima-hora","tag-derechoslgbtttiq","tag-inclusionsocial","tag-leyantidiscriminacion","tag-queretaroincluyente"],"yoast_head":"<!-- This site is optimized with the Yoast SEO plugin v25.0 - https:\/\/yoast.com\/wordpress\/plugins\/seo\/ -->\n<title>Quer\u00e9taro avanza hacia la igualdad: Nueva ley proteger\u00e1 los derechos de la comunidad LGBTTTIQ+ | Nexo Informativo Santiago de Quer\u00e9taro<\/title>\n<meta name=\"description\" content=\"Quer\u00e9taro avanza hacia la igualdad: Nueva ley proteger\u00e1 los derechos de la comunidad LGBTTTIQ+\" \/>\n<meta name=\"robots\" content=\"index, follow, max-snippet:-1, max-image-preview:large, max-video-preview:-1\" \/>\n<link rel=\"canonical\" href=\"https:\/\/www.nexoinformativo.mx\/index.php\/2024\/12\/10\/queretaro-avanza-hacia-la-igualdad-nueva-ley-protegera-los-derechos-de-la-comunidad-lgbtttiq\/\" \/>\n<meta property=\"og:locale\" content=\"es_MX\" \/>\n<meta property=\"og:type\" content=\"article\" \/>\n<meta property=\"og:title\" content=\"Quer\u00e9taro avanza hacia la igualdad: Nueva ley proteger\u00e1 los derechos de la comunidad LGBTTTIQ+ | Nexo Informativo Santiago de Quer\u00e9taro\" \/>\n<meta property=\"og:description\" content=\"Quer\u00e9taro avanza hacia la igualdad: Nueva ley proteger\u00e1 los derechos de la comunidad LGBTTTIQ+\" \/>\n<meta property=\"og:url\" content=\"https:\/\/www.nexoinformativo.mx\/index.php\/2024\/12\/10\/queretaro-avanza-hacia-la-igualdad-nueva-ley-protegera-los-derechos-de-la-comunidad-lgbtttiq\/\" \/>\n<meta property=\"og:site_name\" content=\"Nexo Informativo Santiago de Quer\u00e9taro\" \/>\n<meta property=\"article:publisher\" content=\"https:\/\/www.facebook.com\/people\/Nexo-Informativo\/61564066885511\/\" \/>\n<meta property=\"article:published_time\" content=\"2024-12-10T19:30:41+00:00\" \/>\n<meta property=\"article:modified_time\" content=\"2024-12-10T21:41:29+00:00\" \/>\n<meta property=\"og:image\" content=\"https:\/\/www.nexoinformativo.mx\/wp-content\/uploads\/2024\/12\/PHOTO-2024-12-10-12-52-33-e1733866320824.jpg\" \/>\n\t<meta property=\"og:image:width\" content=\"800\" \/>\n\t<meta property=\"og:image:height\" content=\"600\" \/>\n\t<meta property=\"og:image:type\" content=\"image\/jpeg\" \/>\n<meta name=\"author\" content=\"Nexo Informativo\" \/>\n<meta name=\"twitter:card\" content=\"summary_large_image\" \/>\n<meta name=\"twitter:label1\" content=\"Escrito por\" \/>\n\t<meta name=\"twitter:data1\" content=\"Nexo Informativo\" \/>\n\t<meta name=\"twitter:label2\" content=\"Tiempo de lectura\" \/>\n\t<meta name=\"twitter:data2\" content=\"2 minutos\" \/>\n<script type=\"application\/ld+json\" class=\"yoast-schema-graph\">{\"@context\":\"https:\/\/schema.org\",\"@graph\":[{\"@type\":\"Article\",\"@id\":\"https:\/\/www.nexoinformativo.mx\/index.php\/2024\/12\/10\/queretaro-avanza-hacia-la-igualdad-nueva-ley-protegera-los-derechos-de-la-comunidad-lgbtttiq\/#article\",\"isPartOf\":{\"@id\":\"https:\/\/www.nexoinformativo.mx\/index.php\/2024\/12\/10\/queretaro-avanza-hacia-la-igualdad-nueva-ley-protegera-los-derechos-de-la-comunidad-lgbtttiq\/\"},\"author\":{\"name\":\"Nexo Informativo\",\"@id\":\"https:\/\/www.nexoinformativo.mx\/#\/schema\/person\/7749d380ba08c8ca00d7bc76fd907b7d\"},\"headline\":\"Quer\u00e9taro avanza hacia la igualdad: Nueva ley proteger\u00e1 los derechos de la comunidad LGBTTTIQ+\",\"datePublished\":\"2024-12-10T19:30:41+00:00\",\"dateModified\":\"2024-12-10T21:41:29+00:00\",\"mainEntityOfPage\":{\"@id\":\"https:\/\/www.nexoinformativo.mx\/index.php\/2024\/12\/10\/queretaro-avanza-hacia-la-igualdad-nueva-ley-protegera-los-derechos-de-la-comunidad-lgbtttiq\/\"},\"wordCount\":308,\"commentCount\":0,\"publisher\":{\"@id\":\"https:\/\/www.nexoinformativo.mx\/#organization\"},\"image\":{\"@id\":\"https:\/\/www.nexoinformativo.mx\/index.php\/2024\/12\/10\/queretaro-avanza-hacia-la-igualdad-nueva-ley-protegera-los-derechos-de-la-comunidad-lgbtttiq\/#primaryimage\"},\"thumbnailUrl\":\"https:\/\/www.nexoinformativo.mx\/wp-content\/uploads\/2024\/12\/PHOTO-2024-12-10-12-52-33-e1733866320824.jpg\",\"keywords\":[\"DerechosLGBTTTIQ\",\"Inclusi\u00f3nSocial\",\"LeyAntidiscriminaci\u00f3n\",\"Quer\u00e9taroIncluyente\"],\"articleSection\":[\"Estado\",\"\u00daltima Hora\"],\"inLanguage\":\"es\",\"potentialAction\":[{\"@type\":\"CommentAction\",\"name\":\"Comment\",\"target\":[\"https:\/\/www.nexoinformativo.mx\/index.php\/2024\/12\/10\/queretaro-avanza-hacia-la-igualdad-nueva-ley-protegera-los-derechos-de-la-comunidad-lgbtttiq\/#respond\"]}]},{\"@type\":\"WebPage\",\"@id\":\"https:\/\/www.nexoinformativo.mx\/index.php\/2024\/12\/10\/queretaro-avanza-hacia-la-igualdad-nueva-ley-protegera-los-derechos-de-la-comunidad-lgbtttiq\/\",\"url\":\"https:\/\/www.nexoinformativo.mx\/index.php\/2024\/12\/10\/queretaro-avanza-hacia-la-igualdad-nueva-ley-protegera-los-derechos-de-la-comunidad-lgbtttiq\/\",\"name\":\"Quer\u00e9taro avanza hacia la igualdad: Nueva ley proteger\u00e1 los derechos de la comunidad LGBTTTIQ+ | Nexo Informativo Santiago de Quer\u00e9taro\",\"isPartOf\":{\"@id\":\"https:\/\/www.nexoinformativo.mx\/#website\"},\"primaryImageOfPage\":{\"@id\":\"https:\/\/www.nexoinformativo.mx\/index.php\/2024\/12\/10\/queretaro-avanza-hacia-la-igualdad-nueva-ley-protegera-los-derechos-de-la-comunidad-lgbtttiq\/#primaryimage\"},\"image\":{\"@id\":\"https:\/\/www.nexoinformativo.mx\/index.php\/2024\/12\/10\/queretaro-avanza-hacia-la-igualdad-nueva-ley-protegera-los-derechos-de-la-comunidad-lgbtttiq\/#primaryimage\"},\"thumbnailUrl\":\"https:\/\/www.nexoinformativo.mx\/wp-content\/uploads\/2024\/12\/PHOTO-2024-12-10-12-52-33-e1733866320824.jpg\",\"datePublished\":\"2024-12-10T19:30:41+00:00\",\"dateModified\":\"2024-12-10T21:41:29+00:00\",\"description\":\"Quer\u00e9taro avanza hacia la igualdad: Nueva ley proteger\u00e1 los derechos de la comunidad LGBTTTIQ+\",\"breadcrumb\":{\"@id\":\"https:\/\/www.nexoinformativo.mx\/index.php\/2024\/12\/10\/queretaro-avanza-hacia-la-igualdad-nueva-ley-protegera-los-derechos-de-la-comunidad-lgbtttiq\/#breadcrumb\"},\"inLanguage\":\"es\",\"potentialAction\":[{\"@type\":\"ReadAction\",\"target\":[\"https:\/\/www.nexoinformativo.mx\/index.php\/2024\/12\/10\/queretaro-avanza-hacia-la-igualdad-nueva-ley-protegera-los-derechos-de-la-comunidad-lgbtttiq\/\"]}]},{\"@type\":\"ImageObject\",\"inLanguage\":\"es\",\"@id\":\"https:\/\/www.nexoinformativo.mx\/index.php\/2024\/12\/10\/queretaro-avanza-hacia-la-igualdad-nueva-ley-protegera-los-derechos-de-la-comunidad-lgbtttiq\/#primaryimage\",\"url\":\"https:\/\/www.nexoinformativo.mx\/wp-content\/uploads\/2024\/12\/PHOTO-2024-12-10-12-52-33-e1733866320824.jpg\",\"contentUrl\":\"https:\/\/www.nexoinformativo.mx\/wp-content\/uploads\/2024\/12\/PHOTO-2024-12-10-12-52-33-e1733866320824.jpg\",\"width\":800,\"height\":600},{\"@type\":\"BreadcrumbList\",\"@id\":\"https:\/\/www.nexoinformativo.mx\/index.php\/2024\/12\/10\/queretaro-avanza-hacia-la-igualdad-nueva-ley-protegera-los-derechos-de-la-comunidad-lgbtttiq\/#breadcrumb\",\"itemListElement\":[{\"@type\":\"ListItem\",\"position\":1,\"name\":\"Inicio\",\"item\":\"https:\/\/www.nexoinformativo.mx\/\"},{\"@type\":\"ListItem\",\"position\":2,\"name\":\"Quer\u00e9taro avanza hacia la igualdad: Nueva ley proteger\u00e1 los derechos de la comunidad LGBTTTIQ+\"}]},{\"@type\":\"WebSite\",\"@id\":\"https:\/\/www.nexoinformativo.mx\/#website\",\"url\":\"https:\/\/www.nexoinformativo.mx\/\",\"name\":\"Nexo Informativo Santiago de Quer\u00e9taro\",\"description\":\"Explora NexoInformativo y convi\u00e9rtete en parte de una comunidad que valora el conocimiento y la verdad. Tu nexoinformativo es tu puente hacia una comprensi\u00f3n m\u00e1s profunda del mundo que te rodea.\",\"publisher\":{\"@id\":\"https:\/\/www.nexoinformativo.mx\/#organization\"},\"potentialAction\":[{\"@type\":\"SearchAction\",\"target\":{\"@type\":\"EntryPoint\",\"urlTemplate\":\"https:\/\/www.nexoinformativo.mx\/?s={search_term_string}\"},\"query-input\":{\"@type\":\"PropertyValueSpecification\",\"valueRequired\":true,\"valueName\":\"search_term_string\"}}],\"inLanguage\":\"es\"},{\"@type\":\"Organization\",\"@id\":\"https:\/\/www.nexoinformativo.mx\/#organization\",\"name\":\"Nexo Informativo Santiago de Quer\u00e9taro\",\"url\":\"https:\/\/www.nexoinformativo.mx\/\",\"logo\":{\"@type\":\"ImageObject\",\"inLanguage\":\"es\",\"@id\":\"https:\/\/www.nexoinformativo.mx\/#\/schema\/logo\/image\/\",\"url\":\"https:\/\/www.nexoinformativo.mx\/wp-content\/uploads\/2024\/07\/nexoi-trasparente-2.png\",\"contentUrl\":\"https:\/\/www.nexoinformativo.mx\/wp-content\/uploads\/2024\/07\/nexoi-trasparente-2.png\",\"width\":816,\"height\":339,\"caption\":\"Nexo Informativo Santiago de Quer\u00e9taro\"},\"image\":{\"@id\":\"https:\/\/www.nexoinformativo.mx\/#\/schema\/logo\/image\/\"},\"sameAs\":[\"https:\/\/www.facebook.com\/people\/Nexo-Informativo\/61564066885511\/\"]},{\"@type\":\"Person\",\"@id\":\"https:\/\/www.nexoinformativo.mx\/#\/schema\/person\/7749d380ba08c8ca00d7bc76fd907b7d\",\"name\":\"Nexo Informativo\",\"image\":{\"@type\":\"ImageObject\",\"inLanguage\":\"es\",\"@id\":\"https:\/\/www.nexoinformativo.mx\/#\/schema\/person\/image\/\",\"url\":\"https:\/\/secure.gravatar.com\/avatar\/dde2928154642a13d95f87ddf1ea9718fe2b46760a005c53e41ff5ad610704e6?s=96&d=mm&r=g\",\"contentUrl\":\"https:\/\/secure.gravatar.com\/avatar\/dde2928154642a13d95f87ddf1ea9718fe2b46760a005c53e41ff5ad610704e6?s=96&d=mm&r=g\",\"caption\":\"Nexo Informativo\"},\"url\":\"https:\/\/www.nexoinformativo.mx\/index.php\/author\/edicion\/\"}]}<\/script>\n<!-- \/ Yoast SEO plugin. -->","yoast_head_json":{"title":"Quer\u00e9taro avanza hacia la igualdad: Nueva ley proteger\u00e1 los derechos de la comunidad LGBTTTIQ+ | Nexo Informativo Santiago de Quer\u00e9taro","description":"Quer\u00e9taro avanza hacia la igualdad: Nueva ley proteger\u00e1 los derechos de la comunidad LGBTTTIQ+","robots":{"index":"index","follow":"follow","max-snippet":"max-snippet:-1","max-image-preview":"max-image-preview:large","max-video-preview":"max-video-preview:-1"},"canonical":"https:\/\/www.nexoinformativo.mx\/index.php\/2024\/12\/10\/queretaro-avanza-hacia-la-igualdad-nueva-ley-protegera-los-derechos-de-la-comunidad-lgbtttiq\/","og_locale":"es_MX","og_type":"article","og_title":"Quer\u00e9taro avanza hacia la igualdad: Nueva ley proteger\u00e1 los derechos de la comunidad LGBTTTIQ+ | Nexo Informativo Santiago de Quer\u00e9taro","og_description":"Quer\u00e9taro avanza hacia la igualdad: Nueva ley proteger\u00e1 los derechos de la comunidad LGBTTTIQ+","og_url":"https:\/\/www.nexoinformativo.mx\/index.php\/2024\/12\/10\/queretaro-avanza-hacia-la-igualdad-nueva-ley-protegera-los-derechos-de-la-comunidad-lgbtttiq\/","og_site_name":"Nexo Informativo Santiago de Quer\u00e9taro","article_publisher":"https:\/\/www.facebook.com\/people\/Nexo-Informativo\/61564066885511\/","article_published_time":"2024-12-10T19:30:41+00:00","article_modified_time":"2024-12-10T21:41:29+00:00","og_image":[{"width":800,"height":600,"url":"https:\/\/www.nexoinformativo.mx\/wp-content\/uploads\/2024\/12\/PHOTO-2024-12-10-12-52-33-e1733866320824.jpg","type":"image\/jpeg"}],"author":"Nexo Informativo","twitter_card":"summary_large_image","twitter_misc":{"Escrito por":"Nexo Informativo","Tiempo de lectura":"2 minutos"},"schema":{"@context":"https:\/\/schema.org","@graph":[{"@type":"Article","@id":"https:\/\/www.nexoinformativo.mx\/index.php\/2024\/12\/10\/queretaro-avanza-hacia-la-igualdad-nueva-ley-protegera-los-derechos-de-la-comunidad-lgbtttiq\/#article","isPartOf":{"@id":"https:\/\/www.nexoinformativo.mx\/index.php\/2024\/12\/10\/queretaro-avanza-hacia-la-igualdad-nueva-ley-protegera-los-derechos-de-la-comunidad-lgbtttiq\/"},"author":{"name":"Nexo Informativo","@id":"https:\/\/www.nexoinformativo.mx\/#\/schema\/person\/7749d380ba08c8ca00d7bc76fd907b7d"},"headline":"Quer\u00e9taro avanza hacia la igualdad: Nueva ley proteger\u00e1 los derechos de la comunidad LGBTTTIQ+","datePublished":"2024-12-10T19:30:41+00:00","dateModified":"2024-12-10T21:41:29+00:00","mainEntityOfPage":{"@id":"https:\/\/www.nexoinformativo.mx\/index.php\/2024\/12\/10\/queretaro-avanza-hacia-la-igualdad-nueva-ley-protegera-los-derechos-de-la-comunidad-lgbtttiq\/"},"wordCount":308,"commentCount":0,"publisher":{"@id":"https:\/\/www.nexoinformativo.mx\/#organization"},"image":{"@id":"https:\/\/www.nexoinformativo.mx\/index.php\/2024\/12\/10\/queretaro-avanza-hacia-la-igualdad-nueva-ley-protegera-los-derechos-de-la-comunidad-lgbtttiq\/#primaryimage"},"thumbnailUrl":"https:\/\/www.nexoinformativo.mx\/wp-content\/uploads\/2024\/12\/PHOTO-2024-12-10-12-52-33-e1733866320824.jpg","keywords":["DerechosLGBTTTIQ","Inclusi\u00f3nSocial","LeyAntidiscriminaci\u00f3n","Quer\u00e9taroIncluyente"],"articleSection":["Estado","\u00daltima Hora"],"inLanguage":"es","potentialAction":[{"@type":"CommentAction","name":"Comment","target":["https:\/\/www.nexoinformativo.mx\/index.php\/2024\/12\/10\/queretaro-avanza-hacia-la-igualdad-nueva-ley-protegera-los-derechos-de-la-comunidad-lgbtttiq\/#respond"]}]},{"@type":"WebPage","@id":"https:\/\/www.nexoinformativo.mx\/index.php\/2024\/12\/10\/queretaro-avanza-hacia-la-igualdad-nueva-ley-protegera-los-derechos-de-la-comunidad-lgbtttiq\/","url":"https:\/\/www.nexoinformativo.mx\/index.php\/2024\/12\/10\/queretaro-avanza-hacia-la-igualdad-nueva-ley-protegera-los-derechos-de-la-comunidad-lgbtttiq\/","name":"Quer\u00e9taro avanza hacia la igualdad: Nueva ley proteger\u00e1 los derechos de la comunidad LGBTTTIQ+ | Nexo Informativo Santiago de Quer\u00e9taro","isPartOf":{"@id":"https:\/\/www.nexoinformativo.mx\/#website"},"primaryImageOfPage":{"@id":"https:\/\/www.nexoinformativo.mx\/index.php\/2024\/12\/10\/queretaro-avanza-hacia-la-igualdad-nueva-ley-protegera-los-derechos-de-la-comunidad-lgbtttiq\/#primaryimage"},"image":{"@id":"https:\/\/www.nexoinformativo.mx\/index.php\/2024\/12\/10\/queretaro-avanza-hacia-la-igualdad-nueva-ley-protegera-los-derechos-de-la-comunidad-lgbtttiq\/#primaryimage"},"thumbnailUrl":"https:\/\/www.nexoinformativo.mx\/wp-content\/uploads\/2024\/12\/PHOTO-2024-12-10-12-52-33-e1733866320824.jpg","datePublished":"2024-12-10T19:30:41+00:00","dateModified":"2024-12-10T21:41:29+00:00","description":"Quer\u00e9taro avanza hacia la igualdad: Nueva ley proteger\u00e1 los derechos de la comunidad LGBTTTIQ+","breadcrumb":{"@id":"https:\/\/www.nexoinformativo.mx\/index.php\/2024\/12\/10\/queretaro-avanza-hacia-la-igualdad-nueva-ley-protegera-los-derechos-de-la-comunidad-lgbtttiq\/#breadcrumb"},"inLanguage":"es","potentialAction":[{"@type":"ReadAction","target":["https:\/\/www.nexoinformativo.mx\/index.php\/2024\/12\/10\/queretaro-avanza-hacia-la-igualdad-nueva-ley-protegera-los-derechos-de-la-comunidad-lgbtttiq\/"]}]},{"@type":"ImageObject","inLanguage":"es","@id":"https:\/\/www.nexoinformativo.mx\/index.php\/2024\/12\/10\/queretaro-avanza-hacia-la-igualdad-nueva-ley-protegera-los-derechos-de-la-comunidad-lgbtttiq\/#primaryimage","url":"https:\/\/www.nexoinformativo.mx\/wp-content\/uploads\/2024\/12\/PHOTO-2024-12-10-12-52-33-e1733866320824.jpg","contentUrl":"https:\/\/www.nexoinformativo.mx\/wp-content\/uploads\/2024\/12\/PHOTO-2024-12-10-12-52-33-e1733866320824.jpg","width":800,"height":600},{"@type":"BreadcrumbList","@id":"https:\/\/www.nexoinformativo.mx\/index.php\/2024\/12\/10\/queretaro-avanza-hacia-la-igualdad-nueva-ley-protegera-los-derechos-de-la-comunidad-lgbtttiq\/#breadcrumb","itemListElement":[{"@type":"ListItem","position":1,"name":"Inicio","item":"https:\/\/www.nexoinformativo.mx\/"},{"@type":"ListItem","position":2,"name":"Quer\u00e9taro avanza hacia la igualdad: Nueva ley proteger\u00e1 los derechos de la comunidad LGBTTTIQ+"}]},{"@type":"WebSite","@id":"https:\/\/www.nexoinformativo.mx\/#website","url":"https:\/\/www.nexoinformativo.mx\/","name":"Nexo Informativo Santiago de Quer\u00e9taro","description":"Explora NexoInformativo y convi\u00e9rtete en parte de una comunidad que valora el conocimiento y la verdad. Tu nexoinformativo es tu puente hacia una comprensi\u00f3n m\u00e1s profunda del mundo que te rodea.","publisher":{"@id":"https:\/\/www.nexoinformativo.mx\/#organization"},"potentialAction":[{"@type":"SearchAction","target":{"@type":"EntryPoint","urlTemplate":"https:\/\/www.nexoinformativo.mx\/?s={search_term_string}"},"query-input":{"@type":"PropertyValueSpecification","valueRequired":true,"valueName":"search_term_string"}}],"inLanguage":"es"},{"@type":"Organization","@id":"https:\/\/www.nexoinformativo.mx\/#organization","name":"Nexo Informativo Santiago de Quer\u00e9taro","url":"https:\/\/www.nexoinformativo.mx\/","logo":{"@type":"ImageObject","inLanguage":"es","@id":"https:\/\/www.nexoinformativo.mx\/#\/schema\/logo\/image\/","url":"https:\/\/www.nexoinformativo.mx\/wp-content\/uploads\/2024\/07\/nexoi-trasparente-2.png","contentUrl":"https:\/\/www.nexoinformativo.mx\/wp-content\/uploads\/2024\/07\/nexoi-trasparente-2.png","width":816,"height":339,"caption":"Nexo Informativo Santiago de Quer\u00e9taro"},"image":{"@id":"https:\/\/www.nexoinformativo.mx\/#\/schema\/logo\/image\/"},"sameAs":["https:\/\/www.facebook.com\/people\/Nexo-Informativo\/61564066885511\/"]},{"@type":"Person","@id":"https:\/\/www.nexoinformativo.mx\/#\/schema\/person\/7749d380ba08c8ca00d7bc76fd907b7d","name":"Nexo Informativo","image":{"@type":"ImageObject","inLanguage":"es","@id":"https:\/\/www.nexoinformativo.mx\/#\/schema\/person\/image\/","url":"https:\/\/secure.gravatar.com\/avatar\/dde2928154642a13d95f87ddf1ea9718fe2b46760a005c53e41ff5ad610704e6?s=96&d=mm&r=g","contentUrl":"https:\/\/secure.gravatar.com\/avatar\/dde2928154642a13d95f87ddf1ea9718fe2b46760a005c53e41ff5ad610704e6?s=96&d=mm&r=g","caption":"Nexo Informativo"},"url":"https:\/\/www.nexoinformativo.mx\/index.php\/author\/edicion\/"}]}},"_links":{"self":[{"href":"https:\/\/www.nexoinformativo.mx\/index.php\/wp-json\/wp\/v2\/posts\/7865","targetHints":{"allow":["GET"]}}],"collection":[{"href":"https:\/\/www.nexoinformativo.mx\/index.php\/wp-json\/wp\/v2\/posts"}],"about":[{"href":"https:\/\/www.nexoinformativo.mx\/index.php\/wp-json\/wp\/v2\/types\/post"}],"author":[{"embeddable":true,"href":"https:\/\/www.nexoinformativo.mx\/index.php\/wp-json\/wp\/v2\/users\/3"}],"replies":[{"embeddable":true,"href":"https:\/\/www.nexoinformativo.mx\/index.php\/wp-json\/wp\/v2\/comments?post=7865"}],"version-history":[{"count":3,"href":"https:\/\/www.nexoinformativo.mx\/index.php\/wp-json\/wp\/v2\/posts\/7865\/revisions"}],"predecessor-version":[{"id":7877,"href":"https:\/\/www.nexoinformativo.mx\/index.php\/wp-json\/wp\/v2\/posts\/7865\/revisions\/7877"}],"wp:featuredmedia":[{"embeddable":true,"href":"https:\/\/www.nexoinformativo.mx\/index.php\/wp-json\/wp\/v2\/media\/7866"}],"wp:attachment":[{"href":"https:\/\/www.nexoinformativo.mx\/index.php\/wp-json\/wp\/v2\/media?parent=7865"}],"wp:term":[{"taxonomy":"category","embeddable":true,"href":"https:\/\/www.nexoinformativo.mx\/index.php\/wp-json\/wp\/v2\/categories?post=7865"},{"taxonomy":"post_tag","embeddable":true,"href":"https:\/\/www.nexoinformativo.mx\/index.php\/wp-json\/wp\/v2\/tags?post=7865"}],"curies":[{"name":"wp","href":"https:\/\/api.w.org\/{rel}","templated":true}]}}