{"id":7870,"date":"2024-12-10T14:00:20","date_gmt":"2024-12-10T20:00:20","guid":{"rendered":"https:\/\/www.nexoinformativo.mx\/?p=7870"},"modified":"2024-12-10T15:40:53","modified_gmt":"2024-12-10T21:40:53","slug":"balacera-en-queretaro-policia-repele-agresion-y-lesiona-a-atacante","status":"publish","type":"post","link":"https:\/\/www.nexoinformativo.mx\/index.php\/2024\/12\/10\/balacera-en-queretaro-policia-repele-agresion-y-lesiona-a-atacante\/","title":{"rendered":"Balacera en Quer\u00e9taro: Polic\u00eda repele agresi\u00f3n y lesiona a atacante"},"content":{"rendered":"<p style=\"text-align: justify;\" data-sourcepos=\"11:1-11:200\">Un incidente violento tuvo lugar este martes en la colonia Centro Sur de Quer\u00e9taro, cuando un hombre, presuntamente bajo los efectos del alcohol, fue lesionado por un elemento de la Polic\u00eda Municipal.<\/p>\n<p>&nbsp;<\/p>\n<p style=\"text-align: justify;\" data-sourcepos=\"13:1-13:270\">Los hechos ocurrieron alrededor del mediod\u00eda en el Circuito Estadio, casi esquina con Cerro Blanco. Seg\u00fan los primeros reportes, el individuo amenaz\u00f3 al oficial con un arma blanca. Ante esta situaci\u00f3n, el polic\u00eda respondi\u00f3 disparando e hiriendo al agresor en el abdomen.<\/p>\n<p>&nbsp;<\/p>\n<p style=\"text-align: justify;\" data-sourcepos=\"15:1-15:172\">Servicios de emergencia, como la Cruz Roja, acudieron de inmediato al lugar para brindar atenci\u00f3n m\u00e9dica al lesionado, quien fue trasladado a un hospital en estado estable.<\/p>\n<p>&nbsp;<\/p>\n<p style=\"text-align: justify;\" data-sourcepos=\"17:1-17:300\">La Secretar\u00eda de Seguridad P\u00fablica Municipal de Quer\u00e9taro (SSPMQ) ha iniciado una investigaci\u00f3n exhaustiva para esclarecer los hechos y determinar si la acci\u00f3n del polic\u00eda se ajust\u00f3 a los protocolos establecidos.<\/p>\n<p>&nbsp;<\/p>\n<p style=\"text-align: justify;\" data-sourcepos=\"17:1-17:300\">Se espera que en las pr\u00f3ximas horas se den a conocer m\u00e1s detalles sobre este incidente.<\/p>\n<p>&nbsp;<\/p>\n<p style=\"text-align: center;\" data-sourcepos=\"17:1-17:300\"><em><strong>\u00a1Informaci\u00f3n que transforma!<\/strong><\/em><\/p>\n","protected":false},"excerpt":{"rendered":"<p>Un incidente violento tuvo lugar este martes en la colonia Centro Sur de Quer\u00e9taro, cuando un hombre, presuntamente bajo los efectos del alcohol, fue lesionado por un elemento de la Polic\u00eda Municipal.<\/p>\n","protected":false},"author":3,"featured_media":7874,"comment_status":"open","ping_status":"open","sticky":false,"template":"","format":"standard","meta":{"footnotes":""},"categories":[137,58],"tags":[2602,302,133,207],"class_list":["post-7870","post","type-post","status-publish","format-standard","has-post-thumbnail","hentry","category-sucesos","category-ultima-hora","tag-incidentearmado","tag-policiamunicipal","tag-queretaro","tag-seguridadpublica"],"yoast_head":"<!-- This site is optimized with the Yoast SEO plugin v25.0 - https:\/\/yoast.com\/wordpress\/plugins\/seo\/ -->\n<title>Balacera en Quer\u00e9taro: Polic\u00eda repele agresi\u00f3n y lesiona a atacante | Nexo Informativo Santiago de Quer\u00e9taro<\/title>\n<meta name=\"description\" content=\"Balacera en Quer\u00e9taro: Polic\u00eda repele agresi\u00f3n y lesiona a atacante\" \/>\n<meta name=\"robots\" content=\"index, follow, max-snippet:-1, max-image-preview:large, max-video-preview:-1\" \/>\n<link rel=\"canonical\" href=\"https:\/\/www.nexoinformativo.mx\/index.php\/2024\/12\/10\/balacera-en-queretaro-policia-repele-agresion-y-lesiona-a-atacante\/\" \/>\n<meta property=\"og:locale\" content=\"es_MX\" \/>\n<meta property=\"og:type\" content=\"article\" \/>\n<meta property=\"og:title\" content=\"Balacera en Quer\u00e9taro: Polic\u00eda repele agresi\u00f3n y lesiona a atacante | Nexo Informativo Santiago de Quer\u00e9taro\" \/>\n<meta property=\"og:description\" content=\"Balacera en Quer\u00e9taro: Polic\u00eda repele agresi\u00f3n y lesiona a atacante\" \/>\n<meta property=\"og:url\" content=\"https:\/\/www.nexoinformativo.mx\/index.php\/2024\/12\/10\/balacera-en-queretaro-policia-repele-agresion-y-lesiona-a-atacante\/\" \/>\n<meta property=\"og:site_name\" content=\"Nexo Informativo Santiago de Quer\u00e9taro\" \/>\n<meta property=\"article:publisher\" content=\"https:\/\/www.facebook.com\/people\/Nexo-Informativo\/61564066885511\/\" \/>\n<meta property=\"article:published_time\" content=\"2024-12-10T20:00:20+00:00\" \/>\n<meta property=\"article:modified_time\" content=\"2024-12-10T21:40:53+00:00\" \/>\n<meta property=\"og:image\" content=\"https:\/\/www.nexoinformativo.mx\/wp-content\/uploads\/2024\/12\/IMG_8449-e1733866771907.jpg\" \/>\n\t<meta property=\"og:image:width\" content=\"700\" \/>\n\t<meta property=\"og:image:height\" content=\"449\" \/>\n\t<meta property=\"og:image:type\" content=\"image\/jpeg\" \/>\n<meta name=\"author\" content=\"Nexo Informativo\" \/>\n<meta name=\"twitter:card\" content=\"summary_large_image\" \/>\n<meta name=\"twitter:label1\" content=\"Escrito por\" \/>\n\t<meta name=\"twitter:data1\" content=\"Nexo Informativo\" \/>\n\t<meta name=\"twitter:label2\" content=\"Tiempo de lectura\" \/>\n\t<meta name=\"twitter:data2\" content=\"1 minuto\" \/>\n<script type=\"application\/ld+json\" class=\"yoast-schema-graph\">{\"@context\":\"https:\/\/schema.org\",\"@graph\":[{\"@type\":\"Article\",\"@id\":\"https:\/\/www.nexoinformativo.mx\/index.php\/2024\/12\/10\/balacera-en-queretaro-policia-repele-agresion-y-lesiona-a-atacante\/#article\",\"isPartOf\":{\"@id\":\"https:\/\/www.nexoinformativo.mx\/index.php\/2024\/12\/10\/balacera-en-queretaro-policia-repele-agresion-y-lesiona-a-atacante\/\"},\"author\":{\"name\":\"Nexo Informativo\",\"@id\":\"https:\/\/www.nexoinformativo.mx\/#\/schema\/person\/7749d380ba08c8ca00d7bc76fd907b7d\"},\"headline\":\"Balacera en Quer\u00e9taro: Polic\u00eda repele agresi\u00f3n y lesiona a atacante\",\"datePublished\":\"2024-12-10T20:00:20+00:00\",\"dateModified\":\"2024-12-10T21:40:53+00:00\",\"mainEntityOfPage\":{\"@id\":\"https:\/\/www.nexoinformativo.mx\/index.php\/2024\/12\/10\/balacera-en-queretaro-policia-repele-agresion-y-lesiona-a-atacante\/\"},\"wordCount\":186,\"commentCount\":0,\"publisher\":{\"@id\":\"https:\/\/www.nexoinformativo.mx\/#organization\"},\"image\":{\"@id\":\"https:\/\/www.nexoinformativo.mx\/index.php\/2024\/12\/10\/balacera-en-queretaro-policia-repele-agresion-y-lesiona-a-atacante\/#primaryimage\"},\"thumbnailUrl\":\"https:\/\/www.nexoinformativo.mx\/wp-content\/uploads\/2024\/12\/IMG_8449-e1733866771907.jpg\",\"keywords\":[\"IncidenteArmado\",\"Polic\u00edamunicipal\",\"Quer\u00e9taro\",\"SeguridadP\u00fablica\"],\"articleSection\":[\"Sucesos\",\"\u00daltima Hora\"],\"inLanguage\":\"es\",\"potentialAction\":[{\"@type\":\"CommentAction\",\"name\":\"Comment\",\"target\":[\"https:\/\/www.nexoinformativo.mx\/index.php\/2024\/12\/10\/balacera-en-queretaro-policia-repele-agresion-y-lesiona-a-atacante\/#respond\"]}]},{\"@type\":\"WebPage\",\"@id\":\"https:\/\/www.nexoinformativo.mx\/index.php\/2024\/12\/10\/balacera-en-queretaro-policia-repele-agresion-y-lesiona-a-atacante\/\",\"url\":\"https:\/\/www.nexoinformativo.mx\/index.php\/2024\/12\/10\/balacera-en-queretaro-policia-repele-agresion-y-lesiona-a-atacante\/\",\"name\":\"Balacera en Quer\u00e9taro: Polic\u00eda repele agresi\u00f3n y lesiona a atacante | Nexo Informativo Santiago de Quer\u00e9taro\",\"isPartOf\":{\"@id\":\"https:\/\/www.nexoinformativo.mx\/#website\"},\"primaryImageOfPage\":{\"@id\":\"https:\/\/www.nexoinformativo.mx\/index.php\/2024\/12\/10\/balacera-en-queretaro-policia-repele-agresion-y-lesiona-a-atacante\/#primaryimage\"},\"image\":{\"@id\":\"https:\/\/www.nexoinformativo.mx\/index.php\/2024\/12\/10\/balacera-en-queretaro-policia-repele-agresion-y-lesiona-a-atacante\/#primaryimage\"},\"thumbnailUrl\":\"https:\/\/www.nexoinformativo.mx\/wp-content\/uploads\/2024\/12\/IMG_8449-e1733866771907.jpg\",\"datePublished\":\"2024-12-10T20:00:20+00:00\",\"dateModified\":\"2024-12-10T21:40:53+00:00\",\"description\":\"Balacera en Quer\u00e9taro: Polic\u00eda repele agresi\u00f3n y lesiona a atacante\",\"breadcrumb\":{\"@id\":\"https:\/\/www.nexoinformativo.mx\/index.php\/2024\/12\/10\/balacera-en-queretaro-policia-repele-agresion-y-lesiona-a-atacante\/#breadcrumb\"},\"inLanguage\":\"es\",\"potentialAction\":[{\"@type\":\"ReadAction\",\"target\":[\"https:\/\/www.nexoinformativo.mx\/index.php\/2024\/12\/10\/balacera-en-queretaro-policia-repele-agresion-y-lesiona-a-atacante\/\"]}]},{\"@type\":\"ImageObject\",\"inLanguage\":\"es\",\"@id\":\"https:\/\/www.nexoinformativo.mx\/index.php\/2024\/12\/10\/balacera-en-queretaro-policia-repele-agresion-y-lesiona-a-atacante\/#primaryimage\",\"url\":\"https:\/\/www.nexoinformativo.mx\/wp-content\/uploads\/2024\/12\/IMG_8449-e1733866771907.jpg\",\"contentUrl\":\"https:\/\/www.nexoinformativo.mx\/wp-content\/uploads\/2024\/12\/IMG_8449-e1733866771907.jpg\",\"width\":700,\"height\":449,\"caption\":\"Screenshot\"},{\"@type\":\"BreadcrumbList\",\"@id\":\"https:\/\/www.nexoinformativo.mx\/index.php\/2024\/12\/10\/balacera-en-queretaro-policia-repele-agresion-y-lesiona-a-atacante\/#breadcrumb\",\"itemListElement\":[{\"@type\":\"ListItem\",\"position\":1,\"name\":\"Inicio\",\"item\":\"https:\/\/www.nexoinformativo.mx\/\"},{\"@type\":\"ListItem\",\"position\":2,\"name\":\"Balacera en Quer\u00e9taro: Polic\u00eda repele agresi\u00f3n y lesiona a atacante\"}]},{\"@type\":\"WebSite\",\"@id\":\"https:\/\/www.nexoinformativo.mx\/#website\",\"url\":\"https:\/\/www.nexoinformativo.mx\/\",\"name\":\"Nexo Informativo Santiago de Quer\u00e9taro\",\"description\":\"Explora NexoInformativo y convi\u00e9rtete en parte de una comunidad que valora el conocimiento y la verdad. Tu nexoinformativo es tu puente hacia una comprensi\u00f3n m\u00e1s profunda del mundo que te rodea.\",\"publisher\":{\"@id\":\"https:\/\/www.nexoinformativo.mx\/#organization\"},\"potentialAction\":[{\"@type\":\"SearchAction\",\"target\":{\"@type\":\"EntryPoint\",\"urlTemplate\":\"https:\/\/www.nexoinformativo.mx\/?s={search_term_string}\"},\"query-input\":{\"@type\":\"PropertyValueSpecification\",\"valueRequired\":true,\"valueName\":\"search_term_string\"}}],\"inLanguage\":\"es\"},{\"@type\":\"Organization\",\"@id\":\"https:\/\/www.nexoinformativo.mx\/#organization\",\"name\":\"Nexo Informativo Santiago de Quer\u00e9taro\",\"url\":\"https:\/\/www.nexoinformativo.mx\/\",\"logo\":{\"@type\":\"ImageObject\",\"inLanguage\":\"es\",\"@id\":\"https:\/\/www.nexoinformativo.mx\/#\/schema\/logo\/image\/\",\"url\":\"https:\/\/www.nexoinformativo.mx\/wp-content\/uploads\/2024\/07\/nexoi-trasparente-2.png\",\"contentUrl\":\"https:\/\/www.nexoinformativo.mx\/wp-content\/uploads\/2024\/07\/nexoi-trasparente-2.png\",\"width\":816,\"height\":339,\"caption\":\"Nexo Informativo Santiago de Quer\u00e9taro\"},\"image\":{\"@id\":\"https:\/\/www.nexoinformativo.mx\/#\/schema\/logo\/image\/\"},\"sameAs\":[\"https:\/\/www.facebook.com\/people\/Nexo-Informativo\/61564066885511\/\"]},{\"@type\":\"Person\",\"@id\":\"https:\/\/www.nexoinformativo.mx\/#\/schema\/person\/7749d380ba08c8ca00d7bc76fd907b7d\",\"name\":\"Nexo Informativo\",\"image\":{\"@type\":\"ImageObject\",\"inLanguage\":\"es\",\"@id\":\"https:\/\/www.nexoinformativo.mx\/#\/schema\/person\/image\/\",\"url\":\"https:\/\/secure.gravatar.com\/avatar\/dde2928154642a13d95f87ddf1ea9718fe2b46760a005c53e41ff5ad610704e6?s=96&d=mm&r=g\",\"contentUrl\":\"https:\/\/secure.gravatar.com\/avatar\/dde2928154642a13d95f87ddf1ea9718fe2b46760a005c53e41ff5ad610704e6?s=96&d=mm&r=g\",\"caption\":\"Nexo Informativo\"},\"url\":\"https:\/\/www.nexoinformativo.mx\/index.php\/author\/edicion\/\"}]}<\/script>\n<!-- \/ Yoast SEO plugin. -->","yoast_head_json":{"title":"Balacera en Quer\u00e9taro: Polic\u00eda repele agresi\u00f3n y lesiona a atacante | Nexo Informativo Santiago de Quer\u00e9taro","description":"Balacera en Quer\u00e9taro: Polic\u00eda repele agresi\u00f3n y lesiona a atacante","robots":{"index":"index","follow":"follow","max-snippet":"max-snippet:-1","max-image-preview":"max-image-preview:large","max-video-preview":"max-video-preview:-1"},"canonical":"https:\/\/www.nexoinformativo.mx\/index.php\/2024\/12\/10\/balacera-en-queretaro-policia-repele-agresion-y-lesiona-a-atacante\/","og_locale":"es_MX","og_type":"article","og_title":"Balacera en Quer\u00e9taro: Polic\u00eda repele agresi\u00f3n y lesiona a atacante | Nexo Informativo Santiago de Quer\u00e9taro","og_description":"Balacera en Quer\u00e9taro: Polic\u00eda repele agresi\u00f3n y lesiona a atacante","og_url":"https:\/\/www.nexoinformativo.mx\/index.php\/2024\/12\/10\/balacera-en-queretaro-policia-repele-agresion-y-lesiona-a-atacante\/","og_site_name":"Nexo Informativo Santiago de Quer\u00e9taro","article_publisher":"https:\/\/www.facebook.com\/people\/Nexo-Informativo\/61564066885511\/","article_published_time":"2024-12-10T20:00:20+00:00","article_modified_time":"2024-12-10T21:40:53+00:00","og_image":[{"width":700,"height":449,"url":"https:\/\/www.nexoinformativo.mx\/wp-content\/uploads\/2024\/12\/IMG_8449-e1733866771907.jpg","type":"image\/jpeg"}],"author":"Nexo Informativo","twitter_card":"summary_large_image","twitter_misc":{"Escrito por":"Nexo Informativo","Tiempo de lectura":"1 minuto"},"schema":{"@context":"https:\/\/schema.org","@graph":[{"@type":"Article","@id":"https:\/\/www.nexoinformativo.mx\/index.php\/2024\/12\/10\/balacera-en-queretaro-policia-repele-agresion-y-lesiona-a-atacante\/#article","isPartOf":{"@id":"https:\/\/www.nexoinformativo.mx\/index.php\/2024\/12\/10\/balacera-en-queretaro-policia-repele-agresion-y-lesiona-a-atacante\/"},"author":{"name":"Nexo Informativo","@id":"https:\/\/www.nexoinformativo.mx\/#\/schema\/person\/7749d380ba08c8ca00d7bc76fd907b7d"},"headline":"Balacera en Quer\u00e9taro: Polic\u00eda repele agresi\u00f3n y lesiona a atacante","datePublished":"2024-12-10T20:00:20+00:00","dateModified":"2024-12-10T21:40:53+00:00","mainEntityOfPage":{"@id":"https:\/\/www.nexoinformativo.mx\/index.php\/2024\/12\/10\/balacera-en-queretaro-policia-repele-agresion-y-lesiona-a-atacante\/"},"wordCount":186,"commentCount":0,"publisher":{"@id":"https:\/\/www.nexoinformativo.mx\/#organization"},"image":{"@id":"https:\/\/www.nexoinformativo.mx\/index.php\/2024\/12\/10\/balacera-en-queretaro-policia-repele-agresion-y-lesiona-a-atacante\/#primaryimage"},"thumbnailUrl":"https:\/\/www.nexoinformativo.mx\/wp-content\/uploads\/2024\/12\/IMG_8449-e1733866771907.jpg","keywords":["IncidenteArmado","Polic\u00edamunicipal","Quer\u00e9taro","SeguridadP\u00fablica"],"articleSection":["Sucesos","\u00daltima Hora"],"inLanguage":"es","potentialAction":[{"@type":"CommentAction","name":"Comment","target":["https:\/\/www.nexoinformativo.mx\/index.php\/2024\/12\/10\/balacera-en-queretaro-policia-repele-agresion-y-lesiona-a-atacante\/#respond"]}]},{"@type":"WebPage","@id":"https:\/\/www.nexoinformativo.mx\/index.php\/2024\/12\/10\/balacera-en-queretaro-policia-repele-agresion-y-lesiona-a-atacante\/","url":"https:\/\/www.nexoinformativo.mx\/index.php\/2024\/12\/10\/balacera-en-queretaro-policia-repele-agresion-y-lesiona-a-atacante\/","name":"Balacera en Quer\u00e9taro: Polic\u00eda repele agresi\u00f3n y lesiona a atacante | Nexo Informativo Santiago de Quer\u00e9taro","isPartOf":{"@id":"https:\/\/www.nexoinformativo.mx\/#website"},"primaryImageOfPage":{"@id":"https:\/\/www.nexoinformativo.mx\/index.php\/2024\/12\/10\/balacera-en-queretaro-policia-repele-agresion-y-lesiona-a-atacante\/#primaryimage"},"image":{"@id":"https:\/\/www.nexoinformativo.mx\/index.php\/2024\/12\/10\/balacera-en-queretaro-policia-repele-agresion-y-lesiona-a-atacante\/#primaryimage"},"thumbnailUrl":"https:\/\/www.nexoinformativo.mx\/wp-content\/uploads\/2024\/12\/IMG_8449-e1733866771907.jpg","datePublished":"2024-12-10T20:00:20+00:00","dateModified":"2024-12-10T21:40:53+00:00","description":"Balacera en Quer\u00e9taro: Polic\u00eda repele agresi\u00f3n y lesiona a atacante","breadcrumb":{"@id":"https:\/\/www.nexoinformativo.mx\/index.php\/2024\/12\/10\/balacera-en-queretaro-policia-repele-agresion-y-lesiona-a-atacante\/#breadcrumb"},"inLanguage":"es","potentialAction":[{"@type":"ReadAction","target":["https:\/\/www.nexoinformativo.mx\/index.php\/2024\/12\/10\/balacera-en-queretaro-policia-repele-agresion-y-lesiona-a-atacante\/"]}]},{"@type":"ImageObject","inLanguage":"es","@id":"https:\/\/www.nexoinformativo.mx\/index.php\/2024\/12\/10\/balacera-en-queretaro-policia-repele-agresion-y-lesiona-a-atacante\/#primaryimage","url":"https:\/\/www.nexoinformativo.mx\/wp-content\/uploads\/2024\/12\/IMG_8449-e1733866771907.jpg","contentUrl":"https:\/\/www.nexoinformativo.mx\/wp-content\/uploads\/2024\/12\/IMG_8449-e1733866771907.jpg","width":700,"height":449,"caption":"Screenshot"},{"@type":"BreadcrumbList","@id":"https:\/\/www.nexoinformativo.mx\/index.php\/2024\/12\/10\/balacera-en-queretaro-policia-repele-agresion-y-lesiona-a-atacante\/#breadcrumb","itemListElement":[{"@type":"ListItem","position":1,"name":"Inicio","item":"https:\/\/www.nexoinformativo.mx\/"},{"@type":"ListItem","position":2,"name":"Balacera en Quer\u00e9taro: Polic\u00eda repele agresi\u00f3n y lesiona a atacante"}]},{"@type":"WebSite","@id":"https:\/\/www.nexoinformativo.mx\/#website","url":"https:\/\/www.nexoinformativo.mx\/","name":"Nexo Informativo Santiago de Quer\u00e9taro","description":"Explora NexoInformativo y convi\u00e9rtete en parte de una comunidad que valora el conocimiento y la verdad. Tu nexoinformativo es tu puente hacia una comprensi\u00f3n m\u00e1s profunda del mundo que te rodea.","publisher":{"@id":"https:\/\/www.nexoinformativo.mx\/#organization"},"potentialAction":[{"@type":"SearchAction","target":{"@type":"EntryPoint","urlTemplate":"https:\/\/www.nexoinformativo.mx\/?s={search_term_string}"},"query-input":{"@type":"PropertyValueSpecification","valueRequired":true,"valueName":"search_term_string"}}],"inLanguage":"es"},{"@type":"Organization","@id":"https:\/\/www.nexoinformativo.mx\/#organization","name":"Nexo Informativo Santiago de Quer\u00e9taro","url":"https:\/\/www.nexoinformativo.mx\/","logo":{"@type":"ImageObject","inLanguage":"es","@id":"https:\/\/www.nexoinformativo.mx\/#\/schema\/logo\/image\/","url":"https:\/\/www.nexoinformativo.mx\/wp-content\/uploads\/2024\/07\/nexoi-trasparente-2.png","contentUrl":"https:\/\/www.nexoinformativo.mx\/wp-content\/uploads\/2024\/07\/nexoi-trasparente-2.png","width":816,"height":339,"caption":"Nexo Informativo Santiago de Quer\u00e9taro"},"image":{"@id":"https:\/\/www.nexoinformativo.mx\/#\/schema\/logo\/image\/"},"sameAs":["https:\/\/www.facebook.com\/people\/Nexo-Informativo\/61564066885511\/"]},{"@type":"Person","@id":"https:\/\/www.nexoinformativo.mx\/#\/schema\/person\/7749d380ba08c8ca00d7bc76fd907b7d","name":"Nexo Informativo","image":{"@type":"ImageObject","inLanguage":"es","@id":"https:\/\/www.nexoinformativo.mx\/#\/schema\/person\/image\/","url":"https:\/\/secure.gravatar.com\/avatar\/dde2928154642a13d95f87ddf1ea9718fe2b46760a005c53e41ff5ad610704e6?s=96&d=mm&r=g","contentUrl":"https:\/\/secure.gravatar.com\/avatar\/dde2928154642a13d95f87ddf1ea9718fe2b46760a005c53e41ff5ad610704e6?s=96&d=mm&r=g","caption":"Nexo Informativo"},"url":"https:\/\/www.nexoinformativo.mx\/index.php\/author\/edicion\/"}]}},"_links":{"self":[{"href":"https:\/\/www.nexoinformativo.mx\/index.php\/wp-json\/wp\/v2\/posts\/7870","targetHints":{"allow":["GET"]}}],"collection":[{"href":"https:\/\/www.nexoinformativo.mx\/index.php\/wp-json\/wp\/v2\/posts"}],"about":[{"href":"https:\/\/www.nexoinformativo.mx\/index.php\/wp-json\/wp\/v2\/types\/post"}],"author":[{"embeddable":true,"href":"https:\/\/www.nexoinformativo.mx\/index.php\/wp-json\/wp\/v2\/users\/3"}],"replies":[{"embeddable":true,"href":"https:\/\/www.nexoinformativo.mx\/index.php\/wp-json\/wp\/v2\/comments?post=7870"}],"version-history":[{"count":4,"href":"https:\/\/www.nexoinformativo.mx\/index.php\/wp-json\/wp\/v2\/posts\/7870\/revisions"}],"predecessor-version":[{"id":7876,"href":"https:\/\/www.nexoinformativo.mx\/index.php\/wp-json\/wp\/v2\/posts\/7870\/revisions\/7876"}],"wp:featuredmedia":[{"embeddable":true,"href":"https:\/\/www.nexoinformativo.mx\/index.php\/wp-json\/wp\/v2\/media\/7874"}],"wp:attachment":[{"href":"https:\/\/www.nexoinformativo.mx\/index.php\/wp-json\/wp\/v2\/media?parent=7870"}],"wp:term":[{"taxonomy":"category","embeddable":true,"href":"https:\/\/www.nexoinformativo.mx\/index.php\/wp-json\/wp\/v2\/categories?post=7870"},{"taxonomy":"post_tag","embeddable":true,"href":"https:\/\/www.nexoinformativo.mx\/index.php\/wp-json\/wp\/v2\/tags?post=7870"}],"curies":[{"name":"wp","href":"https:\/\/api.w.org\/{rel}","templated":true}]}}