{"id":7879,"date":"2024-12-11T07:00:33","date_gmt":"2024-12-11T13:00:33","guid":{"rendered":"https:\/\/www.nexoinformativo.mx\/?p=7879"},"modified":"2024-12-11T10:28:21","modified_gmt":"2024-12-11T16:28:21","slug":"mexico-lidera-la-lucha-contra-el-cambio-climatico-en-la-corte-internacional-de-justicia","status":"publish","type":"post","link":"https:\/\/www.nexoinformativo.mx\/index.php\/2024\/12\/11\/mexico-lidera-la-lucha-contra-el-cambio-climatico-en-la-corte-internacional-de-justicia\/","title":{"rendered":"M\u00e9xico lidera la lucha contra el cambio clim\u00e1tico en la Corte Internacional de Justicia"},"content":{"rendered":"<p style=\"text-align: justify;\" data-sourcepos=\"13:1-13:261\">En un paso crucial para fortalecer la acci\u00f3n clim\u00e1tica a nivel internacional, M\u00e9xico ha pedido a la Corte Internacional de Justicia (CIJ) que establezca normas claras y vinculantes para que los pa\u00edses cumplan con sus obligaciones en materia de cambio clim\u00e1tico.<\/p>\n<p>&nbsp;<\/p>\n<p style=\"text-align: justify;\" data-sourcepos=\"15:1-15:376\">Durante las audiencias celebradas en la CIJ, la delegaci\u00f3n mexicana enfatiz\u00f3 la necesidad de un marco jur\u00eddico s\u00f3lido que garantice la protecci\u00f3n del medio ambiente y los derechos humanos. M\u00e9xico abog\u00f3 por un enfoque que reconozca las responsabilidades compartidas pero diferenciadas de los pa\u00edses, y que promueva la justicia clim\u00e1tica.<\/p>\n<p>&nbsp;<\/p>\n<p style=\"text-align: justify;\" data-sourcepos=\"17:1-17:342\">La delegaci\u00f3n mexicana destac\u00f3 la importancia de que los Estados rindan cuentas por los da\u00f1os causados por el cambio clim\u00e1tico y de que se implementen medidas de reparaci\u00f3n efectivas.<\/p>\n<p>&nbsp;<\/p>\n<p style=\"text-align: justify;\" data-sourcepos=\"21:1-21:338\">Esta iniciativa de M\u00e9xico busca sentar un precedente importante en el derecho internacional y fortalecer la cooperaci\u00f3n global para enfrentar la crisis clim\u00e1tica.<\/p>\n<p>&nbsp;<\/p>\n<p style=\"text-align: justify;\" data-sourcepos=\"21:1-21:338\">Al solicitar una opini\u00f3n consultiva a la CIJ, M\u00e9xico busca que la Corte establezca principios claros que gu\u00eden a los Estados en sus acciones para combatir el cambio clim\u00e1tico.<\/p>\n<p>&nbsp;<\/p>\n<p style=\"text-align: justify;\" data-sourcepos=\"23:1-23:185\">La posici\u00f3n de M\u00e9xico ha sido ampliamente respaldada por la comunidad internacional, que reconoce la importancia de contar con un marco jur\u00eddico s\u00f3lido para abordar este desaf\u00edo global.<\/p>\n<p>&nbsp;<\/p>\n<p style=\"text-align: justify;\" data-sourcepos=\"23:1-23:185\">Con esta iniciativa, M\u00e9xico reafirma su compromiso con la acci\u00f3n clim\u00e1tica y su liderazgo en la promoci\u00f3n de un desarrollo sostenible.<\/p>\n<p>&nbsp;<\/p>\n<p style=\"text-align: justify;\" data-sourcepos=\"23:1-23:185\">El pa\u00eds ha sido pionero en la implementaci\u00f3n de pol\u00edticas p\u00fablicas para reducir las emisiones de gases de efecto invernadero y promover la adaptaci\u00f3n al cambio clim\u00e1tico.<\/p>\n<p>&nbsp;<\/p>\n<p style=\"text-align: center;\" data-sourcepos=\"23:1-23:185\"><em><strong>\u00a1Informaci\u00f3n que transforma!<\/strong><\/em><\/p>\n","protected":false},"excerpt":{"rendered":"<p>En un paso crucial para fortalecer la acci\u00f3n clim\u00e1tica a nivel internacional, M\u00e9xico ha pedido a la Corte Internacional de Justicia (CIJ) que establezca normas claras y vinculantes para que los pa\u00edses cumplan con sus obligaciones en materia de cambio clim\u00e1tico.<\/p>\n","protected":false},"author":3,"featured_media":7880,"comment_status":"open","ping_status":"open","sticky":false,"template":"","format":"standard","meta":{"footnotes":""},"categories":[88,58],"tags":[2285,2604,2603,2605],"class_list":["post-7879","post","type-post","status-publish","format-standard","has-post-thumbnail","hentry","category-nacional","category-ultima-hora","tag-cambioclimatico","tag-cij","tag-justiciaclimatica","tag-mexicolidera"],"yoast_head":"<!-- This site is optimized with the Yoast SEO plugin v25.0 - https:\/\/yoast.com\/wordpress\/plugins\/seo\/ -->\n<title>M\u00e9xico lidera la lucha contra el cambio clim\u00e1tico en la Corte Internacional de Justicia | Nexo Informativo Santiago de Quer\u00e9taro<\/title>\n<meta name=\"description\" content=\"M\u00e9xico lidera la lucha contra el cambio clim\u00e1tico en la Corte Internacional de Justicia\" \/>\n<meta name=\"robots\" content=\"index, follow, max-snippet:-1, max-image-preview:large, max-video-preview:-1\" \/>\n<link rel=\"canonical\" href=\"https:\/\/www.nexoinformativo.mx\/index.php\/2024\/12\/11\/mexico-lidera-la-lucha-contra-el-cambio-climatico-en-la-corte-internacional-de-justicia\/\" \/>\n<meta property=\"og:locale\" content=\"es_MX\" \/>\n<meta property=\"og:type\" content=\"article\" \/>\n<meta property=\"og:title\" content=\"M\u00e9xico lidera la lucha contra el cambio clim\u00e1tico en la Corte Internacional de Justicia | Nexo Informativo Santiago de Quer\u00e9taro\" \/>\n<meta property=\"og:description\" content=\"M\u00e9xico lidera la lucha contra el cambio clim\u00e1tico en la Corte Internacional de Justicia\" \/>\n<meta property=\"og:url\" content=\"https:\/\/www.nexoinformativo.mx\/index.php\/2024\/12\/11\/mexico-lidera-la-lucha-contra-el-cambio-climatico-en-la-corte-internacional-de-justicia\/\" \/>\n<meta property=\"og:site_name\" content=\"Nexo Informativo Santiago de Quer\u00e9taro\" \/>\n<meta property=\"article:publisher\" content=\"https:\/\/www.facebook.com\/people\/Nexo-Informativo\/61564066885511\/\" \/>\n<meta property=\"article:published_time\" content=\"2024-12-11T13:00:33+00:00\" \/>\n<meta property=\"article:modified_time\" content=\"2024-12-11T16:28:21+00:00\" \/>\n<meta property=\"og:image\" content=\"https:\/\/www.nexoinformativo.mx\/wp-content\/uploads\/2024\/12\/IMG_8476.jpg\" \/>\n\t<meta property=\"og:image:width\" content=\"650\" \/>\n\t<meta property=\"og:image:height\" content=\"380\" \/>\n\t<meta property=\"og:image:type\" content=\"image\/jpeg\" \/>\n<meta name=\"author\" content=\"Nexo Informativo\" \/>\n<meta name=\"twitter:card\" content=\"summary_large_image\" \/>\n<meta name=\"twitter:label1\" content=\"Escrito por\" \/>\n\t<meta name=\"twitter:data1\" content=\"Nexo Informativo\" \/>\n\t<meta name=\"twitter:label2\" content=\"Tiempo de lectura\" \/>\n\t<meta name=\"twitter:data2\" content=\"2 minutos\" \/>\n<script type=\"application\/ld+json\" class=\"yoast-schema-graph\">{\"@context\":\"https:\/\/schema.org\",\"@graph\":[{\"@type\":\"Article\",\"@id\":\"https:\/\/www.nexoinformativo.mx\/index.php\/2024\/12\/11\/mexico-lidera-la-lucha-contra-el-cambio-climatico-en-la-corte-internacional-de-justicia\/#article\",\"isPartOf\":{\"@id\":\"https:\/\/www.nexoinformativo.mx\/index.php\/2024\/12\/11\/mexico-lidera-la-lucha-contra-el-cambio-climatico-en-la-corte-internacional-de-justicia\/\"},\"author\":{\"name\":\"Nexo Informativo\",\"@id\":\"https:\/\/www.nexoinformativo.mx\/#\/schema\/person\/7749d380ba08c8ca00d7bc76fd907b7d\"},\"headline\":\"M\u00e9xico lidera la lucha contra el cambio clim\u00e1tico en la Corte Internacional de Justicia\",\"datePublished\":\"2024-12-11T13:00:33+00:00\",\"dateModified\":\"2024-12-11T16:28:21+00:00\",\"mainEntityOfPage\":{\"@id\":\"https:\/\/www.nexoinformativo.mx\/index.php\/2024\/12\/11\/mexico-lidera-la-lucha-contra-el-cambio-climatico-en-la-corte-internacional-de-justicia\/\"},\"wordCount\":314,\"commentCount\":0,\"publisher\":{\"@id\":\"https:\/\/www.nexoinformativo.mx\/#organization\"},\"image\":{\"@id\":\"https:\/\/www.nexoinformativo.mx\/index.php\/2024\/12\/11\/mexico-lidera-la-lucha-contra-el-cambio-climatico-en-la-corte-internacional-de-justicia\/#primaryimage\"},\"thumbnailUrl\":\"https:\/\/www.nexoinformativo.mx\/wp-content\/uploads\/2024\/12\/IMG_8476.jpg\",\"keywords\":[\"CambioClim\u00e1tico\",\"CIJ\",\"JusticiaClim\u00e1tica\",\"M\u00e9xicoLidera\"],\"articleSection\":[\"Nacional\",\"\u00daltima Hora\"],\"inLanguage\":\"es\",\"potentialAction\":[{\"@type\":\"CommentAction\",\"name\":\"Comment\",\"target\":[\"https:\/\/www.nexoinformativo.mx\/index.php\/2024\/12\/11\/mexico-lidera-la-lucha-contra-el-cambio-climatico-en-la-corte-internacional-de-justicia\/#respond\"]}]},{\"@type\":\"WebPage\",\"@id\":\"https:\/\/www.nexoinformativo.mx\/index.php\/2024\/12\/11\/mexico-lidera-la-lucha-contra-el-cambio-climatico-en-la-corte-internacional-de-justicia\/\",\"url\":\"https:\/\/www.nexoinformativo.mx\/index.php\/2024\/12\/11\/mexico-lidera-la-lucha-contra-el-cambio-climatico-en-la-corte-internacional-de-justicia\/\",\"name\":\"M\u00e9xico lidera la lucha contra el cambio clim\u00e1tico en la Corte Internacional de Justicia | Nexo Informativo Santiago de Quer\u00e9taro\",\"isPartOf\":{\"@id\":\"https:\/\/www.nexoinformativo.mx\/#website\"},\"primaryImageOfPage\":{\"@id\":\"https:\/\/www.nexoinformativo.mx\/index.php\/2024\/12\/11\/mexico-lidera-la-lucha-contra-el-cambio-climatico-en-la-corte-internacional-de-justicia\/#primaryimage\"},\"image\":{\"@id\":\"https:\/\/www.nexoinformativo.mx\/index.php\/2024\/12\/11\/mexico-lidera-la-lucha-contra-el-cambio-climatico-en-la-corte-internacional-de-justicia\/#primaryimage\"},\"thumbnailUrl\":\"https:\/\/www.nexoinformativo.mx\/wp-content\/uploads\/2024\/12\/IMG_8476.jpg\",\"datePublished\":\"2024-12-11T13:00:33+00:00\",\"dateModified\":\"2024-12-11T16:28:21+00:00\",\"description\":\"M\u00e9xico lidera la lucha contra el cambio clim\u00e1tico en la Corte Internacional de Justicia\",\"breadcrumb\":{\"@id\":\"https:\/\/www.nexoinformativo.mx\/index.php\/2024\/12\/11\/mexico-lidera-la-lucha-contra-el-cambio-climatico-en-la-corte-internacional-de-justicia\/#breadcrumb\"},\"inLanguage\":\"es\",\"potentialAction\":[{\"@type\":\"ReadAction\",\"target\":[\"https:\/\/www.nexoinformativo.mx\/index.php\/2024\/12\/11\/mexico-lidera-la-lucha-contra-el-cambio-climatico-en-la-corte-internacional-de-justicia\/\"]}]},{\"@type\":\"ImageObject\",\"inLanguage\":\"es\",\"@id\":\"https:\/\/www.nexoinformativo.mx\/index.php\/2024\/12\/11\/mexico-lidera-la-lucha-contra-el-cambio-climatico-en-la-corte-internacional-de-justicia\/#primaryimage\",\"url\":\"https:\/\/www.nexoinformativo.mx\/wp-content\/uploads\/2024\/12\/IMG_8476.jpg\",\"contentUrl\":\"https:\/\/www.nexoinformativo.mx\/wp-content\/uploads\/2024\/12\/IMG_8476.jpg\",\"width\":650,\"height\":380},{\"@type\":\"BreadcrumbList\",\"@id\":\"https:\/\/www.nexoinformativo.mx\/index.php\/2024\/12\/11\/mexico-lidera-la-lucha-contra-el-cambio-climatico-en-la-corte-internacional-de-justicia\/#breadcrumb\",\"itemListElement\":[{\"@type\":\"ListItem\",\"position\":1,\"name\":\"Inicio\",\"item\":\"https:\/\/www.nexoinformativo.mx\/\"},{\"@type\":\"ListItem\",\"position\":2,\"name\":\"M\u00e9xico lidera la lucha contra el cambio clim\u00e1tico en la Corte Internacional de Justicia\"}]},{\"@type\":\"WebSite\",\"@id\":\"https:\/\/www.nexoinformativo.mx\/#website\",\"url\":\"https:\/\/www.nexoinformativo.mx\/\",\"name\":\"Nexo Informativo Santiago de Quer\u00e9taro\",\"description\":\"Explora NexoInformativo y convi\u00e9rtete en parte de una comunidad que valora el conocimiento y la verdad. Tu nexoinformativo es tu puente hacia una comprensi\u00f3n m\u00e1s profunda del mundo que te rodea.\",\"publisher\":{\"@id\":\"https:\/\/www.nexoinformativo.mx\/#organization\"},\"potentialAction\":[{\"@type\":\"SearchAction\",\"target\":{\"@type\":\"EntryPoint\",\"urlTemplate\":\"https:\/\/www.nexoinformativo.mx\/?s={search_term_string}\"},\"query-input\":{\"@type\":\"PropertyValueSpecification\",\"valueRequired\":true,\"valueName\":\"search_term_string\"}}],\"inLanguage\":\"es\"},{\"@type\":\"Organization\",\"@id\":\"https:\/\/www.nexoinformativo.mx\/#organization\",\"name\":\"Nexo Informativo Santiago de Quer\u00e9taro\",\"url\":\"https:\/\/www.nexoinformativo.mx\/\",\"logo\":{\"@type\":\"ImageObject\",\"inLanguage\":\"es\",\"@id\":\"https:\/\/www.nexoinformativo.mx\/#\/schema\/logo\/image\/\",\"url\":\"https:\/\/www.nexoinformativo.mx\/wp-content\/uploads\/2024\/07\/nexoi-trasparente-2.png\",\"contentUrl\":\"https:\/\/www.nexoinformativo.mx\/wp-content\/uploads\/2024\/07\/nexoi-trasparente-2.png\",\"width\":816,\"height\":339,\"caption\":\"Nexo Informativo Santiago de Quer\u00e9taro\"},\"image\":{\"@id\":\"https:\/\/www.nexoinformativo.mx\/#\/schema\/logo\/image\/\"},\"sameAs\":[\"https:\/\/www.facebook.com\/people\/Nexo-Informativo\/61564066885511\/\"]},{\"@type\":\"Person\",\"@id\":\"https:\/\/www.nexoinformativo.mx\/#\/schema\/person\/7749d380ba08c8ca00d7bc76fd907b7d\",\"name\":\"Nexo Informativo\",\"image\":{\"@type\":\"ImageObject\",\"inLanguage\":\"es\",\"@id\":\"https:\/\/www.nexoinformativo.mx\/#\/schema\/person\/image\/\",\"url\":\"https:\/\/secure.gravatar.com\/avatar\/dde2928154642a13d95f87ddf1ea9718fe2b46760a005c53e41ff5ad610704e6?s=96&d=mm&r=g\",\"contentUrl\":\"https:\/\/secure.gravatar.com\/avatar\/dde2928154642a13d95f87ddf1ea9718fe2b46760a005c53e41ff5ad610704e6?s=96&d=mm&r=g\",\"caption\":\"Nexo Informativo\"},\"url\":\"https:\/\/www.nexoinformativo.mx\/index.php\/author\/edicion\/\"}]}<\/script>\n<!-- \/ Yoast SEO plugin. -->","yoast_head_json":{"title":"M\u00e9xico lidera la lucha contra el cambio clim\u00e1tico en la Corte Internacional de Justicia | Nexo Informativo Santiago de Quer\u00e9taro","description":"M\u00e9xico lidera la lucha contra el cambio clim\u00e1tico en la Corte Internacional de Justicia","robots":{"index":"index","follow":"follow","max-snippet":"max-snippet:-1","max-image-preview":"max-image-preview:large","max-video-preview":"max-video-preview:-1"},"canonical":"https:\/\/www.nexoinformativo.mx\/index.php\/2024\/12\/11\/mexico-lidera-la-lucha-contra-el-cambio-climatico-en-la-corte-internacional-de-justicia\/","og_locale":"es_MX","og_type":"article","og_title":"M\u00e9xico lidera la lucha contra el cambio clim\u00e1tico en la Corte Internacional de Justicia | Nexo Informativo Santiago de Quer\u00e9taro","og_description":"M\u00e9xico lidera la lucha contra el cambio clim\u00e1tico en la Corte Internacional de Justicia","og_url":"https:\/\/www.nexoinformativo.mx\/index.php\/2024\/12\/11\/mexico-lidera-la-lucha-contra-el-cambio-climatico-en-la-corte-internacional-de-justicia\/","og_site_name":"Nexo Informativo Santiago de Quer\u00e9taro","article_publisher":"https:\/\/www.facebook.com\/people\/Nexo-Informativo\/61564066885511\/","article_published_time":"2024-12-11T13:00:33+00:00","article_modified_time":"2024-12-11T16:28:21+00:00","og_image":[{"width":650,"height":380,"url":"https:\/\/www.nexoinformativo.mx\/wp-content\/uploads\/2024\/12\/IMG_8476.jpg","type":"image\/jpeg"}],"author":"Nexo Informativo","twitter_card":"summary_large_image","twitter_misc":{"Escrito por":"Nexo Informativo","Tiempo de lectura":"2 minutos"},"schema":{"@context":"https:\/\/schema.org","@graph":[{"@type":"Article","@id":"https:\/\/www.nexoinformativo.mx\/index.php\/2024\/12\/11\/mexico-lidera-la-lucha-contra-el-cambio-climatico-en-la-corte-internacional-de-justicia\/#article","isPartOf":{"@id":"https:\/\/www.nexoinformativo.mx\/index.php\/2024\/12\/11\/mexico-lidera-la-lucha-contra-el-cambio-climatico-en-la-corte-internacional-de-justicia\/"},"author":{"name":"Nexo Informativo","@id":"https:\/\/www.nexoinformativo.mx\/#\/schema\/person\/7749d380ba08c8ca00d7bc76fd907b7d"},"headline":"M\u00e9xico lidera la lucha contra el cambio clim\u00e1tico en la Corte Internacional de Justicia","datePublished":"2024-12-11T13:00:33+00:00","dateModified":"2024-12-11T16:28:21+00:00","mainEntityOfPage":{"@id":"https:\/\/www.nexoinformativo.mx\/index.php\/2024\/12\/11\/mexico-lidera-la-lucha-contra-el-cambio-climatico-en-la-corte-internacional-de-justicia\/"},"wordCount":314,"commentCount":0,"publisher":{"@id":"https:\/\/www.nexoinformativo.mx\/#organization"},"image":{"@id":"https:\/\/www.nexoinformativo.mx\/index.php\/2024\/12\/11\/mexico-lidera-la-lucha-contra-el-cambio-climatico-en-la-corte-internacional-de-justicia\/#primaryimage"},"thumbnailUrl":"https:\/\/www.nexoinformativo.mx\/wp-content\/uploads\/2024\/12\/IMG_8476.jpg","keywords":["CambioClim\u00e1tico","CIJ","JusticiaClim\u00e1tica","M\u00e9xicoLidera"],"articleSection":["Nacional","\u00daltima Hora"],"inLanguage":"es","potentialAction":[{"@type":"CommentAction","name":"Comment","target":["https:\/\/www.nexoinformativo.mx\/index.php\/2024\/12\/11\/mexico-lidera-la-lucha-contra-el-cambio-climatico-en-la-corte-internacional-de-justicia\/#respond"]}]},{"@type":"WebPage","@id":"https:\/\/www.nexoinformativo.mx\/index.php\/2024\/12\/11\/mexico-lidera-la-lucha-contra-el-cambio-climatico-en-la-corte-internacional-de-justicia\/","url":"https:\/\/www.nexoinformativo.mx\/index.php\/2024\/12\/11\/mexico-lidera-la-lucha-contra-el-cambio-climatico-en-la-corte-internacional-de-justicia\/","name":"M\u00e9xico lidera la lucha contra el cambio clim\u00e1tico en la Corte Internacional de Justicia | Nexo Informativo Santiago de Quer\u00e9taro","isPartOf":{"@id":"https:\/\/www.nexoinformativo.mx\/#website"},"primaryImageOfPage":{"@id":"https:\/\/www.nexoinformativo.mx\/index.php\/2024\/12\/11\/mexico-lidera-la-lucha-contra-el-cambio-climatico-en-la-corte-internacional-de-justicia\/#primaryimage"},"image":{"@id":"https:\/\/www.nexoinformativo.mx\/index.php\/2024\/12\/11\/mexico-lidera-la-lucha-contra-el-cambio-climatico-en-la-corte-internacional-de-justicia\/#primaryimage"},"thumbnailUrl":"https:\/\/www.nexoinformativo.mx\/wp-content\/uploads\/2024\/12\/IMG_8476.jpg","datePublished":"2024-12-11T13:00:33+00:00","dateModified":"2024-12-11T16:28:21+00:00","description":"M\u00e9xico lidera la lucha contra el cambio clim\u00e1tico en la Corte Internacional de Justicia","breadcrumb":{"@id":"https:\/\/www.nexoinformativo.mx\/index.php\/2024\/12\/11\/mexico-lidera-la-lucha-contra-el-cambio-climatico-en-la-corte-internacional-de-justicia\/#breadcrumb"},"inLanguage":"es","potentialAction":[{"@type":"ReadAction","target":["https:\/\/www.nexoinformativo.mx\/index.php\/2024\/12\/11\/mexico-lidera-la-lucha-contra-el-cambio-climatico-en-la-corte-internacional-de-justicia\/"]}]},{"@type":"ImageObject","inLanguage":"es","@id":"https:\/\/www.nexoinformativo.mx\/index.php\/2024\/12\/11\/mexico-lidera-la-lucha-contra-el-cambio-climatico-en-la-corte-internacional-de-justicia\/#primaryimage","url":"https:\/\/www.nexoinformativo.mx\/wp-content\/uploads\/2024\/12\/IMG_8476.jpg","contentUrl":"https:\/\/www.nexoinformativo.mx\/wp-content\/uploads\/2024\/12\/IMG_8476.jpg","width":650,"height":380},{"@type":"BreadcrumbList","@id":"https:\/\/www.nexoinformativo.mx\/index.php\/2024\/12\/11\/mexico-lidera-la-lucha-contra-el-cambio-climatico-en-la-corte-internacional-de-justicia\/#breadcrumb","itemListElement":[{"@type":"ListItem","position":1,"name":"Inicio","item":"https:\/\/www.nexoinformativo.mx\/"},{"@type":"ListItem","position":2,"name":"M\u00e9xico lidera la lucha contra el cambio clim\u00e1tico en la Corte Internacional de Justicia"}]},{"@type":"WebSite","@id":"https:\/\/www.nexoinformativo.mx\/#website","url":"https:\/\/www.nexoinformativo.mx\/","name":"Nexo Informativo Santiago de Quer\u00e9taro","description":"Explora NexoInformativo y convi\u00e9rtete en parte de una comunidad que valora el conocimiento y la verdad. Tu nexoinformativo es tu puente hacia una comprensi\u00f3n m\u00e1s profunda del mundo que te rodea.","publisher":{"@id":"https:\/\/www.nexoinformativo.mx\/#organization"},"potentialAction":[{"@type":"SearchAction","target":{"@type":"EntryPoint","urlTemplate":"https:\/\/www.nexoinformativo.mx\/?s={search_term_string}"},"query-input":{"@type":"PropertyValueSpecification","valueRequired":true,"valueName":"search_term_string"}}],"inLanguage":"es"},{"@type":"Organization","@id":"https:\/\/www.nexoinformativo.mx\/#organization","name":"Nexo Informativo Santiago de Quer\u00e9taro","url":"https:\/\/www.nexoinformativo.mx\/","logo":{"@type":"ImageObject","inLanguage":"es","@id":"https:\/\/www.nexoinformativo.mx\/#\/schema\/logo\/image\/","url":"https:\/\/www.nexoinformativo.mx\/wp-content\/uploads\/2024\/07\/nexoi-trasparente-2.png","contentUrl":"https:\/\/www.nexoinformativo.mx\/wp-content\/uploads\/2024\/07\/nexoi-trasparente-2.png","width":816,"height":339,"caption":"Nexo Informativo Santiago de Quer\u00e9taro"},"image":{"@id":"https:\/\/www.nexoinformativo.mx\/#\/schema\/logo\/image\/"},"sameAs":["https:\/\/www.facebook.com\/people\/Nexo-Informativo\/61564066885511\/"]},{"@type":"Person","@id":"https:\/\/www.nexoinformativo.mx\/#\/schema\/person\/7749d380ba08c8ca00d7bc76fd907b7d","name":"Nexo Informativo","image":{"@type":"ImageObject","inLanguage":"es","@id":"https:\/\/www.nexoinformativo.mx\/#\/schema\/person\/image\/","url":"https:\/\/secure.gravatar.com\/avatar\/dde2928154642a13d95f87ddf1ea9718fe2b46760a005c53e41ff5ad610704e6?s=96&d=mm&r=g","contentUrl":"https:\/\/secure.gravatar.com\/avatar\/dde2928154642a13d95f87ddf1ea9718fe2b46760a005c53e41ff5ad610704e6?s=96&d=mm&r=g","caption":"Nexo Informativo"},"url":"https:\/\/www.nexoinformativo.mx\/index.php\/author\/edicion\/"}]}},"_links":{"self":[{"href":"https:\/\/www.nexoinformativo.mx\/index.php\/wp-json\/wp\/v2\/posts\/7879","targetHints":{"allow":["GET"]}}],"collection":[{"href":"https:\/\/www.nexoinformativo.mx\/index.php\/wp-json\/wp\/v2\/posts"}],"about":[{"href":"https:\/\/www.nexoinformativo.mx\/index.php\/wp-json\/wp\/v2\/types\/post"}],"author":[{"embeddable":true,"href":"https:\/\/www.nexoinformativo.mx\/index.php\/wp-json\/wp\/v2\/users\/3"}],"replies":[{"embeddable":true,"href":"https:\/\/www.nexoinformativo.mx\/index.php\/wp-json\/wp\/v2\/comments?post=7879"}],"version-history":[{"count":5,"href":"https:\/\/www.nexoinformativo.mx\/index.php\/wp-json\/wp\/v2\/posts\/7879\/revisions"}],"predecessor-version":[{"id":7883,"href":"https:\/\/www.nexoinformativo.mx\/index.php\/wp-json\/wp\/v2\/posts\/7879\/revisions\/7883"}],"wp:featuredmedia":[{"embeddable":true,"href":"https:\/\/www.nexoinformativo.mx\/index.php\/wp-json\/wp\/v2\/media\/7880"}],"wp:attachment":[{"href":"https:\/\/www.nexoinformativo.mx\/index.php\/wp-json\/wp\/v2\/media?parent=7879"}],"wp:term":[{"taxonomy":"category","embeddable":true,"href":"https:\/\/www.nexoinformativo.mx\/index.php\/wp-json\/wp\/v2\/categories?post=7879"},{"taxonomy":"post_tag","embeddable":true,"href":"https:\/\/www.nexoinformativo.mx\/index.php\/wp-json\/wp\/v2\/tags?post=7879"}],"curies":[{"name":"wp","href":"https:\/\/api.w.org\/{rel}","templated":true}]}}