{"id":7886,"date":"2024-12-11T07:30:44","date_gmt":"2024-12-11T13:30:44","guid":{"rendered":"https:\/\/www.nexoinformativo.mx\/?p=7886"},"modified":"2024-12-11T10:34:08","modified_gmt":"2024-12-11T16:34:08","slug":"mexico-forma-a-la-primera-generacion-de-periodistas-cientificos-con-apoyo-de-la-nasa","status":"publish","type":"post","link":"https:\/\/www.nexoinformativo.mx\/index.php\/2024\/12\/11\/mexico-forma-a-la-primera-generacion-de-periodistas-cientificos-con-apoyo-de-la-nasa\/","title":{"rendered":"M\u00e9xico forma a la primera generaci\u00f3n de periodistas cient\u00edficos con apoyo de la NASA"},"content":{"rendered":"<p style=\"text-align: justify;\" data-sourcepos=\"11:1-11:447\">En un suceso para la divulgaci\u00f3n cient\u00edfica en M\u00e9xico, la Universidad Popular Aut\u00f3noma del Estado de Puebla (UPAEP), en colaboraci\u00f3n con la Agencia Espacial Mexicana (AEM) y la NASA, gradu\u00f3 a la primera generaci\u00f3n del Diplomado de Periodismo Cient\u00edfico.<\/p>\n<p>&nbsp;<\/p>\n<p style=\"text-align: justify;\" data-sourcepos=\"11:1-11:447\">Este programa, que cont\u00f3 con la participaci\u00f3n de expertos de talla mundial, busca formar periodistas especializados en comunicar de manera clara y efectiva los avances cient\u00edficos y tecnol\u00f3gicos.<\/p>\n<p>&nbsp;<\/p>\n<p style=\"text-align: justify;\" data-sourcepos=\"13:1-13:421\">El director general de la AEM, Salvador Landeros Ayala, destac\u00f3 la importancia de la divulgaci\u00f3n cient\u00edfica para despertar vocaciones en las nuevas generaciones y consolidar a M\u00e9xico como una potencia espacial.<\/p>\n<p>&nbsp;<\/p>\n<p style=\"text-align: justify;\" data-sourcepos=\"13:1-13:421\">El \u00e9xito del proyecto AztechSat-1, el primer nanosat\u00e9lite mexicano en la Estaci\u00f3n Espacial Internacional, demostr\u00f3 la necesidad de contar con profesionales capacitados para comunicar estos logros a la sociedad.<\/p>\n<p>&nbsp;<\/p>\n<p style=\"text-align: justify;\" data-sourcepos=\"15:1-15:214\">Por su parte, expertos de la NASA como Andr\u00e9s Mart\u00ednez y Carlos Fontanot resaltaron la calidad del diplomado y la importancia de difundir la ciencia y la tecnolog\u00eda espacial para inspirar a las nuevas generaciones.<\/p>\n<p>&nbsp;<\/p>\n<p style=\"text-align: justify;\" data-sourcepos=\"17:1-17:288\">El diplomado, coordinado por el reconocido periodista cient\u00edfico Ren\u00e9 Anaya, cont\u00f3 con la participaci\u00f3n de destacados expertos en la materia, quienes impartieron conocimientos sobre c\u00f3mo comunicar de manera efectiva temas complejos como la ciencia espacial, la tecnolog\u00eda y la innovaci\u00f3n.<\/p>\n<p>&nbsp;<\/p>\n<p style=\"text-align: center;\" data-sourcepos=\"17:1-17:288\"><em><strong>\u00a1Informaci\u00f3n que transforma!<\/strong><\/em><\/p>\n","protected":false},"excerpt":{"rendered":"<p>En un suceso para la divulgaci\u00f3n cient\u00edfica en M\u00e9xico, la Universidad Popular Aut\u00f3noma del Estado de Puebla (UPAEP), en colaboraci\u00f3n con la Agencia Espacial Mexicana (AEM) y la NASA, gradu\u00f3 a la primera generaci\u00f3n del Diplomado de Periodismo Cient\u00edfico.<\/p>\n","protected":false},"author":3,"featured_media":7887,"comment_status":"open","ping_status":"open","sticky":false,"template":"","format":"standard","meta":{"footnotes":""},"categories":[13,58],"tags":[2607,1935,1581,2606],"class_list":["post-7886","post","type-post","status-publish","format-standard","has-post-thumbnail","hentry","category-tecnologia","category-ultima-hora","tag-divulgacioncientifica","tag-mexicoespacial","tag-nasa","tag-periodismocientifico"],"yoast_head":"<!-- This site is optimized with the Yoast SEO plugin v25.0 - https:\/\/yoast.com\/wordpress\/plugins\/seo\/ -->\n<title>M\u00e9xico forma a la primera generaci\u00f3n de periodistas cient\u00edficos con apoyo de la NASA | Nexo Informativo Santiago de Quer\u00e9taro<\/title>\n<meta name=\"description\" content=\"M\u00e9xico forma a la primera generaci\u00f3n de periodistas cient\u00edficos con apoyo de la NASA\" \/>\n<meta name=\"robots\" content=\"index, follow, max-snippet:-1, max-image-preview:large, max-video-preview:-1\" \/>\n<link rel=\"canonical\" href=\"https:\/\/www.nexoinformativo.mx\/index.php\/2024\/12\/11\/mexico-forma-a-la-primera-generacion-de-periodistas-cientificos-con-apoyo-de-la-nasa\/\" \/>\n<meta property=\"og:locale\" content=\"es_MX\" \/>\n<meta property=\"og:type\" content=\"article\" \/>\n<meta property=\"og:title\" content=\"M\u00e9xico forma a la primera generaci\u00f3n de periodistas cient\u00edficos con apoyo de la NASA | Nexo Informativo Santiago de Quer\u00e9taro\" \/>\n<meta property=\"og:description\" content=\"M\u00e9xico forma a la primera generaci\u00f3n de periodistas cient\u00edficos con apoyo de la NASA\" \/>\n<meta property=\"og:url\" content=\"https:\/\/www.nexoinformativo.mx\/index.php\/2024\/12\/11\/mexico-forma-a-la-primera-generacion-de-periodistas-cientificos-con-apoyo-de-la-nasa\/\" \/>\n<meta property=\"og:site_name\" content=\"Nexo Informativo Santiago de Quer\u00e9taro\" \/>\n<meta property=\"article:publisher\" content=\"https:\/\/www.facebook.com\/people\/Nexo-Informativo\/61564066885511\/\" \/>\n<meta property=\"article:published_time\" content=\"2024-12-11T13:30:44+00:00\" \/>\n<meta property=\"article:modified_time\" content=\"2024-12-11T16:34:08+00:00\" \/>\n<meta property=\"og:image\" content=\"https:\/\/www.nexoinformativo.mx\/wp-content\/uploads\/2024\/12\/IMG_8477.jpg\" \/>\n\t<meta property=\"og:image:width\" content=\"650\" \/>\n\t<meta property=\"og:image:height\" content=\"380\" \/>\n\t<meta property=\"og:image:type\" content=\"image\/jpeg\" \/>\n<meta name=\"author\" content=\"Nexo Informativo\" \/>\n<meta name=\"twitter:card\" content=\"summary_large_image\" \/>\n<meta name=\"twitter:label1\" content=\"Escrito por\" \/>\n\t<meta name=\"twitter:data1\" content=\"Nexo Informativo\" \/>\n\t<meta name=\"twitter:label2\" content=\"Tiempo de lectura\" \/>\n\t<meta name=\"twitter:data2\" content=\"2 minutos\" \/>\n<script type=\"application\/ld+json\" class=\"yoast-schema-graph\">{\"@context\":\"https:\/\/schema.org\",\"@graph\":[{\"@type\":\"Article\",\"@id\":\"https:\/\/www.nexoinformativo.mx\/index.php\/2024\/12\/11\/mexico-forma-a-la-primera-generacion-de-periodistas-cientificos-con-apoyo-de-la-nasa\/#article\",\"isPartOf\":{\"@id\":\"https:\/\/www.nexoinformativo.mx\/index.php\/2024\/12\/11\/mexico-forma-a-la-primera-generacion-de-periodistas-cientificos-con-apoyo-de-la-nasa\/\"},\"author\":{\"name\":\"Nexo Informativo\",\"@id\":\"https:\/\/www.nexoinformativo.mx\/#\/schema\/person\/7749d380ba08c8ca00d7bc76fd907b7d\"},\"headline\":\"M\u00e9xico forma a la primera generaci\u00f3n de periodistas cient\u00edficos con apoyo de la NASA\",\"datePublished\":\"2024-12-11T13:30:44+00:00\",\"dateModified\":\"2024-12-11T16:34:08+00:00\",\"mainEntityOfPage\":{\"@id\":\"https:\/\/www.nexoinformativo.mx\/index.php\/2024\/12\/11\/mexico-forma-a-la-primera-generacion-de-periodistas-cientificos-con-apoyo-de-la-nasa\/\"},\"wordCount\":252,\"commentCount\":0,\"publisher\":{\"@id\":\"https:\/\/www.nexoinformativo.mx\/#organization\"},\"image\":{\"@id\":\"https:\/\/www.nexoinformativo.mx\/index.php\/2024\/12\/11\/mexico-forma-a-la-primera-generacion-de-periodistas-cientificos-con-apoyo-de-la-nasa\/#primaryimage\"},\"thumbnailUrl\":\"https:\/\/www.nexoinformativo.mx\/wp-content\/uploads\/2024\/12\/IMG_8477.jpg\",\"keywords\":[\"Divulgaci\u00f3nCient\u00edfica\",\"M\u00e9xicoEspacial\",\"NASA\",\"PeriodismoCient\u00edfico\"],\"articleSection\":[\"Tecnolog\u00eda\",\"\u00daltima Hora\"],\"inLanguage\":\"es\",\"potentialAction\":[{\"@type\":\"CommentAction\",\"name\":\"Comment\",\"target\":[\"https:\/\/www.nexoinformativo.mx\/index.php\/2024\/12\/11\/mexico-forma-a-la-primera-generacion-de-periodistas-cientificos-con-apoyo-de-la-nasa\/#respond\"]}]},{\"@type\":\"WebPage\",\"@id\":\"https:\/\/www.nexoinformativo.mx\/index.php\/2024\/12\/11\/mexico-forma-a-la-primera-generacion-de-periodistas-cientificos-con-apoyo-de-la-nasa\/\",\"url\":\"https:\/\/www.nexoinformativo.mx\/index.php\/2024\/12\/11\/mexico-forma-a-la-primera-generacion-de-periodistas-cientificos-con-apoyo-de-la-nasa\/\",\"name\":\"M\u00e9xico forma a la primera generaci\u00f3n de periodistas cient\u00edficos con apoyo de la NASA | Nexo Informativo Santiago de Quer\u00e9taro\",\"isPartOf\":{\"@id\":\"https:\/\/www.nexoinformativo.mx\/#website\"},\"primaryImageOfPage\":{\"@id\":\"https:\/\/www.nexoinformativo.mx\/index.php\/2024\/12\/11\/mexico-forma-a-la-primera-generacion-de-periodistas-cientificos-con-apoyo-de-la-nasa\/#primaryimage\"},\"image\":{\"@id\":\"https:\/\/www.nexoinformativo.mx\/index.php\/2024\/12\/11\/mexico-forma-a-la-primera-generacion-de-periodistas-cientificos-con-apoyo-de-la-nasa\/#primaryimage\"},\"thumbnailUrl\":\"https:\/\/www.nexoinformativo.mx\/wp-content\/uploads\/2024\/12\/IMG_8477.jpg\",\"datePublished\":\"2024-12-11T13:30:44+00:00\",\"dateModified\":\"2024-12-11T16:34:08+00:00\",\"description\":\"M\u00e9xico forma a la primera generaci\u00f3n de periodistas cient\u00edficos con apoyo de la NASA\",\"breadcrumb\":{\"@id\":\"https:\/\/www.nexoinformativo.mx\/index.php\/2024\/12\/11\/mexico-forma-a-la-primera-generacion-de-periodistas-cientificos-con-apoyo-de-la-nasa\/#breadcrumb\"},\"inLanguage\":\"es\",\"potentialAction\":[{\"@type\":\"ReadAction\",\"target\":[\"https:\/\/www.nexoinformativo.mx\/index.php\/2024\/12\/11\/mexico-forma-a-la-primera-generacion-de-periodistas-cientificos-con-apoyo-de-la-nasa\/\"]}]},{\"@type\":\"ImageObject\",\"inLanguage\":\"es\",\"@id\":\"https:\/\/www.nexoinformativo.mx\/index.php\/2024\/12\/11\/mexico-forma-a-la-primera-generacion-de-periodistas-cientificos-con-apoyo-de-la-nasa\/#primaryimage\",\"url\":\"https:\/\/www.nexoinformativo.mx\/wp-content\/uploads\/2024\/12\/IMG_8477.jpg\",\"contentUrl\":\"https:\/\/www.nexoinformativo.mx\/wp-content\/uploads\/2024\/12\/IMG_8477.jpg\",\"width\":650,\"height\":380},{\"@type\":\"BreadcrumbList\",\"@id\":\"https:\/\/www.nexoinformativo.mx\/index.php\/2024\/12\/11\/mexico-forma-a-la-primera-generacion-de-periodistas-cientificos-con-apoyo-de-la-nasa\/#breadcrumb\",\"itemListElement\":[{\"@type\":\"ListItem\",\"position\":1,\"name\":\"Inicio\",\"item\":\"https:\/\/www.nexoinformativo.mx\/\"},{\"@type\":\"ListItem\",\"position\":2,\"name\":\"M\u00e9xico forma a la primera generaci\u00f3n de periodistas cient\u00edficos con apoyo de la NASA\"}]},{\"@type\":\"WebSite\",\"@id\":\"https:\/\/www.nexoinformativo.mx\/#website\",\"url\":\"https:\/\/www.nexoinformativo.mx\/\",\"name\":\"Nexo Informativo Santiago de Quer\u00e9taro\",\"description\":\"Explora NexoInformativo y convi\u00e9rtete en parte de una comunidad que valora el conocimiento y la verdad. Tu nexoinformativo es tu puente hacia una comprensi\u00f3n m\u00e1s profunda del mundo que te rodea.\",\"publisher\":{\"@id\":\"https:\/\/www.nexoinformativo.mx\/#organization\"},\"potentialAction\":[{\"@type\":\"SearchAction\",\"target\":{\"@type\":\"EntryPoint\",\"urlTemplate\":\"https:\/\/www.nexoinformativo.mx\/?s={search_term_string}\"},\"query-input\":{\"@type\":\"PropertyValueSpecification\",\"valueRequired\":true,\"valueName\":\"search_term_string\"}}],\"inLanguage\":\"es\"},{\"@type\":\"Organization\",\"@id\":\"https:\/\/www.nexoinformativo.mx\/#organization\",\"name\":\"Nexo Informativo Santiago de Quer\u00e9taro\",\"url\":\"https:\/\/www.nexoinformativo.mx\/\",\"logo\":{\"@type\":\"ImageObject\",\"inLanguage\":\"es\",\"@id\":\"https:\/\/www.nexoinformativo.mx\/#\/schema\/logo\/image\/\",\"url\":\"https:\/\/www.nexoinformativo.mx\/wp-content\/uploads\/2024\/07\/nexoi-trasparente-2.png\",\"contentUrl\":\"https:\/\/www.nexoinformativo.mx\/wp-content\/uploads\/2024\/07\/nexoi-trasparente-2.png\",\"width\":816,\"height\":339,\"caption\":\"Nexo Informativo Santiago de Quer\u00e9taro\"},\"image\":{\"@id\":\"https:\/\/www.nexoinformativo.mx\/#\/schema\/logo\/image\/\"},\"sameAs\":[\"https:\/\/www.facebook.com\/people\/Nexo-Informativo\/61564066885511\/\"]},{\"@type\":\"Person\",\"@id\":\"https:\/\/www.nexoinformativo.mx\/#\/schema\/person\/7749d380ba08c8ca00d7bc76fd907b7d\",\"name\":\"Nexo Informativo\",\"image\":{\"@type\":\"ImageObject\",\"inLanguage\":\"es\",\"@id\":\"https:\/\/www.nexoinformativo.mx\/#\/schema\/person\/image\/\",\"url\":\"https:\/\/secure.gravatar.com\/avatar\/dde2928154642a13d95f87ddf1ea9718fe2b46760a005c53e41ff5ad610704e6?s=96&d=mm&r=g\",\"contentUrl\":\"https:\/\/secure.gravatar.com\/avatar\/dde2928154642a13d95f87ddf1ea9718fe2b46760a005c53e41ff5ad610704e6?s=96&d=mm&r=g\",\"caption\":\"Nexo Informativo\"},\"url\":\"https:\/\/www.nexoinformativo.mx\/index.php\/author\/edicion\/\"}]}<\/script>\n<!-- \/ Yoast SEO plugin. -->","yoast_head_json":{"title":"M\u00e9xico forma a la primera generaci\u00f3n de periodistas cient\u00edficos con apoyo de la NASA | Nexo Informativo Santiago de Quer\u00e9taro","description":"M\u00e9xico forma a la primera generaci\u00f3n de periodistas cient\u00edficos con apoyo de la NASA","robots":{"index":"index","follow":"follow","max-snippet":"max-snippet:-1","max-image-preview":"max-image-preview:large","max-video-preview":"max-video-preview:-1"},"canonical":"https:\/\/www.nexoinformativo.mx\/index.php\/2024\/12\/11\/mexico-forma-a-la-primera-generacion-de-periodistas-cientificos-con-apoyo-de-la-nasa\/","og_locale":"es_MX","og_type":"article","og_title":"M\u00e9xico forma a la primera generaci\u00f3n de periodistas cient\u00edficos con apoyo de la NASA | Nexo Informativo Santiago de Quer\u00e9taro","og_description":"M\u00e9xico forma a la primera generaci\u00f3n de periodistas cient\u00edficos con apoyo de la NASA","og_url":"https:\/\/www.nexoinformativo.mx\/index.php\/2024\/12\/11\/mexico-forma-a-la-primera-generacion-de-periodistas-cientificos-con-apoyo-de-la-nasa\/","og_site_name":"Nexo Informativo Santiago de Quer\u00e9taro","article_publisher":"https:\/\/www.facebook.com\/people\/Nexo-Informativo\/61564066885511\/","article_published_time":"2024-12-11T13:30:44+00:00","article_modified_time":"2024-12-11T16:34:08+00:00","og_image":[{"width":650,"height":380,"url":"https:\/\/www.nexoinformativo.mx\/wp-content\/uploads\/2024\/12\/IMG_8477.jpg","type":"image\/jpeg"}],"author":"Nexo Informativo","twitter_card":"summary_large_image","twitter_misc":{"Escrito por":"Nexo Informativo","Tiempo de lectura":"2 minutos"},"schema":{"@context":"https:\/\/schema.org","@graph":[{"@type":"Article","@id":"https:\/\/www.nexoinformativo.mx\/index.php\/2024\/12\/11\/mexico-forma-a-la-primera-generacion-de-periodistas-cientificos-con-apoyo-de-la-nasa\/#article","isPartOf":{"@id":"https:\/\/www.nexoinformativo.mx\/index.php\/2024\/12\/11\/mexico-forma-a-la-primera-generacion-de-periodistas-cientificos-con-apoyo-de-la-nasa\/"},"author":{"name":"Nexo Informativo","@id":"https:\/\/www.nexoinformativo.mx\/#\/schema\/person\/7749d380ba08c8ca00d7bc76fd907b7d"},"headline":"M\u00e9xico forma a la primera generaci\u00f3n de periodistas cient\u00edficos con apoyo de la NASA","datePublished":"2024-12-11T13:30:44+00:00","dateModified":"2024-12-11T16:34:08+00:00","mainEntityOfPage":{"@id":"https:\/\/www.nexoinformativo.mx\/index.php\/2024\/12\/11\/mexico-forma-a-la-primera-generacion-de-periodistas-cientificos-con-apoyo-de-la-nasa\/"},"wordCount":252,"commentCount":0,"publisher":{"@id":"https:\/\/www.nexoinformativo.mx\/#organization"},"image":{"@id":"https:\/\/www.nexoinformativo.mx\/index.php\/2024\/12\/11\/mexico-forma-a-la-primera-generacion-de-periodistas-cientificos-con-apoyo-de-la-nasa\/#primaryimage"},"thumbnailUrl":"https:\/\/www.nexoinformativo.mx\/wp-content\/uploads\/2024\/12\/IMG_8477.jpg","keywords":["Divulgaci\u00f3nCient\u00edfica","M\u00e9xicoEspacial","NASA","PeriodismoCient\u00edfico"],"articleSection":["Tecnolog\u00eda","\u00daltima Hora"],"inLanguage":"es","potentialAction":[{"@type":"CommentAction","name":"Comment","target":["https:\/\/www.nexoinformativo.mx\/index.php\/2024\/12\/11\/mexico-forma-a-la-primera-generacion-de-periodistas-cientificos-con-apoyo-de-la-nasa\/#respond"]}]},{"@type":"WebPage","@id":"https:\/\/www.nexoinformativo.mx\/index.php\/2024\/12\/11\/mexico-forma-a-la-primera-generacion-de-periodistas-cientificos-con-apoyo-de-la-nasa\/","url":"https:\/\/www.nexoinformativo.mx\/index.php\/2024\/12\/11\/mexico-forma-a-la-primera-generacion-de-periodistas-cientificos-con-apoyo-de-la-nasa\/","name":"M\u00e9xico forma a la primera generaci\u00f3n de periodistas cient\u00edficos con apoyo de la NASA | Nexo Informativo Santiago de Quer\u00e9taro","isPartOf":{"@id":"https:\/\/www.nexoinformativo.mx\/#website"},"primaryImageOfPage":{"@id":"https:\/\/www.nexoinformativo.mx\/index.php\/2024\/12\/11\/mexico-forma-a-la-primera-generacion-de-periodistas-cientificos-con-apoyo-de-la-nasa\/#primaryimage"},"image":{"@id":"https:\/\/www.nexoinformativo.mx\/index.php\/2024\/12\/11\/mexico-forma-a-la-primera-generacion-de-periodistas-cientificos-con-apoyo-de-la-nasa\/#primaryimage"},"thumbnailUrl":"https:\/\/www.nexoinformativo.mx\/wp-content\/uploads\/2024\/12\/IMG_8477.jpg","datePublished":"2024-12-11T13:30:44+00:00","dateModified":"2024-12-11T16:34:08+00:00","description":"M\u00e9xico forma a la primera generaci\u00f3n de periodistas cient\u00edficos con apoyo de la NASA","breadcrumb":{"@id":"https:\/\/www.nexoinformativo.mx\/index.php\/2024\/12\/11\/mexico-forma-a-la-primera-generacion-de-periodistas-cientificos-con-apoyo-de-la-nasa\/#breadcrumb"},"inLanguage":"es","potentialAction":[{"@type":"ReadAction","target":["https:\/\/www.nexoinformativo.mx\/index.php\/2024\/12\/11\/mexico-forma-a-la-primera-generacion-de-periodistas-cientificos-con-apoyo-de-la-nasa\/"]}]},{"@type":"ImageObject","inLanguage":"es","@id":"https:\/\/www.nexoinformativo.mx\/index.php\/2024\/12\/11\/mexico-forma-a-la-primera-generacion-de-periodistas-cientificos-con-apoyo-de-la-nasa\/#primaryimage","url":"https:\/\/www.nexoinformativo.mx\/wp-content\/uploads\/2024\/12\/IMG_8477.jpg","contentUrl":"https:\/\/www.nexoinformativo.mx\/wp-content\/uploads\/2024\/12\/IMG_8477.jpg","width":650,"height":380},{"@type":"BreadcrumbList","@id":"https:\/\/www.nexoinformativo.mx\/index.php\/2024\/12\/11\/mexico-forma-a-la-primera-generacion-de-periodistas-cientificos-con-apoyo-de-la-nasa\/#breadcrumb","itemListElement":[{"@type":"ListItem","position":1,"name":"Inicio","item":"https:\/\/www.nexoinformativo.mx\/"},{"@type":"ListItem","position":2,"name":"M\u00e9xico forma a la primera generaci\u00f3n de periodistas cient\u00edficos con apoyo de la NASA"}]},{"@type":"WebSite","@id":"https:\/\/www.nexoinformativo.mx\/#website","url":"https:\/\/www.nexoinformativo.mx\/","name":"Nexo Informativo Santiago de Quer\u00e9taro","description":"Explora NexoInformativo y convi\u00e9rtete en parte de una comunidad que valora el conocimiento y la verdad. Tu nexoinformativo es tu puente hacia una comprensi\u00f3n m\u00e1s profunda del mundo que te rodea.","publisher":{"@id":"https:\/\/www.nexoinformativo.mx\/#organization"},"potentialAction":[{"@type":"SearchAction","target":{"@type":"EntryPoint","urlTemplate":"https:\/\/www.nexoinformativo.mx\/?s={search_term_string}"},"query-input":{"@type":"PropertyValueSpecification","valueRequired":true,"valueName":"search_term_string"}}],"inLanguage":"es"},{"@type":"Organization","@id":"https:\/\/www.nexoinformativo.mx\/#organization","name":"Nexo Informativo Santiago de Quer\u00e9taro","url":"https:\/\/www.nexoinformativo.mx\/","logo":{"@type":"ImageObject","inLanguage":"es","@id":"https:\/\/www.nexoinformativo.mx\/#\/schema\/logo\/image\/","url":"https:\/\/www.nexoinformativo.mx\/wp-content\/uploads\/2024\/07\/nexoi-trasparente-2.png","contentUrl":"https:\/\/www.nexoinformativo.mx\/wp-content\/uploads\/2024\/07\/nexoi-trasparente-2.png","width":816,"height":339,"caption":"Nexo Informativo Santiago de Quer\u00e9taro"},"image":{"@id":"https:\/\/www.nexoinformativo.mx\/#\/schema\/logo\/image\/"},"sameAs":["https:\/\/www.facebook.com\/people\/Nexo-Informativo\/61564066885511\/"]},{"@type":"Person","@id":"https:\/\/www.nexoinformativo.mx\/#\/schema\/person\/7749d380ba08c8ca00d7bc76fd907b7d","name":"Nexo Informativo","image":{"@type":"ImageObject","inLanguage":"es","@id":"https:\/\/www.nexoinformativo.mx\/#\/schema\/person\/image\/","url":"https:\/\/secure.gravatar.com\/avatar\/dde2928154642a13d95f87ddf1ea9718fe2b46760a005c53e41ff5ad610704e6?s=96&d=mm&r=g","contentUrl":"https:\/\/secure.gravatar.com\/avatar\/dde2928154642a13d95f87ddf1ea9718fe2b46760a005c53e41ff5ad610704e6?s=96&d=mm&r=g","caption":"Nexo Informativo"},"url":"https:\/\/www.nexoinformativo.mx\/index.php\/author\/edicion\/"}]}},"_links":{"self":[{"href":"https:\/\/www.nexoinformativo.mx\/index.php\/wp-json\/wp\/v2\/posts\/7886","targetHints":{"allow":["GET"]}}],"collection":[{"href":"https:\/\/www.nexoinformativo.mx\/index.php\/wp-json\/wp\/v2\/posts"}],"about":[{"href":"https:\/\/www.nexoinformativo.mx\/index.php\/wp-json\/wp\/v2\/types\/post"}],"author":[{"embeddable":true,"href":"https:\/\/www.nexoinformativo.mx\/index.php\/wp-json\/wp\/v2\/users\/3"}],"replies":[{"embeddable":true,"href":"https:\/\/www.nexoinformativo.mx\/index.php\/wp-json\/wp\/v2\/comments?post=7886"}],"version-history":[{"count":4,"href":"https:\/\/www.nexoinformativo.mx\/index.php\/wp-json\/wp\/v2\/posts\/7886\/revisions"}],"predecessor-version":[{"id":7892,"href":"https:\/\/www.nexoinformativo.mx\/index.php\/wp-json\/wp\/v2\/posts\/7886\/revisions\/7892"}],"wp:featuredmedia":[{"embeddable":true,"href":"https:\/\/www.nexoinformativo.mx\/index.php\/wp-json\/wp\/v2\/media\/7887"}],"wp:attachment":[{"href":"https:\/\/www.nexoinformativo.mx\/index.php\/wp-json\/wp\/v2\/media?parent=7886"}],"wp:term":[{"taxonomy":"category","embeddable":true,"href":"https:\/\/www.nexoinformativo.mx\/index.php\/wp-json\/wp\/v2\/categories?post=7886"},{"taxonomy":"post_tag","embeddable":true,"href":"https:\/\/www.nexoinformativo.mx\/index.php\/wp-json\/wp\/v2\/tags?post=7886"}],"curies":[{"name":"wp","href":"https:\/\/api.w.org\/{rel}","templated":true}]}}