{"id":7927,"date":"2024-12-11T11:30:21","date_gmt":"2024-12-11T17:30:21","guid":{"rendered":"https:\/\/www.nexoinformativo.mx\/?p=7927"},"modified":"2024-12-11T12:13:38","modified_gmt":"2024-12-11T18:13:38","slug":"aumenta-el-flujo-migratorio-en-queretaro-autoridades-intensifican-operativos-de-rescate","status":"publish","type":"post","link":"https:\/\/www.nexoinformativo.mx\/index.php\/2024\/12\/11\/aumenta-el-flujo-migratorio-en-queretaro-autoridades-intensifican-operativos-de-rescate\/","title":{"rendered":"Aumenta el flujo migratorio en Quer\u00e9taro: Autoridades intensifican operativos de rescate"},"content":{"rendered":"<p style=\"text-align: justify;\" data-sourcepos=\"11:1-11:306\">Quer\u00e9taro se ha convertido en un punto clave en la ruta migratoria hacia Estados Unidos, registrando un incremento significativo en el n\u00famero de personas en tr\u00e1nsito. En lo que va del a\u00f1o, m\u00e1s de 3 mil migrantes han sido rescatados en operativos realizados por el Instituto Nacional de Migraci\u00f3n (INM).<\/p>\n<p>&nbsp;<\/p>\n<p style=\"text-align: justify;\" data-sourcepos=\"13:1-13:260\">La mayor\u00eda de los migrantes rescatados son originarios de Venezuela, Colombia, Nicaragua, El Salvador, Hait\u00ed y Rep\u00fablica Dominicana. Estas personas viajan en condiciones precarias, utilizando rutas peligrosas y enfrentando diversos riesgos durante su traves\u00eda.<\/p>\n<p>&nbsp;<\/p>\n<p style=\"text-align: justify;\" data-sourcepos=\"15:1-15:227\">&#8220;Los migrantes son trasladados en camiones irregulares o utilizan las v\u00edas del tren para avanzar hacia el norte del pa\u00eds&#8221;, se\u00f1al\u00f3 el General Jes\u00fas Antonio, titular de la oficina de representaci\u00f3n del INM en Quer\u00e9taro.<\/p>\n<p>&nbsp;<\/p>\n<p style=\"text-align: justify;\" data-sourcepos=\"17:1-17:308\">Ante esta situaci\u00f3n, las autoridades estatales han intensificado los operativos de rescate y han habilitado albergues para brindar atenci\u00f3n a los migrantes, especialmente a menores de edad y familias. Sin embargo, la crisis migratoria contin\u00faa siendo un desaf\u00edo para las autoridades y organizaciones civiles.<\/p>\n<p>&nbsp;<\/p>\n<p style=\"text-align: center;\" data-sourcepos=\"17:1-17:308\"><em><strong>\u00a1Informaci\u00f3n que transforma!<\/strong><\/em><\/p>\n","protected":false},"excerpt":{"rendered":"<p>Quer\u00e9taro se ha convertido en un punto clave en la ruta migratoria hacia Estados Unidos, registrando un incremento significativo en el n\u00famero de personas en tr\u00e1nsito.<\/p>\n","protected":false},"author":3,"featured_media":7929,"comment_status":"open","ping_status":"open","sticky":false,"template":"","format":"standard","meta":{"footnotes":""},"categories":[42,58],"tags":[2619,499,1846,133],"class_list":["post-7927","post","type-post","status-publish","format-standard","has-post-thumbnail","hentry","category-estado","category-ultima-hora","tag-crisismigratoria","tag-derechoshumanos","tag-migracion","tag-queretaro"],"yoast_head":"<!-- This site is optimized with the Yoast SEO plugin v25.0 - https:\/\/yoast.com\/wordpress\/plugins\/seo\/ -->\n<title>Aumenta el flujo migratorio en Quer\u00e9taro: Autoridades intensifican operativos de rescate | Nexo Informativo Santiago de Quer\u00e9taro<\/title>\n<meta name=\"description\" content=\"Aumenta el flujo migratorio en Quer\u00e9taro: Autoridades intensifican operativos de rescate\" \/>\n<meta name=\"robots\" content=\"index, follow, max-snippet:-1, max-image-preview:large, max-video-preview:-1\" \/>\n<link rel=\"canonical\" href=\"https:\/\/www.nexoinformativo.mx\/index.php\/2024\/12\/11\/aumenta-el-flujo-migratorio-en-queretaro-autoridades-intensifican-operativos-de-rescate\/\" \/>\n<meta property=\"og:locale\" content=\"es_MX\" \/>\n<meta property=\"og:type\" content=\"article\" \/>\n<meta property=\"og:title\" content=\"Aumenta el flujo migratorio en Quer\u00e9taro: Autoridades intensifican operativos de rescate | Nexo Informativo Santiago de Quer\u00e9taro\" \/>\n<meta property=\"og:description\" content=\"Aumenta el flujo migratorio en Quer\u00e9taro: Autoridades intensifican operativos de rescate\" \/>\n<meta property=\"og:url\" content=\"https:\/\/www.nexoinformativo.mx\/index.php\/2024\/12\/11\/aumenta-el-flujo-migratorio-en-queretaro-autoridades-intensifican-operativos-de-rescate\/\" \/>\n<meta property=\"og:site_name\" content=\"Nexo Informativo Santiago de Quer\u00e9taro\" \/>\n<meta property=\"article:publisher\" content=\"https:\/\/www.facebook.com\/people\/Nexo-Informativo\/61564066885511\/\" \/>\n<meta property=\"article:published_time\" content=\"2024-12-11T17:30:21+00:00\" \/>\n<meta property=\"article:modified_time\" content=\"2024-12-11T18:13:38+00:00\" \/>\n<meta property=\"og:image\" content=\"https:\/\/www.nexoinformativo.mx\/wp-content\/uploads\/2024\/12\/PHOTO-2024-12-11-11-43-47-e1733940769524.jpg\" \/>\n\t<meta property=\"og:image:width\" content=\"800\" \/>\n\t<meta property=\"og:image:height\" content=\"402\" \/>\n\t<meta property=\"og:image:type\" content=\"image\/jpeg\" \/>\n<meta name=\"author\" content=\"Nexo Informativo\" \/>\n<meta name=\"twitter:card\" content=\"summary_large_image\" \/>\n<meta name=\"twitter:label1\" content=\"Escrito por\" \/>\n\t<meta name=\"twitter:data1\" content=\"Nexo Informativo\" \/>\n\t<meta name=\"twitter:label2\" content=\"Tiempo de lectura\" \/>\n\t<meta name=\"twitter:data2\" content=\"1 minuto\" \/>\n<script type=\"application\/ld+json\" class=\"yoast-schema-graph\">{\"@context\":\"https:\/\/schema.org\",\"@graph\":[{\"@type\":\"Article\",\"@id\":\"https:\/\/www.nexoinformativo.mx\/index.php\/2024\/12\/11\/aumenta-el-flujo-migratorio-en-queretaro-autoridades-intensifican-operativos-de-rescate\/#article\",\"isPartOf\":{\"@id\":\"https:\/\/www.nexoinformativo.mx\/index.php\/2024\/12\/11\/aumenta-el-flujo-migratorio-en-queretaro-autoridades-intensifican-operativos-de-rescate\/\"},\"author\":{\"name\":\"Nexo Informativo\",\"@id\":\"https:\/\/www.nexoinformativo.mx\/#\/schema\/person\/7749d380ba08c8ca00d7bc76fd907b7d\"},\"headline\":\"Aumenta el flujo migratorio en Quer\u00e9taro: Autoridades intensifican operativos de rescate\",\"datePublished\":\"2024-12-11T17:30:21+00:00\",\"dateModified\":\"2024-12-11T18:13:38+00:00\",\"mainEntityOfPage\":{\"@id\":\"https:\/\/www.nexoinformativo.mx\/index.php\/2024\/12\/11\/aumenta-el-flujo-migratorio-en-queretaro-autoridades-intensifican-operativos-de-rescate\/\"},\"wordCount\":201,\"commentCount\":0,\"publisher\":{\"@id\":\"https:\/\/www.nexoinformativo.mx\/#organization\"},\"image\":{\"@id\":\"https:\/\/www.nexoinformativo.mx\/index.php\/2024\/12\/11\/aumenta-el-flujo-migratorio-en-queretaro-autoridades-intensifican-operativos-de-rescate\/#primaryimage\"},\"thumbnailUrl\":\"https:\/\/www.nexoinformativo.mx\/wp-content\/uploads\/2024\/12\/PHOTO-2024-12-11-11-43-47-e1733940769524.jpg\",\"keywords\":[\"CrisisMigratoria\",\"DerechosHumanos\",\"Migraci\u00f3n\",\"Quer\u00e9taro\"],\"articleSection\":[\"Estado\",\"\u00daltima Hora\"],\"inLanguage\":\"es\",\"potentialAction\":[{\"@type\":\"CommentAction\",\"name\":\"Comment\",\"target\":[\"https:\/\/www.nexoinformativo.mx\/index.php\/2024\/12\/11\/aumenta-el-flujo-migratorio-en-queretaro-autoridades-intensifican-operativos-de-rescate\/#respond\"]}]},{\"@type\":\"WebPage\",\"@id\":\"https:\/\/www.nexoinformativo.mx\/index.php\/2024\/12\/11\/aumenta-el-flujo-migratorio-en-queretaro-autoridades-intensifican-operativos-de-rescate\/\",\"url\":\"https:\/\/www.nexoinformativo.mx\/index.php\/2024\/12\/11\/aumenta-el-flujo-migratorio-en-queretaro-autoridades-intensifican-operativos-de-rescate\/\",\"name\":\"Aumenta el flujo migratorio en Quer\u00e9taro: Autoridades intensifican operativos de rescate | Nexo Informativo Santiago de Quer\u00e9taro\",\"isPartOf\":{\"@id\":\"https:\/\/www.nexoinformativo.mx\/#website\"},\"primaryImageOfPage\":{\"@id\":\"https:\/\/www.nexoinformativo.mx\/index.php\/2024\/12\/11\/aumenta-el-flujo-migratorio-en-queretaro-autoridades-intensifican-operativos-de-rescate\/#primaryimage\"},\"image\":{\"@id\":\"https:\/\/www.nexoinformativo.mx\/index.php\/2024\/12\/11\/aumenta-el-flujo-migratorio-en-queretaro-autoridades-intensifican-operativos-de-rescate\/#primaryimage\"},\"thumbnailUrl\":\"https:\/\/www.nexoinformativo.mx\/wp-content\/uploads\/2024\/12\/PHOTO-2024-12-11-11-43-47-e1733940769524.jpg\",\"datePublished\":\"2024-12-11T17:30:21+00:00\",\"dateModified\":\"2024-12-11T18:13:38+00:00\",\"description\":\"Aumenta el flujo migratorio en Quer\u00e9taro: Autoridades intensifican operativos de rescate\",\"breadcrumb\":{\"@id\":\"https:\/\/www.nexoinformativo.mx\/index.php\/2024\/12\/11\/aumenta-el-flujo-migratorio-en-queretaro-autoridades-intensifican-operativos-de-rescate\/#breadcrumb\"},\"inLanguage\":\"es\",\"potentialAction\":[{\"@type\":\"ReadAction\",\"target\":[\"https:\/\/www.nexoinformativo.mx\/index.php\/2024\/12\/11\/aumenta-el-flujo-migratorio-en-queretaro-autoridades-intensifican-operativos-de-rescate\/\"]}]},{\"@type\":\"ImageObject\",\"inLanguage\":\"es\",\"@id\":\"https:\/\/www.nexoinformativo.mx\/index.php\/2024\/12\/11\/aumenta-el-flujo-migratorio-en-queretaro-autoridades-intensifican-operativos-de-rescate\/#primaryimage\",\"url\":\"https:\/\/www.nexoinformativo.mx\/wp-content\/uploads\/2024\/12\/PHOTO-2024-12-11-11-43-47-e1733940769524.jpg\",\"contentUrl\":\"https:\/\/www.nexoinformativo.mx\/wp-content\/uploads\/2024\/12\/PHOTO-2024-12-11-11-43-47-e1733940769524.jpg\",\"width\":800,\"height\":402},{\"@type\":\"BreadcrumbList\",\"@id\":\"https:\/\/www.nexoinformativo.mx\/index.php\/2024\/12\/11\/aumenta-el-flujo-migratorio-en-queretaro-autoridades-intensifican-operativos-de-rescate\/#breadcrumb\",\"itemListElement\":[{\"@type\":\"ListItem\",\"position\":1,\"name\":\"Inicio\",\"item\":\"https:\/\/www.nexoinformativo.mx\/\"},{\"@type\":\"ListItem\",\"position\":2,\"name\":\"Aumenta el flujo migratorio en Quer\u00e9taro: Autoridades intensifican operativos de rescate\"}]},{\"@type\":\"WebSite\",\"@id\":\"https:\/\/www.nexoinformativo.mx\/#website\",\"url\":\"https:\/\/www.nexoinformativo.mx\/\",\"name\":\"Nexo Informativo Santiago de Quer\u00e9taro\",\"description\":\"Explora NexoInformativo y convi\u00e9rtete en parte de una comunidad que valora el conocimiento y la verdad. Tu nexoinformativo es tu puente hacia una comprensi\u00f3n m\u00e1s profunda del mundo que te rodea.\",\"publisher\":{\"@id\":\"https:\/\/www.nexoinformativo.mx\/#organization\"},\"potentialAction\":[{\"@type\":\"SearchAction\",\"target\":{\"@type\":\"EntryPoint\",\"urlTemplate\":\"https:\/\/www.nexoinformativo.mx\/?s={search_term_string}\"},\"query-input\":{\"@type\":\"PropertyValueSpecification\",\"valueRequired\":true,\"valueName\":\"search_term_string\"}}],\"inLanguage\":\"es\"},{\"@type\":\"Organization\",\"@id\":\"https:\/\/www.nexoinformativo.mx\/#organization\",\"name\":\"Nexo Informativo Santiago de Quer\u00e9taro\",\"url\":\"https:\/\/www.nexoinformativo.mx\/\",\"logo\":{\"@type\":\"ImageObject\",\"inLanguage\":\"es\",\"@id\":\"https:\/\/www.nexoinformativo.mx\/#\/schema\/logo\/image\/\",\"url\":\"https:\/\/www.nexoinformativo.mx\/wp-content\/uploads\/2024\/07\/nexoi-trasparente-2.png\",\"contentUrl\":\"https:\/\/www.nexoinformativo.mx\/wp-content\/uploads\/2024\/07\/nexoi-trasparente-2.png\",\"width\":816,\"height\":339,\"caption\":\"Nexo Informativo Santiago de Quer\u00e9taro\"},\"image\":{\"@id\":\"https:\/\/www.nexoinformativo.mx\/#\/schema\/logo\/image\/\"},\"sameAs\":[\"https:\/\/www.facebook.com\/people\/Nexo-Informativo\/61564066885511\/\"]},{\"@type\":\"Person\",\"@id\":\"https:\/\/www.nexoinformativo.mx\/#\/schema\/person\/7749d380ba08c8ca00d7bc76fd907b7d\",\"name\":\"Nexo Informativo\",\"image\":{\"@type\":\"ImageObject\",\"inLanguage\":\"es\",\"@id\":\"https:\/\/www.nexoinformativo.mx\/#\/schema\/person\/image\/\",\"url\":\"https:\/\/secure.gravatar.com\/avatar\/dde2928154642a13d95f87ddf1ea9718fe2b46760a005c53e41ff5ad610704e6?s=96&d=mm&r=g\",\"contentUrl\":\"https:\/\/secure.gravatar.com\/avatar\/dde2928154642a13d95f87ddf1ea9718fe2b46760a005c53e41ff5ad610704e6?s=96&d=mm&r=g\",\"caption\":\"Nexo Informativo\"},\"url\":\"https:\/\/www.nexoinformativo.mx\/index.php\/author\/edicion\/\"}]}<\/script>\n<!-- \/ Yoast SEO plugin. -->","yoast_head_json":{"title":"Aumenta el flujo migratorio en Quer\u00e9taro: Autoridades intensifican operativos de rescate | Nexo Informativo Santiago de Quer\u00e9taro","description":"Aumenta el flujo migratorio en Quer\u00e9taro: Autoridades intensifican operativos de rescate","robots":{"index":"index","follow":"follow","max-snippet":"max-snippet:-1","max-image-preview":"max-image-preview:large","max-video-preview":"max-video-preview:-1"},"canonical":"https:\/\/www.nexoinformativo.mx\/index.php\/2024\/12\/11\/aumenta-el-flujo-migratorio-en-queretaro-autoridades-intensifican-operativos-de-rescate\/","og_locale":"es_MX","og_type":"article","og_title":"Aumenta el flujo migratorio en Quer\u00e9taro: Autoridades intensifican operativos de rescate | Nexo Informativo Santiago de Quer\u00e9taro","og_description":"Aumenta el flujo migratorio en Quer\u00e9taro: Autoridades intensifican operativos de rescate","og_url":"https:\/\/www.nexoinformativo.mx\/index.php\/2024\/12\/11\/aumenta-el-flujo-migratorio-en-queretaro-autoridades-intensifican-operativos-de-rescate\/","og_site_name":"Nexo Informativo Santiago de Quer\u00e9taro","article_publisher":"https:\/\/www.facebook.com\/people\/Nexo-Informativo\/61564066885511\/","article_published_time":"2024-12-11T17:30:21+00:00","article_modified_time":"2024-12-11T18:13:38+00:00","og_image":[{"width":800,"height":402,"url":"https:\/\/www.nexoinformativo.mx\/wp-content\/uploads\/2024\/12\/PHOTO-2024-12-11-11-43-47-e1733940769524.jpg","type":"image\/jpeg"}],"author":"Nexo Informativo","twitter_card":"summary_large_image","twitter_misc":{"Escrito por":"Nexo Informativo","Tiempo de lectura":"1 minuto"},"schema":{"@context":"https:\/\/schema.org","@graph":[{"@type":"Article","@id":"https:\/\/www.nexoinformativo.mx\/index.php\/2024\/12\/11\/aumenta-el-flujo-migratorio-en-queretaro-autoridades-intensifican-operativos-de-rescate\/#article","isPartOf":{"@id":"https:\/\/www.nexoinformativo.mx\/index.php\/2024\/12\/11\/aumenta-el-flujo-migratorio-en-queretaro-autoridades-intensifican-operativos-de-rescate\/"},"author":{"name":"Nexo Informativo","@id":"https:\/\/www.nexoinformativo.mx\/#\/schema\/person\/7749d380ba08c8ca00d7bc76fd907b7d"},"headline":"Aumenta el flujo migratorio en Quer\u00e9taro: Autoridades intensifican operativos de rescate","datePublished":"2024-12-11T17:30:21+00:00","dateModified":"2024-12-11T18:13:38+00:00","mainEntityOfPage":{"@id":"https:\/\/www.nexoinformativo.mx\/index.php\/2024\/12\/11\/aumenta-el-flujo-migratorio-en-queretaro-autoridades-intensifican-operativos-de-rescate\/"},"wordCount":201,"commentCount":0,"publisher":{"@id":"https:\/\/www.nexoinformativo.mx\/#organization"},"image":{"@id":"https:\/\/www.nexoinformativo.mx\/index.php\/2024\/12\/11\/aumenta-el-flujo-migratorio-en-queretaro-autoridades-intensifican-operativos-de-rescate\/#primaryimage"},"thumbnailUrl":"https:\/\/www.nexoinformativo.mx\/wp-content\/uploads\/2024\/12\/PHOTO-2024-12-11-11-43-47-e1733940769524.jpg","keywords":["CrisisMigratoria","DerechosHumanos","Migraci\u00f3n","Quer\u00e9taro"],"articleSection":["Estado","\u00daltima Hora"],"inLanguage":"es","potentialAction":[{"@type":"CommentAction","name":"Comment","target":["https:\/\/www.nexoinformativo.mx\/index.php\/2024\/12\/11\/aumenta-el-flujo-migratorio-en-queretaro-autoridades-intensifican-operativos-de-rescate\/#respond"]}]},{"@type":"WebPage","@id":"https:\/\/www.nexoinformativo.mx\/index.php\/2024\/12\/11\/aumenta-el-flujo-migratorio-en-queretaro-autoridades-intensifican-operativos-de-rescate\/","url":"https:\/\/www.nexoinformativo.mx\/index.php\/2024\/12\/11\/aumenta-el-flujo-migratorio-en-queretaro-autoridades-intensifican-operativos-de-rescate\/","name":"Aumenta el flujo migratorio en Quer\u00e9taro: Autoridades intensifican operativos de rescate | Nexo Informativo Santiago de Quer\u00e9taro","isPartOf":{"@id":"https:\/\/www.nexoinformativo.mx\/#website"},"primaryImageOfPage":{"@id":"https:\/\/www.nexoinformativo.mx\/index.php\/2024\/12\/11\/aumenta-el-flujo-migratorio-en-queretaro-autoridades-intensifican-operativos-de-rescate\/#primaryimage"},"image":{"@id":"https:\/\/www.nexoinformativo.mx\/index.php\/2024\/12\/11\/aumenta-el-flujo-migratorio-en-queretaro-autoridades-intensifican-operativos-de-rescate\/#primaryimage"},"thumbnailUrl":"https:\/\/www.nexoinformativo.mx\/wp-content\/uploads\/2024\/12\/PHOTO-2024-12-11-11-43-47-e1733940769524.jpg","datePublished":"2024-12-11T17:30:21+00:00","dateModified":"2024-12-11T18:13:38+00:00","description":"Aumenta el flujo migratorio en Quer\u00e9taro: Autoridades intensifican operativos de rescate","breadcrumb":{"@id":"https:\/\/www.nexoinformativo.mx\/index.php\/2024\/12\/11\/aumenta-el-flujo-migratorio-en-queretaro-autoridades-intensifican-operativos-de-rescate\/#breadcrumb"},"inLanguage":"es","potentialAction":[{"@type":"ReadAction","target":["https:\/\/www.nexoinformativo.mx\/index.php\/2024\/12\/11\/aumenta-el-flujo-migratorio-en-queretaro-autoridades-intensifican-operativos-de-rescate\/"]}]},{"@type":"ImageObject","inLanguage":"es","@id":"https:\/\/www.nexoinformativo.mx\/index.php\/2024\/12\/11\/aumenta-el-flujo-migratorio-en-queretaro-autoridades-intensifican-operativos-de-rescate\/#primaryimage","url":"https:\/\/www.nexoinformativo.mx\/wp-content\/uploads\/2024\/12\/PHOTO-2024-12-11-11-43-47-e1733940769524.jpg","contentUrl":"https:\/\/www.nexoinformativo.mx\/wp-content\/uploads\/2024\/12\/PHOTO-2024-12-11-11-43-47-e1733940769524.jpg","width":800,"height":402},{"@type":"BreadcrumbList","@id":"https:\/\/www.nexoinformativo.mx\/index.php\/2024\/12\/11\/aumenta-el-flujo-migratorio-en-queretaro-autoridades-intensifican-operativos-de-rescate\/#breadcrumb","itemListElement":[{"@type":"ListItem","position":1,"name":"Inicio","item":"https:\/\/www.nexoinformativo.mx\/"},{"@type":"ListItem","position":2,"name":"Aumenta el flujo migratorio en Quer\u00e9taro: Autoridades intensifican operativos de rescate"}]},{"@type":"WebSite","@id":"https:\/\/www.nexoinformativo.mx\/#website","url":"https:\/\/www.nexoinformativo.mx\/","name":"Nexo Informativo Santiago de Quer\u00e9taro","description":"Explora NexoInformativo y convi\u00e9rtete en parte de una comunidad que valora el conocimiento y la verdad. Tu nexoinformativo es tu puente hacia una comprensi\u00f3n m\u00e1s profunda del mundo que te rodea.","publisher":{"@id":"https:\/\/www.nexoinformativo.mx\/#organization"},"potentialAction":[{"@type":"SearchAction","target":{"@type":"EntryPoint","urlTemplate":"https:\/\/www.nexoinformativo.mx\/?s={search_term_string}"},"query-input":{"@type":"PropertyValueSpecification","valueRequired":true,"valueName":"search_term_string"}}],"inLanguage":"es"},{"@type":"Organization","@id":"https:\/\/www.nexoinformativo.mx\/#organization","name":"Nexo Informativo Santiago de Quer\u00e9taro","url":"https:\/\/www.nexoinformativo.mx\/","logo":{"@type":"ImageObject","inLanguage":"es","@id":"https:\/\/www.nexoinformativo.mx\/#\/schema\/logo\/image\/","url":"https:\/\/www.nexoinformativo.mx\/wp-content\/uploads\/2024\/07\/nexoi-trasparente-2.png","contentUrl":"https:\/\/www.nexoinformativo.mx\/wp-content\/uploads\/2024\/07\/nexoi-trasparente-2.png","width":816,"height":339,"caption":"Nexo Informativo Santiago de Quer\u00e9taro"},"image":{"@id":"https:\/\/www.nexoinformativo.mx\/#\/schema\/logo\/image\/"},"sameAs":["https:\/\/www.facebook.com\/people\/Nexo-Informativo\/61564066885511\/"]},{"@type":"Person","@id":"https:\/\/www.nexoinformativo.mx\/#\/schema\/person\/7749d380ba08c8ca00d7bc76fd907b7d","name":"Nexo Informativo","image":{"@type":"ImageObject","inLanguage":"es","@id":"https:\/\/www.nexoinformativo.mx\/#\/schema\/person\/image\/","url":"https:\/\/secure.gravatar.com\/avatar\/dde2928154642a13d95f87ddf1ea9718fe2b46760a005c53e41ff5ad610704e6?s=96&d=mm&r=g","contentUrl":"https:\/\/secure.gravatar.com\/avatar\/dde2928154642a13d95f87ddf1ea9718fe2b46760a005c53e41ff5ad610704e6?s=96&d=mm&r=g","caption":"Nexo Informativo"},"url":"https:\/\/www.nexoinformativo.mx\/index.php\/author\/edicion\/"}]}},"_links":{"self":[{"href":"https:\/\/www.nexoinformativo.mx\/index.php\/wp-json\/wp\/v2\/posts\/7927","targetHints":{"allow":["GET"]}}],"collection":[{"href":"https:\/\/www.nexoinformativo.mx\/index.php\/wp-json\/wp\/v2\/posts"}],"about":[{"href":"https:\/\/www.nexoinformativo.mx\/index.php\/wp-json\/wp\/v2\/types\/post"}],"author":[{"embeddable":true,"href":"https:\/\/www.nexoinformativo.mx\/index.php\/wp-json\/wp\/v2\/users\/3"}],"replies":[{"embeddable":true,"href":"https:\/\/www.nexoinformativo.mx\/index.php\/wp-json\/wp\/v2\/comments?post=7927"}],"version-history":[{"count":3,"href":"https:\/\/www.nexoinformativo.mx\/index.php\/wp-json\/wp\/v2\/posts\/7927\/revisions"}],"predecessor-version":[{"id":7931,"href":"https:\/\/www.nexoinformativo.mx\/index.php\/wp-json\/wp\/v2\/posts\/7927\/revisions\/7931"}],"wp:featuredmedia":[{"embeddable":true,"href":"https:\/\/www.nexoinformativo.mx\/index.php\/wp-json\/wp\/v2\/media\/7929"}],"wp:attachment":[{"href":"https:\/\/www.nexoinformativo.mx\/index.php\/wp-json\/wp\/v2\/media?parent=7927"}],"wp:term":[{"taxonomy":"category","embeddable":true,"href":"https:\/\/www.nexoinformativo.mx\/index.php\/wp-json\/wp\/v2\/categories?post=7927"},{"taxonomy":"post_tag","embeddable":true,"href":"https:\/\/www.nexoinformativo.mx\/index.php\/wp-json\/wp\/v2\/tags?post=7927"}],"curies":[{"name":"wp","href":"https:\/\/api.w.org\/{rel}","templated":true}]}}