{"id":8052,"date":"2024-12-13T08:00:36","date_gmt":"2024-12-13T14:00:36","guid":{"rendered":"https:\/\/www.nexoinformativo.mx\/?p=8052"},"modified":"2024-12-13T11:20:27","modified_gmt":"2024-12-13T17:20:27","slug":"abrigate-bien-se-esperan-heladas-y-fuertes-vientos-en-gran-parte-del-pais","status":"publish","type":"post","link":"https:\/\/www.nexoinformativo.mx\/index.php\/2024\/12\/13\/abrigate-bien-se-esperan-heladas-y-fuertes-vientos-en-gran-parte-del-pais\/","title":{"rendered":"\u00a1Abr\u00edgate bien! Se esperan heladas y fuertes vientos en gran parte del pa\u00eds"},"content":{"rendered":"<p style=\"text-align: justify;\" data-sourcepos=\"11:1-11:195\">La Comisi\u00f3n Nacional del Agua (Conagua) ha emitido un aviso importante para varias regiones del pa\u00eds, alertando sobre bajas temperaturas, heladas y fuertes vientos durante este fin de semana.<\/p>\n<p>&nbsp;<\/p>\n<p style=\"text-align: justify;\" data-sourcepos=\"13:1-13:254\">Se espera que las temperaturas m\u00ednimas desciendan hasta los -10 grados Celsius en zonas monta\u00f1osas de estados como Chihuahua, Durango y Sonora, con heladas generalizadas. Incluso en la Ciudad de M\u00e9xico se pronostican temperaturas m\u00ednimas de 7 a 9 grados.<\/p>\n<p>&nbsp;<\/p>\n<p style=\"text-align: justify;\" data-sourcepos=\"15:1-15:185\">Adem\u00e1s de las bajas temperaturas, se prev\u00e9n fuertes vientos en el Golfo de Tehuantepec, con rachas de hasta 90 kil\u00f3metros por hora, y en otras regiones como Chihuahua, Durango y Sonora.<\/p>\n<p>&nbsp;<\/p>\n<p style=\"text-align: justify;\" data-sourcepos=\"17:1-17:68\">Ante estas condiciones clim\u00e1ticas, se recomienda a la poblaci\u00f3n:\u00a0Abrigarse adecuadamente, utilizar ropa de abrigo, gorro, bufanda y guantes.\u00a0Hidratarse o tomar\u00a0abundante agua para evitar la deshidrataci\u00f3n.<\/p>\n<p>&nbsp;<\/p>\n<p style=\"text-align: justify;\">Evitar cambios bruscos de temperatura, protegerse de los cambios bruscos de temperatura al salir y entrar de lugares cerrados.\u00a0Prestar especial atenci\u00f3n a ni\u00f1os, adultos mayores y personas enfermas.<\/p>\n<p>&nbsp;<\/p>\n<p style=\"text-align: justify;\" data-sourcepos=\"24:1-24:141\">Para conocer el pron\u00f3stico detallado por regi\u00f3n, se recomienda consultar las p\u00e1ginas oficiales de la Conagua y seguir sus redes sociales.<\/p>\n<p>&nbsp;<\/p>\n<p style=\"text-align: center;\" data-sourcepos=\"24:1-24:141\"><em><strong>\u00a1Informaci\u00f3n que transforma!<\/strong><\/em><\/p>\n","protected":false},"excerpt":{"rendered":"<p>La Comisi\u00f3n Nacional del Agua (Conagua) ha emitido un aviso importante para varias regiones del pa\u00eds, alertando sobre bajas temperaturas, heladas y fuertes vientos durante este fin de semana.<\/p>\n","protected":false},"author":3,"featured_media":8053,"comment_status":"open","ping_status":"open","sticky":false,"template":"","format":"standard","meta":{"footnotes":""},"categories":[88,58],"tags":[2649,2627,1610,2648],"class_list":["post-8052","post","type-post","status-publish","format-standard","has-post-thumbnail","hentry","category-nacional","category-ultima-hora","tag-alertaclima","tag-conagua","tag-mexico","tag-oladefrio"],"yoast_head":"<!-- This site is optimized with the Yoast SEO plugin v25.0 - https:\/\/yoast.com\/wordpress\/plugins\/seo\/ -->\n<title>\u00a1Abr\u00edgate bien! Se esperan heladas y fuertes vientos en gran parte del pa\u00eds | Nexo Informativo Santiago de Quer\u00e9taro<\/title>\n<meta name=\"description\" content=\"\u00a1Abr\u00edgate bien! Se esperan heladas y fuertes vientos en gran parte del pa\u00eds\" \/>\n<meta name=\"robots\" content=\"index, follow, max-snippet:-1, max-image-preview:large, max-video-preview:-1\" \/>\n<link rel=\"canonical\" href=\"https:\/\/www.nexoinformativo.mx\/index.php\/2024\/12\/13\/abrigate-bien-se-esperan-heladas-y-fuertes-vientos-en-gran-parte-del-pais\/\" \/>\n<meta property=\"og:locale\" content=\"es_MX\" \/>\n<meta property=\"og:type\" content=\"article\" \/>\n<meta property=\"og:title\" content=\"\u00a1Abr\u00edgate bien! Se esperan heladas y fuertes vientos en gran parte del pa\u00eds | Nexo Informativo Santiago de Quer\u00e9taro\" \/>\n<meta property=\"og:description\" content=\"\u00a1Abr\u00edgate bien! Se esperan heladas y fuertes vientos en gran parte del pa\u00eds\" \/>\n<meta property=\"og:url\" content=\"https:\/\/www.nexoinformativo.mx\/index.php\/2024\/12\/13\/abrigate-bien-se-esperan-heladas-y-fuertes-vientos-en-gran-parte-del-pais\/\" \/>\n<meta property=\"og:site_name\" content=\"Nexo Informativo Santiago de Quer\u00e9taro\" \/>\n<meta property=\"article:publisher\" content=\"https:\/\/www.facebook.com\/people\/Nexo-Informativo\/61564066885511\/\" \/>\n<meta property=\"article:published_time\" content=\"2024-12-13T14:00:36+00:00\" \/>\n<meta property=\"article:modified_time\" content=\"2024-12-13T17:20:27+00:00\" \/>\n<meta property=\"og:image\" content=\"https:\/\/www.nexoinformativo.mx\/wp-content\/uploads\/2024\/12\/IMG_8533.jpg\" \/>\n\t<meta property=\"og:image:width\" content=\"650\" \/>\n\t<meta property=\"og:image:height\" content=\"380\" \/>\n\t<meta property=\"og:image:type\" content=\"image\/jpeg\" \/>\n<meta name=\"author\" content=\"Nexo Informativo\" \/>\n<meta name=\"twitter:card\" content=\"summary_large_image\" \/>\n<meta name=\"twitter:label1\" content=\"Escrito por\" \/>\n\t<meta name=\"twitter:data1\" content=\"Nexo Informativo\" \/>\n\t<meta name=\"twitter:label2\" content=\"Tiempo de lectura\" \/>\n\t<meta name=\"twitter:data2\" content=\"2 minutos\" \/>\n<script type=\"application\/ld+json\" class=\"yoast-schema-graph\">{\"@context\":\"https:\/\/schema.org\",\"@graph\":[{\"@type\":\"Article\",\"@id\":\"https:\/\/www.nexoinformativo.mx\/index.php\/2024\/12\/13\/abrigate-bien-se-esperan-heladas-y-fuertes-vientos-en-gran-parte-del-pais\/#article\",\"isPartOf\":{\"@id\":\"https:\/\/www.nexoinformativo.mx\/index.php\/2024\/12\/13\/abrigate-bien-se-esperan-heladas-y-fuertes-vientos-en-gran-parte-del-pais\/\"},\"author\":{\"name\":\"Nexo Informativo\",\"@id\":\"https:\/\/www.nexoinformativo.mx\/#\/schema\/person\/7749d380ba08c8ca00d7bc76fd907b7d\"},\"headline\":\"\u00a1Abr\u00edgate bien! Se esperan heladas y fuertes vientos en gran parte del pa\u00eds\",\"datePublished\":\"2024-12-13T14:00:36+00:00\",\"dateModified\":\"2024-12-13T17:20:27+00:00\",\"mainEntityOfPage\":{\"@id\":\"https:\/\/www.nexoinformativo.mx\/index.php\/2024\/12\/13\/abrigate-bien-se-esperan-heladas-y-fuertes-vientos-en-gran-parte-del-pais\/\"},\"wordCount\":217,\"commentCount\":0,\"publisher\":{\"@id\":\"https:\/\/www.nexoinformativo.mx\/#organization\"},\"image\":{\"@id\":\"https:\/\/www.nexoinformativo.mx\/index.php\/2024\/12\/13\/abrigate-bien-se-esperan-heladas-y-fuertes-vientos-en-gran-parte-del-pais\/#primaryimage\"},\"thumbnailUrl\":\"https:\/\/www.nexoinformativo.mx\/wp-content\/uploads\/2024\/12\/IMG_8533.jpg\",\"keywords\":[\"AlertaClima\",\"Conagua\",\"M\u00e9xico\",\"OlaDeFr\u00edo\"],\"articleSection\":[\"Nacional\",\"\u00daltima Hora\"],\"inLanguage\":\"es\",\"potentialAction\":[{\"@type\":\"CommentAction\",\"name\":\"Comment\",\"target\":[\"https:\/\/www.nexoinformativo.mx\/index.php\/2024\/12\/13\/abrigate-bien-se-esperan-heladas-y-fuertes-vientos-en-gran-parte-del-pais\/#respond\"]}]},{\"@type\":\"WebPage\",\"@id\":\"https:\/\/www.nexoinformativo.mx\/index.php\/2024\/12\/13\/abrigate-bien-se-esperan-heladas-y-fuertes-vientos-en-gran-parte-del-pais\/\",\"url\":\"https:\/\/www.nexoinformativo.mx\/index.php\/2024\/12\/13\/abrigate-bien-se-esperan-heladas-y-fuertes-vientos-en-gran-parte-del-pais\/\",\"name\":\"\u00a1Abr\u00edgate bien! Se esperan heladas y fuertes vientos en gran parte del pa\u00eds | Nexo Informativo Santiago de Quer\u00e9taro\",\"isPartOf\":{\"@id\":\"https:\/\/www.nexoinformativo.mx\/#website\"},\"primaryImageOfPage\":{\"@id\":\"https:\/\/www.nexoinformativo.mx\/index.php\/2024\/12\/13\/abrigate-bien-se-esperan-heladas-y-fuertes-vientos-en-gran-parte-del-pais\/#primaryimage\"},\"image\":{\"@id\":\"https:\/\/www.nexoinformativo.mx\/index.php\/2024\/12\/13\/abrigate-bien-se-esperan-heladas-y-fuertes-vientos-en-gran-parte-del-pais\/#primaryimage\"},\"thumbnailUrl\":\"https:\/\/www.nexoinformativo.mx\/wp-content\/uploads\/2024\/12\/IMG_8533.jpg\",\"datePublished\":\"2024-12-13T14:00:36+00:00\",\"dateModified\":\"2024-12-13T17:20:27+00:00\",\"description\":\"\u00a1Abr\u00edgate bien! Se esperan heladas y fuertes vientos en gran parte del pa\u00eds\",\"breadcrumb\":{\"@id\":\"https:\/\/www.nexoinformativo.mx\/index.php\/2024\/12\/13\/abrigate-bien-se-esperan-heladas-y-fuertes-vientos-en-gran-parte-del-pais\/#breadcrumb\"},\"inLanguage\":\"es\",\"potentialAction\":[{\"@type\":\"ReadAction\",\"target\":[\"https:\/\/www.nexoinformativo.mx\/index.php\/2024\/12\/13\/abrigate-bien-se-esperan-heladas-y-fuertes-vientos-en-gran-parte-del-pais\/\"]}]},{\"@type\":\"ImageObject\",\"inLanguage\":\"es\",\"@id\":\"https:\/\/www.nexoinformativo.mx\/index.php\/2024\/12\/13\/abrigate-bien-se-esperan-heladas-y-fuertes-vientos-en-gran-parte-del-pais\/#primaryimage\",\"url\":\"https:\/\/www.nexoinformativo.mx\/wp-content\/uploads\/2024\/12\/IMG_8533.jpg\",\"contentUrl\":\"https:\/\/www.nexoinformativo.mx\/wp-content\/uploads\/2024\/12\/IMG_8533.jpg\",\"width\":650,\"height\":380},{\"@type\":\"BreadcrumbList\",\"@id\":\"https:\/\/www.nexoinformativo.mx\/index.php\/2024\/12\/13\/abrigate-bien-se-esperan-heladas-y-fuertes-vientos-en-gran-parte-del-pais\/#breadcrumb\",\"itemListElement\":[{\"@type\":\"ListItem\",\"position\":1,\"name\":\"Inicio\",\"item\":\"https:\/\/www.nexoinformativo.mx\/\"},{\"@type\":\"ListItem\",\"position\":2,\"name\":\"\u00a1Abr\u00edgate bien! Se esperan heladas y fuertes vientos en gran parte del pa\u00eds\"}]},{\"@type\":\"WebSite\",\"@id\":\"https:\/\/www.nexoinformativo.mx\/#website\",\"url\":\"https:\/\/www.nexoinformativo.mx\/\",\"name\":\"Nexo Informativo Santiago de Quer\u00e9taro\",\"description\":\"Explora NexoInformativo y convi\u00e9rtete en parte de una comunidad que valora el conocimiento y la verdad. Tu nexoinformativo es tu puente hacia una comprensi\u00f3n m\u00e1s profunda del mundo que te rodea.\",\"publisher\":{\"@id\":\"https:\/\/www.nexoinformativo.mx\/#organization\"},\"potentialAction\":[{\"@type\":\"SearchAction\",\"target\":{\"@type\":\"EntryPoint\",\"urlTemplate\":\"https:\/\/www.nexoinformativo.mx\/?s={search_term_string}\"},\"query-input\":{\"@type\":\"PropertyValueSpecification\",\"valueRequired\":true,\"valueName\":\"search_term_string\"}}],\"inLanguage\":\"es\"},{\"@type\":\"Organization\",\"@id\":\"https:\/\/www.nexoinformativo.mx\/#organization\",\"name\":\"Nexo Informativo Santiago de Quer\u00e9taro\",\"url\":\"https:\/\/www.nexoinformativo.mx\/\",\"logo\":{\"@type\":\"ImageObject\",\"inLanguage\":\"es\",\"@id\":\"https:\/\/www.nexoinformativo.mx\/#\/schema\/logo\/image\/\",\"url\":\"https:\/\/www.nexoinformativo.mx\/wp-content\/uploads\/2024\/07\/nexoi-trasparente-2.png\",\"contentUrl\":\"https:\/\/www.nexoinformativo.mx\/wp-content\/uploads\/2024\/07\/nexoi-trasparente-2.png\",\"width\":816,\"height\":339,\"caption\":\"Nexo Informativo Santiago de Quer\u00e9taro\"},\"image\":{\"@id\":\"https:\/\/www.nexoinformativo.mx\/#\/schema\/logo\/image\/\"},\"sameAs\":[\"https:\/\/www.facebook.com\/people\/Nexo-Informativo\/61564066885511\/\"]},{\"@type\":\"Person\",\"@id\":\"https:\/\/www.nexoinformativo.mx\/#\/schema\/person\/7749d380ba08c8ca00d7bc76fd907b7d\",\"name\":\"Nexo Informativo\",\"image\":{\"@type\":\"ImageObject\",\"inLanguage\":\"es\",\"@id\":\"https:\/\/www.nexoinformativo.mx\/#\/schema\/person\/image\/\",\"url\":\"https:\/\/secure.gravatar.com\/avatar\/dde2928154642a13d95f87ddf1ea9718fe2b46760a005c53e41ff5ad610704e6?s=96&d=mm&r=g\",\"contentUrl\":\"https:\/\/secure.gravatar.com\/avatar\/dde2928154642a13d95f87ddf1ea9718fe2b46760a005c53e41ff5ad610704e6?s=96&d=mm&r=g\",\"caption\":\"Nexo Informativo\"},\"url\":\"https:\/\/www.nexoinformativo.mx\/index.php\/author\/edicion\/\"}]}<\/script>\n<!-- \/ Yoast SEO plugin. -->","yoast_head_json":{"title":"\u00a1Abr\u00edgate bien! Se esperan heladas y fuertes vientos en gran parte del pa\u00eds | Nexo Informativo Santiago de Quer\u00e9taro","description":"\u00a1Abr\u00edgate bien! Se esperan heladas y fuertes vientos en gran parte del pa\u00eds","robots":{"index":"index","follow":"follow","max-snippet":"max-snippet:-1","max-image-preview":"max-image-preview:large","max-video-preview":"max-video-preview:-1"},"canonical":"https:\/\/www.nexoinformativo.mx\/index.php\/2024\/12\/13\/abrigate-bien-se-esperan-heladas-y-fuertes-vientos-en-gran-parte-del-pais\/","og_locale":"es_MX","og_type":"article","og_title":"\u00a1Abr\u00edgate bien! Se esperan heladas y fuertes vientos en gran parte del pa\u00eds | Nexo Informativo Santiago de Quer\u00e9taro","og_description":"\u00a1Abr\u00edgate bien! Se esperan heladas y fuertes vientos en gran parte del pa\u00eds","og_url":"https:\/\/www.nexoinformativo.mx\/index.php\/2024\/12\/13\/abrigate-bien-se-esperan-heladas-y-fuertes-vientos-en-gran-parte-del-pais\/","og_site_name":"Nexo Informativo Santiago de Quer\u00e9taro","article_publisher":"https:\/\/www.facebook.com\/people\/Nexo-Informativo\/61564066885511\/","article_published_time":"2024-12-13T14:00:36+00:00","article_modified_time":"2024-12-13T17:20:27+00:00","og_image":[{"width":650,"height":380,"url":"https:\/\/www.nexoinformativo.mx\/wp-content\/uploads\/2024\/12\/IMG_8533.jpg","type":"image\/jpeg"}],"author":"Nexo Informativo","twitter_card":"summary_large_image","twitter_misc":{"Escrito por":"Nexo Informativo","Tiempo de lectura":"2 minutos"},"schema":{"@context":"https:\/\/schema.org","@graph":[{"@type":"Article","@id":"https:\/\/www.nexoinformativo.mx\/index.php\/2024\/12\/13\/abrigate-bien-se-esperan-heladas-y-fuertes-vientos-en-gran-parte-del-pais\/#article","isPartOf":{"@id":"https:\/\/www.nexoinformativo.mx\/index.php\/2024\/12\/13\/abrigate-bien-se-esperan-heladas-y-fuertes-vientos-en-gran-parte-del-pais\/"},"author":{"name":"Nexo Informativo","@id":"https:\/\/www.nexoinformativo.mx\/#\/schema\/person\/7749d380ba08c8ca00d7bc76fd907b7d"},"headline":"\u00a1Abr\u00edgate bien! Se esperan heladas y fuertes vientos en gran parte del pa\u00eds","datePublished":"2024-12-13T14:00:36+00:00","dateModified":"2024-12-13T17:20:27+00:00","mainEntityOfPage":{"@id":"https:\/\/www.nexoinformativo.mx\/index.php\/2024\/12\/13\/abrigate-bien-se-esperan-heladas-y-fuertes-vientos-en-gran-parte-del-pais\/"},"wordCount":217,"commentCount":0,"publisher":{"@id":"https:\/\/www.nexoinformativo.mx\/#organization"},"image":{"@id":"https:\/\/www.nexoinformativo.mx\/index.php\/2024\/12\/13\/abrigate-bien-se-esperan-heladas-y-fuertes-vientos-en-gran-parte-del-pais\/#primaryimage"},"thumbnailUrl":"https:\/\/www.nexoinformativo.mx\/wp-content\/uploads\/2024\/12\/IMG_8533.jpg","keywords":["AlertaClima","Conagua","M\u00e9xico","OlaDeFr\u00edo"],"articleSection":["Nacional","\u00daltima Hora"],"inLanguage":"es","potentialAction":[{"@type":"CommentAction","name":"Comment","target":["https:\/\/www.nexoinformativo.mx\/index.php\/2024\/12\/13\/abrigate-bien-se-esperan-heladas-y-fuertes-vientos-en-gran-parte-del-pais\/#respond"]}]},{"@type":"WebPage","@id":"https:\/\/www.nexoinformativo.mx\/index.php\/2024\/12\/13\/abrigate-bien-se-esperan-heladas-y-fuertes-vientos-en-gran-parte-del-pais\/","url":"https:\/\/www.nexoinformativo.mx\/index.php\/2024\/12\/13\/abrigate-bien-se-esperan-heladas-y-fuertes-vientos-en-gran-parte-del-pais\/","name":"\u00a1Abr\u00edgate bien! Se esperan heladas y fuertes vientos en gran parte del pa\u00eds | Nexo Informativo Santiago de Quer\u00e9taro","isPartOf":{"@id":"https:\/\/www.nexoinformativo.mx\/#website"},"primaryImageOfPage":{"@id":"https:\/\/www.nexoinformativo.mx\/index.php\/2024\/12\/13\/abrigate-bien-se-esperan-heladas-y-fuertes-vientos-en-gran-parte-del-pais\/#primaryimage"},"image":{"@id":"https:\/\/www.nexoinformativo.mx\/index.php\/2024\/12\/13\/abrigate-bien-se-esperan-heladas-y-fuertes-vientos-en-gran-parte-del-pais\/#primaryimage"},"thumbnailUrl":"https:\/\/www.nexoinformativo.mx\/wp-content\/uploads\/2024\/12\/IMG_8533.jpg","datePublished":"2024-12-13T14:00:36+00:00","dateModified":"2024-12-13T17:20:27+00:00","description":"\u00a1Abr\u00edgate bien! Se esperan heladas y fuertes vientos en gran parte del pa\u00eds","breadcrumb":{"@id":"https:\/\/www.nexoinformativo.mx\/index.php\/2024\/12\/13\/abrigate-bien-se-esperan-heladas-y-fuertes-vientos-en-gran-parte-del-pais\/#breadcrumb"},"inLanguage":"es","potentialAction":[{"@type":"ReadAction","target":["https:\/\/www.nexoinformativo.mx\/index.php\/2024\/12\/13\/abrigate-bien-se-esperan-heladas-y-fuertes-vientos-en-gran-parte-del-pais\/"]}]},{"@type":"ImageObject","inLanguage":"es","@id":"https:\/\/www.nexoinformativo.mx\/index.php\/2024\/12\/13\/abrigate-bien-se-esperan-heladas-y-fuertes-vientos-en-gran-parte-del-pais\/#primaryimage","url":"https:\/\/www.nexoinformativo.mx\/wp-content\/uploads\/2024\/12\/IMG_8533.jpg","contentUrl":"https:\/\/www.nexoinformativo.mx\/wp-content\/uploads\/2024\/12\/IMG_8533.jpg","width":650,"height":380},{"@type":"BreadcrumbList","@id":"https:\/\/www.nexoinformativo.mx\/index.php\/2024\/12\/13\/abrigate-bien-se-esperan-heladas-y-fuertes-vientos-en-gran-parte-del-pais\/#breadcrumb","itemListElement":[{"@type":"ListItem","position":1,"name":"Inicio","item":"https:\/\/www.nexoinformativo.mx\/"},{"@type":"ListItem","position":2,"name":"\u00a1Abr\u00edgate bien! Se esperan heladas y fuertes vientos en gran parte del pa\u00eds"}]},{"@type":"WebSite","@id":"https:\/\/www.nexoinformativo.mx\/#website","url":"https:\/\/www.nexoinformativo.mx\/","name":"Nexo Informativo Santiago de Quer\u00e9taro","description":"Explora NexoInformativo y convi\u00e9rtete en parte de una comunidad que valora el conocimiento y la verdad. Tu nexoinformativo es tu puente hacia una comprensi\u00f3n m\u00e1s profunda del mundo que te rodea.","publisher":{"@id":"https:\/\/www.nexoinformativo.mx\/#organization"},"potentialAction":[{"@type":"SearchAction","target":{"@type":"EntryPoint","urlTemplate":"https:\/\/www.nexoinformativo.mx\/?s={search_term_string}"},"query-input":{"@type":"PropertyValueSpecification","valueRequired":true,"valueName":"search_term_string"}}],"inLanguage":"es"},{"@type":"Organization","@id":"https:\/\/www.nexoinformativo.mx\/#organization","name":"Nexo Informativo Santiago de Quer\u00e9taro","url":"https:\/\/www.nexoinformativo.mx\/","logo":{"@type":"ImageObject","inLanguage":"es","@id":"https:\/\/www.nexoinformativo.mx\/#\/schema\/logo\/image\/","url":"https:\/\/www.nexoinformativo.mx\/wp-content\/uploads\/2024\/07\/nexoi-trasparente-2.png","contentUrl":"https:\/\/www.nexoinformativo.mx\/wp-content\/uploads\/2024\/07\/nexoi-trasparente-2.png","width":816,"height":339,"caption":"Nexo Informativo Santiago de Quer\u00e9taro"},"image":{"@id":"https:\/\/www.nexoinformativo.mx\/#\/schema\/logo\/image\/"},"sameAs":["https:\/\/www.facebook.com\/people\/Nexo-Informativo\/61564066885511\/"]},{"@type":"Person","@id":"https:\/\/www.nexoinformativo.mx\/#\/schema\/person\/7749d380ba08c8ca00d7bc76fd907b7d","name":"Nexo Informativo","image":{"@type":"ImageObject","inLanguage":"es","@id":"https:\/\/www.nexoinformativo.mx\/#\/schema\/person\/image\/","url":"https:\/\/secure.gravatar.com\/avatar\/dde2928154642a13d95f87ddf1ea9718fe2b46760a005c53e41ff5ad610704e6?s=96&d=mm&r=g","contentUrl":"https:\/\/secure.gravatar.com\/avatar\/dde2928154642a13d95f87ddf1ea9718fe2b46760a005c53e41ff5ad610704e6?s=96&d=mm&r=g","caption":"Nexo Informativo"},"url":"https:\/\/www.nexoinformativo.mx\/index.php\/author\/edicion\/"}]}},"_links":{"self":[{"href":"https:\/\/www.nexoinformativo.mx\/index.php\/wp-json\/wp\/v2\/posts\/8052","targetHints":{"allow":["GET"]}}],"collection":[{"href":"https:\/\/www.nexoinformativo.mx\/index.php\/wp-json\/wp\/v2\/posts"}],"about":[{"href":"https:\/\/www.nexoinformativo.mx\/index.php\/wp-json\/wp\/v2\/types\/post"}],"author":[{"embeddable":true,"href":"https:\/\/www.nexoinformativo.mx\/index.php\/wp-json\/wp\/v2\/users\/3"}],"replies":[{"embeddable":true,"href":"https:\/\/www.nexoinformativo.mx\/index.php\/wp-json\/wp\/v2\/comments?post=8052"}],"version-history":[{"count":3,"href":"https:\/\/www.nexoinformativo.mx\/index.php\/wp-json\/wp\/v2\/posts\/8052\/revisions"}],"predecessor-version":[{"id":8056,"href":"https:\/\/www.nexoinformativo.mx\/index.php\/wp-json\/wp\/v2\/posts\/8052\/revisions\/8056"}],"wp:featuredmedia":[{"embeddable":true,"href":"https:\/\/www.nexoinformativo.mx\/index.php\/wp-json\/wp\/v2\/media\/8053"}],"wp:attachment":[{"href":"https:\/\/www.nexoinformativo.mx\/index.php\/wp-json\/wp\/v2\/media?parent=8052"}],"wp:term":[{"taxonomy":"category","embeddable":true,"href":"https:\/\/www.nexoinformativo.mx\/index.php\/wp-json\/wp\/v2\/categories?post=8052"},{"taxonomy":"post_tag","embeddable":true,"href":"https:\/\/www.nexoinformativo.mx\/index.php\/wp-json\/wp\/v2\/tags?post=8052"}],"curies":[{"name":"wp","href":"https:\/\/api.w.org\/{rel}","templated":true}]}}