{"id":8061,"date":"2024-12-13T11:00:51","date_gmt":"2024-12-13T17:00:51","guid":{"rendered":"https:\/\/www.nexoinformativo.mx\/?p=8061"},"modified":"2024-12-13T14:10:52","modified_gmt":"2024-12-13T20:10:52","slug":"bety-robles-impulsa-ley-para-proteger-a-ninas-ninos-y-adolescentes-en-el-mundo-digital","status":"publish","type":"post","link":"https:\/\/www.nexoinformativo.mx\/index.php\/2024\/12\/13\/bety-robles-impulsa-ley-para-proteger-a-ninas-ninos-y-adolescentes-en-el-mundo-digital\/","title":{"rendered":"Bety Robles impulsa ley para proteger a ni\u00f1as, ni\u00f1os y adolescentes en el mundo digital"},"content":{"rendered":"<p style=\"text-align: justify;\" data-sourcepos=\"11:1-11:204\">La senadora Bety Robles, representante de Quer\u00e9taro, ha sido pieza clave en la aprobaci\u00f3n de una reforma hist\u00f3rica que busca garantizar la seguridad de ni\u00f1as, ni\u00f1os y adolescentes en el mundo digital.<\/p>\n<p>&nbsp;<\/p>\n<p style=\"text-align: justify;\" data-sourcepos=\"13:1-13:238\">Esta nueva ley, que modifica la Ley General de los Derechos de Ni\u00f1as, Ni\u00f1os y Adolescentes, establece medidas concretas para proteger a los menores de edad de los riesgos que pueden enfrentar en internet, como el ciberacoso y el grooming.<\/p>\n<p>&nbsp;<\/p>\n<p style=\"text-align: justify;\" data-sourcepos=\"15:1-15:287\">&#8220;El internet debe ser un espacio donde los menores puedan aprender, jugar, relacionarse y expresar su creatividad sin temor&#8221;, afirm\u00f3 la senadora Robles, quien destac\u00f3 la importancia de esta reforma para garantizar el bienestar y el desarrollo pleno de las futuras generaciones.<\/p>\n<p>&nbsp;<\/p>\n<p style=\"text-align: justify;\" data-sourcepos=\"17:1-17:32\">\u00bfQu\u00e9 implica esta nueva ley?\u00a0Educaci\u00f3n digital, se\u00a0implementar\u00e1n programas en las escuelas para ense\u00f1ar a los ni\u00f1os y adolescentes a navegar de manera segura por internet.\u00a0Persecuci\u00f3n de delitos: Se fortalecer\u00e1 la persecuci\u00f3n de delitos digitales contra menores, como el ciberacoso y la difusi\u00f3n de contenido sexual infantil.<\/p>\n<p>&nbsp;<\/p>\n<p style=\"text-align: justify;\">Responsabilidad de las empresas: Las empresas tecnol\u00f3gicas tendr\u00e1n la obligaci\u00f3n de desarrollar herramientas para filtrar contenido inapropiado y proteger la privacidad de los usuarios menores de edad.\u00a0Participaci\u00f3n de las familias: Se promover\u00e1 la comunicaci\u00f3n abierta entre padres e hijos sobre el uso seguro de internet.<\/p>\n<p>&nbsp;<\/p>\n<p style=\"text-align: justify;\" data-sourcepos=\"26:1-26:273\">Con esta reforma, M\u00e9xico se posiciona como un referente en la protecci\u00f3n de los derechos de los ni\u00f1os en el \u00e1mbito digital. La senadora Robles hizo un llamado a la sociedad en su conjunto a trabajar de manera conjunta para construir un entorno digital seguro y responsable.<\/p>\n<p>&nbsp;<\/p>\n<p style=\"text-align: center;\" data-sourcepos=\"26:1-26:273\"><em><strong>\u00a1Informaci\u00f3n que transforma!<\/strong><\/em><\/p>\n","protected":false},"excerpt":{"rendered":"<p>La senadora Bety Robles, representante de Quer\u00e9taro, ha sido pieza clave en la aprobaci\u00f3n de una reforma hist\u00f3rica que busca garantizar la seguridad de ni\u00f1as, ni\u00f1os y adolescentes en el mundo digital.<\/p>\n","protected":false},"author":3,"featured_media":8062,"comment_status":"open","ping_status":"open","sticky":false,"template":"","format":"standard","meta":{"footnotes":""},"categories":[42,58],"tags":[2653,2652,2651,2639],"class_list":["post-8061","post","type-post","status-publish","format-standard","has-post-thumbnail","hentry","category-estado","category-ultima-hora","tag-betyrobles","tag-ciberacoso","tag-ninosconectados","tag-seguridaddigital"],"yoast_head":"<!-- This site is optimized with the Yoast SEO plugin v25.0 - https:\/\/yoast.com\/wordpress\/plugins\/seo\/ -->\n<title>Bety Robles impulsa ley para proteger a ni\u00f1as, ni\u00f1os y adolescentes en el mundo digital | Nexo Informativo Santiago de Quer\u00e9taro<\/title>\n<meta name=\"description\" content=\"Bety Robles impulsa ley para proteger a ni\u00f1as, ni\u00f1os y adolescentes en el mundo digital\" \/>\n<meta name=\"robots\" content=\"index, follow, max-snippet:-1, max-image-preview:large, max-video-preview:-1\" \/>\n<link rel=\"canonical\" href=\"https:\/\/www.nexoinformativo.mx\/index.php\/2024\/12\/13\/bety-robles-impulsa-ley-para-proteger-a-ninas-ninos-y-adolescentes-en-el-mundo-digital\/\" \/>\n<meta property=\"og:locale\" content=\"es_MX\" \/>\n<meta property=\"og:type\" content=\"article\" \/>\n<meta property=\"og:title\" content=\"Bety Robles impulsa ley para proteger a ni\u00f1as, ni\u00f1os y adolescentes en el mundo digital | Nexo Informativo Santiago de Quer\u00e9taro\" \/>\n<meta property=\"og:description\" content=\"Bety Robles impulsa ley para proteger a ni\u00f1as, ni\u00f1os y adolescentes en el mundo digital\" \/>\n<meta property=\"og:url\" content=\"https:\/\/www.nexoinformativo.mx\/index.php\/2024\/12\/13\/bety-robles-impulsa-ley-para-proteger-a-ninas-ninos-y-adolescentes-en-el-mundo-digital\/\" \/>\n<meta property=\"og:site_name\" content=\"Nexo Informativo Santiago de Quer\u00e9taro\" \/>\n<meta property=\"article:publisher\" content=\"https:\/\/www.facebook.com\/people\/Nexo-Informativo\/61564066885511\/\" \/>\n<meta property=\"article:published_time\" content=\"2024-12-13T17:00:51+00:00\" \/>\n<meta property=\"article:modified_time\" content=\"2024-12-13T20:10:52+00:00\" \/>\n<meta property=\"og:image\" content=\"https:\/\/www.nexoinformativo.mx\/wp-content\/uploads\/2024\/12\/PHOTO-2024-12-13-13-21-42-e1734120567825.jpg\" \/>\n\t<meta property=\"og:image:width\" content=\"600\" \/>\n\t<meta property=\"og:image:height\" content=\"628\" \/>\n\t<meta property=\"og:image:type\" content=\"image\/jpeg\" \/>\n<meta name=\"author\" content=\"Nexo Informativo\" \/>\n<meta name=\"twitter:card\" content=\"summary_large_image\" \/>\n<meta name=\"twitter:label1\" content=\"Escrito por\" \/>\n\t<meta name=\"twitter:data1\" content=\"Nexo Informativo\" \/>\n\t<meta name=\"twitter:label2\" content=\"Tiempo de lectura\" \/>\n\t<meta name=\"twitter:data2\" content=\"2 minutos\" \/>\n<script type=\"application\/ld+json\" class=\"yoast-schema-graph\">{\"@context\":\"https:\/\/schema.org\",\"@graph\":[{\"@type\":\"Article\",\"@id\":\"https:\/\/www.nexoinformativo.mx\/index.php\/2024\/12\/13\/bety-robles-impulsa-ley-para-proteger-a-ninas-ninos-y-adolescentes-en-el-mundo-digital\/#article\",\"isPartOf\":{\"@id\":\"https:\/\/www.nexoinformativo.mx\/index.php\/2024\/12\/13\/bety-robles-impulsa-ley-para-proteger-a-ninas-ninos-y-adolescentes-en-el-mundo-digital\/\"},\"author\":{\"name\":\"Nexo Informativo\",\"@id\":\"https:\/\/www.nexoinformativo.mx\/#\/schema\/person\/7749d380ba08c8ca00d7bc76fd907b7d\"},\"headline\":\"Bety Robles impulsa ley para proteger a ni\u00f1as, ni\u00f1os y adolescentes en el mundo digital\",\"datePublished\":\"2024-12-13T17:00:51+00:00\",\"dateModified\":\"2024-12-13T20:10:52+00:00\",\"mainEntityOfPage\":{\"@id\":\"https:\/\/www.nexoinformativo.mx\/index.php\/2024\/12\/13\/bety-robles-impulsa-ley-para-proteger-a-ninas-ninos-y-adolescentes-en-el-mundo-digital\/\"},\"wordCount\":305,\"commentCount\":0,\"publisher\":{\"@id\":\"https:\/\/www.nexoinformativo.mx\/#organization\"},\"image\":{\"@id\":\"https:\/\/www.nexoinformativo.mx\/index.php\/2024\/12\/13\/bety-robles-impulsa-ley-para-proteger-a-ninas-ninos-y-adolescentes-en-el-mundo-digital\/#primaryimage\"},\"thumbnailUrl\":\"https:\/\/www.nexoinformativo.mx\/wp-content\/uploads\/2024\/12\/PHOTO-2024-12-13-13-21-42-e1734120567825.jpg\",\"keywords\":[\"BetyRobles\",\"Ciberacoso\",\"Ni\u00f1osConectados\",\"SeguridadDigital\"],\"articleSection\":[\"Estado\",\"\u00daltima Hora\"],\"inLanguage\":\"es\",\"potentialAction\":[{\"@type\":\"CommentAction\",\"name\":\"Comment\",\"target\":[\"https:\/\/www.nexoinformativo.mx\/index.php\/2024\/12\/13\/bety-robles-impulsa-ley-para-proteger-a-ninas-ninos-y-adolescentes-en-el-mundo-digital\/#respond\"]}]},{\"@type\":\"WebPage\",\"@id\":\"https:\/\/www.nexoinformativo.mx\/index.php\/2024\/12\/13\/bety-robles-impulsa-ley-para-proteger-a-ninas-ninos-y-adolescentes-en-el-mundo-digital\/\",\"url\":\"https:\/\/www.nexoinformativo.mx\/index.php\/2024\/12\/13\/bety-robles-impulsa-ley-para-proteger-a-ninas-ninos-y-adolescentes-en-el-mundo-digital\/\",\"name\":\"Bety Robles impulsa ley para proteger a ni\u00f1as, ni\u00f1os y adolescentes en el mundo digital | Nexo Informativo Santiago de Quer\u00e9taro\",\"isPartOf\":{\"@id\":\"https:\/\/www.nexoinformativo.mx\/#website\"},\"primaryImageOfPage\":{\"@id\":\"https:\/\/www.nexoinformativo.mx\/index.php\/2024\/12\/13\/bety-robles-impulsa-ley-para-proteger-a-ninas-ninos-y-adolescentes-en-el-mundo-digital\/#primaryimage\"},\"image\":{\"@id\":\"https:\/\/www.nexoinformativo.mx\/index.php\/2024\/12\/13\/bety-robles-impulsa-ley-para-proteger-a-ninas-ninos-y-adolescentes-en-el-mundo-digital\/#primaryimage\"},\"thumbnailUrl\":\"https:\/\/www.nexoinformativo.mx\/wp-content\/uploads\/2024\/12\/PHOTO-2024-12-13-13-21-42-e1734120567825.jpg\",\"datePublished\":\"2024-12-13T17:00:51+00:00\",\"dateModified\":\"2024-12-13T20:10:52+00:00\",\"description\":\"Bety Robles impulsa ley para proteger a ni\u00f1as, ni\u00f1os y adolescentes en el mundo digital\",\"breadcrumb\":{\"@id\":\"https:\/\/www.nexoinformativo.mx\/index.php\/2024\/12\/13\/bety-robles-impulsa-ley-para-proteger-a-ninas-ninos-y-adolescentes-en-el-mundo-digital\/#breadcrumb\"},\"inLanguage\":\"es\",\"potentialAction\":[{\"@type\":\"ReadAction\",\"target\":[\"https:\/\/www.nexoinformativo.mx\/index.php\/2024\/12\/13\/bety-robles-impulsa-ley-para-proteger-a-ninas-ninos-y-adolescentes-en-el-mundo-digital\/\"]}]},{\"@type\":\"ImageObject\",\"inLanguage\":\"es\",\"@id\":\"https:\/\/www.nexoinformativo.mx\/index.php\/2024\/12\/13\/bety-robles-impulsa-ley-para-proteger-a-ninas-ninos-y-adolescentes-en-el-mundo-digital\/#primaryimage\",\"url\":\"https:\/\/www.nexoinformativo.mx\/wp-content\/uploads\/2024\/12\/PHOTO-2024-12-13-13-21-42-e1734120567825.jpg\",\"contentUrl\":\"https:\/\/www.nexoinformativo.mx\/wp-content\/uploads\/2024\/12\/PHOTO-2024-12-13-13-21-42-e1734120567825.jpg\",\"width\":600,\"height\":628},{\"@type\":\"BreadcrumbList\",\"@id\":\"https:\/\/www.nexoinformativo.mx\/index.php\/2024\/12\/13\/bety-robles-impulsa-ley-para-proteger-a-ninas-ninos-y-adolescentes-en-el-mundo-digital\/#breadcrumb\",\"itemListElement\":[{\"@type\":\"ListItem\",\"position\":1,\"name\":\"Inicio\",\"item\":\"https:\/\/www.nexoinformativo.mx\/\"},{\"@type\":\"ListItem\",\"position\":2,\"name\":\"Bety Robles impulsa ley para proteger a ni\u00f1as, ni\u00f1os y adolescentes en el mundo digital\"}]},{\"@type\":\"WebSite\",\"@id\":\"https:\/\/www.nexoinformativo.mx\/#website\",\"url\":\"https:\/\/www.nexoinformativo.mx\/\",\"name\":\"Nexo Informativo Santiago de Quer\u00e9taro\",\"description\":\"Explora NexoInformativo y convi\u00e9rtete en parte de una comunidad que valora el conocimiento y la verdad. Tu nexoinformativo es tu puente hacia una comprensi\u00f3n m\u00e1s profunda del mundo que te rodea.\",\"publisher\":{\"@id\":\"https:\/\/www.nexoinformativo.mx\/#organization\"},\"potentialAction\":[{\"@type\":\"SearchAction\",\"target\":{\"@type\":\"EntryPoint\",\"urlTemplate\":\"https:\/\/www.nexoinformativo.mx\/?s={search_term_string}\"},\"query-input\":{\"@type\":\"PropertyValueSpecification\",\"valueRequired\":true,\"valueName\":\"search_term_string\"}}],\"inLanguage\":\"es\"},{\"@type\":\"Organization\",\"@id\":\"https:\/\/www.nexoinformativo.mx\/#organization\",\"name\":\"Nexo Informativo Santiago de Quer\u00e9taro\",\"url\":\"https:\/\/www.nexoinformativo.mx\/\",\"logo\":{\"@type\":\"ImageObject\",\"inLanguage\":\"es\",\"@id\":\"https:\/\/www.nexoinformativo.mx\/#\/schema\/logo\/image\/\",\"url\":\"https:\/\/www.nexoinformativo.mx\/wp-content\/uploads\/2024\/07\/nexoi-trasparente-2.png\",\"contentUrl\":\"https:\/\/www.nexoinformativo.mx\/wp-content\/uploads\/2024\/07\/nexoi-trasparente-2.png\",\"width\":816,\"height\":339,\"caption\":\"Nexo Informativo Santiago de Quer\u00e9taro\"},\"image\":{\"@id\":\"https:\/\/www.nexoinformativo.mx\/#\/schema\/logo\/image\/\"},\"sameAs\":[\"https:\/\/www.facebook.com\/people\/Nexo-Informativo\/61564066885511\/\"]},{\"@type\":\"Person\",\"@id\":\"https:\/\/www.nexoinformativo.mx\/#\/schema\/person\/7749d380ba08c8ca00d7bc76fd907b7d\",\"name\":\"Nexo Informativo\",\"image\":{\"@type\":\"ImageObject\",\"inLanguage\":\"es\",\"@id\":\"https:\/\/www.nexoinformativo.mx\/#\/schema\/person\/image\/\",\"url\":\"https:\/\/secure.gravatar.com\/avatar\/dde2928154642a13d95f87ddf1ea9718fe2b46760a005c53e41ff5ad610704e6?s=96&d=mm&r=g\",\"contentUrl\":\"https:\/\/secure.gravatar.com\/avatar\/dde2928154642a13d95f87ddf1ea9718fe2b46760a005c53e41ff5ad610704e6?s=96&d=mm&r=g\",\"caption\":\"Nexo Informativo\"},\"url\":\"https:\/\/www.nexoinformativo.mx\/index.php\/author\/edicion\/\"}]}<\/script>\n<!-- \/ Yoast SEO plugin. -->","yoast_head_json":{"title":"Bety Robles impulsa ley para proteger a ni\u00f1as, ni\u00f1os y adolescentes en el mundo digital | Nexo Informativo Santiago de Quer\u00e9taro","description":"Bety Robles impulsa ley para proteger a ni\u00f1as, ni\u00f1os y adolescentes en el mundo digital","robots":{"index":"index","follow":"follow","max-snippet":"max-snippet:-1","max-image-preview":"max-image-preview:large","max-video-preview":"max-video-preview:-1"},"canonical":"https:\/\/www.nexoinformativo.mx\/index.php\/2024\/12\/13\/bety-robles-impulsa-ley-para-proteger-a-ninas-ninos-y-adolescentes-en-el-mundo-digital\/","og_locale":"es_MX","og_type":"article","og_title":"Bety Robles impulsa ley para proteger a ni\u00f1as, ni\u00f1os y adolescentes en el mundo digital | Nexo Informativo Santiago de Quer\u00e9taro","og_description":"Bety Robles impulsa ley para proteger a ni\u00f1as, ni\u00f1os y adolescentes en el mundo digital","og_url":"https:\/\/www.nexoinformativo.mx\/index.php\/2024\/12\/13\/bety-robles-impulsa-ley-para-proteger-a-ninas-ninos-y-adolescentes-en-el-mundo-digital\/","og_site_name":"Nexo Informativo Santiago de Quer\u00e9taro","article_publisher":"https:\/\/www.facebook.com\/people\/Nexo-Informativo\/61564066885511\/","article_published_time":"2024-12-13T17:00:51+00:00","article_modified_time":"2024-12-13T20:10:52+00:00","og_image":[{"width":600,"height":628,"url":"https:\/\/www.nexoinformativo.mx\/wp-content\/uploads\/2024\/12\/PHOTO-2024-12-13-13-21-42-e1734120567825.jpg","type":"image\/jpeg"}],"author":"Nexo Informativo","twitter_card":"summary_large_image","twitter_misc":{"Escrito por":"Nexo Informativo","Tiempo de lectura":"2 minutos"},"schema":{"@context":"https:\/\/schema.org","@graph":[{"@type":"Article","@id":"https:\/\/www.nexoinformativo.mx\/index.php\/2024\/12\/13\/bety-robles-impulsa-ley-para-proteger-a-ninas-ninos-y-adolescentes-en-el-mundo-digital\/#article","isPartOf":{"@id":"https:\/\/www.nexoinformativo.mx\/index.php\/2024\/12\/13\/bety-robles-impulsa-ley-para-proteger-a-ninas-ninos-y-adolescentes-en-el-mundo-digital\/"},"author":{"name":"Nexo Informativo","@id":"https:\/\/www.nexoinformativo.mx\/#\/schema\/person\/7749d380ba08c8ca00d7bc76fd907b7d"},"headline":"Bety Robles impulsa ley para proteger a ni\u00f1as, ni\u00f1os y adolescentes en el mundo digital","datePublished":"2024-12-13T17:00:51+00:00","dateModified":"2024-12-13T20:10:52+00:00","mainEntityOfPage":{"@id":"https:\/\/www.nexoinformativo.mx\/index.php\/2024\/12\/13\/bety-robles-impulsa-ley-para-proteger-a-ninas-ninos-y-adolescentes-en-el-mundo-digital\/"},"wordCount":305,"commentCount":0,"publisher":{"@id":"https:\/\/www.nexoinformativo.mx\/#organization"},"image":{"@id":"https:\/\/www.nexoinformativo.mx\/index.php\/2024\/12\/13\/bety-robles-impulsa-ley-para-proteger-a-ninas-ninos-y-adolescentes-en-el-mundo-digital\/#primaryimage"},"thumbnailUrl":"https:\/\/www.nexoinformativo.mx\/wp-content\/uploads\/2024\/12\/PHOTO-2024-12-13-13-21-42-e1734120567825.jpg","keywords":["BetyRobles","Ciberacoso","Ni\u00f1osConectados","SeguridadDigital"],"articleSection":["Estado","\u00daltima Hora"],"inLanguage":"es","potentialAction":[{"@type":"CommentAction","name":"Comment","target":["https:\/\/www.nexoinformativo.mx\/index.php\/2024\/12\/13\/bety-robles-impulsa-ley-para-proteger-a-ninas-ninos-y-adolescentes-en-el-mundo-digital\/#respond"]}]},{"@type":"WebPage","@id":"https:\/\/www.nexoinformativo.mx\/index.php\/2024\/12\/13\/bety-robles-impulsa-ley-para-proteger-a-ninas-ninos-y-adolescentes-en-el-mundo-digital\/","url":"https:\/\/www.nexoinformativo.mx\/index.php\/2024\/12\/13\/bety-robles-impulsa-ley-para-proteger-a-ninas-ninos-y-adolescentes-en-el-mundo-digital\/","name":"Bety Robles impulsa ley para proteger a ni\u00f1as, ni\u00f1os y adolescentes en el mundo digital | Nexo Informativo Santiago de Quer\u00e9taro","isPartOf":{"@id":"https:\/\/www.nexoinformativo.mx\/#website"},"primaryImageOfPage":{"@id":"https:\/\/www.nexoinformativo.mx\/index.php\/2024\/12\/13\/bety-robles-impulsa-ley-para-proteger-a-ninas-ninos-y-adolescentes-en-el-mundo-digital\/#primaryimage"},"image":{"@id":"https:\/\/www.nexoinformativo.mx\/index.php\/2024\/12\/13\/bety-robles-impulsa-ley-para-proteger-a-ninas-ninos-y-adolescentes-en-el-mundo-digital\/#primaryimage"},"thumbnailUrl":"https:\/\/www.nexoinformativo.mx\/wp-content\/uploads\/2024\/12\/PHOTO-2024-12-13-13-21-42-e1734120567825.jpg","datePublished":"2024-12-13T17:00:51+00:00","dateModified":"2024-12-13T20:10:52+00:00","description":"Bety Robles impulsa ley para proteger a ni\u00f1as, ni\u00f1os y adolescentes en el mundo digital","breadcrumb":{"@id":"https:\/\/www.nexoinformativo.mx\/index.php\/2024\/12\/13\/bety-robles-impulsa-ley-para-proteger-a-ninas-ninos-y-adolescentes-en-el-mundo-digital\/#breadcrumb"},"inLanguage":"es","potentialAction":[{"@type":"ReadAction","target":["https:\/\/www.nexoinformativo.mx\/index.php\/2024\/12\/13\/bety-robles-impulsa-ley-para-proteger-a-ninas-ninos-y-adolescentes-en-el-mundo-digital\/"]}]},{"@type":"ImageObject","inLanguage":"es","@id":"https:\/\/www.nexoinformativo.mx\/index.php\/2024\/12\/13\/bety-robles-impulsa-ley-para-proteger-a-ninas-ninos-y-adolescentes-en-el-mundo-digital\/#primaryimage","url":"https:\/\/www.nexoinformativo.mx\/wp-content\/uploads\/2024\/12\/PHOTO-2024-12-13-13-21-42-e1734120567825.jpg","contentUrl":"https:\/\/www.nexoinformativo.mx\/wp-content\/uploads\/2024\/12\/PHOTO-2024-12-13-13-21-42-e1734120567825.jpg","width":600,"height":628},{"@type":"BreadcrumbList","@id":"https:\/\/www.nexoinformativo.mx\/index.php\/2024\/12\/13\/bety-robles-impulsa-ley-para-proteger-a-ninas-ninos-y-adolescentes-en-el-mundo-digital\/#breadcrumb","itemListElement":[{"@type":"ListItem","position":1,"name":"Inicio","item":"https:\/\/www.nexoinformativo.mx\/"},{"@type":"ListItem","position":2,"name":"Bety Robles impulsa ley para proteger a ni\u00f1as, ni\u00f1os y adolescentes en el mundo digital"}]},{"@type":"WebSite","@id":"https:\/\/www.nexoinformativo.mx\/#website","url":"https:\/\/www.nexoinformativo.mx\/","name":"Nexo Informativo Santiago de Quer\u00e9taro","description":"Explora NexoInformativo y convi\u00e9rtete en parte de una comunidad que valora el conocimiento y la verdad. Tu nexoinformativo es tu puente hacia una comprensi\u00f3n m\u00e1s profunda del mundo que te rodea.","publisher":{"@id":"https:\/\/www.nexoinformativo.mx\/#organization"},"potentialAction":[{"@type":"SearchAction","target":{"@type":"EntryPoint","urlTemplate":"https:\/\/www.nexoinformativo.mx\/?s={search_term_string}"},"query-input":{"@type":"PropertyValueSpecification","valueRequired":true,"valueName":"search_term_string"}}],"inLanguage":"es"},{"@type":"Organization","@id":"https:\/\/www.nexoinformativo.mx\/#organization","name":"Nexo Informativo Santiago de Quer\u00e9taro","url":"https:\/\/www.nexoinformativo.mx\/","logo":{"@type":"ImageObject","inLanguage":"es","@id":"https:\/\/www.nexoinformativo.mx\/#\/schema\/logo\/image\/","url":"https:\/\/www.nexoinformativo.mx\/wp-content\/uploads\/2024\/07\/nexoi-trasparente-2.png","contentUrl":"https:\/\/www.nexoinformativo.mx\/wp-content\/uploads\/2024\/07\/nexoi-trasparente-2.png","width":816,"height":339,"caption":"Nexo Informativo Santiago de Quer\u00e9taro"},"image":{"@id":"https:\/\/www.nexoinformativo.mx\/#\/schema\/logo\/image\/"},"sameAs":["https:\/\/www.facebook.com\/people\/Nexo-Informativo\/61564066885511\/"]},{"@type":"Person","@id":"https:\/\/www.nexoinformativo.mx\/#\/schema\/person\/7749d380ba08c8ca00d7bc76fd907b7d","name":"Nexo Informativo","image":{"@type":"ImageObject","inLanguage":"es","@id":"https:\/\/www.nexoinformativo.mx\/#\/schema\/person\/image\/","url":"https:\/\/secure.gravatar.com\/avatar\/dde2928154642a13d95f87ddf1ea9718fe2b46760a005c53e41ff5ad610704e6?s=96&d=mm&r=g","contentUrl":"https:\/\/secure.gravatar.com\/avatar\/dde2928154642a13d95f87ddf1ea9718fe2b46760a005c53e41ff5ad610704e6?s=96&d=mm&r=g","caption":"Nexo Informativo"},"url":"https:\/\/www.nexoinformativo.mx\/index.php\/author\/edicion\/"}]}},"_links":{"self":[{"href":"https:\/\/www.nexoinformativo.mx\/index.php\/wp-json\/wp\/v2\/posts\/8061","targetHints":{"allow":["GET"]}}],"collection":[{"href":"https:\/\/www.nexoinformativo.mx\/index.php\/wp-json\/wp\/v2\/posts"}],"about":[{"href":"https:\/\/www.nexoinformativo.mx\/index.php\/wp-json\/wp\/v2\/types\/post"}],"author":[{"embeddable":true,"href":"https:\/\/www.nexoinformativo.mx\/index.php\/wp-json\/wp\/v2\/users\/3"}],"replies":[{"embeddable":true,"href":"https:\/\/www.nexoinformativo.mx\/index.php\/wp-json\/wp\/v2\/comments?post=8061"}],"version-history":[{"count":2,"href":"https:\/\/www.nexoinformativo.mx\/index.php\/wp-json\/wp\/v2\/posts\/8061\/revisions"}],"predecessor-version":[{"id":8064,"href":"https:\/\/www.nexoinformativo.mx\/index.php\/wp-json\/wp\/v2\/posts\/8061\/revisions\/8064"}],"wp:featuredmedia":[{"embeddable":true,"href":"https:\/\/www.nexoinformativo.mx\/index.php\/wp-json\/wp\/v2\/media\/8062"}],"wp:attachment":[{"href":"https:\/\/www.nexoinformativo.mx\/index.php\/wp-json\/wp\/v2\/media?parent=8061"}],"wp:term":[{"taxonomy":"category","embeddable":true,"href":"https:\/\/www.nexoinformativo.mx\/index.php\/wp-json\/wp\/v2\/categories?post=8061"},{"taxonomy":"post_tag","embeddable":true,"href":"https:\/\/www.nexoinformativo.mx\/index.php\/wp-json\/wp\/v2\/tags?post=8061"}],"curies":[{"name":"wp","href":"https:\/\/api.w.org\/{rel}","templated":true}]}}