{"id":8066,"date":"2024-12-13T11:30:56","date_gmt":"2024-12-13T17:30:56","guid":{"rendered":"https:\/\/www.nexoinformativo.mx\/?p=8066"},"modified":"2024-12-13T14:16:45","modified_gmt":"2024-12-13T20:16:45","slug":"municipalizar-es-dignificar-diputado-gomez-de-la-rosa-exige-justicia-para-comunidades-queretanas","status":"publish","type":"post","link":"https:\/\/www.nexoinformativo.mx\/index.php\/2024\/12\/13\/municipalizar-es-dignificar-diputado-gomez-de-la-rosa-exige-justicia-para-comunidades-queretanas\/","title":{"rendered":"&#8220;Municipalizar es dignificar&#8221;: Diputado G\u00f3mez de la Rosa exige justicia para comunidades queretanas"},"content":{"rendered":"<p style=\"text-align: justify;\" data-sourcepos=\"11:1-11:407\">El diputado independiente Ulises G\u00f3mez de la Rosa ha reafirmado su compromiso con la municipalizaci\u00f3n de Santa Rosa J\u00e1uregui, Vizarr\u00f3n y Santiago Mexquititl\u00e1n.<\/p>\n<p>&nbsp;<\/p>\n<p style=\"text-align: justify;\" data-sourcepos=\"11:1-11:407\">En medio de la pol\u00e9mica suscitada por las declaraciones del gobernador Mauricio Kuri, quien calific\u00f3 como inviable la creaci\u00f3n de nuevos municipios, G\u00f3mez de la Rosa ha defendido fervientemente el derecho de estas comunidades a autogobernarse.<\/p>\n<p>&nbsp;<\/p>\n<p style=\"text-align: justify;\" data-sourcepos=\"13:1-13:320\">El legislador ha argumentado que la municipalizaci\u00f3n no solo es una aspiraci\u00f3n hist\u00f3rica de estas comunidades, sino tambi\u00e9n una necesidad imperante para atender sus demandas sociales y econ\u00f3micas. Seg\u00fan G\u00f3mez de la Rosa, estas demarcaciones cuentan con los recursos y la capacidad para administrarse de manera eficiente.<\/p>\n<p>&nbsp;<\/p>\n<p style=\"text-align: justify;\" data-sourcepos=\"15:1-15:367\"><strong>&#8220;Municipalizar es dignificar. Estas comunidades tienen la capacidad de administrarse y hacerlo mejor que muchas otras regiones del estado&#8221;<\/strong>, afirm\u00f3 el diputado, quien ha presentado datos que respaldan su postura. Por ejemplo, en el caso de Santa Rosa J\u00e1uregui, se ha demostrado que esta demarcaci\u00f3n genera suficientes ingresos para sostenerse como municipio.<\/p>\n<p>&nbsp;<\/p>\n<p style=\"text-align: justify;\" data-sourcepos=\"17:1-17:340\">El diputado ha criticado las declaraciones del gobernador Kuri, se\u00f1alando que la oposici\u00f3n a la municipalizaci\u00f3n se basa en intereses pol\u00edticos y econ\u00f3micos. G\u00f3mez de la Rosa ha acusado al gobierno estatal de querer mantener el control sobre los recursos de estas comunidades y de utilizar argumentos falsos para justificar su negativa.<\/p>\n<p>&nbsp;<\/p>\n<p style=\"text-align: justify;\" data-sourcepos=\"19:1-19:250\">G\u00f3mez de la Rosa ha convocado a un di\u00e1logo abierto y transparente sobre este tema, con la participaci\u00f3n de expertos y de la ciudadan\u00eda. El objetivo es construir una propuesta s\u00f3lida y consensuada que permita avanzar en el proceso de municipalizaci\u00f3n.<\/p>\n<p>&nbsp;<\/p>\n<p style=\"text-align: center;\" data-sourcepos=\"19:1-19:250\"><em><strong>\u00a1Informaci\u00f3n que transforma!<\/strong><\/em><\/p>\n","protected":false},"excerpt":{"rendered":"<p>El diputado independiente Ulises G\u00f3mez de la Rosa ha reafirmado su compromiso con la municipalizaci\u00f3n de Santa Rosa J\u00e1uregui, Vizarr\u00f3n y Santiago Mexquititl\u00e1n.<\/p>\n","protected":false},"author":3,"featured_media":8067,"comment_status":"open","ping_status":"open","sticky":false,"template":"","format":"standard","meta":{"footnotes":""},"categories":[42,58],"tags":[2654,133,575,2655],"class_list":["post-8066","post","type-post","status-publish","format-standard","has-post-thumbnail","hentry","category-estado","category-ultima-hora","tag-municipalizacion","tag-queretaro","tag-santarosajauregui","tag-ulisesgomezdelarosa"],"yoast_head":"<!-- This site is optimized with the Yoast SEO plugin v25.0 - https:\/\/yoast.com\/wordpress\/plugins\/seo\/ -->\n<title>&quot;Municipalizar es dignificar&quot;: Diputado G\u00f3mez de la Rosa exige justicia para comunidades queretanas | Nexo Informativo Santiago de Quer\u00e9taro<\/title>\n<meta name=\"description\" content=\"&quot;Municipalizar es dignificar&quot;: Diputado G\u00f3mez de la Rosa exige justicia para comunidades queretanas\" \/>\n<meta name=\"robots\" content=\"index, follow, max-snippet:-1, max-image-preview:large, max-video-preview:-1\" \/>\n<link rel=\"canonical\" href=\"https:\/\/www.nexoinformativo.mx\/index.php\/2024\/12\/13\/municipalizar-es-dignificar-diputado-gomez-de-la-rosa-exige-justicia-para-comunidades-queretanas\/\" \/>\n<meta property=\"og:locale\" content=\"es_MX\" \/>\n<meta property=\"og:type\" content=\"article\" \/>\n<meta property=\"og:title\" content=\"&quot;Municipalizar es dignificar&quot;: Diputado G\u00f3mez de la Rosa exige justicia para comunidades queretanas | Nexo Informativo Santiago de Quer\u00e9taro\" \/>\n<meta property=\"og:description\" content=\"&quot;Municipalizar es dignificar&quot;: Diputado G\u00f3mez de la Rosa exige justicia para comunidades queretanas\" \/>\n<meta property=\"og:url\" content=\"https:\/\/www.nexoinformativo.mx\/index.php\/2024\/12\/13\/municipalizar-es-dignificar-diputado-gomez-de-la-rosa-exige-justicia-para-comunidades-queretanas\/\" \/>\n<meta property=\"og:site_name\" content=\"Nexo Informativo Santiago de Quer\u00e9taro\" \/>\n<meta property=\"article:publisher\" content=\"https:\/\/www.facebook.com\/people\/Nexo-Informativo\/61564066885511\/\" \/>\n<meta property=\"article:published_time\" content=\"2024-12-13T17:30:56+00:00\" \/>\n<meta property=\"article:modified_time\" content=\"2024-12-13T20:16:45+00:00\" \/>\n<meta property=\"og:image\" content=\"https:\/\/www.nexoinformativo.mx\/wp-content\/uploads\/2024\/12\/PHOTO-2024-12-13-13-23-16-e1734120887965.jpg\" \/>\n\t<meta property=\"og:image:width\" content=\"800\" \/>\n\t<meta property=\"og:image:height\" content=\"533\" \/>\n\t<meta property=\"og:image:type\" content=\"image\/jpeg\" \/>\n<meta name=\"author\" content=\"Nexo Informativo\" \/>\n<meta name=\"twitter:card\" content=\"summary_large_image\" \/>\n<meta name=\"twitter:label1\" content=\"Escrito por\" \/>\n\t<meta name=\"twitter:data1\" content=\"Nexo Informativo\" \/>\n\t<meta name=\"twitter:label2\" content=\"Tiempo de lectura\" \/>\n\t<meta name=\"twitter:data2\" content=\"2 minutos\" \/>\n<script type=\"application\/ld+json\" class=\"yoast-schema-graph\">{\"@context\":\"https:\/\/schema.org\",\"@graph\":[{\"@type\":\"Article\",\"@id\":\"https:\/\/www.nexoinformativo.mx\/index.php\/2024\/12\/13\/municipalizar-es-dignificar-diputado-gomez-de-la-rosa-exige-justicia-para-comunidades-queretanas\/#article\",\"isPartOf\":{\"@id\":\"https:\/\/www.nexoinformativo.mx\/index.php\/2024\/12\/13\/municipalizar-es-dignificar-diputado-gomez-de-la-rosa-exige-justicia-para-comunidades-queretanas\/\"},\"author\":{\"name\":\"Nexo Informativo\",\"@id\":\"https:\/\/www.nexoinformativo.mx\/#\/schema\/person\/7749d380ba08c8ca00d7bc76fd907b7d\"},\"headline\":\"&#8220;Municipalizar es dignificar&#8221;: Diputado G\u00f3mez de la Rosa exige justicia para comunidades queretanas\",\"datePublished\":\"2024-12-13T17:30:56+00:00\",\"dateModified\":\"2024-12-13T20:16:45+00:00\",\"mainEntityOfPage\":{\"@id\":\"https:\/\/www.nexoinformativo.mx\/index.php\/2024\/12\/13\/municipalizar-es-dignificar-diputado-gomez-de-la-rosa-exige-justicia-para-comunidades-queretanas\/\"},\"wordCount\":304,\"commentCount\":0,\"publisher\":{\"@id\":\"https:\/\/www.nexoinformativo.mx\/#organization\"},\"image\":{\"@id\":\"https:\/\/www.nexoinformativo.mx\/index.php\/2024\/12\/13\/municipalizar-es-dignificar-diputado-gomez-de-la-rosa-exige-justicia-para-comunidades-queretanas\/#primaryimage\"},\"thumbnailUrl\":\"https:\/\/www.nexoinformativo.mx\/wp-content\/uploads\/2024\/12\/PHOTO-2024-12-13-13-23-16-e1734120887965.jpg\",\"keywords\":[\"Municipalizaci\u00f3n\",\"Quer\u00e9taro\",\"SantaRosaJ\u00e1uregui\",\"UlisesG\u00f3mezDeLaRosa\"],\"articleSection\":[\"Estado\",\"\u00daltima Hora\"],\"inLanguage\":\"es\",\"potentialAction\":[{\"@type\":\"CommentAction\",\"name\":\"Comment\",\"target\":[\"https:\/\/www.nexoinformativo.mx\/index.php\/2024\/12\/13\/municipalizar-es-dignificar-diputado-gomez-de-la-rosa-exige-justicia-para-comunidades-queretanas\/#respond\"]}]},{\"@type\":\"WebPage\",\"@id\":\"https:\/\/www.nexoinformativo.mx\/index.php\/2024\/12\/13\/municipalizar-es-dignificar-diputado-gomez-de-la-rosa-exige-justicia-para-comunidades-queretanas\/\",\"url\":\"https:\/\/www.nexoinformativo.mx\/index.php\/2024\/12\/13\/municipalizar-es-dignificar-diputado-gomez-de-la-rosa-exige-justicia-para-comunidades-queretanas\/\",\"name\":\"\\\"Municipalizar es dignificar\\\": Diputado G\u00f3mez de la Rosa exige justicia para comunidades queretanas | Nexo Informativo Santiago de Quer\u00e9taro\",\"isPartOf\":{\"@id\":\"https:\/\/www.nexoinformativo.mx\/#website\"},\"primaryImageOfPage\":{\"@id\":\"https:\/\/www.nexoinformativo.mx\/index.php\/2024\/12\/13\/municipalizar-es-dignificar-diputado-gomez-de-la-rosa-exige-justicia-para-comunidades-queretanas\/#primaryimage\"},\"image\":{\"@id\":\"https:\/\/www.nexoinformativo.mx\/index.php\/2024\/12\/13\/municipalizar-es-dignificar-diputado-gomez-de-la-rosa-exige-justicia-para-comunidades-queretanas\/#primaryimage\"},\"thumbnailUrl\":\"https:\/\/www.nexoinformativo.mx\/wp-content\/uploads\/2024\/12\/PHOTO-2024-12-13-13-23-16-e1734120887965.jpg\",\"datePublished\":\"2024-12-13T17:30:56+00:00\",\"dateModified\":\"2024-12-13T20:16:45+00:00\",\"description\":\"\\\"Municipalizar es dignificar\\\": Diputado G\u00f3mez de la Rosa exige justicia para comunidades queretanas\",\"breadcrumb\":{\"@id\":\"https:\/\/www.nexoinformativo.mx\/index.php\/2024\/12\/13\/municipalizar-es-dignificar-diputado-gomez-de-la-rosa-exige-justicia-para-comunidades-queretanas\/#breadcrumb\"},\"inLanguage\":\"es\",\"potentialAction\":[{\"@type\":\"ReadAction\",\"target\":[\"https:\/\/www.nexoinformativo.mx\/index.php\/2024\/12\/13\/municipalizar-es-dignificar-diputado-gomez-de-la-rosa-exige-justicia-para-comunidades-queretanas\/\"]}]},{\"@type\":\"ImageObject\",\"inLanguage\":\"es\",\"@id\":\"https:\/\/www.nexoinformativo.mx\/index.php\/2024\/12\/13\/municipalizar-es-dignificar-diputado-gomez-de-la-rosa-exige-justicia-para-comunidades-queretanas\/#primaryimage\",\"url\":\"https:\/\/www.nexoinformativo.mx\/wp-content\/uploads\/2024\/12\/PHOTO-2024-12-13-13-23-16-e1734120887965.jpg\",\"contentUrl\":\"https:\/\/www.nexoinformativo.mx\/wp-content\/uploads\/2024\/12\/PHOTO-2024-12-13-13-23-16-e1734120887965.jpg\",\"width\":800,\"height\":533},{\"@type\":\"BreadcrumbList\",\"@id\":\"https:\/\/www.nexoinformativo.mx\/index.php\/2024\/12\/13\/municipalizar-es-dignificar-diputado-gomez-de-la-rosa-exige-justicia-para-comunidades-queretanas\/#breadcrumb\",\"itemListElement\":[{\"@type\":\"ListItem\",\"position\":1,\"name\":\"Inicio\",\"item\":\"https:\/\/www.nexoinformativo.mx\/\"},{\"@type\":\"ListItem\",\"position\":2,\"name\":\"&#8220;Municipalizar es dignificar&#8221;: Diputado G\u00f3mez de la Rosa exige justicia para comunidades queretanas\"}]},{\"@type\":\"WebSite\",\"@id\":\"https:\/\/www.nexoinformativo.mx\/#website\",\"url\":\"https:\/\/www.nexoinformativo.mx\/\",\"name\":\"Nexo Informativo Santiago de Quer\u00e9taro\",\"description\":\"Explora NexoInformativo y convi\u00e9rtete en parte de una comunidad que valora el conocimiento y la verdad. Tu nexoinformativo es tu puente hacia una comprensi\u00f3n m\u00e1s profunda del mundo que te rodea.\",\"publisher\":{\"@id\":\"https:\/\/www.nexoinformativo.mx\/#organization\"},\"potentialAction\":[{\"@type\":\"SearchAction\",\"target\":{\"@type\":\"EntryPoint\",\"urlTemplate\":\"https:\/\/www.nexoinformativo.mx\/?s={search_term_string}\"},\"query-input\":{\"@type\":\"PropertyValueSpecification\",\"valueRequired\":true,\"valueName\":\"search_term_string\"}}],\"inLanguage\":\"es\"},{\"@type\":\"Organization\",\"@id\":\"https:\/\/www.nexoinformativo.mx\/#organization\",\"name\":\"Nexo Informativo Santiago de Quer\u00e9taro\",\"url\":\"https:\/\/www.nexoinformativo.mx\/\",\"logo\":{\"@type\":\"ImageObject\",\"inLanguage\":\"es\",\"@id\":\"https:\/\/www.nexoinformativo.mx\/#\/schema\/logo\/image\/\",\"url\":\"https:\/\/www.nexoinformativo.mx\/wp-content\/uploads\/2024\/07\/nexoi-trasparente-2.png\",\"contentUrl\":\"https:\/\/www.nexoinformativo.mx\/wp-content\/uploads\/2024\/07\/nexoi-trasparente-2.png\",\"width\":816,\"height\":339,\"caption\":\"Nexo Informativo Santiago de Quer\u00e9taro\"},\"image\":{\"@id\":\"https:\/\/www.nexoinformativo.mx\/#\/schema\/logo\/image\/\"},\"sameAs\":[\"https:\/\/www.facebook.com\/people\/Nexo-Informativo\/61564066885511\/\"]},{\"@type\":\"Person\",\"@id\":\"https:\/\/www.nexoinformativo.mx\/#\/schema\/person\/7749d380ba08c8ca00d7bc76fd907b7d\",\"name\":\"Nexo Informativo\",\"image\":{\"@type\":\"ImageObject\",\"inLanguage\":\"es\",\"@id\":\"https:\/\/www.nexoinformativo.mx\/#\/schema\/person\/image\/\",\"url\":\"https:\/\/secure.gravatar.com\/avatar\/dde2928154642a13d95f87ddf1ea9718fe2b46760a005c53e41ff5ad610704e6?s=96&d=mm&r=g\",\"contentUrl\":\"https:\/\/secure.gravatar.com\/avatar\/dde2928154642a13d95f87ddf1ea9718fe2b46760a005c53e41ff5ad610704e6?s=96&d=mm&r=g\",\"caption\":\"Nexo Informativo\"},\"url\":\"https:\/\/www.nexoinformativo.mx\/index.php\/author\/edicion\/\"}]}<\/script>\n<!-- \/ Yoast SEO plugin. -->","yoast_head_json":{"title":"\"Municipalizar es dignificar\": Diputado G\u00f3mez de la Rosa exige justicia para comunidades queretanas | Nexo Informativo Santiago de Quer\u00e9taro","description":"\"Municipalizar es dignificar\": Diputado G\u00f3mez de la Rosa exige justicia para comunidades queretanas","robots":{"index":"index","follow":"follow","max-snippet":"max-snippet:-1","max-image-preview":"max-image-preview:large","max-video-preview":"max-video-preview:-1"},"canonical":"https:\/\/www.nexoinformativo.mx\/index.php\/2024\/12\/13\/municipalizar-es-dignificar-diputado-gomez-de-la-rosa-exige-justicia-para-comunidades-queretanas\/","og_locale":"es_MX","og_type":"article","og_title":"\"Municipalizar es dignificar\": Diputado G\u00f3mez de la Rosa exige justicia para comunidades queretanas | Nexo Informativo Santiago de Quer\u00e9taro","og_description":"\"Municipalizar es dignificar\": Diputado G\u00f3mez de la Rosa exige justicia para comunidades queretanas","og_url":"https:\/\/www.nexoinformativo.mx\/index.php\/2024\/12\/13\/municipalizar-es-dignificar-diputado-gomez-de-la-rosa-exige-justicia-para-comunidades-queretanas\/","og_site_name":"Nexo Informativo Santiago de Quer\u00e9taro","article_publisher":"https:\/\/www.facebook.com\/people\/Nexo-Informativo\/61564066885511\/","article_published_time":"2024-12-13T17:30:56+00:00","article_modified_time":"2024-12-13T20:16:45+00:00","og_image":[{"width":800,"height":533,"url":"https:\/\/www.nexoinformativo.mx\/wp-content\/uploads\/2024\/12\/PHOTO-2024-12-13-13-23-16-e1734120887965.jpg","type":"image\/jpeg"}],"author":"Nexo Informativo","twitter_card":"summary_large_image","twitter_misc":{"Escrito por":"Nexo Informativo","Tiempo de lectura":"2 minutos"},"schema":{"@context":"https:\/\/schema.org","@graph":[{"@type":"Article","@id":"https:\/\/www.nexoinformativo.mx\/index.php\/2024\/12\/13\/municipalizar-es-dignificar-diputado-gomez-de-la-rosa-exige-justicia-para-comunidades-queretanas\/#article","isPartOf":{"@id":"https:\/\/www.nexoinformativo.mx\/index.php\/2024\/12\/13\/municipalizar-es-dignificar-diputado-gomez-de-la-rosa-exige-justicia-para-comunidades-queretanas\/"},"author":{"name":"Nexo Informativo","@id":"https:\/\/www.nexoinformativo.mx\/#\/schema\/person\/7749d380ba08c8ca00d7bc76fd907b7d"},"headline":"&#8220;Municipalizar es dignificar&#8221;: Diputado G\u00f3mez de la Rosa exige justicia para comunidades queretanas","datePublished":"2024-12-13T17:30:56+00:00","dateModified":"2024-12-13T20:16:45+00:00","mainEntityOfPage":{"@id":"https:\/\/www.nexoinformativo.mx\/index.php\/2024\/12\/13\/municipalizar-es-dignificar-diputado-gomez-de-la-rosa-exige-justicia-para-comunidades-queretanas\/"},"wordCount":304,"commentCount":0,"publisher":{"@id":"https:\/\/www.nexoinformativo.mx\/#organization"},"image":{"@id":"https:\/\/www.nexoinformativo.mx\/index.php\/2024\/12\/13\/municipalizar-es-dignificar-diputado-gomez-de-la-rosa-exige-justicia-para-comunidades-queretanas\/#primaryimage"},"thumbnailUrl":"https:\/\/www.nexoinformativo.mx\/wp-content\/uploads\/2024\/12\/PHOTO-2024-12-13-13-23-16-e1734120887965.jpg","keywords":["Municipalizaci\u00f3n","Quer\u00e9taro","SantaRosaJ\u00e1uregui","UlisesG\u00f3mezDeLaRosa"],"articleSection":["Estado","\u00daltima Hora"],"inLanguage":"es","potentialAction":[{"@type":"CommentAction","name":"Comment","target":["https:\/\/www.nexoinformativo.mx\/index.php\/2024\/12\/13\/municipalizar-es-dignificar-diputado-gomez-de-la-rosa-exige-justicia-para-comunidades-queretanas\/#respond"]}]},{"@type":"WebPage","@id":"https:\/\/www.nexoinformativo.mx\/index.php\/2024\/12\/13\/municipalizar-es-dignificar-diputado-gomez-de-la-rosa-exige-justicia-para-comunidades-queretanas\/","url":"https:\/\/www.nexoinformativo.mx\/index.php\/2024\/12\/13\/municipalizar-es-dignificar-diputado-gomez-de-la-rosa-exige-justicia-para-comunidades-queretanas\/","name":"\"Municipalizar es dignificar\": Diputado G\u00f3mez de la Rosa exige justicia para comunidades queretanas | Nexo Informativo Santiago de Quer\u00e9taro","isPartOf":{"@id":"https:\/\/www.nexoinformativo.mx\/#website"},"primaryImageOfPage":{"@id":"https:\/\/www.nexoinformativo.mx\/index.php\/2024\/12\/13\/municipalizar-es-dignificar-diputado-gomez-de-la-rosa-exige-justicia-para-comunidades-queretanas\/#primaryimage"},"image":{"@id":"https:\/\/www.nexoinformativo.mx\/index.php\/2024\/12\/13\/municipalizar-es-dignificar-diputado-gomez-de-la-rosa-exige-justicia-para-comunidades-queretanas\/#primaryimage"},"thumbnailUrl":"https:\/\/www.nexoinformativo.mx\/wp-content\/uploads\/2024\/12\/PHOTO-2024-12-13-13-23-16-e1734120887965.jpg","datePublished":"2024-12-13T17:30:56+00:00","dateModified":"2024-12-13T20:16:45+00:00","description":"\"Municipalizar es dignificar\": Diputado G\u00f3mez de la Rosa exige justicia para comunidades queretanas","breadcrumb":{"@id":"https:\/\/www.nexoinformativo.mx\/index.php\/2024\/12\/13\/municipalizar-es-dignificar-diputado-gomez-de-la-rosa-exige-justicia-para-comunidades-queretanas\/#breadcrumb"},"inLanguage":"es","potentialAction":[{"@type":"ReadAction","target":["https:\/\/www.nexoinformativo.mx\/index.php\/2024\/12\/13\/municipalizar-es-dignificar-diputado-gomez-de-la-rosa-exige-justicia-para-comunidades-queretanas\/"]}]},{"@type":"ImageObject","inLanguage":"es","@id":"https:\/\/www.nexoinformativo.mx\/index.php\/2024\/12\/13\/municipalizar-es-dignificar-diputado-gomez-de-la-rosa-exige-justicia-para-comunidades-queretanas\/#primaryimage","url":"https:\/\/www.nexoinformativo.mx\/wp-content\/uploads\/2024\/12\/PHOTO-2024-12-13-13-23-16-e1734120887965.jpg","contentUrl":"https:\/\/www.nexoinformativo.mx\/wp-content\/uploads\/2024\/12\/PHOTO-2024-12-13-13-23-16-e1734120887965.jpg","width":800,"height":533},{"@type":"BreadcrumbList","@id":"https:\/\/www.nexoinformativo.mx\/index.php\/2024\/12\/13\/municipalizar-es-dignificar-diputado-gomez-de-la-rosa-exige-justicia-para-comunidades-queretanas\/#breadcrumb","itemListElement":[{"@type":"ListItem","position":1,"name":"Inicio","item":"https:\/\/www.nexoinformativo.mx\/"},{"@type":"ListItem","position":2,"name":"&#8220;Municipalizar es dignificar&#8221;: Diputado G\u00f3mez de la Rosa exige justicia para comunidades queretanas"}]},{"@type":"WebSite","@id":"https:\/\/www.nexoinformativo.mx\/#website","url":"https:\/\/www.nexoinformativo.mx\/","name":"Nexo Informativo Santiago de Quer\u00e9taro","description":"Explora NexoInformativo y convi\u00e9rtete en parte de una comunidad que valora el conocimiento y la verdad. Tu nexoinformativo es tu puente hacia una comprensi\u00f3n m\u00e1s profunda del mundo que te rodea.","publisher":{"@id":"https:\/\/www.nexoinformativo.mx\/#organization"},"potentialAction":[{"@type":"SearchAction","target":{"@type":"EntryPoint","urlTemplate":"https:\/\/www.nexoinformativo.mx\/?s={search_term_string}"},"query-input":{"@type":"PropertyValueSpecification","valueRequired":true,"valueName":"search_term_string"}}],"inLanguage":"es"},{"@type":"Organization","@id":"https:\/\/www.nexoinformativo.mx\/#organization","name":"Nexo Informativo Santiago de Quer\u00e9taro","url":"https:\/\/www.nexoinformativo.mx\/","logo":{"@type":"ImageObject","inLanguage":"es","@id":"https:\/\/www.nexoinformativo.mx\/#\/schema\/logo\/image\/","url":"https:\/\/www.nexoinformativo.mx\/wp-content\/uploads\/2024\/07\/nexoi-trasparente-2.png","contentUrl":"https:\/\/www.nexoinformativo.mx\/wp-content\/uploads\/2024\/07\/nexoi-trasparente-2.png","width":816,"height":339,"caption":"Nexo Informativo Santiago de Quer\u00e9taro"},"image":{"@id":"https:\/\/www.nexoinformativo.mx\/#\/schema\/logo\/image\/"},"sameAs":["https:\/\/www.facebook.com\/people\/Nexo-Informativo\/61564066885511\/"]},{"@type":"Person","@id":"https:\/\/www.nexoinformativo.mx\/#\/schema\/person\/7749d380ba08c8ca00d7bc76fd907b7d","name":"Nexo Informativo","image":{"@type":"ImageObject","inLanguage":"es","@id":"https:\/\/www.nexoinformativo.mx\/#\/schema\/person\/image\/","url":"https:\/\/secure.gravatar.com\/avatar\/dde2928154642a13d95f87ddf1ea9718fe2b46760a005c53e41ff5ad610704e6?s=96&d=mm&r=g","contentUrl":"https:\/\/secure.gravatar.com\/avatar\/dde2928154642a13d95f87ddf1ea9718fe2b46760a005c53e41ff5ad610704e6?s=96&d=mm&r=g","caption":"Nexo Informativo"},"url":"https:\/\/www.nexoinformativo.mx\/index.php\/author\/edicion\/"}]}},"_links":{"self":[{"href":"https:\/\/www.nexoinformativo.mx\/index.php\/wp-json\/wp\/v2\/posts\/8066","targetHints":{"allow":["GET"]}}],"collection":[{"href":"https:\/\/www.nexoinformativo.mx\/index.php\/wp-json\/wp\/v2\/posts"}],"about":[{"href":"https:\/\/www.nexoinformativo.mx\/index.php\/wp-json\/wp\/v2\/types\/post"}],"author":[{"embeddable":true,"href":"https:\/\/www.nexoinformativo.mx\/index.php\/wp-json\/wp\/v2\/users\/3"}],"replies":[{"embeddable":true,"href":"https:\/\/www.nexoinformativo.mx\/index.php\/wp-json\/wp\/v2\/comments?post=8066"}],"version-history":[{"count":4,"href":"https:\/\/www.nexoinformativo.mx\/index.php\/wp-json\/wp\/v2\/posts\/8066\/revisions"}],"predecessor-version":[{"id":8071,"href":"https:\/\/www.nexoinformativo.mx\/index.php\/wp-json\/wp\/v2\/posts\/8066\/revisions\/8071"}],"wp:featuredmedia":[{"embeddable":true,"href":"https:\/\/www.nexoinformativo.mx\/index.php\/wp-json\/wp\/v2\/media\/8067"}],"wp:attachment":[{"href":"https:\/\/www.nexoinformativo.mx\/index.php\/wp-json\/wp\/v2\/media?parent=8066"}],"wp:term":[{"taxonomy":"category","embeddable":true,"href":"https:\/\/www.nexoinformativo.mx\/index.php\/wp-json\/wp\/v2\/categories?post=8066"},{"taxonomy":"post_tag","embeddable":true,"href":"https:\/\/www.nexoinformativo.mx\/index.php\/wp-json\/wp\/v2\/tags?post=8066"}],"curies":[{"name":"wp","href":"https:\/\/api.w.org\/{rel}","templated":true}]}}