{"id":8083,"date":"2024-12-13T13:00:13","date_gmt":"2024-12-13T19:00:13","guid":{"rendered":"https:\/\/www.nexoinformativo.mx\/?p=8083"},"modified":"2024-12-13T14:35:35","modified_gmt":"2024-12-13T20:35:35","slug":"el-marques-impulsa-el-emprendimiento-con-mas-de-250-empresarios-capacitados","status":"publish","type":"post","link":"https:\/\/www.nexoinformativo.mx\/index.php\/2024\/12\/13\/el-marques-impulsa-el-emprendimiento-con-mas-de-250-empresarios-capacitados\/","title":{"rendered":"El Marqu\u00e9s impulsa el emprendimiento con m\u00e1s de 250 empresarios capacitados"},"content":{"rendered":"<p style=\"text-align: justify;\" data-sourcepos=\"11:1-11:315\">El municipio de El Marqu\u00e9s est\u00e1 demostrando su compromiso con el desarrollo econ\u00f3mico local al capacitar a m\u00e1s de 250 emprendedores.<\/p>\n<p>&nbsp;<\/p>\n<p style=\"text-align: justify;\" data-sourcepos=\"11:1-11:315\">A trav\u00e9s de la Secretar\u00eda de Desarrollo Econ\u00f3mico, se han implementado diversos talleres y programas para fortalecer las habilidades de los comerciantes y fomentar el autoempleo. <\/p>\n<p>&nbsp;<\/p>\n<p style=\"text-align: justify;\" data-sourcepos=\"13:1-13:392\">El secretario de Desarrollo Econ\u00f3mico, Misael Aguilar, destac\u00f3 que el objetivo principal de estas acciones es brindar a los habitantes de El Marqu\u00e9s las herramientas necesarias para impulsar sus negocios y mejorar su calidad de vida. <strong>&#8220;Queremos que los comerciantes de El Marqu\u00e9s puedan desarrollar su econom\u00eda y asegurar el sustento de sus familias&#8221;<\/strong>, afirm\u00f3 Aguilar Centeno.<\/p>\n<p>&nbsp;<\/p>\n<p style=\"text-align: justify;\" data-sourcepos=\"15:1-15:51\">Entre las acciones implementadas se encuentran:\u00a0Talleres de oficios: Se han impartido 10 talleres en distintas comunidades y fraccionamientos del municipio para fomentar el autoempleo.\u00a0Pl\u00e1ticas informativas: Se han realizado diversas pl\u00e1ticas para capacitar a los comerciantes en temas como atenci\u00f3n al cliente y mejora de procesos.<\/p>\n<p>&nbsp;<\/p>\n<p style=\"text-align: justify;\">Apoyo a emprendedores: Se han brindado asesor\u00edas personalizadas y acompa\u00f1amiento a los emprendedores en el desarrollo de sus negocios.<\/p>\n<p>&nbsp;<\/p>\n<p style=\"text-align: justify;\" data-sourcepos=\"21:1-21:192\">Gracias a estas iniciativas, los comerciantes de El Marqu\u00e9s cuentan con las herramientas necesarias para mejorar sus productos y servicios, ampliar su clientela y fortalecer la econom\u00eda local.<\/p>\n<p>&nbsp;<\/p>\n<p style=\"text-align: center;\" data-sourcepos=\"21:1-21:192\"><em><strong>\u00a1Informaci\u00f3n que transforma!<\/strong><\/em><\/p>\n","protected":false},"excerpt":{"rendered":"<p>El municipio de El Marqu\u00e9s est\u00e1 demostrando su compromiso con el desarrollo econ\u00f3mico local al capacitar a m\u00e1s de 250 emprendedores.<\/p>\n","protected":false},"author":3,"featured_media":8084,"comment_status":"open","ping_status":"open","sticky":false,"template":"","format":"standard","meta":{"footnotes":""},"categories":[65,58],"tags":[2660,352,149,2659],"class_list":["post-8083","post","type-post","status-publish","format-standard","has-post-thumbnail","hentry","category-municipios","category-ultima-hora","tag-capacitacionempresarial","tag-desarrolloeconomico","tag-elmarques","tag-emprendedoreselmarques"],"yoast_head":"<!-- This site is optimized with the Yoast SEO plugin v25.0 - https:\/\/yoast.com\/wordpress\/plugins\/seo\/ -->\n<title>El Marqu\u00e9s impulsa el emprendimiento con m\u00e1s de 250 empresarios capacitados | Nexo Informativo Santiago de Quer\u00e9taro<\/title>\n<meta name=\"description\" content=\"El Marqu\u00e9s impulsa el emprendimiento con m\u00e1s de 250 empresarios capacitados\" \/>\n<meta name=\"robots\" content=\"index, follow, max-snippet:-1, max-image-preview:large, max-video-preview:-1\" \/>\n<link rel=\"canonical\" href=\"https:\/\/www.nexoinformativo.mx\/index.php\/2024\/12\/13\/el-marques-impulsa-el-emprendimiento-con-mas-de-250-empresarios-capacitados\/\" \/>\n<meta property=\"og:locale\" content=\"es_MX\" \/>\n<meta property=\"og:type\" content=\"article\" \/>\n<meta property=\"og:title\" content=\"El Marqu\u00e9s impulsa el emprendimiento con m\u00e1s de 250 empresarios capacitados | Nexo Informativo Santiago de Quer\u00e9taro\" \/>\n<meta property=\"og:description\" content=\"El Marqu\u00e9s impulsa el emprendimiento con m\u00e1s de 250 empresarios capacitados\" \/>\n<meta property=\"og:url\" content=\"https:\/\/www.nexoinformativo.mx\/index.php\/2024\/12\/13\/el-marques-impulsa-el-emprendimiento-con-mas-de-250-empresarios-capacitados\/\" \/>\n<meta property=\"og:site_name\" content=\"Nexo Informativo Santiago de Quer\u00e9taro\" \/>\n<meta property=\"article:publisher\" content=\"https:\/\/www.facebook.com\/people\/Nexo-Informativo\/61564066885511\/\" \/>\n<meta property=\"article:published_time\" content=\"2024-12-13T19:00:13+00:00\" \/>\n<meta property=\"article:modified_time\" content=\"2024-12-13T20:35:35+00:00\" \/>\n<meta property=\"og:image\" content=\"https:\/\/www.nexoinformativo.mx\/wp-content\/uploads\/2024\/12\/PHOTO-2024-12-13-13-25-48-scaled-e1734122085499.jpg\" \/>\n\t<meta property=\"og:image:width\" content=\"800\" \/>\n\t<meta property=\"og:image:height\" content=\"533\" \/>\n\t<meta property=\"og:image:type\" content=\"image\/jpeg\" \/>\n<meta name=\"author\" content=\"Nexo Informativo\" \/>\n<meta name=\"twitter:card\" content=\"summary_large_image\" \/>\n<meta name=\"twitter:label1\" content=\"Escrito por\" \/>\n\t<meta name=\"twitter:data1\" content=\"Nexo Informativo\" \/>\n\t<meta name=\"twitter:label2\" content=\"Tiempo de lectura\" \/>\n\t<meta name=\"twitter:data2\" content=\"2 minutos\" \/>\n<script type=\"application\/ld+json\" class=\"yoast-schema-graph\">{\"@context\":\"https:\/\/schema.org\",\"@graph\":[{\"@type\":\"Article\",\"@id\":\"https:\/\/www.nexoinformativo.mx\/index.php\/2024\/12\/13\/el-marques-impulsa-el-emprendimiento-con-mas-de-250-empresarios-capacitados\/#article\",\"isPartOf\":{\"@id\":\"https:\/\/www.nexoinformativo.mx\/index.php\/2024\/12\/13\/el-marques-impulsa-el-emprendimiento-con-mas-de-250-empresarios-capacitados\/\"},\"author\":{\"name\":\"Nexo Informativo\",\"@id\":\"https:\/\/www.nexoinformativo.mx\/#\/schema\/person\/7749d380ba08c8ca00d7bc76fd907b7d\"},\"headline\":\"El Marqu\u00e9s impulsa el emprendimiento con m\u00e1s de 250 empresarios capacitados\",\"datePublished\":\"2024-12-13T19:00:13+00:00\",\"dateModified\":\"2024-12-13T20:35:35+00:00\",\"mainEntityOfPage\":{\"@id\":\"https:\/\/www.nexoinformativo.mx\/index.php\/2024\/12\/13\/el-marques-impulsa-el-emprendimiento-con-mas-de-250-empresarios-capacitados\/\"},\"wordCount\":235,\"commentCount\":0,\"publisher\":{\"@id\":\"https:\/\/www.nexoinformativo.mx\/#organization\"},\"image\":{\"@id\":\"https:\/\/www.nexoinformativo.mx\/index.php\/2024\/12\/13\/el-marques-impulsa-el-emprendimiento-con-mas-de-250-empresarios-capacitados\/#primaryimage\"},\"thumbnailUrl\":\"https:\/\/www.nexoinformativo.mx\/wp-content\/uploads\/2024\/12\/PHOTO-2024-12-13-13-25-48-scaled-e1734122085499.jpg\",\"keywords\":[\"Capacitaci\u00f3nEmpresarial\",\"DesarrolloEcon\u00f3mico\",\"elmarques\",\"EmprendedoresElMarqu\u00e9s\"],\"articleSection\":[\"Municipios\",\"\u00daltima Hora\"],\"inLanguage\":\"es\",\"potentialAction\":[{\"@type\":\"CommentAction\",\"name\":\"Comment\",\"target\":[\"https:\/\/www.nexoinformativo.mx\/index.php\/2024\/12\/13\/el-marques-impulsa-el-emprendimiento-con-mas-de-250-empresarios-capacitados\/#respond\"]}]},{\"@type\":\"WebPage\",\"@id\":\"https:\/\/www.nexoinformativo.mx\/index.php\/2024\/12\/13\/el-marques-impulsa-el-emprendimiento-con-mas-de-250-empresarios-capacitados\/\",\"url\":\"https:\/\/www.nexoinformativo.mx\/index.php\/2024\/12\/13\/el-marques-impulsa-el-emprendimiento-con-mas-de-250-empresarios-capacitados\/\",\"name\":\"El Marqu\u00e9s impulsa el emprendimiento con m\u00e1s de 250 empresarios capacitados | Nexo Informativo Santiago de Quer\u00e9taro\",\"isPartOf\":{\"@id\":\"https:\/\/www.nexoinformativo.mx\/#website\"},\"primaryImageOfPage\":{\"@id\":\"https:\/\/www.nexoinformativo.mx\/index.php\/2024\/12\/13\/el-marques-impulsa-el-emprendimiento-con-mas-de-250-empresarios-capacitados\/#primaryimage\"},\"image\":{\"@id\":\"https:\/\/www.nexoinformativo.mx\/index.php\/2024\/12\/13\/el-marques-impulsa-el-emprendimiento-con-mas-de-250-empresarios-capacitados\/#primaryimage\"},\"thumbnailUrl\":\"https:\/\/www.nexoinformativo.mx\/wp-content\/uploads\/2024\/12\/PHOTO-2024-12-13-13-25-48-scaled-e1734122085499.jpg\",\"datePublished\":\"2024-12-13T19:00:13+00:00\",\"dateModified\":\"2024-12-13T20:35:35+00:00\",\"description\":\"El Marqu\u00e9s impulsa el emprendimiento con m\u00e1s de 250 empresarios capacitados\",\"breadcrumb\":{\"@id\":\"https:\/\/www.nexoinformativo.mx\/index.php\/2024\/12\/13\/el-marques-impulsa-el-emprendimiento-con-mas-de-250-empresarios-capacitados\/#breadcrumb\"},\"inLanguage\":\"es\",\"potentialAction\":[{\"@type\":\"ReadAction\",\"target\":[\"https:\/\/www.nexoinformativo.mx\/index.php\/2024\/12\/13\/el-marques-impulsa-el-emprendimiento-con-mas-de-250-empresarios-capacitados\/\"]}]},{\"@type\":\"ImageObject\",\"inLanguage\":\"es\",\"@id\":\"https:\/\/www.nexoinformativo.mx\/index.php\/2024\/12\/13\/el-marques-impulsa-el-emprendimiento-con-mas-de-250-empresarios-capacitados\/#primaryimage\",\"url\":\"https:\/\/www.nexoinformativo.mx\/wp-content\/uploads\/2024\/12\/PHOTO-2024-12-13-13-25-48-scaled-e1734122085499.jpg\",\"contentUrl\":\"https:\/\/www.nexoinformativo.mx\/wp-content\/uploads\/2024\/12\/PHOTO-2024-12-13-13-25-48-scaled-e1734122085499.jpg\",\"width\":800,\"height\":533},{\"@type\":\"BreadcrumbList\",\"@id\":\"https:\/\/www.nexoinformativo.mx\/index.php\/2024\/12\/13\/el-marques-impulsa-el-emprendimiento-con-mas-de-250-empresarios-capacitados\/#breadcrumb\",\"itemListElement\":[{\"@type\":\"ListItem\",\"position\":1,\"name\":\"Inicio\",\"item\":\"https:\/\/www.nexoinformativo.mx\/\"},{\"@type\":\"ListItem\",\"position\":2,\"name\":\"El Marqu\u00e9s impulsa el emprendimiento con m\u00e1s de 250 empresarios capacitados\"}]},{\"@type\":\"WebSite\",\"@id\":\"https:\/\/www.nexoinformativo.mx\/#website\",\"url\":\"https:\/\/www.nexoinformativo.mx\/\",\"name\":\"Nexo Informativo Santiago de Quer\u00e9taro\",\"description\":\"Explora NexoInformativo y convi\u00e9rtete en parte de una comunidad que valora el conocimiento y la verdad. Tu nexoinformativo es tu puente hacia una comprensi\u00f3n m\u00e1s profunda del mundo que te rodea.\",\"publisher\":{\"@id\":\"https:\/\/www.nexoinformativo.mx\/#organization\"},\"potentialAction\":[{\"@type\":\"SearchAction\",\"target\":{\"@type\":\"EntryPoint\",\"urlTemplate\":\"https:\/\/www.nexoinformativo.mx\/?s={search_term_string}\"},\"query-input\":{\"@type\":\"PropertyValueSpecification\",\"valueRequired\":true,\"valueName\":\"search_term_string\"}}],\"inLanguage\":\"es\"},{\"@type\":\"Organization\",\"@id\":\"https:\/\/www.nexoinformativo.mx\/#organization\",\"name\":\"Nexo Informativo Santiago de Quer\u00e9taro\",\"url\":\"https:\/\/www.nexoinformativo.mx\/\",\"logo\":{\"@type\":\"ImageObject\",\"inLanguage\":\"es\",\"@id\":\"https:\/\/www.nexoinformativo.mx\/#\/schema\/logo\/image\/\",\"url\":\"https:\/\/www.nexoinformativo.mx\/wp-content\/uploads\/2024\/07\/nexoi-trasparente-2.png\",\"contentUrl\":\"https:\/\/www.nexoinformativo.mx\/wp-content\/uploads\/2024\/07\/nexoi-trasparente-2.png\",\"width\":816,\"height\":339,\"caption\":\"Nexo Informativo Santiago de Quer\u00e9taro\"},\"image\":{\"@id\":\"https:\/\/www.nexoinformativo.mx\/#\/schema\/logo\/image\/\"},\"sameAs\":[\"https:\/\/www.facebook.com\/people\/Nexo-Informativo\/61564066885511\/\"]},{\"@type\":\"Person\",\"@id\":\"https:\/\/www.nexoinformativo.mx\/#\/schema\/person\/7749d380ba08c8ca00d7bc76fd907b7d\",\"name\":\"Nexo Informativo\",\"image\":{\"@type\":\"ImageObject\",\"inLanguage\":\"es\",\"@id\":\"https:\/\/www.nexoinformativo.mx\/#\/schema\/person\/image\/\",\"url\":\"https:\/\/secure.gravatar.com\/avatar\/dde2928154642a13d95f87ddf1ea9718fe2b46760a005c53e41ff5ad610704e6?s=96&d=mm&r=g\",\"contentUrl\":\"https:\/\/secure.gravatar.com\/avatar\/dde2928154642a13d95f87ddf1ea9718fe2b46760a005c53e41ff5ad610704e6?s=96&d=mm&r=g\",\"caption\":\"Nexo Informativo\"},\"url\":\"https:\/\/www.nexoinformativo.mx\/index.php\/author\/edicion\/\"}]}<\/script>\n<!-- \/ Yoast SEO plugin. -->","yoast_head_json":{"title":"El Marqu\u00e9s impulsa el emprendimiento con m\u00e1s de 250 empresarios capacitados | Nexo Informativo Santiago de Quer\u00e9taro","description":"El Marqu\u00e9s impulsa el emprendimiento con m\u00e1s de 250 empresarios capacitados","robots":{"index":"index","follow":"follow","max-snippet":"max-snippet:-1","max-image-preview":"max-image-preview:large","max-video-preview":"max-video-preview:-1"},"canonical":"https:\/\/www.nexoinformativo.mx\/index.php\/2024\/12\/13\/el-marques-impulsa-el-emprendimiento-con-mas-de-250-empresarios-capacitados\/","og_locale":"es_MX","og_type":"article","og_title":"El Marqu\u00e9s impulsa el emprendimiento con m\u00e1s de 250 empresarios capacitados | Nexo Informativo Santiago de Quer\u00e9taro","og_description":"El Marqu\u00e9s impulsa el emprendimiento con m\u00e1s de 250 empresarios capacitados","og_url":"https:\/\/www.nexoinformativo.mx\/index.php\/2024\/12\/13\/el-marques-impulsa-el-emprendimiento-con-mas-de-250-empresarios-capacitados\/","og_site_name":"Nexo Informativo Santiago de Quer\u00e9taro","article_publisher":"https:\/\/www.facebook.com\/people\/Nexo-Informativo\/61564066885511\/","article_published_time":"2024-12-13T19:00:13+00:00","article_modified_time":"2024-12-13T20:35:35+00:00","og_image":[{"width":800,"height":533,"url":"https:\/\/www.nexoinformativo.mx\/wp-content\/uploads\/2024\/12\/PHOTO-2024-12-13-13-25-48-scaled-e1734122085499.jpg","type":"image\/jpeg"}],"author":"Nexo Informativo","twitter_card":"summary_large_image","twitter_misc":{"Escrito por":"Nexo Informativo","Tiempo de lectura":"2 minutos"},"schema":{"@context":"https:\/\/schema.org","@graph":[{"@type":"Article","@id":"https:\/\/www.nexoinformativo.mx\/index.php\/2024\/12\/13\/el-marques-impulsa-el-emprendimiento-con-mas-de-250-empresarios-capacitados\/#article","isPartOf":{"@id":"https:\/\/www.nexoinformativo.mx\/index.php\/2024\/12\/13\/el-marques-impulsa-el-emprendimiento-con-mas-de-250-empresarios-capacitados\/"},"author":{"name":"Nexo Informativo","@id":"https:\/\/www.nexoinformativo.mx\/#\/schema\/person\/7749d380ba08c8ca00d7bc76fd907b7d"},"headline":"El Marqu\u00e9s impulsa el emprendimiento con m\u00e1s de 250 empresarios capacitados","datePublished":"2024-12-13T19:00:13+00:00","dateModified":"2024-12-13T20:35:35+00:00","mainEntityOfPage":{"@id":"https:\/\/www.nexoinformativo.mx\/index.php\/2024\/12\/13\/el-marques-impulsa-el-emprendimiento-con-mas-de-250-empresarios-capacitados\/"},"wordCount":235,"commentCount":0,"publisher":{"@id":"https:\/\/www.nexoinformativo.mx\/#organization"},"image":{"@id":"https:\/\/www.nexoinformativo.mx\/index.php\/2024\/12\/13\/el-marques-impulsa-el-emprendimiento-con-mas-de-250-empresarios-capacitados\/#primaryimage"},"thumbnailUrl":"https:\/\/www.nexoinformativo.mx\/wp-content\/uploads\/2024\/12\/PHOTO-2024-12-13-13-25-48-scaled-e1734122085499.jpg","keywords":["Capacitaci\u00f3nEmpresarial","DesarrolloEcon\u00f3mico","elmarques","EmprendedoresElMarqu\u00e9s"],"articleSection":["Municipios","\u00daltima Hora"],"inLanguage":"es","potentialAction":[{"@type":"CommentAction","name":"Comment","target":["https:\/\/www.nexoinformativo.mx\/index.php\/2024\/12\/13\/el-marques-impulsa-el-emprendimiento-con-mas-de-250-empresarios-capacitados\/#respond"]}]},{"@type":"WebPage","@id":"https:\/\/www.nexoinformativo.mx\/index.php\/2024\/12\/13\/el-marques-impulsa-el-emprendimiento-con-mas-de-250-empresarios-capacitados\/","url":"https:\/\/www.nexoinformativo.mx\/index.php\/2024\/12\/13\/el-marques-impulsa-el-emprendimiento-con-mas-de-250-empresarios-capacitados\/","name":"El Marqu\u00e9s impulsa el emprendimiento con m\u00e1s de 250 empresarios capacitados | Nexo Informativo Santiago de Quer\u00e9taro","isPartOf":{"@id":"https:\/\/www.nexoinformativo.mx\/#website"},"primaryImageOfPage":{"@id":"https:\/\/www.nexoinformativo.mx\/index.php\/2024\/12\/13\/el-marques-impulsa-el-emprendimiento-con-mas-de-250-empresarios-capacitados\/#primaryimage"},"image":{"@id":"https:\/\/www.nexoinformativo.mx\/index.php\/2024\/12\/13\/el-marques-impulsa-el-emprendimiento-con-mas-de-250-empresarios-capacitados\/#primaryimage"},"thumbnailUrl":"https:\/\/www.nexoinformativo.mx\/wp-content\/uploads\/2024\/12\/PHOTO-2024-12-13-13-25-48-scaled-e1734122085499.jpg","datePublished":"2024-12-13T19:00:13+00:00","dateModified":"2024-12-13T20:35:35+00:00","description":"El Marqu\u00e9s impulsa el emprendimiento con m\u00e1s de 250 empresarios capacitados","breadcrumb":{"@id":"https:\/\/www.nexoinformativo.mx\/index.php\/2024\/12\/13\/el-marques-impulsa-el-emprendimiento-con-mas-de-250-empresarios-capacitados\/#breadcrumb"},"inLanguage":"es","potentialAction":[{"@type":"ReadAction","target":["https:\/\/www.nexoinformativo.mx\/index.php\/2024\/12\/13\/el-marques-impulsa-el-emprendimiento-con-mas-de-250-empresarios-capacitados\/"]}]},{"@type":"ImageObject","inLanguage":"es","@id":"https:\/\/www.nexoinformativo.mx\/index.php\/2024\/12\/13\/el-marques-impulsa-el-emprendimiento-con-mas-de-250-empresarios-capacitados\/#primaryimage","url":"https:\/\/www.nexoinformativo.mx\/wp-content\/uploads\/2024\/12\/PHOTO-2024-12-13-13-25-48-scaled-e1734122085499.jpg","contentUrl":"https:\/\/www.nexoinformativo.mx\/wp-content\/uploads\/2024\/12\/PHOTO-2024-12-13-13-25-48-scaled-e1734122085499.jpg","width":800,"height":533},{"@type":"BreadcrumbList","@id":"https:\/\/www.nexoinformativo.mx\/index.php\/2024\/12\/13\/el-marques-impulsa-el-emprendimiento-con-mas-de-250-empresarios-capacitados\/#breadcrumb","itemListElement":[{"@type":"ListItem","position":1,"name":"Inicio","item":"https:\/\/www.nexoinformativo.mx\/"},{"@type":"ListItem","position":2,"name":"El Marqu\u00e9s impulsa el emprendimiento con m\u00e1s de 250 empresarios capacitados"}]},{"@type":"WebSite","@id":"https:\/\/www.nexoinformativo.mx\/#website","url":"https:\/\/www.nexoinformativo.mx\/","name":"Nexo Informativo Santiago de Quer\u00e9taro","description":"Explora NexoInformativo y convi\u00e9rtete en parte de una comunidad que valora el conocimiento y la verdad. Tu nexoinformativo es tu puente hacia una comprensi\u00f3n m\u00e1s profunda del mundo que te rodea.","publisher":{"@id":"https:\/\/www.nexoinformativo.mx\/#organization"},"potentialAction":[{"@type":"SearchAction","target":{"@type":"EntryPoint","urlTemplate":"https:\/\/www.nexoinformativo.mx\/?s={search_term_string}"},"query-input":{"@type":"PropertyValueSpecification","valueRequired":true,"valueName":"search_term_string"}}],"inLanguage":"es"},{"@type":"Organization","@id":"https:\/\/www.nexoinformativo.mx\/#organization","name":"Nexo Informativo Santiago de Quer\u00e9taro","url":"https:\/\/www.nexoinformativo.mx\/","logo":{"@type":"ImageObject","inLanguage":"es","@id":"https:\/\/www.nexoinformativo.mx\/#\/schema\/logo\/image\/","url":"https:\/\/www.nexoinformativo.mx\/wp-content\/uploads\/2024\/07\/nexoi-trasparente-2.png","contentUrl":"https:\/\/www.nexoinformativo.mx\/wp-content\/uploads\/2024\/07\/nexoi-trasparente-2.png","width":816,"height":339,"caption":"Nexo Informativo Santiago de Quer\u00e9taro"},"image":{"@id":"https:\/\/www.nexoinformativo.mx\/#\/schema\/logo\/image\/"},"sameAs":["https:\/\/www.facebook.com\/people\/Nexo-Informativo\/61564066885511\/"]},{"@type":"Person","@id":"https:\/\/www.nexoinformativo.mx\/#\/schema\/person\/7749d380ba08c8ca00d7bc76fd907b7d","name":"Nexo Informativo","image":{"@type":"ImageObject","inLanguage":"es","@id":"https:\/\/www.nexoinformativo.mx\/#\/schema\/person\/image\/","url":"https:\/\/secure.gravatar.com\/avatar\/dde2928154642a13d95f87ddf1ea9718fe2b46760a005c53e41ff5ad610704e6?s=96&d=mm&r=g","contentUrl":"https:\/\/secure.gravatar.com\/avatar\/dde2928154642a13d95f87ddf1ea9718fe2b46760a005c53e41ff5ad610704e6?s=96&d=mm&r=g","caption":"Nexo Informativo"},"url":"https:\/\/www.nexoinformativo.mx\/index.php\/author\/edicion\/"}]}},"_links":{"self":[{"href":"https:\/\/www.nexoinformativo.mx\/index.php\/wp-json\/wp\/v2\/posts\/8083","targetHints":{"allow":["GET"]}}],"collection":[{"href":"https:\/\/www.nexoinformativo.mx\/index.php\/wp-json\/wp\/v2\/posts"}],"about":[{"href":"https:\/\/www.nexoinformativo.mx\/index.php\/wp-json\/wp\/v2\/types\/post"}],"author":[{"embeddable":true,"href":"https:\/\/www.nexoinformativo.mx\/index.php\/wp-json\/wp\/v2\/users\/3"}],"replies":[{"embeddable":true,"href":"https:\/\/www.nexoinformativo.mx\/index.php\/wp-json\/wp\/v2\/comments?post=8083"}],"version-history":[{"count":3,"href":"https:\/\/www.nexoinformativo.mx\/index.php\/wp-json\/wp\/v2\/posts\/8083\/revisions"}],"predecessor-version":[{"id":8087,"href":"https:\/\/www.nexoinformativo.mx\/index.php\/wp-json\/wp\/v2\/posts\/8083\/revisions\/8087"}],"wp:featuredmedia":[{"embeddable":true,"href":"https:\/\/www.nexoinformativo.mx\/index.php\/wp-json\/wp\/v2\/media\/8084"}],"wp:attachment":[{"href":"https:\/\/www.nexoinformativo.mx\/index.php\/wp-json\/wp\/v2\/media?parent=8083"}],"wp:term":[{"taxonomy":"category","embeddable":true,"href":"https:\/\/www.nexoinformativo.mx\/index.php\/wp-json\/wp\/v2\/categories?post=8083"},{"taxonomy":"post_tag","embeddable":true,"href":"https:\/\/www.nexoinformativo.mx\/index.php\/wp-json\/wp\/v2\/tags?post=8083"}],"curies":[{"name":"wp","href":"https:\/\/api.w.org\/{rel}","templated":true}]}}