{"id":8088,"date":"2024-12-13T13:30:55","date_gmt":"2024-12-13T19:30:55","guid":{"rendered":"https:\/\/www.nexoinformativo.mx\/?p=8088"},"modified":"2024-12-13T14:44:58","modified_gmt":"2024-12-13T20:44:58","slug":"17a-zona-militar-destruye-218-armas-en-queretaro-para-garantizar-la-seguridad","status":"publish","type":"post","link":"https:\/\/www.nexoinformativo.mx\/index.php\/2024\/12\/13\/17a-zona-militar-destruye-218-armas-en-queretaro-para-garantizar-la-seguridad\/","title":{"rendered":"17\u00aa Zona Militar destruye 218 armas en Quer\u00e9taro para garantizar la seguridad"},"content":{"rendered":"<p style=\"text-align: justify;\" data-sourcepos=\"11:1-11:300\">En un acto contundente contra la delincuencia, la 17\u00aa Zona Militar llev\u00f3 a cabo la destrucci\u00f3n de 218 armas de fuego. Estas armas, entre las que se encuentran fusiles, escopetas y pistolas de diversos calibres, fueron decomisadas en distintos operativos realizados en todo el estado de Quer\u00e9taro.<\/p>\n<p>&nbsp;<\/p>\n<p style=\"text-align: justify;\" data-sourcepos=\"13:1-13:361\">La ceremonia de destrucci\u00f3n, realizada en el cuartel general de la 17\u00aa Zona Militar, cont\u00f3 con la presencia de autoridades de los tres niveles de gobierno.<\/p>\n<p>&nbsp;<\/p>\n<p style=\"text-align: justify;\" data-sourcepos=\"13:1-13:361\">El General de Brigada Vinicio P\u00e9rez Alcaraz, comandante de la 17\u00aa Zona Militar, destac\u00f3 que esta acci\u00f3n es un claro ejemplo del compromiso de las fuerzas armadas con la seguridad de la poblaci\u00f3n queretana.<\/p>\n<p>&nbsp;<\/p>\n<p style=\"text-align: justify;\" data-sourcepos=\"15:1-15:323\"><strong>&#8220;Con la destrucci\u00f3n de estas armas, estamos evitando que caigan en manos de delincuentes y que se utilicen para cometer actos violentos&#8221;<\/strong>, afirm\u00f3 el General P\u00e9rez Alcaraz. &#8220;Nuestro objetivo es garantizar que los ciudadanos puedan realizar sus actividades cotidianas en un ambiente de paz y tranquilidad&#8221;.<\/p>\n<p>&nbsp;<\/p>\n<p style=\"text-align: justify;\" data-sourcepos=\"17:1-17:173\">La destrucci\u00f3n de armamento es una pr\u00e1ctica com\u00fan en M\u00e9xico, y forma parte de las estrategias de seguridad p\u00fablica para reducir la violencia y combatir el crimen organizado.<\/p>\n<p>&nbsp;<\/p>\n<p style=\"text-align: center;\" data-sourcepos=\"17:1-17:173\"><em><strong>\u00a1Informaci\u00f3n que transforma!<\/strong><\/em><\/p>\n","protected":false},"excerpt":{"rendered":"<p>En un acto contundente contra la delincuencia, la 17\u00aa Zona Militar llev\u00f3 a cabo la destrucci\u00f3n de 218 armas de fuego. Estas armas, entre las que se encuentran fusiles, escopetas y pistolas de diversos calibres, fueron decomisadas en distintos operativos realizados en todo el estado de Quer\u00e9taro.<\/p>\n","protected":false},"author":3,"featured_media":8089,"comment_status":"open","ping_status":"open","sticky":false,"template":"","format":"standard","meta":{"footnotes":""},"categories":[42,58],"tags":[2662,2661,1942,266],"class_list":["post-8088","post","type-post","status-publish","format-standard","has-post-thumbnail","hentry","category-estado","category-ultima-hora","tag-17azonamilitar","tag-destrucciondearmas","tag-pazyseguridad","tag-seguridadqueretaro"],"yoast_head":"<!-- This site is optimized with the Yoast SEO plugin v25.0 - https:\/\/yoast.com\/wordpress\/plugins\/seo\/ -->\n<title>17\u00aa Zona Militar destruye 218 armas en Quer\u00e9taro para garantizar la seguridad | Nexo Informativo Santiago de Quer\u00e9taro<\/title>\n<meta name=\"description\" content=\"17\u00aa Zona Militar destruye 218 armas en Quer\u00e9taro para garantizar la seguridad\" \/>\n<meta name=\"robots\" content=\"index, follow, max-snippet:-1, max-image-preview:large, max-video-preview:-1\" \/>\n<link rel=\"canonical\" href=\"https:\/\/www.nexoinformativo.mx\/index.php\/2024\/12\/13\/17a-zona-militar-destruye-218-armas-en-queretaro-para-garantizar-la-seguridad\/\" \/>\n<meta property=\"og:locale\" content=\"es_MX\" \/>\n<meta property=\"og:type\" content=\"article\" \/>\n<meta property=\"og:title\" content=\"17\u00aa Zona Militar destruye 218 armas en Quer\u00e9taro para garantizar la seguridad | Nexo Informativo Santiago de Quer\u00e9taro\" \/>\n<meta property=\"og:description\" content=\"17\u00aa Zona Militar destruye 218 armas en Quer\u00e9taro para garantizar la seguridad\" \/>\n<meta property=\"og:url\" content=\"https:\/\/www.nexoinformativo.mx\/index.php\/2024\/12\/13\/17a-zona-militar-destruye-218-armas-en-queretaro-para-garantizar-la-seguridad\/\" \/>\n<meta property=\"og:site_name\" content=\"Nexo Informativo Santiago de Quer\u00e9taro\" \/>\n<meta property=\"article:publisher\" content=\"https:\/\/www.facebook.com\/people\/Nexo-Informativo\/61564066885511\/\" \/>\n<meta property=\"article:published_time\" content=\"2024-12-13T19:30:55+00:00\" \/>\n<meta property=\"article:modified_time\" content=\"2024-12-13T20:44:58+00:00\" \/>\n<meta property=\"og:image\" content=\"https:\/\/www.nexoinformativo.mx\/wp-content\/uploads\/2024\/12\/IMG_8534-e1734122643103.jpg\" \/>\n\t<meta property=\"og:image:width\" content=\"750\" \/>\n\t<meta property=\"og:image:height\" content=\"458\" \/>\n\t<meta property=\"og:image:type\" content=\"image\/jpeg\" \/>\n<meta name=\"author\" content=\"Nexo Informativo\" \/>\n<meta name=\"twitter:card\" content=\"summary_large_image\" \/>\n<meta name=\"twitter:label1\" content=\"Escrito por\" \/>\n\t<meta name=\"twitter:data1\" content=\"Nexo Informativo\" \/>\n\t<meta name=\"twitter:label2\" content=\"Tiempo de lectura\" \/>\n\t<meta name=\"twitter:data2\" content=\"2 minutos\" \/>\n<script type=\"application\/ld+json\" class=\"yoast-schema-graph\">{\"@context\":\"https:\/\/schema.org\",\"@graph\":[{\"@type\":\"Article\",\"@id\":\"https:\/\/www.nexoinformativo.mx\/index.php\/2024\/12\/13\/17a-zona-militar-destruye-218-armas-en-queretaro-para-garantizar-la-seguridad\/#article\",\"isPartOf\":{\"@id\":\"https:\/\/www.nexoinformativo.mx\/index.php\/2024\/12\/13\/17a-zona-militar-destruye-218-armas-en-queretaro-para-garantizar-la-seguridad\/\"},\"author\":{\"name\":\"Nexo Informativo\",\"@id\":\"https:\/\/www.nexoinformativo.mx\/#\/schema\/person\/7749d380ba08c8ca00d7bc76fd907b7d\"},\"headline\":\"17\u00aa Zona Militar destruye 218 armas en Quer\u00e9taro para garantizar la seguridad\",\"datePublished\":\"2024-12-13T19:30:55+00:00\",\"dateModified\":\"2024-12-13T20:44:58+00:00\",\"mainEntityOfPage\":{\"@id\":\"https:\/\/www.nexoinformativo.mx\/index.php\/2024\/12\/13\/17a-zona-militar-destruye-218-armas-en-queretaro-para-garantizar-la-seguridad\/\"},\"wordCount\":210,\"commentCount\":0,\"publisher\":{\"@id\":\"https:\/\/www.nexoinformativo.mx\/#organization\"},\"image\":{\"@id\":\"https:\/\/www.nexoinformativo.mx\/index.php\/2024\/12\/13\/17a-zona-militar-destruye-218-armas-en-queretaro-para-garantizar-la-seguridad\/#primaryimage\"},\"thumbnailUrl\":\"https:\/\/www.nexoinformativo.mx\/wp-content\/uploads\/2024\/12\/IMG_8534-e1734122643103.jpg\",\"keywords\":[\"17aZonaMilitar\",\"Destrucci\u00f3nDeArmas\",\"PazYSeguridad\",\"SeguridadQueretaro\"],\"articleSection\":[\"Estado\",\"\u00daltima Hora\"],\"inLanguage\":\"es\",\"potentialAction\":[{\"@type\":\"CommentAction\",\"name\":\"Comment\",\"target\":[\"https:\/\/www.nexoinformativo.mx\/index.php\/2024\/12\/13\/17a-zona-militar-destruye-218-armas-en-queretaro-para-garantizar-la-seguridad\/#respond\"]}]},{\"@type\":\"WebPage\",\"@id\":\"https:\/\/www.nexoinformativo.mx\/index.php\/2024\/12\/13\/17a-zona-militar-destruye-218-armas-en-queretaro-para-garantizar-la-seguridad\/\",\"url\":\"https:\/\/www.nexoinformativo.mx\/index.php\/2024\/12\/13\/17a-zona-militar-destruye-218-armas-en-queretaro-para-garantizar-la-seguridad\/\",\"name\":\"17\u00aa Zona Militar destruye 218 armas en Quer\u00e9taro para garantizar la seguridad | Nexo Informativo Santiago de Quer\u00e9taro\",\"isPartOf\":{\"@id\":\"https:\/\/www.nexoinformativo.mx\/#website\"},\"primaryImageOfPage\":{\"@id\":\"https:\/\/www.nexoinformativo.mx\/index.php\/2024\/12\/13\/17a-zona-militar-destruye-218-armas-en-queretaro-para-garantizar-la-seguridad\/#primaryimage\"},\"image\":{\"@id\":\"https:\/\/www.nexoinformativo.mx\/index.php\/2024\/12\/13\/17a-zona-militar-destruye-218-armas-en-queretaro-para-garantizar-la-seguridad\/#primaryimage\"},\"thumbnailUrl\":\"https:\/\/www.nexoinformativo.mx\/wp-content\/uploads\/2024\/12\/IMG_8534-e1734122643103.jpg\",\"datePublished\":\"2024-12-13T19:30:55+00:00\",\"dateModified\":\"2024-12-13T20:44:58+00:00\",\"description\":\"17\u00aa Zona Militar destruye 218 armas en Quer\u00e9taro para garantizar la seguridad\",\"breadcrumb\":{\"@id\":\"https:\/\/www.nexoinformativo.mx\/index.php\/2024\/12\/13\/17a-zona-militar-destruye-218-armas-en-queretaro-para-garantizar-la-seguridad\/#breadcrumb\"},\"inLanguage\":\"es\",\"potentialAction\":[{\"@type\":\"ReadAction\",\"target\":[\"https:\/\/www.nexoinformativo.mx\/index.php\/2024\/12\/13\/17a-zona-militar-destruye-218-armas-en-queretaro-para-garantizar-la-seguridad\/\"]}]},{\"@type\":\"ImageObject\",\"inLanguage\":\"es\",\"@id\":\"https:\/\/www.nexoinformativo.mx\/index.php\/2024\/12\/13\/17a-zona-militar-destruye-218-armas-en-queretaro-para-garantizar-la-seguridad\/#primaryimage\",\"url\":\"https:\/\/www.nexoinformativo.mx\/wp-content\/uploads\/2024\/12\/IMG_8534-e1734122643103.jpg\",\"contentUrl\":\"https:\/\/www.nexoinformativo.mx\/wp-content\/uploads\/2024\/12\/IMG_8534-e1734122643103.jpg\",\"width\":750,\"height\":458,\"caption\":\"Screenshot\"},{\"@type\":\"BreadcrumbList\",\"@id\":\"https:\/\/www.nexoinformativo.mx\/index.php\/2024\/12\/13\/17a-zona-militar-destruye-218-armas-en-queretaro-para-garantizar-la-seguridad\/#breadcrumb\",\"itemListElement\":[{\"@type\":\"ListItem\",\"position\":1,\"name\":\"Inicio\",\"item\":\"https:\/\/www.nexoinformativo.mx\/\"},{\"@type\":\"ListItem\",\"position\":2,\"name\":\"17\u00aa Zona Militar destruye 218 armas en Quer\u00e9taro para garantizar la seguridad\"}]},{\"@type\":\"WebSite\",\"@id\":\"https:\/\/www.nexoinformativo.mx\/#website\",\"url\":\"https:\/\/www.nexoinformativo.mx\/\",\"name\":\"Nexo Informativo Santiago de Quer\u00e9taro\",\"description\":\"Explora NexoInformativo y convi\u00e9rtete en parte de una comunidad que valora el conocimiento y la verdad. Tu nexoinformativo es tu puente hacia una comprensi\u00f3n m\u00e1s profunda del mundo que te rodea.\",\"publisher\":{\"@id\":\"https:\/\/www.nexoinformativo.mx\/#organization\"},\"potentialAction\":[{\"@type\":\"SearchAction\",\"target\":{\"@type\":\"EntryPoint\",\"urlTemplate\":\"https:\/\/www.nexoinformativo.mx\/?s={search_term_string}\"},\"query-input\":{\"@type\":\"PropertyValueSpecification\",\"valueRequired\":true,\"valueName\":\"search_term_string\"}}],\"inLanguage\":\"es\"},{\"@type\":\"Organization\",\"@id\":\"https:\/\/www.nexoinformativo.mx\/#organization\",\"name\":\"Nexo Informativo Santiago de Quer\u00e9taro\",\"url\":\"https:\/\/www.nexoinformativo.mx\/\",\"logo\":{\"@type\":\"ImageObject\",\"inLanguage\":\"es\",\"@id\":\"https:\/\/www.nexoinformativo.mx\/#\/schema\/logo\/image\/\",\"url\":\"https:\/\/www.nexoinformativo.mx\/wp-content\/uploads\/2024\/07\/nexoi-trasparente-2.png\",\"contentUrl\":\"https:\/\/www.nexoinformativo.mx\/wp-content\/uploads\/2024\/07\/nexoi-trasparente-2.png\",\"width\":816,\"height\":339,\"caption\":\"Nexo Informativo Santiago de Quer\u00e9taro\"},\"image\":{\"@id\":\"https:\/\/www.nexoinformativo.mx\/#\/schema\/logo\/image\/\"},\"sameAs\":[\"https:\/\/www.facebook.com\/people\/Nexo-Informativo\/61564066885511\/\"]},{\"@type\":\"Person\",\"@id\":\"https:\/\/www.nexoinformativo.mx\/#\/schema\/person\/7749d380ba08c8ca00d7bc76fd907b7d\",\"name\":\"Nexo Informativo\",\"image\":{\"@type\":\"ImageObject\",\"inLanguage\":\"es\",\"@id\":\"https:\/\/www.nexoinformativo.mx\/#\/schema\/person\/image\/\",\"url\":\"https:\/\/secure.gravatar.com\/avatar\/dde2928154642a13d95f87ddf1ea9718fe2b46760a005c53e41ff5ad610704e6?s=96&d=mm&r=g\",\"contentUrl\":\"https:\/\/secure.gravatar.com\/avatar\/dde2928154642a13d95f87ddf1ea9718fe2b46760a005c53e41ff5ad610704e6?s=96&d=mm&r=g\",\"caption\":\"Nexo Informativo\"},\"url\":\"https:\/\/www.nexoinformativo.mx\/index.php\/author\/edicion\/\"}]}<\/script>\n<!-- \/ Yoast SEO plugin. -->","yoast_head_json":{"title":"17\u00aa Zona Militar destruye 218 armas en Quer\u00e9taro para garantizar la seguridad | Nexo Informativo Santiago de Quer\u00e9taro","description":"17\u00aa Zona Militar destruye 218 armas en Quer\u00e9taro para garantizar la seguridad","robots":{"index":"index","follow":"follow","max-snippet":"max-snippet:-1","max-image-preview":"max-image-preview:large","max-video-preview":"max-video-preview:-1"},"canonical":"https:\/\/www.nexoinformativo.mx\/index.php\/2024\/12\/13\/17a-zona-militar-destruye-218-armas-en-queretaro-para-garantizar-la-seguridad\/","og_locale":"es_MX","og_type":"article","og_title":"17\u00aa Zona Militar destruye 218 armas en Quer\u00e9taro para garantizar la seguridad | Nexo Informativo Santiago de Quer\u00e9taro","og_description":"17\u00aa Zona Militar destruye 218 armas en Quer\u00e9taro para garantizar la seguridad","og_url":"https:\/\/www.nexoinformativo.mx\/index.php\/2024\/12\/13\/17a-zona-militar-destruye-218-armas-en-queretaro-para-garantizar-la-seguridad\/","og_site_name":"Nexo Informativo Santiago de Quer\u00e9taro","article_publisher":"https:\/\/www.facebook.com\/people\/Nexo-Informativo\/61564066885511\/","article_published_time":"2024-12-13T19:30:55+00:00","article_modified_time":"2024-12-13T20:44:58+00:00","og_image":[{"width":750,"height":458,"url":"https:\/\/www.nexoinformativo.mx\/wp-content\/uploads\/2024\/12\/IMG_8534-e1734122643103.jpg","type":"image\/jpeg"}],"author":"Nexo Informativo","twitter_card":"summary_large_image","twitter_misc":{"Escrito por":"Nexo Informativo","Tiempo de lectura":"2 minutos"},"schema":{"@context":"https:\/\/schema.org","@graph":[{"@type":"Article","@id":"https:\/\/www.nexoinformativo.mx\/index.php\/2024\/12\/13\/17a-zona-militar-destruye-218-armas-en-queretaro-para-garantizar-la-seguridad\/#article","isPartOf":{"@id":"https:\/\/www.nexoinformativo.mx\/index.php\/2024\/12\/13\/17a-zona-militar-destruye-218-armas-en-queretaro-para-garantizar-la-seguridad\/"},"author":{"name":"Nexo Informativo","@id":"https:\/\/www.nexoinformativo.mx\/#\/schema\/person\/7749d380ba08c8ca00d7bc76fd907b7d"},"headline":"17\u00aa Zona Militar destruye 218 armas en Quer\u00e9taro para garantizar la seguridad","datePublished":"2024-12-13T19:30:55+00:00","dateModified":"2024-12-13T20:44:58+00:00","mainEntityOfPage":{"@id":"https:\/\/www.nexoinformativo.mx\/index.php\/2024\/12\/13\/17a-zona-militar-destruye-218-armas-en-queretaro-para-garantizar-la-seguridad\/"},"wordCount":210,"commentCount":0,"publisher":{"@id":"https:\/\/www.nexoinformativo.mx\/#organization"},"image":{"@id":"https:\/\/www.nexoinformativo.mx\/index.php\/2024\/12\/13\/17a-zona-militar-destruye-218-armas-en-queretaro-para-garantizar-la-seguridad\/#primaryimage"},"thumbnailUrl":"https:\/\/www.nexoinformativo.mx\/wp-content\/uploads\/2024\/12\/IMG_8534-e1734122643103.jpg","keywords":["17aZonaMilitar","Destrucci\u00f3nDeArmas","PazYSeguridad","SeguridadQueretaro"],"articleSection":["Estado","\u00daltima Hora"],"inLanguage":"es","potentialAction":[{"@type":"CommentAction","name":"Comment","target":["https:\/\/www.nexoinformativo.mx\/index.php\/2024\/12\/13\/17a-zona-militar-destruye-218-armas-en-queretaro-para-garantizar-la-seguridad\/#respond"]}]},{"@type":"WebPage","@id":"https:\/\/www.nexoinformativo.mx\/index.php\/2024\/12\/13\/17a-zona-militar-destruye-218-armas-en-queretaro-para-garantizar-la-seguridad\/","url":"https:\/\/www.nexoinformativo.mx\/index.php\/2024\/12\/13\/17a-zona-militar-destruye-218-armas-en-queretaro-para-garantizar-la-seguridad\/","name":"17\u00aa Zona Militar destruye 218 armas en Quer\u00e9taro para garantizar la seguridad | Nexo Informativo Santiago de Quer\u00e9taro","isPartOf":{"@id":"https:\/\/www.nexoinformativo.mx\/#website"},"primaryImageOfPage":{"@id":"https:\/\/www.nexoinformativo.mx\/index.php\/2024\/12\/13\/17a-zona-militar-destruye-218-armas-en-queretaro-para-garantizar-la-seguridad\/#primaryimage"},"image":{"@id":"https:\/\/www.nexoinformativo.mx\/index.php\/2024\/12\/13\/17a-zona-militar-destruye-218-armas-en-queretaro-para-garantizar-la-seguridad\/#primaryimage"},"thumbnailUrl":"https:\/\/www.nexoinformativo.mx\/wp-content\/uploads\/2024\/12\/IMG_8534-e1734122643103.jpg","datePublished":"2024-12-13T19:30:55+00:00","dateModified":"2024-12-13T20:44:58+00:00","description":"17\u00aa Zona Militar destruye 218 armas en Quer\u00e9taro para garantizar la seguridad","breadcrumb":{"@id":"https:\/\/www.nexoinformativo.mx\/index.php\/2024\/12\/13\/17a-zona-militar-destruye-218-armas-en-queretaro-para-garantizar-la-seguridad\/#breadcrumb"},"inLanguage":"es","potentialAction":[{"@type":"ReadAction","target":["https:\/\/www.nexoinformativo.mx\/index.php\/2024\/12\/13\/17a-zona-militar-destruye-218-armas-en-queretaro-para-garantizar-la-seguridad\/"]}]},{"@type":"ImageObject","inLanguage":"es","@id":"https:\/\/www.nexoinformativo.mx\/index.php\/2024\/12\/13\/17a-zona-militar-destruye-218-armas-en-queretaro-para-garantizar-la-seguridad\/#primaryimage","url":"https:\/\/www.nexoinformativo.mx\/wp-content\/uploads\/2024\/12\/IMG_8534-e1734122643103.jpg","contentUrl":"https:\/\/www.nexoinformativo.mx\/wp-content\/uploads\/2024\/12\/IMG_8534-e1734122643103.jpg","width":750,"height":458,"caption":"Screenshot"},{"@type":"BreadcrumbList","@id":"https:\/\/www.nexoinformativo.mx\/index.php\/2024\/12\/13\/17a-zona-militar-destruye-218-armas-en-queretaro-para-garantizar-la-seguridad\/#breadcrumb","itemListElement":[{"@type":"ListItem","position":1,"name":"Inicio","item":"https:\/\/www.nexoinformativo.mx\/"},{"@type":"ListItem","position":2,"name":"17\u00aa Zona Militar destruye 218 armas en Quer\u00e9taro para garantizar la seguridad"}]},{"@type":"WebSite","@id":"https:\/\/www.nexoinformativo.mx\/#website","url":"https:\/\/www.nexoinformativo.mx\/","name":"Nexo Informativo Santiago de Quer\u00e9taro","description":"Explora NexoInformativo y convi\u00e9rtete en parte de una comunidad que valora el conocimiento y la verdad. Tu nexoinformativo es tu puente hacia una comprensi\u00f3n m\u00e1s profunda del mundo que te rodea.","publisher":{"@id":"https:\/\/www.nexoinformativo.mx\/#organization"},"potentialAction":[{"@type":"SearchAction","target":{"@type":"EntryPoint","urlTemplate":"https:\/\/www.nexoinformativo.mx\/?s={search_term_string}"},"query-input":{"@type":"PropertyValueSpecification","valueRequired":true,"valueName":"search_term_string"}}],"inLanguage":"es"},{"@type":"Organization","@id":"https:\/\/www.nexoinformativo.mx\/#organization","name":"Nexo Informativo Santiago de Quer\u00e9taro","url":"https:\/\/www.nexoinformativo.mx\/","logo":{"@type":"ImageObject","inLanguage":"es","@id":"https:\/\/www.nexoinformativo.mx\/#\/schema\/logo\/image\/","url":"https:\/\/www.nexoinformativo.mx\/wp-content\/uploads\/2024\/07\/nexoi-trasparente-2.png","contentUrl":"https:\/\/www.nexoinformativo.mx\/wp-content\/uploads\/2024\/07\/nexoi-trasparente-2.png","width":816,"height":339,"caption":"Nexo Informativo Santiago de Quer\u00e9taro"},"image":{"@id":"https:\/\/www.nexoinformativo.mx\/#\/schema\/logo\/image\/"},"sameAs":["https:\/\/www.facebook.com\/people\/Nexo-Informativo\/61564066885511\/"]},{"@type":"Person","@id":"https:\/\/www.nexoinformativo.mx\/#\/schema\/person\/7749d380ba08c8ca00d7bc76fd907b7d","name":"Nexo Informativo","image":{"@type":"ImageObject","inLanguage":"es","@id":"https:\/\/www.nexoinformativo.mx\/#\/schema\/person\/image\/","url":"https:\/\/secure.gravatar.com\/avatar\/dde2928154642a13d95f87ddf1ea9718fe2b46760a005c53e41ff5ad610704e6?s=96&d=mm&r=g","contentUrl":"https:\/\/secure.gravatar.com\/avatar\/dde2928154642a13d95f87ddf1ea9718fe2b46760a005c53e41ff5ad610704e6?s=96&d=mm&r=g","caption":"Nexo Informativo"},"url":"https:\/\/www.nexoinformativo.mx\/index.php\/author\/edicion\/"}]}},"_links":{"self":[{"href":"https:\/\/www.nexoinformativo.mx\/index.php\/wp-json\/wp\/v2\/posts\/8088","targetHints":{"allow":["GET"]}}],"collection":[{"href":"https:\/\/www.nexoinformativo.mx\/index.php\/wp-json\/wp\/v2\/posts"}],"about":[{"href":"https:\/\/www.nexoinformativo.mx\/index.php\/wp-json\/wp\/v2\/types\/post"}],"author":[{"embeddable":true,"href":"https:\/\/www.nexoinformativo.mx\/index.php\/wp-json\/wp\/v2\/users\/3"}],"replies":[{"embeddable":true,"href":"https:\/\/www.nexoinformativo.mx\/index.php\/wp-json\/wp\/v2\/comments?post=8088"}],"version-history":[{"count":3,"href":"https:\/\/www.nexoinformativo.mx\/index.php\/wp-json\/wp\/v2\/posts\/8088\/revisions"}],"predecessor-version":[{"id":8091,"href":"https:\/\/www.nexoinformativo.mx\/index.php\/wp-json\/wp\/v2\/posts\/8088\/revisions\/8091"}],"wp:featuredmedia":[{"embeddable":true,"href":"https:\/\/www.nexoinformativo.mx\/index.php\/wp-json\/wp\/v2\/media\/8089"}],"wp:attachment":[{"href":"https:\/\/www.nexoinformativo.mx\/index.php\/wp-json\/wp\/v2\/media?parent=8088"}],"wp:term":[{"taxonomy":"category","embeddable":true,"href":"https:\/\/www.nexoinformativo.mx\/index.php\/wp-json\/wp\/v2\/categories?post=8088"},{"taxonomy":"post_tag","embeddable":true,"href":"https:\/\/www.nexoinformativo.mx\/index.php\/wp-json\/wp\/v2\/tags?post=8088"}],"curies":[{"name":"wp","href":"https:\/\/api.w.org\/{rel}","templated":true}]}}