{"id":8093,"date":"2024-12-13T14:00:04","date_gmt":"2024-12-13T20:00:04","guid":{"rendered":"https:\/\/www.nexoinformativo.mx\/?p=8093"},"modified":"2024-12-13T15:54:43","modified_gmt":"2024-12-13T21:54:43","slug":"exito-rotundo-el-buen-fin-2024-rompe-record-con-un-incremento-del-15-5-en-ventas","status":"publish","type":"post","link":"https:\/\/www.nexoinformativo.mx\/index.php\/2024\/12\/13\/exito-rotundo-el-buen-fin-2024-rompe-record-con-un-incremento-del-15-5-en-ventas\/","title":{"rendered":"\u00a1\u00c9xito rotundo! El Buen Fin 2024 rompe r\u00e9cord con un incremento del 15.5% en ventas"},"content":{"rendered":"<p style=\"text-align: justify;\" data-sourcepos=\"11:1-11:305\">El Buen Fin 2024 ha superado todas las expectativas, registrando un incremento del 15.5% en ventas totales en comparaci\u00f3n con el a\u00f1o anterior.<\/p>\n<p>&nbsp;<\/p>\n<p style=\"text-align: justify;\" data-sourcepos=\"11:1-11:305\">Esta edici\u00f3n, que se llev\u00f3 a cabo del 15 al 18 de noviembre, cont\u00f3 con la participaci\u00f3n de m\u00e1s de 190 mil comercios y 257 C\u00e1maras de Comercio en todo el pa\u00eds.<\/p>\n<p>&nbsp;<\/p>\n<p style=\"text-align: justify;\" data-sourcepos=\"13:1-13:258\">Gracias a la campa\u00f1a <strong>&#8220;Consume Local&#8221;<\/strong>, las micro, peque\u00f1as y medianas empresas se vieron beneficiadas significativamente, con un 89% de ellas reportando que sus ventas durante El Buen Fin representaron entre el 15% y el 30% de sus ingresos anuales.<\/p>\n<p>&nbsp;<\/p>\n<p style=\"text-align: justify;\" data-sourcepos=\"15:1-15:265\">Los productos m\u00e1s solicitados por los consumidores fueron los electr\u00f3nicos y de tecnolog\u00eda, seguidos de servicios tur\u00edsticos, educativos y profesionales. Esto demuestra la gran diversidad de ofertas y la adaptaci\u00f3n de El Buen Fin a las nuevas tendencias de consumo.<\/p>\n<p>&nbsp;<\/p>\n<p style=\"text-align: justify;\" data-sourcepos=\"17:1-17:234\">El Servicio de Administraci\u00f3n Tributaria (SAT) tambi\u00e9n jug\u00f3 un papel importante al llevar a cabo el Sorteo del Buen Fin, en el que se repartieron m\u00e1s de 320 mil premios entre los consumidores que realizaron compras durante el evento.<\/p>\n<p>&nbsp;<\/p>\n<p style=\"text-align: justify;\" data-sourcepos=\"19:1-19:171\">La Secretar\u00eda de Econom\u00eda se mostr\u00f3 satisfecha con los resultados de esta edici\u00f3n de El Buen Fin y agradeci\u00f3 a todos los participantes por su compromiso y responsabilidad.<\/p>\n<p>&nbsp;<\/p>\n<p style=\"text-align: center;\" data-sourcepos=\"19:1-19:171\"><em><strong>\u00a1Informaci\u00f3n que transforma!<\/strong><\/em><\/p>\n","protected":false},"excerpt":{"rendered":"<p>El Buen Fin 2024 ha superado todas las expectativas, registrando un incremento del 15.5% en ventas totales en comparaci\u00f3n con el a\u00f1o anterior.<\/p>\n","protected":false},"author":3,"featured_media":6129,"comment_status":"open","ping_status":"open","sticky":false,"template":"","format":"standard","meta":{"footnotes":""},"categories":[5,88,58],"tags":[2048,951,1789,2663],"class_list":["post-8093","post","type-post","status-publish","format-standard","has-post-thumbnail","hentry","category-economia","category-nacional","category-ultima-hora","tag-consumelocal","tag-economiamexicana","tag-elbuenfin2024","tag-ventasrecord"],"yoast_head":"<!-- This site is optimized with the Yoast SEO plugin v25.0 - https:\/\/yoast.com\/wordpress\/plugins\/seo\/ -->\n<title>\u00a1\u00c9xito rotundo! El Buen Fin 2024 rompe r\u00e9cord con un incremento del 15.5% en ventas | Nexo Informativo Santiago de Quer\u00e9taro<\/title>\n<meta name=\"description\" content=\"\u00a1\u00c9xito rotundo! El Buen Fin 2024 rompe r\u00e9cord con un incremento del 15.5% en ventas\" \/>\n<meta name=\"robots\" content=\"index, follow, max-snippet:-1, max-image-preview:large, max-video-preview:-1\" \/>\n<link rel=\"canonical\" href=\"https:\/\/www.nexoinformativo.mx\/index.php\/2024\/12\/13\/exito-rotundo-el-buen-fin-2024-rompe-record-con-un-incremento-del-15-5-en-ventas\/\" \/>\n<meta property=\"og:locale\" content=\"es_MX\" \/>\n<meta property=\"og:type\" content=\"article\" \/>\n<meta property=\"og:title\" content=\"\u00a1\u00c9xito rotundo! El Buen Fin 2024 rompe r\u00e9cord con un incremento del 15.5% en ventas | Nexo Informativo Santiago de Quer\u00e9taro\" \/>\n<meta property=\"og:description\" content=\"\u00a1\u00c9xito rotundo! El Buen Fin 2024 rompe r\u00e9cord con un incremento del 15.5% en ventas\" \/>\n<meta property=\"og:url\" content=\"https:\/\/www.nexoinformativo.mx\/index.php\/2024\/12\/13\/exito-rotundo-el-buen-fin-2024-rompe-record-con-un-incremento-del-15-5-en-ventas\/\" \/>\n<meta property=\"og:site_name\" content=\"Nexo Informativo Santiago de Quer\u00e9taro\" \/>\n<meta property=\"article:publisher\" content=\"https:\/\/www.facebook.com\/people\/Nexo-Informativo\/61564066885511\/\" \/>\n<meta property=\"article:published_time\" content=\"2024-12-13T20:00:04+00:00\" \/>\n<meta property=\"article:modified_time\" content=\"2024-12-13T21:54:43+00:00\" \/>\n<meta property=\"og:image\" content=\"https:\/\/www.nexoinformativo.mx\/wp-content\/uploads\/2024\/11\/IMG_3659-e1731683004185.jpg\" \/>\n\t<meta property=\"og:image:width\" content=\"700\" \/>\n\t<meta property=\"og:image:height\" content=\"466\" \/>\n\t<meta property=\"og:image:type\" content=\"image\/jpeg\" \/>\n<meta name=\"author\" content=\"Nexo Informativo\" \/>\n<meta name=\"twitter:card\" content=\"summary_large_image\" \/>\n<meta name=\"twitter:label1\" content=\"Escrito por\" \/>\n\t<meta name=\"twitter:data1\" content=\"Nexo Informativo\" \/>\n\t<meta name=\"twitter:label2\" content=\"Tiempo de lectura\" \/>\n\t<meta name=\"twitter:data2\" content=\"2 minutos\" \/>\n<script type=\"application\/ld+json\" class=\"yoast-schema-graph\">{\"@context\":\"https:\/\/schema.org\",\"@graph\":[{\"@type\":\"Article\",\"@id\":\"https:\/\/www.nexoinformativo.mx\/index.php\/2024\/12\/13\/exito-rotundo-el-buen-fin-2024-rompe-record-con-un-incremento-del-15-5-en-ventas\/#article\",\"isPartOf\":{\"@id\":\"https:\/\/www.nexoinformativo.mx\/index.php\/2024\/12\/13\/exito-rotundo-el-buen-fin-2024-rompe-record-con-un-incremento-del-15-5-en-ventas\/\"},\"author\":{\"name\":\"Nexo Informativo\",\"@id\":\"https:\/\/www.nexoinformativo.mx\/#\/schema\/person\/7749d380ba08c8ca00d7bc76fd907b7d\"},\"headline\":\"\u00a1\u00c9xito rotundo! El Buen Fin 2024 rompe r\u00e9cord con un incremento del 15.5% en ventas\",\"datePublished\":\"2024-12-13T20:00:04+00:00\",\"dateModified\":\"2024-12-13T21:54:43+00:00\",\"mainEntityOfPage\":{\"@id\":\"https:\/\/www.nexoinformativo.mx\/index.php\/2024\/12\/13\/exito-rotundo-el-buen-fin-2024-rompe-record-con-un-incremento-del-15-5-en-ventas\/\"},\"wordCount\":236,\"commentCount\":0,\"publisher\":{\"@id\":\"https:\/\/www.nexoinformativo.mx\/#organization\"},\"image\":{\"@id\":\"https:\/\/www.nexoinformativo.mx\/index.php\/2024\/12\/13\/exito-rotundo-el-buen-fin-2024-rompe-record-con-un-incremento-del-15-5-en-ventas\/#primaryimage\"},\"thumbnailUrl\":\"https:\/\/www.nexoinformativo.mx\/wp-content\/uploads\/2024\/11\/IMG_3659-e1731683004185.jpg\",\"keywords\":[\"ConsumeLocal\",\"Econom\u00edaMexicana\",\"ElBuenFin2024\",\"VentasR\u00e9cord\"],\"articleSection\":[\"Econom\u00eda\",\"Nacional\",\"\u00daltima Hora\"],\"inLanguage\":\"es\",\"potentialAction\":[{\"@type\":\"CommentAction\",\"name\":\"Comment\",\"target\":[\"https:\/\/www.nexoinformativo.mx\/index.php\/2024\/12\/13\/exito-rotundo-el-buen-fin-2024-rompe-record-con-un-incremento-del-15-5-en-ventas\/#respond\"]}]},{\"@type\":\"WebPage\",\"@id\":\"https:\/\/www.nexoinformativo.mx\/index.php\/2024\/12\/13\/exito-rotundo-el-buen-fin-2024-rompe-record-con-un-incremento-del-15-5-en-ventas\/\",\"url\":\"https:\/\/www.nexoinformativo.mx\/index.php\/2024\/12\/13\/exito-rotundo-el-buen-fin-2024-rompe-record-con-un-incremento-del-15-5-en-ventas\/\",\"name\":\"\u00a1\u00c9xito rotundo! El Buen Fin 2024 rompe r\u00e9cord con un incremento del 15.5% en ventas | Nexo Informativo Santiago de Quer\u00e9taro\",\"isPartOf\":{\"@id\":\"https:\/\/www.nexoinformativo.mx\/#website\"},\"primaryImageOfPage\":{\"@id\":\"https:\/\/www.nexoinformativo.mx\/index.php\/2024\/12\/13\/exito-rotundo-el-buen-fin-2024-rompe-record-con-un-incremento-del-15-5-en-ventas\/#primaryimage\"},\"image\":{\"@id\":\"https:\/\/www.nexoinformativo.mx\/index.php\/2024\/12\/13\/exito-rotundo-el-buen-fin-2024-rompe-record-con-un-incremento-del-15-5-en-ventas\/#primaryimage\"},\"thumbnailUrl\":\"https:\/\/www.nexoinformativo.mx\/wp-content\/uploads\/2024\/11\/IMG_3659-e1731683004185.jpg\",\"datePublished\":\"2024-12-13T20:00:04+00:00\",\"dateModified\":\"2024-12-13T21:54:43+00:00\",\"description\":\"\u00a1\u00c9xito rotundo! El Buen Fin 2024 rompe r\u00e9cord con un incremento del 15.5% en ventas\",\"breadcrumb\":{\"@id\":\"https:\/\/www.nexoinformativo.mx\/index.php\/2024\/12\/13\/exito-rotundo-el-buen-fin-2024-rompe-record-con-un-incremento-del-15-5-en-ventas\/#breadcrumb\"},\"inLanguage\":\"es\",\"potentialAction\":[{\"@type\":\"ReadAction\",\"target\":[\"https:\/\/www.nexoinformativo.mx\/index.php\/2024\/12\/13\/exito-rotundo-el-buen-fin-2024-rompe-record-con-un-incremento-del-15-5-en-ventas\/\"]}]},{\"@type\":\"ImageObject\",\"inLanguage\":\"es\",\"@id\":\"https:\/\/www.nexoinformativo.mx\/index.php\/2024\/12\/13\/exito-rotundo-el-buen-fin-2024-rompe-record-con-un-incremento-del-15-5-en-ventas\/#primaryimage\",\"url\":\"https:\/\/www.nexoinformativo.mx\/wp-content\/uploads\/2024\/11\/IMG_3659-e1731683004185.jpg\",\"contentUrl\":\"https:\/\/www.nexoinformativo.mx\/wp-content\/uploads\/2024\/11\/IMG_3659-e1731683004185.jpg\",\"width\":700,\"height\":466},{\"@type\":\"BreadcrumbList\",\"@id\":\"https:\/\/www.nexoinformativo.mx\/index.php\/2024\/12\/13\/exito-rotundo-el-buen-fin-2024-rompe-record-con-un-incremento-del-15-5-en-ventas\/#breadcrumb\",\"itemListElement\":[{\"@type\":\"ListItem\",\"position\":1,\"name\":\"Inicio\",\"item\":\"https:\/\/www.nexoinformativo.mx\/\"},{\"@type\":\"ListItem\",\"position\":2,\"name\":\"\u00a1\u00c9xito rotundo! El Buen Fin 2024 rompe r\u00e9cord con un incremento del 15.5% en ventas\"}]},{\"@type\":\"WebSite\",\"@id\":\"https:\/\/www.nexoinformativo.mx\/#website\",\"url\":\"https:\/\/www.nexoinformativo.mx\/\",\"name\":\"Nexo Informativo Santiago de Quer\u00e9taro\",\"description\":\"Explora NexoInformativo y convi\u00e9rtete en parte de una comunidad que valora el conocimiento y la verdad. Tu nexoinformativo es tu puente hacia una comprensi\u00f3n m\u00e1s profunda del mundo que te rodea.\",\"publisher\":{\"@id\":\"https:\/\/www.nexoinformativo.mx\/#organization\"},\"potentialAction\":[{\"@type\":\"SearchAction\",\"target\":{\"@type\":\"EntryPoint\",\"urlTemplate\":\"https:\/\/www.nexoinformativo.mx\/?s={search_term_string}\"},\"query-input\":{\"@type\":\"PropertyValueSpecification\",\"valueRequired\":true,\"valueName\":\"search_term_string\"}}],\"inLanguage\":\"es\"},{\"@type\":\"Organization\",\"@id\":\"https:\/\/www.nexoinformativo.mx\/#organization\",\"name\":\"Nexo Informativo Santiago de Quer\u00e9taro\",\"url\":\"https:\/\/www.nexoinformativo.mx\/\",\"logo\":{\"@type\":\"ImageObject\",\"inLanguage\":\"es\",\"@id\":\"https:\/\/www.nexoinformativo.mx\/#\/schema\/logo\/image\/\",\"url\":\"https:\/\/www.nexoinformativo.mx\/wp-content\/uploads\/2024\/07\/nexoi-trasparente-2.png\",\"contentUrl\":\"https:\/\/www.nexoinformativo.mx\/wp-content\/uploads\/2024\/07\/nexoi-trasparente-2.png\",\"width\":816,\"height\":339,\"caption\":\"Nexo Informativo Santiago de Quer\u00e9taro\"},\"image\":{\"@id\":\"https:\/\/www.nexoinformativo.mx\/#\/schema\/logo\/image\/\"},\"sameAs\":[\"https:\/\/www.facebook.com\/people\/Nexo-Informativo\/61564066885511\/\"]},{\"@type\":\"Person\",\"@id\":\"https:\/\/www.nexoinformativo.mx\/#\/schema\/person\/7749d380ba08c8ca00d7bc76fd907b7d\",\"name\":\"Nexo Informativo\",\"image\":{\"@type\":\"ImageObject\",\"inLanguage\":\"es\",\"@id\":\"https:\/\/www.nexoinformativo.mx\/#\/schema\/person\/image\/\",\"url\":\"https:\/\/secure.gravatar.com\/avatar\/dde2928154642a13d95f87ddf1ea9718fe2b46760a005c53e41ff5ad610704e6?s=96&d=mm&r=g\",\"contentUrl\":\"https:\/\/secure.gravatar.com\/avatar\/dde2928154642a13d95f87ddf1ea9718fe2b46760a005c53e41ff5ad610704e6?s=96&d=mm&r=g\",\"caption\":\"Nexo Informativo\"},\"url\":\"https:\/\/www.nexoinformativo.mx\/index.php\/author\/edicion\/\"}]}<\/script>\n<!-- \/ Yoast SEO plugin. -->","yoast_head_json":{"title":"\u00a1\u00c9xito rotundo! El Buen Fin 2024 rompe r\u00e9cord con un incremento del 15.5% en ventas | Nexo Informativo Santiago de Quer\u00e9taro","description":"\u00a1\u00c9xito rotundo! El Buen Fin 2024 rompe r\u00e9cord con un incremento del 15.5% en ventas","robots":{"index":"index","follow":"follow","max-snippet":"max-snippet:-1","max-image-preview":"max-image-preview:large","max-video-preview":"max-video-preview:-1"},"canonical":"https:\/\/www.nexoinformativo.mx\/index.php\/2024\/12\/13\/exito-rotundo-el-buen-fin-2024-rompe-record-con-un-incremento-del-15-5-en-ventas\/","og_locale":"es_MX","og_type":"article","og_title":"\u00a1\u00c9xito rotundo! El Buen Fin 2024 rompe r\u00e9cord con un incremento del 15.5% en ventas | Nexo Informativo Santiago de Quer\u00e9taro","og_description":"\u00a1\u00c9xito rotundo! El Buen Fin 2024 rompe r\u00e9cord con un incremento del 15.5% en ventas","og_url":"https:\/\/www.nexoinformativo.mx\/index.php\/2024\/12\/13\/exito-rotundo-el-buen-fin-2024-rompe-record-con-un-incremento-del-15-5-en-ventas\/","og_site_name":"Nexo Informativo Santiago de Quer\u00e9taro","article_publisher":"https:\/\/www.facebook.com\/people\/Nexo-Informativo\/61564066885511\/","article_published_time":"2024-12-13T20:00:04+00:00","article_modified_time":"2024-12-13T21:54:43+00:00","og_image":[{"width":700,"height":466,"url":"https:\/\/www.nexoinformativo.mx\/wp-content\/uploads\/2024\/11\/IMG_3659-e1731683004185.jpg","type":"image\/jpeg"}],"author":"Nexo Informativo","twitter_card":"summary_large_image","twitter_misc":{"Escrito por":"Nexo Informativo","Tiempo de lectura":"2 minutos"},"schema":{"@context":"https:\/\/schema.org","@graph":[{"@type":"Article","@id":"https:\/\/www.nexoinformativo.mx\/index.php\/2024\/12\/13\/exito-rotundo-el-buen-fin-2024-rompe-record-con-un-incremento-del-15-5-en-ventas\/#article","isPartOf":{"@id":"https:\/\/www.nexoinformativo.mx\/index.php\/2024\/12\/13\/exito-rotundo-el-buen-fin-2024-rompe-record-con-un-incremento-del-15-5-en-ventas\/"},"author":{"name":"Nexo Informativo","@id":"https:\/\/www.nexoinformativo.mx\/#\/schema\/person\/7749d380ba08c8ca00d7bc76fd907b7d"},"headline":"\u00a1\u00c9xito rotundo! El Buen Fin 2024 rompe r\u00e9cord con un incremento del 15.5% en ventas","datePublished":"2024-12-13T20:00:04+00:00","dateModified":"2024-12-13T21:54:43+00:00","mainEntityOfPage":{"@id":"https:\/\/www.nexoinformativo.mx\/index.php\/2024\/12\/13\/exito-rotundo-el-buen-fin-2024-rompe-record-con-un-incremento-del-15-5-en-ventas\/"},"wordCount":236,"commentCount":0,"publisher":{"@id":"https:\/\/www.nexoinformativo.mx\/#organization"},"image":{"@id":"https:\/\/www.nexoinformativo.mx\/index.php\/2024\/12\/13\/exito-rotundo-el-buen-fin-2024-rompe-record-con-un-incremento-del-15-5-en-ventas\/#primaryimage"},"thumbnailUrl":"https:\/\/www.nexoinformativo.mx\/wp-content\/uploads\/2024\/11\/IMG_3659-e1731683004185.jpg","keywords":["ConsumeLocal","Econom\u00edaMexicana","ElBuenFin2024","VentasR\u00e9cord"],"articleSection":["Econom\u00eda","Nacional","\u00daltima Hora"],"inLanguage":"es","potentialAction":[{"@type":"CommentAction","name":"Comment","target":["https:\/\/www.nexoinformativo.mx\/index.php\/2024\/12\/13\/exito-rotundo-el-buen-fin-2024-rompe-record-con-un-incremento-del-15-5-en-ventas\/#respond"]}]},{"@type":"WebPage","@id":"https:\/\/www.nexoinformativo.mx\/index.php\/2024\/12\/13\/exito-rotundo-el-buen-fin-2024-rompe-record-con-un-incremento-del-15-5-en-ventas\/","url":"https:\/\/www.nexoinformativo.mx\/index.php\/2024\/12\/13\/exito-rotundo-el-buen-fin-2024-rompe-record-con-un-incremento-del-15-5-en-ventas\/","name":"\u00a1\u00c9xito rotundo! El Buen Fin 2024 rompe r\u00e9cord con un incremento del 15.5% en ventas | Nexo Informativo Santiago de Quer\u00e9taro","isPartOf":{"@id":"https:\/\/www.nexoinformativo.mx\/#website"},"primaryImageOfPage":{"@id":"https:\/\/www.nexoinformativo.mx\/index.php\/2024\/12\/13\/exito-rotundo-el-buen-fin-2024-rompe-record-con-un-incremento-del-15-5-en-ventas\/#primaryimage"},"image":{"@id":"https:\/\/www.nexoinformativo.mx\/index.php\/2024\/12\/13\/exito-rotundo-el-buen-fin-2024-rompe-record-con-un-incremento-del-15-5-en-ventas\/#primaryimage"},"thumbnailUrl":"https:\/\/www.nexoinformativo.mx\/wp-content\/uploads\/2024\/11\/IMG_3659-e1731683004185.jpg","datePublished":"2024-12-13T20:00:04+00:00","dateModified":"2024-12-13T21:54:43+00:00","description":"\u00a1\u00c9xito rotundo! El Buen Fin 2024 rompe r\u00e9cord con un incremento del 15.5% en ventas","breadcrumb":{"@id":"https:\/\/www.nexoinformativo.mx\/index.php\/2024\/12\/13\/exito-rotundo-el-buen-fin-2024-rompe-record-con-un-incremento-del-15-5-en-ventas\/#breadcrumb"},"inLanguage":"es","potentialAction":[{"@type":"ReadAction","target":["https:\/\/www.nexoinformativo.mx\/index.php\/2024\/12\/13\/exito-rotundo-el-buen-fin-2024-rompe-record-con-un-incremento-del-15-5-en-ventas\/"]}]},{"@type":"ImageObject","inLanguage":"es","@id":"https:\/\/www.nexoinformativo.mx\/index.php\/2024\/12\/13\/exito-rotundo-el-buen-fin-2024-rompe-record-con-un-incremento-del-15-5-en-ventas\/#primaryimage","url":"https:\/\/www.nexoinformativo.mx\/wp-content\/uploads\/2024\/11\/IMG_3659-e1731683004185.jpg","contentUrl":"https:\/\/www.nexoinformativo.mx\/wp-content\/uploads\/2024\/11\/IMG_3659-e1731683004185.jpg","width":700,"height":466},{"@type":"BreadcrumbList","@id":"https:\/\/www.nexoinformativo.mx\/index.php\/2024\/12\/13\/exito-rotundo-el-buen-fin-2024-rompe-record-con-un-incremento-del-15-5-en-ventas\/#breadcrumb","itemListElement":[{"@type":"ListItem","position":1,"name":"Inicio","item":"https:\/\/www.nexoinformativo.mx\/"},{"@type":"ListItem","position":2,"name":"\u00a1\u00c9xito rotundo! El Buen Fin 2024 rompe r\u00e9cord con un incremento del 15.5% en ventas"}]},{"@type":"WebSite","@id":"https:\/\/www.nexoinformativo.mx\/#website","url":"https:\/\/www.nexoinformativo.mx\/","name":"Nexo Informativo Santiago de Quer\u00e9taro","description":"Explora NexoInformativo y convi\u00e9rtete en parte de una comunidad que valora el conocimiento y la verdad. Tu nexoinformativo es tu puente hacia una comprensi\u00f3n m\u00e1s profunda del mundo que te rodea.","publisher":{"@id":"https:\/\/www.nexoinformativo.mx\/#organization"},"potentialAction":[{"@type":"SearchAction","target":{"@type":"EntryPoint","urlTemplate":"https:\/\/www.nexoinformativo.mx\/?s={search_term_string}"},"query-input":{"@type":"PropertyValueSpecification","valueRequired":true,"valueName":"search_term_string"}}],"inLanguage":"es"},{"@type":"Organization","@id":"https:\/\/www.nexoinformativo.mx\/#organization","name":"Nexo Informativo Santiago de Quer\u00e9taro","url":"https:\/\/www.nexoinformativo.mx\/","logo":{"@type":"ImageObject","inLanguage":"es","@id":"https:\/\/www.nexoinformativo.mx\/#\/schema\/logo\/image\/","url":"https:\/\/www.nexoinformativo.mx\/wp-content\/uploads\/2024\/07\/nexoi-trasparente-2.png","contentUrl":"https:\/\/www.nexoinformativo.mx\/wp-content\/uploads\/2024\/07\/nexoi-trasparente-2.png","width":816,"height":339,"caption":"Nexo Informativo Santiago de Quer\u00e9taro"},"image":{"@id":"https:\/\/www.nexoinformativo.mx\/#\/schema\/logo\/image\/"},"sameAs":["https:\/\/www.facebook.com\/people\/Nexo-Informativo\/61564066885511\/"]},{"@type":"Person","@id":"https:\/\/www.nexoinformativo.mx\/#\/schema\/person\/7749d380ba08c8ca00d7bc76fd907b7d","name":"Nexo Informativo","image":{"@type":"ImageObject","inLanguage":"es","@id":"https:\/\/www.nexoinformativo.mx\/#\/schema\/person\/image\/","url":"https:\/\/secure.gravatar.com\/avatar\/dde2928154642a13d95f87ddf1ea9718fe2b46760a005c53e41ff5ad610704e6?s=96&d=mm&r=g","contentUrl":"https:\/\/secure.gravatar.com\/avatar\/dde2928154642a13d95f87ddf1ea9718fe2b46760a005c53e41ff5ad610704e6?s=96&d=mm&r=g","caption":"Nexo Informativo"},"url":"https:\/\/www.nexoinformativo.mx\/index.php\/author\/edicion\/"}]}},"_links":{"self":[{"href":"https:\/\/www.nexoinformativo.mx\/index.php\/wp-json\/wp\/v2\/posts\/8093","targetHints":{"allow":["GET"]}}],"collection":[{"href":"https:\/\/www.nexoinformativo.mx\/index.php\/wp-json\/wp\/v2\/posts"}],"about":[{"href":"https:\/\/www.nexoinformativo.mx\/index.php\/wp-json\/wp\/v2\/types\/post"}],"author":[{"embeddable":true,"href":"https:\/\/www.nexoinformativo.mx\/index.php\/wp-json\/wp\/v2\/users\/3"}],"replies":[{"embeddable":true,"href":"https:\/\/www.nexoinformativo.mx\/index.php\/wp-json\/wp\/v2\/comments?post=8093"}],"version-history":[{"count":3,"href":"https:\/\/www.nexoinformativo.mx\/index.php\/wp-json\/wp\/v2\/posts\/8093\/revisions"}],"predecessor-version":[{"id":8096,"href":"https:\/\/www.nexoinformativo.mx\/index.php\/wp-json\/wp\/v2\/posts\/8093\/revisions\/8096"}],"wp:featuredmedia":[{"embeddable":true,"href":"https:\/\/www.nexoinformativo.mx\/index.php\/wp-json\/wp\/v2\/media\/6129"}],"wp:attachment":[{"href":"https:\/\/www.nexoinformativo.mx\/index.php\/wp-json\/wp\/v2\/media?parent=8093"}],"wp:term":[{"taxonomy":"category","embeddable":true,"href":"https:\/\/www.nexoinformativo.mx\/index.php\/wp-json\/wp\/v2\/categories?post=8093"},{"taxonomy":"post_tag","embeddable":true,"href":"https:\/\/www.nexoinformativo.mx\/index.php\/wp-json\/wp\/v2\/tags?post=8093"}],"curies":[{"name":"wp","href":"https:\/\/api.w.org\/{rel}","templated":true}]}}