{"id":8097,"date":"2024-12-13T14:30:16","date_gmt":"2024-12-13T20:30:16","guid":{"rendered":"https:\/\/www.nexoinformativo.mx\/?p=8097"},"modified":"2024-12-13T16:01:57","modified_gmt":"2024-12-13T22:01:57","slug":"buenas-noticias-para-el-sector-ganadero-mexico-reanuda-exportaciones-de-ganado-a-estados-unidos","status":"publish","type":"post","link":"https:\/\/www.nexoinformativo.mx\/index.php\/2024\/12\/13\/buenas-noticias-para-el-sector-ganadero-mexico-reanuda-exportaciones-de-ganado-a-estados-unidos\/","title":{"rendered":"\u00a1Buenas noticias para el sector ganadero! M\u00e9xico reanuda exportaciones de ganado a Estados Unidos"},"content":{"rendered":"<p style=\"text-align: justify;\" data-sourcepos=\"11:1-11:324\">El sector ganadero mexicano recibi\u00f3 una excelente noticia este d\u00eda, ya que M\u00e9xico y Estados Unidos firmaron un protocolo que permitir\u00e1 reanudar las exportaciones de ganado en pie.<\/p>\n<p>&nbsp;<\/p>\n<p style=\"text-align: justify;\" data-sourcepos=\"11:1-11:324\">Esta medida hab\u00eda sido suspendida temporalmente tras la detecci\u00f3n de un caso de gusano barrenador en un animal proveniente de Centroam\u00e9rica.<\/p>\n<p>&nbsp;<\/p>\n<p style=\"text-align: justify;\" data-sourcepos=\"13:1-13:477\">Gracias a este acuerdo, los productores mexicanos podr\u00e1n volver a comercializar su ganado en el mercado estadounidense, uno de los m\u00e1s importantes a nivel mundial.<\/p>\n<p>&nbsp;<\/p>\n<p style=\"text-align: justify;\" data-sourcepos=\"13:1-13:477\">Para garantizar la sanidad animal y cumplir con los est\u00e1ndares exigidos por EU, el Servicio Nacional de Sanidad, Inocuidad y Calidad Agroalimentaria (Senasica) y el Departamento de Agricultura de Estados Unidos (USDA) llevar\u00e1n a cabo inspecciones rigurosas a todo el ganado destinado a la exportaci\u00f3n.<\/p>\n<p>&nbsp;<\/p>\n<p style=\"text-align: justify;\" data-sourcepos=\"15:1-15:262\">Esta reapertura del mercado estadounidense es una gran noticia para nuestros productores ganaderos, quienes podr\u00e1n recuperar un importante canal de comercializaci\u00f3n y fortalecer la econom\u00eda del sector.<\/p>\n<p>&nbsp;<\/p>\n<p style=\"text-align: justify;\" data-sourcepos=\"17:1-17:274\">La firma de este protocolo es resultado de un trabajo conjunto entre ambos pa\u00edses para garantizar la sanidad animal y cumplir con los est\u00e1ndares internacionales. Con esta medida, se fortalece la relaci\u00f3n comercial entre M\u00e9xico y Estados Unidos en el sector agropecuario.<\/p>\n<p>&nbsp;<\/p>\n<p style=\"text-align: center;\" data-sourcepos=\"17:1-17:274\"><em><strong>\u00a1Informaci\u00f3n que transforma!<\/strong><\/em><\/p>\n","protected":false},"excerpt":{"rendered":"<p>El sector ganadero mexicano recibi\u00f3 una excelente noticia este d\u00eda, ya que M\u00e9xico y Estados Unidos firmaron un protocolo que permitir\u00e1 reanudar las exportaciones de ganado en pie.<\/p>\n","protected":false},"author":3,"featured_media":8098,"comment_status":"open","ping_status":"open","sticky":false,"template":"","format":"standard","meta":{"footnotes":""},"categories":[5,88,58],"tags":[2664,2665,2666,2044],"class_list":["post-8097","post","type-post","status-publish","format-standard","has-post-thumbnail","hentry","category-economia","category-nacional","category-ultima-hora","tag-exportacionesdeganado","tag-mexicoestadosunidos","tag-sectorganadero","tag-senasica"],"yoast_head":"<!-- This site is optimized with the Yoast SEO plugin v25.0 - https:\/\/yoast.com\/wordpress\/plugins\/seo\/ -->\n<title>\u00a1Buenas noticias para el sector ganadero! M\u00e9xico reanuda exportaciones de ganado a Estados Unidos | Nexo Informativo Santiago de Quer\u00e9taro<\/title>\n<meta name=\"description\" content=\"\u00a1Buenas noticias para el sector ganadero! M\u00e9xico reanuda exportaciones de ganado a Estados Unidos\" \/>\n<meta name=\"robots\" content=\"index, follow, max-snippet:-1, max-image-preview:large, max-video-preview:-1\" \/>\n<link rel=\"canonical\" href=\"https:\/\/www.nexoinformativo.mx\/index.php\/2024\/12\/13\/buenas-noticias-para-el-sector-ganadero-mexico-reanuda-exportaciones-de-ganado-a-estados-unidos\/\" \/>\n<meta property=\"og:locale\" content=\"es_MX\" \/>\n<meta property=\"og:type\" content=\"article\" \/>\n<meta property=\"og:title\" content=\"\u00a1Buenas noticias para el sector ganadero! M\u00e9xico reanuda exportaciones de ganado a Estados Unidos | Nexo Informativo Santiago de Quer\u00e9taro\" \/>\n<meta property=\"og:description\" content=\"\u00a1Buenas noticias para el sector ganadero! M\u00e9xico reanuda exportaciones de ganado a Estados Unidos\" \/>\n<meta property=\"og:url\" content=\"https:\/\/www.nexoinformativo.mx\/index.php\/2024\/12\/13\/buenas-noticias-para-el-sector-ganadero-mexico-reanuda-exportaciones-de-ganado-a-estados-unidos\/\" \/>\n<meta property=\"og:site_name\" content=\"Nexo Informativo Santiago de Quer\u00e9taro\" \/>\n<meta property=\"article:publisher\" content=\"https:\/\/www.facebook.com\/people\/Nexo-Informativo\/61564066885511\/\" \/>\n<meta property=\"article:published_time\" content=\"2024-12-13T20:30:16+00:00\" \/>\n<meta property=\"article:modified_time\" content=\"2024-12-13T22:01:57+00:00\" \/>\n<meta property=\"og:image\" content=\"https:\/\/www.nexoinformativo.mx\/wp-content\/uploads\/2024\/12\/IMG_8535.jpg\" \/>\n\t<meta property=\"og:image:width\" content=\"650\" \/>\n\t<meta property=\"og:image:height\" content=\"380\" \/>\n\t<meta property=\"og:image:type\" content=\"image\/jpeg\" \/>\n<meta name=\"author\" content=\"Nexo Informativo\" \/>\n<meta name=\"twitter:card\" content=\"summary_large_image\" \/>\n<meta name=\"twitter:label1\" content=\"Escrito por\" \/>\n\t<meta name=\"twitter:data1\" content=\"Nexo Informativo\" \/>\n\t<meta name=\"twitter:label2\" content=\"Tiempo de lectura\" \/>\n\t<meta name=\"twitter:data2\" content=\"2 minutos\" \/>\n<script type=\"application\/ld+json\" class=\"yoast-schema-graph\">{\"@context\":\"https:\/\/schema.org\",\"@graph\":[{\"@type\":\"Article\",\"@id\":\"https:\/\/www.nexoinformativo.mx\/index.php\/2024\/12\/13\/buenas-noticias-para-el-sector-ganadero-mexico-reanuda-exportaciones-de-ganado-a-estados-unidos\/#article\",\"isPartOf\":{\"@id\":\"https:\/\/www.nexoinformativo.mx\/index.php\/2024\/12\/13\/buenas-noticias-para-el-sector-ganadero-mexico-reanuda-exportaciones-de-ganado-a-estados-unidos\/\"},\"author\":{\"name\":\"Nexo Informativo\",\"@id\":\"https:\/\/www.nexoinformativo.mx\/#\/schema\/person\/7749d380ba08c8ca00d7bc76fd907b7d\"},\"headline\":\"\u00a1Buenas noticias para el sector ganadero! M\u00e9xico reanuda exportaciones de ganado a Estados Unidos\",\"datePublished\":\"2024-12-13T20:30:16+00:00\",\"dateModified\":\"2024-12-13T22:01:57+00:00\",\"mainEntityOfPage\":{\"@id\":\"https:\/\/www.nexoinformativo.mx\/index.php\/2024\/12\/13\/buenas-noticias-para-el-sector-ganadero-mexico-reanuda-exportaciones-de-ganado-a-estados-unidos\/\"},\"wordCount\":230,\"commentCount\":0,\"publisher\":{\"@id\":\"https:\/\/www.nexoinformativo.mx\/#organization\"},\"image\":{\"@id\":\"https:\/\/www.nexoinformativo.mx\/index.php\/2024\/12\/13\/buenas-noticias-para-el-sector-ganadero-mexico-reanuda-exportaciones-de-ganado-a-estados-unidos\/#primaryimage\"},\"thumbnailUrl\":\"https:\/\/www.nexoinformativo.mx\/wp-content\/uploads\/2024\/12\/IMG_8535.jpg\",\"keywords\":[\"ExportacionesDeGanado\",\"M\u00e9xicoEstadosUnidos\",\"SectorGanadero\",\"Senasica\"],\"articleSection\":[\"Econom\u00eda\",\"Nacional\",\"\u00daltima Hora\"],\"inLanguage\":\"es\",\"potentialAction\":[{\"@type\":\"CommentAction\",\"name\":\"Comment\",\"target\":[\"https:\/\/www.nexoinformativo.mx\/index.php\/2024\/12\/13\/buenas-noticias-para-el-sector-ganadero-mexico-reanuda-exportaciones-de-ganado-a-estados-unidos\/#respond\"]}]},{\"@type\":\"WebPage\",\"@id\":\"https:\/\/www.nexoinformativo.mx\/index.php\/2024\/12\/13\/buenas-noticias-para-el-sector-ganadero-mexico-reanuda-exportaciones-de-ganado-a-estados-unidos\/\",\"url\":\"https:\/\/www.nexoinformativo.mx\/index.php\/2024\/12\/13\/buenas-noticias-para-el-sector-ganadero-mexico-reanuda-exportaciones-de-ganado-a-estados-unidos\/\",\"name\":\"\u00a1Buenas noticias para el sector ganadero! M\u00e9xico reanuda exportaciones de ganado a Estados Unidos | Nexo Informativo Santiago de Quer\u00e9taro\",\"isPartOf\":{\"@id\":\"https:\/\/www.nexoinformativo.mx\/#website\"},\"primaryImageOfPage\":{\"@id\":\"https:\/\/www.nexoinformativo.mx\/index.php\/2024\/12\/13\/buenas-noticias-para-el-sector-ganadero-mexico-reanuda-exportaciones-de-ganado-a-estados-unidos\/#primaryimage\"},\"image\":{\"@id\":\"https:\/\/www.nexoinformativo.mx\/index.php\/2024\/12\/13\/buenas-noticias-para-el-sector-ganadero-mexico-reanuda-exportaciones-de-ganado-a-estados-unidos\/#primaryimage\"},\"thumbnailUrl\":\"https:\/\/www.nexoinformativo.mx\/wp-content\/uploads\/2024\/12\/IMG_8535.jpg\",\"datePublished\":\"2024-12-13T20:30:16+00:00\",\"dateModified\":\"2024-12-13T22:01:57+00:00\",\"description\":\"\u00a1Buenas noticias para el sector ganadero! M\u00e9xico reanuda exportaciones de ganado a Estados Unidos\",\"breadcrumb\":{\"@id\":\"https:\/\/www.nexoinformativo.mx\/index.php\/2024\/12\/13\/buenas-noticias-para-el-sector-ganadero-mexico-reanuda-exportaciones-de-ganado-a-estados-unidos\/#breadcrumb\"},\"inLanguage\":\"es\",\"potentialAction\":[{\"@type\":\"ReadAction\",\"target\":[\"https:\/\/www.nexoinformativo.mx\/index.php\/2024\/12\/13\/buenas-noticias-para-el-sector-ganadero-mexico-reanuda-exportaciones-de-ganado-a-estados-unidos\/\"]}]},{\"@type\":\"ImageObject\",\"inLanguage\":\"es\",\"@id\":\"https:\/\/www.nexoinformativo.mx\/index.php\/2024\/12\/13\/buenas-noticias-para-el-sector-ganadero-mexico-reanuda-exportaciones-de-ganado-a-estados-unidos\/#primaryimage\",\"url\":\"https:\/\/www.nexoinformativo.mx\/wp-content\/uploads\/2024\/12\/IMG_8535.jpg\",\"contentUrl\":\"https:\/\/www.nexoinformativo.mx\/wp-content\/uploads\/2024\/12\/IMG_8535.jpg\",\"width\":650,\"height\":380},{\"@type\":\"BreadcrumbList\",\"@id\":\"https:\/\/www.nexoinformativo.mx\/index.php\/2024\/12\/13\/buenas-noticias-para-el-sector-ganadero-mexico-reanuda-exportaciones-de-ganado-a-estados-unidos\/#breadcrumb\",\"itemListElement\":[{\"@type\":\"ListItem\",\"position\":1,\"name\":\"Inicio\",\"item\":\"https:\/\/www.nexoinformativo.mx\/\"},{\"@type\":\"ListItem\",\"position\":2,\"name\":\"\u00a1Buenas noticias para el sector ganadero! M\u00e9xico reanuda exportaciones de ganado a Estados Unidos\"}]},{\"@type\":\"WebSite\",\"@id\":\"https:\/\/www.nexoinformativo.mx\/#website\",\"url\":\"https:\/\/www.nexoinformativo.mx\/\",\"name\":\"Nexo Informativo Santiago de Quer\u00e9taro\",\"description\":\"Explora NexoInformativo y convi\u00e9rtete en parte de una comunidad que valora el conocimiento y la verdad. Tu nexoinformativo es tu puente hacia una comprensi\u00f3n m\u00e1s profunda del mundo que te rodea.\",\"publisher\":{\"@id\":\"https:\/\/www.nexoinformativo.mx\/#organization\"},\"potentialAction\":[{\"@type\":\"SearchAction\",\"target\":{\"@type\":\"EntryPoint\",\"urlTemplate\":\"https:\/\/www.nexoinformativo.mx\/?s={search_term_string}\"},\"query-input\":{\"@type\":\"PropertyValueSpecification\",\"valueRequired\":true,\"valueName\":\"search_term_string\"}}],\"inLanguage\":\"es\"},{\"@type\":\"Organization\",\"@id\":\"https:\/\/www.nexoinformativo.mx\/#organization\",\"name\":\"Nexo Informativo Santiago de Quer\u00e9taro\",\"url\":\"https:\/\/www.nexoinformativo.mx\/\",\"logo\":{\"@type\":\"ImageObject\",\"inLanguage\":\"es\",\"@id\":\"https:\/\/www.nexoinformativo.mx\/#\/schema\/logo\/image\/\",\"url\":\"https:\/\/www.nexoinformativo.mx\/wp-content\/uploads\/2024\/07\/nexoi-trasparente-2.png\",\"contentUrl\":\"https:\/\/www.nexoinformativo.mx\/wp-content\/uploads\/2024\/07\/nexoi-trasparente-2.png\",\"width\":816,\"height\":339,\"caption\":\"Nexo Informativo Santiago de Quer\u00e9taro\"},\"image\":{\"@id\":\"https:\/\/www.nexoinformativo.mx\/#\/schema\/logo\/image\/\"},\"sameAs\":[\"https:\/\/www.facebook.com\/people\/Nexo-Informativo\/61564066885511\/\"]},{\"@type\":\"Person\",\"@id\":\"https:\/\/www.nexoinformativo.mx\/#\/schema\/person\/7749d380ba08c8ca00d7bc76fd907b7d\",\"name\":\"Nexo Informativo\",\"image\":{\"@type\":\"ImageObject\",\"inLanguage\":\"es\",\"@id\":\"https:\/\/www.nexoinformativo.mx\/#\/schema\/person\/image\/\",\"url\":\"https:\/\/secure.gravatar.com\/avatar\/dde2928154642a13d95f87ddf1ea9718fe2b46760a005c53e41ff5ad610704e6?s=96&d=mm&r=g\",\"contentUrl\":\"https:\/\/secure.gravatar.com\/avatar\/dde2928154642a13d95f87ddf1ea9718fe2b46760a005c53e41ff5ad610704e6?s=96&d=mm&r=g\",\"caption\":\"Nexo Informativo\"},\"url\":\"https:\/\/www.nexoinformativo.mx\/index.php\/author\/edicion\/\"}]}<\/script>\n<!-- \/ Yoast SEO plugin. -->","yoast_head_json":{"title":"\u00a1Buenas noticias para el sector ganadero! M\u00e9xico reanuda exportaciones de ganado a Estados Unidos | Nexo Informativo Santiago de Quer\u00e9taro","description":"\u00a1Buenas noticias para el sector ganadero! M\u00e9xico reanuda exportaciones de ganado a Estados Unidos","robots":{"index":"index","follow":"follow","max-snippet":"max-snippet:-1","max-image-preview":"max-image-preview:large","max-video-preview":"max-video-preview:-1"},"canonical":"https:\/\/www.nexoinformativo.mx\/index.php\/2024\/12\/13\/buenas-noticias-para-el-sector-ganadero-mexico-reanuda-exportaciones-de-ganado-a-estados-unidos\/","og_locale":"es_MX","og_type":"article","og_title":"\u00a1Buenas noticias para el sector ganadero! M\u00e9xico reanuda exportaciones de ganado a Estados Unidos | Nexo Informativo Santiago de Quer\u00e9taro","og_description":"\u00a1Buenas noticias para el sector ganadero! M\u00e9xico reanuda exportaciones de ganado a Estados Unidos","og_url":"https:\/\/www.nexoinformativo.mx\/index.php\/2024\/12\/13\/buenas-noticias-para-el-sector-ganadero-mexico-reanuda-exportaciones-de-ganado-a-estados-unidos\/","og_site_name":"Nexo Informativo Santiago de Quer\u00e9taro","article_publisher":"https:\/\/www.facebook.com\/people\/Nexo-Informativo\/61564066885511\/","article_published_time":"2024-12-13T20:30:16+00:00","article_modified_time":"2024-12-13T22:01:57+00:00","og_image":[{"width":650,"height":380,"url":"https:\/\/www.nexoinformativo.mx\/wp-content\/uploads\/2024\/12\/IMG_8535.jpg","type":"image\/jpeg"}],"author":"Nexo Informativo","twitter_card":"summary_large_image","twitter_misc":{"Escrito por":"Nexo Informativo","Tiempo de lectura":"2 minutos"},"schema":{"@context":"https:\/\/schema.org","@graph":[{"@type":"Article","@id":"https:\/\/www.nexoinformativo.mx\/index.php\/2024\/12\/13\/buenas-noticias-para-el-sector-ganadero-mexico-reanuda-exportaciones-de-ganado-a-estados-unidos\/#article","isPartOf":{"@id":"https:\/\/www.nexoinformativo.mx\/index.php\/2024\/12\/13\/buenas-noticias-para-el-sector-ganadero-mexico-reanuda-exportaciones-de-ganado-a-estados-unidos\/"},"author":{"name":"Nexo Informativo","@id":"https:\/\/www.nexoinformativo.mx\/#\/schema\/person\/7749d380ba08c8ca00d7bc76fd907b7d"},"headline":"\u00a1Buenas noticias para el sector ganadero! M\u00e9xico reanuda exportaciones de ganado a Estados Unidos","datePublished":"2024-12-13T20:30:16+00:00","dateModified":"2024-12-13T22:01:57+00:00","mainEntityOfPage":{"@id":"https:\/\/www.nexoinformativo.mx\/index.php\/2024\/12\/13\/buenas-noticias-para-el-sector-ganadero-mexico-reanuda-exportaciones-de-ganado-a-estados-unidos\/"},"wordCount":230,"commentCount":0,"publisher":{"@id":"https:\/\/www.nexoinformativo.mx\/#organization"},"image":{"@id":"https:\/\/www.nexoinformativo.mx\/index.php\/2024\/12\/13\/buenas-noticias-para-el-sector-ganadero-mexico-reanuda-exportaciones-de-ganado-a-estados-unidos\/#primaryimage"},"thumbnailUrl":"https:\/\/www.nexoinformativo.mx\/wp-content\/uploads\/2024\/12\/IMG_8535.jpg","keywords":["ExportacionesDeGanado","M\u00e9xicoEstadosUnidos","SectorGanadero","Senasica"],"articleSection":["Econom\u00eda","Nacional","\u00daltima Hora"],"inLanguage":"es","potentialAction":[{"@type":"CommentAction","name":"Comment","target":["https:\/\/www.nexoinformativo.mx\/index.php\/2024\/12\/13\/buenas-noticias-para-el-sector-ganadero-mexico-reanuda-exportaciones-de-ganado-a-estados-unidos\/#respond"]}]},{"@type":"WebPage","@id":"https:\/\/www.nexoinformativo.mx\/index.php\/2024\/12\/13\/buenas-noticias-para-el-sector-ganadero-mexico-reanuda-exportaciones-de-ganado-a-estados-unidos\/","url":"https:\/\/www.nexoinformativo.mx\/index.php\/2024\/12\/13\/buenas-noticias-para-el-sector-ganadero-mexico-reanuda-exportaciones-de-ganado-a-estados-unidos\/","name":"\u00a1Buenas noticias para el sector ganadero! M\u00e9xico reanuda exportaciones de ganado a Estados Unidos | Nexo Informativo Santiago de Quer\u00e9taro","isPartOf":{"@id":"https:\/\/www.nexoinformativo.mx\/#website"},"primaryImageOfPage":{"@id":"https:\/\/www.nexoinformativo.mx\/index.php\/2024\/12\/13\/buenas-noticias-para-el-sector-ganadero-mexico-reanuda-exportaciones-de-ganado-a-estados-unidos\/#primaryimage"},"image":{"@id":"https:\/\/www.nexoinformativo.mx\/index.php\/2024\/12\/13\/buenas-noticias-para-el-sector-ganadero-mexico-reanuda-exportaciones-de-ganado-a-estados-unidos\/#primaryimage"},"thumbnailUrl":"https:\/\/www.nexoinformativo.mx\/wp-content\/uploads\/2024\/12\/IMG_8535.jpg","datePublished":"2024-12-13T20:30:16+00:00","dateModified":"2024-12-13T22:01:57+00:00","description":"\u00a1Buenas noticias para el sector ganadero! M\u00e9xico reanuda exportaciones de ganado a Estados Unidos","breadcrumb":{"@id":"https:\/\/www.nexoinformativo.mx\/index.php\/2024\/12\/13\/buenas-noticias-para-el-sector-ganadero-mexico-reanuda-exportaciones-de-ganado-a-estados-unidos\/#breadcrumb"},"inLanguage":"es","potentialAction":[{"@type":"ReadAction","target":["https:\/\/www.nexoinformativo.mx\/index.php\/2024\/12\/13\/buenas-noticias-para-el-sector-ganadero-mexico-reanuda-exportaciones-de-ganado-a-estados-unidos\/"]}]},{"@type":"ImageObject","inLanguage":"es","@id":"https:\/\/www.nexoinformativo.mx\/index.php\/2024\/12\/13\/buenas-noticias-para-el-sector-ganadero-mexico-reanuda-exportaciones-de-ganado-a-estados-unidos\/#primaryimage","url":"https:\/\/www.nexoinformativo.mx\/wp-content\/uploads\/2024\/12\/IMG_8535.jpg","contentUrl":"https:\/\/www.nexoinformativo.mx\/wp-content\/uploads\/2024\/12\/IMG_8535.jpg","width":650,"height":380},{"@type":"BreadcrumbList","@id":"https:\/\/www.nexoinformativo.mx\/index.php\/2024\/12\/13\/buenas-noticias-para-el-sector-ganadero-mexico-reanuda-exportaciones-de-ganado-a-estados-unidos\/#breadcrumb","itemListElement":[{"@type":"ListItem","position":1,"name":"Inicio","item":"https:\/\/www.nexoinformativo.mx\/"},{"@type":"ListItem","position":2,"name":"\u00a1Buenas noticias para el sector ganadero! M\u00e9xico reanuda exportaciones de ganado a Estados Unidos"}]},{"@type":"WebSite","@id":"https:\/\/www.nexoinformativo.mx\/#website","url":"https:\/\/www.nexoinformativo.mx\/","name":"Nexo Informativo Santiago de Quer\u00e9taro","description":"Explora NexoInformativo y convi\u00e9rtete en parte de una comunidad que valora el conocimiento y la verdad. Tu nexoinformativo es tu puente hacia una comprensi\u00f3n m\u00e1s profunda del mundo que te rodea.","publisher":{"@id":"https:\/\/www.nexoinformativo.mx\/#organization"},"potentialAction":[{"@type":"SearchAction","target":{"@type":"EntryPoint","urlTemplate":"https:\/\/www.nexoinformativo.mx\/?s={search_term_string}"},"query-input":{"@type":"PropertyValueSpecification","valueRequired":true,"valueName":"search_term_string"}}],"inLanguage":"es"},{"@type":"Organization","@id":"https:\/\/www.nexoinformativo.mx\/#organization","name":"Nexo Informativo Santiago de Quer\u00e9taro","url":"https:\/\/www.nexoinformativo.mx\/","logo":{"@type":"ImageObject","inLanguage":"es","@id":"https:\/\/www.nexoinformativo.mx\/#\/schema\/logo\/image\/","url":"https:\/\/www.nexoinformativo.mx\/wp-content\/uploads\/2024\/07\/nexoi-trasparente-2.png","contentUrl":"https:\/\/www.nexoinformativo.mx\/wp-content\/uploads\/2024\/07\/nexoi-trasparente-2.png","width":816,"height":339,"caption":"Nexo Informativo Santiago de Quer\u00e9taro"},"image":{"@id":"https:\/\/www.nexoinformativo.mx\/#\/schema\/logo\/image\/"},"sameAs":["https:\/\/www.facebook.com\/people\/Nexo-Informativo\/61564066885511\/"]},{"@type":"Person","@id":"https:\/\/www.nexoinformativo.mx\/#\/schema\/person\/7749d380ba08c8ca00d7bc76fd907b7d","name":"Nexo Informativo","image":{"@type":"ImageObject","inLanguage":"es","@id":"https:\/\/www.nexoinformativo.mx\/#\/schema\/person\/image\/","url":"https:\/\/secure.gravatar.com\/avatar\/dde2928154642a13d95f87ddf1ea9718fe2b46760a005c53e41ff5ad610704e6?s=96&d=mm&r=g","contentUrl":"https:\/\/secure.gravatar.com\/avatar\/dde2928154642a13d95f87ddf1ea9718fe2b46760a005c53e41ff5ad610704e6?s=96&d=mm&r=g","caption":"Nexo Informativo"},"url":"https:\/\/www.nexoinformativo.mx\/index.php\/author\/edicion\/"}]}},"_links":{"self":[{"href":"https:\/\/www.nexoinformativo.mx\/index.php\/wp-json\/wp\/v2\/posts\/8097","targetHints":{"allow":["GET"]}}],"collection":[{"href":"https:\/\/www.nexoinformativo.mx\/index.php\/wp-json\/wp\/v2\/posts"}],"about":[{"href":"https:\/\/www.nexoinformativo.mx\/index.php\/wp-json\/wp\/v2\/types\/post"}],"author":[{"embeddable":true,"href":"https:\/\/www.nexoinformativo.mx\/index.php\/wp-json\/wp\/v2\/users\/3"}],"replies":[{"embeddable":true,"href":"https:\/\/www.nexoinformativo.mx\/index.php\/wp-json\/wp\/v2\/comments?post=8097"}],"version-history":[{"count":3,"href":"https:\/\/www.nexoinformativo.mx\/index.php\/wp-json\/wp\/v2\/posts\/8097\/revisions"}],"predecessor-version":[{"id":8101,"href":"https:\/\/www.nexoinformativo.mx\/index.php\/wp-json\/wp\/v2\/posts\/8097\/revisions\/8101"}],"wp:featuredmedia":[{"embeddable":true,"href":"https:\/\/www.nexoinformativo.mx\/index.php\/wp-json\/wp\/v2\/media\/8098"}],"wp:attachment":[{"href":"https:\/\/www.nexoinformativo.mx\/index.php\/wp-json\/wp\/v2\/media?parent=8097"}],"wp:term":[{"taxonomy":"category","embeddable":true,"href":"https:\/\/www.nexoinformativo.mx\/index.php\/wp-json\/wp\/v2\/categories?post=8097"},{"taxonomy":"post_tag","embeddable":true,"href":"https:\/\/www.nexoinformativo.mx\/index.php\/wp-json\/wp\/v2\/tags?post=8097"}],"curies":[{"name":"wp","href":"https:\/\/api.w.org\/{rel}","templated":true}]}}