{"id":8102,"date":"2024-12-13T19:00:31","date_gmt":"2024-12-14T01:00:31","guid":{"rendered":"https:\/\/www.nexoinformativo.mx\/?p=8102"},"modified":"2024-12-14T09:04:10","modified_gmt":"2024-12-14T15:04:10","slug":"queretaro-da-un-gran-paso-hacia-el-turismo-sustentable-con-nuevo-observatorio","status":"publish","type":"post","link":"https:\/\/www.nexoinformativo.mx\/index.php\/2024\/12\/13\/queretaro-da-un-gran-paso-hacia-el-turismo-sustentable-con-nuevo-observatorio\/","title":{"rendered":"Quer\u00e9taro da un gran paso hacia el turismo sustentable con nuevo Observatorio"},"content":{"rendered":"<p style=\"text-align: justify;\" data-sourcepos=\"11:1-11:412\">Quer\u00e9taro se consolida como un destino tur\u00edstico de primer nivel con la creaci\u00f3n del Consejo T\u00e9cnico del Observatorio Tur\u00edstico Sustentable.<\/p>\n<p>&nbsp;<\/p>\n<p style=\"text-align: justify;\" data-sourcepos=\"11:1-11:412\">Este nuevo organismo, encabezado por la Secretar\u00eda de Turismo estatal, tiene como objetivo principal medir, analizar y evaluar la actividad tur\u00edstica en la entidad, con el fin de orientar las pol\u00edticas p\u00fablicas hacia un desarrollo m\u00e1s sostenible, inclusivo y digital.<\/p>\n<p>&nbsp;<\/p>\n<p style=\"text-align: justify;\" data-sourcepos=\"13:1-13:271\">&#8220;El Observatorio nos permitir\u00e1 contar con datos precisos y an\u00e1lisis rigurosos que nos ayudar\u00e1n a tomar decisiones informadas y a garantizar que el turismo en Quer\u00e9taro genere beneficios para todos&#8221;, afirm\u00f3 la secretaria de Turismo, Adriana Vega V\u00e1zquez.<\/p>\n<p>&nbsp;<\/p>\n<p style=\"text-align: justify;\" data-sourcepos=\"15:1-15:446\">El Consejo T\u00e9cnico est\u00e1 integrado por diversas instituciones clave del sector tur\u00edstico, como la Asociaci\u00f3n Queretana de Hoteleros, la C\u00e1mara Nacional de la Industria Restaurantera y Alimentos Condimentados, el Aeropuerto Internacional de Quer\u00e9taro y diversas universidades.<\/p>\n<p>&nbsp;<\/p>\n<p style=\"text-align: justify;\" data-sourcepos=\"15:1-15:446\">Adem\u00e1s, el Observatorio est\u00e1 afiliado a la ONU Turismo, lo que permitir\u00e1 a Quer\u00e9taro intercambiar experiencias y buenas pr\u00e1cticas con otros destinos a nivel internacional.<\/p>\n<p>&nbsp;<\/p>\n<p style=\"text-align: justify;\" data-sourcepos=\"17:1-17:258\">Con la creaci\u00f3n de este Observatorio, Quer\u00e9taro se posiciona como un referente en materia de turismo sostenible en M\u00e9xico, demostrando su compromiso con el desarrollo de un sector tur\u00edstico que beneficie tanto a los visitantes como a las comunidades locales.<\/p>\n<p>&nbsp;<\/p>\n<p style=\"text-align: center;\" data-sourcepos=\"17:1-17:258\"><em><strong>\u00a1Informaci\u00f3n que transforma!<\/strong><\/em><\/p>\n","protected":false},"excerpt":{"rendered":"<p>Quer\u00e9taro se consolida como un destino tur\u00edstico de primer nivel con la creaci\u00f3n del Consejo T\u00e9cnico del Observatorio Tur\u00edstico Sustentable.<\/p>\n","protected":false},"author":3,"featured_media":8104,"comment_status":"open","ping_status":"open","sticky":false,"template":"","format":"standard","meta":{"footnotes":""},"categories":[42,58],"tags":[1060,2668,133,2667],"class_list":["post-8102","post","type-post","status-publish","format-standard","has-post-thumbnail","hentry","category-estado","category-ultima-hora","tag-desarrollosostenible","tag-observatorioturistico","tag-queretaro","tag-turismosustentable"],"yoast_head":"<!-- This site is optimized with the Yoast SEO plugin v25.0 - https:\/\/yoast.com\/wordpress\/plugins\/seo\/ -->\n<title>Quer\u00e9taro da un gran paso hacia el turismo sustentable con nuevo Observatorio | Nexo Informativo Santiago de Quer\u00e9taro<\/title>\n<meta name=\"description\" content=\"Quer\u00e9taro da un gran paso hacia el turismo sustentable con nuevo Observatorio\" \/>\n<meta name=\"robots\" content=\"index, follow, max-snippet:-1, max-image-preview:large, max-video-preview:-1\" \/>\n<link rel=\"canonical\" href=\"https:\/\/www.nexoinformativo.mx\/index.php\/2024\/12\/13\/queretaro-da-un-gran-paso-hacia-el-turismo-sustentable-con-nuevo-observatorio\/\" \/>\n<meta property=\"og:locale\" content=\"es_MX\" \/>\n<meta property=\"og:type\" content=\"article\" \/>\n<meta property=\"og:title\" content=\"Quer\u00e9taro da un gran paso hacia el turismo sustentable con nuevo Observatorio | Nexo Informativo Santiago de Quer\u00e9taro\" \/>\n<meta property=\"og:description\" content=\"Quer\u00e9taro da un gran paso hacia el turismo sustentable con nuevo Observatorio\" \/>\n<meta property=\"og:url\" content=\"https:\/\/www.nexoinformativo.mx\/index.php\/2024\/12\/13\/queretaro-da-un-gran-paso-hacia-el-turismo-sustentable-con-nuevo-observatorio\/\" \/>\n<meta property=\"og:site_name\" content=\"Nexo Informativo Santiago de Quer\u00e9taro\" \/>\n<meta property=\"article:publisher\" content=\"https:\/\/www.facebook.com\/people\/Nexo-Informativo\/61564066885511\/\" \/>\n<meta property=\"article:published_time\" content=\"2024-12-14T01:00:31+00:00\" \/>\n<meta property=\"article:modified_time\" content=\"2024-12-14T15:04:10+00:00\" \/>\n<meta property=\"og:image\" content=\"https:\/\/www.nexoinformativo.mx\/wp-content\/uploads\/2024\/12\/PHOTO-2024-12-13-19-21-35-e1734188603299.jpg\" \/>\n\t<meta property=\"og:image:width\" content=\"800\" \/>\n\t<meta property=\"og:image:height\" content=\"449\" \/>\n\t<meta property=\"og:image:type\" content=\"image\/jpeg\" \/>\n<meta name=\"author\" content=\"Nexo Informativo\" \/>\n<meta name=\"twitter:card\" content=\"summary_large_image\" \/>\n<meta name=\"twitter:label1\" content=\"Escrito por\" \/>\n\t<meta name=\"twitter:data1\" content=\"Nexo Informativo\" \/>\n\t<meta name=\"twitter:label2\" content=\"Tiempo de lectura\" \/>\n\t<meta name=\"twitter:data2\" content=\"2 minutos\" \/>\n<script type=\"application\/ld+json\" class=\"yoast-schema-graph\">{\"@context\":\"https:\/\/schema.org\",\"@graph\":[{\"@type\":\"Article\",\"@id\":\"https:\/\/www.nexoinformativo.mx\/index.php\/2024\/12\/13\/queretaro-da-un-gran-paso-hacia-el-turismo-sustentable-con-nuevo-observatorio\/#article\",\"isPartOf\":{\"@id\":\"https:\/\/www.nexoinformativo.mx\/index.php\/2024\/12\/13\/queretaro-da-un-gran-paso-hacia-el-turismo-sustentable-con-nuevo-observatorio\/\"},\"author\":{\"name\":\"Nexo Informativo\",\"@id\":\"https:\/\/www.nexoinformativo.mx\/#\/schema\/person\/7749d380ba08c8ca00d7bc76fd907b7d\"},\"headline\":\"Quer\u00e9taro da un gran paso hacia el turismo sustentable con nuevo Observatorio\",\"datePublished\":\"2024-12-14T01:00:31+00:00\",\"dateModified\":\"2024-12-14T15:04:10+00:00\",\"mainEntityOfPage\":{\"@id\":\"https:\/\/www.nexoinformativo.mx\/index.php\/2024\/12\/13\/queretaro-da-un-gran-paso-hacia-el-turismo-sustentable-con-nuevo-observatorio\/\"},\"wordCount\":248,\"commentCount\":0,\"publisher\":{\"@id\":\"https:\/\/www.nexoinformativo.mx\/#organization\"},\"image\":{\"@id\":\"https:\/\/www.nexoinformativo.mx\/index.php\/2024\/12\/13\/queretaro-da-un-gran-paso-hacia-el-turismo-sustentable-con-nuevo-observatorio\/#primaryimage\"},\"thumbnailUrl\":\"https:\/\/www.nexoinformativo.mx\/wp-content\/uploads\/2024\/12\/PHOTO-2024-12-13-19-21-35-e1734188603299.jpg\",\"keywords\":[\"DesarrolloSostenible\",\"ObservatorioTur\u00edstico\",\"Quer\u00e9taro\",\"TurismoSustentable\"],\"articleSection\":[\"Estado\",\"\u00daltima Hora\"],\"inLanguage\":\"es\",\"potentialAction\":[{\"@type\":\"CommentAction\",\"name\":\"Comment\",\"target\":[\"https:\/\/www.nexoinformativo.mx\/index.php\/2024\/12\/13\/queretaro-da-un-gran-paso-hacia-el-turismo-sustentable-con-nuevo-observatorio\/#respond\"]}]},{\"@type\":\"WebPage\",\"@id\":\"https:\/\/www.nexoinformativo.mx\/index.php\/2024\/12\/13\/queretaro-da-un-gran-paso-hacia-el-turismo-sustentable-con-nuevo-observatorio\/\",\"url\":\"https:\/\/www.nexoinformativo.mx\/index.php\/2024\/12\/13\/queretaro-da-un-gran-paso-hacia-el-turismo-sustentable-con-nuevo-observatorio\/\",\"name\":\"Quer\u00e9taro da un gran paso hacia el turismo sustentable con nuevo Observatorio | Nexo Informativo Santiago de Quer\u00e9taro\",\"isPartOf\":{\"@id\":\"https:\/\/www.nexoinformativo.mx\/#website\"},\"primaryImageOfPage\":{\"@id\":\"https:\/\/www.nexoinformativo.mx\/index.php\/2024\/12\/13\/queretaro-da-un-gran-paso-hacia-el-turismo-sustentable-con-nuevo-observatorio\/#primaryimage\"},\"image\":{\"@id\":\"https:\/\/www.nexoinformativo.mx\/index.php\/2024\/12\/13\/queretaro-da-un-gran-paso-hacia-el-turismo-sustentable-con-nuevo-observatorio\/#primaryimage\"},\"thumbnailUrl\":\"https:\/\/www.nexoinformativo.mx\/wp-content\/uploads\/2024\/12\/PHOTO-2024-12-13-19-21-35-e1734188603299.jpg\",\"datePublished\":\"2024-12-14T01:00:31+00:00\",\"dateModified\":\"2024-12-14T15:04:10+00:00\",\"description\":\"Quer\u00e9taro da un gran paso hacia el turismo sustentable con nuevo Observatorio\",\"breadcrumb\":{\"@id\":\"https:\/\/www.nexoinformativo.mx\/index.php\/2024\/12\/13\/queretaro-da-un-gran-paso-hacia-el-turismo-sustentable-con-nuevo-observatorio\/#breadcrumb\"},\"inLanguage\":\"es\",\"potentialAction\":[{\"@type\":\"ReadAction\",\"target\":[\"https:\/\/www.nexoinformativo.mx\/index.php\/2024\/12\/13\/queretaro-da-un-gran-paso-hacia-el-turismo-sustentable-con-nuevo-observatorio\/\"]}]},{\"@type\":\"ImageObject\",\"inLanguage\":\"es\",\"@id\":\"https:\/\/www.nexoinformativo.mx\/index.php\/2024\/12\/13\/queretaro-da-un-gran-paso-hacia-el-turismo-sustentable-con-nuevo-observatorio\/#primaryimage\",\"url\":\"https:\/\/www.nexoinformativo.mx\/wp-content\/uploads\/2024\/12\/PHOTO-2024-12-13-19-21-35-e1734188603299.jpg\",\"contentUrl\":\"https:\/\/www.nexoinformativo.mx\/wp-content\/uploads\/2024\/12\/PHOTO-2024-12-13-19-21-35-e1734188603299.jpg\",\"width\":800,\"height\":449},{\"@type\":\"BreadcrumbList\",\"@id\":\"https:\/\/www.nexoinformativo.mx\/index.php\/2024\/12\/13\/queretaro-da-un-gran-paso-hacia-el-turismo-sustentable-con-nuevo-observatorio\/#breadcrumb\",\"itemListElement\":[{\"@type\":\"ListItem\",\"position\":1,\"name\":\"Inicio\",\"item\":\"https:\/\/www.nexoinformativo.mx\/\"},{\"@type\":\"ListItem\",\"position\":2,\"name\":\"Quer\u00e9taro da un gran paso hacia el turismo sustentable con nuevo Observatorio\"}]},{\"@type\":\"WebSite\",\"@id\":\"https:\/\/www.nexoinformativo.mx\/#website\",\"url\":\"https:\/\/www.nexoinformativo.mx\/\",\"name\":\"Nexo Informativo Santiago de Quer\u00e9taro\",\"description\":\"Explora NexoInformativo y convi\u00e9rtete en parte de una comunidad que valora el conocimiento y la verdad. Tu nexoinformativo es tu puente hacia una comprensi\u00f3n m\u00e1s profunda del mundo que te rodea.\",\"publisher\":{\"@id\":\"https:\/\/www.nexoinformativo.mx\/#organization\"},\"potentialAction\":[{\"@type\":\"SearchAction\",\"target\":{\"@type\":\"EntryPoint\",\"urlTemplate\":\"https:\/\/www.nexoinformativo.mx\/?s={search_term_string}\"},\"query-input\":{\"@type\":\"PropertyValueSpecification\",\"valueRequired\":true,\"valueName\":\"search_term_string\"}}],\"inLanguage\":\"es\"},{\"@type\":\"Organization\",\"@id\":\"https:\/\/www.nexoinformativo.mx\/#organization\",\"name\":\"Nexo Informativo Santiago de Quer\u00e9taro\",\"url\":\"https:\/\/www.nexoinformativo.mx\/\",\"logo\":{\"@type\":\"ImageObject\",\"inLanguage\":\"es\",\"@id\":\"https:\/\/www.nexoinformativo.mx\/#\/schema\/logo\/image\/\",\"url\":\"https:\/\/www.nexoinformativo.mx\/wp-content\/uploads\/2024\/07\/nexoi-trasparente-2.png\",\"contentUrl\":\"https:\/\/www.nexoinformativo.mx\/wp-content\/uploads\/2024\/07\/nexoi-trasparente-2.png\",\"width\":816,\"height\":339,\"caption\":\"Nexo Informativo Santiago de Quer\u00e9taro\"},\"image\":{\"@id\":\"https:\/\/www.nexoinformativo.mx\/#\/schema\/logo\/image\/\"},\"sameAs\":[\"https:\/\/www.facebook.com\/people\/Nexo-Informativo\/61564066885511\/\"]},{\"@type\":\"Person\",\"@id\":\"https:\/\/www.nexoinformativo.mx\/#\/schema\/person\/7749d380ba08c8ca00d7bc76fd907b7d\",\"name\":\"Nexo Informativo\",\"image\":{\"@type\":\"ImageObject\",\"inLanguage\":\"es\",\"@id\":\"https:\/\/www.nexoinformativo.mx\/#\/schema\/person\/image\/\",\"url\":\"https:\/\/secure.gravatar.com\/avatar\/dde2928154642a13d95f87ddf1ea9718fe2b46760a005c53e41ff5ad610704e6?s=96&d=mm&r=g\",\"contentUrl\":\"https:\/\/secure.gravatar.com\/avatar\/dde2928154642a13d95f87ddf1ea9718fe2b46760a005c53e41ff5ad610704e6?s=96&d=mm&r=g\",\"caption\":\"Nexo Informativo\"},\"url\":\"https:\/\/www.nexoinformativo.mx\/index.php\/author\/edicion\/\"}]}<\/script>\n<!-- \/ Yoast SEO plugin. -->","yoast_head_json":{"title":"Quer\u00e9taro da un gran paso hacia el turismo sustentable con nuevo Observatorio | Nexo Informativo Santiago de Quer\u00e9taro","description":"Quer\u00e9taro da un gran paso hacia el turismo sustentable con nuevo Observatorio","robots":{"index":"index","follow":"follow","max-snippet":"max-snippet:-1","max-image-preview":"max-image-preview:large","max-video-preview":"max-video-preview:-1"},"canonical":"https:\/\/www.nexoinformativo.mx\/index.php\/2024\/12\/13\/queretaro-da-un-gran-paso-hacia-el-turismo-sustentable-con-nuevo-observatorio\/","og_locale":"es_MX","og_type":"article","og_title":"Quer\u00e9taro da un gran paso hacia el turismo sustentable con nuevo Observatorio | Nexo Informativo Santiago de Quer\u00e9taro","og_description":"Quer\u00e9taro da un gran paso hacia el turismo sustentable con nuevo Observatorio","og_url":"https:\/\/www.nexoinformativo.mx\/index.php\/2024\/12\/13\/queretaro-da-un-gran-paso-hacia-el-turismo-sustentable-con-nuevo-observatorio\/","og_site_name":"Nexo Informativo Santiago de Quer\u00e9taro","article_publisher":"https:\/\/www.facebook.com\/people\/Nexo-Informativo\/61564066885511\/","article_published_time":"2024-12-14T01:00:31+00:00","article_modified_time":"2024-12-14T15:04:10+00:00","og_image":[{"width":800,"height":449,"url":"https:\/\/www.nexoinformativo.mx\/wp-content\/uploads\/2024\/12\/PHOTO-2024-12-13-19-21-35-e1734188603299.jpg","type":"image\/jpeg"}],"author":"Nexo Informativo","twitter_card":"summary_large_image","twitter_misc":{"Escrito por":"Nexo Informativo","Tiempo de lectura":"2 minutos"},"schema":{"@context":"https:\/\/schema.org","@graph":[{"@type":"Article","@id":"https:\/\/www.nexoinformativo.mx\/index.php\/2024\/12\/13\/queretaro-da-un-gran-paso-hacia-el-turismo-sustentable-con-nuevo-observatorio\/#article","isPartOf":{"@id":"https:\/\/www.nexoinformativo.mx\/index.php\/2024\/12\/13\/queretaro-da-un-gran-paso-hacia-el-turismo-sustentable-con-nuevo-observatorio\/"},"author":{"name":"Nexo Informativo","@id":"https:\/\/www.nexoinformativo.mx\/#\/schema\/person\/7749d380ba08c8ca00d7bc76fd907b7d"},"headline":"Quer\u00e9taro da un gran paso hacia el turismo sustentable con nuevo Observatorio","datePublished":"2024-12-14T01:00:31+00:00","dateModified":"2024-12-14T15:04:10+00:00","mainEntityOfPage":{"@id":"https:\/\/www.nexoinformativo.mx\/index.php\/2024\/12\/13\/queretaro-da-un-gran-paso-hacia-el-turismo-sustentable-con-nuevo-observatorio\/"},"wordCount":248,"commentCount":0,"publisher":{"@id":"https:\/\/www.nexoinformativo.mx\/#organization"},"image":{"@id":"https:\/\/www.nexoinformativo.mx\/index.php\/2024\/12\/13\/queretaro-da-un-gran-paso-hacia-el-turismo-sustentable-con-nuevo-observatorio\/#primaryimage"},"thumbnailUrl":"https:\/\/www.nexoinformativo.mx\/wp-content\/uploads\/2024\/12\/PHOTO-2024-12-13-19-21-35-e1734188603299.jpg","keywords":["DesarrolloSostenible","ObservatorioTur\u00edstico","Quer\u00e9taro","TurismoSustentable"],"articleSection":["Estado","\u00daltima Hora"],"inLanguage":"es","potentialAction":[{"@type":"CommentAction","name":"Comment","target":["https:\/\/www.nexoinformativo.mx\/index.php\/2024\/12\/13\/queretaro-da-un-gran-paso-hacia-el-turismo-sustentable-con-nuevo-observatorio\/#respond"]}]},{"@type":"WebPage","@id":"https:\/\/www.nexoinformativo.mx\/index.php\/2024\/12\/13\/queretaro-da-un-gran-paso-hacia-el-turismo-sustentable-con-nuevo-observatorio\/","url":"https:\/\/www.nexoinformativo.mx\/index.php\/2024\/12\/13\/queretaro-da-un-gran-paso-hacia-el-turismo-sustentable-con-nuevo-observatorio\/","name":"Quer\u00e9taro da un gran paso hacia el turismo sustentable con nuevo Observatorio | Nexo Informativo Santiago de Quer\u00e9taro","isPartOf":{"@id":"https:\/\/www.nexoinformativo.mx\/#website"},"primaryImageOfPage":{"@id":"https:\/\/www.nexoinformativo.mx\/index.php\/2024\/12\/13\/queretaro-da-un-gran-paso-hacia-el-turismo-sustentable-con-nuevo-observatorio\/#primaryimage"},"image":{"@id":"https:\/\/www.nexoinformativo.mx\/index.php\/2024\/12\/13\/queretaro-da-un-gran-paso-hacia-el-turismo-sustentable-con-nuevo-observatorio\/#primaryimage"},"thumbnailUrl":"https:\/\/www.nexoinformativo.mx\/wp-content\/uploads\/2024\/12\/PHOTO-2024-12-13-19-21-35-e1734188603299.jpg","datePublished":"2024-12-14T01:00:31+00:00","dateModified":"2024-12-14T15:04:10+00:00","description":"Quer\u00e9taro da un gran paso hacia el turismo sustentable con nuevo Observatorio","breadcrumb":{"@id":"https:\/\/www.nexoinformativo.mx\/index.php\/2024\/12\/13\/queretaro-da-un-gran-paso-hacia-el-turismo-sustentable-con-nuevo-observatorio\/#breadcrumb"},"inLanguage":"es","potentialAction":[{"@type":"ReadAction","target":["https:\/\/www.nexoinformativo.mx\/index.php\/2024\/12\/13\/queretaro-da-un-gran-paso-hacia-el-turismo-sustentable-con-nuevo-observatorio\/"]}]},{"@type":"ImageObject","inLanguage":"es","@id":"https:\/\/www.nexoinformativo.mx\/index.php\/2024\/12\/13\/queretaro-da-un-gran-paso-hacia-el-turismo-sustentable-con-nuevo-observatorio\/#primaryimage","url":"https:\/\/www.nexoinformativo.mx\/wp-content\/uploads\/2024\/12\/PHOTO-2024-12-13-19-21-35-e1734188603299.jpg","contentUrl":"https:\/\/www.nexoinformativo.mx\/wp-content\/uploads\/2024\/12\/PHOTO-2024-12-13-19-21-35-e1734188603299.jpg","width":800,"height":449},{"@type":"BreadcrumbList","@id":"https:\/\/www.nexoinformativo.mx\/index.php\/2024\/12\/13\/queretaro-da-un-gran-paso-hacia-el-turismo-sustentable-con-nuevo-observatorio\/#breadcrumb","itemListElement":[{"@type":"ListItem","position":1,"name":"Inicio","item":"https:\/\/www.nexoinformativo.mx\/"},{"@type":"ListItem","position":2,"name":"Quer\u00e9taro da un gran paso hacia el turismo sustentable con nuevo Observatorio"}]},{"@type":"WebSite","@id":"https:\/\/www.nexoinformativo.mx\/#website","url":"https:\/\/www.nexoinformativo.mx\/","name":"Nexo Informativo Santiago de Quer\u00e9taro","description":"Explora NexoInformativo y convi\u00e9rtete en parte de una comunidad que valora el conocimiento y la verdad. Tu nexoinformativo es tu puente hacia una comprensi\u00f3n m\u00e1s profunda del mundo que te rodea.","publisher":{"@id":"https:\/\/www.nexoinformativo.mx\/#organization"},"potentialAction":[{"@type":"SearchAction","target":{"@type":"EntryPoint","urlTemplate":"https:\/\/www.nexoinformativo.mx\/?s={search_term_string}"},"query-input":{"@type":"PropertyValueSpecification","valueRequired":true,"valueName":"search_term_string"}}],"inLanguage":"es"},{"@type":"Organization","@id":"https:\/\/www.nexoinformativo.mx\/#organization","name":"Nexo Informativo Santiago de Quer\u00e9taro","url":"https:\/\/www.nexoinformativo.mx\/","logo":{"@type":"ImageObject","inLanguage":"es","@id":"https:\/\/www.nexoinformativo.mx\/#\/schema\/logo\/image\/","url":"https:\/\/www.nexoinformativo.mx\/wp-content\/uploads\/2024\/07\/nexoi-trasparente-2.png","contentUrl":"https:\/\/www.nexoinformativo.mx\/wp-content\/uploads\/2024\/07\/nexoi-trasparente-2.png","width":816,"height":339,"caption":"Nexo Informativo Santiago de Quer\u00e9taro"},"image":{"@id":"https:\/\/www.nexoinformativo.mx\/#\/schema\/logo\/image\/"},"sameAs":["https:\/\/www.facebook.com\/people\/Nexo-Informativo\/61564066885511\/"]},{"@type":"Person","@id":"https:\/\/www.nexoinformativo.mx\/#\/schema\/person\/7749d380ba08c8ca00d7bc76fd907b7d","name":"Nexo Informativo","image":{"@type":"ImageObject","inLanguage":"es","@id":"https:\/\/www.nexoinformativo.mx\/#\/schema\/person\/image\/","url":"https:\/\/secure.gravatar.com\/avatar\/dde2928154642a13d95f87ddf1ea9718fe2b46760a005c53e41ff5ad610704e6?s=96&d=mm&r=g","contentUrl":"https:\/\/secure.gravatar.com\/avatar\/dde2928154642a13d95f87ddf1ea9718fe2b46760a005c53e41ff5ad610704e6?s=96&d=mm&r=g","caption":"Nexo Informativo"},"url":"https:\/\/www.nexoinformativo.mx\/index.php\/author\/edicion\/"}]}},"_links":{"self":[{"href":"https:\/\/www.nexoinformativo.mx\/index.php\/wp-json\/wp\/v2\/posts\/8102","targetHints":{"allow":["GET"]}}],"collection":[{"href":"https:\/\/www.nexoinformativo.mx\/index.php\/wp-json\/wp\/v2\/posts"}],"about":[{"href":"https:\/\/www.nexoinformativo.mx\/index.php\/wp-json\/wp\/v2\/types\/post"}],"author":[{"embeddable":true,"href":"https:\/\/www.nexoinformativo.mx\/index.php\/wp-json\/wp\/v2\/users\/3"}],"replies":[{"embeddable":true,"href":"https:\/\/www.nexoinformativo.mx\/index.php\/wp-json\/wp\/v2\/comments?post=8102"}],"version-history":[{"count":3,"href":"https:\/\/www.nexoinformativo.mx\/index.php\/wp-json\/wp\/v2\/posts\/8102\/revisions"}],"predecessor-version":[{"id":8107,"href":"https:\/\/www.nexoinformativo.mx\/index.php\/wp-json\/wp\/v2\/posts\/8102\/revisions\/8107"}],"wp:featuredmedia":[{"embeddable":true,"href":"https:\/\/www.nexoinformativo.mx\/index.php\/wp-json\/wp\/v2\/media\/8104"}],"wp:attachment":[{"href":"https:\/\/www.nexoinformativo.mx\/index.php\/wp-json\/wp\/v2\/media?parent=8102"}],"wp:term":[{"taxonomy":"category","embeddable":true,"href":"https:\/\/www.nexoinformativo.mx\/index.php\/wp-json\/wp\/v2\/categories?post=8102"},{"taxonomy":"post_tag","embeddable":true,"href":"https:\/\/www.nexoinformativo.mx\/index.php\/wp-json\/wp\/v2\/tags?post=8102"}],"curies":[{"name":"wp","href":"https:\/\/api.w.org\/{rel}","templated":true}]}}