{"id":8108,"date":"2024-12-13T19:30:25","date_gmt":"2024-12-14T01:30:25","guid":{"rendered":"https:\/\/www.nexoinformativo.mx\/?p=8108"},"modified":"2024-12-14T09:09:50","modified_gmt":"2024-12-14T15:09:50","slug":"ultimo-fin-de-semana-para-vivir-la-magia-sobre-hielo-en-la-figq-2024","status":"publish","type":"post","link":"https:\/\/www.nexoinformativo.mx\/index.php\/2024\/12\/13\/ultimo-fin-de-semana-para-vivir-la-magia-sobre-hielo-en-la-figq-2024\/","title":{"rendered":"\u00a1\u00daltimo fin de semana para vivir la magia sobre hielo en la FIGQ 2024!"},"content":{"rendered":"<p style=\"text-align: justify;\" data-sourcepos=\"11:1-11:390\"><strong>\u00a1La Feria Internacional Ganadera de Quer\u00e9taro 2024 est\u00e1 llegando a su fin!<\/strong> Y para despedirse a lo grande, la FIGQ te invita a disfrutar de un espect\u00e1culo de patinaje sobre hielo de talla mundial:<strong> &#8220;Illusion on Ice&#8221;.<\/strong><\/p>\n<p>&nbsp;<\/p>\n<p style=\"text-align: justify;\" data-sourcepos=\"11:1-11:390\">Este impresionante show, que combina acrobacias, magia y elegancia, te dejar\u00e1 sin aliento con las habilidades de patinadores provenientes de diversos pa\u00edses.\u00bfLo mejor? Con tu boleto de entrada a la feria, podr\u00e1s disfrutar de &#8220;Illusion on Ice&#8221; S<strong>IN COSTO ADICIONAL.<\/strong><\/p>\n<p>&nbsp;<\/p>\n<p style=\"text-align: justify;\" data-sourcepos=\"11:1-11:390\">Adem\u00e1s, tendr\u00e1s acceso gratuito a una gran variedad de atracciones como el <strong>Circo Hermanos Fuentes Gasca<\/strong>, la Casa del Terror, exposiciones ganaderas, comerciales y artesanales, conciertos en el Teatro del Pueblo y mucho m\u00e1s.<\/p>\n<p>&nbsp;<\/p>\n<p style=\"text-align: justify;\" data-sourcepos=\"15:1-15:241\">\u00a1La diversi\u00f3n est\u00e1 garantizada para toda la familia! Y para que nadie se quede fuera, los ni\u00f1os menores de 1.20 metros, los adultos mayores con credencial INAPAM y las personas con capacidades diferentes tambi\u00e9n entran gratis a la feria.<\/p>\n<p>&nbsp;<\/p>\n<p style=\"text-align: justify;\" data-sourcepos=\"17:1-17:167\">\u00a1No te pierdas esta oportunidad \u00fanica de vivir una experiencia inolvidable! Consulta los horarios de &#8220;Illusion on Ice&#8221; y planea tu visita a la FIGQ 2024.<\/p>\n<p>&nbsp;<br \/>\n-Viernes: 6 pm y 8 pm<\/p>\n<p>-S\u00e1bado: 4 pm, 6 pm y 8 pm<\/p>\n<p>-Domingo: 4 pm, 6 pm y 8 pm<\/p>\n<p>&nbsp;<\/p>\n<p style=\"text-align: justify;\" data-sourcepos=\"23:1-23:62\">Para m\u00e1s informaci\u00f3n, s\u00edguenos en nuestras redes sociales:\u00a0Facebook: @feriadeqro\u00a0Instagram: @feria.ganadera.qro<\/p>\n<p>&nbsp;<\/p>\n<p style=\"text-align: center;\" data-sourcepos=\"23:1-23:62\"><em><strong>\u00a1Informaci\u00f3n que transforma!<\/strong><\/em><\/p>\n","protected":false},"excerpt":{"rendered":"<p>\u00a1La Feria Internacional Ganadera de Quer\u00e9taro 2024 est\u00e1 llegando a su fin! Y para despedirse a lo grande, la FIGQ te invita a disfrutar de un espect\u00e1culo de patinaje sobre hielo de talla mundial: &#8220;Illusion on Ice&#8221;.<\/p>\n","protected":false},"author":3,"featured_media":8109,"comment_status":"open","ping_status":"open","sticky":false,"template":"","format":"standard","meta":{"footnotes":""},"categories":[50,58],"tags":[2445,2443,293,2669],"class_list":["post-8108","post","type-post","status-publish","format-standard","has-post-thumbnail","hentry","category-espectaculos","category-ultima-hora","tag-diversionenfamilia","tag-feriadequeretaro","tag-figq2024","tag-illusiononice"],"yoast_head":"<!-- This site is optimized with the Yoast SEO plugin v25.0 - https:\/\/yoast.com\/wordpress\/plugins\/seo\/ -->\n<title>\u00a1\u00daltimo fin de semana para vivir la magia sobre hielo en la FIGQ 2024! | Nexo Informativo Santiago de Quer\u00e9taro<\/title>\n<meta name=\"description\" content=\"\u00a1\u00daltimo fin de semana para vivir la magia sobre hielo en la FIGQ 2024!\" \/>\n<meta name=\"robots\" content=\"index, follow, max-snippet:-1, max-image-preview:large, max-video-preview:-1\" \/>\n<link rel=\"canonical\" href=\"https:\/\/www.nexoinformativo.mx\/index.php\/2024\/12\/13\/ultimo-fin-de-semana-para-vivir-la-magia-sobre-hielo-en-la-figq-2024\/\" \/>\n<meta property=\"og:locale\" content=\"es_MX\" \/>\n<meta property=\"og:type\" content=\"article\" \/>\n<meta property=\"og:title\" content=\"\u00a1\u00daltimo fin de semana para vivir la magia sobre hielo en la FIGQ 2024! | Nexo Informativo Santiago de Quer\u00e9taro\" \/>\n<meta property=\"og:description\" content=\"\u00a1\u00daltimo fin de semana para vivir la magia sobre hielo en la FIGQ 2024!\" \/>\n<meta property=\"og:url\" content=\"https:\/\/www.nexoinformativo.mx\/index.php\/2024\/12\/13\/ultimo-fin-de-semana-para-vivir-la-magia-sobre-hielo-en-la-figq-2024\/\" \/>\n<meta property=\"og:site_name\" content=\"Nexo Informativo Santiago de Quer\u00e9taro\" \/>\n<meta property=\"article:publisher\" content=\"https:\/\/www.facebook.com\/people\/Nexo-Informativo\/61564066885511\/\" \/>\n<meta property=\"article:published_time\" content=\"2024-12-14T01:30:25+00:00\" \/>\n<meta property=\"article:modified_time\" content=\"2024-12-14T15:09:50+00:00\" \/>\n<meta property=\"og:image\" content=\"https:\/\/www.nexoinformativo.mx\/wp-content\/uploads\/2024\/12\/PHOTO-2024-12-13-18-31-04-e1734188905691.jpg\" \/>\n\t<meta property=\"og:image:width\" content=\"800\" \/>\n\t<meta property=\"og:image:height\" content=\"534\" \/>\n\t<meta property=\"og:image:type\" content=\"image\/jpeg\" \/>\n<meta name=\"author\" content=\"Nexo Informativo\" \/>\n<meta name=\"twitter:card\" content=\"summary_large_image\" \/>\n<meta name=\"twitter:label1\" content=\"Escrito por\" \/>\n\t<meta name=\"twitter:data1\" content=\"Nexo Informativo\" \/>\n\t<meta name=\"twitter:label2\" content=\"Tiempo de lectura\" \/>\n\t<meta name=\"twitter:data2\" content=\"2 minutos\" \/>\n<script type=\"application\/ld+json\" class=\"yoast-schema-graph\">{\"@context\":\"https:\/\/schema.org\",\"@graph\":[{\"@type\":\"Article\",\"@id\":\"https:\/\/www.nexoinformativo.mx\/index.php\/2024\/12\/13\/ultimo-fin-de-semana-para-vivir-la-magia-sobre-hielo-en-la-figq-2024\/#article\",\"isPartOf\":{\"@id\":\"https:\/\/www.nexoinformativo.mx\/index.php\/2024\/12\/13\/ultimo-fin-de-semana-para-vivir-la-magia-sobre-hielo-en-la-figq-2024\/\"},\"author\":{\"name\":\"Nexo Informativo\",\"@id\":\"https:\/\/www.nexoinformativo.mx\/#\/schema\/person\/7749d380ba08c8ca00d7bc76fd907b7d\"},\"headline\":\"\u00a1\u00daltimo fin de semana para vivir la magia sobre hielo en la FIGQ 2024!\",\"datePublished\":\"2024-12-14T01:30:25+00:00\",\"dateModified\":\"2024-12-14T15:09:50+00:00\",\"mainEntityOfPage\":{\"@id\":\"https:\/\/www.nexoinformativo.mx\/index.php\/2024\/12\/13\/ultimo-fin-de-semana-para-vivir-la-magia-sobre-hielo-en-la-figq-2024\/\"},\"wordCount\":240,\"commentCount\":0,\"publisher\":{\"@id\":\"https:\/\/www.nexoinformativo.mx\/#organization\"},\"image\":{\"@id\":\"https:\/\/www.nexoinformativo.mx\/index.php\/2024\/12\/13\/ultimo-fin-de-semana-para-vivir-la-magia-sobre-hielo-en-la-figq-2024\/#primaryimage\"},\"thumbnailUrl\":\"https:\/\/www.nexoinformativo.mx\/wp-content\/uploads\/2024\/12\/PHOTO-2024-12-13-18-31-04-e1734188905691.jpg\",\"keywords\":[\"Diversi\u00f3nEnFamilia\",\"FeriaDeQuer\u00e9taro\",\"FIGQ2024\",\"IllusionOnIce\"],\"articleSection\":[\"Espect\u00e1culos\",\"\u00daltima Hora\"],\"inLanguage\":\"es\",\"potentialAction\":[{\"@type\":\"CommentAction\",\"name\":\"Comment\",\"target\":[\"https:\/\/www.nexoinformativo.mx\/index.php\/2024\/12\/13\/ultimo-fin-de-semana-para-vivir-la-magia-sobre-hielo-en-la-figq-2024\/#respond\"]}]},{\"@type\":\"WebPage\",\"@id\":\"https:\/\/www.nexoinformativo.mx\/index.php\/2024\/12\/13\/ultimo-fin-de-semana-para-vivir-la-magia-sobre-hielo-en-la-figq-2024\/\",\"url\":\"https:\/\/www.nexoinformativo.mx\/index.php\/2024\/12\/13\/ultimo-fin-de-semana-para-vivir-la-magia-sobre-hielo-en-la-figq-2024\/\",\"name\":\"\u00a1\u00daltimo fin de semana para vivir la magia sobre hielo en la FIGQ 2024! | Nexo Informativo Santiago de Quer\u00e9taro\",\"isPartOf\":{\"@id\":\"https:\/\/www.nexoinformativo.mx\/#website\"},\"primaryImageOfPage\":{\"@id\":\"https:\/\/www.nexoinformativo.mx\/index.php\/2024\/12\/13\/ultimo-fin-de-semana-para-vivir-la-magia-sobre-hielo-en-la-figq-2024\/#primaryimage\"},\"image\":{\"@id\":\"https:\/\/www.nexoinformativo.mx\/index.php\/2024\/12\/13\/ultimo-fin-de-semana-para-vivir-la-magia-sobre-hielo-en-la-figq-2024\/#primaryimage\"},\"thumbnailUrl\":\"https:\/\/www.nexoinformativo.mx\/wp-content\/uploads\/2024\/12\/PHOTO-2024-12-13-18-31-04-e1734188905691.jpg\",\"datePublished\":\"2024-12-14T01:30:25+00:00\",\"dateModified\":\"2024-12-14T15:09:50+00:00\",\"description\":\"\u00a1\u00daltimo fin de semana para vivir la magia sobre hielo en la FIGQ 2024!\",\"breadcrumb\":{\"@id\":\"https:\/\/www.nexoinformativo.mx\/index.php\/2024\/12\/13\/ultimo-fin-de-semana-para-vivir-la-magia-sobre-hielo-en-la-figq-2024\/#breadcrumb\"},\"inLanguage\":\"es\",\"potentialAction\":[{\"@type\":\"ReadAction\",\"target\":[\"https:\/\/www.nexoinformativo.mx\/index.php\/2024\/12\/13\/ultimo-fin-de-semana-para-vivir-la-magia-sobre-hielo-en-la-figq-2024\/\"]}]},{\"@type\":\"ImageObject\",\"inLanguage\":\"es\",\"@id\":\"https:\/\/www.nexoinformativo.mx\/index.php\/2024\/12\/13\/ultimo-fin-de-semana-para-vivir-la-magia-sobre-hielo-en-la-figq-2024\/#primaryimage\",\"url\":\"https:\/\/www.nexoinformativo.mx\/wp-content\/uploads\/2024\/12\/PHOTO-2024-12-13-18-31-04-e1734188905691.jpg\",\"contentUrl\":\"https:\/\/www.nexoinformativo.mx\/wp-content\/uploads\/2024\/12\/PHOTO-2024-12-13-18-31-04-e1734188905691.jpg\",\"width\":800,\"height\":534},{\"@type\":\"BreadcrumbList\",\"@id\":\"https:\/\/www.nexoinformativo.mx\/index.php\/2024\/12\/13\/ultimo-fin-de-semana-para-vivir-la-magia-sobre-hielo-en-la-figq-2024\/#breadcrumb\",\"itemListElement\":[{\"@type\":\"ListItem\",\"position\":1,\"name\":\"Inicio\",\"item\":\"https:\/\/www.nexoinformativo.mx\/\"},{\"@type\":\"ListItem\",\"position\":2,\"name\":\"\u00a1\u00daltimo fin de semana para vivir la magia sobre hielo en la FIGQ 2024!\"}]},{\"@type\":\"WebSite\",\"@id\":\"https:\/\/www.nexoinformativo.mx\/#website\",\"url\":\"https:\/\/www.nexoinformativo.mx\/\",\"name\":\"Nexo Informativo Santiago de Quer\u00e9taro\",\"description\":\"Explora NexoInformativo y convi\u00e9rtete en parte de una comunidad que valora el conocimiento y la verdad. Tu nexoinformativo es tu puente hacia una comprensi\u00f3n m\u00e1s profunda del mundo que te rodea.\",\"publisher\":{\"@id\":\"https:\/\/www.nexoinformativo.mx\/#organization\"},\"potentialAction\":[{\"@type\":\"SearchAction\",\"target\":{\"@type\":\"EntryPoint\",\"urlTemplate\":\"https:\/\/www.nexoinformativo.mx\/?s={search_term_string}\"},\"query-input\":{\"@type\":\"PropertyValueSpecification\",\"valueRequired\":true,\"valueName\":\"search_term_string\"}}],\"inLanguage\":\"es\"},{\"@type\":\"Organization\",\"@id\":\"https:\/\/www.nexoinformativo.mx\/#organization\",\"name\":\"Nexo Informativo Santiago de Quer\u00e9taro\",\"url\":\"https:\/\/www.nexoinformativo.mx\/\",\"logo\":{\"@type\":\"ImageObject\",\"inLanguage\":\"es\",\"@id\":\"https:\/\/www.nexoinformativo.mx\/#\/schema\/logo\/image\/\",\"url\":\"https:\/\/www.nexoinformativo.mx\/wp-content\/uploads\/2024\/07\/nexoi-trasparente-2.png\",\"contentUrl\":\"https:\/\/www.nexoinformativo.mx\/wp-content\/uploads\/2024\/07\/nexoi-trasparente-2.png\",\"width\":816,\"height\":339,\"caption\":\"Nexo Informativo Santiago de Quer\u00e9taro\"},\"image\":{\"@id\":\"https:\/\/www.nexoinformativo.mx\/#\/schema\/logo\/image\/\"},\"sameAs\":[\"https:\/\/www.facebook.com\/people\/Nexo-Informativo\/61564066885511\/\"]},{\"@type\":\"Person\",\"@id\":\"https:\/\/www.nexoinformativo.mx\/#\/schema\/person\/7749d380ba08c8ca00d7bc76fd907b7d\",\"name\":\"Nexo Informativo\",\"image\":{\"@type\":\"ImageObject\",\"inLanguage\":\"es\",\"@id\":\"https:\/\/www.nexoinformativo.mx\/#\/schema\/person\/image\/\",\"url\":\"https:\/\/secure.gravatar.com\/avatar\/dde2928154642a13d95f87ddf1ea9718fe2b46760a005c53e41ff5ad610704e6?s=96&d=mm&r=g\",\"contentUrl\":\"https:\/\/secure.gravatar.com\/avatar\/dde2928154642a13d95f87ddf1ea9718fe2b46760a005c53e41ff5ad610704e6?s=96&d=mm&r=g\",\"caption\":\"Nexo Informativo\"},\"url\":\"https:\/\/www.nexoinformativo.mx\/index.php\/author\/edicion\/\"}]}<\/script>\n<!-- \/ Yoast SEO plugin. -->","yoast_head_json":{"title":"\u00a1\u00daltimo fin de semana para vivir la magia sobre hielo en la FIGQ 2024! | Nexo Informativo Santiago de Quer\u00e9taro","description":"\u00a1\u00daltimo fin de semana para vivir la magia sobre hielo en la FIGQ 2024!","robots":{"index":"index","follow":"follow","max-snippet":"max-snippet:-1","max-image-preview":"max-image-preview:large","max-video-preview":"max-video-preview:-1"},"canonical":"https:\/\/www.nexoinformativo.mx\/index.php\/2024\/12\/13\/ultimo-fin-de-semana-para-vivir-la-magia-sobre-hielo-en-la-figq-2024\/","og_locale":"es_MX","og_type":"article","og_title":"\u00a1\u00daltimo fin de semana para vivir la magia sobre hielo en la FIGQ 2024! | Nexo Informativo Santiago de Quer\u00e9taro","og_description":"\u00a1\u00daltimo fin de semana para vivir la magia sobre hielo en la FIGQ 2024!","og_url":"https:\/\/www.nexoinformativo.mx\/index.php\/2024\/12\/13\/ultimo-fin-de-semana-para-vivir-la-magia-sobre-hielo-en-la-figq-2024\/","og_site_name":"Nexo Informativo Santiago de Quer\u00e9taro","article_publisher":"https:\/\/www.facebook.com\/people\/Nexo-Informativo\/61564066885511\/","article_published_time":"2024-12-14T01:30:25+00:00","article_modified_time":"2024-12-14T15:09:50+00:00","og_image":[{"width":800,"height":534,"url":"https:\/\/www.nexoinformativo.mx\/wp-content\/uploads\/2024\/12\/PHOTO-2024-12-13-18-31-04-e1734188905691.jpg","type":"image\/jpeg"}],"author":"Nexo Informativo","twitter_card":"summary_large_image","twitter_misc":{"Escrito por":"Nexo Informativo","Tiempo de lectura":"2 minutos"},"schema":{"@context":"https:\/\/schema.org","@graph":[{"@type":"Article","@id":"https:\/\/www.nexoinformativo.mx\/index.php\/2024\/12\/13\/ultimo-fin-de-semana-para-vivir-la-magia-sobre-hielo-en-la-figq-2024\/#article","isPartOf":{"@id":"https:\/\/www.nexoinformativo.mx\/index.php\/2024\/12\/13\/ultimo-fin-de-semana-para-vivir-la-magia-sobre-hielo-en-la-figq-2024\/"},"author":{"name":"Nexo Informativo","@id":"https:\/\/www.nexoinformativo.mx\/#\/schema\/person\/7749d380ba08c8ca00d7bc76fd907b7d"},"headline":"\u00a1\u00daltimo fin de semana para vivir la magia sobre hielo en la FIGQ 2024!","datePublished":"2024-12-14T01:30:25+00:00","dateModified":"2024-12-14T15:09:50+00:00","mainEntityOfPage":{"@id":"https:\/\/www.nexoinformativo.mx\/index.php\/2024\/12\/13\/ultimo-fin-de-semana-para-vivir-la-magia-sobre-hielo-en-la-figq-2024\/"},"wordCount":240,"commentCount":0,"publisher":{"@id":"https:\/\/www.nexoinformativo.mx\/#organization"},"image":{"@id":"https:\/\/www.nexoinformativo.mx\/index.php\/2024\/12\/13\/ultimo-fin-de-semana-para-vivir-la-magia-sobre-hielo-en-la-figq-2024\/#primaryimage"},"thumbnailUrl":"https:\/\/www.nexoinformativo.mx\/wp-content\/uploads\/2024\/12\/PHOTO-2024-12-13-18-31-04-e1734188905691.jpg","keywords":["Diversi\u00f3nEnFamilia","FeriaDeQuer\u00e9taro","FIGQ2024","IllusionOnIce"],"articleSection":["Espect\u00e1culos","\u00daltima Hora"],"inLanguage":"es","potentialAction":[{"@type":"CommentAction","name":"Comment","target":["https:\/\/www.nexoinformativo.mx\/index.php\/2024\/12\/13\/ultimo-fin-de-semana-para-vivir-la-magia-sobre-hielo-en-la-figq-2024\/#respond"]}]},{"@type":"WebPage","@id":"https:\/\/www.nexoinformativo.mx\/index.php\/2024\/12\/13\/ultimo-fin-de-semana-para-vivir-la-magia-sobre-hielo-en-la-figq-2024\/","url":"https:\/\/www.nexoinformativo.mx\/index.php\/2024\/12\/13\/ultimo-fin-de-semana-para-vivir-la-magia-sobre-hielo-en-la-figq-2024\/","name":"\u00a1\u00daltimo fin de semana para vivir la magia sobre hielo en la FIGQ 2024! | Nexo Informativo Santiago de Quer\u00e9taro","isPartOf":{"@id":"https:\/\/www.nexoinformativo.mx\/#website"},"primaryImageOfPage":{"@id":"https:\/\/www.nexoinformativo.mx\/index.php\/2024\/12\/13\/ultimo-fin-de-semana-para-vivir-la-magia-sobre-hielo-en-la-figq-2024\/#primaryimage"},"image":{"@id":"https:\/\/www.nexoinformativo.mx\/index.php\/2024\/12\/13\/ultimo-fin-de-semana-para-vivir-la-magia-sobre-hielo-en-la-figq-2024\/#primaryimage"},"thumbnailUrl":"https:\/\/www.nexoinformativo.mx\/wp-content\/uploads\/2024\/12\/PHOTO-2024-12-13-18-31-04-e1734188905691.jpg","datePublished":"2024-12-14T01:30:25+00:00","dateModified":"2024-12-14T15:09:50+00:00","description":"\u00a1\u00daltimo fin de semana para vivir la magia sobre hielo en la FIGQ 2024!","breadcrumb":{"@id":"https:\/\/www.nexoinformativo.mx\/index.php\/2024\/12\/13\/ultimo-fin-de-semana-para-vivir-la-magia-sobre-hielo-en-la-figq-2024\/#breadcrumb"},"inLanguage":"es","potentialAction":[{"@type":"ReadAction","target":["https:\/\/www.nexoinformativo.mx\/index.php\/2024\/12\/13\/ultimo-fin-de-semana-para-vivir-la-magia-sobre-hielo-en-la-figq-2024\/"]}]},{"@type":"ImageObject","inLanguage":"es","@id":"https:\/\/www.nexoinformativo.mx\/index.php\/2024\/12\/13\/ultimo-fin-de-semana-para-vivir-la-magia-sobre-hielo-en-la-figq-2024\/#primaryimage","url":"https:\/\/www.nexoinformativo.mx\/wp-content\/uploads\/2024\/12\/PHOTO-2024-12-13-18-31-04-e1734188905691.jpg","contentUrl":"https:\/\/www.nexoinformativo.mx\/wp-content\/uploads\/2024\/12\/PHOTO-2024-12-13-18-31-04-e1734188905691.jpg","width":800,"height":534},{"@type":"BreadcrumbList","@id":"https:\/\/www.nexoinformativo.mx\/index.php\/2024\/12\/13\/ultimo-fin-de-semana-para-vivir-la-magia-sobre-hielo-en-la-figq-2024\/#breadcrumb","itemListElement":[{"@type":"ListItem","position":1,"name":"Inicio","item":"https:\/\/www.nexoinformativo.mx\/"},{"@type":"ListItem","position":2,"name":"\u00a1\u00daltimo fin de semana para vivir la magia sobre hielo en la FIGQ 2024!"}]},{"@type":"WebSite","@id":"https:\/\/www.nexoinformativo.mx\/#website","url":"https:\/\/www.nexoinformativo.mx\/","name":"Nexo Informativo Santiago de Quer\u00e9taro","description":"Explora NexoInformativo y convi\u00e9rtete en parte de una comunidad que valora el conocimiento y la verdad. Tu nexoinformativo es tu puente hacia una comprensi\u00f3n m\u00e1s profunda del mundo que te rodea.","publisher":{"@id":"https:\/\/www.nexoinformativo.mx\/#organization"},"potentialAction":[{"@type":"SearchAction","target":{"@type":"EntryPoint","urlTemplate":"https:\/\/www.nexoinformativo.mx\/?s={search_term_string}"},"query-input":{"@type":"PropertyValueSpecification","valueRequired":true,"valueName":"search_term_string"}}],"inLanguage":"es"},{"@type":"Organization","@id":"https:\/\/www.nexoinformativo.mx\/#organization","name":"Nexo Informativo Santiago de Quer\u00e9taro","url":"https:\/\/www.nexoinformativo.mx\/","logo":{"@type":"ImageObject","inLanguage":"es","@id":"https:\/\/www.nexoinformativo.mx\/#\/schema\/logo\/image\/","url":"https:\/\/www.nexoinformativo.mx\/wp-content\/uploads\/2024\/07\/nexoi-trasparente-2.png","contentUrl":"https:\/\/www.nexoinformativo.mx\/wp-content\/uploads\/2024\/07\/nexoi-trasparente-2.png","width":816,"height":339,"caption":"Nexo Informativo Santiago de Quer\u00e9taro"},"image":{"@id":"https:\/\/www.nexoinformativo.mx\/#\/schema\/logo\/image\/"},"sameAs":["https:\/\/www.facebook.com\/people\/Nexo-Informativo\/61564066885511\/"]},{"@type":"Person","@id":"https:\/\/www.nexoinformativo.mx\/#\/schema\/person\/7749d380ba08c8ca00d7bc76fd907b7d","name":"Nexo Informativo","image":{"@type":"ImageObject","inLanguage":"es","@id":"https:\/\/www.nexoinformativo.mx\/#\/schema\/person\/image\/","url":"https:\/\/secure.gravatar.com\/avatar\/dde2928154642a13d95f87ddf1ea9718fe2b46760a005c53e41ff5ad610704e6?s=96&d=mm&r=g","contentUrl":"https:\/\/secure.gravatar.com\/avatar\/dde2928154642a13d95f87ddf1ea9718fe2b46760a005c53e41ff5ad610704e6?s=96&d=mm&r=g","caption":"Nexo Informativo"},"url":"https:\/\/www.nexoinformativo.mx\/index.php\/author\/edicion\/"}]}},"_links":{"self":[{"href":"https:\/\/www.nexoinformativo.mx\/index.php\/wp-json\/wp\/v2\/posts\/8108","targetHints":{"allow":["GET"]}}],"collection":[{"href":"https:\/\/www.nexoinformativo.mx\/index.php\/wp-json\/wp\/v2\/posts"}],"about":[{"href":"https:\/\/www.nexoinformativo.mx\/index.php\/wp-json\/wp\/v2\/types\/post"}],"author":[{"embeddable":true,"href":"https:\/\/www.nexoinformativo.mx\/index.php\/wp-json\/wp\/v2\/users\/3"}],"replies":[{"embeddable":true,"href":"https:\/\/www.nexoinformativo.mx\/index.php\/wp-json\/wp\/v2\/comments?post=8108"}],"version-history":[{"count":4,"href":"https:\/\/www.nexoinformativo.mx\/index.php\/wp-json\/wp\/v2\/posts\/8108\/revisions"}],"predecessor-version":[{"id":8112,"href":"https:\/\/www.nexoinformativo.mx\/index.php\/wp-json\/wp\/v2\/posts\/8108\/revisions\/8112"}],"wp:featuredmedia":[{"embeddable":true,"href":"https:\/\/www.nexoinformativo.mx\/index.php\/wp-json\/wp\/v2\/media\/8109"}],"wp:attachment":[{"href":"https:\/\/www.nexoinformativo.mx\/index.php\/wp-json\/wp\/v2\/media?parent=8108"}],"wp:term":[{"taxonomy":"category","embeddable":true,"href":"https:\/\/www.nexoinformativo.mx\/index.php\/wp-json\/wp\/v2\/categories?post=8108"},{"taxonomy":"post_tag","embeddable":true,"href":"https:\/\/www.nexoinformativo.mx\/index.php\/wp-json\/wp\/v2\/tags?post=8108"}],"curies":[{"name":"wp","href":"https:\/\/api.w.org\/{rel}","templated":true}]}}