{"id":8128,"date":"2024-12-14T07:30:24","date_gmt":"2024-12-14T13:30:24","guid":{"rendered":"https:\/\/www.nexoinformativo.mx\/?p=8128"},"modified":"2024-12-14T09:34:43","modified_gmt":"2024-12-14T15:34:43","slug":"la-upsrj-y-ekide-group-unen-fuerzas-por-la-innovacion-y-la-sustentabilidad-tendran-la-oportunidad-de-realizar-estancias-en-el-extranjero","status":"publish","type":"post","link":"https:\/\/www.nexoinformativo.mx\/index.php\/2024\/12\/14\/la-upsrj-y-ekide-group-unen-fuerzas-por-la-innovacion-y-la-sustentabilidad-tendran-la-oportunidad-de-realizar-estancias-en-el-extranjero\/","title":{"rendered":"La UPSRJ y Ekide Group unen fuerzas por la innovaci\u00f3n estudiantes tendr\u00e1n la oportunidad de realizar estancias en el extranjero"},"content":{"rendered":"<p style=\"text-align: justify;\" data-sourcepos=\"11:1-11:431\">La Universidad Polit\u00e9cnica de Santa Rosa J\u00e1uregui (UPSRJ) y la empresa Ekide Group han dado un paso importante hacia la consolidaci\u00f3n de un futuro prometedor para sus estudiantes.<\/p>\n<p>&nbsp;<\/p>\n<p style=\"text-align: justify;\" data-sourcepos=\"11:1-11:431\">Ambas instituciones han firmado un convenio de colaboraci\u00f3n que permitir\u00e1 desarrollar proyectos conjuntos de investigaci\u00f3n, innovaci\u00f3n y desarrollo tecnol\u00f3gico, beneficiando especialmente a los estudiantes de la Ingenier\u00eda en Calidad y Metrolog\u00eda.<\/p>\n<p>&nbsp;<\/p>\n<p style=\"text-align: justify;\" data-sourcepos=\"13:1-13:314\">Este acuerdo representa una gran oportunidad para los estudiantes de la UPSRJ, quienes podr\u00e1n realizar estancias en las plantas internacionales de Ekide Group. Esta experiencia les permitir\u00e1 poner en pr\u00e1ctica los conocimientos adquiridos en el aula, aprender nuevas tecnolog\u00edas y enriquecer su formaci\u00f3n acad\u00e9mica.<\/p>\n<p>&nbsp;<\/p>\n<p style=\"text-align: justify;\" data-sourcepos=\"15:1-15:302\">Adem\u00e1s de las estancias, la alianza entre la UPSRJ y Ekide Group se enfoca en promover el modelo Biling\u00fce, Internacional y Sustentable (BIS). Esto implica no solo el aprendizaje de idiomas y la movilidad internacional, sino tambi\u00e9n la generaci\u00f3n de conciencia y acciones en favor de la sustentabilidad.<\/p>\n<p>&nbsp;<\/p>\n<p style=\"text-align: justify;\" data-sourcepos=\"17:1-17:47\">Gracias a esta colaboraci\u00f3n, se espera que se fortalezca la formaci\u00f3n de los estudiantes, se impulse la investigaci\u00f3n y el desarrollo tecnol\u00f3gico y se promueva la sustentabilidad.<\/p>\n<p>&nbsp;<\/p>\n<p style=\"text-align: justify;\" data-sourcepos=\"23:1-23:201\">Esta alianza estrat\u00e9gica es un ejemplo de c\u00f3mo la academia y la industria pueden trabajar juntas para formar profesionales altamente capacitados y preparados para enfrentar los desaf\u00edos del futuro.<\/p>\n<p>&nbsp;<\/p>\n<p style=\"text-align: center;\" data-sourcepos=\"23:1-23:201\"><em><strong>\u00a1Informaci\u00f3n que transforma!<\/strong><\/em><\/p>\n","protected":false},"excerpt":{"rendered":"<p>La Universidad Polit\u00e9cnica de Santa Rosa J\u00e1uregui (UPSRJ) y la empresa Ekide Group han dado un paso importante hacia la consolidaci\u00f3n de un futuro prometedor para sus estudiantes. &nbsp; Ambas instituciones han firmado un convenio de colaboraci\u00f3n que permitir\u00e1 desarrollar proyectos conjuntos de investigaci\u00f3n, innovaci\u00f3n y desarrollo tecnol\u00f3gico, beneficiando especialmente a los estudiantes de la [&hellip;]<\/p>\n","protected":false},"author":3,"featured_media":8121,"comment_status":"open","ping_status":"open","sticky":false,"template":"","format":"standard","meta":{"footnotes":""},"categories":[42,58],"tags":[2673,341,1841,2672],"class_list":["post-8128","post","type-post","status-publish","format-standard","has-post-thumbnail","hentry","category-estado","category-ultima-hora","tag-ekidegroup","tag-innovacion","tag-sustentabilidad","tag-upsrj"],"yoast_head":"<!-- This site is optimized with the Yoast SEO plugin v25.0 - https:\/\/yoast.com\/wordpress\/plugins\/seo\/ -->\n<title>La UPSRJ y Ekide Group unen fuerzas por la innovaci\u00f3n estudiantes tendr\u00e1n la oportunidad de realizar estancias en el extranjero | Nexo Informativo Santiago de Quer\u00e9taro<\/title>\n<meta name=\"description\" content=\"tendr\u00e1n la oportunidad de realizar estancias en el extranjero\" \/>\n<meta name=\"robots\" content=\"index, follow, max-snippet:-1, max-image-preview:large, max-video-preview:-1\" \/>\n<link rel=\"canonical\" href=\"https:\/\/www.nexoinformativo.mx\/index.php\/2024\/12\/14\/la-upsrj-y-ekide-group-unen-fuerzas-por-la-innovacion-y-la-sustentabilidad-tendran-la-oportunidad-de-realizar-estancias-en-el-extranjero\/\" \/>\n<meta property=\"og:locale\" content=\"es_MX\" \/>\n<meta property=\"og:type\" content=\"article\" \/>\n<meta property=\"og:title\" content=\"La UPSRJ y Ekide Group unen fuerzas por la innovaci\u00f3n estudiantes tendr\u00e1n la oportunidad de realizar estancias en el extranjero | Nexo Informativo Santiago de Quer\u00e9taro\" \/>\n<meta property=\"og:description\" content=\"tendr\u00e1n la oportunidad de realizar estancias en el extranjero\" \/>\n<meta property=\"og:url\" content=\"https:\/\/www.nexoinformativo.mx\/index.php\/2024\/12\/14\/la-upsrj-y-ekide-group-unen-fuerzas-por-la-innovacion-y-la-sustentabilidad-tendran-la-oportunidad-de-realizar-estancias-en-el-extranjero\/\" \/>\n<meta property=\"og:site_name\" content=\"Nexo Informativo Santiago de Quer\u00e9taro\" \/>\n<meta property=\"article:publisher\" content=\"https:\/\/www.facebook.com\/people\/Nexo-Informativo\/61564066885511\/\" \/>\n<meta property=\"article:published_time\" content=\"2024-12-14T13:30:24+00:00\" \/>\n<meta property=\"article:modified_time\" content=\"2024-12-14T15:34:43+00:00\" \/>\n<meta property=\"og:image\" content=\"https:\/\/www.nexoinformativo.mx\/wp-content\/uploads\/2024\/12\/PHOTO-2024-12-14-08-05-30-e1734190416575.jpg\" \/>\n\t<meta property=\"og:image:width\" content=\"800\" \/>\n\t<meta property=\"og:image:height\" content=\"491\" \/>\n\t<meta property=\"og:image:type\" content=\"image\/jpeg\" \/>\n<meta name=\"author\" content=\"Nexo Informativo\" \/>\n<meta name=\"twitter:card\" content=\"summary_large_image\" \/>\n<meta name=\"twitter:label1\" content=\"Escrito por\" \/>\n\t<meta name=\"twitter:data1\" content=\"Nexo Informativo\" \/>\n\t<meta name=\"twitter:label2\" content=\"Tiempo de lectura\" \/>\n\t<meta name=\"twitter:data2\" content=\"2 minutos\" \/>\n<script type=\"application\/ld+json\" class=\"yoast-schema-graph\">{\"@context\":\"https:\/\/schema.org\",\"@graph\":[{\"@type\":\"Article\",\"@id\":\"https:\/\/www.nexoinformativo.mx\/index.php\/2024\/12\/14\/la-upsrj-y-ekide-group-unen-fuerzas-por-la-innovacion-y-la-sustentabilidad-tendran-la-oportunidad-de-realizar-estancias-en-el-extranjero\/#article\",\"isPartOf\":{\"@id\":\"https:\/\/www.nexoinformativo.mx\/index.php\/2024\/12\/14\/la-upsrj-y-ekide-group-unen-fuerzas-por-la-innovacion-y-la-sustentabilidad-tendran-la-oportunidad-de-realizar-estancias-en-el-extranjero\/\"},\"author\":{\"name\":\"Nexo Informativo\",\"@id\":\"https:\/\/www.nexoinformativo.mx\/#\/schema\/person\/7749d380ba08c8ca00d7bc76fd907b7d\"},\"headline\":\"La UPSRJ y Ekide Group unen fuerzas por la innovaci\u00f3n estudiantes tendr\u00e1n la oportunidad de realizar estancias en el extranjero\",\"datePublished\":\"2024-12-14T13:30:24+00:00\",\"dateModified\":\"2024-12-14T15:34:43+00:00\",\"mainEntityOfPage\":{\"@id\":\"https:\/\/www.nexoinformativo.mx\/index.php\/2024\/12\/14\/la-upsrj-y-ekide-group-unen-fuerzas-por-la-innovacion-y-la-sustentabilidad-tendran-la-oportunidad-de-realizar-estancias-en-el-extranjero\/\"},\"wordCount\":264,\"commentCount\":0,\"publisher\":{\"@id\":\"https:\/\/www.nexoinformativo.mx\/#organization\"},\"image\":{\"@id\":\"https:\/\/www.nexoinformativo.mx\/index.php\/2024\/12\/14\/la-upsrj-y-ekide-group-unen-fuerzas-por-la-innovacion-y-la-sustentabilidad-tendran-la-oportunidad-de-realizar-estancias-en-el-extranjero\/#primaryimage\"},\"thumbnailUrl\":\"https:\/\/www.nexoinformativo.mx\/wp-content\/uploads\/2024\/12\/PHOTO-2024-12-14-08-05-30-e1734190416575.jpg\",\"keywords\":[\"EkideGroup\",\"Innovaci\u00f3n\",\"Sustentabilidad\",\"UPSRJ\"],\"articleSection\":[\"Estado\",\"\u00daltima Hora\"],\"inLanguage\":\"es\",\"potentialAction\":[{\"@type\":\"CommentAction\",\"name\":\"Comment\",\"target\":[\"https:\/\/www.nexoinformativo.mx\/index.php\/2024\/12\/14\/la-upsrj-y-ekide-group-unen-fuerzas-por-la-innovacion-y-la-sustentabilidad-tendran-la-oportunidad-de-realizar-estancias-en-el-extranjero\/#respond\"]}]},{\"@type\":\"WebPage\",\"@id\":\"https:\/\/www.nexoinformativo.mx\/index.php\/2024\/12\/14\/la-upsrj-y-ekide-group-unen-fuerzas-por-la-innovacion-y-la-sustentabilidad-tendran-la-oportunidad-de-realizar-estancias-en-el-extranjero\/\",\"url\":\"https:\/\/www.nexoinformativo.mx\/index.php\/2024\/12\/14\/la-upsrj-y-ekide-group-unen-fuerzas-por-la-innovacion-y-la-sustentabilidad-tendran-la-oportunidad-de-realizar-estancias-en-el-extranjero\/\",\"name\":\"La UPSRJ y Ekide Group unen fuerzas por la innovaci\u00f3n estudiantes tendr\u00e1n la oportunidad de realizar estancias en el extranjero | Nexo Informativo Santiago de Quer\u00e9taro\",\"isPartOf\":{\"@id\":\"https:\/\/www.nexoinformativo.mx\/#website\"},\"primaryImageOfPage\":{\"@id\":\"https:\/\/www.nexoinformativo.mx\/index.php\/2024\/12\/14\/la-upsrj-y-ekide-group-unen-fuerzas-por-la-innovacion-y-la-sustentabilidad-tendran-la-oportunidad-de-realizar-estancias-en-el-extranjero\/#primaryimage\"},\"image\":{\"@id\":\"https:\/\/www.nexoinformativo.mx\/index.php\/2024\/12\/14\/la-upsrj-y-ekide-group-unen-fuerzas-por-la-innovacion-y-la-sustentabilidad-tendran-la-oportunidad-de-realizar-estancias-en-el-extranjero\/#primaryimage\"},\"thumbnailUrl\":\"https:\/\/www.nexoinformativo.mx\/wp-content\/uploads\/2024\/12\/PHOTO-2024-12-14-08-05-30-e1734190416575.jpg\",\"datePublished\":\"2024-12-14T13:30:24+00:00\",\"dateModified\":\"2024-12-14T15:34:43+00:00\",\"description\":\"tendr\u00e1n la oportunidad de realizar estancias en el extranjero\",\"breadcrumb\":{\"@id\":\"https:\/\/www.nexoinformativo.mx\/index.php\/2024\/12\/14\/la-upsrj-y-ekide-group-unen-fuerzas-por-la-innovacion-y-la-sustentabilidad-tendran-la-oportunidad-de-realizar-estancias-en-el-extranjero\/#breadcrumb\"},\"inLanguage\":\"es\",\"potentialAction\":[{\"@type\":\"ReadAction\",\"target\":[\"https:\/\/www.nexoinformativo.mx\/index.php\/2024\/12\/14\/la-upsrj-y-ekide-group-unen-fuerzas-por-la-innovacion-y-la-sustentabilidad-tendran-la-oportunidad-de-realizar-estancias-en-el-extranjero\/\"]}]},{\"@type\":\"ImageObject\",\"inLanguage\":\"es\",\"@id\":\"https:\/\/www.nexoinformativo.mx\/index.php\/2024\/12\/14\/la-upsrj-y-ekide-group-unen-fuerzas-por-la-innovacion-y-la-sustentabilidad-tendran-la-oportunidad-de-realizar-estancias-en-el-extranjero\/#primaryimage\",\"url\":\"https:\/\/www.nexoinformativo.mx\/wp-content\/uploads\/2024\/12\/PHOTO-2024-12-14-08-05-30-e1734190416575.jpg\",\"contentUrl\":\"https:\/\/www.nexoinformativo.mx\/wp-content\/uploads\/2024\/12\/PHOTO-2024-12-14-08-05-30-e1734190416575.jpg\",\"width\":800,\"height\":491},{\"@type\":\"BreadcrumbList\",\"@id\":\"https:\/\/www.nexoinformativo.mx\/index.php\/2024\/12\/14\/la-upsrj-y-ekide-group-unen-fuerzas-por-la-innovacion-y-la-sustentabilidad-tendran-la-oportunidad-de-realizar-estancias-en-el-extranjero\/#breadcrumb\",\"itemListElement\":[{\"@type\":\"ListItem\",\"position\":1,\"name\":\"Inicio\",\"item\":\"https:\/\/www.nexoinformativo.mx\/\"},{\"@type\":\"ListItem\",\"position\":2,\"name\":\"La UPSRJ y Ekide Group unen fuerzas por la innovaci\u00f3n estudiantes tendr\u00e1n la oportunidad de realizar estancias en el extranjero\"}]},{\"@type\":\"WebSite\",\"@id\":\"https:\/\/www.nexoinformativo.mx\/#website\",\"url\":\"https:\/\/www.nexoinformativo.mx\/\",\"name\":\"Nexo Informativo Santiago de Quer\u00e9taro\",\"description\":\"Explora NexoInformativo y convi\u00e9rtete en parte de una comunidad que valora el conocimiento y la verdad. Tu nexoinformativo es tu puente hacia una comprensi\u00f3n m\u00e1s profunda del mundo que te rodea.\",\"publisher\":{\"@id\":\"https:\/\/www.nexoinformativo.mx\/#organization\"},\"potentialAction\":[{\"@type\":\"SearchAction\",\"target\":{\"@type\":\"EntryPoint\",\"urlTemplate\":\"https:\/\/www.nexoinformativo.mx\/?s={search_term_string}\"},\"query-input\":{\"@type\":\"PropertyValueSpecification\",\"valueRequired\":true,\"valueName\":\"search_term_string\"}}],\"inLanguage\":\"es\"},{\"@type\":\"Organization\",\"@id\":\"https:\/\/www.nexoinformativo.mx\/#organization\",\"name\":\"Nexo Informativo Santiago de Quer\u00e9taro\",\"url\":\"https:\/\/www.nexoinformativo.mx\/\",\"logo\":{\"@type\":\"ImageObject\",\"inLanguage\":\"es\",\"@id\":\"https:\/\/www.nexoinformativo.mx\/#\/schema\/logo\/image\/\",\"url\":\"https:\/\/www.nexoinformativo.mx\/wp-content\/uploads\/2024\/07\/nexoi-trasparente-2.png\",\"contentUrl\":\"https:\/\/www.nexoinformativo.mx\/wp-content\/uploads\/2024\/07\/nexoi-trasparente-2.png\",\"width\":816,\"height\":339,\"caption\":\"Nexo Informativo Santiago de Quer\u00e9taro\"},\"image\":{\"@id\":\"https:\/\/www.nexoinformativo.mx\/#\/schema\/logo\/image\/\"},\"sameAs\":[\"https:\/\/www.facebook.com\/people\/Nexo-Informativo\/61564066885511\/\"]},{\"@type\":\"Person\",\"@id\":\"https:\/\/www.nexoinformativo.mx\/#\/schema\/person\/7749d380ba08c8ca00d7bc76fd907b7d\",\"name\":\"Nexo Informativo\",\"image\":{\"@type\":\"ImageObject\",\"inLanguage\":\"es\",\"@id\":\"https:\/\/www.nexoinformativo.mx\/#\/schema\/person\/image\/\",\"url\":\"https:\/\/secure.gravatar.com\/avatar\/dde2928154642a13d95f87ddf1ea9718fe2b46760a005c53e41ff5ad610704e6?s=96&d=mm&r=g\",\"contentUrl\":\"https:\/\/secure.gravatar.com\/avatar\/dde2928154642a13d95f87ddf1ea9718fe2b46760a005c53e41ff5ad610704e6?s=96&d=mm&r=g\",\"caption\":\"Nexo Informativo\"},\"url\":\"https:\/\/www.nexoinformativo.mx\/index.php\/author\/edicion\/\"}]}<\/script>\n<!-- \/ Yoast SEO plugin. -->","yoast_head_json":{"title":"La UPSRJ y Ekide Group unen fuerzas por la innovaci\u00f3n estudiantes tendr\u00e1n la oportunidad de realizar estancias en el extranjero | Nexo Informativo Santiago de Quer\u00e9taro","description":"tendr\u00e1n la oportunidad de realizar estancias en el extranjero","robots":{"index":"index","follow":"follow","max-snippet":"max-snippet:-1","max-image-preview":"max-image-preview:large","max-video-preview":"max-video-preview:-1"},"canonical":"https:\/\/www.nexoinformativo.mx\/index.php\/2024\/12\/14\/la-upsrj-y-ekide-group-unen-fuerzas-por-la-innovacion-y-la-sustentabilidad-tendran-la-oportunidad-de-realizar-estancias-en-el-extranjero\/","og_locale":"es_MX","og_type":"article","og_title":"La UPSRJ y Ekide Group unen fuerzas por la innovaci\u00f3n estudiantes tendr\u00e1n la oportunidad de realizar estancias en el extranjero | Nexo Informativo Santiago de Quer\u00e9taro","og_description":"tendr\u00e1n la oportunidad de realizar estancias en el extranjero","og_url":"https:\/\/www.nexoinformativo.mx\/index.php\/2024\/12\/14\/la-upsrj-y-ekide-group-unen-fuerzas-por-la-innovacion-y-la-sustentabilidad-tendran-la-oportunidad-de-realizar-estancias-en-el-extranjero\/","og_site_name":"Nexo Informativo Santiago de Quer\u00e9taro","article_publisher":"https:\/\/www.facebook.com\/people\/Nexo-Informativo\/61564066885511\/","article_published_time":"2024-12-14T13:30:24+00:00","article_modified_time":"2024-12-14T15:34:43+00:00","og_image":[{"width":800,"height":491,"url":"https:\/\/www.nexoinformativo.mx\/wp-content\/uploads\/2024\/12\/PHOTO-2024-12-14-08-05-30-e1734190416575.jpg","type":"image\/jpeg"}],"author":"Nexo Informativo","twitter_card":"summary_large_image","twitter_misc":{"Escrito por":"Nexo Informativo","Tiempo de lectura":"2 minutos"},"schema":{"@context":"https:\/\/schema.org","@graph":[{"@type":"Article","@id":"https:\/\/www.nexoinformativo.mx\/index.php\/2024\/12\/14\/la-upsrj-y-ekide-group-unen-fuerzas-por-la-innovacion-y-la-sustentabilidad-tendran-la-oportunidad-de-realizar-estancias-en-el-extranjero\/#article","isPartOf":{"@id":"https:\/\/www.nexoinformativo.mx\/index.php\/2024\/12\/14\/la-upsrj-y-ekide-group-unen-fuerzas-por-la-innovacion-y-la-sustentabilidad-tendran-la-oportunidad-de-realizar-estancias-en-el-extranjero\/"},"author":{"name":"Nexo Informativo","@id":"https:\/\/www.nexoinformativo.mx\/#\/schema\/person\/7749d380ba08c8ca00d7bc76fd907b7d"},"headline":"La UPSRJ y Ekide Group unen fuerzas por la innovaci\u00f3n estudiantes tendr\u00e1n la oportunidad de realizar estancias en el extranjero","datePublished":"2024-12-14T13:30:24+00:00","dateModified":"2024-12-14T15:34:43+00:00","mainEntityOfPage":{"@id":"https:\/\/www.nexoinformativo.mx\/index.php\/2024\/12\/14\/la-upsrj-y-ekide-group-unen-fuerzas-por-la-innovacion-y-la-sustentabilidad-tendran-la-oportunidad-de-realizar-estancias-en-el-extranjero\/"},"wordCount":264,"commentCount":0,"publisher":{"@id":"https:\/\/www.nexoinformativo.mx\/#organization"},"image":{"@id":"https:\/\/www.nexoinformativo.mx\/index.php\/2024\/12\/14\/la-upsrj-y-ekide-group-unen-fuerzas-por-la-innovacion-y-la-sustentabilidad-tendran-la-oportunidad-de-realizar-estancias-en-el-extranjero\/#primaryimage"},"thumbnailUrl":"https:\/\/www.nexoinformativo.mx\/wp-content\/uploads\/2024\/12\/PHOTO-2024-12-14-08-05-30-e1734190416575.jpg","keywords":["EkideGroup","Innovaci\u00f3n","Sustentabilidad","UPSRJ"],"articleSection":["Estado","\u00daltima Hora"],"inLanguage":"es","potentialAction":[{"@type":"CommentAction","name":"Comment","target":["https:\/\/www.nexoinformativo.mx\/index.php\/2024\/12\/14\/la-upsrj-y-ekide-group-unen-fuerzas-por-la-innovacion-y-la-sustentabilidad-tendran-la-oportunidad-de-realizar-estancias-en-el-extranjero\/#respond"]}]},{"@type":"WebPage","@id":"https:\/\/www.nexoinformativo.mx\/index.php\/2024\/12\/14\/la-upsrj-y-ekide-group-unen-fuerzas-por-la-innovacion-y-la-sustentabilidad-tendran-la-oportunidad-de-realizar-estancias-en-el-extranjero\/","url":"https:\/\/www.nexoinformativo.mx\/index.php\/2024\/12\/14\/la-upsrj-y-ekide-group-unen-fuerzas-por-la-innovacion-y-la-sustentabilidad-tendran-la-oportunidad-de-realizar-estancias-en-el-extranjero\/","name":"La UPSRJ y Ekide Group unen fuerzas por la innovaci\u00f3n estudiantes tendr\u00e1n la oportunidad de realizar estancias en el extranjero | Nexo Informativo Santiago de Quer\u00e9taro","isPartOf":{"@id":"https:\/\/www.nexoinformativo.mx\/#website"},"primaryImageOfPage":{"@id":"https:\/\/www.nexoinformativo.mx\/index.php\/2024\/12\/14\/la-upsrj-y-ekide-group-unen-fuerzas-por-la-innovacion-y-la-sustentabilidad-tendran-la-oportunidad-de-realizar-estancias-en-el-extranjero\/#primaryimage"},"image":{"@id":"https:\/\/www.nexoinformativo.mx\/index.php\/2024\/12\/14\/la-upsrj-y-ekide-group-unen-fuerzas-por-la-innovacion-y-la-sustentabilidad-tendran-la-oportunidad-de-realizar-estancias-en-el-extranjero\/#primaryimage"},"thumbnailUrl":"https:\/\/www.nexoinformativo.mx\/wp-content\/uploads\/2024\/12\/PHOTO-2024-12-14-08-05-30-e1734190416575.jpg","datePublished":"2024-12-14T13:30:24+00:00","dateModified":"2024-12-14T15:34:43+00:00","description":"tendr\u00e1n la oportunidad de realizar estancias en el extranjero","breadcrumb":{"@id":"https:\/\/www.nexoinformativo.mx\/index.php\/2024\/12\/14\/la-upsrj-y-ekide-group-unen-fuerzas-por-la-innovacion-y-la-sustentabilidad-tendran-la-oportunidad-de-realizar-estancias-en-el-extranjero\/#breadcrumb"},"inLanguage":"es","potentialAction":[{"@type":"ReadAction","target":["https:\/\/www.nexoinformativo.mx\/index.php\/2024\/12\/14\/la-upsrj-y-ekide-group-unen-fuerzas-por-la-innovacion-y-la-sustentabilidad-tendran-la-oportunidad-de-realizar-estancias-en-el-extranjero\/"]}]},{"@type":"ImageObject","inLanguage":"es","@id":"https:\/\/www.nexoinformativo.mx\/index.php\/2024\/12\/14\/la-upsrj-y-ekide-group-unen-fuerzas-por-la-innovacion-y-la-sustentabilidad-tendran-la-oportunidad-de-realizar-estancias-en-el-extranjero\/#primaryimage","url":"https:\/\/www.nexoinformativo.mx\/wp-content\/uploads\/2024\/12\/PHOTO-2024-12-14-08-05-30-e1734190416575.jpg","contentUrl":"https:\/\/www.nexoinformativo.mx\/wp-content\/uploads\/2024\/12\/PHOTO-2024-12-14-08-05-30-e1734190416575.jpg","width":800,"height":491},{"@type":"BreadcrumbList","@id":"https:\/\/www.nexoinformativo.mx\/index.php\/2024\/12\/14\/la-upsrj-y-ekide-group-unen-fuerzas-por-la-innovacion-y-la-sustentabilidad-tendran-la-oportunidad-de-realizar-estancias-en-el-extranjero\/#breadcrumb","itemListElement":[{"@type":"ListItem","position":1,"name":"Inicio","item":"https:\/\/www.nexoinformativo.mx\/"},{"@type":"ListItem","position":2,"name":"La UPSRJ y Ekide Group unen fuerzas por la innovaci\u00f3n estudiantes tendr\u00e1n la oportunidad de realizar estancias en el extranjero"}]},{"@type":"WebSite","@id":"https:\/\/www.nexoinformativo.mx\/#website","url":"https:\/\/www.nexoinformativo.mx\/","name":"Nexo Informativo Santiago de Quer\u00e9taro","description":"Explora NexoInformativo y convi\u00e9rtete en parte de una comunidad que valora el conocimiento y la verdad. Tu nexoinformativo es tu puente hacia una comprensi\u00f3n m\u00e1s profunda del mundo que te rodea.","publisher":{"@id":"https:\/\/www.nexoinformativo.mx\/#organization"},"potentialAction":[{"@type":"SearchAction","target":{"@type":"EntryPoint","urlTemplate":"https:\/\/www.nexoinformativo.mx\/?s={search_term_string}"},"query-input":{"@type":"PropertyValueSpecification","valueRequired":true,"valueName":"search_term_string"}}],"inLanguage":"es"},{"@type":"Organization","@id":"https:\/\/www.nexoinformativo.mx\/#organization","name":"Nexo Informativo Santiago de Quer\u00e9taro","url":"https:\/\/www.nexoinformativo.mx\/","logo":{"@type":"ImageObject","inLanguage":"es","@id":"https:\/\/www.nexoinformativo.mx\/#\/schema\/logo\/image\/","url":"https:\/\/www.nexoinformativo.mx\/wp-content\/uploads\/2024\/07\/nexoi-trasparente-2.png","contentUrl":"https:\/\/www.nexoinformativo.mx\/wp-content\/uploads\/2024\/07\/nexoi-trasparente-2.png","width":816,"height":339,"caption":"Nexo Informativo Santiago de Quer\u00e9taro"},"image":{"@id":"https:\/\/www.nexoinformativo.mx\/#\/schema\/logo\/image\/"},"sameAs":["https:\/\/www.facebook.com\/people\/Nexo-Informativo\/61564066885511\/"]},{"@type":"Person","@id":"https:\/\/www.nexoinformativo.mx\/#\/schema\/person\/7749d380ba08c8ca00d7bc76fd907b7d","name":"Nexo Informativo","image":{"@type":"ImageObject","inLanguage":"es","@id":"https:\/\/www.nexoinformativo.mx\/#\/schema\/person\/image\/","url":"https:\/\/secure.gravatar.com\/avatar\/dde2928154642a13d95f87ddf1ea9718fe2b46760a005c53e41ff5ad610704e6?s=96&d=mm&r=g","contentUrl":"https:\/\/secure.gravatar.com\/avatar\/dde2928154642a13d95f87ddf1ea9718fe2b46760a005c53e41ff5ad610704e6?s=96&d=mm&r=g","caption":"Nexo Informativo"},"url":"https:\/\/www.nexoinformativo.mx\/index.php\/author\/edicion\/"}]}},"_links":{"self":[{"href":"https:\/\/www.nexoinformativo.mx\/index.php\/wp-json\/wp\/v2\/posts\/8128","targetHints":{"allow":["GET"]}}],"collection":[{"href":"https:\/\/www.nexoinformativo.mx\/index.php\/wp-json\/wp\/v2\/posts"}],"about":[{"href":"https:\/\/www.nexoinformativo.mx\/index.php\/wp-json\/wp\/v2\/types\/post"}],"author":[{"embeddable":true,"href":"https:\/\/www.nexoinformativo.mx\/index.php\/wp-json\/wp\/v2\/users\/3"}],"replies":[{"embeddable":true,"href":"https:\/\/www.nexoinformativo.mx\/index.php\/wp-json\/wp\/v2\/comments?post=8128"}],"version-history":[{"count":4,"href":"https:\/\/www.nexoinformativo.mx\/index.php\/wp-json\/wp\/v2\/posts\/8128\/revisions"}],"predecessor-version":[{"id":8131,"href":"https:\/\/www.nexoinformativo.mx\/index.php\/wp-json\/wp\/v2\/posts\/8128\/revisions\/8131"}],"wp:featuredmedia":[{"embeddable":true,"href":"https:\/\/www.nexoinformativo.mx\/index.php\/wp-json\/wp\/v2\/media\/8121"}],"wp:attachment":[{"href":"https:\/\/www.nexoinformativo.mx\/index.php\/wp-json\/wp\/v2\/media?parent=8128"}],"wp:term":[{"taxonomy":"category","embeddable":true,"href":"https:\/\/www.nexoinformativo.mx\/index.php\/wp-json\/wp\/v2\/categories?post=8128"},{"taxonomy":"post_tag","embeddable":true,"href":"https:\/\/www.nexoinformativo.mx\/index.php\/wp-json\/wp\/v2\/tags?post=8128"}],"curies":[{"name":"wp","href":"https:\/\/api.w.org\/{rel}","templated":true}]}}