{"id":8133,"date":"2024-12-14T08:00:05","date_gmt":"2024-12-14T14:00:05","guid":{"rendered":"https:\/\/www.nexoinformativo.mx\/?p=8133"},"modified":"2024-12-14T09:39:06","modified_gmt":"2024-12-14T15:39:06","slug":"la-magia-de-el-cascanueces-cierra-con-broche-de-oro-la-temporada-de-la-ofeq","status":"publish","type":"post","link":"https:\/\/www.nexoinformativo.mx\/index.php\/2024\/12\/14\/la-magia-de-el-cascanueces-cierra-con-broche-de-oro-la-temporada-de-la-ofeq\/","title":{"rendered":"La magia de &#8220;El Cascanueces&#8221; cierra con broche de oro la temporada de la OFEQ"},"content":{"rendered":"<p style=\"text-align: justify;\" data-sourcepos=\"11:1-11:378\">La Orquesta Filarm\u00f3nica del Estado de Quer\u00e9taro (OFEQ) puso el broche de oro a su tercera temporada de conciertos 2024 con una interpretaci\u00f3n magistral de <strong>&#8220;El Cascanueces&#8221;<\/strong> de Tchaikovsky.<\/p>\n<p>&nbsp;<\/p>\n<p style=\"text-align: justify;\" data-sourcepos=\"11:1-11:378\">El Auditorio Josefa Ortiz de Dom\u00ednguez se llen\u00f3 de magia y emoci\u00f3n para disfrutar de esta cl\u00e1sica obra navide\u00f1a, interpretada por la OFEQ bajo la batuta del maestro Mark Kadin.<\/p>\n<p>&nbsp;<\/p>\n<p style=\"text-align: justify;\" data-sourcepos=\"13:1-13:326\">En colaboraci\u00f3n con la Facultad de Artes de la UAQ, la compa\u00f1\u00eda de ballet Fernando Jhones ofreci\u00f3 una interpretaci\u00f3n vibrante y conmovedora, complementando a la perfecci\u00f3n la m\u00fasica de la orquesta.<\/p>\n<p>&nbsp;<\/p>\n<p style=\"text-align: justify;\" data-sourcepos=\"13:1-13:326\">El p\u00fablico qued\u00f3 maravillado con la belleza de la puesta en escena y la calidad de las interpretaciones musicales y danc\u00edsticas.\u00a0Con este concierto, la OFEQ reafirma su posici\u00f3n como un referente cultural en el estado de Quer\u00e9taro, ofreciendo al p\u00fablico queretano experiencias musicales de alta calidad.<\/p>\n<p>&nbsp;<\/p>\n<p style=\"text-align: justify;\" data-sourcepos=\"17:1-17:221\">La secretaria de Cultura del estado, Ana Paola L\u00f3pez, quien estuvo presente en el evento, destac\u00f3 la importancia de apoyar a la OFEQ y resalt\u00f3 el compromiso del gobierno estatal con la promoci\u00f3n de la cultura.<\/p>\n<p>&nbsp;<\/p>\n<p style=\"text-align: justify;\" data-sourcepos=\"19:1-19:298\">La OFEQ no se detiene y ya tiene preparada su siguiente temporada. El pr\u00f3ximo 15 de enero de 2025, inaugurar\u00e1n el a\u00f1o con un concierto titulado <strong>&#8220;Desde Viena con Amor&#8221;<\/strong>, donde el p\u00fablico podr\u00e1 disfrutar de un repertorio lleno de encanto y elegancia que celebra la tradici\u00f3n musical vienesa.<\/p>\n<p>&nbsp;<\/p>\n<p style=\"text-align: center;\" data-sourcepos=\"19:1-19:298\"><em><strong>\u00a1Informaci\u00f3n que transforma!<\/strong><\/em><\/p>\n","protected":false},"excerpt":{"rendered":"<p>La Orquesta Filarm\u00f3nica del Estado de Quer\u00e9taro (OFEQ) puso el broche de oro a su tercera temporada de conciertos 2024 con una interpretaci\u00f3n magistral de &#8220;El Cascanueces&#8221; de Tchaikovsky.<\/p>\n","protected":false},"author":3,"featured_media":8134,"comment_status":"open","ping_status":"open","sticky":false,"template":"","format":"standard","meta":{"footnotes":""},"categories":[50,42,58],"tags":[123,2674,2248,133],"class_list":["post-8133","post","type-post","status-publish","format-standard","has-post-thumbnail","hentry","category-espectaculos","category-estado","category-ultima-hora","tag-cultura","tag-elcascanueces","tag-ofeq","tag-queretaro"],"yoast_head":"<!-- This site is optimized with the Yoast SEO plugin v25.0 - https:\/\/yoast.com\/wordpress\/plugins\/seo\/ -->\n<title>La magia de &quot;El Cascanueces&quot; cierra con broche de oro la temporada de la OFEQ | Nexo Informativo Santiago de Quer\u00e9taro<\/title>\n<meta name=\"description\" content=\"La magia de &quot;El Cascanueces&quot; cierra con broche de oro la temporada de la OFEQ\" \/>\n<meta name=\"robots\" content=\"index, follow, max-snippet:-1, max-image-preview:large, max-video-preview:-1\" \/>\n<link rel=\"canonical\" href=\"https:\/\/www.nexoinformativo.mx\/index.php\/2024\/12\/14\/la-magia-de-el-cascanueces-cierra-con-broche-de-oro-la-temporada-de-la-ofeq\/\" \/>\n<meta property=\"og:locale\" content=\"es_MX\" \/>\n<meta property=\"og:type\" content=\"article\" \/>\n<meta property=\"og:title\" content=\"La magia de &quot;El Cascanueces&quot; cierra con broche de oro la temporada de la OFEQ | Nexo Informativo Santiago de Quer\u00e9taro\" \/>\n<meta property=\"og:description\" content=\"La magia de &quot;El Cascanueces&quot; cierra con broche de oro la temporada de la OFEQ\" \/>\n<meta property=\"og:url\" content=\"https:\/\/www.nexoinformativo.mx\/index.php\/2024\/12\/14\/la-magia-de-el-cascanueces-cierra-con-broche-de-oro-la-temporada-de-la-ofeq\/\" \/>\n<meta property=\"og:site_name\" content=\"Nexo Informativo Santiago de Quer\u00e9taro\" \/>\n<meta property=\"article:publisher\" content=\"https:\/\/www.facebook.com\/people\/Nexo-Informativo\/61564066885511\/\" \/>\n<meta property=\"article:published_time\" content=\"2024-12-14T14:00:05+00:00\" \/>\n<meta property=\"article:modified_time\" content=\"2024-12-14T15:39:06+00:00\" \/>\n<meta property=\"og:image\" content=\"https:\/\/www.nexoinformativo.mx\/wp-content\/uploads\/2024\/12\/PHOTO-2024-12-14-08-15-41-e1734190703195.jpg\" \/>\n\t<meta property=\"og:image:width\" content=\"800\" \/>\n\t<meta property=\"og:image:height\" content=\"600\" \/>\n\t<meta property=\"og:image:type\" content=\"image\/jpeg\" \/>\n<meta name=\"author\" content=\"Nexo Informativo\" \/>\n<meta name=\"twitter:card\" content=\"summary_large_image\" \/>\n<meta name=\"twitter:label1\" content=\"Escrito por\" \/>\n\t<meta name=\"twitter:data1\" content=\"Nexo Informativo\" \/>\n\t<meta name=\"twitter:label2\" content=\"Tiempo de lectura\" \/>\n\t<meta name=\"twitter:data2\" content=\"2 minutos\" \/>\n<script type=\"application\/ld+json\" class=\"yoast-schema-graph\">{\"@context\":\"https:\/\/schema.org\",\"@graph\":[{\"@type\":\"Article\",\"@id\":\"https:\/\/www.nexoinformativo.mx\/index.php\/2024\/12\/14\/la-magia-de-el-cascanueces-cierra-con-broche-de-oro-la-temporada-de-la-ofeq\/#article\",\"isPartOf\":{\"@id\":\"https:\/\/www.nexoinformativo.mx\/index.php\/2024\/12\/14\/la-magia-de-el-cascanueces-cierra-con-broche-de-oro-la-temporada-de-la-ofeq\/\"},\"author\":{\"name\":\"Nexo Informativo\",\"@id\":\"https:\/\/www.nexoinformativo.mx\/#\/schema\/person\/7749d380ba08c8ca00d7bc76fd907b7d\"},\"headline\":\"La magia de &#8220;El Cascanueces&#8221; cierra con broche de oro la temporada de la OFEQ\",\"datePublished\":\"2024-12-14T14:00:05+00:00\",\"dateModified\":\"2024-12-14T15:39:06+00:00\",\"mainEntityOfPage\":{\"@id\":\"https:\/\/www.nexoinformativo.mx\/index.php\/2024\/12\/14\/la-magia-de-el-cascanueces-cierra-con-broche-de-oro-la-temporada-de-la-ofeq\/\"},\"wordCount\":268,\"commentCount\":0,\"publisher\":{\"@id\":\"https:\/\/www.nexoinformativo.mx\/#organization\"},\"image\":{\"@id\":\"https:\/\/www.nexoinformativo.mx\/index.php\/2024\/12\/14\/la-magia-de-el-cascanueces-cierra-con-broche-de-oro-la-temporada-de-la-ofeq\/#primaryimage\"},\"thumbnailUrl\":\"https:\/\/www.nexoinformativo.mx\/wp-content\/uploads\/2024\/12\/PHOTO-2024-12-14-08-15-41-e1734190703195.jpg\",\"keywords\":[\"Cultura\",\"ElCascanueces\",\"OFEQ\",\"Quer\u00e9taro\"],\"articleSection\":[\"Espect\u00e1culos\",\"Estado\",\"\u00daltima Hora\"],\"inLanguage\":\"es\",\"potentialAction\":[{\"@type\":\"CommentAction\",\"name\":\"Comment\",\"target\":[\"https:\/\/www.nexoinformativo.mx\/index.php\/2024\/12\/14\/la-magia-de-el-cascanueces-cierra-con-broche-de-oro-la-temporada-de-la-ofeq\/#respond\"]}]},{\"@type\":\"WebPage\",\"@id\":\"https:\/\/www.nexoinformativo.mx\/index.php\/2024\/12\/14\/la-magia-de-el-cascanueces-cierra-con-broche-de-oro-la-temporada-de-la-ofeq\/\",\"url\":\"https:\/\/www.nexoinformativo.mx\/index.php\/2024\/12\/14\/la-magia-de-el-cascanueces-cierra-con-broche-de-oro-la-temporada-de-la-ofeq\/\",\"name\":\"La magia de \\\"El Cascanueces\\\" cierra con broche de oro la temporada de la OFEQ | Nexo Informativo Santiago de Quer\u00e9taro\",\"isPartOf\":{\"@id\":\"https:\/\/www.nexoinformativo.mx\/#website\"},\"primaryImageOfPage\":{\"@id\":\"https:\/\/www.nexoinformativo.mx\/index.php\/2024\/12\/14\/la-magia-de-el-cascanueces-cierra-con-broche-de-oro-la-temporada-de-la-ofeq\/#primaryimage\"},\"image\":{\"@id\":\"https:\/\/www.nexoinformativo.mx\/index.php\/2024\/12\/14\/la-magia-de-el-cascanueces-cierra-con-broche-de-oro-la-temporada-de-la-ofeq\/#primaryimage\"},\"thumbnailUrl\":\"https:\/\/www.nexoinformativo.mx\/wp-content\/uploads\/2024\/12\/PHOTO-2024-12-14-08-15-41-e1734190703195.jpg\",\"datePublished\":\"2024-12-14T14:00:05+00:00\",\"dateModified\":\"2024-12-14T15:39:06+00:00\",\"description\":\"La magia de \\\"El Cascanueces\\\" cierra con broche de oro la temporada de la OFEQ\",\"breadcrumb\":{\"@id\":\"https:\/\/www.nexoinformativo.mx\/index.php\/2024\/12\/14\/la-magia-de-el-cascanueces-cierra-con-broche-de-oro-la-temporada-de-la-ofeq\/#breadcrumb\"},\"inLanguage\":\"es\",\"potentialAction\":[{\"@type\":\"ReadAction\",\"target\":[\"https:\/\/www.nexoinformativo.mx\/index.php\/2024\/12\/14\/la-magia-de-el-cascanueces-cierra-con-broche-de-oro-la-temporada-de-la-ofeq\/\"]}]},{\"@type\":\"ImageObject\",\"inLanguage\":\"es\",\"@id\":\"https:\/\/www.nexoinformativo.mx\/index.php\/2024\/12\/14\/la-magia-de-el-cascanueces-cierra-con-broche-de-oro-la-temporada-de-la-ofeq\/#primaryimage\",\"url\":\"https:\/\/www.nexoinformativo.mx\/wp-content\/uploads\/2024\/12\/PHOTO-2024-12-14-08-15-41-e1734190703195.jpg\",\"contentUrl\":\"https:\/\/www.nexoinformativo.mx\/wp-content\/uploads\/2024\/12\/PHOTO-2024-12-14-08-15-41-e1734190703195.jpg\",\"width\":800,\"height\":600},{\"@type\":\"BreadcrumbList\",\"@id\":\"https:\/\/www.nexoinformativo.mx\/index.php\/2024\/12\/14\/la-magia-de-el-cascanueces-cierra-con-broche-de-oro-la-temporada-de-la-ofeq\/#breadcrumb\",\"itemListElement\":[{\"@type\":\"ListItem\",\"position\":1,\"name\":\"Inicio\",\"item\":\"https:\/\/www.nexoinformativo.mx\/\"},{\"@type\":\"ListItem\",\"position\":2,\"name\":\"La magia de &#8220;El Cascanueces&#8221; cierra con broche de oro la temporada de la OFEQ\"}]},{\"@type\":\"WebSite\",\"@id\":\"https:\/\/www.nexoinformativo.mx\/#website\",\"url\":\"https:\/\/www.nexoinformativo.mx\/\",\"name\":\"Nexo Informativo Santiago de Quer\u00e9taro\",\"description\":\"Explora NexoInformativo y convi\u00e9rtete en parte de una comunidad que valora el conocimiento y la verdad. Tu nexoinformativo es tu puente hacia una comprensi\u00f3n m\u00e1s profunda del mundo que te rodea.\",\"publisher\":{\"@id\":\"https:\/\/www.nexoinformativo.mx\/#organization\"},\"potentialAction\":[{\"@type\":\"SearchAction\",\"target\":{\"@type\":\"EntryPoint\",\"urlTemplate\":\"https:\/\/www.nexoinformativo.mx\/?s={search_term_string}\"},\"query-input\":{\"@type\":\"PropertyValueSpecification\",\"valueRequired\":true,\"valueName\":\"search_term_string\"}}],\"inLanguage\":\"es\"},{\"@type\":\"Organization\",\"@id\":\"https:\/\/www.nexoinformativo.mx\/#organization\",\"name\":\"Nexo Informativo Santiago de Quer\u00e9taro\",\"url\":\"https:\/\/www.nexoinformativo.mx\/\",\"logo\":{\"@type\":\"ImageObject\",\"inLanguage\":\"es\",\"@id\":\"https:\/\/www.nexoinformativo.mx\/#\/schema\/logo\/image\/\",\"url\":\"https:\/\/www.nexoinformativo.mx\/wp-content\/uploads\/2024\/07\/nexoi-trasparente-2.png\",\"contentUrl\":\"https:\/\/www.nexoinformativo.mx\/wp-content\/uploads\/2024\/07\/nexoi-trasparente-2.png\",\"width\":816,\"height\":339,\"caption\":\"Nexo Informativo Santiago de Quer\u00e9taro\"},\"image\":{\"@id\":\"https:\/\/www.nexoinformativo.mx\/#\/schema\/logo\/image\/\"},\"sameAs\":[\"https:\/\/www.facebook.com\/people\/Nexo-Informativo\/61564066885511\/\"]},{\"@type\":\"Person\",\"@id\":\"https:\/\/www.nexoinformativo.mx\/#\/schema\/person\/7749d380ba08c8ca00d7bc76fd907b7d\",\"name\":\"Nexo Informativo\",\"image\":{\"@type\":\"ImageObject\",\"inLanguage\":\"es\",\"@id\":\"https:\/\/www.nexoinformativo.mx\/#\/schema\/person\/image\/\",\"url\":\"https:\/\/secure.gravatar.com\/avatar\/dde2928154642a13d95f87ddf1ea9718fe2b46760a005c53e41ff5ad610704e6?s=96&d=mm&r=g\",\"contentUrl\":\"https:\/\/secure.gravatar.com\/avatar\/dde2928154642a13d95f87ddf1ea9718fe2b46760a005c53e41ff5ad610704e6?s=96&d=mm&r=g\",\"caption\":\"Nexo Informativo\"},\"url\":\"https:\/\/www.nexoinformativo.mx\/index.php\/author\/edicion\/\"}]}<\/script>\n<!-- \/ Yoast SEO plugin. -->","yoast_head_json":{"title":"La magia de \"El Cascanueces\" cierra con broche de oro la temporada de la OFEQ | Nexo Informativo Santiago de Quer\u00e9taro","description":"La magia de \"El Cascanueces\" cierra con broche de oro la temporada de la OFEQ","robots":{"index":"index","follow":"follow","max-snippet":"max-snippet:-1","max-image-preview":"max-image-preview:large","max-video-preview":"max-video-preview:-1"},"canonical":"https:\/\/www.nexoinformativo.mx\/index.php\/2024\/12\/14\/la-magia-de-el-cascanueces-cierra-con-broche-de-oro-la-temporada-de-la-ofeq\/","og_locale":"es_MX","og_type":"article","og_title":"La magia de \"El Cascanueces\" cierra con broche de oro la temporada de la OFEQ | Nexo Informativo Santiago de Quer\u00e9taro","og_description":"La magia de \"El Cascanueces\" cierra con broche de oro la temporada de la OFEQ","og_url":"https:\/\/www.nexoinformativo.mx\/index.php\/2024\/12\/14\/la-magia-de-el-cascanueces-cierra-con-broche-de-oro-la-temporada-de-la-ofeq\/","og_site_name":"Nexo Informativo Santiago de Quer\u00e9taro","article_publisher":"https:\/\/www.facebook.com\/people\/Nexo-Informativo\/61564066885511\/","article_published_time":"2024-12-14T14:00:05+00:00","article_modified_time":"2024-12-14T15:39:06+00:00","og_image":[{"width":800,"height":600,"url":"https:\/\/www.nexoinformativo.mx\/wp-content\/uploads\/2024\/12\/PHOTO-2024-12-14-08-15-41-e1734190703195.jpg","type":"image\/jpeg"}],"author":"Nexo Informativo","twitter_card":"summary_large_image","twitter_misc":{"Escrito por":"Nexo Informativo","Tiempo de lectura":"2 minutos"},"schema":{"@context":"https:\/\/schema.org","@graph":[{"@type":"Article","@id":"https:\/\/www.nexoinformativo.mx\/index.php\/2024\/12\/14\/la-magia-de-el-cascanueces-cierra-con-broche-de-oro-la-temporada-de-la-ofeq\/#article","isPartOf":{"@id":"https:\/\/www.nexoinformativo.mx\/index.php\/2024\/12\/14\/la-magia-de-el-cascanueces-cierra-con-broche-de-oro-la-temporada-de-la-ofeq\/"},"author":{"name":"Nexo Informativo","@id":"https:\/\/www.nexoinformativo.mx\/#\/schema\/person\/7749d380ba08c8ca00d7bc76fd907b7d"},"headline":"La magia de &#8220;El Cascanueces&#8221; cierra con broche de oro la temporada de la OFEQ","datePublished":"2024-12-14T14:00:05+00:00","dateModified":"2024-12-14T15:39:06+00:00","mainEntityOfPage":{"@id":"https:\/\/www.nexoinformativo.mx\/index.php\/2024\/12\/14\/la-magia-de-el-cascanueces-cierra-con-broche-de-oro-la-temporada-de-la-ofeq\/"},"wordCount":268,"commentCount":0,"publisher":{"@id":"https:\/\/www.nexoinformativo.mx\/#organization"},"image":{"@id":"https:\/\/www.nexoinformativo.mx\/index.php\/2024\/12\/14\/la-magia-de-el-cascanueces-cierra-con-broche-de-oro-la-temporada-de-la-ofeq\/#primaryimage"},"thumbnailUrl":"https:\/\/www.nexoinformativo.mx\/wp-content\/uploads\/2024\/12\/PHOTO-2024-12-14-08-15-41-e1734190703195.jpg","keywords":["Cultura","ElCascanueces","OFEQ","Quer\u00e9taro"],"articleSection":["Espect\u00e1culos","Estado","\u00daltima Hora"],"inLanguage":"es","potentialAction":[{"@type":"CommentAction","name":"Comment","target":["https:\/\/www.nexoinformativo.mx\/index.php\/2024\/12\/14\/la-magia-de-el-cascanueces-cierra-con-broche-de-oro-la-temporada-de-la-ofeq\/#respond"]}]},{"@type":"WebPage","@id":"https:\/\/www.nexoinformativo.mx\/index.php\/2024\/12\/14\/la-magia-de-el-cascanueces-cierra-con-broche-de-oro-la-temporada-de-la-ofeq\/","url":"https:\/\/www.nexoinformativo.mx\/index.php\/2024\/12\/14\/la-magia-de-el-cascanueces-cierra-con-broche-de-oro-la-temporada-de-la-ofeq\/","name":"La magia de \"El Cascanueces\" cierra con broche de oro la temporada de la OFEQ | Nexo Informativo Santiago de Quer\u00e9taro","isPartOf":{"@id":"https:\/\/www.nexoinformativo.mx\/#website"},"primaryImageOfPage":{"@id":"https:\/\/www.nexoinformativo.mx\/index.php\/2024\/12\/14\/la-magia-de-el-cascanueces-cierra-con-broche-de-oro-la-temporada-de-la-ofeq\/#primaryimage"},"image":{"@id":"https:\/\/www.nexoinformativo.mx\/index.php\/2024\/12\/14\/la-magia-de-el-cascanueces-cierra-con-broche-de-oro-la-temporada-de-la-ofeq\/#primaryimage"},"thumbnailUrl":"https:\/\/www.nexoinformativo.mx\/wp-content\/uploads\/2024\/12\/PHOTO-2024-12-14-08-15-41-e1734190703195.jpg","datePublished":"2024-12-14T14:00:05+00:00","dateModified":"2024-12-14T15:39:06+00:00","description":"La magia de \"El Cascanueces\" cierra con broche de oro la temporada de la OFEQ","breadcrumb":{"@id":"https:\/\/www.nexoinformativo.mx\/index.php\/2024\/12\/14\/la-magia-de-el-cascanueces-cierra-con-broche-de-oro-la-temporada-de-la-ofeq\/#breadcrumb"},"inLanguage":"es","potentialAction":[{"@type":"ReadAction","target":["https:\/\/www.nexoinformativo.mx\/index.php\/2024\/12\/14\/la-magia-de-el-cascanueces-cierra-con-broche-de-oro-la-temporada-de-la-ofeq\/"]}]},{"@type":"ImageObject","inLanguage":"es","@id":"https:\/\/www.nexoinformativo.mx\/index.php\/2024\/12\/14\/la-magia-de-el-cascanueces-cierra-con-broche-de-oro-la-temporada-de-la-ofeq\/#primaryimage","url":"https:\/\/www.nexoinformativo.mx\/wp-content\/uploads\/2024\/12\/PHOTO-2024-12-14-08-15-41-e1734190703195.jpg","contentUrl":"https:\/\/www.nexoinformativo.mx\/wp-content\/uploads\/2024\/12\/PHOTO-2024-12-14-08-15-41-e1734190703195.jpg","width":800,"height":600},{"@type":"BreadcrumbList","@id":"https:\/\/www.nexoinformativo.mx\/index.php\/2024\/12\/14\/la-magia-de-el-cascanueces-cierra-con-broche-de-oro-la-temporada-de-la-ofeq\/#breadcrumb","itemListElement":[{"@type":"ListItem","position":1,"name":"Inicio","item":"https:\/\/www.nexoinformativo.mx\/"},{"@type":"ListItem","position":2,"name":"La magia de &#8220;El Cascanueces&#8221; cierra con broche de oro la temporada de la OFEQ"}]},{"@type":"WebSite","@id":"https:\/\/www.nexoinformativo.mx\/#website","url":"https:\/\/www.nexoinformativo.mx\/","name":"Nexo Informativo Santiago de Quer\u00e9taro","description":"Explora NexoInformativo y convi\u00e9rtete en parte de una comunidad que valora el conocimiento y la verdad. Tu nexoinformativo es tu puente hacia una comprensi\u00f3n m\u00e1s profunda del mundo que te rodea.","publisher":{"@id":"https:\/\/www.nexoinformativo.mx\/#organization"},"potentialAction":[{"@type":"SearchAction","target":{"@type":"EntryPoint","urlTemplate":"https:\/\/www.nexoinformativo.mx\/?s={search_term_string}"},"query-input":{"@type":"PropertyValueSpecification","valueRequired":true,"valueName":"search_term_string"}}],"inLanguage":"es"},{"@type":"Organization","@id":"https:\/\/www.nexoinformativo.mx\/#organization","name":"Nexo Informativo Santiago de Quer\u00e9taro","url":"https:\/\/www.nexoinformativo.mx\/","logo":{"@type":"ImageObject","inLanguage":"es","@id":"https:\/\/www.nexoinformativo.mx\/#\/schema\/logo\/image\/","url":"https:\/\/www.nexoinformativo.mx\/wp-content\/uploads\/2024\/07\/nexoi-trasparente-2.png","contentUrl":"https:\/\/www.nexoinformativo.mx\/wp-content\/uploads\/2024\/07\/nexoi-trasparente-2.png","width":816,"height":339,"caption":"Nexo Informativo Santiago de Quer\u00e9taro"},"image":{"@id":"https:\/\/www.nexoinformativo.mx\/#\/schema\/logo\/image\/"},"sameAs":["https:\/\/www.facebook.com\/people\/Nexo-Informativo\/61564066885511\/"]},{"@type":"Person","@id":"https:\/\/www.nexoinformativo.mx\/#\/schema\/person\/7749d380ba08c8ca00d7bc76fd907b7d","name":"Nexo Informativo","image":{"@type":"ImageObject","inLanguage":"es","@id":"https:\/\/www.nexoinformativo.mx\/#\/schema\/person\/image\/","url":"https:\/\/secure.gravatar.com\/avatar\/dde2928154642a13d95f87ddf1ea9718fe2b46760a005c53e41ff5ad610704e6?s=96&d=mm&r=g","contentUrl":"https:\/\/secure.gravatar.com\/avatar\/dde2928154642a13d95f87ddf1ea9718fe2b46760a005c53e41ff5ad610704e6?s=96&d=mm&r=g","caption":"Nexo Informativo"},"url":"https:\/\/www.nexoinformativo.mx\/index.php\/author\/edicion\/"}]}},"_links":{"self":[{"href":"https:\/\/www.nexoinformativo.mx\/index.php\/wp-json\/wp\/v2\/posts\/8133","targetHints":{"allow":["GET"]}}],"collection":[{"href":"https:\/\/www.nexoinformativo.mx\/index.php\/wp-json\/wp\/v2\/posts"}],"about":[{"href":"https:\/\/www.nexoinformativo.mx\/index.php\/wp-json\/wp\/v2\/types\/post"}],"author":[{"embeddable":true,"href":"https:\/\/www.nexoinformativo.mx\/index.php\/wp-json\/wp\/v2\/users\/3"}],"replies":[{"embeddable":true,"href":"https:\/\/www.nexoinformativo.mx\/index.php\/wp-json\/wp\/v2\/comments?post=8133"}],"version-history":[{"count":3,"href":"https:\/\/www.nexoinformativo.mx\/index.php\/wp-json\/wp\/v2\/posts\/8133\/revisions"}],"predecessor-version":[{"id":8137,"href":"https:\/\/www.nexoinformativo.mx\/index.php\/wp-json\/wp\/v2\/posts\/8133\/revisions\/8137"}],"wp:featuredmedia":[{"embeddable":true,"href":"https:\/\/www.nexoinformativo.mx\/index.php\/wp-json\/wp\/v2\/media\/8134"}],"wp:attachment":[{"href":"https:\/\/www.nexoinformativo.mx\/index.php\/wp-json\/wp\/v2\/media?parent=8133"}],"wp:term":[{"taxonomy":"category","embeddable":true,"href":"https:\/\/www.nexoinformativo.mx\/index.php\/wp-json\/wp\/v2\/categories?post=8133"},{"taxonomy":"post_tag","embeddable":true,"href":"https:\/\/www.nexoinformativo.mx\/index.php\/wp-json\/wp\/v2\/tags?post=8133"}],"curies":[{"name":"wp","href":"https:\/\/api.w.org\/{rel}","templated":true}]}}