{"id":8153,"date":"2024-12-15T10:00:40","date_gmt":"2024-12-15T16:00:40","guid":{"rendered":"https:\/\/www.nexoinformativo.mx\/?p=8153"},"modified":"2024-12-15T16:51:33","modified_gmt":"2024-12-15T22:51:33","slug":"mexico-propone-una-alianza-del-pacifico-mas-social-e-inclusiva","status":"publish","type":"post","link":"https:\/\/www.nexoinformativo.mx\/index.php\/2024\/12\/15\/mexico-propone-una-alianza-del-pacifico-mas-social-e-inclusiva\/","title":{"rendered":"M\u00e9xico propone una Alianza del Pac\u00edfico m\u00e1s social e inclusiva"},"content":{"rendered":"<p style=\"text-align: justify;\" data-sourcepos=\"11:1-11:534\">M\u00e9xico ha propuesto fortalecer la Alianza del Pac\u00edfico con un enfoque m\u00e1s social, buscando reducir las desigualdades y promover el bienestar de sus ciudadanos.<\/p>\n<p>&nbsp;<\/p>\n<p style=\"text-align: justify;\" data-sourcepos=\"11:1-11:534\">Durante la reciente reuni\u00f3n del Consejo de Ministros de la Alianza del Pac\u00edfico, celebrada en Santiago de Chile, la delegaci\u00f3n mexicana, encabezada por la subsecretaria para Am\u00e9rica Latina y el Caribe de la Secretar\u00eda de Relaciones Exteriores, Raquel Serur, destac\u00f3 la importancia de avanzar en \u00e1reas como juventud, g\u00e9nero, transici\u00f3n energ\u00e9tica y movilidad estudiantil.<\/p>\n<p>&nbsp;<\/p>\n<p style=\"text-align: justify;\" data-sourcepos=\"13:1-13:291\"><strong>&#8220;La Alianza del Pac\u00edfico tiene el potencial de liderar iniciativas que combinen esfuerzos econ\u00f3micos, pol\u00edticos y sociales&#8221;<\/strong>, se\u00f1al\u00f3 Serur.<\/p>\n<p>&nbsp;<\/p>\n<p style=\"text-align: justify;\" data-sourcepos=\"13:1-13:291\">Esta visi\u00f3n de una integraci\u00f3n m\u00e1s profunda y equitativa busca abordar desaf\u00edos comunes como la pobreza, la desigualdad y el cambio clim\u00e1tico.<\/p>\n<p>&nbsp;<\/p>\n<p style=\"text-align: justify;\" data-sourcepos=\"15:1-15:205\">M\u00e9xico reconoci\u00f3 el liderazgo de Chile durante su presidencia pro tempore y expres\u00f3 su confianza en que Colombia, el nuevo pa\u00eds a cargo de la presidencia, continuar\u00e1 impulsando los objetivos de la Alianza.<\/p>\n<p>&nbsp;<\/p>\n<p style=\"text-align: justify;\" data-sourcepos=\"17:1-17:235\">La Alianza del Pac\u00edfico, compuesta por Chile, Colombia, M\u00e9xico y Per\u00fa, se ha consolidado como un modelo exitoso de integraci\u00f3n regional. Sin embargo, M\u00e9xico busca darle un nuevo impulso, centr\u00e1ndose en temas sociales y ambientales.<\/p>\n<p>&nbsp;<\/p>\n<p style=\"text-align: justify;\" data-sourcepos=\"19:1-19:233\">Al fortalecer la cooperaci\u00f3n en \u00e1reas como la educaci\u00f3n, la energ\u00eda y la movilidad, los pa\u00edses miembros de la Alianza del Pac\u00edfico pueden mejorar la calidad de vida de sus ciudadanos y construir un futuro m\u00e1s pr\u00f3spero para la regi\u00f3n.<\/p>\n<p>&nbsp;<\/p>\n<p style=\"text-align: center;\" data-sourcepos=\"19:1-19:233\"><em><strong>\u00a1Informaci\u00f3n que transforma!<\/strong><\/em><\/p>\n","protected":false},"excerpt":{"rendered":"<p>M\u00e9xico ha propuesto fortalecer la Alianza del Pac\u00edfico con un enfoque m\u00e1s social, buscando reducir las desigualdades y promover el bienestar de sus ciudadanos.<\/p>\n","protected":false},"author":3,"featured_media":8154,"comment_status":"open","ping_status":"open","sticky":false,"template":"","format":"standard","meta":{"footnotes":""},"categories":[88,58],"tags":[2676,1060,2677,1610],"class_list":["post-8153","post","type-post","status-publish","format-standard","has-post-thumbnail","hentry","category-nacional","category-ultima-hora","tag-alianzadelpacifico","tag-desarrollosostenible","tag-integracionregional","tag-mexico"],"yoast_head":"<!-- This site is optimized with the Yoast SEO plugin v25.0 - https:\/\/yoast.com\/wordpress\/plugins\/seo\/ -->\n<title>M\u00e9xico propone una Alianza del Pac\u00edfico m\u00e1s social e inclusiva | Nexo Informativo Santiago de Quer\u00e9taro<\/title>\n<meta name=\"description\" content=\"M\u00e9xico propone una Alianza del Pac\u00edfico m\u00e1s social e inclusiva\" \/>\n<meta name=\"robots\" content=\"index, follow, max-snippet:-1, max-image-preview:large, max-video-preview:-1\" \/>\n<link rel=\"canonical\" href=\"https:\/\/www.nexoinformativo.mx\/index.php\/2024\/12\/15\/mexico-propone-una-alianza-del-pacifico-mas-social-e-inclusiva\/\" \/>\n<meta property=\"og:locale\" content=\"es_MX\" \/>\n<meta property=\"og:type\" content=\"article\" \/>\n<meta property=\"og:title\" content=\"M\u00e9xico propone una Alianza del Pac\u00edfico m\u00e1s social e inclusiva | Nexo Informativo Santiago de Quer\u00e9taro\" \/>\n<meta property=\"og:description\" content=\"M\u00e9xico propone una Alianza del Pac\u00edfico m\u00e1s social e inclusiva\" \/>\n<meta property=\"og:url\" content=\"https:\/\/www.nexoinformativo.mx\/index.php\/2024\/12\/15\/mexico-propone-una-alianza-del-pacifico-mas-social-e-inclusiva\/\" \/>\n<meta property=\"og:site_name\" content=\"Nexo Informativo Santiago de Quer\u00e9taro\" \/>\n<meta property=\"article:publisher\" content=\"https:\/\/www.facebook.com\/people\/Nexo-Informativo\/61564066885511\/\" \/>\n<meta property=\"article:published_time\" content=\"2024-12-15T16:00:40+00:00\" \/>\n<meta property=\"article:modified_time\" content=\"2024-12-15T22:51:33+00:00\" \/>\n<meta property=\"og:image\" content=\"https:\/\/www.nexoinformativo.mx\/wp-content\/uploads\/2024\/12\/IMG_8561.png\" \/>\n\t<meta property=\"og:image:width\" content=\"650\" \/>\n\t<meta property=\"og:image:height\" content=\"380\" \/>\n\t<meta property=\"og:image:type\" content=\"image\/png\" \/>\n<meta name=\"author\" content=\"Nexo Informativo\" \/>\n<meta name=\"twitter:card\" content=\"summary_large_image\" \/>\n<meta name=\"twitter:label1\" content=\"Escrito por\" \/>\n\t<meta name=\"twitter:data1\" content=\"Nexo Informativo\" \/>\n\t<meta name=\"twitter:label2\" content=\"Tiempo de lectura\" \/>\n\t<meta name=\"twitter:data2\" content=\"2 minutos\" \/>\n<script type=\"application\/ld+json\" class=\"yoast-schema-graph\">{\"@context\":\"https:\/\/schema.org\",\"@graph\":[{\"@type\":\"Article\",\"@id\":\"https:\/\/www.nexoinformativo.mx\/index.php\/2024\/12\/15\/mexico-propone-una-alianza-del-pacifico-mas-social-e-inclusiva\/#article\",\"isPartOf\":{\"@id\":\"https:\/\/www.nexoinformativo.mx\/index.php\/2024\/12\/15\/mexico-propone-una-alianza-del-pacifico-mas-social-e-inclusiva\/\"},\"author\":{\"name\":\"Nexo Informativo\",\"@id\":\"https:\/\/www.nexoinformativo.mx\/#\/schema\/person\/7749d380ba08c8ca00d7bc76fd907b7d\"},\"headline\":\"M\u00e9xico propone una Alianza del Pac\u00edfico m\u00e1s social e inclusiva\",\"datePublished\":\"2024-12-15T16:00:40+00:00\",\"dateModified\":\"2024-12-15T22:51:33+00:00\",\"mainEntityOfPage\":{\"@id\":\"https:\/\/www.nexoinformativo.mx\/index.php\/2024\/12\/15\/mexico-propone-una-alianza-del-pacifico-mas-social-e-inclusiva\/\"},\"wordCount\":286,\"commentCount\":0,\"publisher\":{\"@id\":\"https:\/\/www.nexoinformativo.mx\/#organization\"},\"image\":{\"@id\":\"https:\/\/www.nexoinformativo.mx\/index.php\/2024\/12\/15\/mexico-propone-una-alianza-del-pacifico-mas-social-e-inclusiva\/#primaryimage\"},\"thumbnailUrl\":\"https:\/\/www.nexoinformativo.mx\/wp-content\/uploads\/2024\/12\/IMG_8561.png\",\"keywords\":[\"AlianzaDelPac\u00edfico\",\"DesarrolloSostenible\",\"Integraci\u00f3nRegional\",\"M\u00e9xico\"],\"articleSection\":[\"Nacional\",\"\u00daltima Hora\"],\"inLanguage\":\"es\",\"potentialAction\":[{\"@type\":\"CommentAction\",\"name\":\"Comment\",\"target\":[\"https:\/\/www.nexoinformativo.mx\/index.php\/2024\/12\/15\/mexico-propone-una-alianza-del-pacifico-mas-social-e-inclusiva\/#respond\"]}]},{\"@type\":\"WebPage\",\"@id\":\"https:\/\/www.nexoinformativo.mx\/index.php\/2024\/12\/15\/mexico-propone-una-alianza-del-pacifico-mas-social-e-inclusiva\/\",\"url\":\"https:\/\/www.nexoinformativo.mx\/index.php\/2024\/12\/15\/mexico-propone-una-alianza-del-pacifico-mas-social-e-inclusiva\/\",\"name\":\"M\u00e9xico propone una Alianza del Pac\u00edfico m\u00e1s social e inclusiva | Nexo Informativo Santiago de Quer\u00e9taro\",\"isPartOf\":{\"@id\":\"https:\/\/www.nexoinformativo.mx\/#website\"},\"primaryImageOfPage\":{\"@id\":\"https:\/\/www.nexoinformativo.mx\/index.php\/2024\/12\/15\/mexico-propone-una-alianza-del-pacifico-mas-social-e-inclusiva\/#primaryimage\"},\"image\":{\"@id\":\"https:\/\/www.nexoinformativo.mx\/index.php\/2024\/12\/15\/mexico-propone-una-alianza-del-pacifico-mas-social-e-inclusiva\/#primaryimage\"},\"thumbnailUrl\":\"https:\/\/www.nexoinformativo.mx\/wp-content\/uploads\/2024\/12\/IMG_8561.png\",\"datePublished\":\"2024-12-15T16:00:40+00:00\",\"dateModified\":\"2024-12-15T22:51:33+00:00\",\"description\":\"M\u00e9xico propone una Alianza del Pac\u00edfico m\u00e1s social e inclusiva\",\"breadcrumb\":{\"@id\":\"https:\/\/www.nexoinformativo.mx\/index.php\/2024\/12\/15\/mexico-propone-una-alianza-del-pacifico-mas-social-e-inclusiva\/#breadcrumb\"},\"inLanguage\":\"es\",\"potentialAction\":[{\"@type\":\"ReadAction\",\"target\":[\"https:\/\/www.nexoinformativo.mx\/index.php\/2024\/12\/15\/mexico-propone-una-alianza-del-pacifico-mas-social-e-inclusiva\/\"]}]},{\"@type\":\"ImageObject\",\"inLanguage\":\"es\",\"@id\":\"https:\/\/www.nexoinformativo.mx\/index.php\/2024\/12\/15\/mexico-propone-una-alianza-del-pacifico-mas-social-e-inclusiva\/#primaryimage\",\"url\":\"https:\/\/www.nexoinformativo.mx\/wp-content\/uploads\/2024\/12\/IMG_8561.png\",\"contentUrl\":\"https:\/\/www.nexoinformativo.mx\/wp-content\/uploads\/2024\/12\/IMG_8561.png\",\"width\":650,\"height\":380},{\"@type\":\"BreadcrumbList\",\"@id\":\"https:\/\/www.nexoinformativo.mx\/index.php\/2024\/12\/15\/mexico-propone-una-alianza-del-pacifico-mas-social-e-inclusiva\/#breadcrumb\",\"itemListElement\":[{\"@type\":\"ListItem\",\"position\":1,\"name\":\"Inicio\",\"item\":\"https:\/\/www.nexoinformativo.mx\/\"},{\"@type\":\"ListItem\",\"position\":2,\"name\":\"M\u00e9xico propone una Alianza del Pac\u00edfico m\u00e1s social e inclusiva\"}]},{\"@type\":\"WebSite\",\"@id\":\"https:\/\/www.nexoinformativo.mx\/#website\",\"url\":\"https:\/\/www.nexoinformativo.mx\/\",\"name\":\"Nexo Informativo Santiago de Quer\u00e9taro\",\"description\":\"Explora NexoInformativo y convi\u00e9rtete en parte de una comunidad que valora el conocimiento y la verdad. Tu nexoinformativo es tu puente hacia una comprensi\u00f3n m\u00e1s profunda del mundo que te rodea.\",\"publisher\":{\"@id\":\"https:\/\/www.nexoinformativo.mx\/#organization\"},\"potentialAction\":[{\"@type\":\"SearchAction\",\"target\":{\"@type\":\"EntryPoint\",\"urlTemplate\":\"https:\/\/www.nexoinformativo.mx\/?s={search_term_string}\"},\"query-input\":{\"@type\":\"PropertyValueSpecification\",\"valueRequired\":true,\"valueName\":\"search_term_string\"}}],\"inLanguage\":\"es\"},{\"@type\":\"Organization\",\"@id\":\"https:\/\/www.nexoinformativo.mx\/#organization\",\"name\":\"Nexo Informativo Santiago de Quer\u00e9taro\",\"url\":\"https:\/\/www.nexoinformativo.mx\/\",\"logo\":{\"@type\":\"ImageObject\",\"inLanguage\":\"es\",\"@id\":\"https:\/\/www.nexoinformativo.mx\/#\/schema\/logo\/image\/\",\"url\":\"https:\/\/www.nexoinformativo.mx\/wp-content\/uploads\/2024\/07\/nexoi-trasparente-2.png\",\"contentUrl\":\"https:\/\/www.nexoinformativo.mx\/wp-content\/uploads\/2024\/07\/nexoi-trasparente-2.png\",\"width\":816,\"height\":339,\"caption\":\"Nexo Informativo Santiago de Quer\u00e9taro\"},\"image\":{\"@id\":\"https:\/\/www.nexoinformativo.mx\/#\/schema\/logo\/image\/\"},\"sameAs\":[\"https:\/\/www.facebook.com\/people\/Nexo-Informativo\/61564066885511\/\"]},{\"@type\":\"Person\",\"@id\":\"https:\/\/www.nexoinformativo.mx\/#\/schema\/person\/7749d380ba08c8ca00d7bc76fd907b7d\",\"name\":\"Nexo Informativo\",\"image\":{\"@type\":\"ImageObject\",\"inLanguage\":\"es\",\"@id\":\"https:\/\/www.nexoinformativo.mx\/#\/schema\/person\/image\/\",\"url\":\"https:\/\/secure.gravatar.com\/avatar\/dde2928154642a13d95f87ddf1ea9718fe2b46760a005c53e41ff5ad610704e6?s=96&d=mm&r=g\",\"contentUrl\":\"https:\/\/secure.gravatar.com\/avatar\/dde2928154642a13d95f87ddf1ea9718fe2b46760a005c53e41ff5ad610704e6?s=96&d=mm&r=g\",\"caption\":\"Nexo Informativo\"},\"url\":\"https:\/\/www.nexoinformativo.mx\/index.php\/author\/edicion\/\"}]}<\/script>\n<!-- \/ Yoast SEO plugin. -->","yoast_head_json":{"title":"M\u00e9xico propone una Alianza del Pac\u00edfico m\u00e1s social e inclusiva | Nexo Informativo Santiago de Quer\u00e9taro","description":"M\u00e9xico propone una Alianza del Pac\u00edfico m\u00e1s social e inclusiva","robots":{"index":"index","follow":"follow","max-snippet":"max-snippet:-1","max-image-preview":"max-image-preview:large","max-video-preview":"max-video-preview:-1"},"canonical":"https:\/\/www.nexoinformativo.mx\/index.php\/2024\/12\/15\/mexico-propone-una-alianza-del-pacifico-mas-social-e-inclusiva\/","og_locale":"es_MX","og_type":"article","og_title":"M\u00e9xico propone una Alianza del Pac\u00edfico m\u00e1s social e inclusiva | Nexo Informativo Santiago de Quer\u00e9taro","og_description":"M\u00e9xico propone una Alianza del Pac\u00edfico m\u00e1s social e inclusiva","og_url":"https:\/\/www.nexoinformativo.mx\/index.php\/2024\/12\/15\/mexico-propone-una-alianza-del-pacifico-mas-social-e-inclusiva\/","og_site_name":"Nexo Informativo Santiago de Quer\u00e9taro","article_publisher":"https:\/\/www.facebook.com\/people\/Nexo-Informativo\/61564066885511\/","article_published_time":"2024-12-15T16:00:40+00:00","article_modified_time":"2024-12-15T22:51:33+00:00","og_image":[{"width":650,"height":380,"url":"https:\/\/www.nexoinformativo.mx\/wp-content\/uploads\/2024\/12\/IMG_8561.png","type":"image\/png"}],"author":"Nexo Informativo","twitter_card":"summary_large_image","twitter_misc":{"Escrito por":"Nexo Informativo","Tiempo de lectura":"2 minutos"},"schema":{"@context":"https:\/\/schema.org","@graph":[{"@type":"Article","@id":"https:\/\/www.nexoinformativo.mx\/index.php\/2024\/12\/15\/mexico-propone-una-alianza-del-pacifico-mas-social-e-inclusiva\/#article","isPartOf":{"@id":"https:\/\/www.nexoinformativo.mx\/index.php\/2024\/12\/15\/mexico-propone-una-alianza-del-pacifico-mas-social-e-inclusiva\/"},"author":{"name":"Nexo Informativo","@id":"https:\/\/www.nexoinformativo.mx\/#\/schema\/person\/7749d380ba08c8ca00d7bc76fd907b7d"},"headline":"M\u00e9xico propone una Alianza del Pac\u00edfico m\u00e1s social e inclusiva","datePublished":"2024-12-15T16:00:40+00:00","dateModified":"2024-12-15T22:51:33+00:00","mainEntityOfPage":{"@id":"https:\/\/www.nexoinformativo.mx\/index.php\/2024\/12\/15\/mexico-propone-una-alianza-del-pacifico-mas-social-e-inclusiva\/"},"wordCount":286,"commentCount":0,"publisher":{"@id":"https:\/\/www.nexoinformativo.mx\/#organization"},"image":{"@id":"https:\/\/www.nexoinformativo.mx\/index.php\/2024\/12\/15\/mexico-propone-una-alianza-del-pacifico-mas-social-e-inclusiva\/#primaryimage"},"thumbnailUrl":"https:\/\/www.nexoinformativo.mx\/wp-content\/uploads\/2024\/12\/IMG_8561.png","keywords":["AlianzaDelPac\u00edfico","DesarrolloSostenible","Integraci\u00f3nRegional","M\u00e9xico"],"articleSection":["Nacional","\u00daltima Hora"],"inLanguage":"es","potentialAction":[{"@type":"CommentAction","name":"Comment","target":["https:\/\/www.nexoinformativo.mx\/index.php\/2024\/12\/15\/mexico-propone-una-alianza-del-pacifico-mas-social-e-inclusiva\/#respond"]}]},{"@type":"WebPage","@id":"https:\/\/www.nexoinformativo.mx\/index.php\/2024\/12\/15\/mexico-propone-una-alianza-del-pacifico-mas-social-e-inclusiva\/","url":"https:\/\/www.nexoinformativo.mx\/index.php\/2024\/12\/15\/mexico-propone-una-alianza-del-pacifico-mas-social-e-inclusiva\/","name":"M\u00e9xico propone una Alianza del Pac\u00edfico m\u00e1s social e inclusiva | Nexo Informativo Santiago de Quer\u00e9taro","isPartOf":{"@id":"https:\/\/www.nexoinformativo.mx\/#website"},"primaryImageOfPage":{"@id":"https:\/\/www.nexoinformativo.mx\/index.php\/2024\/12\/15\/mexico-propone-una-alianza-del-pacifico-mas-social-e-inclusiva\/#primaryimage"},"image":{"@id":"https:\/\/www.nexoinformativo.mx\/index.php\/2024\/12\/15\/mexico-propone-una-alianza-del-pacifico-mas-social-e-inclusiva\/#primaryimage"},"thumbnailUrl":"https:\/\/www.nexoinformativo.mx\/wp-content\/uploads\/2024\/12\/IMG_8561.png","datePublished":"2024-12-15T16:00:40+00:00","dateModified":"2024-12-15T22:51:33+00:00","description":"M\u00e9xico propone una Alianza del Pac\u00edfico m\u00e1s social e inclusiva","breadcrumb":{"@id":"https:\/\/www.nexoinformativo.mx\/index.php\/2024\/12\/15\/mexico-propone-una-alianza-del-pacifico-mas-social-e-inclusiva\/#breadcrumb"},"inLanguage":"es","potentialAction":[{"@type":"ReadAction","target":["https:\/\/www.nexoinformativo.mx\/index.php\/2024\/12\/15\/mexico-propone-una-alianza-del-pacifico-mas-social-e-inclusiva\/"]}]},{"@type":"ImageObject","inLanguage":"es","@id":"https:\/\/www.nexoinformativo.mx\/index.php\/2024\/12\/15\/mexico-propone-una-alianza-del-pacifico-mas-social-e-inclusiva\/#primaryimage","url":"https:\/\/www.nexoinformativo.mx\/wp-content\/uploads\/2024\/12\/IMG_8561.png","contentUrl":"https:\/\/www.nexoinformativo.mx\/wp-content\/uploads\/2024\/12\/IMG_8561.png","width":650,"height":380},{"@type":"BreadcrumbList","@id":"https:\/\/www.nexoinformativo.mx\/index.php\/2024\/12\/15\/mexico-propone-una-alianza-del-pacifico-mas-social-e-inclusiva\/#breadcrumb","itemListElement":[{"@type":"ListItem","position":1,"name":"Inicio","item":"https:\/\/www.nexoinformativo.mx\/"},{"@type":"ListItem","position":2,"name":"M\u00e9xico propone una Alianza del Pac\u00edfico m\u00e1s social e inclusiva"}]},{"@type":"WebSite","@id":"https:\/\/www.nexoinformativo.mx\/#website","url":"https:\/\/www.nexoinformativo.mx\/","name":"Nexo Informativo Santiago de Quer\u00e9taro","description":"Explora NexoInformativo y convi\u00e9rtete en parte de una comunidad que valora el conocimiento y la verdad. Tu nexoinformativo es tu puente hacia una comprensi\u00f3n m\u00e1s profunda del mundo que te rodea.","publisher":{"@id":"https:\/\/www.nexoinformativo.mx\/#organization"},"potentialAction":[{"@type":"SearchAction","target":{"@type":"EntryPoint","urlTemplate":"https:\/\/www.nexoinformativo.mx\/?s={search_term_string}"},"query-input":{"@type":"PropertyValueSpecification","valueRequired":true,"valueName":"search_term_string"}}],"inLanguage":"es"},{"@type":"Organization","@id":"https:\/\/www.nexoinformativo.mx\/#organization","name":"Nexo Informativo Santiago de Quer\u00e9taro","url":"https:\/\/www.nexoinformativo.mx\/","logo":{"@type":"ImageObject","inLanguage":"es","@id":"https:\/\/www.nexoinformativo.mx\/#\/schema\/logo\/image\/","url":"https:\/\/www.nexoinformativo.mx\/wp-content\/uploads\/2024\/07\/nexoi-trasparente-2.png","contentUrl":"https:\/\/www.nexoinformativo.mx\/wp-content\/uploads\/2024\/07\/nexoi-trasparente-2.png","width":816,"height":339,"caption":"Nexo Informativo Santiago de Quer\u00e9taro"},"image":{"@id":"https:\/\/www.nexoinformativo.mx\/#\/schema\/logo\/image\/"},"sameAs":["https:\/\/www.facebook.com\/people\/Nexo-Informativo\/61564066885511\/"]},{"@type":"Person","@id":"https:\/\/www.nexoinformativo.mx\/#\/schema\/person\/7749d380ba08c8ca00d7bc76fd907b7d","name":"Nexo Informativo","image":{"@type":"ImageObject","inLanguage":"es","@id":"https:\/\/www.nexoinformativo.mx\/#\/schema\/person\/image\/","url":"https:\/\/secure.gravatar.com\/avatar\/dde2928154642a13d95f87ddf1ea9718fe2b46760a005c53e41ff5ad610704e6?s=96&d=mm&r=g","contentUrl":"https:\/\/secure.gravatar.com\/avatar\/dde2928154642a13d95f87ddf1ea9718fe2b46760a005c53e41ff5ad610704e6?s=96&d=mm&r=g","caption":"Nexo Informativo"},"url":"https:\/\/www.nexoinformativo.mx\/index.php\/author\/edicion\/"}]}},"_links":{"self":[{"href":"https:\/\/www.nexoinformativo.mx\/index.php\/wp-json\/wp\/v2\/posts\/8153","targetHints":{"allow":["GET"]}}],"collection":[{"href":"https:\/\/www.nexoinformativo.mx\/index.php\/wp-json\/wp\/v2\/posts"}],"about":[{"href":"https:\/\/www.nexoinformativo.mx\/index.php\/wp-json\/wp\/v2\/types\/post"}],"author":[{"embeddable":true,"href":"https:\/\/www.nexoinformativo.mx\/index.php\/wp-json\/wp\/v2\/users\/3"}],"replies":[{"embeddable":true,"href":"https:\/\/www.nexoinformativo.mx\/index.php\/wp-json\/wp\/v2\/comments?post=8153"}],"version-history":[{"count":3,"href":"https:\/\/www.nexoinformativo.mx\/index.php\/wp-json\/wp\/v2\/posts\/8153\/revisions"}],"predecessor-version":[{"id":8157,"href":"https:\/\/www.nexoinformativo.mx\/index.php\/wp-json\/wp\/v2\/posts\/8153\/revisions\/8157"}],"wp:featuredmedia":[{"embeddable":true,"href":"https:\/\/www.nexoinformativo.mx\/index.php\/wp-json\/wp\/v2\/media\/8154"}],"wp:attachment":[{"href":"https:\/\/www.nexoinformativo.mx\/index.php\/wp-json\/wp\/v2\/media?parent=8153"}],"wp:term":[{"taxonomy":"category","embeddable":true,"href":"https:\/\/www.nexoinformativo.mx\/index.php\/wp-json\/wp\/v2\/categories?post=8153"},{"taxonomy":"post_tag","embeddable":true,"href":"https:\/\/www.nexoinformativo.mx\/index.php\/wp-json\/wp\/v2\/tags?post=8153"}],"curies":[{"name":"wp","href":"https:\/\/api.w.org\/{rel}","templated":true}]}}