{"id":8158,"date":"2024-12-15T11:00:25","date_gmt":"2024-12-15T17:00:25","guid":{"rendered":"https:\/\/www.nexoinformativo.mx\/?p=8158"},"modified":"2024-12-15T17:31:55","modified_gmt":"2024-12-15T23:31:55","slug":"coordinacion-interinstitucional-sera-clave-para-enfrentar-incendios-forestales-en-2025","status":"publish","type":"post","link":"https:\/\/www.nexoinformativo.mx\/index.php\/2024\/12\/15\/coordinacion-interinstitucional-sera-clave-para-enfrentar-incendios-forestales-en-2025\/","title":{"rendered":"Coordinaci\u00f3n Interinstitucional ser\u00e1 clave para enfrentar incendios forestales en 2025"},"content":{"rendered":"<p style=\"text-align: justify;\">Durante la Reuni\u00f3n de Coordinaci\u00f3n Interinstitucional para la Temporada de Incendios Forestales 2025 se acord\u00f3 fortalecer las acciones de inteligencia, coordinaci\u00f3n y atenci\u00f3n a las causas para combatir la inseguridad y los incendios forestales.<\/p>\n<p>&nbsp;<\/p>\n<p style=\"text-align: justify;\">La titular de Semarnat, Alicia B\u00e1rcena Ibarra, destac\u00f3 la importancia de la colaboraci\u00f3n interinstitucional para enfrentar estos desaf\u00edos, especialmente despu\u00e9s de un prolongado per\u00edodo de sequ\u00eda y variaciones clim\u00e1ticas que han favorecido temperaturas m\u00e1s altas.<\/p>\n<p>&nbsp;<\/p>\n<p style=\"text-align: justify;\">B\u00e1rcena advirti\u00f3 que el manejo del fuego deber\u00e1 hacerse con mayor cautela, dado que las afectaciones por incendios durante 2024 alcanzaron 1.6 millones de hect\u00e1reas.<\/p>\n<p>&nbsp;<\/p>\n<p style=\"text-align: justify;\">La participaci\u00f3n de organismos como el Servicio Meteorol\u00f3gico Nacional ser\u00e1 clave para anticiparse a los escenarios del pr\u00f3ximo a\u00f1o. En 2025 se espera que el fen\u00f3meno meteorol\u00f3gico conocido como \u201cLa Ni\u00f1a\u201d favorezca condiciones para un mayor n\u00famero de incendios forestales.<\/p>\n<p>&nbsp;<\/p>\n<p style=\"text-align: justify;\">aura Vel\u00e1zquez Alz\u00faa, titular de la CNPC, destac\u00f3 la importancia de las acciones preventivas y la disponibilidad de recursos terrestres y a\u00e9reos para fortalecer el combate al fuego.<\/p>\n<p>&nbsp;<\/p>\n<p style=\"text-align: justify;\">Se mencion\u00f3 el Protocolo de Gesti\u00f3n de Equipo del Gobierno Federal para Incendios Forestales, asegurando el uso eficiente de helic\u00f3pteros equipados para responder r\u00e1pidamente a emergencias.<\/p>\n<p>&nbsp;<\/p>\n<p style=\"text-align: justify;\">Sergio Graf Montero, director general de Conafor, agradeci\u00f3 la organizaci\u00f3n y coordinaci\u00f3n de todas las instancias federales, as\u00ed como de las fuerzas armadas y de la Marina en el combate de incendios forestales.<\/p>\n<p>&nbsp;<\/p>\n<p style=\"text-align: justify;\">C\u00e9sar Robles Guti\u00e9rrez, gerente de manejo del fuego, inform\u00f3 que M\u00e9xico cuenta con 9 mil 500 combatientes, 196 campamentos, 135 torres de observaci\u00f3n y mil 687 veh\u00edculos para dar atenci\u00f3n temprana.<\/p>\n<p>&nbsp;<\/p>\n<p style=\"text-align: justify;\">Ante emergencias de gran magnitud, se sumar\u00e1 el apoyo de las fuerzas armadas. Los estados con mayor atenci\u00f3n ser\u00e1n Guerrero, Jalisco, Chihuahua, Chiapas y Oaxaca, debido a su alto \u00edndice de incidencia en 2023-2024.<\/p>\n<p>&nbsp;<\/p>\n<p style=\"text-align: center;\"><em><strong>\u00a1Informaci\u00f3n que transforma!<\/strong><\/em><\/p>\n<p>&nbsp;<\/p>\n","protected":false},"excerpt":{"rendered":"<p>Durante la Reuni\u00f3n de Coordinaci\u00f3n Interinstitucional para la Temporada de Incendios Forestales 2025 se acord\u00f3 fortalecer las acciones de inteligencia, coordinaci\u00f3n y atenci\u00f3n a las causas para combatir la inseguridad y los incendios forestales. &nbsp; La titular de Semarnat, Alicia B\u00e1rcena Ibarra, destac\u00f3 la importancia de la colaboraci\u00f3n interinstitucional para enfrentar estos desaf\u00edos, especialmente despu\u00e9s [&hellip;]<\/p>\n","protected":false},"author":3,"featured_media":8159,"comment_status":"open","ping_status":"open","sticky":false,"template":"","format":"standard","meta":{"footnotes":""},"categories":[88,58],"tags":[1173,1938,656,806],"class_list":["post-8158","post","type-post","status-publish","format-standard","has-post-thumbnail","hentry","category-nacional","category-ultima-hora","tag-coordinacion","tag-incendiosforestales","tag-medioambiente","tag-prevencion"],"yoast_head":"<!-- This site is optimized with the Yoast SEO plugin v25.0 - https:\/\/yoast.com\/wordpress\/plugins\/seo\/ -->\n<title>Coordinaci\u00f3n Interinstitucional ser\u00e1 clave para enfrentar incendios forestales en 2025 | Nexo Informativo Santiago de Quer\u00e9taro<\/title>\n<meta name=\"description\" content=\"Coordinaci\u00f3n Interinstitucional Ser\u00e1 Clave para Enfrentar Incendios Forestales en 2025\" \/>\n<meta name=\"robots\" content=\"index, follow, max-snippet:-1, max-image-preview:large, max-video-preview:-1\" \/>\n<link rel=\"canonical\" href=\"https:\/\/www.nexoinformativo.mx\/index.php\/2024\/12\/15\/coordinacion-interinstitucional-sera-clave-para-enfrentar-incendios-forestales-en-2025\/\" \/>\n<meta property=\"og:locale\" content=\"es_MX\" \/>\n<meta property=\"og:type\" content=\"article\" \/>\n<meta property=\"og:title\" content=\"Coordinaci\u00f3n Interinstitucional ser\u00e1 clave para enfrentar incendios forestales en 2025 | Nexo Informativo Santiago de Quer\u00e9taro\" \/>\n<meta property=\"og:description\" content=\"Coordinaci\u00f3n Interinstitucional Ser\u00e1 Clave para Enfrentar Incendios Forestales en 2025\" \/>\n<meta property=\"og:url\" content=\"https:\/\/www.nexoinformativo.mx\/index.php\/2024\/12\/15\/coordinacion-interinstitucional-sera-clave-para-enfrentar-incendios-forestales-en-2025\/\" \/>\n<meta property=\"og:site_name\" content=\"Nexo Informativo Santiago de Quer\u00e9taro\" \/>\n<meta property=\"article:publisher\" content=\"https:\/\/www.facebook.com\/people\/Nexo-Informativo\/61564066885511\/\" \/>\n<meta property=\"article:published_time\" content=\"2024-12-15T17:00:25+00:00\" \/>\n<meta property=\"article:modified_time\" content=\"2024-12-15T23:31:55+00:00\" \/>\n<meta property=\"og:image\" content=\"https:\/\/www.nexoinformativo.mx\/wp-content\/uploads\/2024\/12\/IMG_8562.jpg\" \/>\n\t<meta property=\"og:image:width\" content=\"650\" \/>\n\t<meta property=\"og:image:height\" content=\"380\" \/>\n\t<meta property=\"og:image:type\" content=\"image\/jpeg\" \/>\n<meta name=\"author\" content=\"Nexo Informativo\" \/>\n<meta name=\"twitter:card\" content=\"summary_large_image\" \/>\n<meta name=\"twitter:label1\" content=\"Escrito por\" \/>\n\t<meta name=\"twitter:data1\" content=\"Nexo Informativo\" \/>\n\t<meta name=\"twitter:label2\" content=\"Tiempo de lectura\" \/>\n\t<meta name=\"twitter:data2\" content=\"2 minutos\" \/>\n<script type=\"application\/ld+json\" class=\"yoast-schema-graph\">{\"@context\":\"https:\/\/schema.org\",\"@graph\":[{\"@type\":\"Article\",\"@id\":\"https:\/\/www.nexoinformativo.mx\/index.php\/2024\/12\/15\/coordinacion-interinstitucional-sera-clave-para-enfrentar-incendios-forestales-en-2025\/#article\",\"isPartOf\":{\"@id\":\"https:\/\/www.nexoinformativo.mx\/index.php\/2024\/12\/15\/coordinacion-interinstitucional-sera-clave-para-enfrentar-incendios-forestales-en-2025\/\"},\"author\":{\"name\":\"Nexo Informativo\",\"@id\":\"https:\/\/www.nexoinformativo.mx\/#\/schema\/person\/7749d380ba08c8ca00d7bc76fd907b7d\"},\"headline\":\"Coordinaci\u00f3n Interinstitucional ser\u00e1 clave para enfrentar incendios forestales en 2025\",\"datePublished\":\"2024-12-15T17:00:25+00:00\",\"dateModified\":\"2024-12-15T23:31:55+00:00\",\"mainEntityOfPage\":{\"@id\":\"https:\/\/www.nexoinformativo.mx\/index.php\/2024\/12\/15\/coordinacion-interinstitucional-sera-clave-para-enfrentar-incendios-forestales-en-2025\/\"},\"wordCount\":339,\"commentCount\":0,\"publisher\":{\"@id\":\"https:\/\/www.nexoinformativo.mx\/#organization\"},\"image\":{\"@id\":\"https:\/\/www.nexoinformativo.mx\/index.php\/2024\/12\/15\/coordinacion-interinstitucional-sera-clave-para-enfrentar-incendios-forestales-en-2025\/#primaryimage\"},\"thumbnailUrl\":\"https:\/\/www.nexoinformativo.mx\/wp-content\/uploads\/2024\/12\/IMG_8562.jpg\",\"keywords\":[\"Coordinaci\u00f3n\",\"IncendiosForestales\",\"MedioAmbiente\",\"Prevenci\u00f3n\"],\"articleSection\":[\"Nacional\",\"\u00daltima Hora\"],\"inLanguage\":\"es\",\"potentialAction\":[{\"@type\":\"CommentAction\",\"name\":\"Comment\",\"target\":[\"https:\/\/www.nexoinformativo.mx\/index.php\/2024\/12\/15\/coordinacion-interinstitucional-sera-clave-para-enfrentar-incendios-forestales-en-2025\/#respond\"]}]},{\"@type\":\"WebPage\",\"@id\":\"https:\/\/www.nexoinformativo.mx\/index.php\/2024\/12\/15\/coordinacion-interinstitucional-sera-clave-para-enfrentar-incendios-forestales-en-2025\/\",\"url\":\"https:\/\/www.nexoinformativo.mx\/index.php\/2024\/12\/15\/coordinacion-interinstitucional-sera-clave-para-enfrentar-incendios-forestales-en-2025\/\",\"name\":\"Coordinaci\u00f3n Interinstitucional ser\u00e1 clave para enfrentar incendios forestales en 2025 | Nexo Informativo Santiago de Quer\u00e9taro\",\"isPartOf\":{\"@id\":\"https:\/\/www.nexoinformativo.mx\/#website\"},\"primaryImageOfPage\":{\"@id\":\"https:\/\/www.nexoinformativo.mx\/index.php\/2024\/12\/15\/coordinacion-interinstitucional-sera-clave-para-enfrentar-incendios-forestales-en-2025\/#primaryimage\"},\"image\":{\"@id\":\"https:\/\/www.nexoinformativo.mx\/index.php\/2024\/12\/15\/coordinacion-interinstitucional-sera-clave-para-enfrentar-incendios-forestales-en-2025\/#primaryimage\"},\"thumbnailUrl\":\"https:\/\/www.nexoinformativo.mx\/wp-content\/uploads\/2024\/12\/IMG_8562.jpg\",\"datePublished\":\"2024-12-15T17:00:25+00:00\",\"dateModified\":\"2024-12-15T23:31:55+00:00\",\"description\":\"Coordinaci\u00f3n Interinstitucional Ser\u00e1 Clave para Enfrentar Incendios Forestales en 2025\",\"breadcrumb\":{\"@id\":\"https:\/\/www.nexoinformativo.mx\/index.php\/2024\/12\/15\/coordinacion-interinstitucional-sera-clave-para-enfrentar-incendios-forestales-en-2025\/#breadcrumb\"},\"inLanguage\":\"es\",\"potentialAction\":[{\"@type\":\"ReadAction\",\"target\":[\"https:\/\/www.nexoinformativo.mx\/index.php\/2024\/12\/15\/coordinacion-interinstitucional-sera-clave-para-enfrentar-incendios-forestales-en-2025\/\"]}]},{\"@type\":\"ImageObject\",\"inLanguage\":\"es\",\"@id\":\"https:\/\/www.nexoinformativo.mx\/index.php\/2024\/12\/15\/coordinacion-interinstitucional-sera-clave-para-enfrentar-incendios-forestales-en-2025\/#primaryimage\",\"url\":\"https:\/\/www.nexoinformativo.mx\/wp-content\/uploads\/2024\/12\/IMG_8562.jpg\",\"contentUrl\":\"https:\/\/www.nexoinformativo.mx\/wp-content\/uploads\/2024\/12\/IMG_8562.jpg\",\"width\":650,\"height\":380},{\"@type\":\"BreadcrumbList\",\"@id\":\"https:\/\/www.nexoinformativo.mx\/index.php\/2024\/12\/15\/coordinacion-interinstitucional-sera-clave-para-enfrentar-incendios-forestales-en-2025\/#breadcrumb\",\"itemListElement\":[{\"@type\":\"ListItem\",\"position\":1,\"name\":\"Inicio\",\"item\":\"https:\/\/www.nexoinformativo.mx\/\"},{\"@type\":\"ListItem\",\"position\":2,\"name\":\"Coordinaci\u00f3n Interinstitucional ser\u00e1 clave para enfrentar incendios forestales en 2025\"}]},{\"@type\":\"WebSite\",\"@id\":\"https:\/\/www.nexoinformativo.mx\/#website\",\"url\":\"https:\/\/www.nexoinformativo.mx\/\",\"name\":\"Nexo Informativo Santiago de Quer\u00e9taro\",\"description\":\"Explora NexoInformativo y convi\u00e9rtete en parte de una comunidad que valora el conocimiento y la verdad. Tu nexoinformativo es tu puente hacia una comprensi\u00f3n m\u00e1s profunda del mundo que te rodea.\",\"publisher\":{\"@id\":\"https:\/\/www.nexoinformativo.mx\/#organization\"},\"potentialAction\":[{\"@type\":\"SearchAction\",\"target\":{\"@type\":\"EntryPoint\",\"urlTemplate\":\"https:\/\/www.nexoinformativo.mx\/?s={search_term_string}\"},\"query-input\":{\"@type\":\"PropertyValueSpecification\",\"valueRequired\":true,\"valueName\":\"search_term_string\"}}],\"inLanguage\":\"es\"},{\"@type\":\"Organization\",\"@id\":\"https:\/\/www.nexoinformativo.mx\/#organization\",\"name\":\"Nexo Informativo Santiago de Quer\u00e9taro\",\"url\":\"https:\/\/www.nexoinformativo.mx\/\",\"logo\":{\"@type\":\"ImageObject\",\"inLanguage\":\"es\",\"@id\":\"https:\/\/www.nexoinformativo.mx\/#\/schema\/logo\/image\/\",\"url\":\"https:\/\/www.nexoinformativo.mx\/wp-content\/uploads\/2024\/07\/nexoi-trasparente-2.png\",\"contentUrl\":\"https:\/\/www.nexoinformativo.mx\/wp-content\/uploads\/2024\/07\/nexoi-trasparente-2.png\",\"width\":816,\"height\":339,\"caption\":\"Nexo Informativo Santiago de Quer\u00e9taro\"},\"image\":{\"@id\":\"https:\/\/www.nexoinformativo.mx\/#\/schema\/logo\/image\/\"},\"sameAs\":[\"https:\/\/www.facebook.com\/people\/Nexo-Informativo\/61564066885511\/\"]},{\"@type\":\"Person\",\"@id\":\"https:\/\/www.nexoinformativo.mx\/#\/schema\/person\/7749d380ba08c8ca00d7bc76fd907b7d\",\"name\":\"Nexo Informativo\",\"image\":{\"@type\":\"ImageObject\",\"inLanguage\":\"es\",\"@id\":\"https:\/\/www.nexoinformativo.mx\/#\/schema\/person\/image\/\",\"url\":\"https:\/\/secure.gravatar.com\/avatar\/dde2928154642a13d95f87ddf1ea9718fe2b46760a005c53e41ff5ad610704e6?s=96&d=mm&r=g\",\"contentUrl\":\"https:\/\/secure.gravatar.com\/avatar\/dde2928154642a13d95f87ddf1ea9718fe2b46760a005c53e41ff5ad610704e6?s=96&d=mm&r=g\",\"caption\":\"Nexo Informativo\"},\"url\":\"https:\/\/www.nexoinformativo.mx\/index.php\/author\/edicion\/\"}]}<\/script>\n<!-- \/ Yoast SEO plugin. -->","yoast_head_json":{"title":"Coordinaci\u00f3n Interinstitucional ser\u00e1 clave para enfrentar incendios forestales en 2025 | Nexo Informativo Santiago de Quer\u00e9taro","description":"Coordinaci\u00f3n Interinstitucional Ser\u00e1 Clave para Enfrentar Incendios Forestales en 2025","robots":{"index":"index","follow":"follow","max-snippet":"max-snippet:-1","max-image-preview":"max-image-preview:large","max-video-preview":"max-video-preview:-1"},"canonical":"https:\/\/www.nexoinformativo.mx\/index.php\/2024\/12\/15\/coordinacion-interinstitucional-sera-clave-para-enfrentar-incendios-forestales-en-2025\/","og_locale":"es_MX","og_type":"article","og_title":"Coordinaci\u00f3n Interinstitucional ser\u00e1 clave para enfrentar incendios forestales en 2025 | Nexo Informativo Santiago de Quer\u00e9taro","og_description":"Coordinaci\u00f3n Interinstitucional Ser\u00e1 Clave para Enfrentar Incendios Forestales en 2025","og_url":"https:\/\/www.nexoinformativo.mx\/index.php\/2024\/12\/15\/coordinacion-interinstitucional-sera-clave-para-enfrentar-incendios-forestales-en-2025\/","og_site_name":"Nexo Informativo Santiago de Quer\u00e9taro","article_publisher":"https:\/\/www.facebook.com\/people\/Nexo-Informativo\/61564066885511\/","article_published_time":"2024-12-15T17:00:25+00:00","article_modified_time":"2024-12-15T23:31:55+00:00","og_image":[{"width":650,"height":380,"url":"https:\/\/www.nexoinformativo.mx\/wp-content\/uploads\/2024\/12\/IMG_8562.jpg","type":"image\/jpeg"}],"author":"Nexo Informativo","twitter_card":"summary_large_image","twitter_misc":{"Escrito por":"Nexo Informativo","Tiempo de lectura":"2 minutos"},"schema":{"@context":"https:\/\/schema.org","@graph":[{"@type":"Article","@id":"https:\/\/www.nexoinformativo.mx\/index.php\/2024\/12\/15\/coordinacion-interinstitucional-sera-clave-para-enfrentar-incendios-forestales-en-2025\/#article","isPartOf":{"@id":"https:\/\/www.nexoinformativo.mx\/index.php\/2024\/12\/15\/coordinacion-interinstitucional-sera-clave-para-enfrentar-incendios-forestales-en-2025\/"},"author":{"name":"Nexo Informativo","@id":"https:\/\/www.nexoinformativo.mx\/#\/schema\/person\/7749d380ba08c8ca00d7bc76fd907b7d"},"headline":"Coordinaci\u00f3n Interinstitucional ser\u00e1 clave para enfrentar incendios forestales en 2025","datePublished":"2024-12-15T17:00:25+00:00","dateModified":"2024-12-15T23:31:55+00:00","mainEntityOfPage":{"@id":"https:\/\/www.nexoinformativo.mx\/index.php\/2024\/12\/15\/coordinacion-interinstitucional-sera-clave-para-enfrentar-incendios-forestales-en-2025\/"},"wordCount":339,"commentCount":0,"publisher":{"@id":"https:\/\/www.nexoinformativo.mx\/#organization"},"image":{"@id":"https:\/\/www.nexoinformativo.mx\/index.php\/2024\/12\/15\/coordinacion-interinstitucional-sera-clave-para-enfrentar-incendios-forestales-en-2025\/#primaryimage"},"thumbnailUrl":"https:\/\/www.nexoinformativo.mx\/wp-content\/uploads\/2024\/12\/IMG_8562.jpg","keywords":["Coordinaci\u00f3n","IncendiosForestales","MedioAmbiente","Prevenci\u00f3n"],"articleSection":["Nacional","\u00daltima Hora"],"inLanguage":"es","potentialAction":[{"@type":"CommentAction","name":"Comment","target":["https:\/\/www.nexoinformativo.mx\/index.php\/2024\/12\/15\/coordinacion-interinstitucional-sera-clave-para-enfrentar-incendios-forestales-en-2025\/#respond"]}]},{"@type":"WebPage","@id":"https:\/\/www.nexoinformativo.mx\/index.php\/2024\/12\/15\/coordinacion-interinstitucional-sera-clave-para-enfrentar-incendios-forestales-en-2025\/","url":"https:\/\/www.nexoinformativo.mx\/index.php\/2024\/12\/15\/coordinacion-interinstitucional-sera-clave-para-enfrentar-incendios-forestales-en-2025\/","name":"Coordinaci\u00f3n Interinstitucional ser\u00e1 clave para enfrentar incendios forestales en 2025 | Nexo Informativo Santiago de Quer\u00e9taro","isPartOf":{"@id":"https:\/\/www.nexoinformativo.mx\/#website"},"primaryImageOfPage":{"@id":"https:\/\/www.nexoinformativo.mx\/index.php\/2024\/12\/15\/coordinacion-interinstitucional-sera-clave-para-enfrentar-incendios-forestales-en-2025\/#primaryimage"},"image":{"@id":"https:\/\/www.nexoinformativo.mx\/index.php\/2024\/12\/15\/coordinacion-interinstitucional-sera-clave-para-enfrentar-incendios-forestales-en-2025\/#primaryimage"},"thumbnailUrl":"https:\/\/www.nexoinformativo.mx\/wp-content\/uploads\/2024\/12\/IMG_8562.jpg","datePublished":"2024-12-15T17:00:25+00:00","dateModified":"2024-12-15T23:31:55+00:00","description":"Coordinaci\u00f3n Interinstitucional Ser\u00e1 Clave para Enfrentar Incendios Forestales en 2025","breadcrumb":{"@id":"https:\/\/www.nexoinformativo.mx\/index.php\/2024\/12\/15\/coordinacion-interinstitucional-sera-clave-para-enfrentar-incendios-forestales-en-2025\/#breadcrumb"},"inLanguage":"es","potentialAction":[{"@type":"ReadAction","target":["https:\/\/www.nexoinformativo.mx\/index.php\/2024\/12\/15\/coordinacion-interinstitucional-sera-clave-para-enfrentar-incendios-forestales-en-2025\/"]}]},{"@type":"ImageObject","inLanguage":"es","@id":"https:\/\/www.nexoinformativo.mx\/index.php\/2024\/12\/15\/coordinacion-interinstitucional-sera-clave-para-enfrentar-incendios-forestales-en-2025\/#primaryimage","url":"https:\/\/www.nexoinformativo.mx\/wp-content\/uploads\/2024\/12\/IMG_8562.jpg","contentUrl":"https:\/\/www.nexoinformativo.mx\/wp-content\/uploads\/2024\/12\/IMG_8562.jpg","width":650,"height":380},{"@type":"BreadcrumbList","@id":"https:\/\/www.nexoinformativo.mx\/index.php\/2024\/12\/15\/coordinacion-interinstitucional-sera-clave-para-enfrentar-incendios-forestales-en-2025\/#breadcrumb","itemListElement":[{"@type":"ListItem","position":1,"name":"Inicio","item":"https:\/\/www.nexoinformativo.mx\/"},{"@type":"ListItem","position":2,"name":"Coordinaci\u00f3n Interinstitucional ser\u00e1 clave para enfrentar incendios forestales en 2025"}]},{"@type":"WebSite","@id":"https:\/\/www.nexoinformativo.mx\/#website","url":"https:\/\/www.nexoinformativo.mx\/","name":"Nexo Informativo Santiago de Quer\u00e9taro","description":"Explora NexoInformativo y convi\u00e9rtete en parte de una comunidad que valora el conocimiento y la verdad. Tu nexoinformativo es tu puente hacia una comprensi\u00f3n m\u00e1s profunda del mundo que te rodea.","publisher":{"@id":"https:\/\/www.nexoinformativo.mx\/#organization"},"potentialAction":[{"@type":"SearchAction","target":{"@type":"EntryPoint","urlTemplate":"https:\/\/www.nexoinformativo.mx\/?s={search_term_string}"},"query-input":{"@type":"PropertyValueSpecification","valueRequired":true,"valueName":"search_term_string"}}],"inLanguage":"es"},{"@type":"Organization","@id":"https:\/\/www.nexoinformativo.mx\/#organization","name":"Nexo Informativo Santiago de Quer\u00e9taro","url":"https:\/\/www.nexoinformativo.mx\/","logo":{"@type":"ImageObject","inLanguage":"es","@id":"https:\/\/www.nexoinformativo.mx\/#\/schema\/logo\/image\/","url":"https:\/\/www.nexoinformativo.mx\/wp-content\/uploads\/2024\/07\/nexoi-trasparente-2.png","contentUrl":"https:\/\/www.nexoinformativo.mx\/wp-content\/uploads\/2024\/07\/nexoi-trasparente-2.png","width":816,"height":339,"caption":"Nexo Informativo Santiago de Quer\u00e9taro"},"image":{"@id":"https:\/\/www.nexoinformativo.mx\/#\/schema\/logo\/image\/"},"sameAs":["https:\/\/www.facebook.com\/people\/Nexo-Informativo\/61564066885511\/"]},{"@type":"Person","@id":"https:\/\/www.nexoinformativo.mx\/#\/schema\/person\/7749d380ba08c8ca00d7bc76fd907b7d","name":"Nexo Informativo","image":{"@type":"ImageObject","inLanguage":"es","@id":"https:\/\/www.nexoinformativo.mx\/#\/schema\/person\/image\/","url":"https:\/\/secure.gravatar.com\/avatar\/dde2928154642a13d95f87ddf1ea9718fe2b46760a005c53e41ff5ad610704e6?s=96&d=mm&r=g","contentUrl":"https:\/\/secure.gravatar.com\/avatar\/dde2928154642a13d95f87ddf1ea9718fe2b46760a005c53e41ff5ad610704e6?s=96&d=mm&r=g","caption":"Nexo Informativo"},"url":"https:\/\/www.nexoinformativo.mx\/index.php\/author\/edicion\/"}]}},"_links":{"self":[{"href":"https:\/\/www.nexoinformativo.mx\/index.php\/wp-json\/wp\/v2\/posts\/8158","targetHints":{"allow":["GET"]}}],"collection":[{"href":"https:\/\/www.nexoinformativo.mx\/index.php\/wp-json\/wp\/v2\/posts"}],"about":[{"href":"https:\/\/www.nexoinformativo.mx\/index.php\/wp-json\/wp\/v2\/types\/post"}],"author":[{"embeddable":true,"href":"https:\/\/www.nexoinformativo.mx\/index.php\/wp-json\/wp\/v2\/users\/3"}],"replies":[{"embeddable":true,"href":"https:\/\/www.nexoinformativo.mx\/index.php\/wp-json\/wp\/v2\/comments?post=8158"}],"version-history":[{"count":5,"href":"https:\/\/www.nexoinformativo.mx\/index.php\/wp-json\/wp\/v2\/posts\/8158\/revisions"}],"predecessor-version":[{"id":8183,"href":"https:\/\/www.nexoinformativo.mx\/index.php\/wp-json\/wp\/v2\/posts\/8158\/revisions\/8183"}],"wp:featuredmedia":[{"embeddable":true,"href":"https:\/\/www.nexoinformativo.mx\/index.php\/wp-json\/wp\/v2\/media\/8159"}],"wp:attachment":[{"href":"https:\/\/www.nexoinformativo.mx\/index.php\/wp-json\/wp\/v2\/media?parent=8158"}],"wp:term":[{"taxonomy":"category","embeddable":true,"href":"https:\/\/www.nexoinformativo.mx\/index.php\/wp-json\/wp\/v2\/categories?post=8158"},{"taxonomy":"post_tag","embeddable":true,"href":"https:\/\/www.nexoinformativo.mx\/index.php\/wp-json\/wp\/v2\/tags?post=8158"}],"curies":[{"name":"wp","href":"https:\/\/api.w.org\/{rel}","templated":true}]}}