{"id":8164,"date":"2024-12-15T12:00:28","date_gmt":"2024-12-15T18:00:28","guid":{"rendered":"https:\/\/www.nexoinformativo.mx\/?p=8164"},"modified":"2024-12-15T17:12:12","modified_gmt":"2024-12-15T23:12:12","slug":"un-nuevo-paso-para-la-transformacion-educativa-egresados-de-las-ubbjg-podran-ser-docentes","status":"publish","type":"post","link":"https:\/\/www.nexoinformativo.mx\/index.php\/2024\/12\/15\/un-nuevo-paso-para-la-transformacion-educativa-egresados-de-las-ubbjg-podran-ser-docentes\/","title":{"rendered":"Un nuevo paso para la transformaci\u00f3n educativa: egresados de las UBBJG podr\u00e1n ser docentes"},"content":{"rendered":"<p style=\"text-align: justify;\" data-sourcepos=\"11:1-11:335\">El Gobierno de M\u00e9xico, a trav\u00e9s de la Secretar\u00eda de Educaci\u00f3n P\u00fablica (SEP), ha anunciado una excelente noticia para los egresados de las <strong>Universidades para el Bienestar Benito Ju\u00e1rez Garc\u00eda<\/strong> (UBBJG): tendr\u00e1n la oportunidad de participar en el proceso de selecci\u00f3n para ocupar plazas docentes en el Sistema Educativo Nacional (SEN).<\/p>\n<p>&nbsp;<\/p>\n<p style=\"text-align: justify;\" data-sourcepos=\"13:1-13:232\">Esta decisi\u00f3n, anunciada por el secretario de Educaci\u00f3n P\u00fablica, Mario Delgado, durante la ceremonia de graduaci\u00f3n de 117 nuevos maestros en Yucat\u00e1n, representa un paso significativo en la transformaci\u00f3n educativa del pa\u00eds.<\/p>\n<p>&nbsp;<\/p>\n<p style=\"text-align: justify;\" data-sourcepos=\"15:1-15:203\">&#8220;Queremos que las y los mejores maestros egresados de las UBBJG est\u00e9n frente a grupo ayudando a la gran tarea educativa que nos ha pedido la doctora Claudia Sheinbaum&#8221;, afirm\u00f3 Delgado Carrillo.<\/p>\n<p>&nbsp;<\/p>\n<p style=\"text-align: justify;\" data-sourcepos=\"17:1-17:326\">La Presidenta Claudia Sheinbaum destac\u00f3 la importancia de estas universidades en la formaci\u00f3n de nuevos docentes y su compromiso con la educaci\u00f3n p\u00fablica.<\/p>\n<p>&nbsp;<\/p>\n<p style=\"text-align: justify;\" data-sourcepos=\"17:1-17:326\"><strong>&#8220;Estas universidades tienen como objetivo atender a aquellos j\u00f3venes que de otra manera no tendr\u00edan oportunidad de llegar a la Educaci\u00f3n Superior&#8221;<\/strong>, se\u00f1al\u00f3.<\/p>\n<p>&nbsp;<\/p>\n<p style=\"text-align: justify;\" data-sourcepos=\"19:1-19:370\">La directora general del Organismo Coordinador de las UBBJG, Raquel Sosa, celebr\u00f3 este logro y resalt\u00f3 el compromiso de la instituci\u00f3n con la formaci\u00f3n de docentes de calidad.<\/p>\n<p>&nbsp;<\/p>\n<p style=\"text-align: justify;\" data-sourcepos=\"19:1-19:370\"><strong>&#8220;Nos da mucha emoci\u00f3n este anuncio&#8230; Creo que ya se vio c\u00f3mo importa que se reconozca el esfuerzo de formaci\u00f3n docente que hemos hecho a lo largo de todos estos a\u00f1os&#8221;<\/strong>, afirm\u00f3.<\/p>\n<p>&nbsp;<\/p>\n<p style=\"text-align: justify;\" data-sourcepos=\"21:1-21:193\">Con esta medida, el gobierno busca fortalecer el sistema educativo nacional y garantizar que los estudiantes tengan acceso a una educaci\u00f3n de calidad impartida por maestros bien preparados.<\/p>\n<p>&nbsp;<\/p>\n<p style=\"text-align: center;\" data-sourcepos=\"21:1-21:193\"><em><strong>\u00a1Informaci\u00f3n que transforma!<\/strong><\/em><\/p>\n","protected":false},"excerpt":{"rendered":"<p>El Gobierno de M\u00e9xico, a trav\u00e9s de la Secretar\u00eda de Educaci\u00f3n P\u00fablica (SEP), ha anunciado una excelente noticia para los egresados de las Universidades para el Bienestar Benito Ju\u00e1rez Garc\u00eda (UBBJG): tendr\u00e1n la oportunidad de participar en el proceso de selecci\u00f3n para ocupar plazas docentes en el Sistema Educativo Nacional (SEN).<\/p>\n","protected":false},"author":3,"featured_media":8165,"comment_status":"open","ping_status":"open","sticky":false,"template":"","format":"standard","meta":{"footnotes":""},"categories":[88,58],"tags":[173,2679,1610,2678],"class_list":["post-8164","post","type-post","status-publish","format-standard","has-post-thumbnail","hentry","category-nacional","category-ultima-hora","tag-educacion","tag-maestros","tag-mexico","tag-ubbjg"],"yoast_head":"<!-- This site is optimized with the Yoast SEO plugin v25.0 - https:\/\/yoast.com\/wordpress\/plugins\/seo\/ -->\n<title>Un nuevo paso para la transformaci\u00f3n educativa: egresados de las UBBJG podr\u00e1n ser docentes | Nexo Informativo Santiago de Quer\u00e9taro<\/title>\n<meta name=\"description\" content=\"Un nuevo paso para la transformaci\u00f3n educativa: egresados de las UBBJG podr\u00e1n ser docentes\" \/>\n<meta name=\"robots\" content=\"index, follow, max-snippet:-1, max-image-preview:large, max-video-preview:-1\" \/>\n<link rel=\"canonical\" href=\"https:\/\/www.nexoinformativo.mx\/index.php\/2024\/12\/15\/un-nuevo-paso-para-la-transformacion-educativa-egresados-de-las-ubbjg-podran-ser-docentes\/\" \/>\n<meta property=\"og:locale\" content=\"es_MX\" \/>\n<meta property=\"og:type\" content=\"article\" \/>\n<meta property=\"og:title\" content=\"Un nuevo paso para la transformaci\u00f3n educativa: egresados de las UBBJG podr\u00e1n ser docentes | Nexo Informativo Santiago de Quer\u00e9taro\" \/>\n<meta property=\"og:description\" content=\"Un nuevo paso para la transformaci\u00f3n educativa: egresados de las UBBJG podr\u00e1n ser docentes\" \/>\n<meta property=\"og:url\" content=\"https:\/\/www.nexoinformativo.mx\/index.php\/2024\/12\/15\/un-nuevo-paso-para-la-transformacion-educativa-egresados-de-las-ubbjg-podran-ser-docentes\/\" \/>\n<meta property=\"og:site_name\" content=\"Nexo Informativo Santiago de Quer\u00e9taro\" \/>\n<meta property=\"article:publisher\" content=\"https:\/\/www.facebook.com\/people\/Nexo-Informativo\/61564066885511\/\" \/>\n<meta property=\"article:published_time\" content=\"2024-12-15T18:00:28+00:00\" \/>\n<meta property=\"article:modified_time\" content=\"2024-12-15T23:12:12+00:00\" \/>\n<meta property=\"og:image\" content=\"https:\/\/www.nexoinformativo.mx\/wp-content\/uploads\/2024\/12\/IMG_8564-scaled-e1734304267371.jpg\" \/>\n\t<meta property=\"og:image:width\" content=\"750\" \/>\n\t<meta property=\"og:image:height\" content=\"500\" \/>\n\t<meta property=\"og:image:type\" content=\"image\/jpeg\" \/>\n<meta name=\"author\" content=\"Nexo Informativo\" \/>\n<meta name=\"twitter:card\" content=\"summary_large_image\" \/>\n<meta name=\"twitter:label1\" content=\"Escrito por\" \/>\n\t<meta name=\"twitter:data1\" content=\"Nexo Informativo\" \/>\n\t<meta name=\"twitter:label2\" content=\"Tiempo de lectura\" \/>\n\t<meta name=\"twitter:data2\" content=\"2 minutos\" \/>\n<script type=\"application\/ld+json\" class=\"yoast-schema-graph\">{\"@context\":\"https:\/\/schema.org\",\"@graph\":[{\"@type\":\"Article\",\"@id\":\"https:\/\/www.nexoinformativo.mx\/index.php\/2024\/12\/15\/un-nuevo-paso-para-la-transformacion-educativa-egresados-de-las-ubbjg-podran-ser-docentes\/#article\",\"isPartOf\":{\"@id\":\"https:\/\/www.nexoinformativo.mx\/index.php\/2024\/12\/15\/un-nuevo-paso-para-la-transformacion-educativa-egresados-de-las-ubbjg-podran-ser-docentes\/\"},\"author\":{\"name\":\"Nexo Informativo\",\"@id\":\"https:\/\/www.nexoinformativo.mx\/#\/schema\/person\/7749d380ba08c8ca00d7bc76fd907b7d\"},\"headline\":\"Un nuevo paso para la transformaci\u00f3n educativa: egresados de las UBBJG podr\u00e1n ser docentes\",\"datePublished\":\"2024-12-15T18:00:28+00:00\",\"dateModified\":\"2024-12-15T23:12:12+00:00\",\"mainEntityOfPage\":{\"@id\":\"https:\/\/www.nexoinformativo.mx\/index.php\/2024\/12\/15\/un-nuevo-paso-para-la-transformacion-educativa-egresados-de-las-ubbjg-podran-ser-docentes\/\"},\"wordCount\":307,\"commentCount\":0,\"publisher\":{\"@id\":\"https:\/\/www.nexoinformativo.mx\/#organization\"},\"image\":{\"@id\":\"https:\/\/www.nexoinformativo.mx\/index.php\/2024\/12\/15\/un-nuevo-paso-para-la-transformacion-educativa-egresados-de-las-ubbjg-podran-ser-docentes\/#primaryimage\"},\"thumbnailUrl\":\"https:\/\/www.nexoinformativo.mx\/wp-content\/uploads\/2024\/12\/IMG_8564-scaled-e1734304267371.jpg\",\"keywords\":[\"educacion\",\"Maestros\",\"M\u00e9xico\",\"UBBJG\"],\"articleSection\":[\"Nacional\",\"\u00daltima Hora\"],\"inLanguage\":\"es\",\"potentialAction\":[{\"@type\":\"CommentAction\",\"name\":\"Comment\",\"target\":[\"https:\/\/www.nexoinformativo.mx\/index.php\/2024\/12\/15\/un-nuevo-paso-para-la-transformacion-educativa-egresados-de-las-ubbjg-podran-ser-docentes\/#respond\"]}]},{\"@type\":\"WebPage\",\"@id\":\"https:\/\/www.nexoinformativo.mx\/index.php\/2024\/12\/15\/un-nuevo-paso-para-la-transformacion-educativa-egresados-de-las-ubbjg-podran-ser-docentes\/\",\"url\":\"https:\/\/www.nexoinformativo.mx\/index.php\/2024\/12\/15\/un-nuevo-paso-para-la-transformacion-educativa-egresados-de-las-ubbjg-podran-ser-docentes\/\",\"name\":\"Un nuevo paso para la transformaci\u00f3n educativa: egresados de las UBBJG podr\u00e1n ser docentes | Nexo Informativo Santiago de Quer\u00e9taro\",\"isPartOf\":{\"@id\":\"https:\/\/www.nexoinformativo.mx\/#website\"},\"primaryImageOfPage\":{\"@id\":\"https:\/\/www.nexoinformativo.mx\/index.php\/2024\/12\/15\/un-nuevo-paso-para-la-transformacion-educativa-egresados-de-las-ubbjg-podran-ser-docentes\/#primaryimage\"},\"image\":{\"@id\":\"https:\/\/www.nexoinformativo.mx\/index.php\/2024\/12\/15\/un-nuevo-paso-para-la-transformacion-educativa-egresados-de-las-ubbjg-podran-ser-docentes\/#primaryimage\"},\"thumbnailUrl\":\"https:\/\/www.nexoinformativo.mx\/wp-content\/uploads\/2024\/12\/IMG_8564-scaled-e1734304267371.jpg\",\"datePublished\":\"2024-12-15T18:00:28+00:00\",\"dateModified\":\"2024-12-15T23:12:12+00:00\",\"description\":\"Un nuevo paso para la transformaci\u00f3n educativa: egresados de las UBBJG podr\u00e1n ser docentes\",\"breadcrumb\":{\"@id\":\"https:\/\/www.nexoinformativo.mx\/index.php\/2024\/12\/15\/un-nuevo-paso-para-la-transformacion-educativa-egresados-de-las-ubbjg-podran-ser-docentes\/#breadcrumb\"},\"inLanguage\":\"es\",\"potentialAction\":[{\"@type\":\"ReadAction\",\"target\":[\"https:\/\/www.nexoinformativo.mx\/index.php\/2024\/12\/15\/un-nuevo-paso-para-la-transformacion-educativa-egresados-de-las-ubbjg-podran-ser-docentes\/\"]}]},{\"@type\":\"ImageObject\",\"inLanguage\":\"es\",\"@id\":\"https:\/\/www.nexoinformativo.mx\/index.php\/2024\/12\/15\/un-nuevo-paso-para-la-transformacion-educativa-egresados-de-las-ubbjg-podran-ser-docentes\/#primaryimage\",\"url\":\"https:\/\/www.nexoinformativo.mx\/wp-content\/uploads\/2024\/12\/IMG_8564-scaled-e1734304267371.jpg\",\"contentUrl\":\"https:\/\/www.nexoinformativo.mx\/wp-content\/uploads\/2024\/12\/IMG_8564-scaled-e1734304267371.jpg\",\"width\":750,\"height\":500},{\"@type\":\"BreadcrumbList\",\"@id\":\"https:\/\/www.nexoinformativo.mx\/index.php\/2024\/12\/15\/un-nuevo-paso-para-la-transformacion-educativa-egresados-de-las-ubbjg-podran-ser-docentes\/#breadcrumb\",\"itemListElement\":[{\"@type\":\"ListItem\",\"position\":1,\"name\":\"Inicio\",\"item\":\"https:\/\/www.nexoinformativo.mx\/\"},{\"@type\":\"ListItem\",\"position\":2,\"name\":\"Un nuevo paso para la transformaci\u00f3n educativa: egresados de las UBBJG podr\u00e1n ser docentes\"}]},{\"@type\":\"WebSite\",\"@id\":\"https:\/\/www.nexoinformativo.mx\/#website\",\"url\":\"https:\/\/www.nexoinformativo.mx\/\",\"name\":\"Nexo Informativo Santiago de Quer\u00e9taro\",\"description\":\"Explora NexoInformativo y convi\u00e9rtete en parte de una comunidad que valora el conocimiento y la verdad. Tu nexoinformativo es tu puente hacia una comprensi\u00f3n m\u00e1s profunda del mundo que te rodea.\",\"publisher\":{\"@id\":\"https:\/\/www.nexoinformativo.mx\/#organization\"},\"potentialAction\":[{\"@type\":\"SearchAction\",\"target\":{\"@type\":\"EntryPoint\",\"urlTemplate\":\"https:\/\/www.nexoinformativo.mx\/?s={search_term_string}\"},\"query-input\":{\"@type\":\"PropertyValueSpecification\",\"valueRequired\":true,\"valueName\":\"search_term_string\"}}],\"inLanguage\":\"es\"},{\"@type\":\"Organization\",\"@id\":\"https:\/\/www.nexoinformativo.mx\/#organization\",\"name\":\"Nexo Informativo Santiago de Quer\u00e9taro\",\"url\":\"https:\/\/www.nexoinformativo.mx\/\",\"logo\":{\"@type\":\"ImageObject\",\"inLanguage\":\"es\",\"@id\":\"https:\/\/www.nexoinformativo.mx\/#\/schema\/logo\/image\/\",\"url\":\"https:\/\/www.nexoinformativo.mx\/wp-content\/uploads\/2024\/07\/nexoi-trasparente-2.png\",\"contentUrl\":\"https:\/\/www.nexoinformativo.mx\/wp-content\/uploads\/2024\/07\/nexoi-trasparente-2.png\",\"width\":816,\"height\":339,\"caption\":\"Nexo Informativo Santiago de Quer\u00e9taro\"},\"image\":{\"@id\":\"https:\/\/www.nexoinformativo.mx\/#\/schema\/logo\/image\/\"},\"sameAs\":[\"https:\/\/www.facebook.com\/people\/Nexo-Informativo\/61564066885511\/\"]},{\"@type\":\"Person\",\"@id\":\"https:\/\/www.nexoinformativo.mx\/#\/schema\/person\/7749d380ba08c8ca00d7bc76fd907b7d\",\"name\":\"Nexo Informativo\",\"image\":{\"@type\":\"ImageObject\",\"inLanguage\":\"es\",\"@id\":\"https:\/\/www.nexoinformativo.mx\/#\/schema\/person\/image\/\",\"url\":\"https:\/\/secure.gravatar.com\/avatar\/dde2928154642a13d95f87ddf1ea9718fe2b46760a005c53e41ff5ad610704e6?s=96&d=mm&r=g\",\"contentUrl\":\"https:\/\/secure.gravatar.com\/avatar\/dde2928154642a13d95f87ddf1ea9718fe2b46760a005c53e41ff5ad610704e6?s=96&d=mm&r=g\",\"caption\":\"Nexo Informativo\"},\"url\":\"https:\/\/www.nexoinformativo.mx\/index.php\/author\/edicion\/\"}]}<\/script>\n<!-- \/ Yoast SEO plugin. -->","yoast_head_json":{"title":"Un nuevo paso para la transformaci\u00f3n educativa: egresados de las UBBJG podr\u00e1n ser docentes | Nexo Informativo Santiago de Quer\u00e9taro","description":"Un nuevo paso para la transformaci\u00f3n educativa: egresados de las UBBJG podr\u00e1n ser docentes","robots":{"index":"index","follow":"follow","max-snippet":"max-snippet:-1","max-image-preview":"max-image-preview:large","max-video-preview":"max-video-preview:-1"},"canonical":"https:\/\/www.nexoinformativo.mx\/index.php\/2024\/12\/15\/un-nuevo-paso-para-la-transformacion-educativa-egresados-de-las-ubbjg-podran-ser-docentes\/","og_locale":"es_MX","og_type":"article","og_title":"Un nuevo paso para la transformaci\u00f3n educativa: egresados de las UBBJG podr\u00e1n ser docentes | Nexo Informativo Santiago de Quer\u00e9taro","og_description":"Un nuevo paso para la transformaci\u00f3n educativa: egresados de las UBBJG podr\u00e1n ser docentes","og_url":"https:\/\/www.nexoinformativo.mx\/index.php\/2024\/12\/15\/un-nuevo-paso-para-la-transformacion-educativa-egresados-de-las-ubbjg-podran-ser-docentes\/","og_site_name":"Nexo Informativo Santiago de Quer\u00e9taro","article_publisher":"https:\/\/www.facebook.com\/people\/Nexo-Informativo\/61564066885511\/","article_published_time":"2024-12-15T18:00:28+00:00","article_modified_time":"2024-12-15T23:12:12+00:00","og_image":[{"width":750,"height":500,"url":"https:\/\/www.nexoinformativo.mx\/wp-content\/uploads\/2024\/12\/IMG_8564-scaled-e1734304267371.jpg","type":"image\/jpeg"}],"author":"Nexo Informativo","twitter_card":"summary_large_image","twitter_misc":{"Escrito por":"Nexo Informativo","Tiempo de lectura":"2 minutos"},"schema":{"@context":"https:\/\/schema.org","@graph":[{"@type":"Article","@id":"https:\/\/www.nexoinformativo.mx\/index.php\/2024\/12\/15\/un-nuevo-paso-para-la-transformacion-educativa-egresados-de-las-ubbjg-podran-ser-docentes\/#article","isPartOf":{"@id":"https:\/\/www.nexoinformativo.mx\/index.php\/2024\/12\/15\/un-nuevo-paso-para-la-transformacion-educativa-egresados-de-las-ubbjg-podran-ser-docentes\/"},"author":{"name":"Nexo Informativo","@id":"https:\/\/www.nexoinformativo.mx\/#\/schema\/person\/7749d380ba08c8ca00d7bc76fd907b7d"},"headline":"Un nuevo paso para la transformaci\u00f3n educativa: egresados de las UBBJG podr\u00e1n ser docentes","datePublished":"2024-12-15T18:00:28+00:00","dateModified":"2024-12-15T23:12:12+00:00","mainEntityOfPage":{"@id":"https:\/\/www.nexoinformativo.mx\/index.php\/2024\/12\/15\/un-nuevo-paso-para-la-transformacion-educativa-egresados-de-las-ubbjg-podran-ser-docentes\/"},"wordCount":307,"commentCount":0,"publisher":{"@id":"https:\/\/www.nexoinformativo.mx\/#organization"},"image":{"@id":"https:\/\/www.nexoinformativo.mx\/index.php\/2024\/12\/15\/un-nuevo-paso-para-la-transformacion-educativa-egresados-de-las-ubbjg-podran-ser-docentes\/#primaryimage"},"thumbnailUrl":"https:\/\/www.nexoinformativo.mx\/wp-content\/uploads\/2024\/12\/IMG_8564-scaled-e1734304267371.jpg","keywords":["educacion","Maestros","M\u00e9xico","UBBJG"],"articleSection":["Nacional","\u00daltima Hora"],"inLanguage":"es","potentialAction":[{"@type":"CommentAction","name":"Comment","target":["https:\/\/www.nexoinformativo.mx\/index.php\/2024\/12\/15\/un-nuevo-paso-para-la-transformacion-educativa-egresados-de-las-ubbjg-podran-ser-docentes\/#respond"]}]},{"@type":"WebPage","@id":"https:\/\/www.nexoinformativo.mx\/index.php\/2024\/12\/15\/un-nuevo-paso-para-la-transformacion-educativa-egresados-de-las-ubbjg-podran-ser-docentes\/","url":"https:\/\/www.nexoinformativo.mx\/index.php\/2024\/12\/15\/un-nuevo-paso-para-la-transformacion-educativa-egresados-de-las-ubbjg-podran-ser-docentes\/","name":"Un nuevo paso para la transformaci\u00f3n educativa: egresados de las UBBJG podr\u00e1n ser docentes | Nexo Informativo Santiago de Quer\u00e9taro","isPartOf":{"@id":"https:\/\/www.nexoinformativo.mx\/#website"},"primaryImageOfPage":{"@id":"https:\/\/www.nexoinformativo.mx\/index.php\/2024\/12\/15\/un-nuevo-paso-para-la-transformacion-educativa-egresados-de-las-ubbjg-podran-ser-docentes\/#primaryimage"},"image":{"@id":"https:\/\/www.nexoinformativo.mx\/index.php\/2024\/12\/15\/un-nuevo-paso-para-la-transformacion-educativa-egresados-de-las-ubbjg-podran-ser-docentes\/#primaryimage"},"thumbnailUrl":"https:\/\/www.nexoinformativo.mx\/wp-content\/uploads\/2024\/12\/IMG_8564-scaled-e1734304267371.jpg","datePublished":"2024-12-15T18:00:28+00:00","dateModified":"2024-12-15T23:12:12+00:00","description":"Un nuevo paso para la transformaci\u00f3n educativa: egresados de las UBBJG podr\u00e1n ser docentes","breadcrumb":{"@id":"https:\/\/www.nexoinformativo.mx\/index.php\/2024\/12\/15\/un-nuevo-paso-para-la-transformacion-educativa-egresados-de-las-ubbjg-podran-ser-docentes\/#breadcrumb"},"inLanguage":"es","potentialAction":[{"@type":"ReadAction","target":["https:\/\/www.nexoinformativo.mx\/index.php\/2024\/12\/15\/un-nuevo-paso-para-la-transformacion-educativa-egresados-de-las-ubbjg-podran-ser-docentes\/"]}]},{"@type":"ImageObject","inLanguage":"es","@id":"https:\/\/www.nexoinformativo.mx\/index.php\/2024\/12\/15\/un-nuevo-paso-para-la-transformacion-educativa-egresados-de-las-ubbjg-podran-ser-docentes\/#primaryimage","url":"https:\/\/www.nexoinformativo.mx\/wp-content\/uploads\/2024\/12\/IMG_8564-scaled-e1734304267371.jpg","contentUrl":"https:\/\/www.nexoinformativo.mx\/wp-content\/uploads\/2024\/12\/IMG_8564-scaled-e1734304267371.jpg","width":750,"height":500},{"@type":"BreadcrumbList","@id":"https:\/\/www.nexoinformativo.mx\/index.php\/2024\/12\/15\/un-nuevo-paso-para-la-transformacion-educativa-egresados-de-las-ubbjg-podran-ser-docentes\/#breadcrumb","itemListElement":[{"@type":"ListItem","position":1,"name":"Inicio","item":"https:\/\/www.nexoinformativo.mx\/"},{"@type":"ListItem","position":2,"name":"Un nuevo paso para la transformaci\u00f3n educativa: egresados de las UBBJG podr\u00e1n ser docentes"}]},{"@type":"WebSite","@id":"https:\/\/www.nexoinformativo.mx\/#website","url":"https:\/\/www.nexoinformativo.mx\/","name":"Nexo Informativo Santiago de Quer\u00e9taro","description":"Explora NexoInformativo y convi\u00e9rtete en parte de una comunidad que valora el conocimiento y la verdad. Tu nexoinformativo es tu puente hacia una comprensi\u00f3n m\u00e1s profunda del mundo que te rodea.","publisher":{"@id":"https:\/\/www.nexoinformativo.mx\/#organization"},"potentialAction":[{"@type":"SearchAction","target":{"@type":"EntryPoint","urlTemplate":"https:\/\/www.nexoinformativo.mx\/?s={search_term_string}"},"query-input":{"@type":"PropertyValueSpecification","valueRequired":true,"valueName":"search_term_string"}}],"inLanguage":"es"},{"@type":"Organization","@id":"https:\/\/www.nexoinformativo.mx\/#organization","name":"Nexo Informativo Santiago de Quer\u00e9taro","url":"https:\/\/www.nexoinformativo.mx\/","logo":{"@type":"ImageObject","inLanguage":"es","@id":"https:\/\/www.nexoinformativo.mx\/#\/schema\/logo\/image\/","url":"https:\/\/www.nexoinformativo.mx\/wp-content\/uploads\/2024\/07\/nexoi-trasparente-2.png","contentUrl":"https:\/\/www.nexoinformativo.mx\/wp-content\/uploads\/2024\/07\/nexoi-trasparente-2.png","width":816,"height":339,"caption":"Nexo Informativo Santiago de Quer\u00e9taro"},"image":{"@id":"https:\/\/www.nexoinformativo.mx\/#\/schema\/logo\/image\/"},"sameAs":["https:\/\/www.facebook.com\/people\/Nexo-Informativo\/61564066885511\/"]},{"@type":"Person","@id":"https:\/\/www.nexoinformativo.mx\/#\/schema\/person\/7749d380ba08c8ca00d7bc76fd907b7d","name":"Nexo Informativo","image":{"@type":"ImageObject","inLanguage":"es","@id":"https:\/\/www.nexoinformativo.mx\/#\/schema\/person\/image\/","url":"https:\/\/secure.gravatar.com\/avatar\/dde2928154642a13d95f87ddf1ea9718fe2b46760a005c53e41ff5ad610704e6?s=96&d=mm&r=g","contentUrl":"https:\/\/secure.gravatar.com\/avatar\/dde2928154642a13d95f87ddf1ea9718fe2b46760a005c53e41ff5ad610704e6?s=96&d=mm&r=g","caption":"Nexo Informativo"},"url":"https:\/\/www.nexoinformativo.mx\/index.php\/author\/edicion\/"}]}},"_links":{"self":[{"href":"https:\/\/www.nexoinformativo.mx\/index.php\/wp-json\/wp\/v2\/posts\/8164","targetHints":{"allow":["GET"]}}],"collection":[{"href":"https:\/\/www.nexoinformativo.mx\/index.php\/wp-json\/wp\/v2\/posts"}],"about":[{"href":"https:\/\/www.nexoinformativo.mx\/index.php\/wp-json\/wp\/v2\/types\/post"}],"author":[{"embeddable":true,"href":"https:\/\/www.nexoinformativo.mx\/index.php\/wp-json\/wp\/v2\/users\/3"}],"replies":[{"embeddable":true,"href":"https:\/\/www.nexoinformativo.mx\/index.php\/wp-json\/wp\/v2\/comments?post=8164"}],"version-history":[{"count":3,"href":"https:\/\/www.nexoinformativo.mx\/index.php\/wp-json\/wp\/v2\/posts\/8164\/revisions"}],"predecessor-version":[{"id":8168,"href":"https:\/\/www.nexoinformativo.mx\/index.php\/wp-json\/wp\/v2\/posts\/8164\/revisions\/8168"}],"wp:featuredmedia":[{"embeddable":true,"href":"https:\/\/www.nexoinformativo.mx\/index.php\/wp-json\/wp\/v2\/media\/8165"}],"wp:attachment":[{"href":"https:\/\/www.nexoinformativo.mx\/index.php\/wp-json\/wp\/v2\/media?parent=8164"}],"wp:term":[{"taxonomy":"category","embeddable":true,"href":"https:\/\/www.nexoinformativo.mx\/index.php\/wp-json\/wp\/v2\/categories?post=8164"},{"taxonomy":"post_tag","embeddable":true,"href":"https:\/\/www.nexoinformativo.mx\/index.php\/wp-json\/wp\/v2\/tags?post=8164"}],"curies":[{"name":"wp","href":"https:\/\/api.w.org\/{rel}","templated":true}]}}