{"id":8169,"date":"2024-12-15T13:00:32","date_gmt":"2024-12-15T19:00:32","guid":{"rendered":"https:\/\/www.nexoinformativo.mx\/?p=8169"},"modified":"2024-12-15T17:32:58","modified_gmt":"2024-12-15T23:32:58","slug":"queretaro-se-posiciona-como-referente-en-salud-bucal-con-el-primer-foro-internacional-odontologico","status":"publish","type":"post","link":"https:\/\/www.nexoinformativo.mx\/index.php\/2024\/12\/15\/queretaro-se-posiciona-como-referente-en-salud-bucal-con-el-primer-foro-internacional-odontologico\/","title":{"rendered":"Quer\u00e9taro se posiciona como referente en salud bucal con el Primer Foro Internacional Odontol\u00f3gico"},"content":{"rendered":"<p style=\"text-align: justify;\" data-sourcepos=\"9:1-9:380\">Quer\u00e9taro se consolida como un referente en el \u00e1mbito de la salud bucal con la inauguraci\u00f3n del Primer Foro Internacional Odontol\u00f3gico.<\/p>\n<p>&nbsp;<\/p>\n<p style=\"text-align: justify;\" data-sourcepos=\"9:1-9:380\">Este importante evento, encabezado por la secretaria de Salud del estado, Mar\u00eda Martina P\u00e9rez, reuni\u00f3 a destacados especialistas nacionales e internacionales para compartir conocimientos y experiencias en el campo de la odontolog\u00eda.<\/p>\n<p>&nbsp;<\/p>\n<p style=\"text-align: justify;\" data-sourcepos=\"11:1-11:465\">El foro, que se lleva a cabo en el Centro de Congresos de la ciudad, tiene como objetivo principal ofrecer un espacio para la capacitaci\u00f3n continua de los profesionales de la salud bucal, as\u00ed como analizar los \u00faltimos avances tecnol\u00f3gicos en la materia.<\/p>\n<p>&nbsp;<\/p>\n<p style=\"text-align: justify;\" data-sourcepos=\"11:1-11:465\">La secretaria P\u00e9rez Rend\u00f3n destac\u00f3 la importancia de centrar los esfuerzos en la prevenci\u00f3n y el cuidado de la salud bucal, ya que esto contribuye significativamente a mejorar la calidad de vida de la poblaci\u00f3n.<\/p>\n<p>&nbsp;<\/p>\n<p style=\"text-align: justify;\" data-sourcepos=\"13:1-13:375\">&#8220;Eventos como este foro reflejan el compromiso y la visi\u00f3n de la comunidad odontol\u00f3gica de Quer\u00e9taro&#8221;, afirm\u00f3 P\u00e9rez Rend\u00f3n. Asimismo, reconoci\u00f3 el trabajo de la Asociaci\u00f3n Odontol\u00f3gica de Corregidora y del Comit\u00e9 Estatal e Interinstitucional de Salud Bucal de los Servicios de Salud del Estado de Quer\u00e9taro.<\/p>\n<p>&nbsp;<\/p>\n<p style=\"text-align: justify;\" data-sourcepos=\"15:1-15:338\">Durante los d\u00edas del foro, los asistentes podr\u00e1n participar en diversas conferencias y talleres impartidos por expertos de talla internacional. Los temas a tratar abarcan una amplia gama de t\u00f3picos, desde los \u00faltimos avances en tratamientos odontol\u00f3gicos.<\/p>\n<p>&nbsp;<\/p>\n<p style=\"text-align: justify;\" data-sourcepos=\"17:1-17:290\">Con la participaci\u00f3n de m\u00e1s de 600 profesionales de la salud bucal provenientes de diferentes estados de la Rep\u00fablica Mexicana y de pa\u00edses como Estados Unidos, Francia, Brasil e Irak, este foro se convierte en un punto de encuentro clave para el intercambio de conocimientos y experiencias.<\/p>\n<p>&nbsp;<\/p>\n<p style=\"text-align: center;\" data-sourcepos=\"17:1-17:290\"><em><strong>\u00a1Informaci\u00f3n que transforma!<\/strong><\/em><\/p>\n","protected":false},"excerpt":{"rendered":"<p>Quer\u00e9taro se consolida como un referente en el \u00e1mbito de la salud bucal con la inauguraci\u00f3n del Primer Foro Internacional Odontol\u00f3gico.<\/p>\n","protected":false},"author":3,"featured_media":8170,"comment_status":"open","ping_status":"open","sticky":false,"template":"","format":"standard","meta":{"footnotes":""},"categories":[42,58],"tags":[2681,2680,133,1936],"class_list":["post-8169","post","type-post","status-publish","format-standard","has-post-thumbnail","hentry","category-estado","category-ultima-hora","tag-forointernacional","tag-odontologia","tag-queretaro","tag-saludbucal"],"yoast_head":"<!-- This site is optimized with the Yoast SEO plugin v25.0 - https:\/\/yoast.com\/wordpress\/plugins\/seo\/ -->\n<title>Quer\u00e9taro se posiciona como referente en salud bucal con el Primer Foro Internacional Odontol\u00f3gico | Nexo Informativo Santiago de Quer\u00e9taro<\/title>\n<meta name=\"description\" content=\"Quer\u00e9taro se posiciona como referente en salud bucal con el Primer Foro Internacional Odontol\u00f3gico\" \/>\n<meta name=\"robots\" content=\"index, follow, max-snippet:-1, max-image-preview:large, max-video-preview:-1\" \/>\n<link rel=\"canonical\" href=\"https:\/\/www.nexoinformativo.mx\/index.php\/2024\/12\/15\/queretaro-se-posiciona-como-referente-en-salud-bucal-con-el-primer-foro-internacional-odontologico\/\" \/>\n<meta property=\"og:locale\" content=\"es_MX\" \/>\n<meta property=\"og:type\" content=\"article\" \/>\n<meta property=\"og:title\" content=\"Quer\u00e9taro se posiciona como referente en salud bucal con el Primer Foro Internacional Odontol\u00f3gico | Nexo Informativo Santiago de Quer\u00e9taro\" \/>\n<meta property=\"og:description\" content=\"Quer\u00e9taro se posiciona como referente en salud bucal con el Primer Foro Internacional Odontol\u00f3gico\" \/>\n<meta property=\"og:url\" content=\"https:\/\/www.nexoinformativo.mx\/index.php\/2024\/12\/15\/queretaro-se-posiciona-como-referente-en-salud-bucal-con-el-primer-foro-internacional-odontologico\/\" \/>\n<meta property=\"og:site_name\" content=\"Nexo Informativo Santiago de Quer\u00e9taro\" \/>\n<meta property=\"article:publisher\" content=\"https:\/\/www.facebook.com\/people\/Nexo-Informativo\/61564066885511\/\" \/>\n<meta property=\"article:published_time\" content=\"2024-12-15T19:00:32+00:00\" \/>\n<meta property=\"article:modified_time\" content=\"2024-12-15T23:32:58+00:00\" \/>\n<meta property=\"og:image\" content=\"https:\/\/www.nexoinformativo.mx\/wp-content\/uploads\/2024\/12\/PHOTO-2024-12-15-08-53-08-e1734304695803.jpg\" \/>\n\t<meta property=\"og:image:width\" content=\"800\" \/>\n\t<meta property=\"og:image:height\" content=\"534\" \/>\n\t<meta property=\"og:image:type\" content=\"image\/jpeg\" \/>\n<meta name=\"author\" content=\"Nexo Informativo\" \/>\n<meta name=\"twitter:card\" content=\"summary_large_image\" \/>\n<meta name=\"twitter:label1\" content=\"Escrito por\" \/>\n\t<meta name=\"twitter:data1\" content=\"Nexo Informativo\" \/>\n\t<meta name=\"twitter:label2\" content=\"Tiempo de lectura\" \/>\n\t<meta name=\"twitter:data2\" content=\"2 minutos\" \/>\n<script type=\"application\/ld+json\" class=\"yoast-schema-graph\">{\"@context\":\"https:\/\/schema.org\",\"@graph\":[{\"@type\":\"Article\",\"@id\":\"https:\/\/www.nexoinformativo.mx\/index.php\/2024\/12\/15\/queretaro-se-posiciona-como-referente-en-salud-bucal-con-el-primer-foro-internacional-odontologico\/#article\",\"isPartOf\":{\"@id\":\"https:\/\/www.nexoinformativo.mx\/index.php\/2024\/12\/15\/queretaro-se-posiciona-como-referente-en-salud-bucal-con-el-primer-foro-internacional-odontologico\/\"},\"author\":{\"name\":\"Nexo Informativo\",\"@id\":\"https:\/\/www.nexoinformativo.mx\/#\/schema\/person\/7749d380ba08c8ca00d7bc76fd907b7d\"},\"headline\":\"Quer\u00e9taro se posiciona como referente en salud bucal con el Primer Foro Internacional Odontol\u00f3gico\",\"datePublished\":\"2024-12-15T19:00:32+00:00\",\"dateModified\":\"2024-12-15T23:32:58+00:00\",\"mainEntityOfPage\":{\"@id\":\"https:\/\/www.nexoinformativo.mx\/index.php\/2024\/12\/15\/queretaro-se-posiciona-como-referente-en-salud-bucal-con-el-primer-foro-internacional-odontologico\/\"},\"wordCount\":316,\"commentCount\":0,\"publisher\":{\"@id\":\"https:\/\/www.nexoinformativo.mx\/#organization\"},\"image\":{\"@id\":\"https:\/\/www.nexoinformativo.mx\/index.php\/2024\/12\/15\/queretaro-se-posiciona-como-referente-en-salud-bucal-con-el-primer-foro-internacional-odontologico\/#primaryimage\"},\"thumbnailUrl\":\"https:\/\/www.nexoinformativo.mx\/wp-content\/uploads\/2024\/12\/PHOTO-2024-12-15-08-53-08-e1734304695803.jpg\",\"keywords\":[\"ForoInternacional\",\"Odontolog\u00eda\",\"Quer\u00e9taro\",\"SaludBucal\"],\"articleSection\":[\"Estado\",\"\u00daltima Hora\"],\"inLanguage\":\"es\",\"potentialAction\":[{\"@type\":\"CommentAction\",\"name\":\"Comment\",\"target\":[\"https:\/\/www.nexoinformativo.mx\/index.php\/2024\/12\/15\/queretaro-se-posiciona-como-referente-en-salud-bucal-con-el-primer-foro-internacional-odontologico\/#respond\"]}]},{\"@type\":\"WebPage\",\"@id\":\"https:\/\/www.nexoinformativo.mx\/index.php\/2024\/12\/15\/queretaro-se-posiciona-como-referente-en-salud-bucal-con-el-primer-foro-internacional-odontologico\/\",\"url\":\"https:\/\/www.nexoinformativo.mx\/index.php\/2024\/12\/15\/queretaro-se-posiciona-como-referente-en-salud-bucal-con-el-primer-foro-internacional-odontologico\/\",\"name\":\"Quer\u00e9taro se posiciona como referente en salud bucal con el Primer Foro Internacional Odontol\u00f3gico | Nexo Informativo Santiago de Quer\u00e9taro\",\"isPartOf\":{\"@id\":\"https:\/\/www.nexoinformativo.mx\/#website\"},\"primaryImageOfPage\":{\"@id\":\"https:\/\/www.nexoinformativo.mx\/index.php\/2024\/12\/15\/queretaro-se-posiciona-como-referente-en-salud-bucal-con-el-primer-foro-internacional-odontologico\/#primaryimage\"},\"image\":{\"@id\":\"https:\/\/www.nexoinformativo.mx\/index.php\/2024\/12\/15\/queretaro-se-posiciona-como-referente-en-salud-bucal-con-el-primer-foro-internacional-odontologico\/#primaryimage\"},\"thumbnailUrl\":\"https:\/\/www.nexoinformativo.mx\/wp-content\/uploads\/2024\/12\/PHOTO-2024-12-15-08-53-08-e1734304695803.jpg\",\"datePublished\":\"2024-12-15T19:00:32+00:00\",\"dateModified\":\"2024-12-15T23:32:58+00:00\",\"description\":\"Quer\u00e9taro se posiciona como referente en salud bucal con el Primer Foro Internacional Odontol\u00f3gico\",\"breadcrumb\":{\"@id\":\"https:\/\/www.nexoinformativo.mx\/index.php\/2024\/12\/15\/queretaro-se-posiciona-como-referente-en-salud-bucal-con-el-primer-foro-internacional-odontologico\/#breadcrumb\"},\"inLanguage\":\"es\",\"potentialAction\":[{\"@type\":\"ReadAction\",\"target\":[\"https:\/\/www.nexoinformativo.mx\/index.php\/2024\/12\/15\/queretaro-se-posiciona-como-referente-en-salud-bucal-con-el-primer-foro-internacional-odontologico\/\"]}]},{\"@type\":\"ImageObject\",\"inLanguage\":\"es\",\"@id\":\"https:\/\/www.nexoinformativo.mx\/index.php\/2024\/12\/15\/queretaro-se-posiciona-como-referente-en-salud-bucal-con-el-primer-foro-internacional-odontologico\/#primaryimage\",\"url\":\"https:\/\/www.nexoinformativo.mx\/wp-content\/uploads\/2024\/12\/PHOTO-2024-12-15-08-53-08-e1734304695803.jpg\",\"contentUrl\":\"https:\/\/www.nexoinformativo.mx\/wp-content\/uploads\/2024\/12\/PHOTO-2024-12-15-08-53-08-e1734304695803.jpg\",\"width\":800,\"height\":534},{\"@type\":\"BreadcrumbList\",\"@id\":\"https:\/\/www.nexoinformativo.mx\/index.php\/2024\/12\/15\/queretaro-se-posiciona-como-referente-en-salud-bucal-con-el-primer-foro-internacional-odontologico\/#breadcrumb\",\"itemListElement\":[{\"@type\":\"ListItem\",\"position\":1,\"name\":\"Inicio\",\"item\":\"https:\/\/www.nexoinformativo.mx\/\"},{\"@type\":\"ListItem\",\"position\":2,\"name\":\"Quer\u00e9taro se posiciona como referente en salud bucal con el Primer Foro Internacional Odontol\u00f3gico\"}]},{\"@type\":\"WebSite\",\"@id\":\"https:\/\/www.nexoinformativo.mx\/#website\",\"url\":\"https:\/\/www.nexoinformativo.mx\/\",\"name\":\"Nexo Informativo Santiago de Quer\u00e9taro\",\"description\":\"Explora NexoInformativo y convi\u00e9rtete en parte de una comunidad que valora el conocimiento y la verdad. Tu nexoinformativo es tu puente hacia una comprensi\u00f3n m\u00e1s profunda del mundo que te rodea.\",\"publisher\":{\"@id\":\"https:\/\/www.nexoinformativo.mx\/#organization\"},\"potentialAction\":[{\"@type\":\"SearchAction\",\"target\":{\"@type\":\"EntryPoint\",\"urlTemplate\":\"https:\/\/www.nexoinformativo.mx\/?s={search_term_string}\"},\"query-input\":{\"@type\":\"PropertyValueSpecification\",\"valueRequired\":true,\"valueName\":\"search_term_string\"}}],\"inLanguage\":\"es\"},{\"@type\":\"Organization\",\"@id\":\"https:\/\/www.nexoinformativo.mx\/#organization\",\"name\":\"Nexo Informativo Santiago de Quer\u00e9taro\",\"url\":\"https:\/\/www.nexoinformativo.mx\/\",\"logo\":{\"@type\":\"ImageObject\",\"inLanguage\":\"es\",\"@id\":\"https:\/\/www.nexoinformativo.mx\/#\/schema\/logo\/image\/\",\"url\":\"https:\/\/www.nexoinformativo.mx\/wp-content\/uploads\/2024\/07\/nexoi-trasparente-2.png\",\"contentUrl\":\"https:\/\/www.nexoinformativo.mx\/wp-content\/uploads\/2024\/07\/nexoi-trasparente-2.png\",\"width\":816,\"height\":339,\"caption\":\"Nexo Informativo Santiago de Quer\u00e9taro\"},\"image\":{\"@id\":\"https:\/\/www.nexoinformativo.mx\/#\/schema\/logo\/image\/\"},\"sameAs\":[\"https:\/\/www.facebook.com\/people\/Nexo-Informativo\/61564066885511\/\"]},{\"@type\":\"Person\",\"@id\":\"https:\/\/www.nexoinformativo.mx\/#\/schema\/person\/7749d380ba08c8ca00d7bc76fd907b7d\",\"name\":\"Nexo Informativo\",\"image\":{\"@type\":\"ImageObject\",\"inLanguage\":\"es\",\"@id\":\"https:\/\/www.nexoinformativo.mx\/#\/schema\/person\/image\/\",\"url\":\"https:\/\/secure.gravatar.com\/avatar\/dde2928154642a13d95f87ddf1ea9718fe2b46760a005c53e41ff5ad610704e6?s=96&d=mm&r=g\",\"contentUrl\":\"https:\/\/secure.gravatar.com\/avatar\/dde2928154642a13d95f87ddf1ea9718fe2b46760a005c53e41ff5ad610704e6?s=96&d=mm&r=g\",\"caption\":\"Nexo Informativo\"},\"url\":\"https:\/\/www.nexoinformativo.mx\/index.php\/author\/edicion\/\"}]}<\/script>\n<!-- \/ Yoast SEO plugin. -->","yoast_head_json":{"title":"Quer\u00e9taro se posiciona como referente en salud bucal con el Primer Foro Internacional Odontol\u00f3gico | Nexo Informativo Santiago de Quer\u00e9taro","description":"Quer\u00e9taro se posiciona como referente en salud bucal con el Primer Foro Internacional Odontol\u00f3gico","robots":{"index":"index","follow":"follow","max-snippet":"max-snippet:-1","max-image-preview":"max-image-preview:large","max-video-preview":"max-video-preview:-1"},"canonical":"https:\/\/www.nexoinformativo.mx\/index.php\/2024\/12\/15\/queretaro-se-posiciona-como-referente-en-salud-bucal-con-el-primer-foro-internacional-odontologico\/","og_locale":"es_MX","og_type":"article","og_title":"Quer\u00e9taro se posiciona como referente en salud bucal con el Primer Foro Internacional Odontol\u00f3gico | Nexo Informativo Santiago de Quer\u00e9taro","og_description":"Quer\u00e9taro se posiciona como referente en salud bucal con el Primer Foro Internacional Odontol\u00f3gico","og_url":"https:\/\/www.nexoinformativo.mx\/index.php\/2024\/12\/15\/queretaro-se-posiciona-como-referente-en-salud-bucal-con-el-primer-foro-internacional-odontologico\/","og_site_name":"Nexo Informativo Santiago de Quer\u00e9taro","article_publisher":"https:\/\/www.facebook.com\/people\/Nexo-Informativo\/61564066885511\/","article_published_time":"2024-12-15T19:00:32+00:00","article_modified_time":"2024-12-15T23:32:58+00:00","og_image":[{"width":800,"height":534,"url":"https:\/\/www.nexoinformativo.mx\/wp-content\/uploads\/2024\/12\/PHOTO-2024-12-15-08-53-08-e1734304695803.jpg","type":"image\/jpeg"}],"author":"Nexo Informativo","twitter_card":"summary_large_image","twitter_misc":{"Escrito por":"Nexo Informativo","Tiempo de lectura":"2 minutos"},"schema":{"@context":"https:\/\/schema.org","@graph":[{"@type":"Article","@id":"https:\/\/www.nexoinformativo.mx\/index.php\/2024\/12\/15\/queretaro-se-posiciona-como-referente-en-salud-bucal-con-el-primer-foro-internacional-odontologico\/#article","isPartOf":{"@id":"https:\/\/www.nexoinformativo.mx\/index.php\/2024\/12\/15\/queretaro-se-posiciona-como-referente-en-salud-bucal-con-el-primer-foro-internacional-odontologico\/"},"author":{"name":"Nexo Informativo","@id":"https:\/\/www.nexoinformativo.mx\/#\/schema\/person\/7749d380ba08c8ca00d7bc76fd907b7d"},"headline":"Quer\u00e9taro se posiciona como referente en salud bucal con el Primer Foro Internacional Odontol\u00f3gico","datePublished":"2024-12-15T19:00:32+00:00","dateModified":"2024-12-15T23:32:58+00:00","mainEntityOfPage":{"@id":"https:\/\/www.nexoinformativo.mx\/index.php\/2024\/12\/15\/queretaro-se-posiciona-como-referente-en-salud-bucal-con-el-primer-foro-internacional-odontologico\/"},"wordCount":316,"commentCount":0,"publisher":{"@id":"https:\/\/www.nexoinformativo.mx\/#organization"},"image":{"@id":"https:\/\/www.nexoinformativo.mx\/index.php\/2024\/12\/15\/queretaro-se-posiciona-como-referente-en-salud-bucal-con-el-primer-foro-internacional-odontologico\/#primaryimage"},"thumbnailUrl":"https:\/\/www.nexoinformativo.mx\/wp-content\/uploads\/2024\/12\/PHOTO-2024-12-15-08-53-08-e1734304695803.jpg","keywords":["ForoInternacional","Odontolog\u00eda","Quer\u00e9taro","SaludBucal"],"articleSection":["Estado","\u00daltima Hora"],"inLanguage":"es","potentialAction":[{"@type":"CommentAction","name":"Comment","target":["https:\/\/www.nexoinformativo.mx\/index.php\/2024\/12\/15\/queretaro-se-posiciona-como-referente-en-salud-bucal-con-el-primer-foro-internacional-odontologico\/#respond"]}]},{"@type":"WebPage","@id":"https:\/\/www.nexoinformativo.mx\/index.php\/2024\/12\/15\/queretaro-se-posiciona-como-referente-en-salud-bucal-con-el-primer-foro-internacional-odontologico\/","url":"https:\/\/www.nexoinformativo.mx\/index.php\/2024\/12\/15\/queretaro-se-posiciona-como-referente-en-salud-bucal-con-el-primer-foro-internacional-odontologico\/","name":"Quer\u00e9taro se posiciona como referente en salud bucal con el Primer Foro Internacional Odontol\u00f3gico | Nexo Informativo Santiago de Quer\u00e9taro","isPartOf":{"@id":"https:\/\/www.nexoinformativo.mx\/#website"},"primaryImageOfPage":{"@id":"https:\/\/www.nexoinformativo.mx\/index.php\/2024\/12\/15\/queretaro-se-posiciona-como-referente-en-salud-bucal-con-el-primer-foro-internacional-odontologico\/#primaryimage"},"image":{"@id":"https:\/\/www.nexoinformativo.mx\/index.php\/2024\/12\/15\/queretaro-se-posiciona-como-referente-en-salud-bucal-con-el-primer-foro-internacional-odontologico\/#primaryimage"},"thumbnailUrl":"https:\/\/www.nexoinformativo.mx\/wp-content\/uploads\/2024\/12\/PHOTO-2024-12-15-08-53-08-e1734304695803.jpg","datePublished":"2024-12-15T19:00:32+00:00","dateModified":"2024-12-15T23:32:58+00:00","description":"Quer\u00e9taro se posiciona como referente en salud bucal con el Primer Foro Internacional Odontol\u00f3gico","breadcrumb":{"@id":"https:\/\/www.nexoinformativo.mx\/index.php\/2024\/12\/15\/queretaro-se-posiciona-como-referente-en-salud-bucal-con-el-primer-foro-internacional-odontologico\/#breadcrumb"},"inLanguage":"es","potentialAction":[{"@type":"ReadAction","target":["https:\/\/www.nexoinformativo.mx\/index.php\/2024\/12\/15\/queretaro-se-posiciona-como-referente-en-salud-bucal-con-el-primer-foro-internacional-odontologico\/"]}]},{"@type":"ImageObject","inLanguage":"es","@id":"https:\/\/www.nexoinformativo.mx\/index.php\/2024\/12\/15\/queretaro-se-posiciona-como-referente-en-salud-bucal-con-el-primer-foro-internacional-odontologico\/#primaryimage","url":"https:\/\/www.nexoinformativo.mx\/wp-content\/uploads\/2024\/12\/PHOTO-2024-12-15-08-53-08-e1734304695803.jpg","contentUrl":"https:\/\/www.nexoinformativo.mx\/wp-content\/uploads\/2024\/12\/PHOTO-2024-12-15-08-53-08-e1734304695803.jpg","width":800,"height":534},{"@type":"BreadcrumbList","@id":"https:\/\/www.nexoinformativo.mx\/index.php\/2024\/12\/15\/queretaro-se-posiciona-como-referente-en-salud-bucal-con-el-primer-foro-internacional-odontologico\/#breadcrumb","itemListElement":[{"@type":"ListItem","position":1,"name":"Inicio","item":"https:\/\/www.nexoinformativo.mx\/"},{"@type":"ListItem","position":2,"name":"Quer\u00e9taro se posiciona como referente en salud bucal con el Primer Foro Internacional Odontol\u00f3gico"}]},{"@type":"WebSite","@id":"https:\/\/www.nexoinformativo.mx\/#website","url":"https:\/\/www.nexoinformativo.mx\/","name":"Nexo Informativo Santiago de Quer\u00e9taro","description":"Explora NexoInformativo y convi\u00e9rtete en parte de una comunidad que valora el conocimiento y la verdad. Tu nexoinformativo es tu puente hacia una comprensi\u00f3n m\u00e1s profunda del mundo que te rodea.","publisher":{"@id":"https:\/\/www.nexoinformativo.mx\/#organization"},"potentialAction":[{"@type":"SearchAction","target":{"@type":"EntryPoint","urlTemplate":"https:\/\/www.nexoinformativo.mx\/?s={search_term_string}"},"query-input":{"@type":"PropertyValueSpecification","valueRequired":true,"valueName":"search_term_string"}}],"inLanguage":"es"},{"@type":"Organization","@id":"https:\/\/www.nexoinformativo.mx\/#organization","name":"Nexo Informativo Santiago de Quer\u00e9taro","url":"https:\/\/www.nexoinformativo.mx\/","logo":{"@type":"ImageObject","inLanguage":"es","@id":"https:\/\/www.nexoinformativo.mx\/#\/schema\/logo\/image\/","url":"https:\/\/www.nexoinformativo.mx\/wp-content\/uploads\/2024\/07\/nexoi-trasparente-2.png","contentUrl":"https:\/\/www.nexoinformativo.mx\/wp-content\/uploads\/2024\/07\/nexoi-trasparente-2.png","width":816,"height":339,"caption":"Nexo Informativo Santiago de Quer\u00e9taro"},"image":{"@id":"https:\/\/www.nexoinformativo.mx\/#\/schema\/logo\/image\/"},"sameAs":["https:\/\/www.facebook.com\/people\/Nexo-Informativo\/61564066885511\/"]},{"@type":"Person","@id":"https:\/\/www.nexoinformativo.mx\/#\/schema\/person\/7749d380ba08c8ca00d7bc76fd907b7d","name":"Nexo Informativo","image":{"@type":"ImageObject","inLanguage":"es","@id":"https:\/\/www.nexoinformativo.mx\/#\/schema\/person\/image\/","url":"https:\/\/secure.gravatar.com\/avatar\/dde2928154642a13d95f87ddf1ea9718fe2b46760a005c53e41ff5ad610704e6?s=96&d=mm&r=g","contentUrl":"https:\/\/secure.gravatar.com\/avatar\/dde2928154642a13d95f87ddf1ea9718fe2b46760a005c53e41ff5ad610704e6?s=96&d=mm&r=g","caption":"Nexo Informativo"},"url":"https:\/\/www.nexoinformativo.mx\/index.php\/author\/edicion\/"}]}},"_links":{"self":[{"href":"https:\/\/www.nexoinformativo.mx\/index.php\/wp-json\/wp\/v2\/posts\/8169","targetHints":{"allow":["GET"]}}],"collection":[{"href":"https:\/\/www.nexoinformativo.mx\/index.php\/wp-json\/wp\/v2\/posts"}],"about":[{"href":"https:\/\/www.nexoinformativo.mx\/index.php\/wp-json\/wp\/v2\/types\/post"}],"author":[{"embeddable":true,"href":"https:\/\/www.nexoinformativo.mx\/index.php\/wp-json\/wp\/v2\/users\/3"}],"replies":[{"embeddable":true,"href":"https:\/\/www.nexoinformativo.mx\/index.php\/wp-json\/wp\/v2\/comments?post=8169"}],"version-history":[{"count":5,"href":"https:\/\/www.nexoinformativo.mx\/index.php\/wp-json\/wp\/v2\/posts\/8169\/revisions"}],"predecessor-version":[{"id":8175,"href":"https:\/\/www.nexoinformativo.mx\/index.php\/wp-json\/wp\/v2\/posts\/8169\/revisions\/8175"}],"wp:featuredmedia":[{"embeddable":true,"href":"https:\/\/www.nexoinformativo.mx\/index.php\/wp-json\/wp\/v2\/media\/8170"}],"wp:attachment":[{"href":"https:\/\/www.nexoinformativo.mx\/index.php\/wp-json\/wp\/v2\/media?parent=8169"}],"wp:term":[{"taxonomy":"category","embeddable":true,"href":"https:\/\/www.nexoinformativo.mx\/index.php\/wp-json\/wp\/v2\/categories?post=8169"},{"taxonomy":"post_tag","embeddable":true,"href":"https:\/\/www.nexoinformativo.mx\/index.php\/wp-json\/wp\/v2\/tags?post=8169"}],"curies":[{"name":"wp","href":"https:\/\/api.w.org\/{rel}","templated":true}]}}