{"id":8199,"date":"2024-12-16T08:00:41","date_gmt":"2024-12-16T14:00:41","guid":{"rendered":"https:\/\/www.nexoinformativo.mx\/?p=8199"},"modified":"2024-12-16T09:20:56","modified_gmt":"2024-12-16T15:20:56","slug":"granja-el-marques-triunfo-absoluto-en-el-campeonato-nacional-ovino","status":"publish","type":"post","link":"https:\/\/www.nexoinformativo.mx\/index.php\/2024\/12\/16\/granja-el-marques-triunfo-absoluto-en-el-campeonato-nacional-ovino\/","title":{"rendered":"Granja El Marqu\u00e9s: Triunfo absoluto en el Campeonato Nacional Ovino"},"content":{"rendered":"<p style=\"text-align: justify;\" data-sourcepos=\"11:1-11:289\">Una vez m\u00e1s, Quer\u00e9taro se posiciona como l\u00edder en la producci\u00f3n ovina en M\u00e9xico. La Granja El Marqu\u00e9s, propiedad de Jos\u00e9 Luis Cervantes, se llev\u00f3 los m\u00e1ximos honores en el XLIV Campeonato Nacional Ovino, celebrado en el marco de la Feria Internacional Ganadera de Quer\u00e9taro (FIGQ2024).<\/p>\n<p>&nbsp;<\/p>\n<p style=\"text-align: justify;\" data-sourcepos=\"13:1-13:301\">Cervantes y su equipo obtuvieron reconocimientos en diversas categor\u00edas, incluyendo Mejor Expositor, Mejor Criador de Ovinos de Lana, Campe\u00f3n Supremo y Mejor Criador de la raza Suffolk. Este destacado desempe\u00f1o consolida a la Granja El Marqu\u00e9s como una de las m\u00e1s importantes a nivel nacional.<\/p>\n<p>&nbsp;<\/p>\n<p style=\"text-align: justify;\" data-sourcepos=\"15:1-15:446\">El evento cont\u00f3 con la participaci\u00f3n de jueces internacionales de gran prestigio, quienes evaluaron ejemplares de diversas razas como Black Belly, Texel, Katahdin, Dorper, Pelibuey y Charollais.<\/p>\n<p>&nbsp;<\/p>\n<p style=\"text-align: justify;\" data-sourcepos=\"15:1-15:446\">Adem\u00e1s del concurso ovino, se llevaron a cabo actividades complementarias como el 2o. Concurso Gastron\u00f3mico de Carne de Cordero y la 5a. Jornada de innovaci\u00f3n y capacitaci\u00f3n ovina, fortaleciendo as\u00ed la cadena de valor de la producci\u00f3n ovina en M\u00e9xico.<\/p>\n<p>&nbsp;<\/p>\n<p style=\"text-align: justify;\" data-sourcepos=\"17:1-17:287\">La Asociaci\u00f3n Ganadera Local Especializada de Ovinocultores (AGLOEQ), presidida por Jos\u00e9 Luis Cervantes, agradeci\u00f3 el apoyo de la Uni\u00f3n Nacional de Ovinocultores (UNO), la Secretar\u00eda de Desarrollo Agropecuario del estado y de El Marqu\u00e9s, y la Uni\u00f3n Ganadera Regional de Quer\u00e9taro (UGRQ).<\/p>\n<p>&nbsp;<\/p>\n<p style=\"text-align: justify;\" data-sourcepos=\"19:1-19:196\">Este triunfo es un reconocimiento al esfuerzo y dedicaci\u00f3n de los productores ovinos queretanos, quienes contribuyen de manera significativa al desarrollo del sector agropecuario en el estado.<\/p>\n<p>&nbsp;<\/p>\n<p style=\"text-align: center;\" data-sourcepos=\"19:1-19:196\"><em><strong>\u00a1Informaci\u00f3n que transforma!<\/strong><\/em><\/p>\n","protected":false},"excerpt":{"rendered":"<p>Una vez m\u00e1s, Quer\u00e9taro se posiciona como l\u00edder en la producci\u00f3n ovina en M\u00e9xico.<\/p>\n","protected":false},"author":3,"featured_media":8200,"comment_status":"open","ping_status":"open","sticky":false,"template":"","format":"standard","meta":{"footnotes":""},"categories":[50,58],"tags":[2684,2108,2685,133],"class_list":["post-8199","post","type-post","status-publish","format-standard","has-post-thumbnail","hentry","category-espectaculos","category-ultima-hora","tag-campeonatonacionalovino","tag-ganaderia","tag-granjaelmarques","tag-queretaro"],"yoast_head":"<!-- This site is optimized with the Yoast SEO plugin v25.0 - https:\/\/yoast.com\/wordpress\/plugins\/seo\/ -->\n<title>Granja El Marqu\u00e9s: Triunfo absoluto en el Campeonato Nacional Ovino | Nexo Informativo Santiago de Quer\u00e9taro<\/title>\n<meta name=\"description\" content=\"Granja El Marqu\u00e9s: Triunfo absoluto en el Campeonato Nacional Ovino\" \/>\n<meta name=\"robots\" content=\"index, follow, max-snippet:-1, max-image-preview:large, max-video-preview:-1\" \/>\n<link rel=\"canonical\" href=\"https:\/\/www.nexoinformativo.mx\/index.php\/2024\/12\/16\/granja-el-marques-triunfo-absoluto-en-el-campeonato-nacional-ovino\/\" \/>\n<meta property=\"og:locale\" content=\"es_MX\" \/>\n<meta property=\"og:type\" content=\"article\" \/>\n<meta property=\"og:title\" content=\"Granja El Marqu\u00e9s: Triunfo absoluto en el Campeonato Nacional Ovino | Nexo Informativo Santiago de Quer\u00e9taro\" \/>\n<meta property=\"og:description\" content=\"Granja El Marqu\u00e9s: Triunfo absoluto en el Campeonato Nacional Ovino\" \/>\n<meta property=\"og:url\" content=\"https:\/\/www.nexoinformativo.mx\/index.php\/2024\/12\/16\/granja-el-marques-triunfo-absoluto-en-el-campeonato-nacional-ovino\/\" \/>\n<meta property=\"og:site_name\" content=\"Nexo Informativo Santiago de Quer\u00e9taro\" \/>\n<meta property=\"article:publisher\" content=\"https:\/\/www.facebook.com\/people\/Nexo-Informativo\/61564066885511\/\" \/>\n<meta property=\"article:published_time\" content=\"2024-12-16T14:00:41+00:00\" \/>\n<meta property=\"article:modified_time\" content=\"2024-12-16T15:20:56+00:00\" \/>\n<meta property=\"og:image\" content=\"https:\/\/www.nexoinformativo.mx\/wp-content\/uploads\/2024\/12\/PHOTO-2024-12-15-22-09-33-e1734362405793.jpg\" \/>\n\t<meta property=\"og:image:width\" content=\"800\" \/>\n\t<meta property=\"og:image:height\" content=\"533\" \/>\n\t<meta property=\"og:image:type\" content=\"image\/jpeg\" \/>\n<meta name=\"author\" content=\"Nexo Informativo\" \/>\n<meta name=\"twitter:card\" content=\"summary_large_image\" \/>\n<meta name=\"twitter:label1\" content=\"Escrito por\" \/>\n\t<meta name=\"twitter:data1\" content=\"Nexo Informativo\" \/>\n\t<meta name=\"twitter:label2\" content=\"Tiempo de lectura\" \/>\n\t<meta name=\"twitter:data2\" content=\"2 minutos\" \/>\n<script type=\"application\/ld+json\" class=\"yoast-schema-graph\">{\"@context\":\"https:\/\/schema.org\",\"@graph\":[{\"@type\":\"Article\",\"@id\":\"https:\/\/www.nexoinformativo.mx\/index.php\/2024\/12\/16\/granja-el-marques-triunfo-absoluto-en-el-campeonato-nacional-ovino\/#article\",\"isPartOf\":{\"@id\":\"https:\/\/www.nexoinformativo.mx\/index.php\/2024\/12\/16\/granja-el-marques-triunfo-absoluto-en-el-campeonato-nacional-ovino\/\"},\"author\":{\"name\":\"Nexo Informativo\",\"@id\":\"https:\/\/www.nexoinformativo.mx\/#\/schema\/person\/7749d380ba08c8ca00d7bc76fd907b7d\"},\"headline\":\"Granja El Marqu\u00e9s: Triunfo absoluto en el Campeonato Nacional Ovino\",\"datePublished\":\"2024-12-16T14:00:41+00:00\",\"dateModified\":\"2024-12-16T15:20:56+00:00\",\"mainEntityOfPage\":{\"@id\":\"https:\/\/www.nexoinformativo.mx\/index.php\/2024\/12\/16\/granja-el-marques-triunfo-absoluto-en-el-campeonato-nacional-ovino\/\"},\"wordCount\":275,\"commentCount\":0,\"publisher\":{\"@id\":\"https:\/\/www.nexoinformativo.mx\/#organization\"},\"image\":{\"@id\":\"https:\/\/www.nexoinformativo.mx\/index.php\/2024\/12\/16\/granja-el-marques-triunfo-absoluto-en-el-campeonato-nacional-ovino\/#primaryimage\"},\"thumbnailUrl\":\"https:\/\/www.nexoinformativo.mx\/wp-content\/uploads\/2024\/12\/PHOTO-2024-12-15-22-09-33-e1734362405793.jpg\",\"keywords\":[\"CampeonatoNacionalOvino\",\"Ganader\u00eda\",\"GranjaElMarqu\u00e9s\",\"Quer\u00e9taro\"],\"articleSection\":[\"Espect\u00e1culos\",\"\u00daltima Hora\"],\"inLanguage\":\"es\",\"potentialAction\":[{\"@type\":\"CommentAction\",\"name\":\"Comment\",\"target\":[\"https:\/\/www.nexoinformativo.mx\/index.php\/2024\/12\/16\/granja-el-marques-triunfo-absoluto-en-el-campeonato-nacional-ovino\/#respond\"]}]},{\"@type\":\"WebPage\",\"@id\":\"https:\/\/www.nexoinformativo.mx\/index.php\/2024\/12\/16\/granja-el-marques-triunfo-absoluto-en-el-campeonato-nacional-ovino\/\",\"url\":\"https:\/\/www.nexoinformativo.mx\/index.php\/2024\/12\/16\/granja-el-marques-triunfo-absoluto-en-el-campeonato-nacional-ovino\/\",\"name\":\"Granja El Marqu\u00e9s: Triunfo absoluto en el Campeonato Nacional Ovino | Nexo Informativo Santiago de Quer\u00e9taro\",\"isPartOf\":{\"@id\":\"https:\/\/www.nexoinformativo.mx\/#website\"},\"primaryImageOfPage\":{\"@id\":\"https:\/\/www.nexoinformativo.mx\/index.php\/2024\/12\/16\/granja-el-marques-triunfo-absoluto-en-el-campeonato-nacional-ovino\/#primaryimage\"},\"image\":{\"@id\":\"https:\/\/www.nexoinformativo.mx\/index.php\/2024\/12\/16\/granja-el-marques-triunfo-absoluto-en-el-campeonato-nacional-ovino\/#primaryimage\"},\"thumbnailUrl\":\"https:\/\/www.nexoinformativo.mx\/wp-content\/uploads\/2024\/12\/PHOTO-2024-12-15-22-09-33-e1734362405793.jpg\",\"datePublished\":\"2024-12-16T14:00:41+00:00\",\"dateModified\":\"2024-12-16T15:20:56+00:00\",\"description\":\"Granja El Marqu\u00e9s: Triunfo absoluto en el Campeonato Nacional Ovino\",\"breadcrumb\":{\"@id\":\"https:\/\/www.nexoinformativo.mx\/index.php\/2024\/12\/16\/granja-el-marques-triunfo-absoluto-en-el-campeonato-nacional-ovino\/#breadcrumb\"},\"inLanguage\":\"es\",\"potentialAction\":[{\"@type\":\"ReadAction\",\"target\":[\"https:\/\/www.nexoinformativo.mx\/index.php\/2024\/12\/16\/granja-el-marques-triunfo-absoluto-en-el-campeonato-nacional-ovino\/\"]}]},{\"@type\":\"ImageObject\",\"inLanguage\":\"es\",\"@id\":\"https:\/\/www.nexoinformativo.mx\/index.php\/2024\/12\/16\/granja-el-marques-triunfo-absoluto-en-el-campeonato-nacional-ovino\/#primaryimage\",\"url\":\"https:\/\/www.nexoinformativo.mx\/wp-content\/uploads\/2024\/12\/PHOTO-2024-12-15-22-09-33-e1734362405793.jpg\",\"contentUrl\":\"https:\/\/www.nexoinformativo.mx\/wp-content\/uploads\/2024\/12\/PHOTO-2024-12-15-22-09-33-e1734362405793.jpg\",\"width\":800,\"height\":533},{\"@type\":\"BreadcrumbList\",\"@id\":\"https:\/\/www.nexoinformativo.mx\/index.php\/2024\/12\/16\/granja-el-marques-triunfo-absoluto-en-el-campeonato-nacional-ovino\/#breadcrumb\",\"itemListElement\":[{\"@type\":\"ListItem\",\"position\":1,\"name\":\"Inicio\",\"item\":\"https:\/\/www.nexoinformativo.mx\/\"},{\"@type\":\"ListItem\",\"position\":2,\"name\":\"Granja El Marqu\u00e9s: Triunfo absoluto en el Campeonato Nacional Ovino\"}]},{\"@type\":\"WebSite\",\"@id\":\"https:\/\/www.nexoinformativo.mx\/#website\",\"url\":\"https:\/\/www.nexoinformativo.mx\/\",\"name\":\"Nexo Informativo Santiago de Quer\u00e9taro\",\"description\":\"Explora NexoInformativo y convi\u00e9rtete en parte de una comunidad que valora el conocimiento y la verdad. Tu nexoinformativo es tu puente hacia una comprensi\u00f3n m\u00e1s profunda del mundo que te rodea.\",\"publisher\":{\"@id\":\"https:\/\/www.nexoinformativo.mx\/#organization\"},\"potentialAction\":[{\"@type\":\"SearchAction\",\"target\":{\"@type\":\"EntryPoint\",\"urlTemplate\":\"https:\/\/www.nexoinformativo.mx\/?s={search_term_string}\"},\"query-input\":{\"@type\":\"PropertyValueSpecification\",\"valueRequired\":true,\"valueName\":\"search_term_string\"}}],\"inLanguage\":\"es\"},{\"@type\":\"Organization\",\"@id\":\"https:\/\/www.nexoinformativo.mx\/#organization\",\"name\":\"Nexo Informativo Santiago de Quer\u00e9taro\",\"url\":\"https:\/\/www.nexoinformativo.mx\/\",\"logo\":{\"@type\":\"ImageObject\",\"inLanguage\":\"es\",\"@id\":\"https:\/\/www.nexoinformativo.mx\/#\/schema\/logo\/image\/\",\"url\":\"https:\/\/www.nexoinformativo.mx\/wp-content\/uploads\/2024\/07\/nexoi-trasparente-2.png\",\"contentUrl\":\"https:\/\/www.nexoinformativo.mx\/wp-content\/uploads\/2024\/07\/nexoi-trasparente-2.png\",\"width\":816,\"height\":339,\"caption\":\"Nexo Informativo Santiago de Quer\u00e9taro\"},\"image\":{\"@id\":\"https:\/\/www.nexoinformativo.mx\/#\/schema\/logo\/image\/\"},\"sameAs\":[\"https:\/\/www.facebook.com\/people\/Nexo-Informativo\/61564066885511\/\"]},{\"@type\":\"Person\",\"@id\":\"https:\/\/www.nexoinformativo.mx\/#\/schema\/person\/7749d380ba08c8ca00d7bc76fd907b7d\",\"name\":\"Nexo Informativo\",\"image\":{\"@type\":\"ImageObject\",\"inLanguage\":\"es\",\"@id\":\"https:\/\/www.nexoinformativo.mx\/#\/schema\/person\/image\/\",\"url\":\"https:\/\/secure.gravatar.com\/avatar\/dde2928154642a13d95f87ddf1ea9718fe2b46760a005c53e41ff5ad610704e6?s=96&d=mm&r=g\",\"contentUrl\":\"https:\/\/secure.gravatar.com\/avatar\/dde2928154642a13d95f87ddf1ea9718fe2b46760a005c53e41ff5ad610704e6?s=96&d=mm&r=g\",\"caption\":\"Nexo Informativo\"},\"url\":\"https:\/\/www.nexoinformativo.mx\/index.php\/author\/edicion\/\"}]}<\/script>\n<!-- \/ Yoast SEO plugin. -->","yoast_head_json":{"title":"Granja El Marqu\u00e9s: Triunfo absoluto en el Campeonato Nacional Ovino | Nexo Informativo Santiago de Quer\u00e9taro","description":"Granja El Marqu\u00e9s: Triunfo absoluto en el Campeonato Nacional Ovino","robots":{"index":"index","follow":"follow","max-snippet":"max-snippet:-1","max-image-preview":"max-image-preview:large","max-video-preview":"max-video-preview:-1"},"canonical":"https:\/\/www.nexoinformativo.mx\/index.php\/2024\/12\/16\/granja-el-marques-triunfo-absoluto-en-el-campeonato-nacional-ovino\/","og_locale":"es_MX","og_type":"article","og_title":"Granja El Marqu\u00e9s: Triunfo absoluto en el Campeonato Nacional Ovino | Nexo Informativo Santiago de Quer\u00e9taro","og_description":"Granja El Marqu\u00e9s: Triunfo absoluto en el Campeonato Nacional Ovino","og_url":"https:\/\/www.nexoinformativo.mx\/index.php\/2024\/12\/16\/granja-el-marques-triunfo-absoluto-en-el-campeonato-nacional-ovino\/","og_site_name":"Nexo Informativo Santiago de Quer\u00e9taro","article_publisher":"https:\/\/www.facebook.com\/people\/Nexo-Informativo\/61564066885511\/","article_published_time":"2024-12-16T14:00:41+00:00","article_modified_time":"2024-12-16T15:20:56+00:00","og_image":[{"width":800,"height":533,"url":"https:\/\/www.nexoinformativo.mx\/wp-content\/uploads\/2024\/12\/PHOTO-2024-12-15-22-09-33-e1734362405793.jpg","type":"image\/jpeg"}],"author":"Nexo Informativo","twitter_card":"summary_large_image","twitter_misc":{"Escrito por":"Nexo Informativo","Tiempo de lectura":"2 minutos"},"schema":{"@context":"https:\/\/schema.org","@graph":[{"@type":"Article","@id":"https:\/\/www.nexoinformativo.mx\/index.php\/2024\/12\/16\/granja-el-marques-triunfo-absoluto-en-el-campeonato-nacional-ovino\/#article","isPartOf":{"@id":"https:\/\/www.nexoinformativo.mx\/index.php\/2024\/12\/16\/granja-el-marques-triunfo-absoluto-en-el-campeonato-nacional-ovino\/"},"author":{"name":"Nexo Informativo","@id":"https:\/\/www.nexoinformativo.mx\/#\/schema\/person\/7749d380ba08c8ca00d7bc76fd907b7d"},"headline":"Granja El Marqu\u00e9s: Triunfo absoluto en el Campeonato Nacional Ovino","datePublished":"2024-12-16T14:00:41+00:00","dateModified":"2024-12-16T15:20:56+00:00","mainEntityOfPage":{"@id":"https:\/\/www.nexoinformativo.mx\/index.php\/2024\/12\/16\/granja-el-marques-triunfo-absoluto-en-el-campeonato-nacional-ovino\/"},"wordCount":275,"commentCount":0,"publisher":{"@id":"https:\/\/www.nexoinformativo.mx\/#organization"},"image":{"@id":"https:\/\/www.nexoinformativo.mx\/index.php\/2024\/12\/16\/granja-el-marques-triunfo-absoluto-en-el-campeonato-nacional-ovino\/#primaryimage"},"thumbnailUrl":"https:\/\/www.nexoinformativo.mx\/wp-content\/uploads\/2024\/12\/PHOTO-2024-12-15-22-09-33-e1734362405793.jpg","keywords":["CampeonatoNacionalOvino","Ganader\u00eda","GranjaElMarqu\u00e9s","Quer\u00e9taro"],"articleSection":["Espect\u00e1culos","\u00daltima Hora"],"inLanguage":"es","potentialAction":[{"@type":"CommentAction","name":"Comment","target":["https:\/\/www.nexoinformativo.mx\/index.php\/2024\/12\/16\/granja-el-marques-triunfo-absoluto-en-el-campeonato-nacional-ovino\/#respond"]}]},{"@type":"WebPage","@id":"https:\/\/www.nexoinformativo.mx\/index.php\/2024\/12\/16\/granja-el-marques-triunfo-absoluto-en-el-campeonato-nacional-ovino\/","url":"https:\/\/www.nexoinformativo.mx\/index.php\/2024\/12\/16\/granja-el-marques-triunfo-absoluto-en-el-campeonato-nacional-ovino\/","name":"Granja El Marqu\u00e9s: Triunfo absoluto en el Campeonato Nacional Ovino | Nexo Informativo Santiago de Quer\u00e9taro","isPartOf":{"@id":"https:\/\/www.nexoinformativo.mx\/#website"},"primaryImageOfPage":{"@id":"https:\/\/www.nexoinformativo.mx\/index.php\/2024\/12\/16\/granja-el-marques-triunfo-absoluto-en-el-campeonato-nacional-ovino\/#primaryimage"},"image":{"@id":"https:\/\/www.nexoinformativo.mx\/index.php\/2024\/12\/16\/granja-el-marques-triunfo-absoluto-en-el-campeonato-nacional-ovino\/#primaryimage"},"thumbnailUrl":"https:\/\/www.nexoinformativo.mx\/wp-content\/uploads\/2024\/12\/PHOTO-2024-12-15-22-09-33-e1734362405793.jpg","datePublished":"2024-12-16T14:00:41+00:00","dateModified":"2024-12-16T15:20:56+00:00","description":"Granja El Marqu\u00e9s: Triunfo absoluto en el Campeonato Nacional Ovino","breadcrumb":{"@id":"https:\/\/www.nexoinformativo.mx\/index.php\/2024\/12\/16\/granja-el-marques-triunfo-absoluto-en-el-campeonato-nacional-ovino\/#breadcrumb"},"inLanguage":"es","potentialAction":[{"@type":"ReadAction","target":["https:\/\/www.nexoinformativo.mx\/index.php\/2024\/12\/16\/granja-el-marques-triunfo-absoluto-en-el-campeonato-nacional-ovino\/"]}]},{"@type":"ImageObject","inLanguage":"es","@id":"https:\/\/www.nexoinformativo.mx\/index.php\/2024\/12\/16\/granja-el-marques-triunfo-absoluto-en-el-campeonato-nacional-ovino\/#primaryimage","url":"https:\/\/www.nexoinformativo.mx\/wp-content\/uploads\/2024\/12\/PHOTO-2024-12-15-22-09-33-e1734362405793.jpg","contentUrl":"https:\/\/www.nexoinformativo.mx\/wp-content\/uploads\/2024\/12\/PHOTO-2024-12-15-22-09-33-e1734362405793.jpg","width":800,"height":533},{"@type":"BreadcrumbList","@id":"https:\/\/www.nexoinformativo.mx\/index.php\/2024\/12\/16\/granja-el-marques-triunfo-absoluto-en-el-campeonato-nacional-ovino\/#breadcrumb","itemListElement":[{"@type":"ListItem","position":1,"name":"Inicio","item":"https:\/\/www.nexoinformativo.mx\/"},{"@type":"ListItem","position":2,"name":"Granja El Marqu\u00e9s: Triunfo absoluto en el Campeonato Nacional Ovino"}]},{"@type":"WebSite","@id":"https:\/\/www.nexoinformativo.mx\/#website","url":"https:\/\/www.nexoinformativo.mx\/","name":"Nexo Informativo Santiago de Quer\u00e9taro","description":"Explora NexoInformativo y convi\u00e9rtete en parte de una comunidad que valora el conocimiento y la verdad. Tu nexoinformativo es tu puente hacia una comprensi\u00f3n m\u00e1s profunda del mundo que te rodea.","publisher":{"@id":"https:\/\/www.nexoinformativo.mx\/#organization"},"potentialAction":[{"@type":"SearchAction","target":{"@type":"EntryPoint","urlTemplate":"https:\/\/www.nexoinformativo.mx\/?s={search_term_string}"},"query-input":{"@type":"PropertyValueSpecification","valueRequired":true,"valueName":"search_term_string"}}],"inLanguage":"es"},{"@type":"Organization","@id":"https:\/\/www.nexoinformativo.mx\/#organization","name":"Nexo Informativo Santiago de Quer\u00e9taro","url":"https:\/\/www.nexoinformativo.mx\/","logo":{"@type":"ImageObject","inLanguage":"es","@id":"https:\/\/www.nexoinformativo.mx\/#\/schema\/logo\/image\/","url":"https:\/\/www.nexoinformativo.mx\/wp-content\/uploads\/2024\/07\/nexoi-trasparente-2.png","contentUrl":"https:\/\/www.nexoinformativo.mx\/wp-content\/uploads\/2024\/07\/nexoi-trasparente-2.png","width":816,"height":339,"caption":"Nexo Informativo Santiago de Quer\u00e9taro"},"image":{"@id":"https:\/\/www.nexoinformativo.mx\/#\/schema\/logo\/image\/"},"sameAs":["https:\/\/www.facebook.com\/people\/Nexo-Informativo\/61564066885511\/"]},{"@type":"Person","@id":"https:\/\/www.nexoinformativo.mx\/#\/schema\/person\/7749d380ba08c8ca00d7bc76fd907b7d","name":"Nexo Informativo","image":{"@type":"ImageObject","inLanguage":"es","@id":"https:\/\/www.nexoinformativo.mx\/#\/schema\/person\/image\/","url":"https:\/\/secure.gravatar.com\/avatar\/dde2928154642a13d95f87ddf1ea9718fe2b46760a005c53e41ff5ad610704e6?s=96&d=mm&r=g","contentUrl":"https:\/\/secure.gravatar.com\/avatar\/dde2928154642a13d95f87ddf1ea9718fe2b46760a005c53e41ff5ad610704e6?s=96&d=mm&r=g","caption":"Nexo Informativo"},"url":"https:\/\/www.nexoinformativo.mx\/index.php\/author\/edicion\/"}]}},"_links":{"self":[{"href":"https:\/\/www.nexoinformativo.mx\/index.php\/wp-json\/wp\/v2\/posts\/8199","targetHints":{"allow":["GET"]}}],"collection":[{"href":"https:\/\/www.nexoinformativo.mx\/index.php\/wp-json\/wp\/v2\/posts"}],"about":[{"href":"https:\/\/www.nexoinformativo.mx\/index.php\/wp-json\/wp\/v2\/types\/post"}],"author":[{"embeddable":true,"href":"https:\/\/www.nexoinformativo.mx\/index.php\/wp-json\/wp\/v2\/users\/3"}],"replies":[{"embeddable":true,"href":"https:\/\/www.nexoinformativo.mx\/index.php\/wp-json\/wp\/v2\/comments?post=8199"}],"version-history":[{"count":3,"href":"https:\/\/www.nexoinformativo.mx\/index.php\/wp-json\/wp\/v2\/posts\/8199\/revisions"}],"predecessor-version":[{"id":8203,"href":"https:\/\/www.nexoinformativo.mx\/index.php\/wp-json\/wp\/v2\/posts\/8199\/revisions\/8203"}],"wp:featuredmedia":[{"embeddable":true,"href":"https:\/\/www.nexoinformativo.mx\/index.php\/wp-json\/wp\/v2\/media\/8200"}],"wp:attachment":[{"href":"https:\/\/www.nexoinformativo.mx\/index.php\/wp-json\/wp\/v2\/media?parent=8199"}],"wp:term":[{"taxonomy":"category","embeddable":true,"href":"https:\/\/www.nexoinformativo.mx\/index.php\/wp-json\/wp\/v2\/categories?post=8199"},{"taxonomy":"post_tag","embeddable":true,"href":"https:\/\/www.nexoinformativo.mx\/index.php\/wp-json\/wp\/v2\/tags?post=8199"}],"curies":[{"name":"wp","href":"https:\/\/api.w.org\/{rel}","templated":true}]}}