{"id":8204,"date":"2024-12-16T08:30:09","date_gmt":"2024-12-16T14:30:09","guid":{"rendered":"https:\/\/www.nexoinformativo.mx\/?p=8204"},"modified":"2024-12-16T11:09:39","modified_gmt":"2024-12-16T17:09:39","slug":"cortocircuito-provoca-incendio-en-arbol-navideno-de-san-pedro-escanela-pinal-de-amoles","status":"publish","type":"post","link":"https:\/\/www.nexoinformativo.mx\/index.php\/2024\/12\/16\/cortocircuito-provoca-incendio-en-arbol-navideno-de-san-pedro-escanela-pinal-de-amoles\/","title":{"rendered":"Cortocircuito provoca incendio en \u00e1rbol navide\u00f1o de San Pedro Escanela, Pinal de Amoles"},"content":{"rendered":"<p style=\"text-align: justify;\" data-sourcepos=\"11:1-11:178\">Un susto se llevaron los habitantes de San Pedro Escanela, Pinal de Amoles, al registrarse un incendio en el \u00e1rbol de Navidad instalado en la plaza principal de la comunidad.<\/p>\n<p>&nbsp;<\/p>\n<p style=\"text-align: justify;\" data-sourcepos=\"13:1-13:270\">De acuerdo con las autoridades, el fuego se inici\u00f3 presuntamente por un cortocircuito en las instalaciones el\u00e9ctricas del \u00e1rbol. Afortunadamente, gracias a la r\u00e1pida intervenci\u00f3n de los vecinos, las llamas pudieron ser controladas y no se reportaron personas lesionadas.<\/p>\n<p>&nbsp;<\/p>\n<p style=\"text-align: justify;\" data-sourcepos=\"15:1-15:168\"><strong>\u201cEl incidente solo caus\u00f3 da\u00f1os materiales en la estructura navide\u00f1a, sin afectar a las familias\u201d<\/strong>, informaron las autoridades municipales a trav\u00e9s de sus redes sociales.<\/p>\n<p>&nbsp;<\/p>\n<p style=\"text-align: justify;\" data-sourcepos=\"17:1-17:187\">Ante este suceso, el municipio de Pinal de Amoles se comprometi\u00f3 a realizar las reparaciones necesarias para que los ciudadanos puedan continuar disfrutando de las festividades navide\u00f1as.<\/p>\n<p>&nbsp;<\/p>\n<p style=\"text-align: center;\" data-sourcepos=\"17:1-17:187\"><em><strong>\u00a1Informaci\u00f3n que transforma!<\/strong><\/em><\/p>\n","protected":false},"excerpt":{"rendered":"<p>Un susto se llevaron los habitantes de San Pedro Escanela, Pinal de Amoles, al registrarse un incendio en el \u00e1rbol de Navidad instalado en la plaza principal de la comunidad.<\/p>\n","protected":false},"author":3,"featured_media":8207,"comment_status":"open","ping_status":"open","sticky":false,"template":"","format":"standard","meta":{"footnotes":""},"categories":[137,58],"tags":[2686,601,133,2687],"class_list":["post-8204","post","type-post","status-publish","format-standard","has-post-thumbnail","hentry","category-sucesos","category-ultima-hora","tag-incendionavidad","tag-pinaldeamoles","tag-queretaro","tag-sanpedroescanela"],"yoast_head":"<!-- This site is optimized with the Yoast SEO plugin v25.0 - https:\/\/yoast.com\/wordpress\/plugins\/seo\/ -->\n<title>Cortocircuito provoca incendio en \u00e1rbol navide\u00f1o de San Pedro Escanela, Pinal de Amoles | Nexo Informativo Santiago de Quer\u00e9taro<\/title>\n<meta name=\"description\" content=\"Cortocircuito provoca incendio en \u00e1rbol navide\u00f1o de San Pedro Escanela, Pinal de Amoles\" \/>\n<meta name=\"robots\" content=\"index, follow, max-snippet:-1, max-image-preview:large, max-video-preview:-1\" \/>\n<link rel=\"canonical\" href=\"https:\/\/www.nexoinformativo.mx\/index.php\/2024\/12\/16\/cortocircuito-provoca-incendio-en-arbol-navideno-de-san-pedro-escanela-pinal-de-amoles\/\" \/>\n<meta property=\"og:locale\" content=\"es_MX\" \/>\n<meta property=\"og:type\" content=\"article\" \/>\n<meta property=\"og:title\" content=\"Cortocircuito provoca incendio en \u00e1rbol navide\u00f1o de San Pedro Escanela, Pinal de Amoles | Nexo Informativo Santiago de Quer\u00e9taro\" \/>\n<meta property=\"og:description\" content=\"Cortocircuito provoca incendio en \u00e1rbol navide\u00f1o de San Pedro Escanela, Pinal de Amoles\" \/>\n<meta property=\"og:url\" content=\"https:\/\/www.nexoinformativo.mx\/index.php\/2024\/12\/16\/cortocircuito-provoca-incendio-en-arbol-navideno-de-san-pedro-escanela-pinal-de-amoles\/\" \/>\n<meta property=\"og:site_name\" content=\"Nexo Informativo Santiago de Quer\u00e9taro\" \/>\n<meta property=\"article:publisher\" content=\"https:\/\/www.facebook.com\/people\/Nexo-Informativo\/61564066885511\/\" \/>\n<meta property=\"article:published_time\" content=\"2024-12-16T14:30:09+00:00\" \/>\n<meta property=\"article:modified_time\" content=\"2024-12-16T17:09:39+00:00\" \/>\n<meta property=\"og:image\" content=\"https:\/\/www.nexoinformativo.mx\/wp-content\/uploads\/2024\/12\/IMG_3944-e1734368973686.jpg\" \/>\n\t<meta property=\"og:image:width\" content=\"700\" \/>\n\t<meta property=\"og:image:height\" content=\"700\" \/>\n\t<meta property=\"og:image:type\" content=\"image\/jpeg\" \/>\n<meta name=\"author\" content=\"Nexo Informativo\" \/>\n<meta name=\"twitter:card\" content=\"summary_large_image\" \/>\n<meta name=\"twitter:label1\" content=\"Escrito por\" \/>\n\t<meta name=\"twitter:data1\" content=\"Nexo Informativo\" \/>\n\t<meta name=\"twitter:label2\" content=\"Tiempo de lectura\" \/>\n\t<meta name=\"twitter:data2\" content=\"1 minuto\" \/>\n<script type=\"application\/ld+json\" class=\"yoast-schema-graph\">{\"@context\":\"https:\/\/schema.org\",\"@graph\":[{\"@type\":\"Article\",\"@id\":\"https:\/\/www.nexoinformativo.mx\/index.php\/2024\/12\/16\/cortocircuito-provoca-incendio-en-arbol-navideno-de-san-pedro-escanela-pinal-de-amoles\/#article\",\"isPartOf\":{\"@id\":\"https:\/\/www.nexoinformativo.mx\/index.php\/2024\/12\/16\/cortocircuito-provoca-incendio-en-arbol-navideno-de-san-pedro-escanela-pinal-de-amoles\/\"},\"author\":{\"name\":\"Nexo Informativo\",\"@id\":\"https:\/\/www.nexoinformativo.mx\/#\/schema\/person\/7749d380ba08c8ca00d7bc76fd907b7d\"},\"headline\":\"Cortocircuito provoca incendio en \u00e1rbol navide\u00f1o de San Pedro Escanela, Pinal de Amoles\",\"datePublished\":\"2024-12-16T14:30:09+00:00\",\"dateModified\":\"2024-12-16T17:09:39+00:00\",\"mainEntityOfPage\":{\"@id\":\"https:\/\/www.nexoinformativo.mx\/index.php\/2024\/12\/16\/cortocircuito-provoca-incendio-en-arbol-navideno-de-san-pedro-escanela-pinal-de-amoles\/\"},\"wordCount\":150,\"commentCount\":0,\"publisher\":{\"@id\":\"https:\/\/www.nexoinformativo.mx\/#organization\"},\"image\":{\"@id\":\"https:\/\/www.nexoinformativo.mx\/index.php\/2024\/12\/16\/cortocircuito-provoca-incendio-en-arbol-navideno-de-san-pedro-escanela-pinal-de-amoles\/#primaryimage\"},\"thumbnailUrl\":\"https:\/\/www.nexoinformativo.mx\/wp-content\/uploads\/2024\/12\/IMG_3944-e1734368973686.jpg\",\"keywords\":[\"IncendioNavidad\",\"PinalDeAmoles\",\"Quer\u00e9taro\",\"SanPedroEscanela\"],\"articleSection\":[\"Sucesos\",\"\u00daltima Hora\"],\"inLanguage\":\"es\",\"potentialAction\":[{\"@type\":\"CommentAction\",\"name\":\"Comment\",\"target\":[\"https:\/\/www.nexoinformativo.mx\/index.php\/2024\/12\/16\/cortocircuito-provoca-incendio-en-arbol-navideno-de-san-pedro-escanela-pinal-de-amoles\/#respond\"]}]},{\"@type\":\"WebPage\",\"@id\":\"https:\/\/www.nexoinformativo.mx\/index.php\/2024\/12\/16\/cortocircuito-provoca-incendio-en-arbol-navideno-de-san-pedro-escanela-pinal-de-amoles\/\",\"url\":\"https:\/\/www.nexoinformativo.mx\/index.php\/2024\/12\/16\/cortocircuito-provoca-incendio-en-arbol-navideno-de-san-pedro-escanela-pinal-de-amoles\/\",\"name\":\"Cortocircuito provoca incendio en \u00e1rbol navide\u00f1o de San Pedro Escanela, Pinal de Amoles | Nexo Informativo Santiago de Quer\u00e9taro\",\"isPartOf\":{\"@id\":\"https:\/\/www.nexoinformativo.mx\/#website\"},\"primaryImageOfPage\":{\"@id\":\"https:\/\/www.nexoinformativo.mx\/index.php\/2024\/12\/16\/cortocircuito-provoca-incendio-en-arbol-navideno-de-san-pedro-escanela-pinal-de-amoles\/#primaryimage\"},\"image\":{\"@id\":\"https:\/\/www.nexoinformativo.mx\/index.php\/2024\/12\/16\/cortocircuito-provoca-incendio-en-arbol-navideno-de-san-pedro-escanela-pinal-de-amoles\/#primaryimage\"},\"thumbnailUrl\":\"https:\/\/www.nexoinformativo.mx\/wp-content\/uploads\/2024\/12\/IMG_3944-e1734368973686.jpg\",\"datePublished\":\"2024-12-16T14:30:09+00:00\",\"dateModified\":\"2024-12-16T17:09:39+00:00\",\"description\":\"Cortocircuito provoca incendio en \u00e1rbol navide\u00f1o de San Pedro Escanela, Pinal de Amoles\",\"breadcrumb\":{\"@id\":\"https:\/\/www.nexoinformativo.mx\/index.php\/2024\/12\/16\/cortocircuito-provoca-incendio-en-arbol-navideno-de-san-pedro-escanela-pinal-de-amoles\/#breadcrumb\"},\"inLanguage\":\"es\",\"potentialAction\":[{\"@type\":\"ReadAction\",\"target\":[\"https:\/\/www.nexoinformativo.mx\/index.php\/2024\/12\/16\/cortocircuito-provoca-incendio-en-arbol-navideno-de-san-pedro-escanela-pinal-de-amoles\/\"]}]},{\"@type\":\"ImageObject\",\"inLanguage\":\"es\",\"@id\":\"https:\/\/www.nexoinformativo.mx\/index.php\/2024\/12\/16\/cortocircuito-provoca-incendio-en-arbol-navideno-de-san-pedro-escanela-pinal-de-amoles\/#primaryimage\",\"url\":\"https:\/\/www.nexoinformativo.mx\/wp-content\/uploads\/2024\/12\/IMG_3944-e1734368973686.jpg\",\"contentUrl\":\"https:\/\/www.nexoinformativo.mx\/wp-content\/uploads\/2024\/12\/IMG_3944-e1734368973686.jpg\",\"width\":700,\"height\":700},{\"@type\":\"BreadcrumbList\",\"@id\":\"https:\/\/www.nexoinformativo.mx\/index.php\/2024\/12\/16\/cortocircuito-provoca-incendio-en-arbol-navideno-de-san-pedro-escanela-pinal-de-amoles\/#breadcrumb\",\"itemListElement\":[{\"@type\":\"ListItem\",\"position\":1,\"name\":\"Inicio\",\"item\":\"https:\/\/www.nexoinformativo.mx\/\"},{\"@type\":\"ListItem\",\"position\":2,\"name\":\"Cortocircuito provoca incendio en \u00e1rbol navide\u00f1o de San Pedro Escanela, Pinal de Amoles\"}]},{\"@type\":\"WebSite\",\"@id\":\"https:\/\/www.nexoinformativo.mx\/#website\",\"url\":\"https:\/\/www.nexoinformativo.mx\/\",\"name\":\"Nexo Informativo Santiago de Quer\u00e9taro\",\"description\":\"Explora NexoInformativo y convi\u00e9rtete en parte de una comunidad que valora el conocimiento y la verdad. Tu nexoinformativo es tu puente hacia una comprensi\u00f3n m\u00e1s profunda del mundo que te rodea.\",\"publisher\":{\"@id\":\"https:\/\/www.nexoinformativo.mx\/#organization\"},\"potentialAction\":[{\"@type\":\"SearchAction\",\"target\":{\"@type\":\"EntryPoint\",\"urlTemplate\":\"https:\/\/www.nexoinformativo.mx\/?s={search_term_string}\"},\"query-input\":{\"@type\":\"PropertyValueSpecification\",\"valueRequired\":true,\"valueName\":\"search_term_string\"}}],\"inLanguage\":\"es\"},{\"@type\":\"Organization\",\"@id\":\"https:\/\/www.nexoinformativo.mx\/#organization\",\"name\":\"Nexo Informativo Santiago de Quer\u00e9taro\",\"url\":\"https:\/\/www.nexoinformativo.mx\/\",\"logo\":{\"@type\":\"ImageObject\",\"inLanguage\":\"es\",\"@id\":\"https:\/\/www.nexoinformativo.mx\/#\/schema\/logo\/image\/\",\"url\":\"https:\/\/www.nexoinformativo.mx\/wp-content\/uploads\/2024\/07\/nexoi-trasparente-2.png\",\"contentUrl\":\"https:\/\/www.nexoinformativo.mx\/wp-content\/uploads\/2024\/07\/nexoi-trasparente-2.png\",\"width\":816,\"height\":339,\"caption\":\"Nexo Informativo Santiago de Quer\u00e9taro\"},\"image\":{\"@id\":\"https:\/\/www.nexoinformativo.mx\/#\/schema\/logo\/image\/\"},\"sameAs\":[\"https:\/\/www.facebook.com\/people\/Nexo-Informativo\/61564066885511\/\"]},{\"@type\":\"Person\",\"@id\":\"https:\/\/www.nexoinformativo.mx\/#\/schema\/person\/7749d380ba08c8ca00d7bc76fd907b7d\",\"name\":\"Nexo Informativo\",\"image\":{\"@type\":\"ImageObject\",\"inLanguage\":\"es\",\"@id\":\"https:\/\/www.nexoinformativo.mx\/#\/schema\/person\/image\/\",\"url\":\"https:\/\/secure.gravatar.com\/avatar\/dde2928154642a13d95f87ddf1ea9718fe2b46760a005c53e41ff5ad610704e6?s=96&d=mm&r=g\",\"contentUrl\":\"https:\/\/secure.gravatar.com\/avatar\/dde2928154642a13d95f87ddf1ea9718fe2b46760a005c53e41ff5ad610704e6?s=96&d=mm&r=g\",\"caption\":\"Nexo Informativo\"},\"url\":\"https:\/\/www.nexoinformativo.mx\/index.php\/author\/edicion\/\"}]}<\/script>\n<!-- \/ Yoast SEO plugin. -->","yoast_head_json":{"title":"Cortocircuito provoca incendio en \u00e1rbol navide\u00f1o de San Pedro Escanela, Pinal de Amoles | Nexo Informativo Santiago de Quer\u00e9taro","description":"Cortocircuito provoca incendio en \u00e1rbol navide\u00f1o de San Pedro Escanela, Pinal de Amoles","robots":{"index":"index","follow":"follow","max-snippet":"max-snippet:-1","max-image-preview":"max-image-preview:large","max-video-preview":"max-video-preview:-1"},"canonical":"https:\/\/www.nexoinformativo.mx\/index.php\/2024\/12\/16\/cortocircuito-provoca-incendio-en-arbol-navideno-de-san-pedro-escanela-pinal-de-amoles\/","og_locale":"es_MX","og_type":"article","og_title":"Cortocircuito provoca incendio en \u00e1rbol navide\u00f1o de San Pedro Escanela, Pinal de Amoles | Nexo Informativo Santiago de Quer\u00e9taro","og_description":"Cortocircuito provoca incendio en \u00e1rbol navide\u00f1o de San Pedro Escanela, Pinal de Amoles","og_url":"https:\/\/www.nexoinformativo.mx\/index.php\/2024\/12\/16\/cortocircuito-provoca-incendio-en-arbol-navideno-de-san-pedro-escanela-pinal-de-amoles\/","og_site_name":"Nexo Informativo Santiago de Quer\u00e9taro","article_publisher":"https:\/\/www.facebook.com\/people\/Nexo-Informativo\/61564066885511\/","article_published_time":"2024-12-16T14:30:09+00:00","article_modified_time":"2024-12-16T17:09:39+00:00","og_image":[{"width":700,"height":700,"url":"https:\/\/www.nexoinformativo.mx\/wp-content\/uploads\/2024\/12\/IMG_3944-e1734368973686.jpg","type":"image\/jpeg"}],"author":"Nexo Informativo","twitter_card":"summary_large_image","twitter_misc":{"Escrito por":"Nexo Informativo","Tiempo de lectura":"1 minuto"},"schema":{"@context":"https:\/\/schema.org","@graph":[{"@type":"Article","@id":"https:\/\/www.nexoinformativo.mx\/index.php\/2024\/12\/16\/cortocircuito-provoca-incendio-en-arbol-navideno-de-san-pedro-escanela-pinal-de-amoles\/#article","isPartOf":{"@id":"https:\/\/www.nexoinformativo.mx\/index.php\/2024\/12\/16\/cortocircuito-provoca-incendio-en-arbol-navideno-de-san-pedro-escanela-pinal-de-amoles\/"},"author":{"name":"Nexo Informativo","@id":"https:\/\/www.nexoinformativo.mx\/#\/schema\/person\/7749d380ba08c8ca00d7bc76fd907b7d"},"headline":"Cortocircuito provoca incendio en \u00e1rbol navide\u00f1o de San Pedro Escanela, Pinal de Amoles","datePublished":"2024-12-16T14:30:09+00:00","dateModified":"2024-12-16T17:09:39+00:00","mainEntityOfPage":{"@id":"https:\/\/www.nexoinformativo.mx\/index.php\/2024\/12\/16\/cortocircuito-provoca-incendio-en-arbol-navideno-de-san-pedro-escanela-pinal-de-amoles\/"},"wordCount":150,"commentCount":0,"publisher":{"@id":"https:\/\/www.nexoinformativo.mx\/#organization"},"image":{"@id":"https:\/\/www.nexoinformativo.mx\/index.php\/2024\/12\/16\/cortocircuito-provoca-incendio-en-arbol-navideno-de-san-pedro-escanela-pinal-de-amoles\/#primaryimage"},"thumbnailUrl":"https:\/\/www.nexoinformativo.mx\/wp-content\/uploads\/2024\/12\/IMG_3944-e1734368973686.jpg","keywords":["IncendioNavidad","PinalDeAmoles","Quer\u00e9taro","SanPedroEscanela"],"articleSection":["Sucesos","\u00daltima Hora"],"inLanguage":"es","potentialAction":[{"@type":"CommentAction","name":"Comment","target":["https:\/\/www.nexoinformativo.mx\/index.php\/2024\/12\/16\/cortocircuito-provoca-incendio-en-arbol-navideno-de-san-pedro-escanela-pinal-de-amoles\/#respond"]}]},{"@type":"WebPage","@id":"https:\/\/www.nexoinformativo.mx\/index.php\/2024\/12\/16\/cortocircuito-provoca-incendio-en-arbol-navideno-de-san-pedro-escanela-pinal-de-amoles\/","url":"https:\/\/www.nexoinformativo.mx\/index.php\/2024\/12\/16\/cortocircuito-provoca-incendio-en-arbol-navideno-de-san-pedro-escanela-pinal-de-amoles\/","name":"Cortocircuito provoca incendio en \u00e1rbol navide\u00f1o de San Pedro Escanela, Pinal de Amoles | Nexo Informativo Santiago de Quer\u00e9taro","isPartOf":{"@id":"https:\/\/www.nexoinformativo.mx\/#website"},"primaryImageOfPage":{"@id":"https:\/\/www.nexoinformativo.mx\/index.php\/2024\/12\/16\/cortocircuito-provoca-incendio-en-arbol-navideno-de-san-pedro-escanela-pinal-de-amoles\/#primaryimage"},"image":{"@id":"https:\/\/www.nexoinformativo.mx\/index.php\/2024\/12\/16\/cortocircuito-provoca-incendio-en-arbol-navideno-de-san-pedro-escanela-pinal-de-amoles\/#primaryimage"},"thumbnailUrl":"https:\/\/www.nexoinformativo.mx\/wp-content\/uploads\/2024\/12\/IMG_3944-e1734368973686.jpg","datePublished":"2024-12-16T14:30:09+00:00","dateModified":"2024-12-16T17:09:39+00:00","description":"Cortocircuito provoca incendio en \u00e1rbol navide\u00f1o de San Pedro Escanela, Pinal de Amoles","breadcrumb":{"@id":"https:\/\/www.nexoinformativo.mx\/index.php\/2024\/12\/16\/cortocircuito-provoca-incendio-en-arbol-navideno-de-san-pedro-escanela-pinal-de-amoles\/#breadcrumb"},"inLanguage":"es","potentialAction":[{"@type":"ReadAction","target":["https:\/\/www.nexoinformativo.mx\/index.php\/2024\/12\/16\/cortocircuito-provoca-incendio-en-arbol-navideno-de-san-pedro-escanela-pinal-de-amoles\/"]}]},{"@type":"ImageObject","inLanguage":"es","@id":"https:\/\/www.nexoinformativo.mx\/index.php\/2024\/12\/16\/cortocircuito-provoca-incendio-en-arbol-navideno-de-san-pedro-escanela-pinal-de-amoles\/#primaryimage","url":"https:\/\/www.nexoinformativo.mx\/wp-content\/uploads\/2024\/12\/IMG_3944-e1734368973686.jpg","contentUrl":"https:\/\/www.nexoinformativo.mx\/wp-content\/uploads\/2024\/12\/IMG_3944-e1734368973686.jpg","width":700,"height":700},{"@type":"BreadcrumbList","@id":"https:\/\/www.nexoinformativo.mx\/index.php\/2024\/12\/16\/cortocircuito-provoca-incendio-en-arbol-navideno-de-san-pedro-escanela-pinal-de-amoles\/#breadcrumb","itemListElement":[{"@type":"ListItem","position":1,"name":"Inicio","item":"https:\/\/www.nexoinformativo.mx\/"},{"@type":"ListItem","position":2,"name":"Cortocircuito provoca incendio en \u00e1rbol navide\u00f1o de San Pedro Escanela, Pinal de Amoles"}]},{"@type":"WebSite","@id":"https:\/\/www.nexoinformativo.mx\/#website","url":"https:\/\/www.nexoinformativo.mx\/","name":"Nexo Informativo Santiago de Quer\u00e9taro","description":"Explora NexoInformativo y convi\u00e9rtete en parte de una comunidad que valora el conocimiento y la verdad. Tu nexoinformativo es tu puente hacia una comprensi\u00f3n m\u00e1s profunda del mundo que te rodea.","publisher":{"@id":"https:\/\/www.nexoinformativo.mx\/#organization"},"potentialAction":[{"@type":"SearchAction","target":{"@type":"EntryPoint","urlTemplate":"https:\/\/www.nexoinformativo.mx\/?s={search_term_string}"},"query-input":{"@type":"PropertyValueSpecification","valueRequired":true,"valueName":"search_term_string"}}],"inLanguage":"es"},{"@type":"Organization","@id":"https:\/\/www.nexoinformativo.mx\/#organization","name":"Nexo Informativo Santiago de Quer\u00e9taro","url":"https:\/\/www.nexoinformativo.mx\/","logo":{"@type":"ImageObject","inLanguage":"es","@id":"https:\/\/www.nexoinformativo.mx\/#\/schema\/logo\/image\/","url":"https:\/\/www.nexoinformativo.mx\/wp-content\/uploads\/2024\/07\/nexoi-trasparente-2.png","contentUrl":"https:\/\/www.nexoinformativo.mx\/wp-content\/uploads\/2024\/07\/nexoi-trasparente-2.png","width":816,"height":339,"caption":"Nexo Informativo Santiago de Quer\u00e9taro"},"image":{"@id":"https:\/\/www.nexoinformativo.mx\/#\/schema\/logo\/image\/"},"sameAs":["https:\/\/www.facebook.com\/people\/Nexo-Informativo\/61564066885511\/"]},{"@type":"Person","@id":"https:\/\/www.nexoinformativo.mx\/#\/schema\/person\/7749d380ba08c8ca00d7bc76fd907b7d","name":"Nexo Informativo","image":{"@type":"ImageObject","inLanguage":"es","@id":"https:\/\/www.nexoinformativo.mx\/#\/schema\/person\/image\/","url":"https:\/\/secure.gravatar.com\/avatar\/dde2928154642a13d95f87ddf1ea9718fe2b46760a005c53e41ff5ad610704e6?s=96&d=mm&r=g","contentUrl":"https:\/\/secure.gravatar.com\/avatar\/dde2928154642a13d95f87ddf1ea9718fe2b46760a005c53e41ff5ad610704e6?s=96&d=mm&r=g","caption":"Nexo Informativo"},"url":"https:\/\/www.nexoinformativo.mx\/index.php\/author\/edicion\/"}]}},"_links":{"self":[{"href":"https:\/\/www.nexoinformativo.mx\/index.php\/wp-json\/wp\/v2\/posts\/8204","targetHints":{"allow":["GET"]}}],"collection":[{"href":"https:\/\/www.nexoinformativo.mx\/index.php\/wp-json\/wp\/v2\/posts"}],"about":[{"href":"https:\/\/www.nexoinformativo.mx\/index.php\/wp-json\/wp\/v2\/types\/post"}],"author":[{"embeddable":true,"href":"https:\/\/www.nexoinformativo.mx\/index.php\/wp-json\/wp\/v2\/users\/3"}],"replies":[{"embeddable":true,"href":"https:\/\/www.nexoinformativo.mx\/index.php\/wp-json\/wp\/v2\/comments?post=8204"}],"version-history":[{"count":3,"href":"https:\/\/www.nexoinformativo.mx\/index.php\/wp-json\/wp\/v2\/posts\/8204\/revisions"}],"predecessor-version":[{"id":8208,"href":"https:\/\/www.nexoinformativo.mx\/index.php\/wp-json\/wp\/v2\/posts\/8204\/revisions\/8208"}],"wp:featuredmedia":[{"embeddable":true,"href":"https:\/\/www.nexoinformativo.mx\/index.php\/wp-json\/wp\/v2\/media\/8207"}],"wp:attachment":[{"href":"https:\/\/www.nexoinformativo.mx\/index.php\/wp-json\/wp\/v2\/media?parent=8204"}],"wp:term":[{"taxonomy":"category","embeddable":true,"href":"https:\/\/www.nexoinformativo.mx\/index.php\/wp-json\/wp\/v2\/categories?post=8204"},{"taxonomy":"post_tag","embeddable":true,"href":"https:\/\/www.nexoinformativo.mx\/index.php\/wp-json\/wp\/v2\/tags?post=8204"}],"curies":[{"name":"wp","href":"https:\/\/api.w.org\/{rel}","templated":true}]}}