{"id":8209,"date":"2024-12-16T09:00:53","date_gmt":"2024-12-16T15:00:53","guid":{"rendered":"https:\/\/www.nexoinformativo.mx\/?p=8209"},"modified":"2024-12-16T11:15:13","modified_gmt":"2024-12-16T17:15:13","slug":"chepe-guerrero-firma-acuerdo-historico-con-san-antonio-para-fortalecer-lazos","status":"publish","type":"post","link":"https:\/\/www.nexoinformativo.mx\/index.php\/2024\/12\/16\/chepe-guerrero-firma-acuerdo-historico-con-san-antonio-para-fortalecer-lazos\/","title":{"rendered":"Chepe Guerrero firma acuerdo hist\u00f3rico con San Antonio para fortalecer lazos"},"content":{"rendered":"<p style=\"text-align: justify;\" data-sourcepos=\"11:1-11:286\">En un acuerdo hist\u00f3rico de colaboraci\u00f3n, el presidente municipal de Corregidora, Chepe Guerrero, y el alcalde de San Antonio, Texas, Ronald Nirenberg, firmaron un memor\u00e1ndum de entendimiento que fortalecer\u00e1 los lazos entre ambas ciudades y abrir\u00e1 nuevas oportunidades de desarrollo.<\/p>\n<p>&nbsp;<\/p>\n<p style=\"text-align: justify;\" data-sourcepos=\"13:1-13:339\">Este acuerdo permitir\u00e1 a Corregidora y San Antonio intercambiar conocimientos y mejores pr\u00e1cticas en diversos \u00e1mbitos, como desarrollo econ\u00f3mico, turismo, cuidado del medio ambiente y planificaci\u00f3n urbana.<\/p>\n<p>&nbsp;<\/p>\n<p style=\"text-align: justify;\" data-sourcepos=\"13:1-13:339\">Ambas ciudades comparten una rica historia y un gran potencial para colaborar en proyectos conjuntos que beneficien a sus ciudadanos.<\/p>\n<p>&nbsp;<\/p>\n<p style=\"text-align: justify;\" data-sourcepos=\"15:1-15:313\"><strong>&#8220;Cuando compartimos conocimientos y trabajamos codo a codo, suceden grandes cosas&#8221;<\/strong>, afirm\u00f3 Chepe Guerrero durante la firma del convenio.<\/p>\n<p>&nbsp;<\/p>\n<p style=\"text-align: justify;\" data-sourcepos=\"15:1-15:313\">El alcalde destac\u00f3 la importancia de esta alianza estrat\u00e9gica para impulsar el crecimiento econ\u00f3mico de ambas regiones y mejorar la calidad de vida de sus habitantes.\u00a0Entre los principales puntos del acuerdo destacan:<\/p>\n<p>&nbsp;<\/p>\n<p style=\"text-align: justify;\">&#8211;<strong>Desarrollo econ\u00f3mico:<\/strong> Fomento de la inversi\u00f3n y el comercio entre ambas ciudades.<\/p>\n<p style=\"text-align: justify;\">&#8211;<strong>Turismo:<\/strong> Promoci\u00f3n de rutas tur\u00edsticas conjuntas y fortalecimiento de la oferta cultural.<\/p>\n<p style=\"text-align: justify;\">&#8211;<strong>Medio ambiente:<\/strong> Colaboraci\u00f3n en proyectos de cuidado del medio ambiente, como la preservaci\u00f3n de r\u00edos y espacios verdes.<\/p>\n<p style=\"text-align: justify;\">&#8211;<strong>Planificaci\u00f3n urbana:<\/strong> Intercambio de experiencias en materia de movilidad y desarrollo urbano sostenible.<\/p>\n<p>&nbsp;<\/p>\n<p style=\"text-align: justify;\" data-sourcepos=\"24:1-24:225\">Para llevar a cabo este acuerdo, se establecer\u00e1n mesas de trabajo donde participar\u00e1n expertos de ambas ciudades.En las pr\u00f3ximas semanas, se realizar\u00e1n reuniones virtuales para definir las primeras acciones a implementar.<\/p>\n<p>&nbsp;<\/p>\n<p style=\"text-align: justify;\" data-sourcepos=\"26:1-26:155\">Con esta alianza, Corregidora y San Antonio se consolidan como referentes en materia de cooperaci\u00f3n internacional y demuestran que la uni\u00f3n hace la fuerza.<\/p>\n<p>&nbsp;<\/p>\n<p style=\"text-align: center;\" data-sourcepos=\"26:1-26:155\"><em><strong>\u00a1Informaci\u00f3n que transforma!<\/strong><\/em><\/p>\n","protected":false},"excerpt":{"rendered":"<p>En un acuerdo hist\u00f3rico de colaboraci\u00f3n, el presidente municipal de Corregidora, Chepe Guerrero, y el alcalde de San Antonio, Texas, Ronald Nirenberg, firmaron un memor\u00e1ndum de entendimiento que fortalecer\u00e1 los lazos entre ambas ciudades y abrir\u00e1 nuevas oportunidades de desarrollo.<\/p>\n","protected":false},"author":3,"featured_media":8210,"comment_status":"open","ping_status":"open","sticky":false,"template":"","format":"standard","meta":{"footnotes":""},"categories":[5,65,58],"tags":[926,233,1060,2688],"class_list":["post-8209","post","type-post","status-publish","format-standard","has-post-thumbnail","hentry","category-economia","category-municipios","category-ultima-hora","tag-cooperacioninternacional","tag-corregidora","tag-desarrollosostenible","tag-sanantonio"],"yoast_head":"<!-- This site is optimized with the Yoast SEO plugin v25.0 - https:\/\/yoast.com\/wordpress\/plugins\/seo\/ -->\n<title>Chepe Guerrero firma acuerdo hist\u00f3rico con San Antonio para fortalecer lazos | Nexo Informativo Santiago de Quer\u00e9taro<\/title>\n<meta name=\"description\" content=\"Chepe Guerrero firma acuerdo hist\u00f3rico con San Antonio para fortalecer lazos\" \/>\n<meta name=\"robots\" content=\"index, follow, max-snippet:-1, max-image-preview:large, max-video-preview:-1\" \/>\n<link rel=\"canonical\" href=\"https:\/\/www.nexoinformativo.mx\/index.php\/2024\/12\/16\/chepe-guerrero-firma-acuerdo-historico-con-san-antonio-para-fortalecer-lazos\/\" \/>\n<meta property=\"og:locale\" content=\"es_MX\" \/>\n<meta property=\"og:type\" content=\"article\" \/>\n<meta property=\"og:title\" content=\"Chepe Guerrero firma acuerdo hist\u00f3rico con San Antonio para fortalecer lazos | Nexo Informativo Santiago de Quer\u00e9taro\" \/>\n<meta property=\"og:description\" content=\"Chepe Guerrero firma acuerdo hist\u00f3rico con San Antonio para fortalecer lazos\" \/>\n<meta property=\"og:url\" content=\"https:\/\/www.nexoinformativo.mx\/index.php\/2024\/12\/16\/chepe-guerrero-firma-acuerdo-historico-con-san-antonio-para-fortalecer-lazos\/\" \/>\n<meta property=\"og:site_name\" content=\"Nexo Informativo Santiago de Quer\u00e9taro\" \/>\n<meta property=\"article:publisher\" content=\"https:\/\/www.facebook.com\/people\/Nexo-Informativo\/61564066885511\/\" \/>\n<meta property=\"article:published_time\" content=\"2024-12-16T15:00:53+00:00\" \/>\n<meta property=\"article:modified_time\" content=\"2024-12-16T17:15:13+00:00\" \/>\n<meta property=\"og:image\" content=\"https:\/\/www.nexoinformativo.mx\/wp-content\/uploads\/2024\/12\/IMG_3948-e1734369212346.jpg\" \/>\n\t<meta property=\"og:image:width\" content=\"700\" \/>\n\t<meta property=\"og:image:height\" content=\"700\" \/>\n\t<meta property=\"og:image:type\" content=\"image\/jpeg\" \/>\n<meta name=\"author\" content=\"Nexo Informativo\" \/>\n<meta name=\"twitter:card\" content=\"summary_large_image\" \/>\n<meta name=\"twitter:label1\" content=\"Escrito por\" \/>\n\t<meta name=\"twitter:data1\" content=\"Nexo Informativo\" \/>\n\t<meta name=\"twitter:label2\" content=\"Tiempo de lectura\" \/>\n\t<meta name=\"twitter:data2\" content=\"2 minutos\" \/>\n<script type=\"application\/ld+json\" class=\"yoast-schema-graph\">{\"@context\":\"https:\/\/schema.org\",\"@graph\":[{\"@type\":\"Article\",\"@id\":\"https:\/\/www.nexoinformativo.mx\/index.php\/2024\/12\/16\/chepe-guerrero-firma-acuerdo-historico-con-san-antonio-para-fortalecer-lazos\/#article\",\"isPartOf\":{\"@id\":\"https:\/\/www.nexoinformativo.mx\/index.php\/2024\/12\/16\/chepe-guerrero-firma-acuerdo-historico-con-san-antonio-para-fortalecer-lazos\/\"},\"author\":{\"name\":\"Nexo Informativo\",\"@id\":\"https:\/\/www.nexoinformativo.mx\/#\/schema\/person\/7749d380ba08c8ca00d7bc76fd907b7d\"},\"headline\":\"Chepe Guerrero firma acuerdo hist\u00f3rico con San Antonio para fortalecer lazos\",\"datePublished\":\"2024-12-16T15:00:53+00:00\",\"dateModified\":\"2024-12-16T17:15:13+00:00\",\"mainEntityOfPage\":{\"@id\":\"https:\/\/www.nexoinformativo.mx\/index.php\/2024\/12\/16\/chepe-guerrero-firma-acuerdo-historico-con-san-antonio-para-fortalecer-lazos\/\"},\"wordCount\":296,\"commentCount\":0,\"publisher\":{\"@id\":\"https:\/\/www.nexoinformativo.mx\/#organization\"},\"image\":{\"@id\":\"https:\/\/www.nexoinformativo.mx\/index.php\/2024\/12\/16\/chepe-guerrero-firma-acuerdo-historico-con-san-antonio-para-fortalecer-lazos\/#primaryimage\"},\"thumbnailUrl\":\"https:\/\/www.nexoinformativo.mx\/wp-content\/uploads\/2024\/12\/IMG_3948-e1734369212346.jpg\",\"keywords\":[\"Cooperaci\u00f3nInternacional\",\"Corregidora\",\"DesarrolloSostenible\",\"SanAntonio\"],\"articleSection\":[\"Econom\u00eda\",\"Municipios\",\"\u00daltima Hora\"],\"inLanguage\":\"es\",\"potentialAction\":[{\"@type\":\"CommentAction\",\"name\":\"Comment\",\"target\":[\"https:\/\/www.nexoinformativo.mx\/index.php\/2024\/12\/16\/chepe-guerrero-firma-acuerdo-historico-con-san-antonio-para-fortalecer-lazos\/#respond\"]}]},{\"@type\":\"WebPage\",\"@id\":\"https:\/\/www.nexoinformativo.mx\/index.php\/2024\/12\/16\/chepe-guerrero-firma-acuerdo-historico-con-san-antonio-para-fortalecer-lazos\/\",\"url\":\"https:\/\/www.nexoinformativo.mx\/index.php\/2024\/12\/16\/chepe-guerrero-firma-acuerdo-historico-con-san-antonio-para-fortalecer-lazos\/\",\"name\":\"Chepe Guerrero firma acuerdo hist\u00f3rico con San Antonio para fortalecer lazos | Nexo Informativo Santiago de Quer\u00e9taro\",\"isPartOf\":{\"@id\":\"https:\/\/www.nexoinformativo.mx\/#website\"},\"primaryImageOfPage\":{\"@id\":\"https:\/\/www.nexoinformativo.mx\/index.php\/2024\/12\/16\/chepe-guerrero-firma-acuerdo-historico-con-san-antonio-para-fortalecer-lazos\/#primaryimage\"},\"image\":{\"@id\":\"https:\/\/www.nexoinformativo.mx\/index.php\/2024\/12\/16\/chepe-guerrero-firma-acuerdo-historico-con-san-antonio-para-fortalecer-lazos\/#primaryimage\"},\"thumbnailUrl\":\"https:\/\/www.nexoinformativo.mx\/wp-content\/uploads\/2024\/12\/IMG_3948-e1734369212346.jpg\",\"datePublished\":\"2024-12-16T15:00:53+00:00\",\"dateModified\":\"2024-12-16T17:15:13+00:00\",\"description\":\"Chepe Guerrero firma acuerdo hist\u00f3rico con San Antonio para fortalecer lazos\",\"breadcrumb\":{\"@id\":\"https:\/\/www.nexoinformativo.mx\/index.php\/2024\/12\/16\/chepe-guerrero-firma-acuerdo-historico-con-san-antonio-para-fortalecer-lazos\/#breadcrumb\"},\"inLanguage\":\"es\",\"potentialAction\":[{\"@type\":\"ReadAction\",\"target\":[\"https:\/\/www.nexoinformativo.mx\/index.php\/2024\/12\/16\/chepe-guerrero-firma-acuerdo-historico-con-san-antonio-para-fortalecer-lazos\/\"]}]},{\"@type\":\"ImageObject\",\"inLanguage\":\"es\",\"@id\":\"https:\/\/www.nexoinformativo.mx\/index.php\/2024\/12\/16\/chepe-guerrero-firma-acuerdo-historico-con-san-antonio-para-fortalecer-lazos\/#primaryimage\",\"url\":\"https:\/\/www.nexoinformativo.mx\/wp-content\/uploads\/2024\/12\/IMG_3948-e1734369212346.jpg\",\"contentUrl\":\"https:\/\/www.nexoinformativo.mx\/wp-content\/uploads\/2024\/12\/IMG_3948-e1734369212346.jpg\",\"width\":700,\"height\":700},{\"@type\":\"BreadcrumbList\",\"@id\":\"https:\/\/www.nexoinformativo.mx\/index.php\/2024\/12\/16\/chepe-guerrero-firma-acuerdo-historico-con-san-antonio-para-fortalecer-lazos\/#breadcrumb\",\"itemListElement\":[{\"@type\":\"ListItem\",\"position\":1,\"name\":\"Inicio\",\"item\":\"https:\/\/www.nexoinformativo.mx\/\"},{\"@type\":\"ListItem\",\"position\":2,\"name\":\"Chepe Guerrero firma acuerdo hist\u00f3rico con San Antonio para fortalecer lazos\"}]},{\"@type\":\"WebSite\",\"@id\":\"https:\/\/www.nexoinformativo.mx\/#website\",\"url\":\"https:\/\/www.nexoinformativo.mx\/\",\"name\":\"Nexo Informativo Santiago de Quer\u00e9taro\",\"description\":\"Explora NexoInformativo y convi\u00e9rtete en parte de una comunidad que valora el conocimiento y la verdad. Tu nexoinformativo es tu puente hacia una comprensi\u00f3n m\u00e1s profunda del mundo que te rodea.\",\"publisher\":{\"@id\":\"https:\/\/www.nexoinformativo.mx\/#organization\"},\"potentialAction\":[{\"@type\":\"SearchAction\",\"target\":{\"@type\":\"EntryPoint\",\"urlTemplate\":\"https:\/\/www.nexoinformativo.mx\/?s={search_term_string}\"},\"query-input\":{\"@type\":\"PropertyValueSpecification\",\"valueRequired\":true,\"valueName\":\"search_term_string\"}}],\"inLanguage\":\"es\"},{\"@type\":\"Organization\",\"@id\":\"https:\/\/www.nexoinformativo.mx\/#organization\",\"name\":\"Nexo Informativo Santiago de Quer\u00e9taro\",\"url\":\"https:\/\/www.nexoinformativo.mx\/\",\"logo\":{\"@type\":\"ImageObject\",\"inLanguage\":\"es\",\"@id\":\"https:\/\/www.nexoinformativo.mx\/#\/schema\/logo\/image\/\",\"url\":\"https:\/\/www.nexoinformativo.mx\/wp-content\/uploads\/2024\/07\/nexoi-trasparente-2.png\",\"contentUrl\":\"https:\/\/www.nexoinformativo.mx\/wp-content\/uploads\/2024\/07\/nexoi-trasparente-2.png\",\"width\":816,\"height\":339,\"caption\":\"Nexo Informativo Santiago de Quer\u00e9taro\"},\"image\":{\"@id\":\"https:\/\/www.nexoinformativo.mx\/#\/schema\/logo\/image\/\"},\"sameAs\":[\"https:\/\/www.facebook.com\/people\/Nexo-Informativo\/61564066885511\/\"]},{\"@type\":\"Person\",\"@id\":\"https:\/\/www.nexoinformativo.mx\/#\/schema\/person\/7749d380ba08c8ca00d7bc76fd907b7d\",\"name\":\"Nexo Informativo\",\"image\":{\"@type\":\"ImageObject\",\"inLanguage\":\"es\",\"@id\":\"https:\/\/www.nexoinformativo.mx\/#\/schema\/person\/image\/\",\"url\":\"https:\/\/secure.gravatar.com\/avatar\/dde2928154642a13d95f87ddf1ea9718fe2b46760a005c53e41ff5ad610704e6?s=96&d=mm&r=g\",\"contentUrl\":\"https:\/\/secure.gravatar.com\/avatar\/dde2928154642a13d95f87ddf1ea9718fe2b46760a005c53e41ff5ad610704e6?s=96&d=mm&r=g\",\"caption\":\"Nexo Informativo\"},\"url\":\"https:\/\/www.nexoinformativo.mx\/index.php\/author\/edicion\/\"}]}<\/script>\n<!-- \/ Yoast SEO plugin. -->","yoast_head_json":{"title":"Chepe Guerrero firma acuerdo hist\u00f3rico con San Antonio para fortalecer lazos | Nexo Informativo Santiago de Quer\u00e9taro","description":"Chepe Guerrero firma acuerdo hist\u00f3rico con San Antonio para fortalecer lazos","robots":{"index":"index","follow":"follow","max-snippet":"max-snippet:-1","max-image-preview":"max-image-preview:large","max-video-preview":"max-video-preview:-1"},"canonical":"https:\/\/www.nexoinformativo.mx\/index.php\/2024\/12\/16\/chepe-guerrero-firma-acuerdo-historico-con-san-antonio-para-fortalecer-lazos\/","og_locale":"es_MX","og_type":"article","og_title":"Chepe Guerrero firma acuerdo hist\u00f3rico con San Antonio para fortalecer lazos | Nexo Informativo Santiago de Quer\u00e9taro","og_description":"Chepe Guerrero firma acuerdo hist\u00f3rico con San Antonio para fortalecer lazos","og_url":"https:\/\/www.nexoinformativo.mx\/index.php\/2024\/12\/16\/chepe-guerrero-firma-acuerdo-historico-con-san-antonio-para-fortalecer-lazos\/","og_site_name":"Nexo Informativo Santiago de Quer\u00e9taro","article_publisher":"https:\/\/www.facebook.com\/people\/Nexo-Informativo\/61564066885511\/","article_published_time":"2024-12-16T15:00:53+00:00","article_modified_time":"2024-12-16T17:15:13+00:00","og_image":[{"width":700,"height":700,"url":"https:\/\/www.nexoinformativo.mx\/wp-content\/uploads\/2024\/12\/IMG_3948-e1734369212346.jpg","type":"image\/jpeg"}],"author":"Nexo Informativo","twitter_card":"summary_large_image","twitter_misc":{"Escrito por":"Nexo Informativo","Tiempo de lectura":"2 minutos"},"schema":{"@context":"https:\/\/schema.org","@graph":[{"@type":"Article","@id":"https:\/\/www.nexoinformativo.mx\/index.php\/2024\/12\/16\/chepe-guerrero-firma-acuerdo-historico-con-san-antonio-para-fortalecer-lazos\/#article","isPartOf":{"@id":"https:\/\/www.nexoinformativo.mx\/index.php\/2024\/12\/16\/chepe-guerrero-firma-acuerdo-historico-con-san-antonio-para-fortalecer-lazos\/"},"author":{"name":"Nexo Informativo","@id":"https:\/\/www.nexoinformativo.mx\/#\/schema\/person\/7749d380ba08c8ca00d7bc76fd907b7d"},"headline":"Chepe Guerrero firma acuerdo hist\u00f3rico con San Antonio para fortalecer lazos","datePublished":"2024-12-16T15:00:53+00:00","dateModified":"2024-12-16T17:15:13+00:00","mainEntityOfPage":{"@id":"https:\/\/www.nexoinformativo.mx\/index.php\/2024\/12\/16\/chepe-guerrero-firma-acuerdo-historico-con-san-antonio-para-fortalecer-lazos\/"},"wordCount":296,"commentCount":0,"publisher":{"@id":"https:\/\/www.nexoinformativo.mx\/#organization"},"image":{"@id":"https:\/\/www.nexoinformativo.mx\/index.php\/2024\/12\/16\/chepe-guerrero-firma-acuerdo-historico-con-san-antonio-para-fortalecer-lazos\/#primaryimage"},"thumbnailUrl":"https:\/\/www.nexoinformativo.mx\/wp-content\/uploads\/2024\/12\/IMG_3948-e1734369212346.jpg","keywords":["Cooperaci\u00f3nInternacional","Corregidora","DesarrolloSostenible","SanAntonio"],"articleSection":["Econom\u00eda","Municipios","\u00daltima Hora"],"inLanguage":"es","potentialAction":[{"@type":"CommentAction","name":"Comment","target":["https:\/\/www.nexoinformativo.mx\/index.php\/2024\/12\/16\/chepe-guerrero-firma-acuerdo-historico-con-san-antonio-para-fortalecer-lazos\/#respond"]}]},{"@type":"WebPage","@id":"https:\/\/www.nexoinformativo.mx\/index.php\/2024\/12\/16\/chepe-guerrero-firma-acuerdo-historico-con-san-antonio-para-fortalecer-lazos\/","url":"https:\/\/www.nexoinformativo.mx\/index.php\/2024\/12\/16\/chepe-guerrero-firma-acuerdo-historico-con-san-antonio-para-fortalecer-lazos\/","name":"Chepe Guerrero firma acuerdo hist\u00f3rico con San Antonio para fortalecer lazos | Nexo Informativo Santiago de Quer\u00e9taro","isPartOf":{"@id":"https:\/\/www.nexoinformativo.mx\/#website"},"primaryImageOfPage":{"@id":"https:\/\/www.nexoinformativo.mx\/index.php\/2024\/12\/16\/chepe-guerrero-firma-acuerdo-historico-con-san-antonio-para-fortalecer-lazos\/#primaryimage"},"image":{"@id":"https:\/\/www.nexoinformativo.mx\/index.php\/2024\/12\/16\/chepe-guerrero-firma-acuerdo-historico-con-san-antonio-para-fortalecer-lazos\/#primaryimage"},"thumbnailUrl":"https:\/\/www.nexoinformativo.mx\/wp-content\/uploads\/2024\/12\/IMG_3948-e1734369212346.jpg","datePublished":"2024-12-16T15:00:53+00:00","dateModified":"2024-12-16T17:15:13+00:00","description":"Chepe Guerrero firma acuerdo hist\u00f3rico con San Antonio para fortalecer lazos","breadcrumb":{"@id":"https:\/\/www.nexoinformativo.mx\/index.php\/2024\/12\/16\/chepe-guerrero-firma-acuerdo-historico-con-san-antonio-para-fortalecer-lazos\/#breadcrumb"},"inLanguage":"es","potentialAction":[{"@type":"ReadAction","target":["https:\/\/www.nexoinformativo.mx\/index.php\/2024\/12\/16\/chepe-guerrero-firma-acuerdo-historico-con-san-antonio-para-fortalecer-lazos\/"]}]},{"@type":"ImageObject","inLanguage":"es","@id":"https:\/\/www.nexoinformativo.mx\/index.php\/2024\/12\/16\/chepe-guerrero-firma-acuerdo-historico-con-san-antonio-para-fortalecer-lazos\/#primaryimage","url":"https:\/\/www.nexoinformativo.mx\/wp-content\/uploads\/2024\/12\/IMG_3948-e1734369212346.jpg","contentUrl":"https:\/\/www.nexoinformativo.mx\/wp-content\/uploads\/2024\/12\/IMG_3948-e1734369212346.jpg","width":700,"height":700},{"@type":"BreadcrumbList","@id":"https:\/\/www.nexoinformativo.mx\/index.php\/2024\/12\/16\/chepe-guerrero-firma-acuerdo-historico-con-san-antonio-para-fortalecer-lazos\/#breadcrumb","itemListElement":[{"@type":"ListItem","position":1,"name":"Inicio","item":"https:\/\/www.nexoinformativo.mx\/"},{"@type":"ListItem","position":2,"name":"Chepe Guerrero firma acuerdo hist\u00f3rico con San Antonio para fortalecer lazos"}]},{"@type":"WebSite","@id":"https:\/\/www.nexoinformativo.mx\/#website","url":"https:\/\/www.nexoinformativo.mx\/","name":"Nexo Informativo Santiago de Quer\u00e9taro","description":"Explora NexoInformativo y convi\u00e9rtete en parte de una comunidad que valora el conocimiento y la verdad. Tu nexoinformativo es tu puente hacia una comprensi\u00f3n m\u00e1s profunda del mundo que te rodea.","publisher":{"@id":"https:\/\/www.nexoinformativo.mx\/#organization"},"potentialAction":[{"@type":"SearchAction","target":{"@type":"EntryPoint","urlTemplate":"https:\/\/www.nexoinformativo.mx\/?s={search_term_string}"},"query-input":{"@type":"PropertyValueSpecification","valueRequired":true,"valueName":"search_term_string"}}],"inLanguage":"es"},{"@type":"Organization","@id":"https:\/\/www.nexoinformativo.mx\/#organization","name":"Nexo Informativo Santiago de Quer\u00e9taro","url":"https:\/\/www.nexoinformativo.mx\/","logo":{"@type":"ImageObject","inLanguage":"es","@id":"https:\/\/www.nexoinformativo.mx\/#\/schema\/logo\/image\/","url":"https:\/\/www.nexoinformativo.mx\/wp-content\/uploads\/2024\/07\/nexoi-trasparente-2.png","contentUrl":"https:\/\/www.nexoinformativo.mx\/wp-content\/uploads\/2024\/07\/nexoi-trasparente-2.png","width":816,"height":339,"caption":"Nexo Informativo Santiago de Quer\u00e9taro"},"image":{"@id":"https:\/\/www.nexoinformativo.mx\/#\/schema\/logo\/image\/"},"sameAs":["https:\/\/www.facebook.com\/people\/Nexo-Informativo\/61564066885511\/"]},{"@type":"Person","@id":"https:\/\/www.nexoinformativo.mx\/#\/schema\/person\/7749d380ba08c8ca00d7bc76fd907b7d","name":"Nexo Informativo","image":{"@type":"ImageObject","inLanguage":"es","@id":"https:\/\/www.nexoinformativo.mx\/#\/schema\/person\/image\/","url":"https:\/\/secure.gravatar.com\/avatar\/dde2928154642a13d95f87ddf1ea9718fe2b46760a005c53e41ff5ad610704e6?s=96&d=mm&r=g","contentUrl":"https:\/\/secure.gravatar.com\/avatar\/dde2928154642a13d95f87ddf1ea9718fe2b46760a005c53e41ff5ad610704e6?s=96&d=mm&r=g","caption":"Nexo Informativo"},"url":"https:\/\/www.nexoinformativo.mx\/index.php\/author\/edicion\/"}]}},"_links":{"self":[{"href":"https:\/\/www.nexoinformativo.mx\/index.php\/wp-json\/wp\/v2\/posts\/8209","targetHints":{"allow":["GET"]}}],"collection":[{"href":"https:\/\/www.nexoinformativo.mx\/index.php\/wp-json\/wp\/v2\/posts"}],"about":[{"href":"https:\/\/www.nexoinformativo.mx\/index.php\/wp-json\/wp\/v2\/types\/post"}],"author":[{"embeddable":true,"href":"https:\/\/www.nexoinformativo.mx\/index.php\/wp-json\/wp\/v2\/users\/3"}],"replies":[{"embeddable":true,"href":"https:\/\/www.nexoinformativo.mx\/index.php\/wp-json\/wp\/v2\/comments?post=8209"}],"version-history":[{"count":4,"href":"https:\/\/www.nexoinformativo.mx\/index.php\/wp-json\/wp\/v2\/posts\/8209\/revisions"}],"predecessor-version":[{"id":8213,"href":"https:\/\/www.nexoinformativo.mx\/index.php\/wp-json\/wp\/v2\/posts\/8209\/revisions\/8213"}],"wp:featuredmedia":[{"embeddable":true,"href":"https:\/\/www.nexoinformativo.mx\/index.php\/wp-json\/wp\/v2\/media\/8210"}],"wp:attachment":[{"href":"https:\/\/www.nexoinformativo.mx\/index.php\/wp-json\/wp\/v2\/media?parent=8209"}],"wp:term":[{"taxonomy":"category","embeddable":true,"href":"https:\/\/www.nexoinformativo.mx\/index.php\/wp-json\/wp\/v2\/categories?post=8209"},{"taxonomy":"post_tag","embeddable":true,"href":"https:\/\/www.nexoinformativo.mx\/index.php\/wp-json\/wp\/v2\/tags?post=8209"}],"curies":[{"name":"wp","href":"https:\/\/api.w.org\/{rel}","templated":true}]}}