{"id":8235,"date":"2024-12-16T10:30:51","date_gmt":"2024-12-16T16:30:51","guid":{"rendered":"https:\/\/www.nexoinformativo.mx\/?p=8235"},"modified":"2024-12-16T11:58:50","modified_gmt":"2024-12-16T17:58:50","slug":"unadm-1899-nuevos-profesionales-se-suman-al-motor-de-movilidad-social-y-desarrollo-de-mexico","status":"publish","type":"post","link":"https:\/\/www.nexoinformativo.mx\/index.php\/2024\/12\/16\/unadm-1899-nuevos-profesionales-se-suman-al-motor-de-movilidad-social-y-desarrollo-de-mexico\/","title":{"rendered":"UNADM: 1899 nuevos profesionales se suman al motor de movilidad social y desarrollo de M\u00e9xico"},"content":{"rendered":"<p style=\"text-align: justify;\" data-sourcepos=\"11:1-11:429\">La Universidad Abierta y a Distancia de M\u00e9xico (UNADM) celebr\u00f3 un nuevo logro al graduar a mil 899 licenciados y 21 t\u00e9cnicos superiores universitarios.<\/p>\n<p>&nbsp;<\/p>\n<p style=\"text-align: justify;\" data-sourcepos=\"11:1-11:429\">En una ceremonia virtual encabezada por el secretario de Educaci\u00f3n P\u00fablica, Mario Delgado, se reconoci\u00f3 el esfuerzo y dedicaci\u00f3n de estos nuevos profesionales que, gracias a la modalidad a distancia, pudieron cumplir su sue\u00f1o de estudiar una carrera universitaria.<\/p>\n<p>&nbsp;<\/p>\n<p style=\"text-align: justify;\" data-sourcepos=\"13:1-13:212\"><strong>&#8220;Es la posibilidad de que ustedes se conviertan en agentes de cambio de su comunidad&#8221;<\/strong>, expres\u00f3 el secretario Delgado, resaltando la importancia de estos nuevos profesionales para el desarrollo del pa\u00eds.<\/p>\n<p>&nbsp;<\/p>\n<p style=\"text-align: justify;\" data-sourcepos=\"17:1-17:307\">La generaci\u00f3n 2024-1 de la UNADM destaca por su diversidad, con estudiantes provenientes de las 32 entidades federativas, incluyendo a hablantes de lenguas ind\u00edgenas y personas con discapacidad.<\/p>\n<p>&nbsp;<\/p>\n<p style=\"text-align: justify;\" data-sourcepos=\"17:1-17:307\">La Licenciatura en Derecho fue la m\u00e1s demandada, seguida de Contadur\u00eda y Finanzas P\u00fablicas y Nutrici\u00f3n Aplicada.<\/p>\n<p>&nbsp;<\/p>\n<p style=\"text-align: justify;\" data-sourcepos=\"19:1-19:338\">La rectora de la UNADM, Lilian Krazov Appel, destac\u00f3 que la instituci\u00f3n se ha consolidado como una de las m\u00e1s grandes y prestigiosas del pa\u00eds, ofreciendo educaci\u00f3n de calidad y pertinencia.<\/p>\n<p>&nbsp;<\/p>\n<p style=\"text-align: justify;\" data-sourcepos=\"19:1-19:338\"><strong>&#8220;A 13 a\u00f1os de su creaci\u00f3n, la UNADM ha demostrado ser una alternativa viable y eficaz para quienes buscan una educaci\u00f3n superior&#8221;<\/strong>, afirm\u00f3.<\/p>\n<p>&nbsp;<\/p>\n<p style=\"text-align: justify;\" data-sourcepos=\"25:1-25:164\">La UNADM contin\u00faa siendo un referente en la educaci\u00f3n superior a distancia, ofreciendo oportunidades de desarrollo acad\u00e9mico y profesional a miles de mexicanos.<\/p>\n<p>&nbsp;<\/p>\n<p style=\"text-align: center;\" data-sourcepos=\"25:1-25:164\"><em><strong>\u00a1Informaci\u00f3n que transforma!<\/strong><\/em><\/p>\n","protected":false},"excerpt":{"rendered":"<p>La Universidad Abierta y a Distancia de M\u00e9xico (UNADM) celebr\u00f3 un nuevo logro al graduar a mil 899 licenciados y 21 t\u00e9cnicos superiores universitarios.<\/p>\n","protected":false},"author":3,"featured_media":8237,"comment_status":"open","ping_status":"open","sticky":false,"template":"","format":"standard","meta":{"footnotes":""},"categories":[88,58],"tags":[2695,2696,1610,2694],"class_list":["post-8235","post","type-post","status-publish","format-standard","has-post-thumbnail","hentry","category-nacional","category-ultima-hora","tag-educacionadistancia","tag-graduados","tag-mexico","tag-unadm"],"yoast_head":"<!-- This site is optimized with the Yoast SEO plugin v25.0 - https:\/\/yoast.com\/wordpress\/plugins\/seo\/ -->\n<title>UNADM: 1899 nuevos profesionales se suman al motor de movilidad social y desarrollo de M\u00e9xico | Nexo Informativo Santiago de Quer\u00e9taro<\/title>\n<meta name=\"description\" content=\"UNADM: 1899 nuevos profesionales se suman al motor de movilidad social y desarrollo de M\u00e9xico\" \/>\n<meta name=\"robots\" content=\"index, follow, max-snippet:-1, max-image-preview:large, max-video-preview:-1\" \/>\n<link rel=\"canonical\" href=\"https:\/\/www.nexoinformativo.mx\/index.php\/2024\/12\/16\/unadm-1899-nuevos-profesionales-se-suman-al-motor-de-movilidad-social-y-desarrollo-de-mexico\/\" \/>\n<meta property=\"og:locale\" content=\"es_MX\" \/>\n<meta property=\"og:type\" content=\"article\" \/>\n<meta property=\"og:title\" content=\"UNADM: 1899 nuevos profesionales se suman al motor de movilidad social y desarrollo de M\u00e9xico | Nexo Informativo Santiago de Quer\u00e9taro\" \/>\n<meta property=\"og:description\" content=\"UNADM: 1899 nuevos profesionales se suman al motor de movilidad social y desarrollo de M\u00e9xico\" \/>\n<meta property=\"og:url\" content=\"https:\/\/www.nexoinformativo.mx\/index.php\/2024\/12\/16\/unadm-1899-nuevos-profesionales-se-suman-al-motor-de-movilidad-social-y-desarrollo-de-mexico\/\" \/>\n<meta property=\"og:site_name\" content=\"Nexo Informativo Santiago de Quer\u00e9taro\" \/>\n<meta property=\"article:publisher\" content=\"https:\/\/www.facebook.com\/people\/Nexo-Informativo\/61564066885511\/\" \/>\n<meta property=\"article:published_time\" content=\"2024-12-16T16:30:51+00:00\" \/>\n<meta property=\"article:modified_time\" content=\"2024-12-16T17:58:50+00:00\" \/>\n<meta property=\"og:image\" content=\"https:\/\/www.nexoinformativo.mx\/wp-content\/uploads\/2024\/12\/IMG_8602.jpg\" \/>\n\t<meta property=\"og:image:width\" content=\"650\" \/>\n\t<meta property=\"og:image:height\" content=\"380\" \/>\n\t<meta property=\"og:image:type\" content=\"image\/jpeg\" \/>\n<meta name=\"author\" content=\"Nexo Informativo\" \/>\n<meta name=\"twitter:card\" content=\"summary_large_image\" \/>\n<meta name=\"twitter:label1\" content=\"Escrito por\" \/>\n\t<meta name=\"twitter:data1\" content=\"Nexo Informativo\" \/>\n\t<meta name=\"twitter:label2\" content=\"Tiempo de lectura\" \/>\n\t<meta name=\"twitter:data2\" content=\"2 minutos\" \/>\n<script type=\"application\/ld+json\" class=\"yoast-schema-graph\">{\"@context\":\"https:\/\/schema.org\",\"@graph\":[{\"@type\":\"Article\",\"@id\":\"https:\/\/www.nexoinformativo.mx\/index.php\/2024\/12\/16\/unadm-1899-nuevos-profesionales-se-suman-al-motor-de-movilidad-social-y-desarrollo-de-mexico\/#article\",\"isPartOf\":{\"@id\":\"https:\/\/www.nexoinformativo.mx\/index.php\/2024\/12\/16\/unadm-1899-nuevos-profesionales-se-suman-al-motor-de-movilidad-social-y-desarrollo-de-mexico\/\"},\"author\":{\"name\":\"Nexo Informativo\",\"@id\":\"https:\/\/www.nexoinformativo.mx\/#\/schema\/person\/7749d380ba08c8ca00d7bc76fd907b7d\"},\"headline\":\"UNADM: 1899 nuevos profesionales se suman al motor de movilidad social y desarrollo de M\u00e9xico\",\"datePublished\":\"2024-12-16T16:30:51+00:00\",\"dateModified\":\"2024-12-16T17:58:50+00:00\",\"mainEntityOfPage\":{\"@id\":\"https:\/\/www.nexoinformativo.mx\/index.php\/2024\/12\/16\/unadm-1899-nuevos-profesionales-se-suman-al-motor-de-movilidad-social-y-desarrollo-de-mexico\/\"},\"wordCount\":262,\"commentCount\":0,\"publisher\":{\"@id\":\"https:\/\/www.nexoinformativo.mx\/#organization\"},\"image\":{\"@id\":\"https:\/\/www.nexoinformativo.mx\/index.php\/2024\/12\/16\/unadm-1899-nuevos-profesionales-se-suman-al-motor-de-movilidad-social-y-desarrollo-de-mexico\/#primaryimage\"},\"thumbnailUrl\":\"https:\/\/www.nexoinformativo.mx\/wp-content\/uploads\/2024\/12\/IMG_8602.jpg\",\"keywords\":[\"Educaci\u00f3nADistancia\",\"Graduados\",\"M\u00e9xico\",\"UNADM\"],\"articleSection\":[\"Nacional\",\"\u00daltima Hora\"],\"inLanguage\":\"es\",\"potentialAction\":[{\"@type\":\"CommentAction\",\"name\":\"Comment\",\"target\":[\"https:\/\/www.nexoinformativo.mx\/index.php\/2024\/12\/16\/unadm-1899-nuevos-profesionales-se-suman-al-motor-de-movilidad-social-y-desarrollo-de-mexico\/#respond\"]}]},{\"@type\":\"WebPage\",\"@id\":\"https:\/\/www.nexoinformativo.mx\/index.php\/2024\/12\/16\/unadm-1899-nuevos-profesionales-se-suman-al-motor-de-movilidad-social-y-desarrollo-de-mexico\/\",\"url\":\"https:\/\/www.nexoinformativo.mx\/index.php\/2024\/12\/16\/unadm-1899-nuevos-profesionales-se-suman-al-motor-de-movilidad-social-y-desarrollo-de-mexico\/\",\"name\":\"UNADM: 1899 nuevos profesionales se suman al motor de movilidad social y desarrollo de M\u00e9xico | Nexo Informativo Santiago de Quer\u00e9taro\",\"isPartOf\":{\"@id\":\"https:\/\/www.nexoinformativo.mx\/#website\"},\"primaryImageOfPage\":{\"@id\":\"https:\/\/www.nexoinformativo.mx\/index.php\/2024\/12\/16\/unadm-1899-nuevos-profesionales-se-suman-al-motor-de-movilidad-social-y-desarrollo-de-mexico\/#primaryimage\"},\"image\":{\"@id\":\"https:\/\/www.nexoinformativo.mx\/index.php\/2024\/12\/16\/unadm-1899-nuevos-profesionales-se-suman-al-motor-de-movilidad-social-y-desarrollo-de-mexico\/#primaryimage\"},\"thumbnailUrl\":\"https:\/\/www.nexoinformativo.mx\/wp-content\/uploads\/2024\/12\/IMG_8602.jpg\",\"datePublished\":\"2024-12-16T16:30:51+00:00\",\"dateModified\":\"2024-12-16T17:58:50+00:00\",\"description\":\"UNADM: 1899 nuevos profesionales se suman al motor de movilidad social y desarrollo de M\u00e9xico\",\"breadcrumb\":{\"@id\":\"https:\/\/www.nexoinformativo.mx\/index.php\/2024\/12\/16\/unadm-1899-nuevos-profesionales-se-suman-al-motor-de-movilidad-social-y-desarrollo-de-mexico\/#breadcrumb\"},\"inLanguage\":\"es\",\"potentialAction\":[{\"@type\":\"ReadAction\",\"target\":[\"https:\/\/www.nexoinformativo.mx\/index.php\/2024\/12\/16\/unadm-1899-nuevos-profesionales-se-suman-al-motor-de-movilidad-social-y-desarrollo-de-mexico\/\"]}]},{\"@type\":\"ImageObject\",\"inLanguage\":\"es\",\"@id\":\"https:\/\/www.nexoinformativo.mx\/index.php\/2024\/12\/16\/unadm-1899-nuevos-profesionales-se-suman-al-motor-de-movilidad-social-y-desarrollo-de-mexico\/#primaryimage\",\"url\":\"https:\/\/www.nexoinformativo.mx\/wp-content\/uploads\/2024\/12\/IMG_8602.jpg\",\"contentUrl\":\"https:\/\/www.nexoinformativo.mx\/wp-content\/uploads\/2024\/12\/IMG_8602.jpg\",\"width\":650,\"height\":380},{\"@type\":\"BreadcrumbList\",\"@id\":\"https:\/\/www.nexoinformativo.mx\/index.php\/2024\/12\/16\/unadm-1899-nuevos-profesionales-se-suman-al-motor-de-movilidad-social-y-desarrollo-de-mexico\/#breadcrumb\",\"itemListElement\":[{\"@type\":\"ListItem\",\"position\":1,\"name\":\"Inicio\",\"item\":\"https:\/\/www.nexoinformativo.mx\/\"},{\"@type\":\"ListItem\",\"position\":2,\"name\":\"UNADM: 1899 nuevos profesionales se suman al motor de movilidad social y desarrollo de M\u00e9xico\"}]},{\"@type\":\"WebSite\",\"@id\":\"https:\/\/www.nexoinformativo.mx\/#website\",\"url\":\"https:\/\/www.nexoinformativo.mx\/\",\"name\":\"Nexo Informativo Santiago de Quer\u00e9taro\",\"description\":\"Explora NexoInformativo y convi\u00e9rtete en parte de una comunidad que valora el conocimiento y la verdad. Tu nexoinformativo es tu puente hacia una comprensi\u00f3n m\u00e1s profunda del mundo que te rodea.\",\"publisher\":{\"@id\":\"https:\/\/www.nexoinformativo.mx\/#organization\"},\"potentialAction\":[{\"@type\":\"SearchAction\",\"target\":{\"@type\":\"EntryPoint\",\"urlTemplate\":\"https:\/\/www.nexoinformativo.mx\/?s={search_term_string}\"},\"query-input\":{\"@type\":\"PropertyValueSpecification\",\"valueRequired\":true,\"valueName\":\"search_term_string\"}}],\"inLanguage\":\"es\"},{\"@type\":\"Organization\",\"@id\":\"https:\/\/www.nexoinformativo.mx\/#organization\",\"name\":\"Nexo Informativo Santiago de Quer\u00e9taro\",\"url\":\"https:\/\/www.nexoinformativo.mx\/\",\"logo\":{\"@type\":\"ImageObject\",\"inLanguage\":\"es\",\"@id\":\"https:\/\/www.nexoinformativo.mx\/#\/schema\/logo\/image\/\",\"url\":\"https:\/\/www.nexoinformativo.mx\/wp-content\/uploads\/2024\/07\/nexoi-trasparente-2.png\",\"contentUrl\":\"https:\/\/www.nexoinformativo.mx\/wp-content\/uploads\/2024\/07\/nexoi-trasparente-2.png\",\"width\":816,\"height\":339,\"caption\":\"Nexo Informativo Santiago de Quer\u00e9taro\"},\"image\":{\"@id\":\"https:\/\/www.nexoinformativo.mx\/#\/schema\/logo\/image\/\"},\"sameAs\":[\"https:\/\/www.facebook.com\/people\/Nexo-Informativo\/61564066885511\/\"]},{\"@type\":\"Person\",\"@id\":\"https:\/\/www.nexoinformativo.mx\/#\/schema\/person\/7749d380ba08c8ca00d7bc76fd907b7d\",\"name\":\"Nexo Informativo\",\"image\":{\"@type\":\"ImageObject\",\"inLanguage\":\"es\",\"@id\":\"https:\/\/www.nexoinformativo.mx\/#\/schema\/person\/image\/\",\"url\":\"https:\/\/secure.gravatar.com\/avatar\/dde2928154642a13d95f87ddf1ea9718fe2b46760a005c53e41ff5ad610704e6?s=96&d=mm&r=g\",\"contentUrl\":\"https:\/\/secure.gravatar.com\/avatar\/dde2928154642a13d95f87ddf1ea9718fe2b46760a005c53e41ff5ad610704e6?s=96&d=mm&r=g\",\"caption\":\"Nexo Informativo\"},\"url\":\"https:\/\/www.nexoinformativo.mx\/index.php\/author\/edicion\/\"}]}<\/script>\n<!-- \/ Yoast SEO plugin. -->","yoast_head_json":{"title":"UNADM: 1899 nuevos profesionales se suman al motor de movilidad social y desarrollo de M\u00e9xico | Nexo Informativo Santiago de Quer\u00e9taro","description":"UNADM: 1899 nuevos profesionales se suman al motor de movilidad social y desarrollo de M\u00e9xico","robots":{"index":"index","follow":"follow","max-snippet":"max-snippet:-1","max-image-preview":"max-image-preview:large","max-video-preview":"max-video-preview:-1"},"canonical":"https:\/\/www.nexoinformativo.mx\/index.php\/2024\/12\/16\/unadm-1899-nuevos-profesionales-se-suman-al-motor-de-movilidad-social-y-desarrollo-de-mexico\/","og_locale":"es_MX","og_type":"article","og_title":"UNADM: 1899 nuevos profesionales se suman al motor de movilidad social y desarrollo de M\u00e9xico | Nexo Informativo Santiago de Quer\u00e9taro","og_description":"UNADM: 1899 nuevos profesionales se suman al motor de movilidad social y desarrollo de M\u00e9xico","og_url":"https:\/\/www.nexoinformativo.mx\/index.php\/2024\/12\/16\/unadm-1899-nuevos-profesionales-se-suman-al-motor-de-movilidad-social-y-desarrollo-de-mexico\/","og_site_name":"Nexo Informativo Santiago de Quer\u00e9taro","article_publisher":"https:\/\/www.facebook.com\/people\/Nexo-Informativo\/61564066885511\/","article_published_time":"2024-12-16T16:30:51+00:00","article_modified_time":"2024-12-16T17:58:50+00:00","og_image":[{"width":650,"height":380,"url":"https:\/\/www.nexoinformativo.mx\/wp-content\/uploads\/2024\/12\/IMG_8602.jpg","type":"image\/jpeg"}],"author":"Nexo Informativo","twitter_card":"summary_large_image","twitter_misc":{"Escrito por":"Nexo Informativo","Tiempo de lectura":"2 minutos"},"schema":{"@context":"https:\/\/schema.org","@graph":[{"@type":"Article","@id":"https:\/\/www.nexoinformativo.mx\/index.php\/2024\/12\/16\/unadm-1899-nuevos-profesionales-se-suman-al-motor-de-movilidad-social-y-desarrollo-de-mexico\/#article","isPartOf":{"@id":"https:\/\/www.nexoinformativo.mx\/index.php\/2024\/12\/16\/unadm-1899-nuevos-profesionales-se-suman-al-motor-de-movilidad-social-y-desarrollo-de-mexico\/"},"author":{"name":"Nexo Informativo","@id":"https:\/\/www.nexoinformativo.mx\/#\/schema\/person\/7749d380ba08c8ca00d7bc76fd907b7d"},"headline":"UNADM: 1899 nuevos profesionales se suman al motor de movilidad social y desarrollo de M\u00e9xico","datePublished":"2024-12-16T16:30:51+00:00","dateModified":"2024-12-16T17:58:50+00:00","mainEntityOfPage":{"@id":"https:\/\/www.nexoinformativo.mx\/index.php\/2024\/12\/16\/unadm-1899-nuevos-profesionales-se-suman-al-motor-de-movilidad-social-y-desarrollo-de-mexico\/"},"wordCount":262,"commentCount":0,"publisher":{"@id":"https:\/\/www.nexoinformativo.mx\/#organization"},"image":{"@id":"https:\/\/www.nexoinformativo.mx\/index.php\/2024\/12\/16\/unadm-1899-nuevos-profesionales-se-suman-al-motor-de-movilidad-social-y-desarrollo-de-mexico\/#primaryimage"},"thumbnailUrl":"https:\/\/www.nexoinformativo.mx\/wp-content\/uploads\/2024\/12\/IMG_8602.jpg","keywords":["Educaci\u00f3nADistancia","Graduados","M\u00e9xico","UNADM"],"articleSection":["Nacional","\u00daltima Hora"],"inLanguage":"es","potentialAction":[{"@type":"CommentAction","name":"Comment","target":["https:\/\/www.nexoinformativo.mx\/index.php\/2024\/12\/16\/unadm-1899-nuevos-profesionales-se-suman-al-motor-de-movilidad-social-y-desarrollo-de-mexico\/#respond"]}]},{"@type":"WebPage","@id":"https:\/\/www.nexoinformativo.mx\/index.php\/2024\/12\/16\/unadm-1899-nuevos-profesionales-se-suman-al-motor-de-movilidad-social-y-desarrollo-de-mexico\/","url":"https:\/\/www.nexoinformativo.mx\/index.php\/2024\/12\/16\/unadm-1899-nuevos-profesionales-se-suman-al-motor-de-movilidad-social-y-desarrollo-de-mexico\/","name":"UNADM: 1899 nuevos profesionales se suman al motor de movilidad social y desarrollo de M\u00e9xico | Nexo Informativo Santiago de Quer\u00e9taro","isPartOf":{"@id":"https:\/\/www.nexoinformativo.mx\/#website"},"primaryImageOfPage":{"@id":"https:\/\/www.nexoinformativo.mx\/index.php\/2024\/12\/16\/unadm-1899-nuevos-profesionales-se-suman-al-motor-de-movilidad-social-y-desarrollo-de-mexico\/#primaryimage"},"image":{"@id":"https:\/\/www.nexoinformativo.mx\/index.php\/2024\/12\/16\/unadm-1899-nuevos-profesionales-se-suman-al-motor-de-movilidad-social-y-desarrollo-de-mexico\/#primaryimage"},"thumbnailUrl":"https:\/\/www.nexoinformativo.mx\/wp-content\/uploads\/2024\/12\/IMG_8602.jpg","datePublished":"2024-12-16T16:30:51+00:00","dateModified":"2024-12-16T17:58:50+00:00","description":"UNADM: 1899 nuevos profesionales se suman al motor de movilidad social y desarrollo de M\u00e9xico","breadcrumb":{"@id":"https:\/\/www.nexoinformativo.mx\/index.php\/2024\/12\/16\/unadm-1899-nuevos-profesionales-se-suman-al-motor-de-movilidad-social-y-desarrollo-de-mexico\/#breadcrumb"},"inLanguage":"es","potentialAction":[{"@type":"ReadAction","target":["https:\/\/www.nexoinformativo.mx\/index.php\/2024\/12\/16\/unadm-1899-nuevos-profesionales-se-suman-al-motor-de-movilidad-social-y-desarrollo-de-mexico\/"]}]},{"@type":"ImageObject","inLanguage":"es","@id":"https:\/\/www.nexoinformativo.mx\/index.php\/2024\/12\/16\/unadm-1899-nuevos-profesionales-se-suman-al-motor-de-movilidad-social-y-desarrollo-de-mexico\/#primaryimage","url":"https:\/\/www.nexoinformativo.mx\/wp-content\/uploads\/2024\/12\/IMG_8602.jpg","contentUrl":"https:\/\/www.nexoinformativo.mx\/wp-content\/uploads\/2024\/12\/IMG_8602.jpg","width":650,"height":380},{"@type":"BreadcrumbList","@id":"https:\/\/www.nexoinformativo.mx\/index.php\/2024\/12\/16\/unadm-1899-nuevos-profesionales-se-suman-al-motor-de-movilidad-social-y-desarrollo-de-mexico\/#breadcrumb","itemListElement":[{"@type":"ListItem","position":1,"name":"Inicio","item":"https:\/\/www.nexoinformativo.mx\/"},{"@type":"ListItem","position":2,"name":"UNADM: 1899 nuevos profesionales se suman al motor de movilidad social y desarrollo de M\u00e9xico"}]},{"@type":"WebSite","@id":"https:\/\/www.nexoinformativo.mx\/#website","url":"https:\/\/www.nexoinformativo.mx\/","name":"Nexo Informativo Santiago de Quer\u00e9taro","description":"Explora NexoInformativo y convi\u00e9rtete en parte de una comunidad que valora el conocimiento y la verdad. Tu nexoinformativo es tu puente hacia una comprensi\u00f3n m\u00e1s profunda del mundo que te rodea.","publisher":{"@id":"https:\/\/www.nexoinformativo.mx\/#organization"},"potentialAction":[{"@type":"SearchAction","target":{"@type":"EntryPoint","urlTemplate":"https:\/\/www.nexoinformativo.mx\/?s={search_term_string}"},"query-input":{"@type":"PropertyValueSpecification","valueRequired":true,"valueName":"search_term_string"}}],"inLanguage":"es"},{"@type":"Organization","@id":"https:\/\/www.nexoinformativo.mx\/#organization","name":"Nexo Informativo Santiago de Quer\u00e9taro","url":"https:\/\/www.nexoinformativo.mx\/","logo":{"@type":"ImageObject","inLanguage":"es","@id":"https:\/\/www.nexoinformativo.mx\/#\/schema\/logo\/image\/","url":"https:\/\/www.nexoinformativo.mx\/wp-content\/uploads\/2024\/07\/nexoi-trasparente-2.png","contentUrl":"https:\/\/www.nexoinformativo.mx\/wp-content\/uploads\/2024\/07\/nexoi-trasparente-2.png","width":816,"height":339,"caption":"Nexo Informativo Santiago de Quer\u00e9taro"},"image":{"@id":"https:\/\/www.nexoinformativo.mx\/#\/schema\/logo\/image\/"},"sameAs":["https:\/\/www.facebook.com\/people\/Nexo-Informativo\/61564066885511\/"]},{"@type":"Person","@id":"https:\/\/www.nexoinformativo.mx\/#\/schema\/person\/7749d380ba08c8ca00d7bc76fd907b7d","name":"Nexo Informativo","image":{"@type":"ImageObject","inLanguage":"es","@id":"https:\/\/www.nexoinformativo.mx\/#\/schema\/person\/image\/","url":"https:\/\/secure.gravatar.com\/avatar\/dde2928154642a13d95f87ddf1ea9718fe2b46760a005c53e41ff5ad610704e6?s=96&d=mm&r=g","contentUrl":"https:\/\/secure.gravatar.com\/avatar\/dde2928154642a13d95f87ddf1ea9718fe2b46760a005c53e41ff5ad610704e6?s=96&d=mm&r=g","caption":"Nexo Informativo"},"url":"https:\/\/www.nexoinformativo.mx\/index.php\/author\/edicion\/"}]}},"_links":{"self":[{"href":"https:\/\/www.nexoinformativo.mx\/index.php\/wp-json\/wp\/v2\/posts\/8235","targetHints":{"allow":["GET"]}}],"collection":[{"href":"https:\/\/www.nexoinformativo.mx\/index.php\/wp-json\/wp\/v2\/posts"}],"about":[{"href":"https:\/\/www.nexoinformativo.mx\/index.php\/wp-json\/wp\/v2\/types\/post"}],"author":[{"embeddable":true,"href":"https:\/\/www.nexoinformativo.mx\/index.php\/wp-json\/wp\/v2\/users\/3"}],"replies":[{"embeddable":true,"href":"https:\/\/www.nexoinformativo.mx\/index.php\/wp-json\/wp\/v2\/comments?post=8235"}],"version-history":[{"count":5,"href":"https:\/\/www.nexoinformativo.mx\/index.php\/wp-json\/wp\/v2\/posts\/8235\/revisions"}],"predecessor-version":[{"id":8241,"href":"https:\/\/www.nexoinformativo.mx\/index.php\/wp-json\/wp\/v2\/posts\/8235\/revisions\/8241"}],"wp:featuredmedia":[{"embeddable":true,"href":"https:\/\/www.nexoinformativo.mx\/index.php\/wp-json\/wp\/v2\/media\/8237"}],"wp:attachment":[{"href":"https:\/\/www.nexoinformativo.mx\/index.php\/wp-json\/wp\/v2\/media?parent=8235"}],"wp:term":[{"taxonomy":"category","embeddable":true,"href":"https:\/\/www.nexoinformativo.mx\/index.php\/wp-json\/wp\/v2\/categories?post=8235"},{"taxonomy":"post_tag","embeddable":true,"href":"https:\/\/www.nexoinformativo.mx\/index.php\/wp-json\/wp\/v2\/tags?post=8235"}],"curies":[{"name":"wp","href":"https:\/\/api.w.org\/{rel}","templated":true}]}}