{"id":8292,"date":"2024-12-17T07:00:36","date_gmt":"2024-12-17T13:00:36","guid":{"rendered":"https:\/\/www.nexoinformativo.mx\/?p=8292"},"modified":"2024-12-17T09:27:33","modified_gmt":"2024-12-17T15:27:33","slug":"mexico-y-la-ue-reafirman-su-compromiso-con-los-derechos-humanos-y-la-democracia","status":"publish","type":"post","link":"https:\/\/www.nexoinformativo.mx\/index.php\/2024\/12\/17\/mexico-y-la-ue-reafirman-su-compromiso-con-los-derechos-humanos-y-la-democracia\/","title":{"rendered":"M\u00e9xico y la UE reafirman su compromiso con los derechos humanos y la democracia"},"content":{"rendered":"<p style=\"text-align: justify;\" data-sourcepos=\"11:1-11:290\">M\u00e9xico y la Uni\u00f3n Europea han reafirmado su compromiso conjunto en la defensa y promoci\u00f3n de los derechos humanos y la democracia. En el marco del XII di\u00e1logo de Alto Nivel sobre Derechos Humanos, celebrado en Bruselas, ambos bloques acordaron fortalecer su cooperaci\u00f3n en esta materia.<\/p>\n<p>&nbsp;<\/p>\n<p style=\"text-align: justify;\" data-sourcepos=\"13:1-13:423\">El encuentro, que tuvo lugar tras los recientes cambios pol\u00edticos en ambos lados del Atl\u00e1ntico, sirvi\u00f3 como plataforma para analizar la situaci\u00f3n actual de los derechos humanos a nivel global y en cada regi\u00f3n.<\/p>\n<p>&nbsp;<\/p>\n<p style=\"text-align: justify;\" data-sourcepos=\"13:1-13:423\">Los participantes abordaron temas cruciales como la igualdad de g\u00e9nero, la erradicaci\u00f3n de la pobreza, la protecci\u00f3n de defensores de derechos humanos y periodistas, y los desaf\u00edos planteados por el mundo digital.<\/p>\n<p>&nbsp;<\/p>\n<p style=\"text-align: justify;\" data-sourcepos=\"15:1-15:282\"><strong>&#8220;Este di\u00e1logo demuestra el fuerte compromiso de M\u00e9xico y la Uni\u00f3n Europea con los valores democr\u00e1ticos y los derechos humanos&#8221;<\/strong>, afirm\u00f3 el funcionario mexicano Enrique Ochoa. <strong>&#8220;Juntos, trabajaremos para construir un futuro m\u00e1s justo y equitativo para todos&#8221;<\/strong> afirmo Olof Skoog representante de la Uni\u00f3n Europea.<\/p>\n<p>&nbsp;<\/p>\n<p style=\"text-align: justify;\" data-sourcepos=\"17:1-17:265\">Una de las novedades de este encuentro fue la presentaci\u00f3n de las recomendaciones elaboradas por la sociedad civil, que participaron en un seminario previo. Estas recomendaciones fueron tenidas en cuenta durante las discusiones y permitieron enriquecer el di\u00e1logo.<\/p>\n<p>&nbsp;<\/p>\n<p style=\"text-align: justify;\" data-sourcepos=\"19:1-19:253\">Ambos bloques acordaron identificar \u00e1reas espec\u00edficas de cooperaci\u00f3n para dar seguimiento a los temas tratados y garantizar que los compromisos adquiridos se cumplan. El pr\u00f3ximo di\u00e1logo de Alto Nivel se llevar\u00e1 a cabo en la Ciudad de M\u00e9xico en 2025.<\/p>\n<p>&nbsp;<\/p>\n<p style=\"text-align: center;\" data-sourcepos=\"19:1-19:253\"><em><strong>\u00a1Informaci\u00f3n que transforma!<\/strong><\/em><\/p>\n","protected":false},"excerpt":{"rendered":"<p>M\u00e9xico y la Uni\u00f3n Europea han reafirmado su compromiso conjunto en la defensa y promoci\u00f3n de los derechos humanos y la democracia. En el marco del XII di\u00e1logo de Alto Nivel sobre Derechos Humanos, celebrado en Bruselas, ambos bloques acordaron fortalecer su cooperaci\u00f3n en esta materia.<\/p>\n","protected":false},"author":3,"featured_media":8293,"comment_status":"open","ping_status":"open","sticky":false,"template":"","format":"standard","meta":{"footnotes":""},"categories":[88,58],"tags":[926,1669,499,2709],"class_list":["post-8292","post","type-post","status-publish","format-standard","has-post-thumbnail","hentry","category-nacional","category-ultima-hora","tag-cooperacioninternacional","tag-democracia","tag-derechoshumanos","tag-mexicoue"],"yoast_head":"<!-- This site is optimized with the Yoast SEO plugin v25.0 - https:\/\/yoast.com\/wordpress\/plugins\/seo\/ -->\n<title>M\u00e9xico y la UE reafirman su compromiso con los derechos humanos y la democracia | Nexo Informativo Santiago de Quer\u00e9taro<\/title>\n<meta name=\"description\" content=\"M\u00e9xico y la UE reafirman su compromiso con los derechos humanos y la democracia\" \/>\n<meta name=\"robots\" content=\"index, follow, max-snippet:-1, max-image-preview:large, max-video-preview:-1\" \/>\n<link rel=\"canonical\" href=\"https:\/\/www.nexoinformativo.mx\/index.php\/2024\/12\/17\/mexico-y-la-ue-reafirman-su-compromiso-con-los-derechos-humanos-y-la-democracia\/\" \/>\n<meta property=\"og:locale\" content=\"es_MX\" \/>\n<meta property=\"og:type\" content=\"article\" \/>\n<meta property=\"og:title\" content=\"M\u00e9xico y la UE reafirman su compromiso con los derechos humanos y la democracia | Nexo Informativo Santiago de Quer\u00e9taro\" \/>\n<meta property=\"og:description\" content=\"M\u00e9xico y la UE reafirman su compromiso con los derechos humanos y la democracia\" \/>\n<meta property=\"og:url\" content=\"https:\/\/www.nexoinformativo.mx\/index.php\/2024\/12\/17\/mexico-y-la-ue-reafirman-su-compromiso-con-los-derechos-humanos-y-la-democracia\/\" \/>\n<meta property=\"og:site_name\" content=\"Nexo Informativo Santiago de Quer\u00e9taro\" \/>\n<meta property=\"article:publisher\" content=\"https:\/\/www.facebook.com\/people\/Nexo-Informativo\/61564066885511\/\" \/>\n<meta property=\"article:published_time\" content=\"2024-12-17T13:00:36+00:00\" \/>\n<meta property=\"article:modified_time\" content=\"2024-12-17T15:27:33+00:00\" \/>\n<meta property=\"og:image\" content=\"https:\/\/www.nexoinformativo.mx\/wp-content\/uploads\/2024\/12\/IMG_8608-e1734447693889.png\" \/>\n\t<meta property=\"og:image:width\" content=\"700\" \/>\n\t<meta property=\"og:image:height\" content=\"933\" \/>\n\t<meta property=\"og:image:type\" content=\"image\/png\" \/>\n<meta name=\"author\" content=\"Nexo Informativo\" \/>\n<meta name=\"twitter:card\" content=\"summary_large_image\" \/>\n<meta name=\"twitter:label1\" content=\"Escrito por\" \/>\n\t<meta name=\"twitter:data1\" content=\"Nexo Informativo\" \/>\n\t<meta name=\"twitter:label2\" content=\"Tiempo de lectura\" \/>\n\t<meta name=\"twitter:data2\" content=\"2 minutos\" \/>\n<script type=\"application\/ld+json\" class=\"yoast-schema-graph\">{\"@context\":\"https:\/\/schema.org\",\"@graph\":[{\"@type\":\"Article\",\"@id\":\"https:\/\/www.nexoinformativo.mx\/index.php\/2024\/12\/17\/mexico-y-la-ue-reafirman-su-compromiso-con-los-derechos-humanos-y-la-democracia\/#article\",\"isPartOf\":{\"@id\":\"https:\/\/www.nexoinformativo.mx\/index.php\/2024\/12\/17\/mexico-y-la-ue-reafirman-su-compromiso-con-los-derechos-humanos-y-la-democracia\/\"},\"author\":{\"name\":\"Nexo Informativo\",\"@id\":\"https:\/\/www.nexoinformativo.mx\/#\/schema\/person\/7749d380ba08c8ca00d7bc76fd907b7d\"},\"headline\":\"M\u00e9xico y la UE reafirman su compromiso con los derechos humanos y la democracia\",\"datePublished\":\"2024-12-17T13:00:36+00:00\",\"dateModified\":\"2024-12-17T15:27:33+00:00\",\"mainEntityOfPage\":{\"@id\":\"https:\/\/www.nexoinformativo.mx\/index.php\/2024\/12\/17\/mexico-y-la-ue-reafirman-su-compromiso-con-los-derechos-humanos-y-la-democracia\/\"},\"wordCount\":286,\"commentCount\":0,\"publisher\":{\"@id\":\"https:\/\/www.nexoinformativo.mx\/#organization\"},\"image\":{\"@id\":\"https:\/\/www.nexoinformativo.mx\/index.php\/2024\/12\/17\/mexico-y-la-ue-reafirman-su-compromiso-con-los-derechos-humanos-y-la-democracia\/#primaryimage\"},\"thumbnailUrl\":\"https:\/\/www.nexoinformativo.mx\/wp-content\/uploads\/2024\/12\/IMG_8608-e1734447693889.png\",\"keywords\":[\"Cooperaci\u00f3nInternacional\",\"Democracia\",\"DerechosHumanos\",\"M\u00e9xicoUE\"],\"articleSection\":[\"Nacional\",\"\u00daltima Hora\"],\"inLanguage\":\"es\",\"potentialAction\":[{\"@type\":\"CommentAction\",\"name\":\"Comment\",\"target\":[\"https:\/\/www.nexoinformativo.mx\/index.php\/2024\/12\/17\/mexico-y-la-ue-reafirman-su-compromiso-con-los-derechos-humanos-y-la-democracia\/#respond\"]}]},{\"@type\":\"WebPage\",\"@id\":\"https:\/\/www.nexoinformativo.mx\/index.php\/2024\/12\/17\/mexico-y-la-ue-reafirman-su-compromiso-con-los-derechos-humanos-y-la-democracia\/\",\"url\":\"https:\/\/www.nexoinformativo.mx\/index.php\/2024\/12\/17\/mexico-y-la-ue-reafirman-su-compromiso-con-los-derechos-humanos-y-la-democracia\/\",\"name\":\"M\u00e9xico y la UE reafirman su compromiso con los derechos humanos y la democracia | Nexo Informativo Santiago de Quer\u00e9taro\",\"isPartOf\":{\"@id\":\"https:\/\/www.nexoinformativo.mx\/#website\"},\"primaryImageOfPage\":{\"@id\":\"https:\/\/www.nexoinformativo.mx\/index.php\/2024\/12\/17\/mexico-y-la-ue-reafirman-su-compromiso-con-los-derechos-humanos-y-la-democracia\/#primaryimage\"},\"image\":{\"@id\":\"https:\/\/www.nexoinformativo.mx\/index.php\/2024\/12\/17\/mexico-y-la-ue-reafirman-su-compromiso-con-los-derechos-humanos-y-la-democracia\/#primaryimage\"},\"thumbnailUrl\":\"https:\/\/www.nexoinformativo.mx\/wp-content\/uploads\/2024\/12\/IMG_8608-e1734447693889.png\",\"datePublished\":\"2024-12-17T13:00:36+00:00\",\"dateModified\":\"2024-12-17T15:27:33+00:00\",\"description\":\"M\u00e9xico y la UE reafirman su compromiso con los derechos humanos y la democracia\",\"breadcrumb\":{\"@id\":\"https:\/\/www.nexoinformativo.mx\/index.php\/2024\/12\/17\/mexico-y-la-ue-reafirman-su-compromiso-con-los-derechos-humanos-y-la-democracia\/#breadcrumb\"},\"inLanguage\":\"es\",\"potentialAction\":[{\"@type\":\"ReadAction\",\"target\":[\"https:\/\/www.nexoinformativo.mx\/index.php\/2024\/12\/17\/mexico-y-la-ue-reafirman-su-compromiso-con-los-derechos-humanos-y-la-democracia\/\"]}]},{\"@type\":\"ImageObject\",\"inLanguage\":\"es\",\"@id\":\"https:\/\/www.nexoinformativo.mx\/index.php\/2024\/12\/17\/mexico-y-la-ue-reafirman-su-compromiso-con-los-derechos-humanos-y-la-democracia\/#primaryimage\",\"url\":\"https:\/\/www.nexoinformativo.mx\/wp-content\/uploads\/2024\/12\/IMG_8608-e1734447693889.png\",\"contentUrl\":\"https:\/\/www.nexoinformativo.mx\/wp-content\/uploads\/2024\/12\/IMG_8608-e1734447693889.png\",\"width\":700,\"height\":933},{\"@type\":\"BreadcrumbList\",\"@id\":\"https:\/\/www.nexoinformativo.mx\/index.php\/2024\/12\/17\/mexico-y-la-ue-reafirman-su-compromiso-con-los-derechos-humanos-y-la-democracia\/#breadcrumb\",\"itemListElement\":[{\"@type\":\"ListItem\",\"position\":1,\"name\":\"Inicio\",\"item\":\"https:\/\/www.nexoinformativo.mx\/\"},{\"@type\":\"ListItem\",\"position\":2,\"name\":\"M\u00e9xico y la UE reafirman su compromiso con los derechos humanos y la democracia\"}]},{\"@type\":\"WebSite\",\"@id\":\"https:\/\/www.nexoinformativo.mx\/#website\",\"url\":\"https:\/\/www.nexoinformativo.mx\/\",\"name\":\"Nexo Informativo Santiago de Quer\u00e9taro\",\"description\":\"Explora NexoInformativo y convi\u00e9rtete en parte de una comunidad que valora el conocimiento y la verdad. Tu nexoinformativo es tu puente hacia una comprensi\u00f3n m\u00e1s profunda del mundo que te rodea.\",\"publisher\":{\"@id\":\"https:\/\/www.nexoinformativo.mx\/#organization\"},\"potentialAction\":[{\"@type\":\"SearchAction\",\"target\":{\"@type\":\"EntryPoint\",\"urlTemplate\":\"https:\/\/www.nexoinformativo.mx\/?s={search_term_string}\"},\"query-input\":{\"@type\":\"PropertyValueSpecification\",\"valueRequired\":true,\"valueName\":\"search_term_string\"}}],\"inLanguage\":\"es\"},{\"@type\":\"Organization\",\"@id\":\"https:\/\/www.nexoinformativo.mx\/#organization\",\"name\":\"Nexo Informativo Santiago de Quer\u00e9taro\",\"url\":\"https:\/\/www.nexoinformativo.mx\/\",\"logo\":{\"@type\":\"ImageObject\",\"inLanguage\":\"es\",\"@id\":\"https:\/\/www.nexoinformativo.mx\/#\/schema\/logo\/image\/\",\"url\":\"https:\/\/www.nexoinformativo.mx\/wp-content\/uploads\/2024\/07\/nexoi-trasparente-2.png\",\"contentUrl\":\"https:\/\/www.nexoinformativo.mx\/wp-content\/uploads\/2024\/07\/nexoi-trasparente-2.png\",\"width\":816,\"height\":339,\"caption\":\"Nexo Informativo Santiago de Quer\u00e9taro\"},\"image\":{\"@id\":\"https:\/\/www.nexoinformativo.mx\/#\/schema\/logo\/image\/\"},\"sameAs\":[\"https:\/\/www.facebook.com\/people\/Nexo-Informativo\/61564066885511\/\"]},{\"@type\":\"Person\",\"@id\":\"https:\/\/www.nexoinformativo.mx\/#\/schema\/person\/7749d380ba08c8ca00d7bc76fd907b7d\",\"name\":\"Nexo Informativo\",\"image\":{\"@type\":\"ImageObject\",\"inLanguage\":\"es\",\"@id\":\"https:\/\/www.nexoinformativo.mx\/#\/schema\/person\/image\/\",\"url\":\"https:\/\/secure.gravatar.com\/avatar\/dde2928154642a13d95f87ddf1ea9718fe2b46760a005c53e41ff5ad610704e6?s=96&d=mm&r=g\",\"contentUrl\":\"https:\/\/secure.gravatar.com\/avatar\/dde2928154642a13d95f87ddf1ea9718fe2b46760a005c53e41ff5ad610704e6?s=96&d=mm&r=g\",\"caption\":\"Nexo Informativo\"},\"url\":\"https:\/\/www.nexoinformativo.mx\/index.php\/author\/edicion\/\"}]}<\/script>\n<!-- \/ Yoast SEO plugin. -->","yoast_head_json":{"title":"M\u00e9xico y la UE reafirman su compromiso con los derechos humanos y la democracia | Nexo Informativo Santiago de Quer\u00e9taro","description":"M\u00e9xico y la UE reafirman su compromiso con los derechos humanos y la democracia","robots":{"index":"index","follow":"follow","max-snippet":"max-snippet:-1","max-image-preview":"max-image-preview:large","max-video-preview":"max-video-preview:-1"},"canonical":"https:\/\/www.nexoinformativo.mx\/index.php\/2024\/12\/17\/mexico-y-la-ue-reafirman-su-compromiso-con-los-derechos-humanos-y-la-democracia\/","og_locale":"es_MX","og_type":"article","og_title":"M\u00e9xico y la UE reafirman su compromiso con los derechos humanos y la democracia | Nexo Informativo Santiago de Quer\u00e9taro","og_description":"M\u00e9xico y la UE reafirman su compromiso con los derechos humanos y la democracia","og_url":"https:\/\/www.nexoinformativo.mx\/index.php\/2024\/12\/17\/mexico-y-la-ue-reafirman-su-compromiso-con-los-derechos-humanos-y-la-democracia\/","og_site_name":"Nexo Informativo Santiago de Quer\u00e9taro","article_publisher":"https:\/\/www.facebook.com\/people\/Nexo-Informativo\/61564066885511\/","article_published_time":"2024-12-17T13:00:36+00:00","article_modified_time":"2024-12-17T15:27:33+00:00","og_image":[{"width":700,"height":933,"url":"https:\/\/www.nexoinformativo.mx\/wp-content\/uploads\/2024\/12\/IMG_8608-e1734447693889.png","type":"image\/png"}],"author":"Nexo Informativo","twitter_card":"summary_large_image","twitter_misc":{"Escrito por":"Nexo Informativo","Tiempo de lectura":"2 minutos"},"schema":{"@context":"https:\/\/schema.org","@graph":[{"@type":"Article","@id":"https:\/\/www.nexoinformativo.mx\/index.php\/2024\/12\/17\/mexico-y-la-ue-reafirman-su-compromiso-con-los-derechos-humanos-y-la-democracia\/#article","isPartOf":{"@id":"https:\/\/www.nexoinformativo.mx\/index.php\/2024\/12\/17\/mexico-y-la-ue-reafirman-su-compromiso-con-los-derechos-humanos-y-la-democracia\/"},"author":{"name":"Nexo Informativo","@id":"https:\/\/www.nexoinformativo.mx\/#\/schema\/person\/7749d380ba08c8ca00d7bc76fd907b7d"},"headline":"M\u00e9xico y la UE reafirman su compromiso con los derechos humanos y la democracia","datePublished":"2024-12-17T13:00:36+00:00","dateModified":"2024-12-17T15:27:33+00:00","mainEntityOfPage":{"@id":"https:\/\/www.nexoinformativo.mx\/index.php\/2024\/12\/17\/mexico-y-la-ue-reafirman-su-compromiso-con-los-derechos-humanos-y-la-democracia\/"},"wordCount":286,"commentCount":0,"publisher":{"@id":"https:\/\/www.nexoinformativo.mx\/#organization"},"image":{"@id":"https:\/\/www.nexoinformativo.mx\/index.php\/2024\/12\/17\/mexico-y-la-ue-reafirman-su-compromiso-con-los-derechos-humanos-y-la-democracia\/#primaryimage"},"thumbnailUrl":"https:\/\/www.nexoinformativo.mx\/wp-content\/uploads\/2024\/12\/IMG_8608-e1734447693889.png","keywords":["Cooperaci\u00f3nInternacional","Democracia","DerechosHumanos","M\u00e9xicoUE"],"articleSection":["Nacional","\u00daltima Hora"],"inLanguage":"es","potentialAction":[{"@type":"CommentAction","name":"Comment","target":["https:\/\/www.nexoinformativo.mx\/index.php\/2024\/12\/17\/mexico-y-la-ue-reafirman-su-compromiso-con-los-derechos-humanos-y-la-democracia\/#respond"]}]},{"@type":"WebPage","@id":"https:\/\/www.nexoinformativo.mx\/index.php\/2024\/12\/17\/mexico-y-la-ue-reafirman-su-compromiso-con-los-derechos-humanos-y-la-democracia\/","url":"https:\/\/www.nexoinformativo.mx\/index.php\/2024\/12\/17\/mexico-y-la-ue-reafirman-su-compromiso-con-los-derechos-humanos-y-la-democracia\/","name":"M\u00e9xico y la UE reafirman su compromiso con los derechos humanos y la democracia | Nexo Informativo Santiago de Quer\u00e9taro","isPartOf":{"@id":"https:\/\/www.nexoinformativo.mx\/#website"},"primaryImageOfPage":{"@id":"https:\/\/www.nexoinformativo.mx\/index.php\/2024\/12\/17\/mexico-y-la-ue-reafirman-su-compromiso-con-los-derechos-humanos-y-la-democracia\/#primaryimage"},"image":{"@id":"https:\/\/www.nexoinformativo.mx\/index.php\/2024\/12\/17\/mexico-y-la-ue-reafirman-su-compromiso-con-los-derechos-humanos-y-la-democracia\/#primaryimage"},"thumbnailUrl":"https:\/\/www.nexoinformativo.mx\/wp-content\/uploads\/2024\/12\/IMG_8608-e1734447693889.png","datePublished":"2024-12-17T13:00:36+00:00","dateModified":"2024-12-17T15:27:33+00:00","description":"M\u00e9xico y la UE reafirman su compromiso con los derechos humanos y la democracia","breadcrumb":{"@id":"https:\/\/www.nexoinformativo.mx\/index.php\/2024\/12\/17\/mexico-y-la-ue-reafirman-su-compromiso-con-los-derechos-humanos-y-la-democracia\/#breadcrumb"},"inLanguage":"es","potentialAction":[{"@type":"ReadAction","target":["https:\/\/www.nexoinformativo.mx\/index.php\/2024\/12\/17\/mexico-y-la-ue-reafirman-su-compromiso-con-los-derechos-humanos-y-la-democracia\/"]}]},{"@type":"ImageObject","inLanguage":"es","@id":"https:\/\/www.nexoinformativo.mx\/index.php\/2024\/12\/17\/mexico-y-la-ue-reafirman-su-compromiso-con-los-derechos-humanos-y-la-democracia\/#primaryimage","url":"https:\/\/www.nexoinformativo.mx\/wp-content\/uploads\/2024\/12\/IMG_8608-e1734447693889.png","contentUrl":"https:\/\/www.nexoinformativo.mx\/wp-content\/uploads\/2024\/12\/IMG_8608-e1734447693889.png","width":700,"height":933},{"@type":"BreadcrumbList","@id":"https:\/\/www.nexoinformativo.mx\/index.php\/2024\/12\/17\/mexico-y-la-ue-reafirman-su-compromiso-con-los-derechos-humanos-y-la-democracia\/#breadcrumb","itemListElement":[{"@type":"ListItem","position":1,"name":"Inicio","item":"https:\/\/www.nexoinformativo.mx\/"},{"@type":"ListItem","position":2,"name":"M\u00e9xico y la UE reafirman su compromiso con los derechos humanos y la democracia"}]},{"@type":"WebSite","@id":"https:\/\/www.nexoinformativo.mx\/#website","url":"https:\/\/www.nexoinformativo.mx\/","name":"Nexo Informativo Santiago de Quer\u00e9taro","description":"Explora NexoInformativo y convi\u00e9rtete en parte de una comunidad que valora el conocimiento y la verdad. Tu nexoinformativo es tu puente hacia una comprensi\u00f3n m\u00e1s profunda del mundo que te rodea.","publisher":{"@id":"https:\/\/www.nexoinformativo.mx\/#organization"},"potentialAction":[{"@type":"SearchAction","target":{"@type":"EntryPoint","urlTemplate":"https:\/\/www.nexoinformativo.mx\/?s={search_term_string}"},"query-input":{"@type":"PropertyValueSpecification","valueRequired":true,"valueName":"search_term_string"}}],"inLanguage":"es"},{"@type":"Organization","@id":"https:\/\/www.nexoinformativo.mx\/#organization","name":"Nexo Informativo Santiago de Quer\u00e9taro","url":"https:\/\/www.nexoinformativo.mx\/","logo":{"@type":"ImageObject","inLanguage":"es","@id":"https:\/\/www.nexoinformativo.mx\/#\/schema\/logo\/image\/","url":"https:\/\/www.nexoinformativo.mx\/wp-content\/uploads\/2024\/07\/nexoi-trasparente-2.png","contentUrl":"https:\/\/www.nexoinformativo.mx\/wp-content\/uploads\/2024\/07\/nexoi-trasparente-2.png","width":816,"height":339,"caption":"Nexo Informativo Santiago de Quer\u00e9taro"},"image":{"@id":"https:\/\/www.nexoinformativo.mx\/#\/schema\/logo\/image\/"},"sameAs":["https:\/\/www.facebook.com\/people\/Nexo-Informativo\/61564066885511\/"]},{"@type":"Person","@id":"https:\/\/www.nexoinformativo.mx\/#\/schema\/person\/7749d380ba08c8ca00d7bc76fd907b7d","name":"Nexo Informativo","image":{"@type":"ImageObject","inLanguage":"es","@id":"https:\/\/www.nexoinformativo.mx\/#\/schema\/person\/image\/","url":"https:\/\/secure.gravatar.com\/avatar\/dde2928154642a13d95f87ddf1ea9718fe2b46760a005c53e41ff5ad610704e6?s=96&d=mm&r=g","contentUrl":"https:\/\/secure.gravatar.com\/avatar\/dde2928154642a13d95f87ddf1ea9718fe2b46760a005c53e41ff5ad610704e6?s=96&d=mm&r=g","caption":"Nexo Informativo"},"url":"https:\/\/www.nexoinformativo.mx\/index.php\/author\/edicion\/"}]}},"_links":{"self":[{"href":"https:\/\/www.nexoinformativo.mx\/index.php\/wp-json\/wp\/v2\/posts\/8292","targetHints":{"allow":["GET"]}}],"collection":[{"href":"https:\/\/www.nexoinformativo.mx\/index.php\/wp-json\/wp\/v2\/posts"}],"about":[{"href":"https:\/\/www.nexoinformativo.mx\/index.php\/wp-json\/wp\/v2\/types\/post"}],"author":[{"embeddable":true,"href":"https:\/\/www.nexoinformativo.mx\/index.php\/wp-json\/wp\/v2\/users\/3"}],"replies":[{"embeddable":true,"href":"https:\/\/www.nexoinformativo.mx\/index.php\/wp-json\/wp\/v2\/comments?post=8292"}],"version-history":[{"count":4,"href":"https:\/\/www.nexoinformativo.mx\/index.php\/wp-json\/wp\/v2\/posts\/8292\/revisions"}],"predecessor-version":[{"id":8298,"href":"https:\/\/www.nexoinformativo.mx\/index.php\/wp-json\/wp\/v2\/posts\/8292\/revisions\/8298"}],"wp:featuredmedia":[{"embeddable":true,"href":"https:\/\/www.nexoinformativo.mx\/index.php\/wp-json\/wp\/v2\/media\/8293"}],"wp:attachment":[{"href":"https:\/\/www.nexoinformativo.mx\/index.php\/wp-json\/wp\/v2\/media?parent=8292"}],"wp:term":[{"taxonomy":"category","embeddable":true,"href":"https:\/\/www.nexoinformativo.mx\/index.php\/wp-json\/wp\/v2\/categories?post=8292"},{"taxonomy":"post_tag","embeddable":true,"href":"https:\/\/www.nexoinformativo.mx\/index.php\/wp-json\/wp\/v2\/tags?post=8292"}],"curies":[{"name":"wp","href":"https:\/\/api.w.org\/{rel}","templated":true}]}}