{"id":8299,"date":"2024-12-17T06:30:22","date_gmt":"2024-12-17T12:30:22","guid":{"rendered":"https:\/\/www.nexoinformativo.mx\/?p=8299"},"modified":"2024-12-17T09:15:02","modified_gmt":"2024-12-17T15:15:02","slug":"felifer-macias-anuncia-la-guardia-civica-para-fortalecer-la-seguridad-en-queretaro","status":"publish","type":"post","link":"https:\/\/www.nexoinformativo.mx\/index.php\/2024\/12\/17\/felifer-macias-anuncia-la-guardia-civica-para-fortalecer-la-seguridad-en-queretaro\/","title":{"rendered":"Felifer Mac\u00edas anuncia la Guardia C\u00edvica para fortalecer la seguridad en Quer\u00e9taro"},"content":{"rendered":"<p style=\"text-align: justify;\" data-sourcepos=\"11:1-11:257\">Quer\u00e9taro da un paso adelante en materia de seguridad p\u00fablica. El presidente municipal, Felifer Mac\u00edas, anunci\u00f3 la creaci\u00f3n de la Guardia C\u00edvica, una nueva corporaci\u00f3n que busca fortalecer la vigilancia en las calles y estrechar lazos con la ciudadan\u00eda.<\/p>\n<p>&nbsp;<\/p>\n<p style=\"text-align: justify;\" data-sourcepos=\"13:1-13:248\">La Guardia C\u00edvica estar\u00e1 conformada por elementos capacitados en prevenci\u00f3n del delito, mediaci\u00f3n y atenci\u00f3n a la ciudadan\u00eda. Estar\u00e1n equipados con veh\u00edculos, radios de comunicaci\u00f3n y otros instrumentos para brindar un servicio eficiente y seguro.<\/p>\n<p>&nbsp;<\/p>\n<p style=\"text-align: justify;\" data-sourcepos=\"15:1-15:178\"><strong>&#8220;Con esta iniciativa, buscamos una polic\u00eda m\u00e1s cercana y capacitada para prevenir conflictos y brindar mayor tranquilidad a las familias queretanas&#8221;<\/strong>, se\u00f1al\u00f3 el alcalde.<\/p>\n<p>&nbsp;<\/p>\n<p style=\"text-align: justify;\" data-sourcepos=\"17:1-17:44\"><strong>\u00bfC\u00f3mo formar parte de la Guardia C\u00edvica?<\/strong>\u00a0La convocatoria est\u00e1 abierta hasta el 13 de enero de 2025. Los interesados deber\u00e1n cumplir con ciertos requisitos, como tener entre 21 y 50 a\u00f1os, contar con estudios de secundaria y aprobar los controles de confianza. Los seleccionados recibir\u00e1n una capacitaci\u00f3n especializada y una vez concluida, obtendr\u00e1n una plaza permanente con prestaciones.<\/p>\n<p>&nbsp;<\/p>\n<p style=\"text-align: justify;\" data-sourcepos=\"21:1-21:261\">Para mayor informaci\u00f3n, los interesados pueden consultar la p\u00e1gina web <strong><a href=\"https:\/\/sispum.sspmqro.gob.mx\/aspiranteguardia\/iniciarpreregistro.aspx\" target=\"_blank\" rel=\"noopener\">https:\/\/sispum.sspmqro.gob.mx\/aspiranteguardia\/iniciarpreregistro.aspx<\/a> <\/strong>o comunicarse a los tel\u00e9fonos por WhatsApp al n\u00famero 442-322-9042 o llamar a las oficinas de la Secretar\u00eda de Seguridad P\u00fablica Municipal al 442-427-6700, extensiones 4314, 4932 o 4936.<\/p>\n<p>&nbsp;<\/p>\n<p style=\"text-align: justify;\" data-sourcepos=\"23:1-23:36\"><strong>Beneficios de la Guardia C\u00edvica:<\/strong><\/p>\n<p>*Mayor presencia policial: Incremento del n\u00famero de elementos en las calles.<\/p>\n<p>*Prevenci\u00f3n del delito: Capacitaci\u00f3n en mediaci\u00f3n y resoluci\u00f3n de conflictos.<\/p>\n<p>*Proximidad con la ciudadan\u00eda: Fortalecimiento del v\u00ednculo entre la polic\u00eda y la comunidad.<\/p>\n<p>*Oportunidades laborales: Empleo seguro y bien remunerado.<\/p>\n<p>&nbsp;<\/p>\n<p style=\"text-align: center;\"><em><strong>\u00a1Informaci\u00f3n que transforma!<\/strong><\/em><\/p>\n","protected":false},"excerpt":{"rendered":"<p>Quer\u00e9taro da un paso adelante en materia de seguridad p\u00fablica. El presidente municipal, Felifer Mac\u00edas, anunci\u00f3 la creaci\u00f3n de la Guardia C\u00edvica, una nueva corporaci\u00f3n que busca fortalecer la vigilancia en las calles y estrechar lazos con la ciudadan\u00eda.<\/p>\n","protected":false},"author":3,"featured_media":8300,"comment_status":"open","ping_status":"open","sticky":false,"template":"","format":"standard","meta":{"footnotes":""},"categories":[65,58],"tags":[2711,2710,242,157],"class_list":["post-8299","post","type-post","status-publish","format-standard","has-post-thumbnail","hentry","category-municipios","category-ultima-hora","tag-convocatoria","tag-guardiacivica","tag-queretaroseguro","tag-seguridadciudadana"],"yoast_head":"<!-- This site is optimized with the Yoast SEO plugin v25.0 - https:\/\/yoast.com\/wordpress\/plugins\/seo\/ -->\n<title>Felifer Mac\u00edas anuncia la Guardia C\u00edvica para fortalecer la seguridad en Quer\u00e9taro | Nexo Informativo Santiago de Quer\u00e9taro<\/title>\n<meta name=\"description\" content=\"Felifer Mac\u00edas anuncia la Guardia C\u00edvica para fortalecer la seguridad en Quer\u00e9taro\" \/>\n<meta name=\"robots\" content=\"index, follow, max-snippet:-1, max-image-preview:large, max-video-preview:-1\" \/>\n<link rel=\"canonical\" href=\"https:\/\/www.nexoinformativo.mx\/index.php\/2024\/12\/17\/felifer-macias-anuncia-la-guardia-civica-para-fortalecer-la-seguridad-en-queretaro\/\" \/>\n<meta property=\"og:locale\" content=\"es_MX\" \/>\n<meta property=\"og:type\" content=\"article\" \/>\n<meta property=\"og:title\" content=\"Felifer Mac\u00edas anuncia la Guardia C\u00edvica para fortalecer la seguridad en Quer\u00e9taro | Nexo Informativo Santiago de Quer\u00e9taro\" \/>\n<meta property=\"og:description\" content=\"Felifer Mac\u00edas anuncia la Guardia C\u00edvica para fortalecer la seguridad en Quer\u00e9taro\" \/>\n<meta property=\"og:url\" content=\"https:\/\/www.nexoinformativo.mx\/index.php\/2024\/12\/17\/felifer-macias-anuncia-la-guardia-civica-para-fortalecer-la-seguridad-en-queretaro\/\" \/>\n<meta property=\"og:site_name\" content=\"Nexo Informativo Santiago de Quer\u00e9taro\" \/>\n<meta property=\"article:publisher\" content=\"https:\/\/www.facebook.com\/people\/Nexo-Informativo\/61564066885511\/\" \/>\n<meta property=\"article:published_time\" content=\"2024-12-17T12:30:22+00:00\" \/>\n<meta property=\"article:modified_time\" content=\"2024-12-17T15:15:02+00:00\" \/>\n<meta property=\"og:image\" content=\"https:\/\/www.nexoinformativo.mx\/wp-content\/uploads\/2024\/12\/PHOTO-2024-12-17-08-05-21-e1734448332114.jpg\" \/>\n\t<meta property=\"og:image:width\" content=\"800\" \/>\n\t<meta property=\"og:image:height\" content=\"533\" \/>\n\t<meta property=\"og:image:type\" content=\"image\/jpeg\" \/>\n<meta name=\"author\" content=\"Nexo Informativo\" \/>\n<meta name=\"twitter:card\" content=\"summary_large_image\" \/>\n<meta name=\"twitter:label1\" content=\"Escrito por\" \/>\n\t<meta name=\"twitter:data1\" content=\"Nexo Informativo\" \/>\n\t<meta name=\"twitter:label2\" content=\"Tiempo de lectura\" \/>\n\t<meta name=\"twitter:data2\" content=\"2 minutos\" \/>\n<script type=\"application\/ld+json\" class=\"yoast-schema-graph\">{\"@context\":\"https:\/\/schema.org\",\"@graph\":[{\"@type\":\"Article\",\"@id\":\"https:\/\/www.nexoinformativo.mx\/index.php\/2024\/12\/17\/felifer-macias-anuncia-la-guardia-civica-para-fortalecer-la-seguridad-en-queretaro\/#article\",\"isPartOf\":{\"@id\":\"https:\/\/www.nexoinformativo.mx\/index.php\/2024\/12\/17\/felifer-macias-anuncia-la-guardia-civica-para-fortalecer-la-seguridad-en-queretaro\/\"},\"author\":{\"name\":\"Nexo Informativo\",\"@id\":\"https:\/\/www.nexoinformativo.mx\/#\/schema\/person\/7749d380ba08c8ca00d7bc76fd907b7d\"},\"headline\":\"Felifer Mac\u00edas anuncia la Guardia C\u00edvica para fortalecer la seguridad en Quer\u00e9taro\",\"datePublished\":\"2024-12-17T12:30:22+00:00\",\"dateModified\":\"2024-12-17T15:15:02+00:00\",\"mainEntityOfPage\":{\"@id\":\"https:\/\/www.nexoinformativo.mx\/index.php\/2024\/12\/17\/felifer-macias-anuncia-la-guardia-civica-para-fortalecer-la-seguridad-en-queretaro\/\"},\"wordCount\":310,\"commentCount\":0,\"publisher\":{\"@id\":\"https:\/\/www.nexoinformativo.mx\/#organization\"},\"image\":{\"@id\":\"https:\/\/www.nexoinformativo.mx\/index.php\/2024\/12\/17\/felifer-macias-anuncia-la-guardia-civica-para-fortalecer-la-seguridad-en-queretaro\/#primaryimage\"},\"thumbnailUrl\":\"https:\/\/www.nexoinformativo.mx\/wp-content\/uploads\/2024\/12\/PHOTO-2024-12-17-08-05-21-e1734448332114.jpg\",\"keywords\":[\"Convocatoria\",\"GuardiaC\u00edvica\",\"QueretaroSeguro\",\"SeguridadCiudadana\"],\"articleSection\":[\"Municipios\",\"\u00daltima Hora\"],\"inLanguage\":\"es\",\"potentialAction\":[{\"@type\":\"CommentAction\",\"name\":\"Comment\",\"target\":[\"https:\/\/www.nexoinformativo.mx\/index.php\/2024\/12\/17\/felifer-macias-anuncia-la-guardia-civica-para-fortalecer-la-seguridad-en-queretaro\/#respond\"]}]},{\"@type\":\"WebPage\",\"@id\":\"https:\/\/www.nexoinformativo.mx\/index.php\/2024\/12\/17\/felifer-macias-anuncia-la-guardia-civica-para-fortalecer-la-seguridad-en-queretaro\/\",\"url\":\"https:\/\/www.nexoinformativo.mx\/index.php\/2024\/12\/17\/felifer-macias-anuncia-la-guardia-civica-para-fortalecer-la-seguridad-en-queretaro\/\",\"name\":\"Felifer Mac\u00edas anuncia la Guardia C\u00edvica para fortalecer la seguridad en Quer\u00e9taro | Nexo Informativo Santiago de Quer\u00e9taro\",\"isPartOf\":{\"@id\":\"https:\/\/www.nexoinformativo.mx\/#website\"},\"primaryImageOfPage\":{\"@id\":\"https:\/\/www.nexoinformativo.mx\/index.php\/2024\/12\/17\/felifer-macias-anuncia-la-guardia-civica-para-fortalecer-la-seguridad-en-queretaro\/#primaryimage\"},\"image\":{\"@id\":\"https:\/\/www.nexoinformativo.mx\/index.php\/2024\/12\/17\/felifer-macias-anuncia-la-guardia-civica-para-fortalecer-la-seguridad-en-queretaro\/#primaryimage\"},\"thumbnailUrl\":\"https:\/\/www.nexoinformativo.mx\/wp-content\/uploads\/2024\/12\/PHOTO-2024-12-17-08-05-21-e1734448332114.jpg\",\"datePublished\":\"2024-12-17T12:30:22+00:00\",\"dateModified\":\"2024-12-17T15:15:02+00:00\",\"description\":\"Felifer Mac\u00edas anuncia la Guardia C\u00edvica para fortalecer la seguridad en Quer\u00e9taro\",\"breadcrumb\":{\"@id\":\"https:\/\/www.nexoinformativo.mx\/index.php\/2024\/12\/17\/felifer-macias-anuncia-la-guardia-civica-para-fortalecer-la-seguridad-en-queretaro\/#breadcrumb\"},\"inLanguage\":\"es\",\"potentialAction\":[{\"@type\":\"ReadAction\",\"target\":[\"https:\/\/www.nexoinformativo.mx\/index.php\/2024\/12\/17\/felifer-macias-anuncia-la-guardia-civica-para-fortalecer-la-seguridad-en-queretaro\/\"]}]},{\"@type\":\"ImageObject\",\"inLanguage\":\"es\",\"@id\":\"https:\/\/www.nexoinformativo.mx\/index.php\/2024\/12\/17\/felifer-macias-anuncia-la-guardia-civica-para-fortalecer-la-seguridad-en-queretaro\/#primaryimage\",\"url\":\"https:\/\/www.nexoinformativo.mx\/wp-content\/uploads\/2024\/12\/PHOTO-2024-12-17-08-05-21-e1734448332114.jpg\",\"contentUrl\":\"https:\/\/www.nexoinformativo.mx\/wp-content\/uploads\/2024\/12\/PHOTO-2024-12-17-08-05-21-e1734448332114.jpg\",\"width\":800,\"height\":533},{\"@type\":\"BreadcrumbList\",\"@id\":\"https:\/\/www.nexoinformativo.mx\/index.php\/2024\/12\/17\/felifer-macias-anuncia-la-guardia-civica-para-fortalecer-la-seguridad-en-queretaro\/#breadcrumb\",\"itemListElement\":[{\"@type\":\"ListItem\",\"position\":1,\"name\":\"Inicio\",\"item\":\"https:\/\/www.nexoinformativo.mx\/\"},{\"@type\":\"ListItem\",\"position\":2,\"name\":\"Felifer Mac\u00edas anuncia la Guardia C\u00edvica para fortalecer la seguridad en Quer\u00e9taro\"}]},{\"@type\":\"WebSite\",\"@id\":\"https:\/\/www.nexoinformativo.mx\/#website\",\"url\":\"https:\/\/www.nexoinformativo.mx\/\",\"name\":\"Nexo Informativo Santiago de Quer\u00e9taro\",\"description\":\"Explora NexoInformativo y convi\u00e9rtete en parte de una comunidad que valora el conocimiento y la verdad. Tu nexoinformativo es tu puente hacia una comprensi\u00f3n m\u00e1s profunda del mundo que te rodea.\",\"publisher\":{\"@id\":\"https:\/\/www.nexoinformativo.mx\/#organization\"},\"potentialAction\":[{\"@type\":\"SearchAction\",\"target\":{\"@type\":\"EntryPoint\",\"urlTemplate\":\"https:\/\/www.nexoinformativo.mx\/?s={search_term_string}\"},\"query-input\":{\"@type\":\"PropertyValueSpecification\",\"valueRequired\":true,\"valueName\":\"search_term_string\"}}],\"inLanguage\":\"es\"},{\"@type\":\"Organization\",\"@id\":\"https:\/\/www.nexoinformativo.mx\/#organization\",\"name\":\"Nexo Informativo Santiago de Quer\u00e9taro\",\"url\":\"https:\/\/www.nexoinformativo.mx\/\",\"logo\":{\"@type\":\"ImageObject\",\"inLanguage\":\"es\",\"@id\":\"https:\/\/www.nexoinformativo.mx\/#\/schema\/logo\/image\/\",\"url\":\"https:\/\/www.nexoinformativo.mx\/wp-content\/uploads\/2024\/07\/nexoi-trasparente-2.png\",\"contentUrl\":\"https:\/\/www.nexoinformativo.mx\/wp-content\/uploads\/2024\/07\/nexoi-trasparente-2.png\",\"width\":816,\"height\":339,\"caption\":\"Nexo Informativo Santiago de Quer\u00e9taro\"},\"image\":{\"@id\":\"https:\/\/www.nexoinformativo.mx\/#\/schema\/logo\/image\/\"},\"sameAs\":[\"https:\/\/www.facebook.com\/people\/Nexo-Informativo\/61564066885511\/\"]},{\"@type\":\"Person\",\"@id\":\"https:\/\/www.nexoinformativo.mx\/#\/schema\/person\/7749d380ba08c8ca00d7bc76fd907b7d\",\"name\":\"Nexo Informativo\",\"image\":{\"@type\":\"ImageObject\",\"inLanguage\":\"es\",\"@id\":\"https:\/\/www.nexoinformativo.mx\/#\/schema\/person\/image\/\",\"url\":\"https:\/\/secure.gravatar.com\/avatar\/dde2928154642a13d95f87ddf1ea9718fe2b46760a005c53e41ff5ad610704e6?s=96&d=mm&r=g\",\"contentUrl\":\"https:\/\/secure.gravatar.com\/avatar\/dde2928154642a13d95f87ddf1ea9718fe2b46760a005c53e41ff5ad610704e6?s=96&d=mm&r=g\",\"caption\":\"Nexo Informativo\"},\"url\":\"https:\/\/www.nexoinformativo.mx\/index.php\/author\/edicion\/\"}]}<\/script>\n<!-- \/ Yoast SEO plugin. -->","yoast_head_json":{"title":"Felifer Mac\u00edas anuncia la Guardia C\u00edvica para fortalecer la seguridad en Quer\u00e9taro | Nexo Informativo Santiago de Quer\u00e9taro","description":"Felifer Mac\u00edas anuncia la Guardia C\u00edvica para fortalecer la seguridad en Quer\u00e9taro","robots":{"index":"index","follow":"follow","max-snippet":"max-snippet:-1","max-image-preview":"max-image-preview:large","max-video-preview":"max-video-preview:-1"},"canonical":"https:\/\/www.nexoinformativo.mx\/index.php\/2024\/12\/17\/felifer-macias-anuncia-la-guardia-civica-para-fortalecer-la-seguridad-en-queretaro\/","og_locale":"es_MX","og_type":"article","og_title":"Felifer Mac\u00edas anuncia la Guardia C\u00edvica para fortalecer la seguridad en Quer\u00e9taro | Nexo Informativo Santiago de Quer\u00e9taro","og_description":"Felifer Mac\u00edas anuncia la Guardia C\u00edvica para fortalecer la seguridad en Quer\u00e9taro","og_url":"https:\/\/www.nexoinformativo.mx\/index.php\/2024\/12\/17\/felifer-macias-anuncia-la-guardia-civica-para-fortalecer-la-seguridad-en-queretaro\/","og_site_name":"Nexo Informativo Santiago de Quer\u00e9taro","article_publisher":"https:\/\/www.facebook.com\/people\/Nexo-Informativo\/61564066885511\/","article_published_time":"2024-12-17T12:30:22+00:00","article_modified_time":"2024-12-17T15:15:02+00:00","og_image":[{"width":800,"height":533,"url":"https:\/\/www.nexoinformativo.mx\/wp-content\/uploads\/2024\/12\/PHOTO-2024-12-17-08-05-21-e1734448332114.jpg","type":"image\/jpeg"}],"author":"Nexo Informativo","twitter_card":"summary_large_image","twitter_misc":{"Escrito por":"Nexo Informativo","Tiempo de lectura":"2 minutos"},"schema":{"@context":"https:\/\/schema.org","@graph":[{"@type":"Article","@id":"https:\/\/www.nexoinformativo.mx\/index.php\/2024\/12\/17\/felifer-macias-anuncia-la-guardia-civica-para-fortalecer-la-seguridad-en-queretaro\/#article","isPartOf":{"@id":"https:\/\/www.nexoinformativo.mx\/index.php\/2024\/12\/17\/felifer-macias-anuncia-la-guardia-civica-para-fortalecer-la-seguridad-en-queretaro\/"},"author":{"name":"Nexo Informativo","@id":"https:\/\/www.nexoinformativo.mx\/#\/schema\/person\/7749d380ba08c8ca00d7bc76fd907b7d"},"headline":"Felifer Mac\u00edas anuncia la Guardia C\u00edvica para fortalecer la seguridad en Quer\u00e9taro","datePublished":"2024-12-17T12:30:22+00:00","dateModified":"2024-12-17T15:15:02+00:00","mainEntityOfPage":{"@id":"https:\/\/www.nexoinformativo.mx\/index.php\/2024\/12\/17\/felifer-macias-anuncia-la-guardia-civica-para-fortalecer-la-seguridad-en-queretaro\/"},"wordCount":310,"commentCount":0,"publisher":{"@id":"https:\/\/www.nexoinformativo.mx\/#organization"},"image":{"@id":"https:\/\/www.nexoinformativo.mx\/index.php\/2024\/12\/17\/felifer-macias-anuncia-la-guardia-civica-para-fortalecer-la-seguridad-en-queretaro\/#primaryimage"},"thumbnailUrl":"https:\/\/www.nexoinformativo.mx\/wp-content\/uploads\/2024\/12\/PHOTO-2024-12-17-08-05-21-e1734448332114.jpg","keywords":["Convocatoria","GuardiaC\u00edvica","QueretaroSeguro","SeguridadCiudadana"],"articleSection":["Municipios","\u00daltima Hora"],"inLanguage":"es","potentialAction":[{"@type":"CommentAction","name":"Comment","target":["https:\/\/www.nexoinformativo.mx\/index.php\/2024\/12\/17\/felifer-macias-anuncia-la-guardia-civica-para-fortalecer-la-seguridad-en-queretaro\/#respond"]}]},{"@type":"WebPage","@id":"https:\/\/www.nexoinformativo.mx\/index.php\/2024\/12\/17\/felifer-macias-anuncia-la-guardia-civica-para-fortalecer-la-seguridad-en-queretaro\/","url":"https:\/\/www.nexoinformativo.mx\/index.php\/2024\/12\/17\/felifer-macias-anuncia-la-guardia-civica-para-fortalecer-la-seguridad-en-queretaro\/","name":"Felifer Mac\u00edas anuncia la Guardia C\u00edvica para fortalecer la seguridad en Quer\u00e9taro | Nexo Informativo Santiago de Quer\u00e9taro","isPartOf":{"@id":"https:\/\/www.nexoinformativo.mx\/#website"},"primaryImageOfPage":{"@id":"https:\/\/www.nexoinformativo.mx\/index.php\/2024\/12\/17\/felifer-macias-anuncia-la-guardia-civica-para-fortalecer-la-seguridad-en-queretaro\/#primaryimage"},"image":{"@id":"https:\/\/www.nexoinformativo.mx\/index.php\/2024\/12\/17\/felifer-macias-anuncia-la-guardia-civica-para-fortalecer-la-seguridad-en-queretaro\/#primaryimage"},"thumbnailUrl":"https:\/\/www.nexoinformativo.mx\/wp-content\/uploads\/2024\/12\/PHOTO-2024-12-17-08-05-21-e1734448332114.jpg","datePublished":"2024-12-17T12:30:22+00:00","dateModified":"2024-12-17T15:15:02+00:00","description":"Felifer Mac\u00edas anuncia la Guardia C\u00edvica para fortalecer la seguridad en Quer\u00e9taro","breadcrumb":{"@id":"https:\/\/www.nexoinformativo.mx\/index.php\/2024\/12\/17\/felifer-macias-anuncia-la-guardia-civica-para-fortalecer-la-seguridad-en-queretaro\/#breadcrumb"},"inLanguage":"es","potentialAction":[{"@type":"ReadAction","target":["https:\/\/www.nexoinformativo.mx\/index.php\/2024\/12\/17\/felifer-macias-anuncia-la-guardia-civica-para-fortalecer-la-seguridad-en-queretaro\/"]}]},{"@type":"ImageObject","inLanguage":"es","@id":"https:\/\/www.nexoinformativo.mx\/index.php\/2024\/12\/17\/felifer-macias-anuncia-la-guardia-civica-para-fortalecer-la-seguridad-en-queretaro\/#primaryimage","url":"https:\/\/www.nexoinformativo.mx\/wp-content\/uploads\/2024\/12\/PHOTO-2024-12-17-08-05-21-e1734448332114.jpg","contentUrl":"https:\/\/www.nexoinformativo.mx\/wp-content\/uploads\/2024\/12\/PHOTO-2024-12-17-08-05-21-e1734448332114.jpg","width":800,"height":533},{"@type":"BreadcrumbList","@id":"https:\/\/www.nexoinformativo.mx\/index.php\/2024\/12\/17\/felifer-macias-anuncia-la-guardia-civica-para-fortalecer-la-seguridad-en-queretaro\/#breadcrumb","itemListElement":[{"@type":"ListItem","position":1,"name":"Inicio","item":"https:\/\/www.nexoinformativo.mx\/"},{"@type":"ListItem","position":2,"name":"Felifer Mac\u00edas anuncia la Guardia C\u00edvica para fortalecer la seguridad en Quer\u00e9taro"}]},{"@type":"WebSite","@id":"https:\/\/www.nexoinformativo.mx\/#website","url":"https:\/\/www.nexoinformativo.mx\/","name":"Nexo Informativo Santiago de Quer\u00e9taro","description":"Explora NexoInformativo y convi\u00e9rtete en parte de una comunidad que valora el conocimiento y la verdad. Tu nexoinformativo es tu puente hacia una comprensi\u00f3n m\u00e1s profunda del mundo que te rodea.","publisher":{"@id":"https:\/\/www.nexoinformativo.mx\/#organization"},"potentialAction":[{"@type":"SearchAction","target":{"@type":"EntryPoint","urlTemplate":"https:\/\/www.nexoinformativo.mx\/?s={search_term_string}"},"query-input":{"@type":"PropertyValueSpecification","valueRequired":true,"valueName":"search_term_string"}}],"inLanguage":"es"},{"@type":"Organization","@id":"https:\/\/www.nexoinformativo.mx\/#organization","name":"Nexo Informativo Santiago de Quer\u00e9taro","url":"https:\/\/www.nexoinformativo.mx\/","logo":{"@type":"ImageObject","inLanguage":"es","@id":"https:\/\/www.nexoinformativo.mx\/#\/schema\/logo\/image\/","url":"https:\/\/www.nexoinformativo.mx\/wp-content\/uploads\/2024\/07\/nexoi-trasparente-2.png","contentUrl":"https:\/\/www.nexoinformativo.mx\/wp-content\/uploads\/2024\/07\/nexoi-trasparente-2.png","width":816,"height":339,"caption":"Nexo Informativo Santiago de Quer\u00e9taro"},"image":{"@id":"https:\/\/www.nexoinformativo.mx\/#\/schema\/logo\/image\/"},"sameAs":["https:\/\/www.facebook.com\/people\/Nexo-Informativo\/61564066885511\/"]},{"@type":"Person","@id":"https:\/\/www.nexoinformativo.mx\/#\/schema\/person\/7749d380ba08c8ca00d7bc76fd907b7d","name":"Nexo Informativo","image":{"@type":"ImageObject","inLanguage":"es","@id":"https:\/\/www.nexoinformativo.mx\/#\/schema\/person\/image\/","url":"https:\/\/secure.gravatar.com\/avatar\/dde2928154642a13d95f87ddf1ea9718fe2b46760a005c53e41ff5ad610704e6?s=96&d=mm&r=g","contentUrl":"https:\/\/secure.gravatar.com\/avatar\/dde2928154642a13d95f87ddf1ea9718fe2b46760a005c53e41ff5ad610704e6?s=96&d=mm&r=g","caption":"Nexo Informativo"},"url":"https:\/\/www.nexoinformativo.mx\/index.php\/author\/edicion\/"}]}},"_links":{"self":[{"href":"https:\/\/www.nexoinformativo.mx\/index.php\/wp-json\/wp\/v2\/posts\/8299","targetHints":{"allow":["GET"]}}],"collection":[{"href":"https:\/\/www.nexoinformativo.mx\/index.php\/wp-json\/wp\/v2\/posts"}],"about":[{"href":"https:\/\/www.nexoinformativo.mx\/index.php\/wp-json\/wp\/v2\/types\/post"}],"author":[{"embeddable":true,"href":"https:\/\/www.nexoinformativo.mx\/index.php\/wp-json\/wp\/v2\/users\/3"}],"replies":[{"embeddable":true,"href":"https:\/\/www.nexoinformativo.mx\/index.php\/wp-json\/wp\/v2\/comments?post=8299"}],"version-history":[{"count":6,"href":"https:\/\/www.nexoinformativo.mx\/index.php\/wp-json\/wp\/v2\/posts\/8299\/revisions"}],"predecessor-version":[{"id":8306,"href":"https:\/\/www.nexoinformativo.mx\/index.php\/wp-json\/wp\/v2\/posts\/8299\/revisions\/8306"}],"wp:featuredmedia":[{"embeddable":true,"href":"https:\/\/www.nexoinformativo.mx\/index.php\/wp-json\/wp\/v2\/media\/8300"}],"wp:attachment":[{"href":"https:\/\/www.nexoinformativo.mx\/index.php\/wp-json\/wp\/v2\/media?parent=8299"}],"wp:term":[{"taxonomy":"category","embeddable":true,"href":"https:\/\/www.nexoinformativo.mx\/index.php\/wp-json\/wp\/v2\/categories?post=8299"},{"taxonomy":"post_tag","embeddable":true,"href":"https:\/\/www.nexoinformativo.mx\/index.php\/wp-json\/wp\/v2\/tags?post=8299"}],"curies":[{"name":"wp","href":"https:\/\/api.w.org\/{rel}","templated":true}]}}