{"id":8307,"date":"2024-12-17T06:45:08","date_gmt":"2024-12-17T12:45:08","guid":{"rendered":"https:\/\/www.nexoinformativo.mx\/?p=8307"},"modified":"2024-12-17T09:20:03","modified_gmt":"2024-12-17T15:20:03","slug":"roberto-cabrera-encabeza-la-creacion-de-comites-para-la-igualdad-en-san-juan-del-rio","status":"publish","type":"post","link":"https:\/\/www.nexoinformativo.mx\/index.php\/2024\/12\/17\/roberto-cabrera-encabeza-la-creacion-de-comites-para-la-igualdad-en-san-juan-del-rio\/","title":{"rendered":"Roberto Cabrera encabeza la creaci\u00f3n de comit\u00e9s para la igualdad en San Juan del R\u00edo"},"content":{"rendered":"<p style=\"text-align: justify;\" data-sourcepos=\"11:1-11:273\">San Juan del R\u00edo avanza hacia una sociedad m\u00e1s justa y equitativa. El presidente municipal, Roberto Cabrera Valencia, encabez\u00f3 la instalaci\u00f3n del Sistema Municipal para la Igualdad Sustantiva entre Mujeres y Hombres y del Comit\u00e9 de Igualdad Laboral y No Discriminaci\u00f3n.<\/p>\n<p>&nbsp;<\/p>\n<p style=\"text-align: justify;\" data-sourcepos=\"13:1-13:293\">Con la creaci\u00f3n de estos organismos, el municipio refrenda su compromiso con la igualdad de g\u00e9nero y la no discriminaci\u00f3n. Los integrantes de ambos comit\u00e9s trabajar\u00e1n de manera conjunta para dise\u00f1ar e implementar pol\u00edticas p\u00fablicas que promuevan la equidad y el respeto a los derechos humanos.<\/p>\n<p>&nbsp;<\/p>\n<p style=\"text-align: justify;\" data-sourcepos=\"15:1-15:220\">&#8220;Queremos construir un San Juan donde todas y todos tengan las mismas oportunidades&#8221;, afirm\u00f3 el alcalde Cabrera. <strong>&#8220;Estos comit\u00e9s son un paso fundamental para lograr una sociedad m\u00e1s justa e inclusiva&#8221;.<\/strong><\/p>\n<p>&nbsp;<\/p>\n<p style=\"text-align: justify;\" data-sourcepos=\"17:1-17:29\"><strong>\u00bfQu\u00e9 har\u00e1n estos comit\u00e9s?<\/strong><\/p>\n<p>*Promover la igualdad de g\u00e9nero: Trabajar\u00e1n para eliminar las brechas de g\u00e9nero en todos los \u00e1mbitos.<\/p>\n<p>*Combatir la discriminaci\u00f3n: Impulsar\u00e1n acciones para prevenir y erradicar cualquier tipo de discriminaci\u00f3n.<\/p>\n<p>*Fortalecer los derechos de las mujeres: Defender\u00e1n y promover\u00e1n los derechos de las mujeres.<\/p>\n<p>*Crear pol\u00edticas p\u00fablicas: Dise\u00f1ar\u00e1n programas y proyectos para garantizar la igualdad sustantiva.<\/p>\n<p>&nbsp;<\/p>\n<p style=\"text-align: justify;\" data-sourcepos=\"26:1-26:203\">Los comit\u00e9s est\u00e1n integrados por funcionarios municipales, representantes de la sociedad civil y expertos en la materia. Su objetivo es trabajar de manera coordinada para lograr los objetivos planteados.<\/p>\n<p>&nbsp;<\/p>\n<p style=\"text-align: center;\" data-sourcepos=\"26:1-26:203\"><em><strong>\u00a1Informaci\u00f3n que transforma!<\/strong><\/em><\/p>\n","protected":false},"excerpt":{"rendered":"<p>San Juan del R\u00edo avanza hacia una sociedad m\u00e1s justa y equitativa. El presidente municipal, Roberto Cabrera Valencia, encabez\u00f3 la instalaci\u00f3n del Sistema Municipal para la Igualdad Sustantiva entre Mujeres y Hombres y del Comit\u00e9 de Igualdad Laboral y No Discriminaci\u00f3n.<\/p>\n","protected":false},"author":3,"featured_media":8308,"comment_status":"open","ping_status":"open","sticky":false,"template":"","format":"standard","meta":{"footnotes":""},"categories":[65,58],"tags":[499,456,1189,382],"class_list":["post-8307","post","type-post","status-publish","format-standard","has-post-thumbnail","hentry","category-municipios","category-ultima-hora","tag-derechoshumanos","tag-igualdaddegenero","tag-inclusion","tag-sanjuandelrio"],"yoast_head":"<!-- This site is optimized with the Yoast SEO plugin v25.0 - https:\/\/yoast.com\/wordpress\/plugins\/seo\/ -->\n<title>Roberto Cabrera encabeza la creaci\u00f3n de comit\u00e9s para la igualdad en San Juan del R\u00edo | Nexo Informativo Santiago de Quer\u00e9taro<\/title>\n<meta name=\"description\" content=\"Roberto Cabrera encabeza la creaci\u00f3n de comit\u00e9s para la igualdad en San Juan del R\u00edo\" \/>\n<meta name=\"robots\" content=\"index, follow, max-snippet:-1, max-image-preview:large, max-video-preview:-1\" \/>\n<link rel=\"canonical\" href=\"https:\/\/www.nexoinformativo.mx\/index.php\/2024\/12\/17\/roberto-cabrera-encabeza-la-creacion-de-comites-para-la-igualdad-en-san-juan-del-rio\/\" \/>\n<meta property=\"og:locale\" content=\"es_MX\" \/>\n<meta property=\"og:type\" content=\"article\" \/>\n<meta property=\"og:title\" content=\"Roberto Cabrera encabeza la creaci\u00f3n de comit\u00e9s para la igualdad en San Juan del R\u00edo | Nexo Informativo Santiago de Quer\u00e9taro\" \/>\n<meta property=\"og:description\" content=\"Roberto Cabrera encabeza la creaci\u00f3n de comit\u00e9s para la igualdad en San Juan del R\u00edo\" \/>\n<meta property=\"og:url\" content=\"https:\/\/www.nexoinformativo.mx\/index.php\/2024\/12\/17\/roberto-cabrera-encabeza-la-creacion-de-comites-para-la-igualdad-en-san-juan-del-rio\/\" \/>\n<meta property=\"og:site_name\" content=\"Nexo Informativo Santiago de Quer\u00e9taro\" \/>\n<meta property=\"article:publisher\" content=\"https:\/\/www.facebook.com\/people\/Nexo-Informativo\/61564066885511\/\" \/>\n<meta property=\"article:published_time\" content=\"2024-12-17T12:45:08+00:00\" \/>\n<meta property=\"article:modified_time\" content=\"2024-12-17T15:20:03+00:00\" \/>\n<meta property=\"og:image\" content=\"https:\/\/www.nexoinformativo.mx\/wp-content\/uploads\/2024\/12\/PHOTO-2024-12-17-08-06-14-e1734448713256.jpg\" \/>\n\t<meta property=\"og:image:width\" content=\"800\" \/>\n\t<meta property=\"og:image:height\" content=\"533\" \/>\n\t<meta property=\"og:image:type\" content=\"image\/jpeg\" \/>\n<meta name=\"author\" content=\"Nexo Informativo\" \/>\n<meta name=\"twitter:card\" content=\"summary_large_image\" \/>\n<meta name=\"twitter:label1\" content=\"Escrito por\" \/>\n\t<meta name=\"twitter:data1\" content=\"Nexo Informativo\" \/>\n\t<meta name=\"twitter:label2\" content=\"Tiempo de lectura\" \/>\n\t<meta name=\"twitter:data2\" content=\"2 minutos\" \/>\n<script type=\"application\/ld+json\" class=\"yoast-schema-graph\">{\"@context\":\"https:\/\/schema.org\",\"@graph\":[{\"@type\":\"Article\",\"@id\":\"https:\/\/www.nexoinformativo.mx\/index.php\/2024\/12\/17\/roberto-cabrera-encabeza-la-creacion-de-comites-para-la-igualdad-en-san-juan-del-rio\/#article\",\"isPartOf\":{\"@id\":\"https:\/\/www.nexoinformativo.mx\/index.php\/2024\/12\/17\/roberto-cabrera-encabeza-la-creacion-de-comites-para-la-igualdad-en-san-juan-del-rio\/\"},\"author\":{\"name\":\"Nexo Informativo\",\"@id\":\"https:\/\/www.nexoinformativo.mx\/#\/schema\/person\/7749d380ba08c8ca00d7bc76fd907b7d\"},\"headline\":\"Roberto Cabrera encabeza la creaci\u00f3n de comit\u00e9s para la igualdad en San Juan del R\u00edo\",\"datePublished\":\"2024-12-17T12:45:08+00:00\",\"dateModified\":\"2024-12-17T15:20:03+00:00\",\"mainEntityOfPage\":{\"@id\":\"https:\/\/www.nexoinformativo.mx\/index.php\/2024\/12\/17\/roberto-cabrera-encabeza-la-creacion-de-comites-para-la-igualdad-en-san-juan-del-rio\/\"},\"wordCount\":263,\"commentCount\":0,\"publisher\":{\"@id\":\"https:\/\/www.nexoinformativo.mx\/#organization\"},\"image\":{\"@id\":\"https:\/\/www.nexoinformativo.mx\/index.php\/2024\/12\/17\/roberto-cabrera-encabeza-la-creacion-de-comites-para-la-igualdad-en-san-juan-del-rio\/#primaryimage\"},\"thumbnailUrl\":\"https:\/\/www.nexoinformativo.mx\/wp-content\/uploads\/2024\/12\/PHOTO-2024-12-17-08-06-14-e1734448713256.jpg\",\"keywords\":[\"DerechosHumanos\",\"IgualdadDeG\u00e9nero\",\"Inclusi\u00f3n\",\"SanJuanDelR\u00edo\"],\"articleSection\":[\"Municipios\",\"\u00daltima Hora\"],\"inLanguage\":\"es\",\"potentialAction\":[{\"@type\":\"CommentAction\",\"name\":\"Comment\",\"target\":[\"https:\/\/www.nexoinformativo.mx\/index.php\/2024\/12\/17\/roberto-cabrera-encabeza-la-creacion-de-comites-para-la-igualdad-en-san-juan-del-rio\/#respond\"]}]},{\"@type\":\"WebPage\",\"@id\":\"https:\/\/www.nexoinformativo.mx\/index.php\/2024\/12\/17\/roberto-cabrera-encabeza-la-creacion-de-comites-para-la-igualdad-en-san-juan-del-rio\/\",\"url\":\"https:\/\/www.nexoinformativo.mx\/index.php\/2024\/12\/17\/roberto-cabrera-encabeza-la-creacion-de-comites-para-la-igualdad-en-san-juan-del-rio\/\",\"name\":\"Roberto Cabrera encabeza la creaci\u00f3n de comit\u00e9s para la igualdad en San Juan del R\u00edo | Nexo Informativo Santiago de Quer\u00e9taro\",\"isPartOf\":{\"@id\":\"https:\/\/www.nexoinformativo.mx\/#website\"},\"primaryImageOfPage\":{\"@id\":\"https:\/\/www.nexoinformativo.mx\/index.php\/2024\/12\/17\/roberto-cabrera-encabeza-la-creacion-de-comites-para-la-igualdad-en-san-juan-del-rio\/#primaryimage\"},\"image\":{\"@id\":\"https:\/\/www.nexoinformativo.mx\/index.php\/2024\/12\/17\/roberto-cabrera-encabeza-la-creacion-de-comites-para-la-igualdad-en-san-juan-del-rio\/#primaryimage\"},\"thumbnailUrl\":\"https:\/\/www.nexoinformativo.mx\/wp-content\/uploads\/2024\/12\/PHOTO-2024-12-17-08-06-14-e1734448713256.jpg\",\"datePublished\":\"2024-12-17T12:45:08+00:00\",\"dateModified\":\"2024-12-17T15:20:03+00:00\",\"description\":\"Roberto Cabrera encabeza la creaci\u00f3n de comit\u00e9s para la igualdad en San Juan del R\u00edo\",\"breadcrumb\":{\"@id\":\"https:\/\/www.nexoinformativo.mx\/index.php\/2024\/12\/17\/roberto-cabrera-encabeza-la-creacion-de-comites-para-la-igualdad-en-san-juan-del-rio\/#breadcrumb\"},\"inLanguage\":\"es\",\"potentialAction\":[{\"@type\":\"ReadAction\",\"target\":[\"https:\/\/www.nexoinformativo.mx\/index.php\/2024\/12\/17\/roberto-cabrera-encabeza-la-creacion-de-comites-para-la-igualdad-en-san-juan-del-rio\/\"]}]},{\"@type\":\"ImageObject\",\"inLanguage\":\"es\",\"@id\":\"https:\/\/www.nexoinformativo.mx\/index.php\/2024\/12\/17\/roberto-cabrera-encabeza-la-creacion-de-comites-para-la-igualdad-en-san-juan-del-rio\/#primaryimage\",\"url\":\"https:\/\/www.nexoinformativo.mx\/wp-content\/uploads\/2024\/12\/PHOTO-2024-12-17-08-06-14-e1734448713256.jpg\",\"contentUrl\":\"https:\/\/www.nexoinformativo.mx\/wp-content\/uploads\/2024\/12\/PHOTO-2024-12-17-08-06-14-e1734448713256.jpg\",\"width\":800,\"height\":533},{\"@type\":\"BreadcrumbList\",\"@id\":\"https:\/\/www.nexoinformativo.mx\/index.php\/2024\/12\/17\/roberto-cabrera-encabeza-la-creacion-de-comites-para-la-igualdad-en-san-juan-del-rio\/#breadcrumb\",\"itemListElement\":[{\"@type\":\"ListItem\",\"position\":1,\"name\":\"Inicio\",\"item\":\"https:\/\/www.nexoinformativo.mx\/\"},{\"@type\":\"ListItem\",\"position\":2,\"name\":\"Roberto Cabrera encabeza la creaci\u00f3n de comit\u00e9s para la igualdad en San Juan del R\u00edo\"}]},{\"@type\":\"WebSite\",\"@id\":\"https:\/\/www.nexoinformativo.mx\/#website\",\"url\":\"https:\/\/www.nexoinformativo.mx\/\",\"name\":\"Nexo Informativo Santiago de Quer\u00e9taro\",\"description\":\"Explora NexoInformativo y convi\u00e9rtete en parte de una comunidad que valora el conocimiento y la verdad. Tu nexoinformativo es tu puente hacia una comprensi\u00f3n m\u00e1s profunda del mundo que te rodea.\",\"publisher\":{\"@id\":\"https:\/\/www.nexoinformativo.mx\/#organization\"},\"potentialAction\":[{\"@type\":\"SearchAction\",\"target\":{\"@type\":\"EntryPoint\",\"urlTemplate\":\"https:\/\/www.nexoinformativo.mx\/?s={search_term_string}\"},\"query-input\":{\"@type\":\"PropertyValueSpecification\",\"valueRequired\":true,\"valueName\":\"search_term_string\"}}],\"inLanguage\":\"es\"},{\"@type\":\"Organization\",\"@id\":\"https:\/\/www.nexoinformativo.mx\/#organization\",\"name\":\"Nexo Informativo Santiago de Quer\u00e9taro\",\"url\":\"https:\/\/www.nexoinformativo.mx\/\",\"logo\":{\"@type\":\"ImageObject\",\"inLanguage\":\"es\",\"@id\":\"https:\/\/www.nexoinformativo.mx\/#\/schema\/logo\/image\/\",\"url\":\"https:\/\/www.nexoinformativo.mx\/wp-content\/uploads\/2024\/07\/nexoi-trasparente-2.png\",\"contentUrl\":\"https:\/\/www.nexoinformativo.mx\/wp-content\/uploads\/2024\/07\/nexoi-trasparente-2.png\",\"width\":816,\"height\":339,\"caption\":\"Nexo Informativo Santiago de Quer\u00e9taro\"},\"image\":{\"@id\":\"https:\/\/www.nexoinformativo.mx\/#\/schema\/logo\/image\/\"},\"sameAs\":[\"https:\/\/www.facebook.com\/people\/Nexo-Informativo\/61564066885511\/\"]},{\"@type\":\"Person\",\"@id\":\"https:\/\/www.nexoinformativo.mx\/#\/schema\/person\/7749d380ba08c8ca00d7bc76fd907b7d\",\"name\":\"Nexo Informativo\",\"image\":{\"@type\":\"ImageObject\",\"inLanguage\":\"es\",\"@id\":\"https:\/\/www.nexoinformativo.mx\/#\/schema\/person\/image\/\",\"url\":\"https:\/\/secure.gravatar.com\/avatar\/dde2928154642a13d95f87ddf1ea9718fe2b46760a005c53e41ff5ad610704e6?s=96&d=mm&r=g\",\"contentUrl\":\"https:\/\/secure.gravatar.com\/avatar\/dde2928154642a13d95f87ddf1ea9718fe2b46760a005c53e41ff5ad610704e6?s=96&d=mm&r=g\",\"caption\":\"Nexo Informativo\"},\"url\":\"https:\/\/www.nexoinformativo.mx\/index.php\/author\/edicion\/\"}]}<\/script>\n<!-- \/ Yoast SEO plugin. -->","yoast_head_json":{"title":"Roberto Cabrera encabeza la creaci\u00f3n de comit\u00e9s para la igualdad en San Juan del R\u00edo | Nexo Informativo Santiago de Quer\u00e9taro","description":"Roberto Cabrera encabeza la creaci\u00f3n de comit\u00e9s para la igualdad en San Juan del R\u00edo","robots":{"index":"index","follow":"follow","max-snippet":"max-snippet:-1","max-image-preview":"max-image-preview:large","max-video-preview":"max-video-preview:-1"},"canonical":"https:\/\/www.nexoinformativo.mx\/index.php\/2024\/12\/17\/roberto-cabrera-encabeza-la-creacion-de-comites-para-la-igualdad-en-san-juan-del-rio\/","og_locale":"es_MX","og_type":"article","og_title":"Roberto Cabrera encabeza la creaci\u00f3n de comit\u00e9s para la igualdad en San Juan del R\u00edo | Nexo Informativo Santiago de Quer\u00e9taro","og_description":"Roberto Cabrera encabeza la creaci\u00f3n de comit\u00e9s para la igualdad en San Juan del R\u00edo","og_url":"https:\/\/www.nexoinformativo.mx\/index.php\/2024\/12\/17\/roberto-cabrera-encabeza-la-creacion-de-comites-para-la-igualdad-en-san-juan-del-rio\/","og_site_name":"Nexo Informativo Santiago de Quer\u00e9taro","article_publisher":"https:\/\/www.facebook.com\/people\/Nexo-Informativo\/61564066885511\/","article_published_time":"2024-12-17T12:45:08+00:00","article_modified_time":"2024-12-17T15:20:03+00:00","og_image":[{"width":800,"height":533,"url":"https:\/\/www.nexoinformativo.mx\/wp-content\/uploads\/2024\/12\/PHOTO-2024-12-17-08-06-14-e1734448713256.jpg","type":"image\/jpeg"}],"author":"Nexo Informativo","twitter_card":"summary_large_image","twitter_misc":{"Escrito por":"Nexo Informativo","Tiempo de lectura":"2 minutos"},"schema":{"@context":"https:\/\/schema.org","@graph":[{"@type":"Article","@id":"https:\/\/www.nexoinformativo.mx\/index.php\/2024\/12\/17\/roberto-cabrera-encabeza-la-creacion-de-comites-para-la-igualdad-en-san-juan-del-rio\/#article","isPartOf":{"@id":"https:\/\/www.nexoinformativo.mx\/index.php\/2024\/12\/17\/roberto-cabrera-encabeza-la-creacion-de-comites-para-la-igualdad-en-san-juan-del-rio\/"},"author":{"name":"Nexo Informativo","@id":"https:\/\/www.nexoinformativo.mx\/#\/schema\/person\/7749d380ba08c8ca00d7bc76fd907b7d"},"headline":"Roberto Cabrera encabeza la creaci\u00f3n de comit\u00e9s para la igualdad en San Juan del R\u00edo","datePublished":"2024-12-17T12:45:08+00:00","dateModified":"2024-12-17T15:20:03+00:00","mainEntityOfPage":{"@id":"https:\/\/www.nexoinformativo.mx\/index.php\/2024\/12\/17\/roberto-cabrera-encabeza-la-creacion-de-comites-para-la-igualdad-en-san-juan-del-rio\/"},"wordCount":263,"commentCount":0,"publisher":{"@id":"https:\/\/www.nexoinformativo.mx\/#organization"},"image":{"@id":"https:\/\/www.nexoinformativo.mx\/index.php\/2024\/12\/17\/roberto-cabrera-encabeza-la-creacion-de-comites-para-la-igualdad-en-san-juan-del-rio\/#primaryimage"},"thumbnailUrl":"https:\/\/www.nexoinformativo.mx\/wp-content\/uploads\/2024\/12\/PHOTO-2024-12-17-08-06-14-e1734448713256.jpg","keywords":["DerechosHumanos","IgualdadDeG\u00e9nero","Inclusi\u00f3n","SanJuanDelR\u00edo"],"articleSection":["Municipios","\u00daltima Hora"],"inLanguage":"es","potentialAction":[{"@type":"CommentAction","name":"Comment","target":["https:\/\/www.nexoinformativo.mx\/index.php\/2024\/12\/17\/roberto-cabrera-encabeza-la-creacion-de-comites-para-la-igualdad-en-san-juan-del-rio\/#respond"]}]},{"@type":"WebPage","@id":"https:\/\/www.nexoinformativo.mx\/index.php\/2024\/12\/17\/roberto-cabrera-encabeza-la-creacion-de-comites-para-la-igualdad-en-san-juan-del-rio\/","url":"https:\/\/www.nexoinformativo.mx\/index.php\/2024\/12\/17\/roberto-cabrera-encabeza-la-creacion-de-comites-para-la-igualdad-en-san-juan-del-rio\/","name":"Roberto Cabrera encabeza la creaci\u00f3n de comit\u00e9s para la igualdad en San Juan del R\u00edo | Nexo Informativo Santiago de Quer\u00e9taro","isPartOf":{"@id":"https:\/\/www.nexoinformativo.mx\/#website"},"primaryImageOfPage":{"@id":"https:\/\/www.nexoinformativo.mx\/index.php\/2024\/12\/17\/roberto-cabrera-encabeza-la-creacion-de-comites-para-la-igualdad-en-san-juan-del-rio\/#primaryimage"},"image":{"@id":"https:\/\/www.nexoinformativo.mx\/index.php\/2024\/12\/17\/roberto-cabrera-encabeza-la-creacion-de-comites-para-la-igualdad-en-san-juan-del-rio\/#primaryimage"},"thumbnailUrl":"https:\/\/www.nexoinformativo.mx\/wp-content\/uploads\/2024\/12\/PHOTO-2024-12-17-08-06-14-e1734448713256.jpg","datePublished":"2024-12-17T12:45:08+00:00","dateModified":"2024-12-17T15:20:03+00:00","description":"Roberto Cabrera encabeza la creaci\u00f3n de comit\u00e9s para la igualdad en San Juan del R\u00edo","breadcrumb":{"@id":"https:\/\/www.nexoinformativo.mx\/index.php\/2024\/12\/17\/roberto-cabrera-encabeza-la-creacion-de-comites-para-la-igualdad-en-san-juan-del-rio\/#breadcrumb"},"inLanguage":"es","potentialAction":[{"@type":"ReadAction","target":["https:\/\/www.nexoinformativo.mx\/index.php\/2024\/12\/17\/roberto-cabrera-encabeza-la-creacion-de-comites-para-la-igualdad-en-san-juan-del-rio\/"]}]},{"@type":"ImageObject","inLanguage":"es","@id":"https:\/\/www.nexoinformativo.mx\/index.php\/2024\/12\/17\/roberto-cabrera-encabeza-la-creacion-de-comites-para-la-igualdad-en-san-juan-del-rio\/#primaryimage","url":"https:\/\/www.nexoinformativo.mx\/wp-content\/uploads\/2024\/12\/PHOTO-2024-12-17-08-06-14-e1734448713256.jpg","contentUrl":"https:\/\/www.nexoinformativo.mx\/wp-content\/uploads\/2024\/12\/PHOTO-2024-12-17-08-06-14-e1734448713256.jpg","width":800,"height":533},{"@type":"BreadcrumbList","@id":"https:\/\/www.nexoinformativo.mx\/index.php\/2024\/12\/17\/roberto-cabrera-encabeza-la-creacion-de-comites-para-la-igualdad-en-san-juan-del-rio\/#breadcrumb","itemListElement":[{"@type":"ListItem","position":1,"name":"Inicio","item":"https:\/\/www.nexoinformativo.mx\/"},{"@type":"ListItem","position":2,"name":"Roberto Cabrera encabeza la creaci\u00f3n de comit\u00e9s para la igualdad en San Juan del R\u00edo"}]},{"@type":"WebSite","@id":"https:\/\/www.nexoinformativo.mx\/#website","url":"https:\/\/www.nexoinformativo.mx\/","name":"Nexo Informativo Santiago de Quer\u00e9taro","description":"Explora NexoInformativo y convi\u00e9rtete en parte de una comunidad que valora el conocimiento y la verdad. Tu nexoinformativo es tu puente hacia una comprensi\u00f3n m\u00e1s profunda del mundo que te rodea.","publisher":{"@id":"https:\/\/www.nexoinformativo.mx\/#organization"},"potentialAction":[{"@type":"SearchAction","target":{"@type":"EntryPoint","urlTemplate":"https:\/\/www.nexoinformativo.mx\/?s={search_term_string}"},"query-input":{"@type":"PropertyValueSpecification","valueRequired":true,"valueName":"search_term_string"}}],"inLanguage":"es"},{"@type":"Organization","@id":"https:\/\/www.nexoinformativo.mx\/#organization","name":"Nexo Informativo Santiago de Quer\u00e9taro","url":"https:\/\/www.nexoinformativo.mx\/","logo":{"@type":"ImageObject","inLanguage":"es","@id":"https:\/\/www.nexoinformativo.mx\/#\/schema\/logo\/image\/","url":"https:\/\/www.nexoinformativo.mx\/wp-content\/uploads\/2024\/07\/nexoi-trasparente-2.png","contentUrl":"https:\/\/www.nexoinformativo.mx\/wp-content\/uploads\/2024\/07\/nexoi-trasparente-2.png","width":816,"height":339,"caption":"Nexo Informativo Santiago de Quer\u00e9taro"},"image":{"@id":"https:\/\/www.nexoinformativo.mx\/#\/schema\/logo\/image\/"},"sameAs":["https:\/\/www.facebook.com\/people\/Nexo-Informativo\/61564066885511\/"]},{"@type":"Person","@id":"https:\/\/www.nexoinformativo.mx\/#\/schema\/person\/7749d380ba08c8ca00d7bc76fd907b7d","name":"Nexo Informativo","image":{"@type":"ImageObject","inLanguage":"es","@id":"https:\/\/www.nexoinformativo.mx\/#\/schema\/person\/image\/","url":"https:\/\/secure.gravatar.com\/avatar\/dde2928154642a13d95f87ddf1ea9718fe2b46760a005c53e41ff5ad610704e6?s=96&d=mm&r=g","contentUrl":"https:\/\/secure.gravatar.com\/avatar\/dde2928154642a13d95f87ddf1ea9718fe2b46760a005c53e41ff5ad610704e6?s=96&d=mm&r=g","caption":"Nexo Informativo"},"url":"https:\/\/www.nexoinformativo.mx\/index.php\/author\/edicion\/"}]}},"_links":{"self":[{"href":"https:\/\/www.nexoinformativo.mx\/index.php\/wp-json\/wp\/v2\/posts\/8307","targetHints":{"allow":["GET"]}}],"collection":[{"href":"https:\/\/www.nexoinformativo.mx\/index.php\/wp-json\/wp\/v2\/posts"}],"about":[{"href":"https:\/\/www.nexoinformativo.mx\/index.php\/wp-json\/wp\/v2\/types\/post"}],"author":[{"embeddable":true,"href":"https:\/\/www.nexoinformativo.mx\/index.php\/wp-json\/wp\/v2\/users\/3"}],"replies":[{"embeddable":true,"href":"https:\/\/www.nexoinformativo.mx\/index.php\/wp-json\/wp\/v2\/comments?post=8307"}],"version-history":[{"count":5,"href":"https:\/\/www.nexoinformativo.mx\/index.php\/wp-json\/wp\/v2\/posts\/8307\/revisions"}],"predecessor-version":[{"id":8311,"href":"https:\/\/www.nexoinformativo.mx\/index.php\/wp-json\/wp\/v2\/posts\/8307\/revisions\/8311"}],"wp:featuredmedia":[{"embeddable":true,"href":"https:\/\/www.nexoinformativo.mx\/index.php\/wp-json\/wp\/v2\/media\/8308"}],"wp:attachment":[{"href":"https:\/\/www.nexoinformativo.mx\/index.php\/wp-json\/wp\/v2\/media?parent=8307"}],"wp:term":[{"taxonomy":"category","embeddable":true,"href":"https:\/\/www.nexoinformativo.mx\/index.php\/wp-json\/wp\/v2\/categories?post=8307"},{"taxonomy":"post_tag","embeddable":true,"href":"https:\/\/www.nexoinformativo.mx\/index.php\/wp-json\/wp\/v2\/tags?post=8307"}],"curies":[{"name":"wp","href":"https:\/\/api.w.org\/{rel}","templated":true}]}}