{"id":8320,"date":"2024-12-17T07:30:10","date_gmt":"2024-12-17T13:30:10","guid":{"rendered":"https:\/\/www.nexoinformativo.mx\/?p=8320"},"modified":"2024-12-17T09:35:38","modified_gmt":"2024-12-17T15:35:38","slug":"gobierno-de-mexico-apuesta-por-una-nueva-generacion-saludable-lanza-estrategia-nacional-integral-de-vida-saludable","status":"publish","type":"post","link":"https:\/\/www.nexoinformativo.mx\/index.php\/2024\/12\/17\/gobierno-de-mexico-apuesta-por-una-nueva-generacion-saludable-lanza-estrategia-nacional-integral-de-vida-saludable\/","title":{"rendered":"Gobierno de M\u00e9xico apuesta por una nueva generaci\u00f3n saludable: Lanza Estrategia Nacional Integral de Vida Saludable"},"content":{"rendered":"<p style=\"text-align: justify;\" data-sourcepos=\"11:1-11:374\">El Gobierno encabezado por la presidenta Claudia Sheinbaum, ha dado un paso significativo hacia una poblaci\u00f3n mas saludable.<\/p>\n<p>&nbsp;<\/p>\n<p style=\"text-align: justify;\" data-sourcepos=\"11:1-11:374\">A trav\u00e9s de la Secretar\u00eda de Educaci\u00f3n P\u00fablica (SEP), se ha presentado la <strong>Estrategia Nacional Integral de Vida Saludable,<\/strong> una iniciativa que busca transformar las escuelas en espacios que promuevan h\u00e1bitos saludables en ni\u00f1as y ni\u00f1os.<\/p>\n<p>&nbsp;<\/p>\n<p style=\"text-align: justify;\" data-sourcepos=\"13:1-13:393\">Esta estrategia integral, que se implementar\u00e1 en colaboraci\u00f3n con la <strong>Secretar\u00eda de Salud, el IMSS y autoridades estatales<\/strong>, se centrar\u00e1 en la prevenci\u00f3n de enfermedades como la obesidad, la diabetes y las adicciones.<\/p>\n<p>&nbsp;<\/p>\n<p style=\"text-align: justify;\" data-sourcepos=\"13:1-13:393\">Con de jornadas de salud en las escuelas, se realizar\u00e1n evaluaciones de peso, talla, salud bucal y visual, adem\u00e1s de brindar orientaci\u00f3n sobre nutrici\u00f3n y actividad f\u00edsica.<\/p>\n<p>&nbsp;<\/p>\n<p style=\"text-align: justify;\" data-sourcepos=\"15:1-15:255\"><strong>&#8220;Queremos que nuestras ni\u00f1as y ni\u00f1os tengan una vida saludable desde temprana edad&#8221;<\/strong>, afirm\u00f3 el secretario de Educaci\u00f3n P\u00fablica, Mario Delgado. &#8220;La escuela es el lugar ideal para fomentar estos h\u00e1bitos y prevenir enfermedades&#8221;.<\/p>\n<p>&nbsp;<\/p>\n<p style=\"text-align: justify;\" data-sourcepos=\"17:1-17:33\">\u00bfQu\u00e9 implica esta estrategia?\u00a0Alimentaci\u00f3n saludable, actividad f\u00edsica, prevenci\u00f3n de adicciones y salud mental.<\/p>\n<p>&nbsp;<\/p>\n<p style=\"text-align: justify;\" data-sourcepos=\"24:1-24:23\"><strong>Acciones concretas:<\/strong><\/p>\n<p>*Jornadas de salud: Se realizar\u00e1n evaluaciones de salud en todas las escuelas primarias del pa\u00eds.<\/p>\n<p>*Capacitaci\u00f3n a maestros: Se capacitar\u00e1 a los docentes para que promuevan h\u00e1bitos saludables en el aula.<\/p>\n<p>*Materiales educativos: Se distribuir\u00e1n gu\u00edas y materiales did\u00e1cticos para padres y maestros.<\/p>\n<p>*Campa\u00f1as de difusi\u00f3n: Se llevar\u00e1n a cabo campa\u00f1as masivas para concientizar a la poblaci\u00f3n sobre la importancia de la salud.<\/p>\n<p>&nbsp;<\/p>\n<p style=\"text-align: justify;\" data-sourcepos=\"31:1-31:137\">El objetivo final es que las ni\u00f1as y los ni\u00f1os mexicanos crezcan sanos y felices, y que M\u00e9xico se convierta en un pa\u00eds m\u00e1s saludable.<\/p>\n<p>&nbsp;<\/p>\n<p style=\"text-align: center;\" data-sourcepos=\"31:1-31:137\"><em><strong>\u00a1Informaci\u00f3n que transforma!<\/strong><\/em><\/p>\n","protected":false},"excerpt":{"rendered":"<p>El Gobierno encabezado por la presidenta Claudia Sheinbaum, ha dado un paso significativo hacia una poblaci\u00f3n mas saludable. A trav\u00e9s de la Secretar\u00eda de Educaci\u00f3n P\u00fablica (SEP), se ha presentado la Estrategia Nacional Integral de Vida Saludable, una iniciativa que busca transformar las escuelas en espacios que promuevan h\u00e1bitos saludables en ni\u00f1as y ni\u00f1os.<\/p>\n","protected":false},"author":3,"featured_media":8321,"comment_status":"open","ping_status":"open","sticky":false,"template":"","format":"standard","meta":{"footnotes":""},"categories":[88,58],"tags":[173,1610,139,2712],"class_list":["post-8320","post","type-post","status-publish","format-standard","has-post-thumbnail","hentry","category-nacional","category-ultima-hora","tag-educacion","tag-mexico","tag-salud","tag-vidasaludable"],"yoast_head":"<!-- This site is optimized with the Yoast SEO plugin v25.0 - https:\/\/yoast.com\/wordpress\/plugins\/seo\/ -->\n<title>Gobierno de M\u00e9xico apuesta por una nueva generaci\u00f3n saludable: Lanza Estrategia Nacional Integral de Vida Saludable | Nexo Informativo Santiago de Quer\u00e9taro<\/title>\n<meta name=\"description\" content=\"Gobierno de M\u00e9xico apuesta por una nueva generaci\u00f3n saludable: Lanza Estrategia Nacional Integral de Vida Saludable\" \/>\n<meta name=\"robots\" content=\"index, follow, max-snippet:-1, max-image-preview:large, max-video-preview:-1\" \/>\n<link rel=\"canonical\" href=\"https:\/\/www.nexoinformativo.mx\/index.php\/2024\/12\/17\/gobierno-de-mexico-apuesta-por-una-nueva-generacion-saludable-lanza-estrategia-nacional-integral-de-vida-saludable\/\" \/>\n<meta property=\"og:locale\" content=\"es_MX\" \/>\n<meta property=\"og:type\" content=\"article\" \/>\n<meta property=\"og:title\" content=\"Gobierno de M\u00e9xico apuesta por una nueva generaci\u00f3n saludable: Lanza Estrategia Nacional Integral de Vida Saludable | Nexo Informativo Santiago de Quer\u00e9taro\" \/>\n<meta property=\"og:description\" content=\"Gobierno de M\u00e9xico apuesta por una nueva generaci\u00f3n saludable: Lanza Estrategia Nacional Integral de Vida Saludable\" \/>\n<meta property=\"og:url\" content=\"https:\/\/www.nexoinformativo.mx\/index.php\/2024\/12\/17\/gobierno-de-mexico-apuesta-por-una-nueva-generacion-saludable-lanza-estrategia-nacional-integral-de-vida-saludable\/\" \/>\n<meta property=\"og:site_name\" content=\"Nexo Informativo Santiago de Quer\u00e9taro\" \/>\n<meta property=\"article:publisher\" content=\"https:\/\/www.facebook.com\/people\/Nexo-Informativo\/61564066885511\/\" \/>\n<meta property=\"article:published_time\" content=\"2024-12-17T13:30:10+00:00\" \/>\n<meta property=\"article:modified_time\" content=\"2024-12-17T15:35:38+00:00\" \/>\n<meta property=\"og:image\" content=\"https:\/\/www.nexoinformativo.mx\/wp-content\/uploads\/2024\/12\/IMG_8609.png\" \/>\n\t<meta property=\"og:image:width\" content=\"650\" \/>\n\t<meta property=\"og:image:height\" content=\"380\" \/>\n\t<meta property=\"og:image:type\" content=\"image\/png\" \/>\n<meta name=\"author\" content=\"Nexo Informativo\" \/>\n<meta name=\"twitter:card\" content=\"summary_large_image\" \/>\n<meta name=\"twitter:label1\" content=\"Escrito por\" \/>\n\t<meta name=\"twitter:data1\" content=\"Nexo Informativo\" \/>\n\t<meta name=\"twitter:label2\" content=\"Tiempo de lectura\" \/>\n\t<meta name=\"twitter:data2\" content=\"2 minutos\" \/>\n<script type=\"application\/ld+json\" class=\"yoast-schema-graph\">{\"@context\":\"https:\/\/schema.org\",\"@graph\":[{\"@type\":\"Article\",\"@id\":\"https:\/\/www.nexoinformativo.mx\/index.php\/2024\/12\/17\/gobierno-de-mexico-apuesta-por-una-nueva-generacion-saludable-lanza-estrategia-nacional-integral-de-vida-saludable\/#article\",\"isPartOf\":{\"@id\":\"https:\/\/www.nexoinformativo.mx\/index.php\/2024\/12\/17\/gobierno-de-mexico-apuesta-por-una-nueva-generacion-saludable-lanza-estrategia-nacional-integral-de-vida-saludable\/\"},\"author\":{\"name\":\"Nexo Informativo\",\"@id\":\"https:\/\/www.nexoinformativo.mx\/#\/schema\/person\/7749d380ba08c8ca00d7bc76fd907b7d\"},\"headline\":\"Gobierno de M\u00e9xico apuesta por una nueva generaci\u00f3n saludable: Lanza Estrategia Nacional Integral de Vida Saludable\",\"datePublished\":\"2024-12-17T13:30:10+00:00\",\"dateModified\":\"2024-12-17T15:35:38+00:00\",\"mainEntityOfPage\":{\"@id\":\"https:\/\/www.nexoinformativo.mx\/index.php\/2024\/12\/17\/gobierno-de-mexico-apuesta-por-una-nueva-generacion-saludable-lanza-estrategia-nacional-integral-de-vida-saludable\/\"},\"wordCount\":323,\"commentCount\":0,\"publisher\":{\"@id\":\"https:\/\/www.nexoinformativo.mx\/#organization\"},\"image\":{\"@id\":\"https:\/\/www.nexoinformativo.mx\/index.php\/2024\/12\/17\/gobierno-de-mexico-apuesta-por-una-nueva-generacion-saludable-lanza-estrategia-nacional-integral-de-vida-saludable\/#primaryimage\"},\"thumbnailUrl\":\"https:\/\/www.nexoinformativo.mx\/wp-content\/uploads\/2024\/12\/IMG_8609.png\",\"keywords\":[\"educacion\",\"M\u00e9xico\",\"salud\",\"VidaSaludable\"],\"articleSection\":[\"Nacional\",\"\u00daltima Hora\"],\"inLanguage\":\"es\",\"potentialAction\":[{\"@type\":\"CommentAction\",\"name\":\"Comment\",\"target\":[\"https:\/\/www.nexoinformativo.mx\/index.php\/2024\/12\/17\/gobierno-de-mexico-apuesta-por-una-nueva-generacion-saludable-lanza-estrategia-nacional-integral-de-vida-saludable\/#respond\"]}]},{\"@type\":\"WebPage\",\"@id\":\"https:\/\/www.nexoinformativo.mx\/index.php\/2024\/12\/17\/gobierno-de-mexico-apuesta-por-una-nueva-generacion-saludable-lanza-estrategia-nacional-integral-de-vida-saludable\/\",\"url\":\"https:\/\/www.nexoinformativo.mx\/index.php\/2024\/12\/17\/gobierno-de-mexico-apuesta-por-una-nueva-generacion-saludable-lanza-estrategia-nacional-integral-de-vida-saludable\/\",\"name\":\"Gobierno de M\u00e9xico apuesta por una nueva generaci\u00f3n saludable: Lanza Estrategia Nacional Integral de Vida Saludable | Nexo Informativo Santiago de Quer\u00e9taro\",\"isPartOf\":{\"@id\":\"https:\/\/www.nexoinformativo.mx\/#website\"},\"primaryImageOfPage\":{\"@id\":\"https:\/\/www.nexoinformativo.mx\/index.php\/2024\/12\/17\/gobierno-de-mexico-apuesta-por-una-nueva-generacion-saludable-lanza-estrategia-nacional-integral-de-vida-saludable\/#primaryimage\"},\"image\":{\"@id\":\"https:\/\/www.nexoinformativo.mx\/index.php\/2024\/12\/17\/gobierno-de-mexico-apuesta-por-una-nueva-generacion-saludable-lanza-estrategia-nacional-integral-de-vida-saludable\/#primaryimage\"},\"thumbnailUrl\":\"https:\/\/www.nexoinformativo.mx\/wp-content\/uploads\/2024\/12\/IMG_8609.png\",\"datePublished\":\"2024-12-17T13:30:10+00:00\",\"dateModified\":\"2024-12-17T15:35:38+00:00\",\"description\":\"Gobierno de M\u00e9xico apuesta por una nueva generaci\u00f3n saludable: Lanza Estrategia Nacional Integral de Vida Saludable\",\"breadcrumb\":{\"@id\":\"https:\/\/www.nexoinformativo.mx\/index.php\/2024\/12\/17\/gobierno-de-mexico-apuesta-por-una-nueva-generacion-saludable-lanza-estrategia-nacional-integral-de-vida-saludable\/#breadcrumb\"},\"inLanguage\":\"es\",\"potentialAction\":[{\"@type\":\"ReadAction\",\"target\":[\"https:\/\/www.nexoinformativo.mx\/index.php\/2024\/12\/17\/gobierno-de-mexico-apuesta-por-una-nueva-generacion-saludable-lanza-estrategia-nacional-integral-de-vida-saludable\/\"]}]},{\"@type\":\"ImageObject\",\"inLanguage\":\"es\",\"@id\":\"https:\/\/www.nexoinformativo.mx\/index.php\/2024\/12\/17\/gobierno-de-mexico-apuesta-por-una-nueva-generacion-saludable-lanza-estrategia-nacional-integral-de-vida-saludable\/#primaryimage\",\"url\":\"https:\/\/www.nexoinformativo.mx\/wp-content\/uploads\/2024\/12\/IMG_8609.png\",\"contentUrl\":\"https:\/\/www.nexoinformativo.mx\/wp-content\/uploads\/2024\/12\/IMG_8609.png\",\"width\":650,\"height\":380},{\"@type\":\"BreadcrumbList\",\"@id\":\"https:\/\/www.nexoinformativo.mx\/index.php\/2024\/12\/17\/gobierno-de-mexico-apuesta-por-una-nueva-generacion-saludable-lanza-estrategia-nacional-integral-de-vida-saludable\/#breadcrumb\",\"itemListElement\":[{\"@type\":\"ListItem\",\"position\":1,\"name\":\"Inicio\",\"item\":\"https:\/\/www.nexoinformativo.mx\/\"},{\"@type\":\"ListItem\",\"position\":2,\"name\":\"Gobierno de M\u00e9xico apuesta por una nueva generaci\u00f3n saludable: Lanza Estrategia Nacional Integral de Vida Saludable\"}]},{\"@type\":\"WebSite\",\"@id\":\"https:\/\/www.nexoinformativo.mx\/#website\",\"url\":\"https:\/\/www.nexoinformativo.mx\/\",\"name\":\"Nexo Informativo Santiago de Quer\u00e9taro\",\"description\":\"Explora NexoInformativo y convi\u00e9rtete en parte de una comunidad que valora el conocimiento y la verdad. Tu nexoinformativo es tu puente hacia una comprensi\u00f3n m\u00e1s profunda del mundo que te rodea.\",\"publisher\":{\"@id\":\"https:\/\/www.nexoinformativo.mx\/#organization\"},\"potentialAction\":[{\"@type\":\"SearchAction\",\"target\":{\"@type\":\"EntryPoint\",\"urlTemplate\":\"https:\/\/www.nexoinformativo.mx\/?s={search_term_string}\"},\"query-input\":{\"@type\":\"PropertyValueSpecification\",\"valueRequired\":true,\"valueName\":\"search_term_string\"}}],\"inLanguage\":\"es\"},{\"@type\":\"Organization\",\"@id\":\"https:\/\/www.nexoinformativo.mx\/#organization\",\"name\":\"Nexo Informativo Santiago de Quer\u00e9taro\",\"url\":\"https:\/\/www.nexoinformativo.mx\/\",\"logo\":{\"@type\":\"ImageObject\",\"inLanguage\":\"es\",\"@id\":\"https:\/\/www.nexoinformativo.mx\/#\/schema\/logo\/image\/\",\"url\":\"https:\/\/www.nexoinformativo.mx\/wp-content\/uploads\/2024\/07\/nexoi-trasparente-2.png\",\"contentUrl\":\"https:\/\/www.nexoinformativo.mx\/wp-content\/uploads\/2024\/07\/nexoi-trasparente-2.png\",\"width\":816,\"height\":339,\"caption\":\"Nexo Informativo Santiago de Quer\u00e9taro\"},\"image\":{\"@id\":\"https:\/\/www.nexoinformativo.mx\/#\/schema\/logo\/image\/\"},\"sameAs\":[\"https:\/\/www.facebook.com\/people\/Nexo-Informativo\/61564066885511\/\"]},{\"@type\":\"Person\",\"@id\":\"https:\/\/www.nexoinformativo.mx\/#\/schema\/person\/7749d380ba08c8ca00d7bc76fd907b7d\",\"name\":\"Nexo Informativo\",\"image\":{\"@type\":\"ImageObject\",\"inLanguage\":\"es\",\"@id\":\"https:\/\/www.nexoinformativo.mx\/#\/schema\/person\/image\/\",\"url\":\"https:\/\/secure.gravatar.com\/avatar\/dde2928154642a13d95f87ddf1ea9718fe2b46760a005c53e41ff5ad610704e6?s=96&d=mm&r=g\",\"contentUrl\":\"https:\/\/secure.gravatar.com\/avatar\/dde2928154642a13d95f87ddf1ea9718fe2b46760a005c53e41ff5ad610704e6?s=96&d=mm&r=g\",\"caption\":\"Nexo Informativo\"},\"url\":\"https:\/\/www.nexoinformativo.mx\/index.php\/author\/edicion\/\"}]}<\/script>\n<!-- \/ Yoast SEO plugin. -->","yoast_head_json":{"title":"Gobierno de M\u00e9xico apuesta por una nueva generaci\u00f3n saludable: Lanza Estrategia Nacional Integral de Vida Saludable | Nexo Informativo Santiago de Quer\u00e9taro","description":"Gobierno de M\u00e9xico apuesta por una nueva generaci\u00f3n saludable: Lanza Estrategia Nacional Integral de Vida Saludable","robots":{"index":"index","follow":"follow","max-snippet":"max-snippet:-1","max-image-preview":"max-image-preview:large","max-video-preview":"max-video-preview:-1"},"canonical":"https:\/\/www.nexoinformativo.mx\/index.php\/2024\/12\/17\/gobierno-de-mexico-apuesta-por-una-nueva-generacion-saludable-lanza-estrategia-nacional-integral-de-vida-saludable\/","og_locale":"es_MX","og_type":"article","og_title":"Gobierno de M\u00e9xico apuesta por una nueva generaci\u00f3n saludable: Lanza Estrategia Nacional Integral de Vida Saludable | Nexo Informativo Santiago de Quer\u00e9taro","og_description":"Gobierno de M\u00e9xico apuesta por una nueva generaci\u00f3n saludable: Lanza Estrategia Nacional Integral de Vida Saludable","og_url":"https:\/\/www.nexoinformativo.mx\/index.php\/2024\/12\/17\/gobierno-de-mexico-apuesta-por-una-nueva-generacion-saludable-lanza-estrategia-nacional-integral-de-vida-saludable\/","og_site_name":"Nexo Informativo Santiago de Quer\u00e9taro","article_publisher":"https:\/\/www.facebook.com\/people\/Nexo-Informativo\/61564066885511\/","article_published_time":"2024-12-17T13:30:10+00:00","article_modified_time":"2024-12-17T15:35:38+00:00","og_image":[{"width":650,"height":380,"url":"https:\/\/www.nexoinformativo.mx\/wp-content\/uploads\/2024\/12\/IMG_8609.png","type":"image\/png"}],"author":"Nexo Informativo","twitter_card":"summary_large_image","twitter_misc":{"Escrito por":"Nexo Informativo","Tiempo de lectura":"2 minutos"},"schema":{"@context":"https:\/\/schema.org","@graph":[{"@type":"Article","@id":"https:\/\/www.nexoinformativo.mx\/index.php\/2024\/12\/17\/gobierno-de-mexico-apuesta-por-una-nueva-generacion-saludable-lanza-estrategia-nacional-integral-de-vida-saludable\/#article","isPartOf":{"@id":"https:\/\/www.nexoinformativo.mx\/index.php\/2024\/12\/17\/gobierno-de-mexico-apuesta-por-una-nueva-generacion-saludable-lanza-estrategia-nacional-integral-de-vida-saludable\/"},"author":{"name":"Nexo Informativo","@id":"https:\/\/www.nexoinformativo.mx\/#\/schema\/person\/7749d380ba08c8ca00d7bc76fd907b7d"},"headline":"Gobierno de M\u00e9xico apuesta por una nueva generaci\u00f3n saludable: Lanza Estrategia Nacional Integral de Vida Saludable","datePublished":"2024-12-17T13:30:10+00:00","dateModified":"2024-12-17T15:35:38+00:00","mainEntityOfPage":{"@id":"https:\/\/www.nexoinformativo.mx\/index.php\/2024\/12\/17\/gobierno-de-mexico-apuesta-por-una-nueva-generacion-saludable-lanza-estrategia-nacional-integral-de-vida-saludable\/"},"wordCount":323,"commentCount":0,"publisher":{"@id":"https:\/\/www.nexoinformativo.mx\/#organization"},"image":{"@id":"https:\/\/www.nexoinformativo.mx\/index.php\/2024\/12\/17\/gobierno-de-mexico-apuesta-por-una-nueva-generacion-saludable-lanza-estrategia-nacional-integral-de-vida-saludable\/#primaryimage"},"thumbnailUrl":"https:\/\/www.nexoinformativo.mx\/wp-content\/uploads\/2024\/12\/IMG_8609.png","keywords":["educacion","M\u00e9xico","salud","VidaSaludable"],"articleSection":["Nacional","\u00daltima Hora"],"inLanguage":"es","potentialAction":[{"@type":"CommentAction","name":"Comment","target":["https:\/\/www.nexoinformativo.mx\/index.php\/2024\/12\/17\/gobierno-de-mexico-apuesta-por-una-nueva-generacion-saludable-lanza-estrategia-nacional-integral-de-vida-saludable\/#respond"]}]},{"@type":"WebPage","@id":"https:\/\/www.nexoinformativo.mx\/index.php\/2024\/12\/17\/gobierno-de-mexico-apuesta-por-una-nueva-generacion-saludable-lanza-estrategia-nacional-integral-de-vida-saludable\/","url":"https:\/\/www.nexoinformativo.mx\/index.php\/2024\/12\/17\/gobierno-de-mexico-apuesta-por-una-nueva-generacion-saludable-lanza-estrategia-nacional-integral-de-vida-saludable\/","name":"Gobierno de M\u00e9xico apuesta por una nueva generaci\u00f3n saludable: Lanza Estrategia Nacional Integral de Vida Saludable | Nexo Informativo Santiago de Quer\u00e9taro","isPartOf":{"@id":"https:\/\/www.nexoinformativo.mx\/#website"},"primaryImageOfPage":{"@id":"https:\/\/www.nexoinformativo.mx\/index.php\/2024\/12\/17\/gobierno-de-mexico-apuesta-por-una-nueva-generacion-saludable-lanza-estrategia-nacional-integral-de-vida-saludable\/#primaryimage"},"image":{"@id":"https:\/\/www.nexoinformativo.mx\/index.php\/2024\/12\/17\/gobierno-de-mexico-apuesta-por-una-nueva-generacion-saludable-lanza-estrategia-nacional-integral-de-vida-saludable\/#primaryimage"},"thumbnailUrl":"https:\/\/www.nexoinformativo.mx\/wp-content\/uploads\/2024\/12\/IMG_8609.png","datePublished":"2024-12-17T13:30:10+00:00","dateModified":"2024-12-17T15:35:38+00:00","description":"Gobierno de M\u00e9xico apuesta por una nueva generaci\u00f3n saludable: Lanza Estrategia Nacional Integral de Vida Saludable","breadcrumb":{"@id":"https:\/\/www.nexoinformativo.mx\/index.php\/2024\/12\/17\/gobierno-de-mexico-apuesta-por-una-nueva-generacion-saludable-lanza-estrategia-nacional-integral-de-vida-saludable\/#breadcrumb"},"inLanguage":"es","potentialAction":[{"@type":"ReadAction","target":["https:\/\/www.nexoinformativo.mx\/index.php\/2024\/12\/17\/gobierno-de-mexico-apuesta-por-una-nueva-generacion-saludable-lanza-estrategia-nacional-integral-de-vida-saludable\/"]}]},{"@type":"ImageObject","inLanguage":"es","@id":"https:\/\/www.nexoinformativo.mx\/index.php\/2024\/12\/17\/gobierno-de-mexico-apuesta-por-una-nueva-generacion-saludable-lanza-estrategia-nacional-integral-de-vida-saludable\/#primaryimage","url":"https:\/\/www.nexoinformativo.mx\/wp-content\/uploads\/2024\/12\/IMG_8609.png","contentUrl":"https:\/\/www.nexoinformativo.mx\/wp-content\/uploads\/2024\/12\/IMG_8609.png","width":650,"height":380},{"@type":"BreadcrumbList","@id":"https:\/\/www.nexoinformativo.mx\/index.php\/2024\/12\/17\/gobierno-de-mexico-apuesta-por-una-nueva-generacion-saludable-lanza-estrategia-nacional-integral-de-vida-saludable\/#breadcrumb","itemListElement":[{"@type":"ListItem","position":1,"name":"Inicio","item":"https:\/\/www.nexoinformativo.mx\/"},{"@type":"ListItem","position":2,"name":"Gobierno de M\u00e9xico apuesta por una nueva generaci\u00f3n saludable: Lanza Estrategia Nacional Integral de Vida Saludable"}]},{"@type":"WebSite","@id":"https:\/\/www.nexoinformativo.mx\/#website","url":"https:\/\/www.nexoinformativo.mx\/","name":"Nexo Informativo Santiago de Quer\u00e9taro","description":"Explora NexoInformativo y convi\u00e9rtete en parte de una comunidad que valora el conocimiento y la verdad. Tu nexoinformativo es tu puente hacia una comprensi\u00f3n m\u00e1s profunda del mundo que te rodea.","publisher":{"@id":"https:\/\/www.nexoinformativo.mx\/#organization"},"potentialAction":[{"@type":"SearchAction","target":{"@type":"EntryPoint","urlTemplate":"https:\/\/www.nexoinformativo.mx\/?s={search_term_string}"},"query-input":{"@type":"PropertyValueSpecification","valueRequired":true,"valueName":"search_term_string"}}],"inLanguage":"es"},{"@type":"Organization","@id":"https:\/\/www.nexoinformativo.mx\/#organization","name":"Nexo Informativo Santiago de Quer\u00e9taro","url":"https:\/\/www.nexoinformativo.mx\/","logo":{"@type":"ImageObject","inLanguage":"es","@id":"https:\/\/www.nexoinformativo.mx\/#\/schema\/logo\/image\/","url":"https:\/\/www.nexoinformativo.mx\/wp-content\/uploads\/2024\/07\/nexoi-trasparente-2.png","contentUrl":"https:\/\/www.nexoinformativo.mx\/wp-content\/uploads\/2024\/07\/nexoi-trasparente-2.png","width":816,"height":339,"caption":"Nexo Informativo Santiago de Quer\u00e9taro"},"image":{"@id":"https:\/\/www.nexoinformativo.mx\/#\/schema\/logo\/image\/"},"sameAs":["https:\/\/www.facebook.com\/people\/Nexo-Informativo\/61564066885511\/"]},{"@type":"Person","@id":"https:\/\/www.nexoinformativo.mx\/#\/schema\/person\/7749d380ba08c8ca00d7bc76fd907b7d","name":"Nexo Informativo","image":{"@type":"ImageObject","inLanguage":"es","@id":"https:\/\/www.nexoinformativo.mx\/#\/schema\/person\/image\/","url":"https:\/\/secure.gravatar.com\/avatar\/dde2928154642a13d95f87ddf1ea9718fe2b46760a005c53e41ff5ad610704e6?s=96&d=mm&r=g","contentUrl":"https:\/\/secure.gravatar.com\/avatar\/dde2928154642a13d95f87ddf1ea9718fe2b46760a005c53e41ff5ad610704e6?s=96&d=mm&r=g","caption":"Nexo Informativo"},"url":"https:\/\/www.nexoinformativo.mx\/index.php\/author\/edicion\/"}]}},"_links":{"self":[{"href":"https:\/\/www.nexoinformativo.mx\/index.php\/wp-json\/wp\/v2\/posts\/8320","targetHints":{"allow":["GET"]}}],"collection":[{"href":"https:\/\/www.nexoinformativo.mx\/index.php\/wp-json\/wp\/v2\/posts"}],"about":[{"href":"https:\/\/www.nexoinformativo.mx\/index.php\/wp-json\/wp\/v2\/types\/post"}],"author":[{"embeddable":true,"href":"https:\/\/www.nexoinformativo.mx\/index.php\/wp-json\/wp\/v2\/users\/3"}],"replies":[{"embeddable":true,"href":"https:\/\/www.nexoinformativo.mx\/index.php\/wp-json\/wp\/v2\/comments?post=8320"}],"version-history":[{"count":7,"href":"https:\/\/www.nexoinformativo.mx\/index.php\/wp-json\/wp\/v2\/posts\/8320\/revisions"}],"predecessor-version":[{"id":8324,"href":"https:\/\/www.nexoinformativo.mx\/index.php\/wp-json\/wp\/v2\/posts\/8320\/revisions\/8324"}],"wp:featuredmedia":[{"embeddable":true,"href":"https:\/\/www.nexoinformativo.mx\/index.php\/wp-json\/wp\/v2\/media\/8321"}],"wp:attachment":[{"href":"https:\/\/www.nexoinformativo.mx\/index.php\/wp-json\/wp\/v2\/media?parent=8320"}],"wp:term":[{"taxonomy":"category","embeddable":true,"href":"https:\/\/www.nexoinformativo.mx\/index.php\/wp-json\/wp\/v2\/categories?post=8320"},{"taxonomy":"post_tag","embeddable":true,"href":"https:\/\/www.nexoinformativo.mx\/index.php\/wp-json\/wp\/v2\/tags?post=8320"}],"curies":[{"name":"wp","href":"https:\/\/api.w.org\/{rel}","templated":true}]}}