{"id":8348,"date":"2024-12-17T09:30:03","date_gmt":"2024-12-17T15:30:03","guid":{"rendered":"https:\/\/www.nexoinformativo.mx\/?p=8348"},"modified":"2024-12-17T10:04:16","modified_gmt":"2024-12-17T16:04:16","slug":"rodrigo-monsalvo-celebra-san-vicente-ferrer-es-reconocida-como-comunidad-saludable","status":"publish","type":"post","link":"https:\/\/www.nexoinformativo.mx\/index.php\/2024\/12\/17\/rodrigo-monsalvo-celebra-san-vicente-ferrer-es-reconocida-como-comunidad-saludable\/","title":{"rendered":"Rodrigo Monsalvo celebra: San Vicente Ferrer es reconocida como Comunidad Saludable"},"content":{"rendered":"<p style=\"text-align: justify;\" data-sourcepos=\"11:1-11:357\">San Vicente Ferrer, en el municipio de El Marqu\u00e9s, ha alcanzado un importante hito al ser certificada como Comunidad Saludable. Este reconocimiento, otorgado por la Secretar\u00eda de Salud del Estado (SESA), destaca los esfuerzos de la comunidad, autoridades y escuelas por promover estilos de vida saludables y mejorar la calidad de vida de sus habitantes.<\/p>\n<p>&nbsp;<\/p>\n<p style=\"text-align: justify;\" data-sourcepos=\"13:1-13:433\">La titular de la SESA, Martina P\u00e9rez, resalt\u00f3 que una Comunidad Saludable es aquella donde todos los actores, desde los ciudadanos hasta las autoridades, trabajan de manera conjunta para fomentar h\u00e1bitos saludables y prevenir enfermedades.<\/p>\n<p>&nbsp;<\/p>\n<p style=\"text-align: justify;\" data-sourcepos=\"13:1-13:433\">En San Vicente Ferrer, se ha logrado involucrar a la comunidad en acciones como la promoci\u00f3n de la actividad f\u00edsica, la alimentaci\u00f3n saludable y la prevenci\u00f3n de enfermedades.<\/p>\n<p>&nbsp;<\/p>\n<p style=\"text-align: justify;\" data-sourcepos=\"15:1-15:269\">El presidente municipal de El Marqu\u00e9s, Rodrigo Monsalvo, celebr\u00f3 este logro y destac\u00f3 la importancia de trabajar en equipo para alcanzar metas comunes. &#8220;<strong>Este reconocimiento es fruto del esfuerzo de todos los habitantes de San Vicente Ferrer&#8221;<\/strong>, afirm\u00f3.<\/p>\n<p>&nbsp;<\/p>\n<p style=\"text-align: justify;\" data-sourcepos=\"19:1-19:282\">Ser reconocida como Comunidad Saludable significa que la localidad ha cumplido con una serie de criterios establecidos por la SESA, incluyendo la participaci\u00f3n activa de la comunidad, la implementaci\u00f3n de programas de promoci\u00f3n de la salud y la mejora de los indicadores de salud.<\/p>\n<p>&nbsp;<\/p>\n<p style=\"text-align: justify;\" data-sourcepos=\"21:1-21:267\">En el caso de San Vicente Ferrer, adem\u00e1s de la comunidad en general, tambi\u00e9n se han certificado como promotores de salud el preescolar &#8220;Luis de G\u00f3ngora&#8221;, la escuela primaria &#8220;Cinco de Mayo&#8221; y la cancha de basquetbol &#8220;San Vicente Ferrer&#8221;.<\/p>\n<p>&nbsp;<\/p>\n<p style=\"text-align: justify;\" data-sourcepos=\"23:1-23:23\">Un ejemplo a seguir la certificaci\u00f3n de San Vicente Ferrer como Comunidad Saludable es un ejemplo para otras localidades del estado. Demuestra que con trabajo en equipo y compromiso es posible mejorar la salud de las comunidades y construir un futuro m\u00e1s sano.<\/p>\n<p>&nbsp;<\/p>\n<p style=\"text-align: center;\" data-sourcepos=\"23:1-23:23\"><em><strong>\u00a1Informaci\u00f3n que transforma!<\/strong><\/em><\/p>\n","protected":false},"excerpt":{"rendered":"<p>San Vicente Ferrer, en el municipio de El Marqu\u00e9s, ha alcanzado un importante hito al ser certificada como Comunidad Saludable. Este reconocimiento, otorgado por la Secretar\u00eda de Salud del Estado (SESA), destaca los esfuerzos de la comunidad, autoridades y escuelas por promover estilos de vida saludables y mejorar la calidad de vida de sus habitantes.<\/p>\n","protected":false},"author":3,"featured_media":8349,"comment_status":"open","ping_status":"open","sticky":false,"template":"","format":"standard","meta":{"footnotes":""},"categories":[65,58],"tags":[2716,149,139,2717],"class_list":["post-8348","post","type-post","status-publish","format-standard","has-post-thumbnail","hentry","category-municipios","category-ultima-hora","tag-comunidadsaludable","tag-elmarques","tag-salud","tag-sanvicenteferrer"],"yoast_head":"<!-- This site is optimized with the Yoast SEO plugin v25.0 - https:\/\/yoast.com\/wordpress\/plugins\/seo\/ -->\n<title>Rodrigo Monsalvo celebra: San Vicente Ferrer es reconocida como Comunidad Saludable | Nexo Informativo Santiago de Quer\u00e9taro<\/title>\n<meta name=\"description\" content=\"Rodrigo Monsalvo celebra: San Vicente Ferrer es reconocida como Comunidad Saludable\" \/>\n<meta name=\"robots\" content=\"index, follow, max-snippet:-1, max-image-preview:large, max-video-preview:-1\" \/>\n<link rel=\"canonical\" href=\"https:\/\/www.nexoinformativo.mx\/index.php\/2024\/12\/17\/rodrigo-monsalvo-celebra-san-vicente-ferrer-es-reconocida-como-comunidad-saludable\/\" \/>\n<meta property=\"og:locale\" content=\"es_MX\" \/>\n<meta property=\"og:type\" content=\"article\" \/>\n<meta property=\"og:title\" content=\"Rodrigo Monsalvo celebra: San Vicente Ferrer es reconocida como Comunidad Saludable | Nexo Informativo Santiago de Quer\u00e9taro\" \/>\n<meta property=\"og:description\" content=\"Rodrigo Monsalvo celebra: San Vicente Ferrer es reconocida como Comunidad Saludable\" \/>\n<meta property=\"og:url\" content=\"https:\/\/www.nexoinformativo.mx\/index.php\/2024\/12\/17\/rodrigo-monsalvo-celebra-san-vicente-ferrer-es-reconocida-como-comunidad-saludable\/\" \/>\n<meta property=\"og:site_name\" content=\"Nexo Informativo Santiago de Quer\u00e9taro\" \/>\n<meta property=\"article:publisher\" content=\"https:\/\/www.facebook.com\/people\/Nexo-Informativo\/61564066885511\/\" \/>\n<meta property=\"article:published_time\" content=\"2024-12-17T15:30:03+00:00\" \/>\n<meta property=\"article:modified_time\" content=\"2024-12-17T16:04:16+00:00\" \/>\n<meta property=\"og:image\" content=\"https:\/\/www.nexoinformativo.mx\/wp-content\/uploads\/2024\/12\/IMG_8618-e1734451307230.png\" \/>\n\t<meta property=\"og:image:width\" content=\"800\" \/>\n\t<meta property=\"og:image:height\" content=\"461\" \/>\n\t<meta property=\"og:image:type\" content=\"image\/png\" \/>\n<meta name=\"author\" content=\"Nexo Informativo\" \/>\n<meta name=\"twitter:card\" content=\"summary_large_image\" \/>\n<meta name=\"twitter:label1\" content=\"Escrito por\" \/>\n\t<meta name=\"twitter:data1\" content=\"Nexo Informativo\" \/>\n\t<meta name=\"twitter:label2\" content=\"Tiempo de lectura\" \/>\n\t<meta name=\"twitter:data2\" content=\"2 minutos\" \/>\n<script type=\"application\/ld+json\" class=\"yoast-schema-graph\">{\"@context\":\"https:\/\/schema.org\",\"@graph\":[{\"@type\":\"Article\",\"@id\":\"https:\/\/www.nexoinformativo.mx\/index.php\/2024\/12\/17\/rodrigo-monsalvo-celebra-san-vicente-ferrer-es-reconocida-como-comunidad-saludable\/#article\",\"isPartOf\":{\"@id\":\"https:\/\/www.nexoinformativo.mx\/index.php\/2024\/12\/17\/rodrigo-monsalvo-celebra-san-vicente-ferrer-es-reconocida-como-comunidad-saludable\/\"},\"author\":{\"name\":\"Nexo Informativo\",\"@id\":\"https:\/\/www.nexoinformativo.mx\/#\/schema\/person\/7749d380ba08c8ca00d7bc76fd907b7d\"},\"headline\":\"Rodrigo Monsalvo celebra: San Vicente Ferrer es reconocida como Comunidad Saludable\",\"datePublished\":\"2024-12-17T15:30:03+00:00\",\"dateModified\":\"2024-12-17T16:04:16+00:00\",\"mainEntityOfPage\":{\"@id\":\"https:\/\/www.nexoinformativo.mx\/index.php\/2024\/12\/17\/rodrigo-monsalvo-celebra-san-vicente-ferrer-es-reconocida-como-comunidad-saludable\/\"},\"wordCount\":322,\"commentCount\":0,\"publisher\":{\"@id\":\"https:\/\/www.nexoinformativo.mx\/#organization\"},\"image\":{\"@id\":\"https:\/\/www.nexoinformativo.mx\/index.php\/2024\/12\/17\/rodrigo-monsalvo-celebra-san-vicente-ferrer-es-reconocida-como-comunidad-saludable\/#primaryimage\"},\"thumbnailUrl\":\"https:\/\/www.nexoinformativo.mx\/wp-content\/uploads\/2024\/12\/IMG_8618-e1734451307230.png\",\"keywords\":[\"ComunidadSaludable\",\"elmarques\",\"salud\",\"SanVicenteFerrer\"],\"articleSection\":[\"Municipios\",\"\u00daltima Hora\"],\"inLanguage\":\"es\",\"potentialAction\":[{\"@type\":\"CommentAction\",\"name\":\"Comment\",\"target\":[\"https:\/\/www.nexoinformativo.mx\/index.php\/2024\/12\/17\/rodrigo-monsalvo-celebra-san-vicente-ferrer-es-reconocida-como-comunidad-saludable\/#respond\"]}]},{\"@type\":\"WebPage\",\"@id\":\"https:\/\/www.nexoinformativo.mx\/index.php\/2024\/12\/17\/rodrigo-monsalvo-celebra-san-vicente-ferrer-es-reconocida-como-comunidad-saludable\/\",\"url\":\"https:\/\/www.nexoinformativo.mx\/index.php\/2024\/12\/17\/rodrigo-monsalvo-celebra-san-vicente-ferrer-es-reconocida-como-comunidad-saludable\/\",\"name\":\"Rodrigo Monsalvo celebra: San Vicente Ferrer es reconocida como Comunidad Saludable | Nexo Informativo Santiago de Quer\u00e9taro\",\"isPartOf\":{\"@id\":\"https:\/\/www.nexoinformativo.mx\/#website\"},\"primaryImageOfPage\":{\"@id\":\"https:\/\/www.nexoinformativo.mx\/index.php\/2024\/12\/17\/rodrigo-monsalvo-celebra-san-vicente-ferrer-es-reconocida-como-comunidad-saludable\/#primaryimage\"},\"image\":{\"@id\":\"https:\/\/www.nexoinformativo.mx\/index.php\/2024\/12\/17\/rodrigo-monsalvo-celebra-san-vicente-ferrer-es-reconocida-como-comunidad-saludable\/#primaryimage\"},\"thumbnailUrl\":\"https:\/\/www.nexoinformativo.mx\/wp-content\/uploads\/2024\/12\/IMG_8618-e1734451307230.png\",\"datePublished\":\"2024-12-17T15:30:03+00:00\",\"dateModified\":\"2024-12-17T16:04:16+00:00\",\"description\":\"Rodrigo Monsalvo celebra: San Vicente Ferrer es reconocida como Comunidad Saludable\",\"breadcrumb\":{\"@id\":\"https:\/\/www.nexoinformativo.mx\/index.php\/2024\/12\/17\/rodrigo-monsalvo-celebra-san-vicente-ferrer-es-reconocida-como-comunidad-saludable\/#breadcrumb\"},\"inLanguage\":\"es\",\"potentialAction\":[{\"@type\":\"ReadAction\",\"target\":[\"https:\/\/www.nexoinformativo.mx\/index.php\/2024\/12\/17\/rodrigo-monsalvo-celebra-san-vicente-ferrer-es-reconocida-como-comunidad-saludable\/\"]}]},{\"@type\":\"ImageObject\",\"inLanguage\":\"es\",\"@id\":\"https:\/\/www.nexoinformativo.mx\/index.php\/2024\/12\/17\/rodrigo-monsalvo-celebra-san-vicente-ferrer-es-reconocida-como-comunidad-saludable\/#primaryimage\",\"url\":\"https:\/\/www.nexoinformativo.mx\/wp-content\/uploads\/2024\/12\/IMG_8618-e1734451307230.png\",\"contentUrl\":\"https:\/\/www.nexoinformativo.mx\/wp-content\/uploads\/2024\/12\/IMG_8618-e1734451307230.png\",\"width\":800,\"height\":461},{\"@type\":\"BreadcrumbList\",\"@id\":\"https:\/\/www.nexoinformativo.mx\/index.php\/2024\/12\/17\/rodrigo-monsalvo-celebra-san-vicente-ferrer-es-reconocida-como-comunidad-saludable\/#breadcrumb\",\"itemListElement\":[{\"@type\":\"ListItem\",\"position\":1,\"name\":\"Inicio\",\"item\":\"https:\/\/www.nexoinformativo.mx\/\"},{\"@type\":\"ListItem\",\"position\":2,\"name\":\"Rodrigo Monsalvo celebra: San Vicente Ferrer es reconocida como Comunidad Saludable\"}]},{\"@type\":\"WebSite\",\"@id\":\"https:\/\/www.nexoinformativo.mx\/#website\",\"url\":\"https:\/\/www.nexoinformativo.mx\/\",\"name\":\"Nexo Informativo Santiago de Quer\u00e9taro\",\"description\":\"Explora NexoInformativo y convi\u00e9rtete en parte de una comunidad que valora el conocimiento y la verdad. Tu nexoinformativo es tu puente hacia una comprensi\u00f3n m\u00e1s profunda del mundo que te rodea.\",\"publisher\":{\"@id\":\"https:\/\/www.nexoinformativo.mx\/#organization\"},\"potentialAction\":[{\"@type\":\"SearchAction\",\"target\":{\"@type\":\"EntryPoint\",\"urlTemplate\":\"https:\/\/www.nexoinformativo.mx\/?s={search_term_string}\"},\"query-input\":{\"@type\":\"PropertyValueSpecification\",\"valueRequired\":true,\"valueName\":\"search_term_string\"}}],\"inLanguage\":\"es\"},{\"@type\":\"Organization\",\"@id\":\"https:\/\/www.nexoinformativo.mx\/#organization\",\"name\":\"Nexo Informativo Santiago de Quer\u00e9taro\",\"url\":\"https:\/\/www.nexoinformativo.mx\/\",\"logo\":{\"@type\":\"ImageObject\",\"inLanguage\":\"es\",\"@id\":\"https:\/\/www.nexoinformativo.mx\/#\/schema\/logo\/image\/\",\"url\":\"https:\/\/www.nexoinformativo.mx\/wp-content\/uploads\/2024\/07\/nexoi-trasparente-2.png\",\"contentUrl\":\"https:\/\/www.nexoinformativo.mx\/wp-content\/uploads\/2024\/07\/nexoi-trasparente-2.png\",\"width\":816,\"height\":339,\"caption\":\"Nexo Informativo Santiago de Quer\u00e9taro\"},\"image\":{\"@id\":\"https:\/\/www.nexoinformativo.mx\/#\/schema\/logo\/image\/\"},\"sameAs\":[\"https:\/\/www.facebook.com\/people\/Nexo-Informativo\/61564066885511\/\"]},{\"@type\":\"Person\",\"@id\":\"https:\/\/www.nexoinformativo.mx\/#\/schema\/person\/7749d380ba08c8ca00d7bc76fd907b7d\",\"name\":\"Nexo Informativo\",\"image\":{\"@type\":\"ImageObject\",\"inLanguage\":\"es\",\"@id\":\"https:\/\/www.nexoinformativo.mx\/#\/schema\/person\/image\/\",\"url\":\"https:\/\/secure.gravatar.com\/avatar\/dde2928154642a13d95f87ddf1ea9718fe2b46760a005c53e41ff5ad610704e6?s=96&d=mm&r=g\",\"contentUrl\":\"https:\/\/secure.gravatar.com\/avatar\/dde2928154642a13d95f87ddf1ea9718fe2b46760a005c53e41ff5ad610704e6?s=96&d=mm&r=g\",\"caption\":\"Nexo Informativo\"},\"url\":\"https:\/\/www.nexoinformativo.mx\/index.php\/author\/edicion\/\"}]}<\/script>\n<!-- \/ Yoast SEO plugin. -->","yoast_head_json":{"title":"Rodrigo Monsalvo celebra: San Vicente Ferrer es reconocida como Comunidad Saludable | Nexo Informativo Santiago de Quer\u00e9taro","description":"Rodrigo Monsalvo celebra: San Vicente Ferrer es reconocida como Comunidad Saludable","robots":{"index":"index","follow":"follow","max-snippet":"max-snippet:-1","max-image-preview":"max-image-preview:large","max-video-preview":"max-video-preview:-1"},"canonical":"https:\/\/www.nexoinformativo.mx\/index.php\/2024\/12\/17\/rodrigo-monsalvo-celebra-san-vicente-ferrer-es-reconocida-como-comunidad-saludable\/","og_locale":"es_MX","og_type":"article","og_title":"Rodrigo Monsalvo celebra: San Vicente Ferrer es reconocida como Comunidad Saludable | Nexo Informativo Santiago de Quer\u00e9taro","og_description":"Rodrigo Monsalvo celebra: San Vicente Ferrer es reconocida como Comunidad Saludable","og_url":"https:\/\/www.nexoinformativo.mx\/index.php\/2024\/12\/17\/rodrigo-monsalvo-celebra-san-vicente-ferrer-es-reconocida-como-comunidad-saludable\/","og_site_name":"Nexo Informativo Santiago de Quer\u00e9taro","article_publisher":"https:\/\/www.facebook.com\/people\/Nexo-Informativo\/61564066885511\/","article_published_time":"2024-12-17T15:30:03+00:00","article_modified_time":"2024-12-17T16:04:16+00:00","og_image":[{"width":800,"height":461,"url":"https:\/\/www.nexoinformativo.mx\/wp-content\/uploads\/2024\/12\/IMG_8618-e1734451307230.png","type":"image\/png"}],"author":"Nexo Informativo","twitter_card":"summary_large_image","twitter_misc":{"Escrito por":"Nexo Informativo","Tiempo de lectura":"2 minutos"},"schema":{"@context":"https:\/\/schema.org","@graph":[{"@type":"Article","@id":"https:\/\/www.nexoinformativo.mx\/index.php\/2024\/12\/17\/rodrigo-monsalvo-celebra-san-vicente-ferrer-es-reconocida-como-comunidad-saludable\/#article","isPartOf":{"@id":"https:\/\/www.nexoinformativo.mx\/index.php\/2024\/12\/17\/rodrigo-monsalvo-celebra-san-vicente-ferrer-es-reconocida-como-comunidad-saludable\/"},"author":{"name":"Nexo Informativo","@id":"https:\/\/www.nexoinformativo.mx\/#\/schema\/person\/7749d380ba08c8ca00d7bc76fd907b7d"},"headline":"Rodrigo Monsalvo celebra: San Vicente Ferrer es reconocida como Comunidad Saludable","datePublished":"2024-12-17T15:30:03+00:00","dateModified":"2024-12-17T16:04:16+00:00","mainEntityOfPage":{"@id":"https:\/\/www.nexoinformativo.mx\/index.php\/2024\/12\/17\/rodrigo-monsalvo-celebra-san-vicente-ferrer-es-reconocida-como-comunidad-saludable\/"},"wordCount":322,"commentCount":0,"publisher":{"@id":"https:\/\/www.nexoinformativo.mx\/#organization"},"image":{"@id":"https:\/\/www.nexoinformativo.mx\/index.php\/2024\/12\/17\/rodrigo-monsalvo-celebra-san-vicente-ferrer-es-reconocida-como-comunidad-saludable\/#primaryimage"},"thumbnailUrl":"https:\/\/www.nexoinformativo.mx\/wp-content\/uploads\/2024\/12\/IMG_8618-e1734451307230.png","keywords":["ComunidadSaludable","elmarques","salud","SanVicenteFerrer"],"articleSection":["Municipios","\u00daltima Hora"],"inLanguage":"es","potentialAction":[{"@type":"CommentAction","name":"Comment","target":["https:\/\/www.nexoinformativo.mx\/index.php\/2024\/12\/17\/rodrigo-monsalvo-celebra-san-vicente-ferrer-es-reconocida-como-comunidad-saludable\/#respond"]}]},{"@type":"WebPage","@id":"https:\/\/www.nexoinformativo.mx\/index.php\/2024\/12\/17\/rodrigo-monsalvo-celebra-san-vicente-ferrer-es-reconocida-como-comunidad-saludable\/","url":"https:\/\/www.nexoinformativo.mx\/index.php\/2024\/12\/17\/rodrigo-monsalvo-celebra-san-vicente-ferrer-es-reconocida-como-comunidad-saludable\/","name":"Rodrigo Monsalvo celebra: San Vicente Ferrer es reconocida como Comunidad Saludable | Nexo Informativo Santiago de Quer\u00e9taro","isPartOf":{"@id":"https:\/\/www.nexoinformativo.mx\/#website"},"primaryImageOfPage":{"@id":"https:\/\/www.nexoinformativo.mx\/index.php\/2024\/12\/17\/rodrigo-monsalvo-celebra-san-vicente-ferrer-es-reconocida-como-comunidad-saludable\/#primaryimage"},"image":{"@id":"https:\/\/www.nexoinformativo.mx\/index.php\/2024\/12\/17\/rodrigo-monsalvo-celebra-san-vicente-ferrer-es-reconocida-como-comunidad-saludable\/#primaryimage"},"thumbnailUrl":"https:\/\/www.nexoinformativo.mx\/wp-content\/uploads\/2024\/12\/IMG_8618-e1734451307230.png","datePublished":"2024-12-17T15:30:03+00:00","dateModified":"2024-12-17T16:04:16+00:00","description":"Rodrigo Monsalvo celebra: San Vicente Ferrer es reconocida como Comunidad Saludable","breadcrumb":{"@id":"https:\/\/www.nexoinformativo.mx\/index.php\/2024\/12\/17\/rodrigo-monsalvo-celebra-san-vicente-ferrer-es-reconocida-como-comunidad-saludable\/#breadcrumb"},"inLanguage":"es","potentialAction":[{"@type":"ReadAction","target":["https:\/\/www.nexoinformativo.mx\/index.php\/2024\/12\/17\/rodrigo-monsalvo-celebra-san-vicente-ferrer-es-reconocida-como-comunidad-saludable\/"]}]},{"@type":"ImageObject","inLanguage":"es","@id":"https:\/\/www.nexoinformativo.mx\/index.php\/2024\/12\/17\/rodrigo-monsalvo-celebra-san-vicente-ferrer-es-reconocida-como-comunidad-saludable\/#primaryimage","url":"https:\/\/www.nexoinformativo.mx\/wp-content\/uploads\/2024\/12\/IMG_8618-e1734451307230.png","contentUrl":"https:\/\/www.nexoinformativo.mx\/wp-content\/uploads\/2024\/12\/IMG_8618-e1734451307230.png","width":800,"height":461},{"@type":"BreadcrumbList","@id":"https:\/\/www.nexoinformativo.mx\/index.php\/2024\/12\/17\/rodrigo-monsalvo-celebra-san-vicente-ferrer-es-reconocida-como-comunidad-saludable\/#breadcrumb","itemListElement":[{"@type":"ListItem","position":1,"name":"Inicio","item":"https:\/\/www.nexoinformativo.mx\/"},{"@type":"ListItem","position":2,"name":"Rodrigo Monsalvo celebra: San Vicente Ferrer es reconocida como Comunidad Saludable"}]},{"@type":"WebSite","@id":"https:\/\/www.nexoinformativo.mx\/#website","url":"https:\/\/www.nexoinformativo.mx\/","name":"Nexo Informativo Santiago de Quer\u00e9taro","description":"Explora NexoInformativo y convi\u00e9rtete en parte de una comunidad que valora el conocimiento y la verdad. Tu nexoinformativo es tu puente hacia una comprensi\u00f3n m\u00e1s profunda del mundo que te rodea.","publisher":{"@id":"https:\/\/www.nexoinformativo.mx\/#organization"},"potentialAction":[{"@type":"SearchAction","target":{"@type":"EntryPoint","urlTemplate":"https:\/\/www.nexoinformativo.mx\/?s={search_term_string}"},"query-input":{"@type":"PropertyValueSpecification","valueRequired":true,"valueName":"search_term_string"}}],"inLanguage":"es"},{"@type":"Organization","@id":"https:\/\/www.nexoinformativo.mx\/#organization","name":"Nexo Informativo Santiago de Quer\u00e9taro","url":"https:\/\/www.nexoinformativo.mx\/","logo":{"@type":"ImageObject","inLanguage":"es","@id":"https:\/\/www.nexoinformativo.mx\/#\/schema\/logo\/image\/","url":"https:\/\/www.nexoinformativo.mx\/wp-content\/uploads\/2024\/07\/nexoi-trasparente-2.png","contentUrl":"https:\/\/www.nexoinformativo.mx\/wp-content\/uploads\/2024\/07\/nexoi-trasparente-2.png","width":816,"height":339,"caption":"Nexo Informativo Santiago de Quer\u00e9taro"},"image":{"@id":"https:\/\/www.nexoinformativo.mx\/#\/schema\/logo\/image\/"},"sameAs":["https:\/\/www.facebook.com\/people\/Nexo-Informativo\/61564066885511\/"]},{"@type":"Person","@id":"https:\/\/www.nexoinformativo.mx\/#\/schema\/person\/7749d380ba08c8ca00d7bc76fd907b7d","name":"Nexo Informativo","image":{"@type":"ImageObject","inLanguage":"es","@id":"https:\/\/www.nexoinformativo.mx\/#\/schema\/person\/image\/","url":"https:\/\/secure.gravatar.com\/avatar\/dde2928154642a13d95f87ddf1ea9718fe2b46760a005c53e41ff5ad610704e6?s=96&d=mm&r=g","contentUrl":"https:\/\/secure.gravatar.com\/avatar\/dde2928154642a13d95f87ddf1ea9718fe2b46760a005c53e41ff5ad610704e6?s=96&d=mm&r=g","caption":"Nexo Informativo"},"url":"https:\/\/www.nexoinformativo.mx\/index.php\/author\/edicion\/"}]}},"_links":{"self":[{"href":"https:\/\/www.nexoinformativo.mx\/index.php\/wp-json\/wp\/v2\/posts\/8348","targetHints":{"allow":["GET"]}}],"collection":[{"href":"https:\/\/www.nexoinformativo.mx\/index.php\/wp-json\/wp\/v2\/posts"}],"about":[{"href":"https:\/\/www.nexoinformativo.mx\/index.php\/wp-json\/wp\/v2\/types\/post"}],"author":[{"embeddable":true,"href":"https:\/\/www.nexoinformativo.mx\/index.php\/wp-json\/wp\/v2\/users\/3"}],"replies":[{"embeddable":true,"href":"https:\/\/www.nexoinformativo.mx\/index.php\/wp-json\/wp\/v2\/comments?post=8348"}],"version-history":[{"count":5,"href":"https:\/\/www.nexoinformativo.mx\/index.php\/wp-json\/wp\/v2\/posts\/8348\/revisions"}],"predecessor-version":[{"id":8354,"href":"https:\/\/www.nexoinformativo.mx\/index.php\/wp-json\/wp\/v2\/posts\/8348\/revisions\/8354"}],"wp:featuredmedia":[{"embeddable":true,"href":"https:\/\/www.nexoinformativo.mx\/index.php\/wp-json\/wp\/v2\/media\/8349"}],"wp:attachment":[{"href":"https:\/\/www.nexoinformativo.mx\/index.php\/wp-json\/wp\/v2\/media?parent=8348"}],"wp:term":[{"taxonomy":"category","embeddable":true,"href":"https:\/\/www.nexoinformativo.mx\/index.php\/wp-json\/wp\/v2\/categories?post=8348"},{"taxonomy":"post_tag","embeddable":true,"href":"https:\/\/www.nexoinformativo.mx\/index.php\/wp-json\/wp\/v2\/tags?post=8348"}],"curies":[{"name":"wp","href":"https:\/\/api.w.org\/{rel}","templated":true}]}}