{"id":8377,"date":"2024-12-17T11:00:11","date_gmt":"2024-12-17T17:00:11","guid":{"rendered":"https:\/\/www.nexoinformativo.mx\/?p=8377"},"modified":"2024-12-17T11:59:57","modified_gmt":"2024-12-17T17:59:57","slug":"victor-alcaraz-llama-al-dialogo-y-unidad-entre-politicos-para-el-desarrollo-de-queretaro","status":"publish","type":"post","link":"https:\/\/www.nexoinformativo.mx\/index.php\/2024\/12\/17\/victor-alcaraz-llama-al-dialogo-y-unidad-entre-politicos-para-el-desarrollo-de-queretaro\/","title":{"rendered":"Carlos Alcaraz llama al di\u00e1logo y unidad entre pol\u00edticos para el desarrollo de Quer\u00e9taro"},"content":{"rendered":"<p style=\"text-align: justify;\" data-sourcepos=\"11:1-11:315\">El secretario de Gobierno del estado, Carlos Alcaraz, hizo un llamado a los diferentes actores pol\u00edticos de Quer\u00e9taro a mantener un di\u00e1logo abierto y constructivo.<\/p>\n<p>&nbsp;<\/p>\n<p style=\"text-align: justify;\" data-sourcepos=\"11:1-11:315\">En un mensaje de unidad y colaboraci\u00f3n, Alcaraz destac\u00f3 la importancia de encontrar puntos en com\u00fan que permitan impulsar el desarrollo del estado.<\/p>\n<p>&nbsp;<\/p>\n<p style=\"text-align: justify;\" data-sourcepos=\"13:1-13:234\">&#8220;Es fundamental que todos los actores pol\u00edticos trabajemos juntos en beneficio de los queretanos&#8221;, afirm\u00f3 Alcaraz. &#8220;Debemos escucharnos mutuamente y buscar consensos que nos permitan avanzar hacia un futuro mejor&#8221;.<\/p>\n<p>&nbsp;<\/p>\n<p style=\"text-align: justify;\" data-sourcepos=\"15:1-15:255\">El funcionario estatal reconoci\u00f3 la disposici\u00f3n de los alcaldes de diversos municipios para dialogar y colaborar con el gobierno estatal. Sin embargo, tambi\u00e9n hizo un llamado a racionalizar el gasto p\u00fablico municipal para optimizar el uso de los recursos.<\/p>\n<p>&nbsp;<\/p>\n<p style=\"text-align: justify;\" data-sourcepos=\"17:1-17:306\">El llamado de Alcaraz se da en un contexto en el que se busca fortalecer la gobernabilidad y el desarrollo de Quer\u00e9taro. Al fomentar el di\u00e1logo y la colaboraci\u00f3n entre los diferentes niveles de gobierno, se espera lograr mayores avances en materia de seguridad, desarrollo econ\u00f3mico y bienestar social.<\/p>\n<p>&nbsp;<\/p>\n<p style=\"text-align: center;\" data-sourcepos=\"17:1-17:306\"><em><strong>\u00a1Informaci\u00f3n que transforma!<\/strong><\/em><\/p>\n","protected":false},"excerpt":{"rendered":"<p>El secretario de Gobierno del estado, Carlos Alcaraz, hizo un llamado a los diferentes actores pol\u00edticos de Quer\u00e9taro a mantener un di\u00e1logo abierto y constructivo.<\/p>\n","protected":false},"author":3,"featured_media":8378,"comment_status":"open","ping_status":"open","sticky":false,"template":"","format":"standard","meta":{"footnotes":""},"categories":[42,58],"tags":[1060,1016,133,2719],"class_list":["post-8377","post","type-post","status-publish","format-standard","has-post-thumbnail","hentry","category-estado","category-ultima-hora","tag-desarrollosostenible","tag-dialogopolitico","tag-queretaro","tag-unidad"],"yoast_head":"<!-- This site is optimized with the Yoast SEO plugin v25.0 - https:\/\/yoast.com\/wordpress\/plugins\/seo\/ -->\n<title>Carlos Alcaraz llama al di\u00e1logo y unidad entre pol\u00edticos para el desarrollo de Quer\u00e9taro | Nexo Informativo Santiago de Quer\u00e9taro<\/title>\n<meta name=\"description\" content=\"Carlos Alcaraz llama al di\u00e1logo y unidad entre pol\u00edticos para el desarrollo de Quer\u00e9taro\" \/>\n<meta name=\"robots\" content=\"index, follow, max-snippet:-1, max-image-preview:large, max-video-preview:-1\" \/>\n<link rel=\"canonical\" href=\"https:\/\/www.nexoinformativo.mx\/index.php\/2024\/12\/17\/victor-alcaraz-llama-al-dialogo-y-unidad-entre-politicos-para-el-desarrollo-de-queretaro\/\" \/>\n<meta property=\"og:locale\" content=\"es_MX\" \/>\n<meta property=\"og:type\" content=\"article\" \/>\n<meta property=\"og:title\" content=\"Carlos Alcaraz llama al di\u00e1logo y unidad entre pol\u00edticos para el desarrollo de Quer\u00e9taro | Nexo Informativo Santiago de Quer\u00e9taro\" \/>\n<meta property=\"og:description\" content=\"Carlos Alcaraz llama al di\u00e1logo y unidad entre pol\u00edticos para el desarrollo de Quer\u00e9taro\" \/>\n<meta property=\"og:url\" content=\"https:\/\/www.nexoinformativo.mx\/index.php\/2024\/12\/17\/victor-alcaraz-llama-al-dialogo-y-unidad-entre-politicos-para-el-desarrollo-de-queretaro\/\" \/>\n<meta property=\"og:site_name\" content=\"Nexo Informativo Santiago de Quer\u00e9taro\" \/>\n<meta property=\"article:publisher\" content=\"https:\/\/www.facebook.com\/people\/Nexo-Informativo\/61564066885511\/\" \/>\n<meta property=\"article:published_time\" content=\"2024-12-17T17:00:11+00:00\" \/>\n<meta property=\"article:modified_time\" content=\"2024-12-17T17:59:57+00:00\" \/>\n<meta property=\"og:image\" content=\"https:\/\/www.nexoinformativo.mx\/wp-content\/uploads\/2024\/12\/PHOTO-2024-12-17-11-13-54-e1734458309891.jpg\" \/>\n\t<meta property=\"og:image:width\" content=\"800\" \/>\n\t<meta property=\"og:image:height\" content=\"600\" \/>\n\t<meta property=\"og:image:type\" content=\"image\/jpeg\" \/>\n<meta name=\"author\" content=\"Nexo Informativo\" \/>\n<meta name=\"twitter:card\" content=\"summary_large_image\" \/>\n<meta name=\"twitter:label1\" content=\"Escrito por\" \/>\n\t<meta name=\"twitter:data1\" content=\"Nexo Informativo\" \/>\n\t<meta name=\"twitter:label2\" content=\"Tiempo de lectura\" \/>\n\t<meta name=\"twitter:data2\" content=\"1 minuto\" \/>\n<script type=\"application\/ld+json\" class=\"yoast-schema-graph\">{\"@context\":\"https:\/\/schema.org\",\"@graph\":[{\"@type\":\"Article\",\"@id\":\"https:\/\/www.nexoinformativo.mx\/index.php\/2024\/12\/17\/victor-alcaraz-llama-al-dialogo-y-unidad-entre-politicos-para-el-desarrollo-de-queretaro\/#article\",\"isPartOf\":{\"@id\":\"https:\/\/www.nexoinformativo.mx\/index.php\/2024\/12\/17\/victor-alcaraz-llama-al-dialogo-y-unidad-entre-politicos-para-el-desarrollo-de-queretaro\/\"},\"author\":{\"name\":\"Nexo Informativo\",\"@id\":\"https:\/\/www.nexoinformativo.mx\/#\/schema\/person\/7749d380ba08c8ca00d7bc76fd907b7d\"},\"headline\":\"Carlos Alcaraz llama al di\u00e1logo y unidad entre pol\u00edticos para el desarrollo de Quer\u00e9taro\",\"datePublished\":\"2024-12-17T17:00:11+00:00\",\"dateModified\":\"2024-12-17T17:59:57+00:00\",\"mainEntityOfPage\":{\"@id\":\"https:\/\/www.nexoinformativo.mx\/index.php\/2024\/12\/17\/victor-alcaraz-llama-al-dialogo-y-unidad-entre-politicos-para-el-desarrollo-de-queretaro\/\"},\"wordCount\":205,\"commentCount\":0,\"publisher\":{\"@id\":\"https:\/\/www.nexoinformativo.mx\/#organization\"},\"image\":{\"@id\":\"https:\/\/www.nexoinformativo.mx\/index.php\/2024\/12\/17\/victor-alcaraz-llama-al-dialogo-y-unidad-entre-politicos-para-el-desarrollo-de-queretaro\/#primaryimage\"},\"thumbnailUrl\":\"https:\/\/www.nexoinformativo.mx\/wp-content\/uploads\/2024\/12\/PHOTO-2024-12-17-11-13-54-e1734458309891.jpg\",\"keywords\":[\"DesarrolloSostenible\",\"Di\u00e1logoPol\u00edtico\",\"Quer\u00e9taro\",\"Unidad\"],\"articleSection\":[\"Estado\",\"\u00daltima Hora\"],\"inLanguage\":\"es\",\"potentialAction\":[{\"@type\":\"CommentAction\",\"name\":\"Comment\",\"target\":[\"https:\/\/www.nexoinformativo.mx\/index.php\/2024\/12\/17\/victor-alcaraz-llama-al-dialogo-y-unidad-entre-politicos-para-el-desarrollo-de-queretaro\/#respond\"]}]},{\"@type\":\"WebPage\",\"@id\":\"https:\/\/www.nexoinformativo.mx\/index.php\/2024\/12\/17\/victor-alcaraz-llama-al-dialogo-y-unidad-entre-politicos-para-el-desarrollo-de-queretaro\/\",\"url\":\"https:\/\/www.nexoinformativo.mx\/index.php\/2024\/12\/17\/victor-alcaraz-llama-al-dialogo-y-unidad-entre-politicos-para-el-desarrollo-de-queretaro\/\",\"name\":\"Carlos Alcaraz llama al di\u00e1logo y unidad entre pol\u00edticos para el desarrollo de Quer\u00e9taro | Nexo Informativo Santiago de Quer\u00e9taro\",\"isPartOf\":{\"@id\":\"https:\/\/www.nexoinformativo.mx\/#website\"},\"primaryImageOfPage\":{\"@id\":\"https:\/\/www.nexoinformativo.mx\/index.php\/2024\/12\/17\/victor-alcaraz-llama-al-dialogo-y-unidad-entre-politicos-para-el-desarrollo-de-queretaro\/#primaryimage\"},\"image\":{\"@id\":\"https:\/\/www.nexoinformativo.mx\/index.php\/2024\/12\/17\/victor-alcaraz-llama-al-dialogo-y-unidad-entre-politicos-para-el-desarrollo-de-queretaro\/#primaryimage\"},\"thumbnailUrl\":\"https:\/\/www.nexoinformativo.mx\/wp-content\/uploads\/2024\/12\/PHOTO-2024-12-17-11-13-54-e1734458309891.jpg\",\"datePublished\":\"2024-12-17T17:00:11+00:00\",\"dateModified\":\"2024-12-17T17:59:57+00:00\",\"description\":\"Carlos Alcaraz llama al di\u00e1logo y unidad entre pol\u00edticos para el desarrollo de Quer\u00e9taro\",\"breadcrumb\":{\"@id\":\"https:\/\/www.nexoinformativo.mx\/index.php\/2024\/12\/17\/victor-alcaraz-llama-al-dialogo-y-unidad-entre-politicos-para-el-desarrollo-de-queretaro\/#breadcrumb\"},\"inLanguage\":\"es\",\"potentialAction\":[{\"@type\":\"ReadAction\",\"target\":[\"https:\/\/www.nexoinformativo.mx\/index.php\/2024\/12\/17\/victor-alcaraz-llama-al-dialogo-y-unidad-entre-politicos-para-el-desarrollo-de-queretaro\/\"]}]},{\"@type\":\"ImageObject\",\"inLanguage\":\"es\",\"@id\":\"https:\/\/www.nexoinformativo.mx\/index.php\/2024\/12\/17\/victor-alcaraz-llama-al-dialogo-y-unidad-entre-politicos-para-el-desarrollo-de-queretaro\/#primaryimage\",\"url\":\"https:\/\/www.nexoinformativo.mx\/wp-content\/uploads\/2024\/12\/PHOTO-2024-12-17-11-13-54-e1734458309891.jpg\",\"contentUrl\":\"https:\/\/www.nexoinformativo.mx\/wp-content\/uploads\/2024\/12\/PHOTO-2024-12-17-11-13-54-e1734458309891.jpg\",\"width\":800,\"height\":600},{\"@type\":\"BreadcrumbList\",\"@id\":\"https:\/\/www.nexoinformativo.mx\/index.php\/2024\/12\/17\/victor-alcaraz-llama-al-dialogo-y-unidad-entre-politicos-para-el-desarrollo-de-queretaro\/#breadcrumb\",\"itemListElement\":[{\"@type\":\"ListItem\",\"position\":1,\"name\":\"Inicio\",\"item\":\"https:\/\/www.nexoinformativo.mx\/\"},{\"@type\":\"ListItem\",\"position\":2,\"name\":\"Carlos Alcaraz llama al di\u00e1logo y unidad entre pol\u00edticos para el desarrollo de Quer\u00e9taro\"}]},{\"@type\":\"WebSite\",\"@id\":\"https:\/\/www.nexoinformativo.mx\/#website\",\"url\":\"https:\/\/www.nexoinformativo.mx\/\",\"name\":\"Nexo Informativo Santiago de Quer\u00e9taro\",\"description\":\"Explora NexoInformativo y convi\u00e9rtete en parte de una comunidad que valora el conocimiento y la verdad. Tu nexoinformativo es tu puente hacia una comprensi\u00f3n m\u00e1s profunda del mundo que te rodea.\",\"publisher\":{\"@id\":\"https:\/\/www.nexoinformativo.mx\/#organization\"},\"potentialAction\":[{\"@type\":\"SearchAction\",\"target\":{\"@type\":\"EntryPoint\",\"urlTemplate\":\"https:\/\/www.nexoinformativo.mx\/?s={search_term_string}\"},\"query-input\":{\"@type\":\"PropertyValueSpecification\",\"valueRequired\":true,\"valueName\":\"search_term_string\"}}],\"inLanguage\":\"es\"},{\"@type\":\"Organization\",\"@id\":\"https:\/\/www.nexoinformativo.mx\/#organization\",\"name\":\"Nexo Informativo Santiago de Quer\u00e9taro\",\"url\":\"https:\/\/www.nexoinformativo.mx\/\",\"logo\":{\"@type\":\"ImageObject\",\"inLanguage\":\"es\",\"@id\":\"https:\/\/www.nexoinformativo.mx\/#\/schema\/logo\/image\/\",\"url\":\"https:\/\/www.nexoinformativo.mx\/wp-content\/uploads\/2024\/07\/nexoi-trasparente-2.png\",\"contentUrl\":\"https:\/\/www.nexoinformativo.mx\/wp-content\/uploads\/2024\/07\/nexoi-trasparente-2.png\",\"width\":816,\"height\":339,\"caption\":\"Nexo Informativo Santiago de Quer\u00e9taro\"},\"image\":{\"@id\":\"https:\/\/www.nexoinformativo.mx\/#\/schema\/logo\/image\/\"},\"sameAs\":[\"https:\/\/www.facebook.com\/people\/Nexo-Informativo\/61564066885511\/\"]},{\"@type\":\"Person\",\"@id\":\"https:\/\/www.nexoinformativo.mx\/#\/schema\/person\/7749d380ba08c8ca00d7bc76fd907b7d\",\"name\":\"Nexo Informativo\",\"image\":{\"@type\":\"ImageObject\",\"inLanguage\":\"es\",\"@id\":\"https:\/\/www.nexoinformativo.mx\/#\/schema\/person\/image\/\",\"url\":\"https:\/\/secure.gravatar.com\/avatar\/dde2928154642a13d95f87ddf1ea9718fe2b46760a005c53e41ff5ad610704e6?s=96&d=mm&r=g\",\"contentUrl\":\"https:\/\/secure.gravatar.com\/avatar\/dde2928154642a13d95f87ddf1ea9718fe2b46760a005c53e41ff5ad610704e6?s=96&d=mm&r=g\",\"caption\":\"Nexo Informativo\"},\"url\":\"https:\/\/www.nexoinformativo.mx\/index.php\/author\/edicion\/\"}]}<\/script>\n<!-- \/ Yoast SEO plugin. -->","yoast_head_json":{"title":"Carlos Alcaraz llama al di\u00e1logo y unidad entre pol\u00edticos para el desarrollo de Quer\u00e9taro | Nexo Informativo Santiago de Quer\u00e9taro","description":"Carlos Alcaraz llama al di\u00e1logo y unidad entre pol\u00edticos para el desarrollo de Quer\u00e9taro","robots":{"index":"index","follow":"follow","max-snippet":"max-snippet:-1","max-image-preview":"max-image-preview:large","max-video-preview":"max-video-preview:-1"},"canonical":"https:\/\/www.nexoinformativo.mx\/index.php\/2024\/12\/17\/victor-alcaraz-llama-al-dialogo-y-unidad-entre-politicos-para-el-desarrollo-de-queretaro\/","og_locale":"es_MX","og_type":"article","og_title":"Carlos Alcaraz llama al di\u00e1logo y unidad entre pol\u00edticos para el desarrollo de Quer\u00e9taro | Nexo Informativo Santiago de Quer\u00e9taro","og_description":"Carlos Alcaraz llama al di\u00e1logo y unidad entre pol\u00edticos para el desarrollo de Quer\u00e9taro","og_url":"https:\/\/www.nexoinformativo.mx\/index.php\/2024\/12\/17\/victor-alcaraz-llama-al-dialogo-y-unidad-entre-politicos-para-el-desarrollo-de-queretaro\/","og_site_name":"Nexo Informativo Santiago de Quer\u00e9taro","article_publisher":"https:\/\/www.facebook.com\/people\/Nexo-Informativo\/61564066885511\/","article_published_time":"2024-12-17T17:00:11+00:00","article_modified_time":"2024-12-17T17:59:57+00:00","og_image":[{"width":800,"height":600,"url":"https:\/\/www.nexoinformativo.mx\/wp-content\/uploads\/2024\/12\/PHOTO-2024-12-17-11-13-54-e1734458309891.jpg","type":"image\/jpeg"}],"author":"Nexo Informativo","twitter_card":"summary_large_image","twitter_misc":{"Escrito por":"Nexo Informativo","Tiempo de lectura":"1 minuto"},"schema":{"@context":"https:\/\/schema.org","@graph":[{"@type":"Article","@id":"https:\/\/www.nexoinformativo.mx\/index.php\/2024\/12\/17\/victor-alcaraz-llama-al-dialogo-y-unidad-entre-politicos-para-el-desarrollo-de-queretaro\/#article","isPartOf":{"@id":"https:\/\/www.nexoinformativo.mx\/index.php\/2024\/12\/17\/victor-alcaraz-llama-al-dialogo-y-unidad-entre-politicos-para-el-desarrollo-de-queretaro\/"},"author":{"name":"Nexo Informativo","@id":"https:\/\/www.nexoinformativo.mx\/#\/schema\/person\/7749d380ba08c8ca00d7bc76fd907b7d"},"headline":"Carlos Alcaraz llama al di\u00e1logo y unidad entre pol\u00edticos para el desarrollo de Quer\u00e9taro","datePublished":"2024-12-17T17:00:11+00:00","dateModified":"2024-12-17T17:59:57+00:00","mainEntityOfPage":{"@id":"https:\/\/www.nexoinformativo.mx\/index.php\/2024\/12\/17\/victor-alcaraz-llama-al-dialogo-y-unidad-entre-politicos-para-el-desarrollo-de-queretaro\/"},"wordCount":205,"commentCount":0,"publisher":{"@id":"https:\/\/www.nexoinformativo.mx\/#organization"},"image":{"@id":"https:\/\/www.nexoinformativo.mx\/index.php\/2024\/12\/17\/victor-alcaraz-llama-al-dialogo-y-unidad-entre-politicos-para-el-desarrollo-de-queretaro\/#primaryimage"},"thumbnailUrl":"https:\/\/www.nexoinformativo.mx\/wp-content\/uploads\/2024\/12\/PHOTO-2024-12-17-11-13-54-e1734458309891.jpg","keywords":["DesarrolloSostenible","Di\u00e1logoPol\u00edtico","Quer\u00e9taro","Unidad"],"articleSection":["Estado","\u00daltima Hora"],"inLanguage":"es","potentialAction":[{"@type":"CommentAction","name":"Comment","target":["https:\/\/www.nexoinformativo.mx\/index.php\/2024\/12\/17\/victor-alcaraz-llama-al-dialogo-y-unidad-entre-politicos-para-el-desarrollo-de-queretaro\/#respond"]}]},{"@type":"WebPage","@id":"https:\/\/www.nexoinformativo.mx\/index.php\/2024\/12\/17\/victor-alcaraz-llama-al-dialogo-y-unidad-entre-politicos-para-el-desarrollo-de-queretaro\/","url":"https:\/\/www.nexoinformativo.mx\/index.php\/2024\/12\/17\/victor-alcaraz-llama-al-dialogo-y-unidad-entre-politicos-para-el-desarrollo-de-queretaro\/","name":"Carlos Alcaraz llama al di\u00e1logo y unidad entre pol\u00edticos para el desarrollo de Quer\u00e9taro | Nexo Informativo Santiago de Quer\u00e9taro","isPartOf":{"@id":"https:\/\/www.nexoinformativo.mx\/#website"},"primaryImageOfPage":{"@id":"https:\/\/www.nexoinformativo.mx\/index.php\/2024\/12\/17\/victor-alcaraz-llama-al-dialogo-y-unidad-entre-politicos-para-el-desarrollo-de-queretaro\/#primaryimage"},"image":{"@id":"https:\/\/www.nexoinformativo.mx\/index.php\/2024\/12\/17\/victor-alcaraz-llama-al-dialogo-y-unidad-entre-politicos-para-el-desarrollo-de-queretaro\/#primaryimage"},"thumbnailUrl":"https:\/\/www.nexoinformativo.mx\/wp-content\/uploads\/2024\/12\/PHOTO-2024-12-17-11-13-54-e1734458309891.jpg","datePublished":"2024-12-17T17:00:11+00:00","dateModified":"2024-12-17T17:59:57+00:00","description":"Carlos Alcaraz llama al di\u00e1logo y unidad entre pol\u00edticos para el desarrollo de Quer\u00e9taro","breadcrumb":{"@id":"https:\/\/www.nexoinformativo.mx\/index.php\/2024\/12\/17\/victor-alcaraz-llama-al-dialogo-y-unidad-entre-politicos-para-el-desarrollo-de-queretaro\/#breadcrumb"},"inLanguage":"es","potentialAction":[{"@type":"ReadAction","target":["https:\/\/www.nexoinformativo.mx\/index.php\/2024\/12\/17\/victor-alcaraz-llama-al-dialogo-y-unidad-entre-politicos-para-el-desarrollo-de-queretaro\/"]}]},{"@type":"ImageObject","inLanguage":"es","@id":"https:\/\/www.nexoinformativo.mx\/index.php\/2024\/12\/17\/victor-alcaraz-llama-al-dialogo-y-unidad-entre-politicos-para-el-desarrollo-de-queretaro\/#primaryimage","url":"https:\/\/www.nexoinformativo.mx\/wp-content\/uploads\/2024\/12\/PHOTO-2024-12-17-11-13-54-e1734458309891.jpg","contentUrl":"https:\/\/www.nexoinformativo.mx\/wp-content\/uploads\/2024\/12\/PHOTO-2024-12-17-11-13-54-e1734458309891.jpg","width":800,"height":600},{"@type":"BreadcrumbList","@id":"https:\/\/www.nexoinformativo.mx\/index.php\/2024\/12\/17\/victor-alcaraz-llama-al-dialogo-y-unidad-entre-politicos-para-el-desarrollo-de-queretaro\/#breadcrumb","itemListElement":[{"@type":"ListItem","position":1,"name":"Inicio","item":"https:\/\/www.nexoinformativo.mx\/"},{"@type":"ListItem","position":2,"name":"Carlos Alcaraz llama al di\u00e1logo y unidad entre pol\u00edticos para el desarrollo de Quer\u00e9taro"}]},{"@type":"WebSite","@id":"https:\/\/www.nexoinformativo.mx\/#website","url":"https:\/\/www.nexoinformativo.mx\/","name":"Nexo Informativo Santiago de Quer\u00e9taro","description":"Explora NexoInformativo y convi\u00e9rtete en parte de una comunidad que valora el conocimiento y la verdad. Tu nexoinformativo es tu puente hacia una comprensi\u00f3n m\u00e1s profunda del mundo que te rodea.","publisher":{"@id":"https:\/\/www.nexoinformativo.mx\/#organization"},"potentialAction":[{"@type":"SearchAction","target":{"@type":"EntryPoint","urlTemplate":"https:\/\/www.nexoinformativo.mx\/?s={search_term_string}"},"query-input":{"@type":"PropertyValueSpecification","valueRequired":true,"valueName":"search_term_string"}}],"inLanguage":"es"},{"@type":"Organization","@id":"https:\/\/www.nexoinformativo.mx\/#organization","name":"Nexo Informativo Santiago de Quer\u00e9taro","url":"https:\/\/www.nexoinformativo.mx\/","logo":{"@type":"ImageObject","inLanguage":"es","@id":"https:\/\/www.nexoinformativo.mx\/#\/schema\/logo\/image\/","url":"https:\/\/www.nexoinformativo.mx\/wp-content\/uploads\/2024\/07\/nexoi-trasparente-2.png","contentUrl":"https:\/\/www.nexoinformativo.mx\/wp-content\/uploads\/2024\/07\/nexoi-trasparente-2.png","width":816,"height":339,"caption":"Nexo Informativo Santiago de Quer\u00e9taro"},"image":{"@id":"https:\/\/www.nexoinformativo.mx\/#\/schema\/logo\/image\/"},"sameAs":["https:\/\/www.facebook.com\/people\/Nexo-Informativo\/61564066885511\/"]},{"@type":"Person","@id":"https:\/\/www.nexoinformativo.mx\/#\/schema\/person\/7749d380ba08c8ca00d7bc76fd907b7d","name":"Nexo Informativo","image":{"@type":"ImageObject","inLanguage":"es","@id":"https:\/\/www.nexoinformativo.mx\/#\/schema\/person\/image\/","url":"https:\/\/secure.gravatar.com\/avatar\/dde2928154642a13d95f87ddf1ea9718fe2b46760a005c53e41ff5ad610704e6?s=96&d=mm&r=g","contentUrl":"https:\/\/secure.gravatar.com\/avatar\/dde2928154642a13d95f87ddf1ea9718fe2b46760a005c53e41ff5ad610704e6?s=96&d=mm&r=g","caption":"Nexo Informativo"},"url":"https:\/\/www.nexoinformativo.mx\/index.php\/author\/edicion\/"}]}},"_links":{"self":[{"href":"https:\/\/www.nexoinformativo.mx\/index.php\/wp-json\/wp\/v2\/posts\/8377","targetHints":{"allow":["GET"]}}],"collection":[{"href":"https:\/\/www.nexoinformativo.mx\/index.php\/wp-json\/wp\/v2\/posts"}],"about":[{"href":"https:\/\/www.nexoinformativo.mx\/index.php\/wp-json\/wp\/v2\/types\/post"}],"author":[{"embeddable":true,"href":"https:\/\/www.nexoinformativo.mx\/index.php\/wp-json\/wp\/v2\/users\/3"}],"replies":[{"embeddable":true,"href":"https:\/\/www.nexoinformativo.mx\/index.php\/wp-json\/wp\/v2\/comments?post=8377"}],"version-history":[{"count":4,"href":"https:\/\/www.nexoinformativo.mx\/index.php\/wp-json\/wp\/v2\/posts\/8377\/revisions"}],"predecessor-version":[{"id":8382,"href":"https:\/\/www.nexoinformativo.mx\/index.php\/wp-json\/wp\/v2\/posts\/8377\/revisions\/8382"}],"wp:featuredmedia":[{"embeddable":true,"href":"https:\/\/www.nexoinformativo.mx\/index.php\/wp-json\/wp\/v2\/media\/8378"}],"wp:attachment":[{"href":"https:\/\/www.nexoinformativo.mx\/index.php\/wp-json\/wp\/v2\/media?parent=8377"}],"wp:term":[{"taxonomy":"category","embeddable":true,"href":"https:\/\/www.nexoinformativo.mx\/index.php\/wp-json\/wp\/v2\/categories?post=8377"},{"taxonomy":"post_tag","embeddable":true,"href":"https:\/\/www.nexoinformativo.mx\/index.php\/wp-json\/wp\/v2\/tags?post=8377"}],"curies":[{"name":"wp","href":"https:\/\/api.w.org\/{rel}","templated":true}]}}