{"id":8383,"date":"2024-12-17T11:30:39","date_gmt":"2024-12-17T17:30:39","guid":{"rendered":"https:\/\/www.nexoinformativo.mx\/?p=8383"},"modified":"2024-12-17T12:44:54","modified_gmt":"2024-12-17T18:44:54","slug":"queretaro-se-prepara-para-una-navidad-con-derrama-economica-record-con-ventas-por-mas-de-2-mil-700-mdp","status":"publish","type":"post","link":"https:\/\/www.nexoinformativo.mx\/index.php\/2024\/12\/17\/queretaro-se-prepara-para-una-navidad-con-derrama-economica-record-con-ventas-por-mas-de-2-mil-700-mdp\/","title":{"rendered":"Quer\u00e9taro se prepara para una Navidad con derrama econ\u00f3mica r\u00e9cord con ventas por m\u00e1s de 2 mil 700 mdp"},"content":{"rendered":"<p style=\"text-align: justify;\" data-sourcepos=\"11:1-11:264\">La temporada navide\u00f1a promete ser una de las m\u00e1s pr\u00f3speras para el comercio queretano. La C\u00e1mara de Comercio de Quer\u00e9taro estima una derrama econ\u00f3mica de 2 mil 715 mdp, lo que representa un aumento del 8.6% en comparaci\u00f3n con el a\u00f1o anterior.<\/p>\n<p>&nbsp;<\/p>\n<p style=\"text-align: justify;\" data-sourcepos=\"13:1-13:269\">Este incremento se ver\u00e1 reflejado principalmente en sectores como ropa, calzado, juguetes, electr\u00f3nicos, restaurantes y hoteles. Los queretanos est\u00e1n llamados a disfrutar de las festividades y a la vez a impulsar la econom\u00eda local, consumiendo en negocios establecidos.<\/p>\n<p>&nbsp;<\/p>\n<p style=\"text-align: justify;\" data-sourcepos=\"15:1-15:401\">Lorena Mu\u00f1oz, presidenta de la C\u00e1mara de Comercio de Quer\u00e9taro, hizo un llamado a la poblaci\u00f3n a preferir productos y servicios locales para fortalecer la econom\u00eda local y garantizar la calidad de los productos adquiridos.<\/p>\n<p>&nbsp;<\/p>\n<p style=\"text-align: justify;\" data-sourcepos=\"15:1-15:401\"><strong>&#8220;Al consumir local, no solo estamos apoyando a nuestros comerciantes, sino tambi\u00e9n generando empleos y contribuyendo al desarrollo de nuestro estado&#8221;<\/strong>, se\u00f1al\u00f3 Mu\u00f1oz.<\/p>\n<p>&nbsp;<\/p>\n<p style=\"text-align: justify;\" data-sourcepos=\"17:1-17:156\">Se espera que los fines de semana sean los d\u00edas de mayor afluencia en los establecimientos comerciales, especialmente en restaurantes y centros comerciales.<\/p>\n<p>&nbsp;<\/p>\n<p style=\"text-align: center;\" data-sourcepos=\"17:1-17:156\"><em><strong>\u00a1Informaci\u00f3n que transforma!<\/strong><\/em><\/p>\n","protected":false},"excerpt":{"rendered":"<p>La temporada navide\u00f1a promete ser una de las m\u00e1s pr\u00f3speras para el comercio queretano. La C\u00e1mara de Comercio de Quer\u00e9taro estima una derrama econ\u00f3mica de 2 mil 715 mdp, lo que representa un aumento del 8.6% en comparaci\u00f3n con el a\u00f1o anterior.<\/p>\n","protected":false},"author":3,"featured_media":8384,"comment_status":"open","ping_status":"open","sticky":false,"template":"","format":"standard","meta":{"footnotes":""},"categories":[5,88,58],"tags":[2720,2721,2271,133],"class_list":["post-8383","post","type-post","status-publish","format-standard","has-post-thumbnail","hentry","category-economia","category-nacional","category-ultima-hora","tag-consumolocal","tag-derramaeconomica","tag-navidadenqueretaro","tag-queretaro"],"yoast_head":"<!-- This site is optimized with the Yoast SEO plugin v25.0 - https:\/\/yoast.com\/wordpress\/plugins\/seo\/ -->\n<title>Quer\u00e9taro se prepara para una Navidad con derrama econ\u00f3mica r\u00e9cord con ventas por m\u00e1s de 2 mil 700 mdp | Nexo Informativo Santiago de Quer\u00e9taro<\/title>\n<meta name=\"description\" content=\"Quer\u00e9taro se prepara para una Navidad con derrama econ\u00f3mica r\u00e9cord con ventas por m\u00e1s de 2 mil 700 mdp\" \/>\n<meta name=\"robots\" content=\"index, follow, max-snippet:-1, max-image-preview:large, max-video-preview:-1\" \/>\n<link rel=\"canonical\" href=\"https:\/\/www.nexoinformativo.mx\/index.php\/2024\/12\/17\/queretaro-se-prepara-para-una-navidad-con-derrama-economica-record-con-ventas-por-mas-de-2-mil-700-mdp\/\" \/>\n<meta property=\"og:locale\" content=\"es_MX\" \/>\n<meta property=\"og:type\" content=\"article\" \/>\n<meta property=\"og:title\" content=\"Quer\u00e9taro se prepara para una Navidad con derrama econ\u00f3mica r\u00e9cord con ventas por m\u00e1s de 2 mil 700 mdp | Nexo Informativo Santiago de Quer\u00e9taro\" \/>\n<meta property=\"og:description\" content=\"Quer\u00e9taro se prepara para una Navidad con derrama econ\u00f3mica r\u00e9cord con ventas por m\u00e1s de 2 mil 700 mdp\" \/>\n<meta property=\"og:url\" content=\"https:\/\/www.nexoinformativo.mx\/index.php\/2024\/12\/17\/queretaro-se-prepara-para-una-navidad-con-derrama-economica-record-con-ventas-por-mas-de-2-mil-700-mdp\/\" \/>\n<meta property=\"og:site_name\" content=\"Nexo Informativo Santiago de Quer\u00e9taro\" \/>\n<meta property=\"article:publisher\" content=\"https:\/\/www.facebook.com\/people\/Nexo-Informativo\/61564066885511\/\" \/>\n<meta property=\"article:published_time\" content=\"2024-12-17T17:30:39+00:00\" \/>\n<meta property=\"article:modified_time\" content=\"2024-12-17T18:44:54+00:00\" \/>\n<meta property=\"og:image\" content=\"https:\/\/www.nexoinformativo.mx\/wp-content\/uploads\/2024\/12\/PHOTO-2024-12-17-12-12-17-e1734461049362.jpg\" \/>\n\t<meta property=\"og:image:width\" content=\"800\" \/>\n\t<meta property=\"og:image:height\" content=\"600\" \/>\n\t<meta property=\"og:image:type\" content=\"image\/jpeg\" \/>\n<meta name=\"author\" content=\"Nexo Informativo\" \/>\n<meta name=\"twitter:card\" content=\"summary_large_image\" \/>\n<meta name=\"twitter:label1\" content=\"Escrito por\" \/>\n\t<meta name=\"twitter:data1\" content=\"Nexo Informativo\" \/>\n\t<meta name=\"twitter:label2\" content=\"Tiempo de lectura\" \/>\n\t<meta name=\"twitter:data2\" content=\"1 minuto\" \/>\n<script type=\"application\/ld+json\" class=\"yoast-schema-graph\">{\"@context\":\"https:\/\/schema.org\",\"@graph\":[{\"@type\":\"Article\",\"@id\":\"https:\/\/www.nexoinformativo.mx\/index.php\/2024\/12\/17\/queretaro-se-prepara-para-una-navidad-con-derrama-economica-record-con-ventas-por-mas-de-2-mil-700-mdp\/#article\",\"isPartOf\":{\"@id\":\"https:\/\/www.nexoinformativo.mx\/index.php\/2024\/12\/17\/queretaro-se-prepara-para-una-navidad-con-derrama-economica-record-con-ventas-por-mas-de-2-mil-700-mdp\/\"},\"author\":{\"name\":\"Nexo Informativo\",\"@id\":\"https:\/\/www.nexoinformativo.mx\/#\/schema\/person\/7749d380ba08c8ca00d7bc76fd907b7d\"},\"headline\":\"Quer\u00e9taro se prepara para una Navidad con derrama econ\u00f3mica r\u00e9cord con ventas por m\u00e1s de 2 mil 700 mdp\",\"datePublished\":\"2024-12-17T17:30:39+00:00\",\"dateModified\":\"2024-12-17T18:44:54+00:00\",\"mainEntityOfPage\":{\"@id\":\"https:\/\/www.nexoinformativo.mx\/index.php\/2024\/12\/17\/queretaro-se-prepara-para-una-navidad-con-derrama-economica-record-con-ventas-por-mas-de-2-mil-700-mdp\/\"},\"wordCount\":208,\"commentCount\":0,\"publisher\":{\"@id\":\"https:\/\/www.nexoinformativo.mx\/#organization\"},\"image\":{\"@id\":\"https:\/\/www.nexoinformativo.mx\/index.php\/2024\/12\/17\/queretaro-se-prepara-para-una-navidad-con-derrama-economica-record-con-ventas-por-mas-de-2-mil-700-mdp\/#primaryimage\"},\"thumbnailUrl\":\"https:\/\/www.nexoinformativo.mx\/wp-content\/uploads\/2024\/12\/PHOTO-2024-12-17-12-12-17-e1734461049362.jpg\",\"keywords\":[\"ConsumoLocal\",\"DerramaEcon\u00f3mica\",\"NavidadEnQuer\u00e9taro\",\"Quer\u00e9taro\"],\"articleSection\":[\"Econom\u00eda\",\"Nacional\",\"\u00daltima Hora\"],\"inLanguage\":\"es\",\"potentialAction\":[{\"@type\":\"CommentAction\",\"name\":\"Comment\",\"target\":[\"https:\/\/www.nexoinformativo.mx\/index.php\/2024\/12\/17\/queretaro-se-prepara-para-una-navidad-con-derrama-economica-record-con-ventas-por-mas-de-2-mil-700-mdp\/#respond\"]}]},{\"@type\":\"WebPage\",\"@id\":\"https:\/\/www.nexoinformativo.mx\/index.php\/2024\/12\/17\/queretaro-se-prepara-para-una-navidad-con-derrama-economica-record-con-ventas-por-mas-de-2-mil-700-mdp\/\",\"url\":\"https:\/\/www.nexoinformativo.mx\/index.php\/2024\/12\/17\/queretaro-se-prepara-para-una-navidad-con-derrama-economica-record-con-ventas-por-mas-de-2-mil-700-mdp\/\",\"name\":\"Quer\u00e9taro se prepara para una Navidad con derrama econ\u00f3mica r\u00e9cord con ventas por m\u00e1s de 2 mil 700 mdp | Nexo Informativo Santiago de Quer\u00e9taro\",\"isPartOf\":{\"@id\":\"https:\/\/www.nexoinformativo.mx\/#website\"},\"primaryImageOfPage\":{\"@id\":\"https:\/\/www.nexoinformativo.mx\/index.php\/2024\/12\/17\/queretaro-se-prepara-para-una-navidad-con-derrama-economica-record-con-ventas-por-mas-de-2-mil-700-mdp\/#primaryimage\"},\"image\":{\"@id\":\"https:\/\/www.nexoinformativo.mx\/index.php\/2024\/12\/17\/queretaro-se-prepara-para-una-navidad-con-derrama-economica-record-con-ventas-por-mas-de-2-mil-700-mdp\/#primaryimage\"},\"thumbnailUrl\":\"https:\/\/www.nexoinformativo.mx\/wp-content\/uploads\/2024\/12\/PHOTO-2024-12-17-12-12-17-e1734461049362.jpg\",\"datePublished\":\"2024-12-17T17:30:39+00:00\",\"dateModified\":\"2024-12-17T18:44:54+00:00\",\"description\":\"Quer\u00e9taro se prepara para una Navidad con derrama econ\u00f3mica r\u00e9cord con ventas por m\u00e1s de 2 mil 700 mdp\",\"breadcrumb\":{\"@id\":\"https:\/\/www.nexoinformativo.mx\/index.php\/2024\/12\/17\/queretaro-se-prepara-para-una-navidad-con-derrama-economica-record-con-ventas-por-mas-de-2-mil-700-mdp\/#breadcrumb\"},\"inLanguage\":\"es\",\"potentialAction\":[{\"@type\":\"ReadAction\",\"target\":[\"https:\/\/www.nexoinformativo.mx\/index.php\/2024\/12\/17\/queretaro-se-prepara-para-una-navidad-con-derrama-economica-record-con-ventas-por-mas-de-2-mil-700-mdp\/\"]}]},{\"@type\":\"ImageObject\",\"inLanguage\":\"es\",\"@id\":\"https:\/\/www.nexoinformativo.mx\/index.php\/2024\/12\/17\/queretaro-se-prepara-para-una-navidad-con-derrama-economica-record-con-ventas-por-mas-de-2-mil-700-mdp\/#primaryimage\",\"url\":\"https:\/\/www.nexoinformativo.mx\/wp-content\/uploads\/2024\/12\/PHOTO-2024-12-17-12-12-17-e1734461049362.jpg\",\"contentUrl\":\"https:\/\/www.nexoinformativo.mx\/wp-content\/uploads\/2024\/12\/PHOTO-2024-12-17-12-12-17-e1734461049362.jpg\",\"width\":800,\"height\":600},{\"@type\":\"BreadcrumbList\",\"@id\":\"https:\/\/www.nexoinformativo.mx\/index.php\/2024\/12\/17\/queretaro-se-prepara-para-una-navidad-con-derrama-economica-record-con-ventas-por-mas-de-2-mil-700-mdp\/#breadcrumb\",\"itemListElement\":[{\"@type\":\"ListItem\",\"position\":1,\"name\":\"Inicio\",\"item\":\"https:\/\/www.nexoinformativo.mx\/\"},{\"@type\":\"ListItem\",\"position\":2,\"name\":\"Quer\u00e9taro se prepara para una Navidad con derrama econ\u00f3mica r\u00e9cord con ventas por m\u00e1s de 2 mil 700 mdp\"}]},{\"@type\":\"WebSite\",\"@id\":\"https:\/\/www.nexoinformativo.mx\/#website\",\"url\":\"https:\/\/www.nexoinformativo.mx\/\",\"name\":\"Nexo Informativo Santiago de Quer\u00e9taro\",\"description\":\"Explora NexoInformativo y convi\u00e9rtete en parte de una comunidad que valora el conocimiento y la verdad. Tu nexoinformativo es tu puente hacia una comprensi\u00f3n m\u00e1s profunda del mundo que te rodea.\",\"publisher\":{\"@id\":\"https:\/\/www.nexoinformativo.mx\/#organization\"},\"potentialAction\":[{\"@type\":\"SearchAction\",\"target\":{\"@type\":\"EntryPoint\",\"urlTemplate\":\"https:\/\/www.nexoinformativo.mx\/?s={search_term_string}\"},\"query-input\":{\"@type\":\"PropertyValueSpecification\",\"valueRequired\":true,\"valueName\":\"search_term_string\"}}],\"inLanguage\":\"es\"},{\"@type\":\"Organization\",\"@id\":\"https:\/\/www.nexoinformativo.mx\/#organization\",\"name\":\"Nexo Informativo Santiago de Quer\u00e9taro\",\"url\":\"https:\/\/www.nexoinformativo.mx\/\",\"logo\":{\"@type\":\"ImageObject\",\"inLanguage\":\"es\",\"@id\":\"https:\/\/www.nexoinformativo.mx\/#\/schema\/logo\/image\/\",\"url\":\"https:\/\/www.nexoinformativo.mx\/wp-content\/uploads\/2024\/07\/nexoi-trasparente-2.png\",\"contentUrl\":\"https:\/\/www.nexoinformativo.mx\/wp-content\/uploads\/2024\/07\/nexoi-trasparente-2.png\",\"width\":816,\"height\":339,\"caption\":\"Nexo Informativo Santiago de Quer\u00e9taro\"},\"image\":{\"@id\":\"https:\/\/www.nexoinformativo.mx\/#\/schema\/logo\/image\/\"},\"sameAs\":[\"https:\/\/www.facebook.com\/people\/Nexo-Informativo\/61564066885511\/\"]},{\"@type\":\"Person\",\"@id\":\"https:\/\/www.nexoinformativo.mx\/#\/schema\/person\/7749d380ba08c8ca00d7bc76fd907b7d\",\"name\":\"Nexo Informativo\",\"image\":{\"@type\":\"ImageObject\",\"inLanguage\":\"es\",\"@id\":\"https:\/\/www.nexoinformativo.mx\/#\/schema\/person\/image\/\",\"url\":\"https:\/\/secure.gravatar.com\/avatar\/dde2928154642a13d95f87ddf1ea9718fe2b46760a005c53e41ff5ad610704e6?s=96&d=mm&r=g\",\"contentUrl\":\"https:\/\/secure.gravatar.com\/avatar\/dde2928154642a13d95f87ddf1ea9718fe2b46760a005c53e41ff5ad610704e6?s=96&d=mm&r=g\",\"caption\":\"Nexo Informativo\"},\"url\":\"https:\/\/www.nexoinformativo.mx\/index.php\/author\/edicion\/\"}]}<\/script>\n<!-- \/ Yoast SEO plugin. -->","yoast_head_json":{"title":"Quer\u00e9taro se prepara para una Navidad con derrama econ\u00f3mica r\u00e9cord con ventas por m\u00e1s de 2 mil 700 mdp | Nexo Informativo Santiago de Quer\u00e9taro","description":"Quer\u00e9taro se prepara para una Navidad con derrama econ\u00f3mica r\u00e9cord con ventas por m\u00e1s de 2 mil 700 mdp","robots":{"index":"index","follow":"follow","max-snippet":"max-snippet:-1","max-image-preview":"max-image-preview:large","max-video-preview":"max-video-preview:-1"},"canonical":"https:\/\/www.nexoinformativo.mx\/index.php\/2024\/12\/17\/queretaro-se-prepara-para-una-navidad-con-derrama-economica-record-con-ventas-por-mas-de-2-mil-700-mdp\/","og_locale":"es_MX","og_type":"article","og_title":"Quer\u00e9taro se prepara para una Navidad con derrama econ\u00f3mica r\u00e9cord con ventas por m\u00e1s de 2 mil 700 mdp | Nexo Informativo Santiago de Quer\u00e9taro","og_description":"Quer\u00e9taro se prepara para una Navidad con derrama econ\u00f3mica r\u00e9cord con ventas por m\u00e1s de 2 mil 700 mdp","og_url":"https:\/\/www.nexoinformativo.mx\/index.php\/2024\/12\/17\/queretaro-se-prepara-para-una-navidad-con-derrama-economica-record-con-ventas-por-mas-de-2-mil-700-mdp\/","og_site_name":"Nexo Informativo Santiago de Quer\u00e9taro","article_publisher":"https:\/\/www.facebook.com\/people\/Nexo-Informativo\/61564066885511\/","article_published_time":"2024-12-17T17:30:39+00:00","article_modified_time":"2024-12-17T18:44:54+00:00","og_image":[{"width":800,"height":600,"url":"https:\/\/www.nexoinformativo.mx\/wp-content\/uploads\/2024\/12\/PHOTO-2024-12-17-12-12-17-e1734461049362.jpg","type":"image\/jpeg"}],"author":"Nexo Informativo","twitter_card":"summary_large_image","twitter_misc":{"Escrito por":"Nexo Informativo","Tiempo de lectura":"1 minuto"},"schema":{"@context":"https:\/\/schema.org","@graph":[{"@type":"Article","@id":"https:\/\/www.nexoinformativo.mx\/index.php\/2024\/12\/17\/queretaro-se-prepara-para-una-navidad-con-derrama-economica-record-con-ventas-por-mas-de-2-mil-700-mdp\/#article","isPartOf":{"@id":"https:\/\/www.nexoinformativo.mx\/index.php\/2024\/12\/17\/queretaro-se-prepara-para-una-navidad-con-derrama-economica-record-con-ventas-por-mas-de-2-mil-700-mdp\/"},"author":{"name":"Nexo Informativo","@id":"https:\/\/www.nexoinformativo.mx\/#\/schema\/person\/7749d380ba08c8ca00d7bc76fd907b7d"},"headline":"Quer\u00e9taro se prepara para una Navidad con derrama econ\u00f3mica r\u00e9cord con ventas por m\u00e1s de 2 mil 700 mdp","datePublished":"2024-12-17T17:30:39+00:00","dateModified":"2024-12-17T18:44:54+00:00","mainEntityOfPage":{"@id":"https:\/\/www.nexoinformativo.mx\/index.php\/2024\/12\/17\/queretaro-se-prepara-para-una-navidad-con-derrama-economica-record-con-ventas-por-mas-de-2-mil-700-mdp\/"},"wordCount":208,"commentCount":0,"publisher":{"@id":"https:\/\/www.nexoinformativo.mx\/#organization"},"image":{"@id":"https:\/\/www.nexoinformativo.mx\/index.php\/2024\/12\/17\/queretaro-se-prepara-para-una-navidad-con-derrama-economica-record-con-ventas-por-mas-de-2-mil-700-mdp\/#primaryimage"},"thumbnailUrl":"https:\/\/www.nexoinformativo.mx\/wp-content\/uploads\/2024\/12\/PHOTO-2024-12-17-12-12-17-e1734461049362.jpg","keywords":["ConsumoLocal","DerramaEcon\u00f3mica","NavidadEnQuer\u00e9taro","Quer\u00e9taro"],"articleSection":["Econom\u00eda","Nacional","\u00daltima Hora"],"inLanguage":"es","potentialAction":[{"@type":"CommentAction","name":"Comment","target":["https:\/\/www.nexoinformativo.mx\/index.php\/2024\/12\/17\/queretaro-se-prepara-para-una-navidad-con-derrama-economica-record-con-ventas-por-mas-de-2-mil-700-mdp\/#respond"]}]},{"@type":"WebPage","@id":"https:\/\/www.nexoinformativo.mx\/index.php\/2024\/12\/17\/queretaro-se-prepara-para-una-navidad-con-derrama-economica-record-con-ventas-por-mas-de-2-mil-700-mdp\/","url":"https:\/\/www.nexoinformativo.mx\/index.php\/2024\/12\/17\/queretaro-se-prepara-para-una-navidad-con-derrama-economica-record-con-ventas-por-mas-de-2-mil-700-mdp\/","name":"Quer\u00e9taro se prepara para una Navidad con derrama econ\u00f3mica r\u00e9cord con ventas por m\u00e1s de 2 mil 700 mdp | Nexo Informativo Santiago de Quer\u00e9taro","isPartOf":{"@id":"https:\/\/www.nexoinformativo.mx\/#website"},"primaryImageOfPage":{"@id":"https:\/\/www.nexoinformativo.mx\/index.php\/2024\/12\/17\/queretaro-se-prepara-para-una-navidad-con-derrama-economica-record-con-ventas-por-mas-de-2-mil-700-mdp\/#primaryimage"},"image":{"@id":"https:\/\/www.nexoinformativo.mx\/index.php\/2024\/12\/17\/queretaro-se-prepara-para-una-navidad-con-derrama-economica-record-con-ventas-por-mas-de-2-mil-700-mdp\/#primaryimage"},"thumbnailUrl":"https:\/\/www.nexoinformativo.mx\/wp-content\/uploads\/2024\/12\/PHOTO-2024-12-17-12-12-17-e1734461049362.jpg","datePublished":"2024-12-17T17:30:39+00:00","dateModified":"2024-12-17T18:44:54+00:00","description":"Quer\u00e9taro se prepara para una Navidad con derrama econ\u00f3mica r\u00e9cord con ventas por m\u00e1s de 2 mil 700 mdp","breadcrumb":{"@id":"https:\/\/www.nexoinformativo.mx\/index.php\/2024\/12\/17\/queretaro-se-prepara-para-una-navidad-con-derrama-economica-record-con-ventas-por-mas-de-2-mil-700-mdp\/#breadcrumb"},"inLanguage":"es","potentialAction":[{"@type":"ReadAction","target":["https:\/\/www.nexoinformativo.mx\/index.php\/2024\/12\/17\/queretaro-se-prepara-para-una-navidad-con-derrama-economica-record-con-ventas-por-mas-de-2-mil-700-mdp\/"]}]},{"@type":"ImageObject","inLanguage":"es","@id":"https:\/\/www.nexoinformativo.mx\/index.php\/2024\/12\/17\/queretaro-se-prepara-para-una-navidad-con-derrama-economica-record-con-ventas-por-mas-de-2-mil-700-mdp\/#primaryimage","url":"https:\/\/www.nexoinformativo.mx\/wp-content\/uploads\/2024\/12\/PHOTO-2024-12-17-12-12-17-e1734461049362.jpg","contentUrl":"https:\/\/www.nexoinformativo.mx\/wp-content\/uploads\/2024\/12\/PHOTO-2024-12-17-12-12-17-e1734461049362.jpg","width":800,"height":600},{"@type":"BreadcrumbList","@id":"https:\/\/www.nexoinformativo.mx\/index.php\/2024\/12\/17\/queretaro-se-prepara-para-una-navidad-con-derrama-economica-record-con-ventas-por-mas-de-2-mil-700-mdp\/#breadcrumb","itemListElement":[{"@type":"ListItem","position":1,"name":"Inicio","item":"https:\/\/www.nexoinformativo.mx\/"},{"@type":"ListItem","position":2,"name":"Quer\u00e9taro se prepara para una Navidad con derrama econ\u00f3mica r\u00e9cord con ventas por m\u00e1s de 2 mil 700 mdp"}]},{"@type":"WebSite","@id":"https:\/\/www.nexoinformativo.mx\/#website","url":"https:\/\/www.nexoinformativo.mx\/","name":"Nexo Informativo Santiago de Quer\u00e9taro","description":"Explora NexoInformativo y convi\u00e9rtete en parte de una comunidad que valora el conocimiento y la verdad. Tu nexoinformativo es tu puente hacia una comprensi\u00f3n m\u00e1s profunda del mundo que te rodea.","publisher":{"@id":"https:\/\/www.nexoinformativo.mx\/#organization"},"potentialAction":[{"@type":"SearchAction","target":{"@type":"EntryPoint","urlTemplate":"https:\/\/www.nexoinformativo.mx\/?s={search_term_string}"},"query-input":{"@type":"PropertyValueSpecification","valueRequired":true,"valueName":"search_term_string"}}],"inLanguage":"es"},{"@type":"Organization","@id":"https:\/\/www.nexoinformativo.mx\/#organization","name":"Nexo Informativo Santiago de Quer\u00e9taro","url":"https:\/\/www.nexoinformativo.mx\/","logo":{"@type":"ImageObject","inLanguage":"es","@id":"https:\/\/www.nexoinformativo.mx\/#\/schema\/logo\/image\/","url":"https:\/\/www.nexoinformativo.mx\/wp-content\/uploads\/2024\/07\/nexoi-trasparente-2.png","contentUrl":"https:\/\/www.nexoinformativo.mx\/wp-content\/uploads\/2024\/07\/nexoi-trasparente-2.png","width":816,"height":339,"caption":"Nexo Informativo Santiago de Quer\u00e9taro"},"image":{"@id":"https:\/\/www.nexoinformativo.mx\/#\/schema\/logo\/image\/"},"sameAs":["https:\/\/www.facebook.com\/people\/Nexo-Informativo\/61564066885511\/"]},{"@type":"Person","@id":"https:\/\/www.nexoinformativo.mx\/#\/schema\/person\/7749d380ba08c8ca00d7bc76fd907b7d","name":"Nexo Informativo","image":{"@type":"ImageObject","inLanguage":"es","@id":"https:\/\/www.nexoinformativo.mx\/#\/schema\/person\/image\/","url":"https:\/\/secure.gravatar.com\/avatar\/dde2928154642a13d95f87ddf1ea9718fe2b46760a005c53e41ff5ad610704e6?s=96&d=mm&r=g","contentUrl":"https:\/\/secure.gravatar.com\/avatar\/dde2928154642a13d95f87ddf1ea9718fe2b46760a005c53e41ff5ad610704e6?s=96&d=mm&r=g","caption":"Nexo Informativo"},"url":"https:\/\/www.nexoinformativo.mx\/index.php\/author\/edicion\/"}]}},"_links":{"self":[{"href":"https:\/\/www.nexoinformativo.mx\/index.php\/wp-json\/wp\/v2\/posts\/8383","targetHints":{"allow":["GET"]}}],"collection":[{"href":"https:\/\/www.nexoinformativo.mx\/index.php\/wp-json\/wp\/v2\/posts"}],"about":[{"href":"https:\/\/www.nexoinformativo.mx\/index.php\/wp-json\/wp\/v2\/types\/post"}],"author":[{"embeddable":true,"href":"https:\/\/www.nexoinformativo.mx\/index.php\/wp-json\/wp\/v2\/users\/3"}],"replies":[{"embeddable":true,"href":"https:\/\/www.nexoinformativo.mx\/index.php\/wp-json\/wp\/v2\/comments?post=8383"}],"version-history":[{"count":3,"href":"https:\/\/www.nexoinformativo.mx\/index.php\/wp-json\/wp\/v2\/posts\/8383\/revisions"}],"predecessor-version":[{"id":8387,"href":"https:\/\/www.nexoinformativo.mx\/index.php\/wp-json\/wp\/v2\/posts\/8383\/revisions\/8387"}],"wp:featuredmedia":[{"embeddable":true,"href":"https:\/\/www.nexoinformativo.mx\/index.php\/wp-json\/wp\/v2\/media\/8384"}],"wp:attachment":[{"href":"https:\/\/www.nexoinformativo.mx\/index.php\/wp-json\/wp\/v2\/media?parent=8383"}],"wp:term":[{"taxonomy":"category","embeddable":true,"href":"https:\/\/www.nexoinformativo.mx\/index.php\/wp-json\/wp\/v2\/categories?post=8383"},{"taxonomy":"post_tag","embeddable":true,"href":"https:\/\/www.nexoinformativo.mx\/index.php\/wp-json\/wp\/v2\/tags?post=8383"}],"curies":[{"name":"wp","href":"https:\/\/api.w.org\/{rel}","templated":true}]}}