{"id":8406,"date":"2024-12-18T06:15:57","date_gmt":"2024-12-18T12:15:57","guid":{"rendered":"https:\/\/www.nexoinformativo.mx\/?p=8406"},"modified":"2024-12-18T07:47:11","modified_gmt":"2024-12-18T13:47:11","slug":"gobierno-de-mexico-lleva-mas-de-100-programas-a-municipios-con-mayor-violencia-en-el-pais","status":"publish","type":"post","link":"https:\/\/www.nexoinformativo.mx\/index.php\/2024\/12\/18\/gobierno-de-mexico-lleva-mas-de-100-programas-a-municipios-con-mayor-violencia-en-el-pais\/","title":{"rendered":"Gobierno de M\u00e9xico lleva m\u00e1s de 100 programas a municipios con mayor violencia en el pa\u00eds"},"content":{"rendered":"<p style=\"text-align: justify;\" data-sourcepos=\"11:1-11:371\">El Gobierno de M\u00e9xico ha iniciado una ofensiva contra la violencia, llevando a cabo acciones directas en los municipios con mayores \u00edndices delictivos del pa\u00eds.<\/p>\n<p>&nbsp;<\/p>\n<p style=\"text-align: justify;\" data-sourcepos=\"11:1-11:371\">A trav\u00e9s de la <strong>Estrategia Nacional de Construcci\u00f3n de Paz<\/strong>, m\u00e1s de 100 programas y servicios se est\u00e1n implementando casa por casa para atender las necesidades de la poblaci\u00f3n y atacar las ra\u00edces de la violencia.<\/p>\n<p>&nbsp;<\/p>\n<p style=\"text-align: justify;\" data-sourcepos=\"13:1-13:254\">As\u00ed lo dio a conocer la secretaria de Gobernaci\u00f3n, Rosa Icela Rodr\u00edguez, quien detall\u00f3 que en una primera etapa se han visitado municipios como Le\u00f3n y Celaya en Guanajuato, San Crist\u00f3bal de las Casas en Chiapas, y Tijuana en Baja California, entre otros.<\/p>\n<p>&nbsp;<\/p>\n<p style=\"text-align: justify;\" data-sourcepos=\"15:1-15:353\">En estos lugares, brigadistas han realizado m\u00e1s de 23 mil visitas domiciliarias, identificando las principales problem\u00e1ticas de cada comunidad.<\/p>\n<p>&nbsp;<\/p>\n<p style=\"text-align: justify;\" data-sourcepos=\"15:1-15:353\">Entre los hallazgos m\u00e1s recurrentes se encuentran la percepci\u00f3n de inseguridad por falta de patrullaje, la necesidad de rehabilitaci\u00f3n de espacios p\u00fablicos y la carencia de servicios b\u00e1sicos como agua potable.<\/p>\n<p>&nbsp;<\/p>\n<p style=\"text-align: justify;\" data-sourcepos=\"17:1-17:272\">Para atender estas necesidades, se han organizado ferias de la paz donde se ofrecen servicios de salud, asesor\u00eda jur\u00eddica, programas sociales y actividades recreativas. <strong>&#8220;La paz es trabajo, es salud, es educaci\u00f3n, es alimentaci\u00f3n&#8221;<\/strong>, afirm\u00f3 la secretaria Rodr\u00edguez.<\/p>\n<p>&nbsp;<\/p>\n<p style=\"text-align: justify;\" data-sourcepos=\"19:1-19:254\">Se destac\u00f3 la importancia de la coordinaci\u00f3n entre los tres niveles de gobierno y la participaci\u00f3n ciudadana para lograr resultados sostenibles. <strong>&#8220;Invitamos a todos a sumarse a esta gran tarea de construir la paz en M\u00e9xico&#8221;<\/strong>, expres\u00f3.<\/p>\n<p>&nbsp;<\/p>\n<p style=\"text-align: center;\" data-sourcepos=\"19:1-19:254\"><em><strong>\u00a1Informaci\u00f3n que transforma!<\/strong><\/em><\/p>\n","protected":false},"excerpt":{"rendered":"<p>El Gobierno de M\u00e9xico ha iniciado una ofensiva contra la violencia, llevando a cabo acciones directas en los municipios con mayores \u00edndices delictivos del pa\u00eds.<\/p>\n","protected":false},"author":3,"featured_media":8407,"comment_status":"open","ping_status":"open","sticky":false,"template":"","format":"standard","meta":{"footnotes":""},"categories":[88,58],"tags":[1176,1535,2729,157],"class_list":["post-8406","post","type-post","status-publish","format-standard","has-post-thumbnail","hentry","category-nacional","category-ultima-hora","tag-estrategiadepaz","tag-gobiernodemexico","tag-pazenmexico","tag-seguridadciudadana"],"yoast_head":"<!-- This site is optimized with the Yoast SEO plugin v25.0 - https:\/\/yoast.com\/wordpress\/plugins\/seo\/ -->\n<title>Gobierno de M\u00e9xico lleva m\u00e1s de 100 programas a municipios con mayor violencia en el pa\u00eds | Nexo Informativo Santiago de Quer\u00e9taro<\/title>\n<meta name=\"description\" content=\"Gobierno de M\u00e9xico lleva m\u00e1s de 100 programas a municipios con mayor violencia en el pa\u00eds\" \/>\n<meta name=\"robots\" content=\"index, follow, max-snippet:-1, max-image-preview:large, max-video-preview:-1\" \/>\n<link rel=\"canonical\" href=\"https:\/\/www.nexoinformativo.mx\/index.php\/2024\/12\/18\/gobierno-de-mexico-lleva-mas-de-100-programas-a-municipios-con-mayor-violencia-en-el-pais\/\" \/>\n<meta property=\"og:locale\" content=\"es_MX\" \/>\n<meta property=\"og:type\" content=\"article\" \/>\n<meta property=\"og:title\" content=\"Gobierno de M\u00e9xico lleva m\u00e1s de 100 programas a municipios con mayor violencia en el pa\u00eds | Nexo Informativo Santiago de Quer\u00e9taro\" \/>\n<meta property=\"og:description\" content=\"Gobierno de M\u00e9xico lleva m\u00e1s de 100 programas a municipios con mayor violencia en el pa\u00eds\" \/>\n<meta property=\"og:url\" content=\"https:\/\/www.nexoinformativo.mx\/index.php\/2024\/12\/18\/gobierno-de-mexico-lleva-mas-de-100-programas-a-municipios-con-mayor-violencia-en-el-pais\/\" \/>\n<meta property=\"og:site_name\" content=\"Nexo Informativo Santiago de Quer\u00e9taro\" \/>\n<meta property=\"article:publisher\" content=\"https:\/\/www.facebook.com\/people\/Nexo-Informativo\/61564066885511\/\" \/>\n<meta property=\"article:published_time\" content=\"2024-12-18T12:15:57+00:00\" \/>\n<meta property=\"article:modified_time\" content=\"2024-12-18T13:47:11+00:00\" \/>\n<meta property=\"og:image\" content=\"https:\/\/www.nexoinformativo.mx\/wp-content\/uploads\/2024\/12\/IMG_8657-scaled-e1734529540232.jpg\" \/>\n\t<meta property=\"og:image:width\" content=\"800\" \/>\n\t<meta property=\"og:image:height\" content=\"533\" \/>\n\t<meta property=\"og:image:type\" content=\"image\/jpeg\" \/>\n<meta name=\"author\" content=\"Nexo Informativo\" \/>\n<meta name=\"twitter:card\" content=\"summary_large_image\" \/>\n<meta name=\"twitter:label1\" content=\"Escrito por\" \/>\n\t<meta name=\"twitter:data1\" content=\"Nexo Informativo\" \/>\n\t<meta name=\"twitter:label2\" content=\"Tiempo de lectura\" \/>\n\t<meta name=\"twitter:data2\" content=\"2 minutos\" \/>\n<script type=\"application\/ld+json\" class=\"yoast-schema-graph\">{\"@context\":\"https:\/\/schema.org\",\"@graph\":[{\"@type\":\"Article\",\"@id\":\"https:\/\/www.nexoinformativo.mx\/index.php\/2024\/12\/18\/gobierno-de-mexico-lleva-mas-de-100-programas-a-municipios-con-mayor-violencia-en-el-pais\/#article\",\"isPartOf\":{\"@id\":\"https:\/\/www.nexoinformativo.mx\/index.php\/2024\/12\/18\/gobierno-de-mexico-lleva-mas-de-100-programas-a-municipios-con-mayor-violencia-en-el-pais\/\"},\"author\":{\"name\":\"Nexo Informativo\",\"@id\":\"https:\/\/www.nexoinformativo.mx\/#\/schema\/person\/7749d380ba08c8ca00d7bc76fd907b7d\"},\"headline\":\"Gobierno de M\u00e9xico lleva m\u00e1s de 100 programas a municipios con mayor violencia en el pa\u00eds\",\"datePublished\":\"2024-12-18T12:15:57+00:00\",\"dateModified\":\"2024-12-18T13:47:11+00:00\",\"mainEntityOfPage\":{\"@id\":\"https:\/\/www.nexoinformativo.mx\/index.php\/2024\/12\/18\/gobierno-de-mexico-lleva-mas-de-100-programas-a-municipios-con-mayor-violencia-en-el-pais\/\"},\"wordCount\":283,\"commentCount\":0,\"publisher\":{\"@id\":\"https:\/\/www.nexoinformativo.mx\/#organization\"},\"image\":{\"@id\":\"https:\/\/www.nexoinformativo.mx\/index.php\/2024\/12\/18\/gobierno-de-mexico-lleva-mas-de-100-programas-a-municipios-con-mayor-violencia-en-el-pais\/#primaryimage\"},\"thumbnailUrl\":\"https:\/\/www.nexoinformativo.mx\/wp-content\/uploads\/2024\/12\/IMG_8657-scaled-e1734529540232.jpg\",\"keywords\":[\"EstrategiaDePaz\",\"GobiernoDeM\u00e9xico\",\"PazEnM\u00e9xico\",\"SeguridadCiudadana\"],\"articleSection\":[\"Nacional\",\"\u00daltima Hora\"],\"inLanguage\":\"es\",\"potentialAction\":[{\"@type\":\"CommentAction\",\"name\":\"Comment\",\"target\":[\"https:\/\/www.nexoinformativo.mx\/index.php\/2024\/12\/18\/gobierno-de-mexico-lleva-mas-de-100-programas-a-municipios-con-mayor-violencia-en-el-pais\/#respond\"]}]},{\"@type\":\"WebPage\",\"@id\":\"https:\/\/www.nexoinformativo.mx\/index.php\/2024\/12\/18\/gobierno-de-mexico-lleva-mas-de-100-programas-a-municipios-con-mayor-violencia-en-el-pais\/\",\"url\":\"https:\/\/www.nexoinformativo.mx\/index.php\/2024\/12\/18\/gobierno-de-mexico-lleva-mas-de-100-programas-a-municipios-con-mayor-violencia-en-el-pais\/\",\"name\":\"Gobierno de M\u00e9xico lleva m\u00e1s de 100 programas a municipios con mayor violencia en el pa\u00eds | Nexo Informativo Santiago de Quer\u00e9taro\",\"isPartOf\":{\"@id\":\"https:\/\/www.nexoinformativo.mx\/#website\"},\"primaryImageOfPage\":{\"@id\":\"https:\/\/www.nexoinformativo.mx\/index.php\/2024\/12\/18\/gobierno-de-mexico-lleva-mas-de-100-programas-a-municipios-con-mayor-violencia-en-el-pais\/#primaryimage\"},\"image\":{\"@id\":\"https:\/\/www.nexoinformativo.mx\/index.php\/2024\/12\/18\/gobierno-de-mexico-lleva-mas-de-100-programas-a-municipios-con-mayor-violencia-en-el-pais\/#primaryimage\"},\"thumbnailUrl\":\"https:\/\/www.nexoinformativo.mx\/wp-content\/uploads\/2024\/12\/IMG_8657-scaled-e1734529540232.jpg\",\"datePublished\":\"2024-12-18T12:15:57+00:00\",\"dateModified\":\"2024-12-18T13:47:11+00:00\",\"description\":\"Gobierno de M\u00e9xico lleva m\u00e1s de 100 programas a municipios con mayor violencia en el pa\u00eds\",\"breadcrumb\":{\"@id\":\"https:\/\/www.nexoinformativo.mx\/index.php\/2024\/12\/18\/gobierno-de-mexico-lleva-mas-de-100-programas-a-municipios-con-mayor-violencia-en-el-pais\/#breadcrumb\"},\"inLanguage\":\"es\",\"potentialAction\":[{\"@type\":\"ReadAction\",\"target\":[\"https:\/\/www.nexoinformativo.mx\/index.php\/2024\/12\/18\/gobierno-de-mexico-lleva-mas-de-100-programas-a-municipios-con-mayor-violencia-en-el-pais\/\"]}]},{\"@type\":\"ImageObject\",\"inLanguage\":\"es\",\"@id\":\"https:\/\/www.nexoinformativo.mx\/index.php\/2024\/12\/18\/gobierno-de-mexico-lleva-mas-de-100-programas-a-municipios-con-mayor-violencia-en-el-pais\/#primaryimage\",\"url\":\"https:\/\/www.nexoinformativo.mx\/wp-content\/uploads\/2024\/12\/IMG_8657-scaled-e1734529540232.jpg\",\"contentUrl\":\"https:\/\/www.nexoinformativo.mx\/wp-content\/uploads\/2024\/12\/IMG_8657-scaled-e1734529540232.jpg\",\"width\":800,\"height\":533},{\"@type\":\"BreadcrumbList\",\"@id\":\"https:\/\/www.nexoinformativo.mx\/index.php\/2024\/12\/18\/gobierno-de-mexico-lleva-mas-de-100-programas-a-municipios-con-mayor-violencia-en-el-pais\/#breadcrumb\",\"itemListElement\":[{\"@type\":\"ListItem\",\"position\":1,\"name\":\"Inicio\",\"item\":\"https:\/\/www.nexoinformativo.mx\/\"},{\"@type\":\"ListItem\",\"position\":2,\"name\":\"Gobierno de M\u00e9xico lleva m\u00e1s de 100 programas a municipios con mayor violencia en el pa\u00eds\"}]},{\"@type\":\"WebSite\",\"@id\":\"https:\/\/www.nexoinformativo.mx\/#website\",\"url\":\"https:\/\/www.nexoinformativo.mx\/\",\"name\":\"Nexo Informativo Santiago de Quer\u00e9taro\",\"description\":\"Explora NexoInformativo y convi\u00e9rtete en parte de una comunidad que valora el conocimiento y la verdad. Tu nexoinformativo es tu puente hacia una comprensi\u00f3n m\u00e1s profunda del mundo que te rodea.\",\"publisher\":{\"@id\":\"https:\/\/www.nexoinformativo.mx\/#organization\"},\"potentialAction\":[{\"@type\":\"SearchAction\",\"target\":{\"@type\":\"EntryPoint\",\"urlTemplate\":\"https:\/\/www.nexoinformativo.mx\/?s={search_term_string}\"},\"query-input\":{\"@type\":\"PropertyValueSpecification\",\"valueRequired\":true,\"valueName\":\"search_term_string\"}}],\"inLanguage\":\"es\"},{\"@type\":\"Organization\",\"@id\":\"https:\/\/www.nexoinformativo.mx\/#organization\",\"name\":\"Nexo Informativo Santiago de Quer\u00e9taro\",\"url\":\"https:\/\/www.nexoinformativo.mx\/\",\"logo\":{\"@type\":\"ImageObject\",\"inLanguage\":\"es\",\"@id\":\"https:\/\/www.nexoinformativo.mx\/#\/schema\/logo\/image\/\",\"url\":\"https:\/\/www.nexoinformativo.mx\/wp-content\/uploads\/2024\/07\/nexoi-trasparente-2.png\",\"contentUrl\":\"https:\/\/www.nexoinformativo.mx\/wp-content\/uploads\/2024\/07\/nexoi-trasparente-2.png\",\"width\":816,\"height\":339,\"caption\":\"Nexo Informativo Santiago de Quer\u00e9taro\"},\"image\":{\"@id\":\"https:\/\/www.nexoinformativo.mx\/#\/schema\/logo\/image\/\"},\"sameAs\":[\"https:\/\/www.facebook.com\/people\/Nexo-Informativo\/61564066885511\/\"]},{\"@type\":\"Person\",\"@id\":\"https:\/\/www.nexoinformativo.mx\/#\/schema\/person\/7749d380ba08c8ca00d7bc76fd907b7d\",\"name\":\"Nexo Informativo\",\"image\":{\"@type\":\"ImageObject\",\"inLanguage\":\"es\",\"@id\":\"https:\/\/www.nexoinformativo.mx\/#\/schema\/person\/image\/\",\"url\":\"https:\/\/secure.gravatar.com\/avatar\/dde2928154642a13d95f87ddf1ea9718fe2b46760a005c53e41ff5ad610704e6?s=96&d=mm&r=g\",\"contentUrl\":\"https:\/\/secure.gravatar.com\/avatar\/dde2928154642a13d95f87ddf1ea9718fe2b46760a005c53e41ff5ad610704e6?s=96&d=mm&r=g\",\"caption\":\"Nexo Informativo\"},\"url\":\"https:\/\/www.nexoinformativo.mx\/index.php\/author\/edicion\/\"}]}<\/script>\n<!-- \/ Yoast SEO plugin. -->","yoast_head_json":{"title":"Gobierno de M\u00e9xico lleva m\u00e1s de 100 programas a municipios con mayor violencia en el pa\u00eds | Nexo Informativo Santiago de Quer\u00e9taro","description":"Gobierno de M\u00e9xico lleva m\u00e1s de 100 programas a municipios con mayor violencia en el pa\u00eds","robots":{"index":"index","follow":"follow","max-snippet":"max-snippet:-1","max-image-preview":"max-image-preview:large","max-video-preview":"max-video-preview:-1"},"canonical":"https:\/\/www.nexoinformativo.mx\/index.php\/2024\/12\/18\/gobierno-de-mexico-lleva-mas-de-100-programas-a-municipios-con-mayor-violencia-en-el-pais\/","og_locale":"es_MX","og_type":"article","og_title":"Gobierno de M\u00e9xico lleva m\u00e1s de 100 programas a municipios con mayor violencia en el pa\u00eds | Nexo Informativo Santiago de Quer\u00e9taro","og_description":"Gobierno de M\u00e9xico lleva m\u00e1s de 100 programas a municipios con mayor violencia en el pa\u00eds","og_url":"https:\/\/www.nexoinformativo.mx\/index.php\/2024\/12\/18\/gobierno-de-mexico-lleva-mas-de-100-programas-a-municipios-con-mayor-violencia-en-el-pais\/","og_site_name":"Nexo Informativo Santiago de Quer\u00e9taro","article_publisher":"https:\/\/www.facebook.com\/people\/Nexo-Informativo\/61564066885511\/","article_published_time":"2024-12-18T12:15:57+00:00","article_modified_time":"2024-12-18T13:47:11+00:00","og_image":[{"width":800,"height":533,"url":"https:\/\/www.nexoinformativo.mx\/wp-content\/uploads\/2024\/12\/IMG_8657-scaled-e1734529540232.jpg","type":"image\/jpeg"}],"author":"Nexo Informativo","twitter_card":"summary_large_image","twitter_misc":{"Escrito por":"Nexo Informativo","Tiempo de lectura":"2 minutos"},"schema":{"@context":"https:\/\/schema.org","@graph":[{"@type":"Article","@id":"https:\/\/www.nexoinformativo.mx\/index.php\/2024\/12\/18\/gobierno-de-mexico-lleva-mas-de-100-programas-a-municipios-con-mayor-violencia-en-el-pais\/#article","isPartOf":{"@id":"https:\/\/www.nexoinformativo.mx\/index.php\/2024\/12\/18\/gobierno-de-mexico-lleva-mas-de-100-programas-a-municipios-con-mayor-violencia-en-el-pais\/"},"author":{"name":"Nexo Informativo","@id":"https:\/\/www.nexoinformativo.mx\/#\/schema\/person\/7749d380ba08c8ca00d7bc76fd907b7d"},"headline":"Gobierno de M\u00e9xico lleva m\u00e1s de 100 programas a municipios con mayor violencia en el pa\u00eds","datePublished":"2024-12-18T12:15:57+00:00","dateModified":"2024-12-18T13:47:11+00:00","mainEntityOfPage":{"@id":"https:\/\/www.nexoinformativo.mx\/index.php\/2024\/12\/18\/gobierno-de-mexico-lleva-mas-de-100-programas-a-municipios-con-mayor-violencia-en-el-pais\/"},"wordCount":283,"commentCount":0,"publisher":{"@id":"https:\/\/www.nexoinformativo.mx\/#organization"},"image":{"@id":"https:\/\/www.nexoinformativo.mx\/index.php\/2024\/12\/18\/gobierno-de-mexico-lleva-mas-de-100-programas-a-municipios-con-mayor-violencia-en-el-pais\/#primaryimage"},"thumbnailUrl":"https:\/\/www.nexoinformativo.mx\/wp-content\/uploads\/2024\/12\/IMG_8657-scaled-e1734529540232.jpg","keywords":["EstrategiaDePaz","GobiernoDeM\u00e9xico","PazEnM\u00e9xico","SeguridadCiudadana"],"articleSection":["Nacional","\u00daltima Hora"],"inLanguage":"es","potentialAction":[{"@type":"CommentAction","name":"Comment","target":["https:\/\/www.nexoinformativo.mx\/index.php\/2024\/12\/18\/gobierno-de-mexico-lleva-mas-de-100-programas-a-municipios-con-mayor-violencia-en-el-pais\/#respond"]}]},{"@type":"WebPage","@id":"https:\/\/www.nexoinformativo.mx\/index.php\/2024\/12\/18\/gobierno-de-mexico-lleva-mas-de-100-programas-a-municipios-con-mayor-violencia-en-el-pais\/","url":"https:\/\/www.nexoinformativo.mx\/index.php\/2024\/12\/18\/gobierno-de-mexico-lleva-mas-de-100-programas-a-municipios-con-mayor-violencia-en-el-pais\/","name":"Gobierno de M\u00e9xico lleva m\u00e1s de 100 programas a municipios con mayor violencia en el pa\u00eds | Nexo Informativo Santiago de Quer\u00e9taro","isPartOf":{"@id":"https:\/\/www.nexoinformativo.mx\/#website"},"primaryImageOfPage":{"@id":"https:\/\/www.nexoinformativo.mx\/index.php\/2024\/12\/18\/gobierno-de-mexico-lleva-mas-de-100-programas-a-municipios-con-mayor-violencia-en-el-pais\/#primaryimage"},"image":{"@id":"https:\/\/www.nexoinformativo.mx\/index.php\/2024\/12\/18\/gobierno-de-mexico-lleva-mas-de-100-programas-a-municipios-con-mayor-violencia-en-el-pais\/#primaryimage"},"thumbnailUrl":"https:\/\/www.nexoinformativo.mx\/wp-content\/uploads\/2024\/12\/IMG_8657-scaled-e1734529540232.jpg","datePublished":"2024-12-18T12:15:57+00:00","dateModified":"2024-12-18T13:47:11+00:00","description":"Gobierno de M\u00e9xico lleva m\u00e1s de 100 programas a municipios con mayor violencia en el pa\u00eds","breadcrumb":{"@id":"https:\/\/www.nexoinformativo.mx\/index.php\/2024\/12\/18\/gobierno-de-mexico-lleva-mas-de-100-programas-a-municipios-con-mayor-violencia-en-el-pais\/#breadcrumb"},"inLanguage":"es","potentialAction":[{"@type":"ReadAction","target":["https:\/\/www.nexoinformativo.mx\/index.php\/2024\/12\/18\/gobierno-de-mexico-lleva-mas-de-100-programas-a-municipios-con-mayor-violencia-en-el-pais\/"]}]},{"@type":"ImageObject","inLanguage":"es","@id":"https:\/\/www.nexoinformativo.mx\/index.php\/2024\/12\/18\/gobierno-de-mexico-lleva-mas-de-100-programas-a-municipios-con-mayor-violencia-en-el-pais\/#primaryimage","url":"https:\/\/www.nexoinformativo.mx\/wp-content\/uploads\/2024\/12\/IMG_8657-scaled-e1734529540232.jpg","contentUrl":"https:\/\/www.nexoinformativo.mx\/wp-content\/uploads\/2024\/12\/IMG_8657-scaled-e1734529540232.jpg","width":800,"height":533},{"@type":"BreadcrumbList","@id":"https:\/\/www.nexoinformativo.mx\/index.php\/2024\/12\/18\/gobierno-de-mexico-lleva-mas-de-100-programas-a-municipios-con-mayor-violencia-en-el-pais\/#breadcrumb","itemListElement":[{"@type":"ListItem","position":1,"name":"Inicio","item":"https:\/\/www.nexoinformativo.mx\/"},{"@type":"ListItem","position":2,"name":"Gobierno de M\u00e9xico lleva m\u00e1s de 100 programas a municipios con mayor violencia en el pa\u00eds"}]},{"@type":"WebSite","@id":"https:\/\/www.nexoinformativo.mx\/#website","url":"https:\/\/www.nexoinformativo.mx\/","name":"Nexo Informativo Santiago de Quer\u00e9taro","description":"Explora NexoInformativo y convi\u00e9rtete en parte de una comunidad que valora el conocimiento y la verdad. Tu nexoinformativo es tu puente hacia una comprensi\u00f3n m\u00e1s profunda del mundo que te rodea.","publisher":{"@id":"https:\/\/www.nexoinformativo.mx\/#organization"},"potentialAction":[{"@type":"SearchAction","target":{"@type":"EntryPoint","urlTemplate":"https:\/\/www.nexoinformativo.mx\/?s={search_term_string}"},"query-input":{"@type":"PropertyValueSpecification","valueRequired":true,"valueName":"search_term_string"}}],"inLanguage":"es"},{"@type":"Organization","@id":"https:\/\/www.nexoinformativo.mx\/#organization","name":"Nexo Informativo Santiago de Quer\u00e9taro","url":"https:\/\/www.nexoinformativo.mx\/","logo":{"@type":"ImageObject","inLanguage":"es","@id":"https:\/\/www.nexoinformativo.mx\/#\/schema\/logo\/image\/","url":"https:\/\/www.nexoinformativo.mx\/wp-content\/uploads\/2024\/07\/nexoi-trasparente-2.png","contentUrl":"https:\/\/www.nexoinformativo.mx\/wp-content\/uploads\/2024\/07\/nexoi-trasparente-2.png","width":816,"height":339,"caption":"Nexo Informativo Santiago de Quer\u00e9taro"},"image":{"@id":"https:\/\/www.nexoinformativo.mx\/#\/schema\/logo\/image\/"},"sameAs":["https:\/\/www.facebook.com\/people\/Nexo-Informativo\/61564066885511\/"]},{"@type":"Person","@id":"https:\/\/www.nexoinformativo.mx\/#\/schema\/person\/7749d380ba08c8ca00d7bc76fd907b7d","name":"Nexo Informativo","image":{"@type":"ImageObject","inLanguage":"es","@id":"https:\/\/www.nexoinformativo.mx\/#\/schema\/person\/image\/","url":"https:\/\/secure.gravatar.com\/avatar\/dde2928154642a13d95f87ddf1ea9718fe2b46760a005c53e41ff5ad610704e6?s=96&d=mm&r=g","contentUrl":"https:\/\/secure.gravatar.com\/avatar\/dde2928154642a13d95f87ddf1ea9718fe2b46760a005c53e41ff5ad610704e6?s=96&d=mm&r=g","caption":"Nexo Informativo"},"url":"https:\/\/www.nexoinformativo.mx\/index.php\/author\/edicion\/"}]}},"_links":{"self":[{"href":"https:\/\/www.nexoinformativo.mx\/index.php\/wp-json\/wp\/v2\/posts\/8406","targetHints":{"allow":["GET"]}}],"collection":[{"href":"https:\/\/www.nexoinformativo.mx\/index.php\/wp-json\/wp\/v2\/posts"}],"about":[{"href":"https:\/\/www.nexoinformativo.mx\/index.php\/wp-json\/wp\/v2\/types\/post"}],"author":[{"embeddable":true,"href":"https:\/\/www.nexoinformativo.mx\/index.php\/wp-json\/wp\/v2\/users\/3"}],"replies":[{"embeddable":true,"href":"https:\/\/www.nexoinformativo.mx\/index.php\/wp-json\/wp\/v2\/comments?post=8406"}],"version-history":[{"count":4,"href":"https:\/\/www.nexoinformativo.mx\/index.php\/wp-json\/wp\/v2\/posts\/8406\/revisions"}],"predecessor-version":[{"id":8410,"href":"https:\/\/www.nexoinformativo.mx\/index.php\/wp-json\/wp\/v2\/posts\/8406\/revisions\/8410"}],"wp:featuredmedia":[{"embeddable":true,"href":"https:\/\/www.nexoinformativo.mx\/index.php\/wp-json\/wp\/v2\/media\/8407"}],"wp:attachment":[{"href":"https:\/\/www.nexoinformativo.mx\/index.php\/wp-json\/wp\/v2\/media?parent=8406"}],"wp:term":[{"taxonomy":"category","embeddable":true,"href":"https:\/\/www.nexoinformativo.mx\/index.php\/wp-json\/wp\/v2\/categories?post=8406"},{"taxonomy":"post_tag","embeddable":true,"href":"https:\/\/www.nexoinformativo.mx\/index.php\/wp-json\/wp\/v2\/tags?post=8406"}],"curies":[{"name":"wp","href":"https:\/\/api.w.org\/{rel}","templated":true}]}}