{"id":8412,"date":"2024-12-18T06:30:21","date_gmt":"2024-12-18T12:30:21","guid":{"rendered":"https:\/\/www.nexoinformativo.mx\/?p=8412"},"modified":"2024-12-18T07:52:51","modified_gmt":"2024-12-18T13:52:51","slug":"mexico-a-la-vanguardia-iner-adquiere-equipo-unico-para-combatir-infecciones-con-tecnologia-de-punta","status":"publish","type":"post","link":"https:\/\/www.nexoinformativo.mx\/index.php\/2024\/12\/18\/mexico-a-la-vanguardia-iner-adquiere-equipo-unico-para-combatir-infecciones-con-tecnologia-de-punta\/","title":{"rendered":"M\u00e9xico a la vanguardia: INER adquiere equipo \u00fanico para combatir infecciones con tecnolog\u00eda de punta"},"content":{"rendered":"<p style=\"text-align: justify;\" data-sourcepos=\"11:1-11:329\"><strong>El Instituto Nacional de Enfermedades Respiratorias<\/strong> (INER) ha dado un gran salto en la lucha contra las enfermedades infecciosas.<\/p>\n<p>&nbsp;<\/p>\n<p style=\"text-align: justify;\" data-sourcepos=\"11:1-11:329\">Gracias a la adquisici\u00f3n de un equipo de diagn\u00f3stico con tecnolog\u00eda T2MR, el INER se convierte en la primera instituci\u00f3n p\u00fablica en M\u00e9xico y Latinoam\u00e9rica en contar con esta avanzada herramienta.<\/p>\n<p>&nbsp;<\/p>\n<p style=\"text-align: justify;\" data-sourcepos=\"13:1-13:372\">Este nuevo equipo permite identificar bacterias y hongos a trav\u00e9s de una simple muestra de sangre en tan solo 12 horas, lo que representa una reducci\u00f3n de m\u00e1s del 80% en el tiempo de diagn\u00f3stico.<\/p>\n<p>&nbsp;<\/p>\n<p style=\"text-align: justify;\" data-sourcepos=\"13:1-13:372\">Adem\u00e1s, al identificar con precisi\u00f3n el agente causante de la infecci\u00f3n, se pueden administrar los antibi\u00f3ticos adecuados, evitando as\u00ed el desarrollo de resistencia bacteriana.<\/p>\n<p>&nbsp;<\/p>\n<p style=\"text-align: justify;\" data-sourcepos=\"15:1-15:238\"><strong>&#8220;Esta tecnolog\u00eda es un gran avance para la salud p\u00fablica, ya que nos permitir\u00e1 ofrecer tratamientos m\u00e1s efectivos y personalizados a nuestros pacientes&#8221;<\/strong>, afirm\u00f3 la directora general del INER, Carmen Margarita Hern\u00e1ndez.<\/p>\n<p>&nbsp;<\/p>\n<p style=\"text-align: justify;\" data-sourcepos=\"17:1-17:204\">La resistencia a los antibi\u00f3ticos es una de las mayores amenazas para la salud mundial. Con este nuevo equipo, el INER contribuye a combatir este problema y a mejorar la calidad de vida de los pacientes.<\/p>\n<p>&nbsp;<\/p>\n<p style=\"text-align: justify;\" data-sourcepos=\"17:1-17:204\">Esta adquisici\u00f3n posiciona al INER como un referente en el diagn\u00f3stico de enfermedades infecciosas y demuestra su compromiso con la innovaci\u00f3n y la mejora continua.<\/p>\n<p>&nbsp;<\/p>\n<p style=\"text-align: center;\" data-sourcepos=\"17:1-17:204\"><em><strong>\u00a1Informaci\u00f3n que transforma!<\/strong><\/em><\/p>\n","protected":false},"excerpt":{"rendered":"<p>El Instituto Nacional de Enfermedades Respiratorias (INER) ha dado un gran salto en la lucha contra las enfermedades infecciosas.<\/p>\n","protected":false},"author":3,"featured_media":8413,"comment_status":"open","ping_status":"open","sticky":false,"template":"","format":"standard","meta":{"footnotes":""},"categories":[88,13,58],"tags":[2730,2308,139,2731],"class_list":["post-8412","post","type-post","status-publish","format-standard","has-post-thumbnail","hentry","category-nacional","category-tecnologia","category-ultima-hora","tag-iner","tag-resistenciaantimicrobiana","tag-salud","tag-tecnologiamedica"],"yoast_head":"<!-- This site is optimized with the Yoast SEO plugin v25.0 - https:\/\/yoast.com\/wordpress\/plugins\/seo\/ -->\n<title>M\u00e9xico a la vanguardia: INER adquiere equipo \u00fanico para combatir infecciones con tecnolog\u00eda de punta | Nexo Informativo Santiago de Quer\u00e9taro<\/title>\n<meta name=\"description\" content=\"M\u00e9xico a la vanguardia: INER adquiere equipo \u00fanico para combatir infecciones con tecnolog\u00eda de punta\" \/>\n<meta name=\"robots\" content=\"index, follow, max-snippet:-1, max-image-preview:large, max-video-preview:-1\" \/>\n<link rel=\"canonical\" href=\"https:\/\/www.nexoinformativo.mx\/index.php\/2024\/12\/18\/mexico-a-la-vanguardia-iner-adquiere-equipo-unico-para-combatir-infecciones-con-tecnologia-de-punta\/\" \/>\n<meta property=\"og:locale\" content=\"es_MX\" \/>\n<meta property=\"og:type\" content=\"article\" \/>\n<meta property=\"og:title\" content=\"M\u00e9xico a la vanguardia: INER adquiere equipo \u00fanico para combatir infecciones con tecnolog\u00eda de punta | Nexo Informativo Santiago de Quer\u00e9taro\" \/>\n<meta property=\"og:description\" content=\"M\u00e9xico a la vanguardia: INER adquiere equipo \u00fanico para combatir infecciones con tecnolog\u00eda de punta\" \/>\n<meta property=\"og:url\" content=\"https:\/\/www.nexoinformativo.mx\/index.php\/2024\/12\/18\/mexico-a-la-vanguardia-iner-adquiere-equipo-unico-para-combatir-infecciones-con-tecnologia-de-punta\/\" \/>\n<meta property=\"og:site_name\" content=\"Nexo Informativo Santiago de Quer\u00e9taro\" \/>\n<meta property=\"article:publisher\" content=\"https:\/\/www.facebook.com\/people\/Nexo-Informativo\/61564066885511\/\" \/>\n<meta property=\"article:published_time\" content=\"2024-12-18T12:30:21+00:00\" \/>\n<meta property=\"article:modified_time\" content=\"2024-12-18T13:52:51+00:00\" \/>\n<meta property=\"og:image\" content=\"https:\/\/www.nexoinformativo.mx\/wp-content\/uploads\/2024\/12\/pexels-pavel-danilyuk-8442105-e1734529917679.jpeg\" \/>\n\t<meta property=\"og:image:width\" content=\"800\" \/>\n\t<meta property=\"og:image:height\" content=\"534\" \/>\n\t<meta property=\"og:image:type\" content=\"image\/jpeg\" \/>\n<meta name=\"author\" content=\"Nexo Informativo\" \/>\n<meta name=\"twitter:card\" content=\"summary_large_image\" \/>\n<meta name=\"twitter:label1\" content=\"Escrito por\" \/>\n\t<meta name=\"twitter:data1\" content=\"Nexo Informativo\" \/>\n\t<meta name=\"twitter:label2\" content=\"Tiempo de lectura\" \/>\n\t<meta name=\"twitter:data2\" content=\"2 minutos\" \/>\n<script type=\"application\/ld+json\" class=\"yoast-schema-graph\">{\"@context\":\"https:\/\/schema.org\",\"@graph\":[{\"@type\":\"Article\",\"@id\":\"https:\/\/www.nexoinformativo.mx\/index.php\/2024\/12\/18\/mexico-a-la-vanguardia-iner-adquiere-equipo-unico-para-combatir-infecciones-con-tecnologia-de-punta\/#article\",\"isPartOf\":{\"@id\":\"https:\/\/www.nexoinformativo.mx\/index.php\/2024\/12\/18\/mexico-a-la-vanguardia-iner-adquiere-equipo-unico-para-combatir-infecciones-con-tecnologia-de-punta\/\"},\"author\":{\"name\":\"Nexo Informativo\",\"@id\":\"https:\/\/www.nexoinformativo.mx\/#\/schema\/person\/7749d380ba08c8ca00d7bc76fd907b7d\"},\"headline\":\"M\u00e9xico a la vanguardia: INER adquiere equipo \u00fanico para combatir infecciones con tecnolog\u00eda de punta\",\"datePublished\":\"2024-12-18T12:30:21+00:00\",\"dateModified\":\"2024-12-18T13:52:51+00:00\",\"mainEntityOfPage\":{\"@id\":\"https:\/\/www.nexoinformativo.mx\/index.php\/2024\/12\/18\/mexico-a-la-vanguardia-iner-adquiere-equipo-unico-para-combatir-infecciones-con-tecnologia-de-punta\/\"},\"wordCount\":252,\"commentCount\":0,\"publisher\":{\"@id\":\"https:\/\/www.nexoinformativo.mx\/#organization\"},\"image\":{\"@id\":\"https:\/\/www.nexoinformativo.mx\/index.php\/2024\/12\/18\/mexico-a-la-vanguardia-iner-adquiere-equipo-unico-para-combatir-infecciones-con-tecnologia-de-punta\/#primaryimage\"},\"thumbnailUrl\":\"https:\/\/www.nexoinformativo.mx\/wp-content\/uploads\/2024\/12\/pexels-pavel-danilyuk-8442105-e1734529917679.jpeg\",\"keywords\":[\"INER\",\"ResistenciaAntimicrobiana\",\"salud\",\"Tecnolog\u00edaM\u00e9dica\"],\"articleSection\":[\"Nacional\",\"Tecnolog\u00eda\",\"\u00daltima Hora\"],\"inLanguage\":\"es\",\"potentialAction\":[{\"@type\":\"CommentAction\",\"name\":\"Comment\",\"target\":[\"https:\/\/www.nexoinformativo.mx\/index.php\/2024\/12\/18\/mexico-a-la-vanguardia-iner-adquiere-equipo-unico-para-combatir-infecciones-con-tecnologia-de-punta\/#respond\"]}]},{\"@type\":\"WebPage\",\"@id\":\"https:\/\/www.nexoinformativo.mx\/index.php\/2024\/12\/18\/mexico-a-la-vanguardia-iner-adquiere-equipo-unico-para-combatir-infecciones-con-tecnologia-de-punta\/\",\"url\":\"https:\/\/www.nexoinformativo.mx\/index.php\/2024\/12\/18\/mexico-a-la-vanguardia-iner-adquiere-equipo-unico-para-combatir-infecciones-con-tecnologia-de-punta\/\",\"name\":\"M\u00e9xico a la vanguardia: INER adquiere equipo \u00fanico para combatir infecciones con tecnolog\u00eda de punta | Nexo Informativo Santiago de Quer\u00e9taro\",\"isPartOf\":{\"@id\":\"https:\/\/www.nexoinformativo.mx\/#website\"},\"primaryImageOfPage\":{\"@id\":\"https:\/\/www.nexoinformativo.mx\/index.php\/2024\/12\/18\/mexico-a-la-vanguardia-iner-adquiere-equipo-unico-para-combatir-infecciones-con-tecnologia-de-punta\/#primaryimage\"},\"image\":{\"@id\":\"https:\/\/www.nexoinformativo.mx\/index.php\/2024\/12\/18\/mexico-a-la-vanguardia-iner-adquiere-equipo-unico-para-combatir-infecciones-con-tecnologia-de-punta\/#primaryimage\"},\"thumbnailUrl\":\"https:\/\/www.nexoinformativo.mx\/wp-content\/uploads\/2024\/12\/pexels-pavel-danilyuk-8442105-e1734529917679.jpeg\",\"datePublished\":\"2024-12-18T12:30:21+00:00\",\"dateModified\":\"2024-12-18T13:52:51+00:00\",\"description\":\"M\u00e9xico a la vanguardia: INER adquiere equipo \u00fanico para combatir infecciones con tecnolog\u00eda de punta\",\"breadcrumb\":{\"@id\":\"https:\/\/www.nexoinformativo.mx\/index.php\/2024\/12\/18\/mexico-a-la-vanguardia-iner-adquiere-equipo-unico-para-combatir-infecciones-con-tecnologia-de-punta\/#breadcrumb\"},\"inLanguage\":\"es\",\"potentialAction\":[{\"@type\":\"ReadAction\",\"target\":[\"https:\/\/www.nexoinformativo.mx\/index.php\/2024\/12\/18\/mexico-a-la-vanguardia-iner-adquiere-equipo-unico-para-combatir-infecciones-con-tecnologia-de-punta\/\"]}]},{\"@type\":\"ImageObject\",\"inLanguage\":\"es\",\"@id\":\"https:\/\/www.nexoinformativo.mx\/index.php\/2024\/12\/18\/mexico-a-la-vanguardia-iner-adquiere-equipo-unico-para-combatir-infecciones-con-tecnologia-de-punta\/#primaryimage\",\"url\":\"https:\/\/www.nexoinformativo.mx\/wp-content\/uploads\/2024\/12\/pexels-pavel-danilyuk-8442105-e1734529917679.jpeg\",\"contentUrl\":\"https:\/\/www.nexoinformativo.mx\/wp-content\/uploads\/2024\/12\/pexels-pavel-danilyuk-8442105-e1734529917679.jpeg\",\"width\":800,\"height\":534},{\"@type\":\"BreadcrumbList\",\"@id\":\"https:\/\/www.nexoinformativo.mx\/index.php\/2024\/12\/18\/mexico-a-la-vanguardia-iner-adquiere-equipo-unico-para-combatir-infecciones-con-tecnologia-de-punta\/#breadcrumb\",\"itemListElement\":[{\"@type\":\"ListItem\",\"position\":1,\"name\":\"Inicio\",\"item\":\"https:\/\/www.nexoinformativo.mx\/\"},{\"@type\":\"ListItem\",\"position\":2,\"name\":\"M\u00e9xico a la vanguardia: INER adquiere equipo \u00fanico para combatir infecciones con tecnolog\u00eda de punta\"}]},{\"@type\":\"WebSite\",\"@id\":\"https:\/\/www.nexoinformativo.mx\/#website\",\"url\":\"https:\/\/www.nexoinformativo.mx\/\",\"name\":\"Nexo Informativo Santiago de Quer\u00e9taro\",\"description\":\"Explora NexoInformativo y convi\u00e9rtete en parte de una comunidad que valora el conocimiento y la verdad. Tu nexoinformativo es tu puente hacia una comprensi\u00f3n m\u00e1s profunda del mundo que te rodea.\",\"publisher\":{\"@id\":\"https:\/\/www.nexoinformativo.mx\/#organization\"},\"potentialAction\":[{\"@type\":\"SearchAction\",\"target\":{\"@type\":\"EntryPoint\",\"urlTemplate\":\"https:\/\/www.nexoinformativo.mx\/?s={search_term_string}\"},\"query-input\":{\"@type\":\"PropertyValueSpecification\",\"valueRequired\":true,\"valueName\":\"search_term_string\"}}],\"inLanguage\":\"es\"},{\"@type\":\"Organization\",\"@id\":\"https:\/\/www.nexoinformativo.mx\/#organization\",\"name\":\"Nexo Informativo Santiago de Quer\u00e9taro\",\"url\":\"https:\/\/www.nexoinformativo.mx\/\",\"logo\":{\"@type\":\"ImageObject\",\"inLanguage\":\"es\",\"@id\":\"https:\/\/www.nexoinformativo.mx\/#\/schema\/logo\/image\/\",\"url\":\"https:\/\/www.nexoinformativo.mx\/wp-content\/uploads\/2024\/07\/nexoi-trasparente-2.png\",\"contentUrl\":\"https:\/\/www.nexoinformativo.mx\/wp-content\/uploads\/2024\/07\/nexoi-trasparente-2.png\",\"width\":816,\"height\":339,\"caption\":\"Nexo Informativo Santiago de Quer\u00e9taro\"},\"image\":{\"@id\":\"https:\/\/www.nexoinformativo.mx\/#\/schema\/logo\/image\/\"},\"sameAs\":[\"https:\/\/www.facebook.com\/people\/Nexo-Informativo\/61564066885511\/\"]},{\"@type\":\"Person\",\"@id\":\"https:\/\/www.nexoinformativo.mx\/#\/schema\/person\/7749d380ba08c8ca00d7bc76fd907b7d\",\"name\":\"Nexo Informativo\",\"image\":{\"@type\":\"ImageObject\",\"inLanguage\":\"es\",\"@id\":\"https:\/\/www.nexoinformativo.mx\/#\/schema\/person\/image\/\",\"url\":\"https:\/\/secure.gravatar.com\/avatar\/dde2928154642a13d95f87ddf1ea9718fe2b46760a005c53e41ff5ad610704e6?s=96&d=mm&r=g\",\"contentUrl\":\"https:\/\/secure.gravatar.com\/avatar\/dde2928154642a13d95f87ddf1ea9718fe2b46760a005c53e41ff5ad610704e6?s=96&d=mm&r=g\",\"caption\":\"Nexo Informativo\"},\"url\":\"https:\/\/www.nexoinformativo.mx\/index.php\/author\/edicion\/\"}]}<\/script>\n<!-- \/ Yoast SEO plugin. -->","yoast_head_json":{"title":"M\u00e9xico a la vanguardia: INER adquiere equipo \u00fanico para combatir infecciones con tecnolog\u00eda de punta | Nexo Informativo Santiago de Quer\u00e9taro","description":"M\u00e9xico a la vanguardia: INER adquiere equipo \u00fanico para combatir infecciones con tecnolog\u00eda de punta","robots":{"index":"index","follow":"follow","max-snippet":"max-snippet:-1","max-image-preview":"max-image-preview:large","max-video-preview":"max-video-preview:-1"},"canonical":"https:\/\/www.nexoinformativo.mx\/index.php\/2024\/12\/18\/mexico-a-la-vanguardia-iner-adquiere-equipo-unico-para-combatir-infecciones-con-tecnologia-de-punta\/","og_locale":"es_MX","og_type":"article","og_title":"M\u00e9xico a la vanguardia: INER adquiere equipo \u00fanico para combatir infecciones con tecnolog\u00eda de punta | Nexo Informativo Santiago de Quer\u00e9taro","og_description":"M\u00e9xico a la vanguardia: INER adquiere equipo \u00fanico para combatir infecciones con tecnolog\u00eda de punta","og_url":"https:\/\/www.nexoinformativo.mx\/index.php\/2024\/12\/18\/mexico-a-la-vanguardia-iner-adquiere-equipo-unico-para-combatir-infecciones-con-tecnologia-de-punta\/","og_site_name":"Nexo Informativo Santiago de Quer\u00e9taro","article_publisher":"https:\/\/www.facebook.com\/people\/Nexo-Informativo\/61564066885511\/","article_published_time":"2024-12-18T12:30:21+00:00","article_modified_time":"2024-12-18T13:52:51+00:00","og_image":[{"width":800,"height":534,"url":"https:\/\/www.nexoinformativo.mx\/wp-content\/uploads\/2024\/12\/pexels-pavel-danilyuk-8442105-e1734529917679.jpeg","type":"image\/jpeg"}],"author":"Nexo Informativo","twitter_card":"summary_large_image","twitter_misc":{"Escrito por":"Nexo Informativo","Tiempo de lectura":"2 minutos"},"schema":{"@context":"https:\/\/schema.org","@graph":[{"@type":"Article","@id":"https:\/\/www.nexoinformativo.mx\/index.php\/2024\/12\/18\/mexico-a-la-vanguardia-iner-adquiere-equipo-unico-para-combatir-infecciones-con-tecnologia-de-punta\/#article","isPartOf":{"@id":"https:\/\/www.nexoinformativo.mx\/index.php\/2024\/12\/18\/mexico-a-la-vanguardia-iner-adquiere-equipo-unico-para-combatir-infecciones-con-tecnologia-de-punta\/"},"author":{"name":"Nexo Informativo","@id":"https:\/\/www.nexoinformativo.mx\/#\/schema\/person\/7749d380ba08c8ca00d7bc76fd907b7d"},"headline":"M\u00e9xico a la vanguardia: INER adquiere equipo \u00fanico para combatir infecciones con tecnolog\u00eda de punta","datePublished":"2024-12-18T12:30:21+00:00","dateModified":"2024-12-18T13:52:51+00:00","mainEntityOfPage":{"@id":"https:\/\/www.nexoinformativo.mx\/index.php\/2024\/12\/18\/mexico-a-la-vanguardia-iner-adquiere-equipo-unico-para-combatir-infecciones-con-tecnologia-de-punta\/"},"wordCount":252,"commentCount":0,"publisher":{"@id":"https:\/\/www.nexoinformativo.mx\/#organization"},"image":{"@id":"https:\/\/www.nexoinformativo.mx\/index.php\/2024\/12\/18\/mexico-a-la-vanguardia-iner-adquiere-equipo-unico-para-combatir-infecciones-con-tecnologia-de-punta\/#primaryimage"},"thumbnailUrl":"https:\/\/www.nexoinformativo.mx\/wp-content\/uploads\/2024\/12\/pexels-pavel-danilyuk-8442105-e1734529917679.jpeg","keywords":["INER","ResistenciaAntimicrobiana","salud","Tecnolog\u00edaM\u00e9dica"],"articleSection":["Nacional","Tecnolog\u00eda","\u00daltima Hora"],"inLanguage":"es","potentialAction":[{"@type":"CommentAction","name":"Comment","target":["https:\/\/www.nexoinformativo.mx\/index.php\/2024\/12\/18\/mexico-a-la-vanguardia-iner-adquiere-equipo-unico-para-combatir-infecciones-con-tecnologia-de-punta\/#respond"]}]},{"@type":"WebPage","@id":"https:\/\/www.nexoinformativo.mx\/index.php\/2024\/12\/18\/mexico-a-la-vanguardia-iner-adquiere-equipo-unico-para-combatir-infecciones-con-tecnologia-de-punta\/","url":"https:\/\/www.nexoinformativo.mx\/index.php\/2024\/12\/18\/mexico-a-la-vanguardia-iner-adquiere-equipo-unico-para-combatir-infecciones-con-tecnologia-de-punta\/","name":"M\u00e9xico a la vanguardia: INER adquiere equipo \u00fanico para combatir infecciones con tecnolog\u00eda de punta | Nexo Informativo Santiago de Quer\u00e9taro","isPartOf":{"@id":"https:\/\/www.nexoinformativo.mx\/#website"},"primaryImageOfPage":{"@id":"https:\/\/www.nexoinformativo.mx\/index.php\/2024\/12\/18\/mexico-a-la-vanguardia-iner-adquiere-equipo-unico-para-combatir-infecciones-con-tecnologia-de-punta\/#primaryimage"},"image":{"@id":"https:\/\/www.nexoinformativo.mx\/index.php\/2024\/12\/18\/mexico-a-la-vanguardia-iner-adquiere-equipo-unico-para-combatir-infecciones-con-tecnologia-de-punta\/#primaryimage"},"thumbnailUrl":"https:\/\/www.nexoinformativo.mx\/wp-content\/uploads\/2024\/12\/pexels-pavel-danilyuk-8442105-e1734529917679.jpeg","datePublished":"2024-12-18T12:30:21+00:00","dateModified":"2024-12-18T13:52:51+00:00","description":"M\u00e9xico a la vanguardia: INER adquiere equipo \u00fanico para combatir infecciones con tecnolog\u00eda de punta","breadcrumb":{"@id":"https:\/\/www.nexoinformativo.mx\/index.php\/2024\/12\/18\/mexico-a-la-vanguardia-iner-adquiere-equipo-unico-para-combatir-infecciones-con-tecnologia-de-punta\/#breadcrumb"},"inLanguage":"es","potentialAction":[{"@type":"ReadAction","target":["https:\/\/www.nexoinformativo.mx\/index.php\/2024\/12\/18\/mexico-a-la-vanguardia-iner-adquiere-equipo-unico-para-combatir-infecciones-con-tecnologia-de-punta\/"]}]},{"@type":"ImageObject","inLanguage":"es","@id":"https:\/\/www.nexoinformativo.mx\/index.php\/2024\/12\/18\/mexico-a-la-vanguardia-iner-adquiere-equipo-unico-para-combatir-infecciones-con-tecnologia-de-punta\/#primaryimage","url":"https:\/\/www.nexoinformativo.mx\/wp-content\/uploads\/2024\/12\/pexels-pavel-danilyuk-8442105-e1734529917679.jpeg","contentUrl":"https:\/\/www.nexoinformativo.mx\/wp-content\/uploads\/2024\/12\/pexels-pavel-danilyuk-8442105-e1734529917679.jpeg","width":800,"height":534},{"@type":"BreadcrumbList","@id":"https:\/\/www.nexoinformativo.mx\/index.php\/2024\/12\/18\/mexico-a-la-vanguardia-iner-adquiere-equipo-unico-para-combatir-infecciones-con-tecnologia-de-punta\/#breadcrumb","itemListElement":[{"@type":"ListItem","position":1,"name":"Inicio","item":"https:\/\/www.nexoinformativo.mx\/"},{"@type":"ListItem","position":2,"name":"M\u00e9xico a la vanguardia: INER adquiere equipo \u00fanico para combatir infecciones con tecnolog\u00eda de punta"}]},{"@type":"WebSite","@id":"https:\/\/www.nexoinformativo.mx\/#website","url":"https:\/\/www.nexoinformativo.mx\/","name":"Nexo Informativo Santiago de Quer\u00e9taro","description":"Explora NexoInformativo y convi\u00e9rtete en parte de una comunidad que valora el conocimiento y la verdad. Tu nexoinformativo es tu puente hacia una comprensi\u00f3n m\u00e1s profunda del mundo que te rodea.","publisher":{"@id":"https:\/\/www.nexoinformativo.mx\/#organization"},"potentialAction":[{"@type":"SearchAction","target":{"@type":"EntryPoint","urlTemplate":"https:\/\/www.nexoinformativo.mx\/?s={search_term_string}"},"query-input":{"@type":"PropertyValueSpecification","valueRequired":true,"valueName":"search_term_string"}}],"inLanguage":"es"},{"@type":"Organization","@id":"https:\/\/www.nexoinformativo.mx\/#organization","name":"Nexo Informativo Santiago de Quer\u00e9taro","url":"https:\/\/www.nexoinformativo.mx\/","logo":{"@type":"ImageObject","inLanguage":"es","@id":"https:\/\/www.nexoinformativo.mx\/#\/schema\/logo\/image\/","url":"https:\/\/www.nexoinformativo.mx\/wp-content\/uploads\/2024\/07\/nexoi-trasparente-2.png","contentUrl":"https:\/\/www.nexoinformativo.mx\/wp-content\/uploads\/2024\/07\/nexoi-trasparente-2.png","width":816,"height":339,"caption":"Nexo Informativo Santiago de Quer\u00e9taro"},"image":{"@id":"https:\/\/www.nexoinformativo.mx\/#\/schema\/logo\/image\/"},"sameAs":["https:\/\/www.facebook.com\/people\/Nexo-Informativo\/61564066885511\/"]},{"@type":"Person","@id":"https:\/\/www.nexoinformativo.mx\/#\/schema\/person\/7749d380ba08c8ca00d7bc76fd907b7d","name":"Nexo Informativo","image":{"@type":"ImageObject","inLanguage":"es","@id":"https:\/\/www.nexoinformativo.mx\/#\/schema\/person\/image\/","url":"https:\/\/secure.gravatar.com\/avatar\/dde2928154642a13d95f87ddf1ea9718fe2b46760a005c53e41ff5ad610704e6?s=96&d=mm&r=g","contentUrl":"https:\/\/secure.gravatar.com\/avatar\/dde2928154642a13d95f87ddf1ea9718fe2b46760a005c53e41ff5ad610704e6?s=96&d=mm&r=g","caption":"Nexo Informativo"},"url":"https:\/\/www.nexoinformativo.mx\/index.php\/author\/edicion\/"}]}},"_links":{"self":[{"href":"https:\/\/www.nexoinformativo.mx\/index.php\/wp-json\/wp\/v2\/posts\/8412","targetHints":{"allow":["GET"]}}],"collection":[{"href":"https:\/\/www.nexoinformativo.mx\/index.php\/wp-json\/wp\/v2\/posts"}],"about":[{"href":"https:\/\/www.nexoinformativo.mx\/index.php\/wp-json\/wp\/v2\/types\/post"}],"author":[{"embeddable":true,"href":"https:\/\/www.nexoinformativo.mx\/index.php\/wp-json\/wp\/v2\/users\/3"}],"replies":[{"embeddable":true,"href":"https:\/\/www.nexoinformativo.mx\/index.php\/wp-json\/wp\/v2\/comments?post=8412"}],"version-history":[{"count":3,"href":"https:\/\/www.nexoinformativo.mx\/index.php\/wp-json\/wp\/v2\/posts\/8412\/revisions"}],"predecessor-version":[{"id":8416,"href":"https:\/\/www.nexoinformativo.mx\/index.php\/wp-json\/wp\/v2\/posts\/8412\/revisions\/8416"}],"wp:featuredmedia":[{"embeddable":true,"href":"https:\/\/www.nexoinformativo.mx\/index.php\/wp-json\/wp\/v2\/media\/8413"}],"wp:attachment":[{"href":"https:\/\/www.nexoinformativo.mx\/index.php\/wp-json\/wp\/v2\/media?parent=8412"}],"wp:term":[{"taxonomy":"category","embeddable":true,"href":"https:\/\/www.nexoinformativo.mx\/index.php\/wp-json\/wp\/v2\/categories?post=8412"},{"taxonomy":"post_tag","embeddable":true,"href":"https:\/\/www.nexoinformativo.mx\/index.php\/wp-json\/wp\/v2\/tags?post=8412"}],"curies":[{"name":"wp","href":"https:\/\/api.w.org\/{rel}","templated":true}]}}