{"id":8417,"date":"2024-12-18T06:45:12","date_gmt":"2024-12-18T12:45:12","guid":{"rendered":"https:\/\/www.nexoinformativo.mx\/?p=8417"},"modified":"2024-12-18T07:57:38","modified_gmt":"2024-12-18T13:57:38","slug":"mexico-rompe-record-de-turistas-internacionales-en-el-primer-mes-de-gobierno-de-sheinbaum","status":"publish","type":"post","link":"https:\/\/www.nexoinformativo.mx\/index.php\/2024\/12\/18\/mexico-rompe-record-de-turistas-internacionales-en-el-primer-mes-de-gobierno-de-sheinbaum\/","title":{"rendered":"M\u00e9xico rompe r\u00e9cord de turistas internacionales en el primer mes de gobierno de Sheinbaum"},"content":{"rendered":"<p style=\"text-align: justify;\" data-sourcepos=\"11:1-11:380\">M\u00e9xico inici\u00f3 la administraci\u00f3n de la presidenta Claudia Sheinbaum con un fuerte impulso al sector tur\u00edstico.<\/p>\n<p>&nbsp;<\/p>\n<p style=\"text-align: justify;\" data-sourcepos=\"11:1-11:380\">De acuerdo con datos del<strong> Instituto Nacional de Estad\u00edstica y Geograf\u00eda<\/strong> (INEGI), nuestro pa\u00eds recibi\u00f3 a 3.7 millones de turistas internacionales durante el mes de octubre, lo que representa un incremento del 15.9% en comparaci\u00f3n con el mismo periodo del a\u00f1o anterior.<\/p>\n<p>&nbsp;<\/p>\n<p style=\"text-align: justify;\" data-sourcepos=\"13:1-13:227\">La secretaria de Turismo, Josefina Rodr\u00edguez, destac\u00f3 que este crecimiento se traduce en una derrama econ\u00f3mica superior a los mil 980 millones de d\u00f3lares, lo que representa un aumento del 6.8% respecto a octubre de 2023.<\/p>\n<p>&nbsp;<\/p>\n<p style=\"text-align: justify;\" data-sourcepos=\"15:1-15:309\"><strong>&#8220;Estos resultados son muy alentadores y demuestran el gran potencial tur\u00edstico de nuestro pa\u00eds&#8221;<\/strong>, afirm\u00f3 la secretaria.<\/p>\n<p>&nbsp;<\/p>\n<p style=\"text-align: justify;\" data-sourcepos=\"15:1-15:309\">&#8220;Estamos trabajando arduamente para consolidar a M\u00e9xico como uno de los destinos m\u00e1s atractivos del mundo y para generar mayores beneficios para las comunidades locales&#8221;.<\/p>\n<p>&nbsp;<\/p>\n<p style=\"text-align: justify;\" data-sourcepos=\"17:1-17:195\">La funcionaria destac\u00f3 el compromiso del gobierno de impulsar el turismo comunitario, una iniciativa que busca promover el desarrollo de las comunidades y la preservaci\u00f3n del patrimonio cultural.<\/p>\n<p>&nbsp;<\/p>\n<p style=\"text-align: center;\" data-sourcepos=\"17:1-17:195\"><em><strong>\u00a1Informaci\u00f3n que transforma!<\/strong><\/em><\/p>\n","protected":false},"excerpt":{"rendered":"<p>De acuerdo con datos del Instituto Nacional de Estad\u00edstica y Geograf\u00eda (INEGI), nuestro pa\u00eds recibi\u00f3 a 3.7 millones de turistas internacionales durante el mes de octubre, lo que representa un incremento del 15.9% en comparaci\u00f3n con el mismo periodo del a\u00f1o anterior.<\/p>\n","protected":false},"author":3,"featured_media":8418,"comment_status":"open","ping_status":"open","sticky":false,"template":"","format":"standard","meta":{"footnotes":""},"categories":[5,88,58],"tags":[967,2732,2608,619],"class_list":["post-8417","post","type-post","status-publish","format-standard","has-post-thumbnail","hentry","category-economia","category-nacional","category-ultima-hora","tag-claudiasheinbaum","tag-recorddeturistas","tag-sectorturistico","tag-turismoenmexico"],"yoast_head":"<!-- This site is optimized with the Yoast SEO plugin v25.0 - https:\/\/yoast.com\/wordpress\/plugins\/seo\/ -->\n<title>M\u00e9xico rompe r\u00e9cord de turistas internacionales en el primer mes de gobierno de Sheinbaum | Nexo Informativo Santiago de Quer\u00e9taro<\/title>\n<meta name=\"description\" content=\"M\u00e9xico rompe r\u00e9cord de turistas internacionales en el primer mes de gobierno de Sheinbaum\" \/>\n<meta name=\"robots\" content=\"index, follow, max-snippet:-1, max-image-preview:large, max-video-preview:-1\" \/>\n<link rel=\"canonical\" href=\"https:\/\/www.nexoinformativo.mx\/index.php\/2024\/12\/18\/mexico-rompe-record-de-turistas-internacionales-en-el-primer-mes-de-gobierno-de-sheinbaum\/\" \/>\n<meta property=\"og:locale\" content=\"es_MX\" \/>\n<meta property=\"og:type\" content=\"article\" \/>\n<meta property=\"og:title\" content=\"M\u00e9xico rompe r\u00e9cord de turistas internacionales en el primer mes de gobierno de Sheinbaum | Nexo Informativo Santiago de Quer\u00e9taro\" \/>\n<meta property=\"og:description\" content=\"M\u00e9xico rompe r\u00e9cord de turistas internacionales en el primer mes de gobierno de Sheinbaum\" \/>\n<meta property=\"og:url\" content=\"https:\/\/www.nexoinformativo.mx\/index.php\/2024\/12\/18\/mexico-rompe-record-de-turistas-internacionales-en-el-primer-mes-de-gobierno-de-sheinbaum\/\" \/>\n<meta property=\"og:site_name\" content=\"Nexo Informativo Santiago de Quer\u00e9taro\" \/>\n<meta property=\"article:publisher\" content=\"https:\/\/www.facebook.com\/people\/Nexo-Informativo\/61564066885511\/\" \/>\n<meta property=\"article:published_time\" content=\"2024-12-18T12:45:12+00:00\" \/>\n<meta property=\"article:modified_time\" content=\"2024-12-18T13:57:38+00:00\" \/>\n<meta property=\"og:image\" content=\"https:\/\/www.nexoinformativo.mx\/wp-content\/uploads\/2024\/12\/IMG_8660.jpg\" \/>\n\t<meta property=\"og:image:width\" content=\"650\" \/>\n\t<meta property=\"og:image:height\" content=\"380\" \/>\n\t<meta property=\"og:image:type\" content=\"image\/jpeg\" \/>\n<meta name=\"author\" content=\"Nexo Informativo\" \/>\n<meta name=\"twitter:card\" content=\"summary_large_image\" \/>\n<meta name=\"twitter:label1\" content=\"Escrito por\" \/>\n\t<meta name=\"twitter:data1\" content=\"Nexo Informativo\" \/>\n\t<meta name=\"twitter:label2\" content=\"Tiempo de lectura\" \/>\n\t<meta name=\"twitter:data2\" content=\"1 minuto\" \/>\n<script type=\"application\/ld+json\" class=\"yoast-schema-graph\">{\"@context\":\"https:\/\/schema.org\",\"@graph\":[{\"@type\":\"Article\",\"@id\":\"https:\/\/www.nexoinformativo.mx\/index.php\/2024\/12\/18\/mexico-rompe-record-de-turistas-internacionales-en-el-primer-mes-de-gobierno-de-sheinbaum\/#article\",\"isPartOf\":{\"@id\":\"https:\/\/www.nexoinformativo.mx\/index.php\/2024\/12\/18\/mexico-rompe-record-de-turistas-internacionales-en-el-primer-mes-de-gobierno-de-sheinbaum\/\"},\"author\":{\"name\":\"Nexo Informativo\",\"@id\":\"https:\/\/www.nexoinformativo.mx\/#\/schema\/person\/7749d380ba08c8ca00d7bc76fd907b7d\"},\"headline\":\"M\u00e9xico rompe r\u00e9cord de turistas internacionales en el primer mes de gobierno de Sheinbaum\",\"datePublished\":\"2024-12-18T12:45:12+00:00\",\"dateModified\":\"2024-12-18T13:57:38+00:00\",\"mainEntityOfPage\":{\"@id\":\"https:\/\/www.nexoinformativo.mx\/index.php\/2024\/12\/18\/mexico-rompe-record-de-turistas-internacionales-en-el-primer-mes-de-gobierno-de-sheinbaum\/\"},\"wordCount\":201,\"commentCount\":0,\"publisher\":{\"@id\":\"https:\/\/www.nexoinformativo.mx\/#organization\"},\"image\":{\"@id\":\"https:\/\/www.nexoinformativo.mx\/index.php\/2024\/12\/18\/mexico-rompe-record-de-turistas-internacionales-en-el-primer-mes-de-gobierno-de-sheinbaum\/#primaryimage\"},\"thumbnailUrl\":\"https:\/\/www.nexoinformativo.mx\/wp-content\/uploads\/2024\/12\/IMG_8660.jpg\",\"keywords\":[\"ClaudiaSheinbaum\",\"R\u00e9cordDeTuristas\",\"SectorTur\u00edstico\",\"TurismoEnM\u00e9xico\"],\"articleSection\":[\"Econom\u00eda\",\"Nacional\",\"\u00daltima Hora\"],\"inLanguage\":\"es\",\"potentialAction\":[{\"@type\":\"CommentAction\",\"name\":\"Comment\",\"target\":[\"https:\/\/www.nexoinformativo.mx\/index.php\/2024\/12\/18\/mexico-rompe-record-de-turistas-internacionales-en-el-primer-mes-de-gobierno-de-sheinbaum\/#respond\"]}]},{\"@type\":\"WebPage\",\"@id\":\"https:\/\/www.nexoinformativo.mx\/index.php\/2024\/12\/18\/mexico-rompe-record-de-turistas-internacionales-en-el-primer-mes-de-gobierno-de-sheinbaum\/\",\"url\":\"https:\/\/www.nexoinformativo.mx\/index.php\/2024\/12\/18\/mexico-rompe-record-de-turistas-internacionales-en-el-primer-mes-de-gobierno-de-sheinbaum\/\",\"name\":\"M\u00e9xico rompe r\u00e9cord de turistas internacionales en el primer mes de gobierno de Sheinbaum | Nexo Informativo Santiago de Quer\u00e9taro\",\"isPartOf\":{\"@id\":\"https:\/\/www.nexoinformativo.mx\/#website\"},\"primaryImageOfPage\":{\"@id\":\"https:\/\/www.nexoinformativo.mx\/index.php\/2024\/12\/18\/mexico-rompe-record-de-turistas-internacionales-en-el-primer-mes-de-gobierno-de-sheinbaum\/#primaryimage\"},\"image\":{\"@id\":\"https:\/\/www.nexoinformativo.mx\/index.php\/2024\/12\/18\/mexico-rompe-record-de-turistas-internacionales-en-el-primer-mes-de-gobierno-de-sheinbaum\/#primaryimage\"},\"thumbnailUrl\":\"https:\/\/www.nexoinformativo.mx\/wp-content\/uploads\/2024\/12\/IMG_8660.jpg\",\"datePublished\":\"2024-12-18T12:45:12+00:00\",\"dateModified\":\"2024-12-18T13:57:38+00:00\",\"description\":\"M\u00e9xico rompe r\u00e9cord de turistas internacionales en el primer mes de gobierno de Sheinbaum\",\"breadcrumb\":{\"@id\":\"https:\/\/www.nexoinformativo.mx\/index.php\/2024\/12\/18\/mexico-rompe-record-de-turistas-internacionales-en-el-primer-mes-de-gobierno-de-sheinbaum\/#breadcrumb\"},\"inLanguage\":\"es\",\"potentialAction\":[{\"@type\":\"ReadAction\",\"target\":[\"https:\/\/www.nexoinformativo.mx\/index.php\/2024\/12\/18\/mexico-rompe-record-de-turistas-internacionales-en-el-primer-mes-de-gobierno-de-sheinbaum\/\"]}]},{\"@type\":\"ImageObject\",\"inLanguage\":\"es\",\"@id\":\"https:\/\/www.nexoinformativo.mx\/index.php\/2024\/12\/18\/mexico-rompe-record-de-turistas-internacionales-en-el-primer-mes-de-gobierno-de-sheinbaum\/#primaryimage\",\"url\":\"https:\/\/www.nexoinformativo.mx\/wp-content\/uploads\/2024\/12\/IMG_8660.jpg\",\"contentUrl\":\"https:\/\/www.nexoinformativo.mx\/wp-content\/uploads\/2024\/12\/IMG_8660.jpg\",\"width\":650,\"height\":380},{\"@type\":\"BreadcrumbList\",\"@id\":\"https:\/\/www.nexoinformativo.mx\/index.php\/2024\/12\/18\/mexico-rompe-record-de-turistas-internacionales-en-el-primer-mes-de-gobierno-de-sheinbaum\/#breadcrumb\",\"itemListElement\":[{\"@type\":\"ListItem\",\"position\":1,\"name\":\"Inicio\",\"item\":\"https:\/\/www.nexoinformativo.mx\/\"},{\"@type\":\"ListItem\",\"position\":2,\"name\":\"M\u00e9xico rompe r\u00e9cord de turistas internacionales en el primer mes de gobierno de Sheinbaum\"}]},{\"@type\":\"WebSite\",\"@id\":\"https:\/\/www.nexoinformativo.mx\/#website\",\"url\":\"https:\/\/www.nexoinformativo.mx\/\",\"name\":\"Nexo Informativo Santiago de Quer\u00e9taro\",\"description\":\"Explora NexoInformativo y convi\u00e9rtete en parte de una comunidad que valora el conocimiento y la verdad. Tu nexoinformativo es tu puente hacia una comprensi\u00f3n m\u00e1s profunda del mundo que te rodea.\",\"publisher\":{\"@id\":\"https:\/\/www.nexoinformativo.mx\/#organization\"},\"potentialAction\":[{\"@type\":\"SearchAction\",\"target\":{\"@type\":\"EntryPoint\",\"urlTemplate\":\"https:\/\/www.nexoinformativo.mx\/?s={search_term_string}\"},\"query-input\":{\"@type\":\"PropertyValueSpecification\",\"valueRequired\":true,\"valueName\":\"search_term_string\"}}],\"inLanguage\":\"es\"},{\"@type\":\"Organization\",\"@id\":\"https:\/\/www.nexoinformativo.mx\/#organization\",\"name\":\"Nexo Informativo Santiago de Quer\u00e9taro\",\"url\":\"https:\/\/www.nexoinformativo.mx\/\",\"logo\":{\"@type\":\"ImageObject\",\"inLanguage\":\"es\",\"@id\":\"https:\/\/www.nexoinformativo.mx\/#\/schema\/logo\/image\/\",\"url\":\"https:\/\/www.nexoinformativo.mx\/wp-content\/uploads\/2024\/07\/nexoi-trasparente-2.png\",\"contentUrl\":\"https:\/\/www.nexoinformativo.mx\/wp-content\/uploads\/2024\/07\/nexoi-trasparente-2.png\",\"width\":816,\"height\":339,\"caption\":\"Nexo Informativo Santiago de Quer\u00e9taro\"},\"image\":{\"@id\":\"https:\/\/www.nexoinformativo.mx\/#\/schema\/logo\/image\/\"},\"sameAs\":[\"https:\/\/www.facebook.com\/people\/Nexo-Informativo\/61564066885511\/\"]},{\"@type\":\"Person\",\"@id\":\"https:\/\/www.nexoinformativo.mx\/#\/schema\/person\/7749d380ba08c8ca00d7bc76fd907b7d\",\"name\":\"Nexo Informativo\",\"image\":{\"@type\":\"ImageObject\",\"inLanguage\":\"es\",\"@id\":\"https:\/\/www.nexoinformativo.mx\/#\/schema\/person\/image\/\",\"url\":\"https:\/\/secure.gravatar.com\/avatar\/dde2928154642a13d95f87ddf1ea9718fe2b46760a005c53e41ff5ad610704e6?s=96&d=mm&r=g\",\"contentUrl\":\"https:\/\/secure.gravatar.com\/avatar\/dde2928154642a13d95f87ddf1ea9718fe2b46760a005c53e41ff5ad610704e6?s=96&d=mm&r=g\",\"caption\":\"Nexo Informativo\"},\"url\":\"https:\/\/www.nexoinformativo.mx\/index.php\/author\/edicion\/\"}]}<\/script>\n<!-- \/ Yoast SEO plugin. -->","yoast_head_json":{"title":"M\u00e9xico rompe r\u00e9cord de turistas internacionales en el primer mes de gobierno de Sheinbaum | Nexo Informativo Santiago de Quer\u00e9taro","description":"M\u00e9xico rompe r\u00e9cord de turistas internacionales en el primer mes de gobierno de Sheinbaum","robots":{"index":"index","follow":"follow","max-snippet":"max-snippet:-1","max-image-preview":"max-image-preview:large","max-video-preview":"max-video-preview:-1"},"canonical":"https:\/\/www.nexoinformativo.mx\/index.php\/2024\/12\/18\/mexico-rompe-record-de-turistas-internacionales-en-el-primer-mes-de-gobierno-de-sheinbaum\/","og_locale":"es_MX","og_type":"article","og_title":"M\u00e9xico rompe r\u00e9cord de turistas internacionales en el primer mes de gobierno de Sheinbaum | Nexo Informativo Santiago de Quer\u00e9taro","og_description":"M\u00e9xico rompe r\u00e9cord de turistas internacionales en el primer mes de gobierno de Sheinbaum","og_url":"https:\/\/www.nexoinformativo.mx\/index.php\/2024\/12\/18\/mexico-rompe-record-de-turistas-internacionales-en-el-primer-mes-de-gobierno-de-sheinbaum\/","og_site_name":"Nexo Informativo Santiago de Quer\u00e9taro","article_publisher":"https:\/\/www.facebook.com\/people\/Nexo-Informativo\/61564066885511\/","article_published_time":"2024-12-18T12:45:12+00:00","article_modified_time":"2024-12-18T13:57:38+00:00","og_image":[{"width":650,"height":380,"url":"https:\/\/www.nexoinformativo.mx\/wp-content\/uploads\/2024\/12\/IMG_8660.jpg","type":"image\/jpeg"}],"author":"Nexo Informativo","twitter_card":"summary_large_image","twitter_misc":{"Escrito por":"Nexo Informativo","Tiempo de lectura":"1 minuto"},"schema":{"@context":"https:\/\/schema.org","@graph":[{"@type":"Article","@id":"https:\/\/www.nexoinformativo.mx\/index.php\/2024\/12\/18\/mexico-rompe-record-de-turistas-internacionales-en-el-primer-mes-de-gobierno-de-sheinbaum\/#article","isPartOf":{"@id":"https:\/\/www.nexoinformativo.mx\/index.php\/2024\/12\/18\/mexico-rompe-record-de-turistas-internacionales-en-el-primer-mes-de-gobierno-de-sheinbaum\/"},"author":{"name":"Nexo Informativo","@id":"https:\/\/www.nexoinformativo.mx\/#\/schema\/person\/7749d380ba08c8ca00d7bc76fd907b7d"},"headline":"M\u00e9xico rompe r\u00e9cord de turistas internacionales en el primer mes de gobierno de Sheinbaum","datePublished":"2024-12-18T12:45:12+00:00","dateModified":"2024-12-18T13:57:38+00:00","mainEntityOfPage":{"@id":"https:\/\/www.nexoinformativo.mx\/index.php\/2024\/12\/18\/mexico-rompe-record-de-turistas-internacionales-en-el-primer-mes-de-gobierno-de-sheinbaum\/"},"wordCount":201,"commentCount":0,"publisher":{"@id":"https:\/\/www.nexoinformativo.mx\/#organization"},"image":{"@id":"https:\/\/www.nexoinformativo.mx\/index.php\/2024\/12\/18\/mexico-rompe-record-de-turistas-internacionales-en-el-primer-mes-de-gobierno-de-sheinbaum\/#primaryimage"},"thumbnailUrl":"https:\/\/www.nexoinformativo.mx\/wp-content\/uploads\/2024\/12\/IMG_8660.jpg","keywords":["ClaudiaSheinbaum","R\u00e9cordDeTuristas","SectorTur\u00edstico","TurismoEnM\u00e9xico"],"articleSection":["Econom\u00eda","Nacional","\u00daltima Hora"],"inLanguage":"es","potentialAction":[{"@type":"CommentAction","name":"Comment","target":["https:\/\/www.nexoinformativo.mx\/index.php\/2024\/12\/18\/mexico-rompe-record-de-turistas-internacionales-en-el-primer-mes-de-gobierno-de-sheinbaum\/#respond"]}]},{"@type":"WebPage","@id":"https:\/\/www.nexoinformativo.mx\/index.php\/2024\/12\/18\/mexico-rompe-record-de-turistas-internacionales-en-el-primer-mes-de-gobierno-de-sheinbaum\/","url":"https:\/\/www.nexoinformativo.mx\/index.php\/2024\/12\/18\/mexico-rompe-record-de-turistas-internacionales-en-el-primer-mes-de-gobierno-de-sheinbaum\/","name":"M\u00e9xico rompe r\u00e9cord de turistas internacionales en el primer mes de gobierno de Sheinbaum | Nexo Informativo Santiago de Quer\u00e9taro","isPartOf":{"@id":"https:\/\/www.nexoinformativo.mx\/#website"},"primaryImageOfPage":{"@id":"https:\/\/www.nexoinformativo.mx\/index.php\/2024\/12\/18\/mexico-rompe-record-de-turistas-internacionales-en-el-primer-mes-de-gobierno-de-sheinbaum\/#primaryimage"},"image":{"@id":"https:\/\/www.nexoinformativo.mx\/index.php\/2024\/12\/18\/mexico-rompe-record-de-turistas-internacionales-en-el-primer-mes-de-gobierno-de-sheinbaum\/#primaryimage"},"thumbnailUrl":"https:\/\/www.nexoinformativo.mx\/wp-content\/uploads\/2024\/12\/IMG_8660.jpg","datePublished":"2024-12-18T12:45:12+00:00","dateModified":"2024-12-18T13:57:38+00:00","description":"M\u00e9xico rompe r\u00e9cord de turistas internacionales en el primer mes de gobierno de Sheinbaum","breadcrumb":{"@id":"https:\/\/www.nexoinformativo.mx\/index.php\/2024\/12\/18\/mexico-rompe-record-de-turistas-internacionales-en-el-primer-mes-de-gobierno-de-sheinbaum\/#breadcrumb"},"inLanguage":"es","potentialAction":[{"@type":"ReadAction","target":["https:\/\/www.nexoinformativo.mx\/index.php\/2024\/12\/18\/mexico-rompe-record-de-turistas-internacionales-en-el-primer-mes-de-gobierno-de-sheinbaum\/"]}]},{"@type":"ImageObject","inLanguage":"es","@id":"https:\/\/www.nexoinformativo.mx\/index.php\/2024\/12\/18\/mexico-rompe-record-de-turistas-internacionales-en-el-primer-mes-de-gobierno-de-sheinbaum\/#primaryimage","url":"https:\/\/www.nexoinformativo.mx\/wp-content\/uploads\/2024\/12\/IMG_8660.jpg","contentUrl":"https:\/\/www.nexoinformativo.mx\/wp-content\/uploads\/2024\/12\/IMG_8660.jpg","width":650,"height":380},{"@type":"BreadcrumbList","@id":"https:\/\/www.nexoinformativo.mx\/index.php\/2024\/12\/18\/mexico-rompe-record-de-turistas-internacionales-en-el-primer-mes-de-gobierno-de-sheinbaum\/#breadcrumb","itemListElement":[{"@type":"ListItem","position":1,"name":"Inicio","item":"https:\/\/www.nexoinformativo.mx\/"},{"@type":"ListItem","position":2,"name":"M\u00e9xico rompe r\u00e9cord de turistas internacionales en el primer mes de gobierno de Sheinbaum"}]},{"@type":"WebSite","@id":"https:\/\/www.nexoinformativo.mx\/#website","url":"https:\/\/www.nexoinformativo.mx\/","name":"Nexo Informativo Santiago de Quer\u00e9taro","description":"Explora NexoInformativo y convi\u00e9rtete en parte de una comunidad que valora el conocimiento y la verdad. Tu nexoinformativo es tu puente hacia una comprensi\u00f3n m\u00e1s profunda del mundo que te rodea.","publisher":{"@id":"https:\/\/www.nexoinformativo.mx\/#organization"},"potentialAction":[{"@type":"SearchAction","target":{"@type":"EntryPoint","urlTemplate":"https:\/\/www.nexoinformativo.mx\/?s={search_term_string}"},"query-input":{"@type":"PropertyValueSpecification","valueRequired":true,"valueName":"search_term_string"}}],"inLanguage":"es"},{"@type":"Organization","@id":"https:\/\/www.nexoinformativo.mx\/#organization","name":"Nexo Informativo Santiago de Quer\u00e9taro","url":"https:\/\/www.nexoinformativo.mx\/","logo":{"@type":"ImageObject","inLanguage":"es","@id":"https:\/\/www.nexoinformativo.mx\/#\/schema\/logo\/image\/","url":"https:\/\/www.nexoinformativo.mx\/wp-content\/uploads\/2024\/07\/nexoi-trasparente-2.png","contentUrl":"https:\/\/www.nexoinformativo.mx\/wp-content\/uploads\/2024\/07\/nexoi-trasparente-2.png","width":816,"height":339,"caption":"Nexo Informativo Santiago de Quer\u00e9taro"},"image":{"@id":"https:\/\/www.nexoinformativo.mx\/#\/schema\/logo\/image\/"},"sameAs":["https:\/\/www.facebook.com\/people\/Nexo-Informativo\/61564066885511\/"]},{"@type":"Person","@id":"https:\/\/www.nexoinformativo.mx\/#\/schema\/person\/7749d380ba08c8ca00d7bc76fd907b7d","name":"Nexo Informativo","image":{"@type":"ImageObject","inLanguage":"es","@id":"https:\/\/www.nexoinformativo.mx\/#\/schema\/person\/image\/","url":"https:\/\/secure.gravatar.com\/avatar\/dde2928154642a13d95f87ddf1ea9718fe2b46760a005c53e41ff5ad610704e6?s=96&d=mm&r=g","contentUrl":"https:\/\/secure.gravatar.com\/avatar\/dde2928154642a13d95f87ddf1ea9718fe2b46760a005c53e41ff5ad610704e6?s=96&d=mm&r=g","caption":"Nexo Informativo"},"url":"https:\/\/www.nexoinformativo.mx\/index.php\/author\/edicion\/"}]}},"_links":{"self":[{"href":"https:\/\/www.nexoinformativo.mx\/index.php\/wp-json\/wp\/v2\/posts\/8417","targetHints":{"allow":["GET"]}}],"collection":[{"href":"https:\/\/www.nexoinformativo.mx\/index.php\/wp-json\/wp\/v2\/posts"}],"about":[{"href":"https:\/\/www.nexoinformativo.mx\/index.php\/wp-json\/wp\/v2\/types\/post"}],"author":[{"embeddable":true,"href":"https:\/\/www.nexoinformativo.mx\/index.php\/wp-json\/wp\/v2\/users\/3"}],"replies":[{"embeddable":true,"href":"https:\/\/www.nexoinformativo.mx\/index.php\/wp-json\/wp\/v2\/comments?post=8417"}],"version-history":[{"count":3,"href":"https:\/\/www.nexoinformativo.mx\/index.php\/wp-json\/wp\/v2\/posts\/8417\/revisions"}],"predecessor-version":[{"id":8421,"href":"https:\/\/www.nexoinformativo.mx\/index.php\/wp-json\/wp\/v2\/posts\/8417\/revisions\/8421"}],"wp:featuredmedia":[{"embeddable":true,"href":"https:\/\/www.nexoinformativo.mx\/index.php\/wp-json\/wp\/v2\/media\/8418"}],"wp:attachment":[{"href":"https:\/\/www.nexoinformativo.mx\/index.php\/wp-json\/wp\/v2\/media?parent=8417"}],"wp:term":[{"taxonomy":"category","embeddable":true,"href":"https:\/\/www.nexoinformativo.mx\/index.php\/wp-json\/wp\/v2\/categories?post=8417"},{"taxonomy":"post_tag","embeddable":true,"href":"https:\/\/www.nexoinformativo.mx\/index.php\/wp-json\/wp\/v2\/tags?post=8417"}],"curies":[{"name":"wp","href":"https:\/\/api.w.org\/{rel}","templated":true}]}}