{"id":8422,"date":"2024-12-18T07:00:53","date_gmt":"2024-12-18T13:00:53","guid":{"rendered":"https:\/\/www.nexoinformativo.mx\/?p=8422"},"modified":"2024-12-18T08:03:40","modified_gmt":"2024-12-18T14:03:40","slug":"por-septimo-ano-consecutivo-queretaro-modelo-nacional-en-reinsercion-social-y-respeto-a-derechos-humanos","status":"publish","type":"post","link":"https:\/\/www.nexoinformativo.mx\/index.php\/2024\/12\/18\/por-septimo-ano-consecutivo-queretaro-modelo-nacional-en-reinsercion-social-y-respeto-a-derechos-humanos\/","title":{"rendered":"\u00a1Por s\u00e9ptimo a\u00f1o consecutivo! Quer\u00e9taro modelo nacional en reinserci\u00f3n social y respeto a derechos humanos"},"content":{"rendered":"<p style=\"text-align: justify;\" data-sourcepos=\"11:1-11:417\">Quer\u00e9taro se consolida como referente nacional en materia de reinserci\u00f3n social y respeto a los derechos humanos de las personas privadas de la libertad.<\/p>\n<p>&nbsp;<\/p>\n<p style=\"text-align: justify;\" data-sourcepos=\"11:1-11:417\">As\u00ed lo confirma el reciente <strong>Diagn\u00f3stico Nacional de Supervisi\u00f3n Penitenciaria<\/strong> (DNSP) 2024 de la <strong>Comisi\u00f3n Nacional de los Derechos Humanos<\/strong> (CNDH), donde el Sistema Penitenciario de Quer\u00e9taro obtuvo la calificaci\u00f3n m\u00e1s alta del pa\u00eds por s\u00e9ptimo a\u00f1o consecutivo.<\/p>\n<p>&nbsp;<\/p>\n<p style=\"text-align: justify;\" data-sourcepos=\"13:1-13:333\">Con una puntuaci\u00f3n de 9.10, el estado queretano se destaca por sus buenas pr\u00e1cticas y condiciones dignas en los centros penitenciarios.<\/p>\n<p>&nbsp;<\/p>\n<p style=\"text-align: justify;\" data-sourcepos=\"13:1-13:333\">La Comisi\u00f3n Estatal del Sistema Penitenciario de Quer\u00e9taro (CESPQ) ha implementado programas enfocados en la reinserci\u00f3n social, la atenci\u00f3n a grupos vulnerables y la gobernabilidad de los penales.<\/p>\n<p>&nbsp;<\/p>\n<p style=\"text-align: justify;\" data-sourcepos=\"15:1-15:299\">Este reconocimiento se suma a los resultados obtenidos en el <strong>\u00cdndice de Estado de Derecho 2023-2024 del World Justice Project<\/strong> y el estudio <strong>Hallazgos 2023 de M\u00e9xico Eval\u00faa<\/strong>, que tambi\u00e9n posicionan al sistema penitenciario de Quer\u00e9taro como el m\u00e1s seguro y respetuoso de los derechos humanos en el pa\u00eds.<\/p>\n<p>&nbsp;<\/p>\n<p style=\"text-align: justify;\" data-sourcepos=\"17:1-17:212\">El gobernador Mauricio Kuri Gonz\u00e1lez ha reiterado su compromiso con el respeto a los derechos humanos y ha instruido a la CESPQ a continuar fortaleciendo las acciones que han llevado a estos resultados positivos.<\/p>\n<p>&nbsp;<\/p>\n<p style=\"text-align: center;\" data-sourcepos=\"17:1-17:212\"><em><strong>\u00a1Informaci\u00f3n que transforma!<\/strong><\/em><\/p>\n","protected":false},"excerpt":{"rendered":"<p>Quer\u00e9taro se consolida como referente nacional en materia de reinserci\u00f3n social y respeto a los derechos humanos de las personas privadas de la libertad.<\/p>\n","protected":false},"author":3,"featured_media":8423,"comment_status":"open","ping_status":"open","sticky":false,"template":"","format":"standard","meta":{"footnotes":""},"categories":[42,58],"tags":[499,133,1505,1506],"class_list":["post-8422","post","type-post","status-publish","format-standard","has-post-thumbnail","hentry","category-estado","category-ultima-hora","tag-derechoshumanos","tag-queretaro","tag-reinsercionsocial","tag-sistemapenitenciario"],"yoast_head":"<!-- This site is optimized with the Yoast SEO plugin v25.0 - https:\/\/yoast.com\/wordpress\/plugins\/seo\/ -->\n<title>\u00a1Por s\u00e9ptimo a\u00f1o consecutivo! Quer\u00e9taro modelo nacional en reinserci\u00f3n social y respeto a derechos humanos | Nexo Informativo Santiago de Quer\u00e9taro<\/title>\n<meta name=\"description\" content=\"\u00a1Por s\u00e9ptimo a\u00f1o consecutivo! Quer\u00e9taro modelo nacional en reinserci\u00f3n social y respeto a derechos humanos\" \/>\n<meta name=\"robots\" content=\"index, follow, max-snippet:-1, max-image-preview:large, max-video-preview:-1\" \/>\n<link rel=\"canonical\" href=\"https:\/\/www.nexoinformativo.mx\/index.php\/2024\/12\/18\/por-septimo-ano-consecutivo-queretaro-modelo-nacional-en-reinsercion-social-y-respeto-a-derechos-humanos\/\" \/>\n<meta property=\"og:locale\" content=\"es_MX\" \/>\n<meta property=\"og:type\" content=\"article\" \/>\n<meta property=\"og:title\" content=\"\u00a1Por s\u00e9ptimo a\u00f1o consecutivo! Quer\u00e9taro modelo nacional en reinserci\u00f3n social y respeto a derechos humanos | Nexo Informativo Santiago de Quer\u00e9taro\" \/>\n<meta property=\"og:description\" content=\"\u00a1Por s\u00e9ptimo a\u00f1o consecutivo! Quer\u00e9taro modelo nacional en reinserci\u00f3n social y respeto a derechos humanos\" \/>\n<meta property=\"og:url\" content=\"https:\/\/www.nexoinformativo.mx\/index.php\/2024\/12\/18\/por-septimo-ano-consecutivo-queretaro-modelo-nacional-en-reinsercion-social-y-respeto-a-derechos-humanos\/\" \/>\n<meta property=\"og:site_name\" content=\"Nexo Informativo Santiago de Quer\u00e9taro\" \/>\n<meta property=\"article:publisher\" content=\"https:\/\/www.facebook.com\/people\/Nexo-Informativo\/61564066885511\/\" \/>\n<meta property=\"article:published_time\" content=\"2024-12-18T13:00:53+00:00\" \/>\n<meta property=\"article:modified_time\" content=\"2024-12-18T14:03:40+00:00\" \/>\n<meta property=\"og:image\" content=\"https:\/\/www.nexoinformativo.mx\/wp-content\/uploads\/2024\/12\/PHOTO-2024-12-18-07-25-41-e1734530536673.jpg\" \/>\n\t<meta property=\"og:image:width\" content=\"800\" \/>\n\t<meta property=\"og:image:height\" content=\"600\" \/>\n\t<meta property=\"og:image:type\" content=\"image\/jpeg\" \/>\n<meta name=\"author\" content=\"Nexo Informativo\" \/>\n<meta name=\"twitter:card\" content=\"summary_large_image\" \/>\n<meta name=\"twitter:label1\" content=\"Escrito por\" \/>\n\t<meta name=\"twitter:data1\" content=\"Nexo Informativo\" \/>\n\t<meta name=\"twitter:label2\" content=\"Tiempo de lectura\" \/>\n\t<meta name=\"twitter:data2\" content=\"2 minutos\" \/>\n<script type=\"application\/ld+json\" class=\"yoast-schema-graph\">{\"@context\":\"https:\/\/schema.org\",\"@graph\":[{\"@type\":\"Article\",\"@id\":\"https:\/\/www.nexoinformativo.mx\/index.php\/2024\/12\/18\/por-septimo-ano-consecutivo-queretaro-modelo-nacional-en-reinsercion-social-y-respeto-a-derechos-humanos\/#article\",\"isPartOf\":{\"@id\":\"https:\/\/www.nexoinformativo.mx\/index.php\/2024\/12\/18\/por-septimo-ano-consecutivo-queretaro-modelo-nacional-en-reinsercion-social-y-respeto-a-derechos-humanos\/\"},\"author\":{\"name\":\"Nexo Informativo\",\"@id\":\"https:\/\/www.nexoinformativo.mx\/#\/schema\/person\/7749d380ba08c8ca00d7bc76fd907b7d\"},\"headline\":\"\u00a1Por s\u00e9ptimo a\u00f1o consecutivo! Quer\u00e9taro modelo nacional en reinserci\u00f3n social y respeto a derechos humanos\",\"datePublished\":\"2024-12-18T13:00:53+00:00\",\"dateModified\":\"2024-12-18T14:03:40+00:00\",\"mainEntityOfPage\":{\"@id\":\"https:\/\/www.nexoinformativo.mx\/index.php\/2024\/12\/18\/por-septimo-ano-consecutivo-queretaro-modelo-nacional-en-reinsercion-social-y-respeto-a-derechos-humanos\/\"},\"wordCount\":244,\"commentCount\":0,\"publisher\":{\"@id\":\"https:\/\/www.nexoinformativo.mx\/#organization\"},\"image\":{\"@id\":\"https:\/\/www.nexoinformativo.mx\/index.php\/2024\/12\/18\/por-septimo-ano-consecutivo-queretaro-modelo-nacional-en-reinsercion-social-y-respeto-a-derechos-humanos\/#primaryimage\"},\"thumbnailUrl\":\"https:\/\/www.nexoinformativo.mx\/wp-content\/uploads\/2024\/12\/PHOTO-2024-12-18-07-25-41-e1734530536673.jpg\",\"keywords\":[\"DerechosHumanos\",\"Quer\u00e9taro\",\"Reinserci\u00f3nSocial\",\"SistemaPenitenciario\"],\"articleSection\":[\"Estado\",\"\u00daltima Hora\"],\"inLanguage\":\"es\",\"potentialAction\":[{\"@type\":\"CommentAction\",\"name\":\"Comment\",\"target\":[\"https:\/\/www.nexoinformativo.mx\/index.php\/2024\/12\/18\/por-septimo-ano-consecutivo-queretaro-modelo-nacional-en-reinsercion-social-y-respeto-a-derechos-humanos\/#respond\"]}]},{\"@type\":\"WebPage\",\"@id\":\"https:\/\/www.nexoinformativo.mx\/index.php\/2024\/12\/18\/por-septimo-ano-consecutivo-queretaro-modelo-nacional-en-reinsercion-social-y-respeto-a-derechos-humanos\/\",\"url\":\"https:\/\/www.nexoinformativo.mx\/index.php\/2024\/12\/18\/por-septimo-ano-consecutivo-queretaro-modelo-nacional-en-reinsercion-social-y-respeto-a-derechos-humanos\/\",\"name\":\"\u00a1Por s\u00e9ptimo a\u00f1o consecutivo! Quer\u00e9taro modelo nacional en reinserci\u00f3n social y respeto a derechos humanos | Nexo Informativo Santiago de Quer\u00e9taro\",\"isPartOf\":{\"@id\":\"https:\/\/www.nexoinformativo.mx\/#website\"},\"primaryImageOfPage\":{\"@id\":\"https:\/\/www.nexoinformativo.mx\/index.php\/2024\/12\/18\/por-septimo-ano-consecutivo-queretaro-modelo-nacional-en-reinsercion-social-y-respeto-a-derechos-humanos\/#primaryimage\"},\"image\":{\"@id\":\"https:\/\/www.nexoinformativo.mx\/index.php\/2024\/12\/18\/por-septimo-ano-consecutivo-queretaro-modelo-nacional-en-reinsercion-social-y-respeto-a-derechos-humanos\/#primaryimage\"},\"thumbnailUrl\":\"https:\/\/www.nexoinformativo.mx\/wp-content\/uploads\/2024\/12\/PHOTO-2024-12-18-07-25-41-e1734530536673.jpg\",\"datePublished\":\"2024-12-18T13:00:53+00:00\",\"dateModified\":\"2024-12-18T14:03:40+00:00\",\"description\":\"\u00a1Por s\u00e9ptimo a\u00f1o consecutivo! Quer\u00e9taro modelo nacional en reinserci\u00f3n social y respeto a derechos humanos\",\"breadcrumb\":{\"@id\":\"https:\/\/www.nexoinformativo.mx\/index.php\/2024\/12\/18\/por-septimo-ano-consecutivo-queretaro-modelo-nacional-en-reinsercion-social-y-respeto-a-derechos-humanos\/#breadcrumb\"},\"inLanguage\":\"es\",\"potentialAction\":[{\"@type\":\"ReadAction\",\"target\":[\"https:\/\/www.nexoinformativo.mx\/index.php\/2024\/12\/18\/por-septimo-ano-consecutivo-queretaro-modelo-nacional-en-reinsercion-social-y-respeto-a-derechos-humanos\/\"]}]},{\"@type\":\"ImageObject\",\"inLanguage\":\"es\",\"@id\":\"https:\/\/www.nexoinformativo.mx\/index.php\/2024\/12\/18\/por-septimo-ano-consecutivo-queretaro-modelo-nacional-en-reinsercion-social-y-respeto-a-derechos-humanos\/#primaryimage\",\"url\":\"https:\/\/www.nexoinformativo.mx\/wp-content\/uploads\/2024\/12\/PHOTO-2024-12-18-07-25-41-e1734530536673.jpg\",\"contentUrl\":\"https:\/\/www.nexoinformativo.mx\/wp-content\/uploads\/2024\/12\/PHOTO-2024-12-18-07-25-41-e1734530536673.jpg\",\"width\":800,\"height\":600},{\"@type\":\"BreadcrumbList\",\"@id\":\"https:\/\/www.nexoinformativo.mx\/index.php\/2024\/12\/18\/por-septimo-ano-consecutivo-queretaro-modelo-nacional-en-reinsercion-social-y-respeto-a-derechos-humanos\/#breadcrumb\",\"itemListElement\":[{\"@type\":\"ListItem\",\"position\":1,\"name\":\"Inicio\",\"item\":\"https:\/\/www.nexoinformativo.mx\/\"},{\"@type\":\"ListItem\",\"position\":2,\"name\":\"\u00a1Por s\u00e9ptimo a\u00f1o consecutivo! Quer\u00e9taro modelo nacional en reinserci\u00f3n social y respeto a derechos humanos\"}]},{\"@type\":\"WebSite\",\"@id\":\"https:\/\/www.nexoinformativo.mx\/#website\",\"url\":\"https:\/\/www.nexoinformativo.mx\/\",\"name\":\"Nexo Informativo Santiago de Quer\u00e9taro\",\"description\":\"Explora NexoInformativo y convi\u00e9rtete en parte de una comunidad que valora el conocimiento y la verdad. Tu nexoinformativo es tu puente hacia una comprensi\u00f3n m\u00e1s profunda del mundo que te rodea.\",\"publisher\":{\"@id\":\"https:\/\/www.nexoinformativo.mx\/#organization\"},\"potentialAction\":[{\"@type\":\"SearchAction\",\"target\":{\"@type\":\"EntryPoint\",\"urlTemplate\":\"https:\/\/www.nexoinformativo.mx\/?s={search_term_string}\"},\"query-input\":{\"@type\":\"PropertyValueSpecification\",\"valueRequired\":true,\"valueName\":\"search_term_string\"}}],\"inLanguage\":\"es\"},{\"@type\":\"Organization\",\"@id\":\"https:\/\/www.nexoinformativo.mx\/#organization\",\"name\":\"Nexo Informativo Santiago de Quer\u00e9taro\",\"url\":\"https:\/\/www.nexoinformativo.mx\/\",\"logo\":{\"@type\":\"ImageObject\",\"inLanguage\":\"es\",\"@id\":\"https:\/\/www.nexoinformativo.mx\/#\/schema\/logo\/image\/\",\"url\":\"https:\/\/www.nexoinformativo.mx\/wp-content\/uploads\/2024\/07\/nexoi-trasparente-2.png\",\"contentUrl\":\"https:\/\/www.nexoinformativo.mx\/wp-content\/uploads\/2024\/07\/nexoi-trasparente-2.png\",\"width\":816,\"height\":339,\"caption\":\"Nexo Informativo Santiago de Quer\u00e9taro\"},\"image\":{\"@id\":\"https:\/\/www.nexoinformativo.mx\/#\/schema\/logo\/image\/\"},\"sameAs\":[\"https:\/\/www.facebook.com\/people\/Nexo-Informativo\/61564066885511\/\"]},{\"@type\":\"Person\",\"@id\":\"https:\/\/www.nexoinformativo.mx\/#\/schema\/person\/7749d380ba08c8ca00d7bc76fd907b7d\",\"name\":\"Nexo Informativo\",\"image\":{\"@type\":\"ImageObject\",\"inLanguage\":\"es\",\"@id\":\"https:\/\/www.nexoinformativo.mx\/#\/schema\/person\/image\/\",\"url\":\"https:\/\/secure.gravatar.com\/avatar\/dde2928154642a13d95f87ddf1ea9718fe2b46760a005c53e41ff5ad610704e6?s=96&d=mm&r=g\",\"contentUrl\":\"https:\/\/secure.gravatar.com\/avatar\/dde2928154642a13d95f87ddf1ea9718fe2b46760a005c53e41ff5ad610704e6?s=96&d=mm&r=g\",\"caption\":\"Nexo Informativo\"},\"url\":\"https:\/\/www.nexoinformativo.mx\/index.php\/author\/edicion\/\"}]}<\/script>\n<!-- \/ Yoast SEO plugin. -->","yoast_head_json":{"title":"\u00a1Por s\u00e9ptimo a\u00f1o consecutivo! Quer\u00e9taro modelo nacional en reinserci\u00f3n social y respeto a derechos humanos | Nexo Informativo Santiago de Quer\u00e9taro","description":"\u00a1Por s\u00e9ptimo a\u00f1o consecutivo! Quer\u00e9taro modelo nacional en reinserci\u00f3n social y respeto a derechos humanos","robots":{"index":"index","follow":"follow","max-snippet":"max-snippet:-1","max-image-preview":"max-image-preview:large","max-video-preview":"max-video-preview:-1"},"canonical":"https:\/\/www.nexoinformativo.mx\/index.php\/2024\/12\/18\/por-septimo-ano-consecutivo-queretaro-modelo-nacional-en-reinsercion-social-y-respeto-a-derechos-humanos\/","og_locale":"es_MX","og_type":"article","og_title":"\u00a1Por s\u00e9ptimo a\u00f1o consecutivo! Quer\u00e9taro modelo nacional en reinserci\u00f3n social y respeto a derechos humanos | Nexo Informativo Santiago de Quer\u00e9taro","og_description":"\u00a1Por s\u00e9ptimo a\u00f1o consecutivo! Quer\u00e9taro modelo nacional en reinserci\u00f3n social y respeto a derechos humanos","og_url":"https:\/\/www.nexoinformativo.mx\/index.php\/2024\/12\/18\/por-septimo-ano-consecutivo-queretaro-modelo-nacional-en-reinsercion-social-y-respeto-a-derechos-humanos\/","og_site_name":"Nexo Informativo Santiago de Quer\u00e9taro","article_publisher":"https:\/\/www.facebook.com\/people\/Nexo-Informativo\/61564066885511\/","article_published_time":"2024-12-18T13:00:53+00:00","article_modified_time":"2024-12-18T14:03:40+00:00","og_image":[{"width":800,"height":600,"url":"https:\/\/www.nexoinformativo.mx\/wp-content\/uploads\/2024\/12\/PHOTO-2024-12-18-07-25-41-e1734530536673.jpg","type":"image\/jpeg"}],"author":"Nexo Informativo","twitter_card":"summary_large_image","twitter_misc":{"Escrito por":"Nexo Informativo","Tiempo de lectura":"2 minutos"},"schema":{"@context":"https:\/\/schema.org","@graph":[{"@type":"Article","@id":"https:\/\/www.nexoinformativo.mx\/index.php\/2024\/12\/18\/por-septimo-ano-consecutivo-queretaro-modelo-nacional-en-reinsercion-social-y-respeto-a-derechos-humanos\/#article","isPartOf":{"@id":"https:\/\/www.nexoinformativo.mx\/index.php\/2024\/12\/18\/por-septimo-ano-consecutivo-queretaro-modelo-nacional-en-reinsercion-social-y-respeto-a-derechos-humanos\/"},"author":{"name":"Nexo Informativo","@id":"https:\/\/www.nexoinformativo.mx\/#\/schema\/person\/7749d380ba08c8ca00d7bc76fd907b7d"},"headline":"\u00a1Por s\u00e9ptimo a\u00f1o consecutivo! Quer\u00e9taro modelo nacional en reinserci\u00f3n social y respeto a derechos humanos","datePublished":"2024-12-18T13:00:53+00:00","dateModified":"2024-12-18T14:03:40+00:00","mainEntityOfPage":{"@id":"https:\/\/www.nexoinformativo.mx\/index.php\/2024\/12\/18\/por-septimo-ano-consecutivo-queretaro-modelo-nacional-en-reinsercion-social-y-respeto-a-derechos-humanos\/"},"wordCount":244,"commentCount":0,"publisher":{"@id":"https:\/\/www.nexoinformativo.mx\/#organization"},"image":{"@id":"https:\/\/www.nexoinformativo.mx\/index.php\/2024\/12\/18\/por-septimo-ano-consecutivo-queretaro-modelo-nacional-en-reinsercion-social-y-respeto-a-derechos-humanos\/#primaryimage"},"thumbnailUrl":"https:\/\/www.nexoinformativo.mx\/wp-content\/uploads\/2024\/12\/PHOTO-2024-12-18-07-25-41-e1734530536673.jpg","keywords":["DerechosHumanos","Quer\u00e9taro","Reinserci\u00f3nSocial","SistemaPenitenciario"],"articleSection":["Estado","\u00daltima Hora"],"inLanguage":"es","potentialAction":[{"@type":"CommentAction","name":"Comment","target":["https:\/\/www.nexoinformativo.mx\/index.php\/2024\/12\/18\/por-septimo-ano-consecutivo-queretaro-modelo-nacional-en-reinsercion-social-y-respeto-a-derechos-humanos\/#respond"]}]},{"@type":"WebPage","@id":"https:\/\/www.nexoinformativo.mx\/index.php\/2024\/12\/18\/por-septimo-ano-consecutivo-queretaro-modelo-nacional-en-reinsercion-social-y-respeto-a-derechos-humanos\/","url":"https:\/\/www.nexoinformativo.mx\/index.php\/2024\/12\/18\/por-septimo-ano-consecutivo-queretaro-modelo-nacional-en-reinsercion-social-y-respeto-a-derechos-humanos\/","name":"\u00a1Por s\u00e9ptimo a\u00f1o consecutivo! Quer\u00e9taro modelo nacional en reinserci\u00f3n social y respeto a derechos humanos | Nexo Informativo Santiago de Quer\u00e9taro","isPartOf":{"@id":"https:\/\/www.nexoinformativo.mx\/#website"},"primaryImageOfPage":{"@id":"https:\/\/www.nexoinformativo.mx\/index.php\/2024\/12\/18\/por-septimo-ano-consecutivo-queretaro-modelo-nacional-en-reinsercion-social-y-respeto-a-derechos-humanos\/#primaryimage"},"image":{"@id":"https:\/\/www.nexoinformativo.mx\/index.php\/2024\/12\/18\/por-septimo-ano-consecutivo-queretaro-modelo-nacional-en-reinsercion-social-y-respeto-a-derechos-humanos\/#primaryimage"},"thumbnailUrl":"https:\/\/www.nexoinformativo.mx\/wp-content\/uploads\/2024\/12\/PHOTO-2024-12-18-07-25-41-e1734530536673.jpg","datePublished":"2024-12-18T13:00:53+00:00","dateModified":"2024-12-18T14:03:40+00:00","description":"\u00a1Por s\u00e9ptimo a\u00f1o consecutivo! Quer\u00e9taro modelo nacional en reinserci\u00f3n social y respeto a derechos humanos","breadcrumb":{"@id":"https:\/\/www.nexoinformativo.mx\/index.php\/2024\/12\/18\/por-septimo-ano-consecutivo-queretaro-modelo-nacional-en-reinsercion-social-y-respeto-a-derechos-humanos\/#breadcrumb"},"inLanguage":"es","potentialAction":[{"@type":"ReadAction","target":["https:\/\/www.nexoinformativo.mx\/index.php\/2024\/12\/18\/por-septimo-ano-consecutivo-queretaro-modelo-nacional-en-reinsercion-social-y-respeto-a-derechos-humanos\/"]}]},{"@type":"ImageObject","inLanguage":"es","@id":"https:\/\/www.nexoinformativo.mx\/index.php\/2024\/12\/18\/por-septimo-ano-consecutivo-queretaro-modelo-nacional-en-reinsercion-social-y-respeto-a-derechos-humanos\/#primaryimage","url":"https:\/\/www.nexoinformativo.mx\/wp-content\/uploads\/2024\/12\/PHOTO-2024-12-18-07-25-41-e1734530536673.jpg","contentUrl":"https:\/\/www.nexoinformativo.mx\/wp-content\/uploads\/2024\/12\/PHOTO-2024-12-18-07-25-41-e1734530536673.jpg","width":800,"height":600},{"@type":"BreadcrumbList","@id":"https:\/\/www.nexoinformativo.mx\/index.php\/2024\/12\/18\/por-septimo-ano-consecutivo-queretaro-modelo-nacional-en-reinsercion-social-y-respeto-a-derechos-humanos\/#breadcrumb","itemListElement":[{"@type":"ListItem","position":1,"name":"Inicio","item":"https:\/\/www.nexoinformativo.mx\/"},{"@type":"ListItem","position":2,"name":"\u00a1Por s\u00e9ptimo a\u00f1o consecutivo! Quer\u00e9taro modelo nacional en reinserci\u00f3n social y respeto a derechos humanos"}]},{"@type":"WebSite","@id":"https:\/\/www.nexoinformativo.mx\/#website","url":"https:\/\/www.nexoinformativo.mx\/","name":"Nexo Informativo Santiago de Quer\u00e9taro","description":"Explora NexoInformativo y convi\u00e9rtete en parte de una comunidad que valora el conocimiento y la verdad. Tu nexoinformativo es tu puente hacia una comprensi\u00f3n m\u00e1s profunda del mundo que te rodea.","publisher":{"@id":"https:\/\/www.nexoinformativo.mx\/#organization"},"potentialAction":[{"@type":"SearchAction","target":{"@type":"EntryPoint","urlTemplate":"https:\/\/www.nexoinformativo.mx\/?s={search_term_string}"},"query-input":{"@type":"PropertyValueSpecification","valueRequired":true,"valueName":"search_term_string"}}],"inLanguage":"es"},{"@type":"Organization","@id":"https:\/\/www.nexoinformativo.mx\/#organization","name":"Nexo Informativo Santiago de Quer\u00e9taro","url":"https:\/\/www.nexoinformativo.mx\/","logo":{"@type":"ImageObject","inLanguage":"es","@id":"https:\/\/www.nexoinformativo.mx\/#\/schema\/logo\/image\/","url":"https:\/\/www.nexoinformativo.mx\/wp-content\/uploads\/2024\/07\/nexoi-trasparente-2.png","contentUrl":"https:\/\/www.nexoinformativo.mx\/wp-content\/uploads\/2024\/07\/nexoi-trasparente-2.png","width":816,"height":339,"caption":"Nexo Informativo Santiago de Quer\u00e9taro"},"image":{"@id":"https:\/\/www.nexoinformativo.mx\/#\/schema\/logo\/image\/"},"sameAs":["https:\/\/www.facebook.com\/people\/Nexo-Informativo\/61564066885511\/"]},{"@type":"Person","@id":"https:\/\/www.nexoinformativo.mx\/#\/schema\/person\/7749d380ba08c8ca00d7bc76fd907b7d","name":"Nexo Informativo","image":{"@type":"ImageObject","inLanguage":"es","@id":"https:\/\/www.nexoinformativo.mx\/#\/schema\/person\/image\/","url":"https:\/\/secure.gravatar.com\/avatar\/dde2928154642a13d95f87ddf1ea9718fe2b46760a005c53e41ff5ad610704e6?s=96&d=mm&r=g","contentUrl":"https:\/\/secure.gravatar.com\/avatar\/dde2928154642a13d95f87ddf1ea9718fe2b46760a005c53e41ff5ad610704e6?s=96&d=mm&r=g","caption":"Nexo Informativo"},"url":"https:\/\/www.nexoinformativo.mx\/index.php\/author\/edicion\/"}]}},"_links":{"self":[{"href":"https:\/\/www.nexoinformativo.mx\/index.php\/wp-json\/wp\/v2\/posts\/8422","targetHints":{"allow":["GET"]}}],"collection":[{"href":"https:\/\/www.nexoinformativo.mx\/index.php\/wp-json\/wp\/v2\/posts"}],"about":[{"href":"https:\/\/www.nexoinformativo.mx\/index.php\/wp-json\/wp\/v2\/types\/post"}],"author":[{"embeddable":true,"href":"https:\/\/www.nexoinformativo.mx\/index.php\/wp-json\/wp\/v2\/users\/3"}],"replies":[{"embeddable":true,"href":"https:\/\/www.nexoinformativo.mx\/index.php\/wp-json\/wp\/v2\/comments?post=8422"}],"version-history":[{"count":4,"href":"https:\/\/www.nexoinformativo.mx\/index.php\/wp-json\/wp\/v2\/posts\/8422\/revisions"}],"predecessor-version":[{"id":8427,"href":"https:\/\/www.nexoinformativo.mx\/index.php\/wp-json\/wp\/v2\/posts\/8422\/revisions\/8427"}],"wp:featuredmedia":[{"embeddable":true,"href":"https:\/\/www.nexoinformativo.mx\/index.php\/wp-json\/wp\/v2\/media\/8423"}],"wp:attachment":[{"href":"https:\/\/www.nexoinformativo.mx\/index.php\/wp-json\/wp\/v2\/media?parent=8422"}],"wp:term":[{"taxonomy":"category","embeddable":true,"href":"https:\/\/www.nexoinformativo.mx\/index.php\/wp-json\/wp\/v2\/categories?post=8422"},{"taxonomy":"post_tag","embeddable":true,"href":"https:\/\/www.nexoinformativo.mx\/index.php\/wp-json\/wp\/v2\/tags?post=8422"}],"curies":[{"name":"wp","href":"https:\/\/api.w.org\/{rel}","templated":true}]}}