{"id":8433,"date":"2024-12-18T08:00:35","date_gmt":"2024-12-18T14:00:35","guid":{"rendered":"https:\/\/www.nexoinformativo.mx\/?p=8433"},"modified":"2024-12-18T15:11:30","modified_gmt":"2024-12-18T21:11:30","slug":"mauricio-kuri-y-ken-salazar-celebran-la-union-entre-mexico-y-estados-unidos-en-nueva-embajada","status":"publish","type":"post","link":"https:\/\/www.nexoinformativo.mx\/index.php\/2024\/12\/18\/mauricio-kuri-y-ken-salazar-celebran-la-union-entre-mexico-y-estados-unidos-en-nueva-embajada\/","title":{"rendered":"Mauricio Kuri y Ken Salazar celebran la uni\u00f3n entre M\u00e9xico y Estados Unidos en nueva embajada"},"content":{"rendered":"<p style=\"text-align: justify;\" data-sourcepos=\"11:1-11:316\">El gobernador de Quer\u00e9taro, Mauricio Kuri, particip\u00f3 en la ceremonia de develaci\u00f3n de la placa conmemorativa de la nueva sede de la Embajada de los Estados Unidos en M\u00e9xico.<\/p>\n<p>&nbsp;<\/p>\n<p style=\"text-align: justify;\" data-sourcepos=\"11:1-11:316\">Este importante evento, encabezado por el embajador Ken Salazar, marca un suceso importante en las relaciones bilaterales entre ambos pa\u00edses.<\/p>\n<p>&nbsp;<\/p>\n<p style=\"text-align: justify;\" data-sourcepos=\"13:1-13:257\">Durante la ceremonia, el embajador Salazar destac\u00f3 que esta nueva embajada, la m\u00e1s grande del mundo, simboliza la uni\u00f3n, la esperanza y los lazos duraderos entre M\u00e9xico y Estados Unidos. Adem\u00e1s, resalt\u00f3 los valores democr\u00e1ticos que comparten ambas naciones.<\/p>\n<p>&nbsp;<\/p>\n<p style=\"text-align: justify;\" data-sourcepos=\"15:1-15:187\">Por su parte, Kuri Gonz\u00e1lez reconoci\u00f3 la importancia de esta nueva sede diplom\u00e1tica para fortalecer la relaci\u00f3n entre ambos pa\u00edses y facilitar los tr\u00e1mites para los ciudadanos queretanos.<\/p>\n<p>&nbsp;<\/p>\n<p style=\"text-align: justify;\" data-sourcepos=\"17:1-17:210\">La nueva embajada, ubicada en la avenida Legaria de la Ciudad de M\u00e9xico, ofrecer\u00e1 servicios consulares m\u00e1s eficientes y modernos. Se espera que est\u00e9 completamente operativa para el segundo semestre de 2025.<\/p>\n<p>&nbsp;<\/p>\n<p style=\"text-align: justify;\" data-sourcepos=\"19:1-19:171\">Este evento refrenda el compromiso de ambos gobiernos de fortalecer los lazos de cooperaci\u00f3n y amistad, as\u00ed como de impulsar el desarrollo econ\u00f3mico y social de la regi\u00f3n.<\/p>\n<p>&nbsp;<\/p>\n<p style=\"text-align: center;\" data-sourcepos=\"19:1-19:171\"><em><strong>\u00a1Informaci\u00f3n que transforma!<\/strong><\/em><\/p>\n","protected":false},"excerpt":{"rendered":"<p>El gobernador de Quer\u00e9taro, Mauricio Kuri, particip\u00f3 en la ceremonia de develaci\u00f3n de la placa conmemorativa de la nueva sede de la Embajada de los Estados Unidos en M\u00e9xico.<\/p>\n","protected":false},"author":3,"featured_media":8444,"comment_status":"open","ping_status":"open","sticky":false,"template":"","format":"standard","meta":{"footnotes":""},"categories":[88,58],"tags":[2734,661,2665,1528],"class_list":["post-8433","post","type-post","status-publish","format-standard","has-post-thumbnail","hentry","category-nacional","category-ultima-hora","tag-embajadaeu","tag-mauriciokuri","tag-mexicoestadosunidos","tag-relacionesbilaterales"],"yoast_head":"<!-- This site is optimized with the Yoast SEO plugin v25.0 - https:\/\/yoast.com\/wordpress\/plugins\/seo\/ -->\n<title>Mauricio Kuri y Ken Salazar celebran la uni\u00f3n entre M\u00e9xico y Estados Unidos en nueva embajada | Nexo Informativo Santiago de Quer\u00e9taro<\/title>\n<meta name=\"description\" content=\"Mauricio Kuri y Ken Salazar Kuri y Salazar celebran la uni\u00f3n entre M\u00e9xico y Estados Unidos en nueva embajada\" \/>\n<meta name=\"robots\" content=\"index, follow, max-snippet:-1, max-image-preview:large, max-video-preview:-1\" \/>\n<link rel=\"canonical\" href=\"https:\/\/www.nexoinformativo.mx\/index.php\/2024\/12\/18\/mauricio-kuri-y-ken-salazar-celebran-la-union-entre-mexico-y-estados-unidos-en-nueva-embajada\/\" \/>\n<meta property=\"og:locale\" content=\"es_MX\" \/>\n<meta property=\"og:type\" content=\"article\" \/>\n<meta property=\"og:title\" content=\"Mauricio Kuri y Ken Salazar celebran la uni\u00f3n entre M\u00e9xico y Estados Unidos en nueva embajada | Nexo Informativo Santiago de Quer\u00e9taro\" \/>\n<meta property=\"og:description\" content=\"Mauricio Kuri y Ken Salazar Kuri y Salazar celebran la uni\u00f3n entre M\u00e9xico y Estados Unidos en nueva embajada\" \/>\n<meta property=\"og:url\" content=\"https:\/\/www.nexoinformativo.mx\/index.php\/2024\/12\/18\/mauricio-kuri-y-ken-salazar-celebran-la-union-entre-mexico-y-estados-unidos-en-nueva-embajada\/\" \/>\n<meta property=\"og:site_name\" content=\"Nexo Informativo Santiago de Quer\u00e9taro\" \/>\n<meta property=\"article:publisher\" content=\"https:\/\/www.facebook.com\/people\/Nexo-Informativo\/61564066885511\/\" \/>\n<meta property=\"article:published_time\" content=\"2024-12-18T14:00:35+00:00\" \/>\n<meta property=\"article:modified_time\" content=\"2024-12-18T21:11:30+00:00\" \/>\n<meta property=\"og:image\" content=\"https:\/\/www.nexoinformativo.mx\/wp-content\/uploads\/2024\/12\/unnamed-1-e1734556281849.jpg\" \/>\n\t<meta property=\"og:image:width\" content=\"800\" \/>\n\t<meta property=\"og:image:height\" content=\"532\" \/>\n\t<meta property=\"og:image:type\" content=\"image\/jpeg\" \/>\n<meta name=\"author\" content=\"Nexo Informativo\" \/>\n<meta name=\"twitter:card\" content=\"summary_large_image\" \/>\n<meta name=\"twitter:label1\" content=\"Escrito por\" \/>\n\t<meta name=\"twitter:data1\" content=\"Nexo Informativo\" \/>\n\t<meta name=\"twitter:label2\" content=\"Tiempo de lectura\" \/>\n\t<meta name=\"twitter:data2\" content=\"1 minuto\" \/>\n<script type=\"application\/ld+json\" class=\"yoast-schema-graph\">{\"@context\":\"https:\/\/schema.org\",\"@graph\":[{\"@type\":\"Article\",\"@id\":\"https:\/\/www.nexoinformativo.mx\/index.php\/2024\/12\/18\/mauricio-kuri-y-ken-salazar-celebran-la-union-entre-mexico-y-estados-unidos-en-nueva-embajada\/#article\",\"isPartOf\":{\"@id\":\"https:\/\/www.nexoinformativo.mx\/index.php\/2024\/12\/18\/mauricio-kuri-y-ken-salazar-celebran-la-union-entre-mexico-y-estados-unidos-en-nueva-embajada\/\"},\"author\":{\"name\":\"Nexo Informativo\",\"@id\":\"https:\/\/www.nexoinformativo.mx\/#\/schema\/person\/7749d380ba08c8ca00d7bc76fd907b7d\"},\"headline\":\"Mauricio Kuri y Ken Salazar celebran la uni\u00f3n entre M\u00e9xico y Estados Unidos en nueva embajada\",\"datePublished\":\"2024-12-18T14:00:35+00:00\",\"dateModified\":\"2024-12-18T21:11:30+00:00\",\"mainEntityOfPage\":{\"@id\":\"https:\/\/www.nexoinformativo.mx\/index.php\/2024\/12\/18\/mauricio-kuri-y-ken-salazar-celebran-la-union-entre-mexico-y-estados-unidos-en-nueva-embajada\/\"},\"wordCount\":222,\"commentCount\":0,\"publisher\":{\"@id\":\"https:\/\/www.nexoinformativo.mx\/#organization\"},\"image\":{\"@id\":\"https:\/\/www.nexoinformativo.mx\/index.php\/2024\/12\/18\/mauricio-kuri-y-ken-salazar-celebran-la-union-entre-mexico-y-estados-unidos-en-nueva-embajada\/#primaryimage\"},\"thumbnailUrl\":\"https:\/\/www.nexoinformativo.mx\/wp-content\/uploads\/2024\/12\/unnamed-1-e1734556281849.jpg\",\"keywords\":[\"EmbajadaEU\",\"MauricioKuri\",\"M\u00e9xicoEstadosUnidos\",\"RelacionesBilaterales\"],\"articleSection\":[\"Nacional\",\"\u00daltima Hora\"],\"inLanguage\":\"es\",\"potentialAction\":[{\"@type\":\"CommentAction\",\"name\":\"Comment\",\"target\":[\"https:\/\/www.nexoinformativo.mx\/index.php\/2024\/12\/18\/mauricio-kuri-y-ken-salazar-celebran-la-union-entre-mexico-y-estados-unidos-en-nueva-embajada\/#respond\"]}]},{\"@type\":\"WebPage\",\"@id\":\"https:\/\/www.nexoinformativo.mx\/index.php\/2024\/12\/18\/mauricio-kuri-y-ken-salazar-celebran-la-union-entre-mexico-y-estados-unidos-en-nueva-embajada\/\",\"url\":\"https:\/\/www.nexoinformativo.mx\/index.php\/2024\/12\/18\/mauricio-kuri-y-ken-salazar-celebran-la-union-entre-mexico-y-estados-unidos-en-nueva-embajada\/\",\"name\":\"Mauricio Kuri y Ken Salazar celebran la uni\u00f3n entre M\u00e9xico y Estados Unidos en nueva embajada | Nexo Informativo Santiago de Quer\u00e9taro\",\"isPartOf\":{\"@id\":\"https:\/\/www.nexoinformativo.mx\/#website\"},\"primaryImageOfPage\":{\"@id\":\"https:\/\/www.nexoinformativo.mx\/index.php\/2024\/12\/18\/mauricio-kuri-y-ken-salazar-celebran-la-union-entre-mexico-y-estados-unidos-en-nueva-embajada\/#primaryimage\"},\"image\":{\"@id\":\"https:\/\/www.nexoinformativo.mx\/index.php\/2024\/12\/18\/mauricio-kuri-y-ken-salazar-celebran-la-union-entre-mexico-y-estados-unidos-en-nueva-embajada\/#primaryimage\"},\"thumbnailUrl\":\"https:\/\/www.nexoinformativo.mx\/wp-content\/uploads\/2024\/12\/unnamed-1-e1734556281849.jpg\",\"datePublished\":\"2024-12-18T14:00:35+00:00\",\"dateModified\":\"2024-12-18T21:11:30+00:00\",\"description\":\"Mauricio Kuri y Ken Salazar Kuri y Salazar celebran la uni\u00f3n entre M\u00e9xico y Estados Unidos en nueva embajada\",\"breadcrumb\":{\"@id\":\"https:\/\/www.nexoinformativo.mx\/index.php\/2024\/12\/18\/mauricio-kuri-y-ken-salazar-celebran-la-union-entre-mexico-y-estados-unidos-en-nueva-embajada\/#breadcrumb\"},\"inLanguage\":\"es\",\"potentialAction\":[{\"@type\":\"ReadAction\",\"target\":[\"https:\/\/www.nexoinformativo.mx\/index.php\/2024\/12\/18\/mauricio-kuri-y-ken-salazar-celebran-la-union-entre-mexico-y-estados-unidos-en-nueva-embajada\/\"]}]},{\"@type\":\"ImageObject\",\"inLanguage\":\"es\",\"@id\":\"https:\/\/www.nexoinformativo.mx\/index.php\/2024\/12\/18\/mauricio-kuri-y-ken-salazar-celebran-la-union-entre-mexico-y-estados-unidos-en-nueva-embajada\/#primaryimage\",\"url\":\"https:\/\/www.nexoinformativo.mx\/wp-content\/uploads\/2024\/12\/unnamed-1-e1734556281849.jpg\",\"contentUrl\":\"https:\/\/www.nexoinformativo.mx\/wp-content\/uploads\/2024\/12\/unnamed-1-e1734556281849.jpg\",\"width\":800,\"height\":532},{\"@type\":\"BreadcrumbList\",\"@id\":\"https:\/\/www.nexoinformativo.mx\/index.php\/2024\/12\/18\/mauricio-kuri-y-ken-salazar-celebran-la-union-entre-mexico-y-estados-unidos-en-nueva-embajada\/#breadcrumb\",\"itemListElement\":[{\"@type\":\"ListItem\",\"position\":1,\"name\":\"Inicio\",\"item\":\"https:\/\/www.nexoinformativo.mx\/\"},{\"@type\":\"ListItem\",\"position\":2,\"name\":\"Mauricio Kuri y Ken Salazar celebran la uni\u00f3n entre M\u00e9xico y Estados Unidos en nueva embajada\"}]},{\"@type\":\"WebSite\",\"@id\":\"https:\/\/www.nexoinformativo.mx\/#website\",\"url\":\"https:\/\/www.nexoinformativo.mx\/\",\"name\":\"Nexo Informativo Santiago de Quer\u00e9taro\",\"description\":\"Explora NexoInformativo y convi\u00e9rtete en parte de una comunidad que valora el conocimiento y la verdad. Tu nexoinformativo es tu puente hacia una comprensi\u00f3n m\u00e1s profunda del mundo que te rodea.\",\"publisher\":{\"@id\":\"https:\/\/www.nexoinformativo.mx\/#organization\"},\"potentialAction\":[{\"@type\":\"SearchAction\",\"target\":{\"@type\":\"EntryPoint\",\"urlTemplate\":\"https:\/\/www.nexoinformativo.mx\/?s={search_term_string}\"},\"query-input\":{\"@type\":\"PropertyValueSpecification\",\"valueRequired\":true,\"valueName\":\"search_term_string\"}}],\"inLanguage\":\"es\"},{\"@type\":\"Organization\",\"@id\":\"https:\/\/www.nexoinformativo.mx\/#organization\",\"name\":\"Nexo Informativo Santiago de Quer\u00e9taro\",\"url\":\"https:\/\/www.nexoinformativo.mx\/\",\"logo\":{\"@type\":\"ImageObject\",\"inLanguage\":\"es\",\"@id\":\"https:\/\/www.nexoinformativo.mx\/#\/schema\/logo\/image\/\",\"url\":\"https:\/\/www.nexoinformativo.mx\/wp-content\/uploads\/2024\/07\/nexoi-trasparente-2.png\",\"contentUrl\":\"https:\/\/www.nexoinformativo.mx\/wp-content\/uploads\/2024\/07\/nexoi-trasparente-2.png\",\"width\":816,\"height\":339,\"caption\":\"Nexo Informativo Santiago de Quer\u00e9taro\"},\"image\":{\"@id\":\"https:\/\/www.nexoinformativo.mx\/#\/schema\/logo\/image\/\"},\"sameAs\":[\"https:\/\/www.facebook.com\/people\/Nexo-Informativo\/61564066885511\/\"]},{\"@type\":\"Person\",\"@id\":\"https:\/\/www.nexoinformativo.mx\/#\/schema\/person\/7749d380ba08c8ca00d7bc76fd907b7d\",\"name\":\"Nexo Informativo\",\"image\":{\"@type\":\"ImageObject\",\"inLanguage\":\"es\",\"@id\":\"https:\/\/www.nexoinformativo.mx\/#\/schema\/person\/image\/\",\"url\":\"https:\/\/secure.gravatar.com\/avatar\/dde2928154642a13d95f87ddf1ea9718fe2b46760a005c53e41ff5ad610704e6?s=96&d=mm&r=g\",\"contentUrl\":\"https:\/\/secure.gravatar.com\/avatar\/dde2928154642a13d95f87ddf1ea9718fe2b46760a005c53e41ff5ad610704e6?s=96&d=mm&r=g\",\"caption\":\"Nexo Informativo\"},\"url\":\"https:\/\/www.nexoinformativo.mx\/index.php\/author\/edicion\/\"}]}<\/script>\n<!-- \/ Yoast SEO plugin. -->","yoast_head_json":{"title":"Mauricio Kuri y Ken Salazar celebran la uni\u00f3n entre M\u00e9xico y Estados Unidos en nueva embajada | Nexo Informativo Santiago de Quer\u00e9taro","description":"Mauricio Kuri y Ken Salazar Kuri y Salazar celebran la uni\u00f3n entre M\u00e9xico y Estados Unidos en nueva embajada","robots":{"index":"index","follow":"follow","max-snippet":"max-snippet:-1","max-image-preview":"max-image-preview:large","max-video-preview":"max-video-preview:-1"},"canonical":"https:\/\/www.nexoinformativo.mx\/index.php\/2024\/12\/18\/mauricio-kuri-y-ken-salazar-celebran-la-union-entre-mexico-y-estados-unidos-en-nueva-embajada\/","og_locale":"es_MX","og_type":"article","og_title":"Mauricio Kuri y Ken Salazar celebran la uni\u00f3n entre M\u00e9xico y Estados Unidos en nueva embajada | Nexo Informativo Santiago de Quer\u00e9taro","og_description":"Mauricio Kuri y Ken Salazar Kuri y Salazar celebran la uni\u00f3n entre M\u00e9xico y Estados Unidos en nueva embajada","og_url":"https:\/\/www.nexoinformativo.mx\/index.php\/2024\/12\/18\/mauricio-kuri-y-ken-salazar-celebran-la-union-entre-mexico-y-estados-unidos-en-nueva-embajada\/","og_site_name":"Nexo Informativo Santiago de Quer\u00e9taro","article_publisher":"https:\/\/www.facebook.com\/people\/Nexo-Informativo\/61564066885511\/","article_published_time":"2024-12-18T14:00:35+00:00","article_modified_time":"2024-12-18T21:11:30+00:00","og_image":[{"width":800,"height":532,"url":"https:\/\/www.nexoinformativo.mx\/wp-content\/uploads\/2024\/12\/unnamed-1-e1734556281849.jpg","type":"image\/jpeg"}],"author":"Nexo Informativo","twitter_card":"summary_large_image","twitter_misc":{"Escrito por":"Nexo Informativo","Tiempo de lectura":"1 minuto"},"schema":{"@context":"https:\/\/schema.org","@graph":[{"@type":"Article","@id":"https:\/\/www.nexoinformativo.mx\/index.php\/2024\/12\/18\/mauricio-kuri-y-ken-salazar-celebran-la-union-entre-mexico-y-estados-unidos-en-nueva-embajada\/#article","isPartOf":{"@id":"https:\/\/www.nexoinformativo.mx\/index.php\/2024\/12\/18\/mauricio-kuri-y-ken-salazar-celebran-la-union-entre-mexico-y-estados-unidos-en-nueva-embajada\/"},"author":{"name":"Nexo Informativo","@id":"https:\/\/www.nexoinformativo.mx\/#\/schema\/person\/7749d380ba08c8ca00d7bc76fd907b7d"},"headline":"Mauricio Kuri y Ken Salazar celebran la uni\u00f3n entre M\u00e9xico y Estados Unidos en nueva embajada","datePublished":"2024-12-18T14:00:35+00:00","dateModified":"2024-12-18T21:11:30+00:00","mainEntityOfPage":{"@id":"https:\/\/www.nexoinformativo.mx\/index.php\/2024\/12\/18\/mauricio-kuri-y-ken-salazar-celebran-la-union-entre-mexico-y-estados-unidos-en-nueva-embajada\/"},"wordCount":222,"commentCount":0,"publisher":{"@id":"https:\/\/www.nexoinformativo.mx\/#organization"},"image":{"@id":"https:\/\/www.nexoinformativo.mx\/index.php\/2024\/12\/18\/mauricio-kuri-y-ken-salazar-celebran-la-union-entre-mexico-y-estados-unidos-en-nueva-embajada\/#primaryimage"},"thumbnailUrl":"https:\/\/www.nexoinformativo.mx\/wp-content\/uploads\/2024\/12\/unnamed-1-e1734556281849.jpg","keywords":["EmbajadaEU","MauricioKuri","M\u00e9xicoEstadosUnidos","RelacionesBilaterales"],"articleSection":["Nacional","\u00daltima Hora"],"inLanguage":"es","potentialAction":[{"@type":"CommentAction","name":"Comment","target":["https:\/\/www.nexoinformativo.mx\/index.php\/2024\/12\/18\/mauricio-kuri-y-ken-salazar-celebran-la-union-entre-mexico-y-estados-unidos-en-nueva-embajada\/#respond"]}]},{"@type":"WebPage","@id":"https:\/\/www.nexoinformativo.mx\/index.php\/2024\/12\/18\/mauricio-kuri-y-ken-salazar-celebran-la-union-entre-mexico-y-estados-unidos-en-nueva-embajada\/","url":"https:\/\/www.nexoinformativo.mx\/index.php\/2024\/12\/18\/mauricio-kuri-y-ken-salazar-celebran-la-union-entre-mexico-y-estados-unidos-en-nueva-embajada\/","name":"Mauricio Kuri y Ken Salazar celebran la uni\u00f3n entre M\u00e9xico y Estados Unidos en nueva embajada | Nexo Informativo Santiago de Quer\u00e9taro","isPartOf":{"@id":"https:\/\/www.nexoinformativo.mx\/#website"},"primaryImageOfPage":{"@id":"https:\/\/www.nexoinformativo.mx\/index.php\/2024\/12\/18\/mauricio-kuri-y-ken-salazar-celebran-la-union-entre-mexico-y-estados-unidos-en-nueva-embajada\/#primaryimage"},"image":{"@id":"https:\/\/www.nexoinformativo.mx\/index.php\/2024\/12\/18\/mauricio-kuri-y-ken-salazar-celebran-la-union-entre-mexico-y-estados-unidos-en-nueva-embajada\/#primaryimage"},"thumbnailUrl":"https:\/\/www.nexoinformativo.mx\/wp-content\/uploads\/2024\/12\/unnamed-1-e1734556281849.jpg","datePublished":"2024-12-18T14:00:35+00:00","dateModified":"2024-12-18T21:11:30+00:00","description":"Mauricio Kuri y Ken Salazar Kuri y Salazar celebran la uni\u00f3n entre M\u00e9xico y Estados Unidos en nueva embajada","breadcrumb":{"@id":"https:\/\/www.nexoinformativo.mx\/index.php\/2024\/12\/18\/mauricio-kuri-y-ken-salazar-celebran-la-union-entre-mexico-y-estados-unidos-en-nueva-embajada\/#breadcrumb"},"inLanguage":"es","potentialAction":[{"@type":"ReadAction","target":["https:\/\/www.nexoinformativo.mx\/index.php\/2024\/12\/18\/mauricio-kuri-y-ken-salazar-celebran-la-union-entre-mexico-y-estados-unidos-en-nueva-embajada\/"]}]},{"@type":"ImageObject","inLanguage":"es","@id":"https:\/\/www.nexoinformativo.mx\/index.php\/2024\/12\/18\/mauricio-kuri-y-ken-salazar-celebran-la-union-entre-mexico-y-estados-unidos-en-nueva-embajada\/#primaryimage","url":"https:\/\/www.nexoinformativo.mx\/wp-content\/uploads\/2024\/12\/unnamed-1-e1734556281849.jpg","contentUrl":"https:\/\/www.nexoinformativo.mx\/wp-content\/uploads\/2024\/12\/unnamed-1-e1734556281849.jpg","width":800,"height":532},{"@type":"BreadcrumbList","@id":"https:\/\/www.nexoinformativo.mx\/index.php\/2024\/12\/18\/mauricio-kuri-y-ken-salazar-celebran-la-union-entre-mexico-y-estados-unidos-en-nueva-embajada\/#breadcrumb","itemListElement":[{"@type":"ListItem","position":1,"name":"Inicio","item":"https:\/\/www.nexoinformativo.mx\/"},{"@type":"ListItem","position":2,"name":"Mauricio Kuri y Ken Salazar celebran la uni\u00f3n entre M\u00e9xico y Estados Unidos en nueva embajada"}]},{"@type":"WebSite","@id":"https:\/\/www.nexoinformativo.mx\/#website","url":"https:\/\/www.nexoinformativo.mx\/","name":"Nexo Informativo Santiago de Quer\u00e9taro","description":"Explora NexoInformativo y convi\u00e9rtete en parte de una comunidad que valora el conocimiento y la verdad. Tu nexoinformativo es tu puente hacia una comprensi\u00f3n m\u00e1s profunda del mundo que te rodea.","publisher":{"@id":"https:\/\/www.nexoinformativo.mx\/#organization"},"potentialAction":[{"@type":"SearchAction","target":{"@type":"EntryPoint","urlTemplate":"https:\/\/www.nexoinformativo.mx\/?s={search_term_string}"},"query-input":{"@type":"PropertyValueSpecification","valueRequired":true,"valueName":"search_term_string"}}],"inLanguage":"es"},{"@type":"Organization","@id":"https:\/\/www.nexoinformativo.mx\/#organization","name":"Nexo Informativo Santiago de Quer\u00e9taro","url":"https:\/\/www.nexoinformativo.mx\/","logo":{"@type":"ImageObject","inLanguage":"es","@id":"https:\/\/www.nexoinformativo.mx\/#\/schema\/logo\/image\/","url":"https:\/\/www.nexoinformativo.mx\/wp-content\/uploads\/2024\/07\/nexoi-trasparente-2.png","contentUrl":"https:\/\/www.nexoinformativo.mx\/wp-content\/uploads\/2024\/07\/nexoi-trasparente-2.png","width":816,"height":339,"caption":"Nexo Informativo Santiago de Quer\u00e9taro"},"image":{"@id":"https:\/\/www.nexoinformativo.mx\/#\/schema\/logo\/image\/"},"sameAs":["https:\/\/www.facebook.com\/people\/Nexo-Informativo\/61564066885511\/"]},{"@type":"Person","@id":"https:\/\/www.nexoinformativo.mx\/#\/schema\/person\/7749d380ba08c8ca00d7bc76fd907b7d","name":"Nexo Informativo","image":{"@type":"ImageObject","inLanguage":"es","@id":"https:\/\/www.nexoinformativo.mx\/#\/schema\/person\/image\/","url":"https:\/\/secure.gravatar.com\/avatar\/dde2928154642a13d95f87ddf1ea9718fe2b46760a005c53e41ff5ad610704e6?s=96&d=mm&r=g","contentUrl":"https:\/\/secure.gravatar.com\/avatar\/dde2928154642a13d95f87ddf1ea9718fe2b46760a005c53e41ff5ad610704e6?s=96&d=mm&r=g","caption":"Nexo Informativo"},"url":"https:\/\/www.nexoinformativo.mx\/index.php\/author\/edicion\/"}]}},"_links":{"self":[{"href":"https:\/\/www.nexoinformativo.mx\/index.php\/wp-json\/wp\/v2\/posts\/8433","targetHints":{"allow":["GET"]}}],"collection":[{"href":"https:\/\/www.nexoinformativo.mx\/index.php\/wp-json\/wp\/v2\/posts"}],"about":[{"href":"https:\/\/www.nexoinformativo.mx\/index.php\/wp-json\/wp\/v2\/types\/post"}],"author":[{"embeddable":true,"href":"https:\/\/www.nexoinformativo.mx\/index.php\/wp-json\/wp\/v2\/users\/3"}],"replies":[{"embeddable":true,"href":"https:\/\/www.nexoinformativo.mx\/index.php\/wp-json\/wp\/v2\/comments?post=8433"}],"version-history":[{"count":2,"href":"https:\/\/www.nexoinformativo.mx\/index.php\/wp-json\/wp\/v2\/posts\/8433\/revisions"}],"predecessor-version":[{"id":8436,"href":"https:\/\/www.nexoinformativo.mx\/index.php\/wp-json\/wp\/v2\/posts\/8433\/revisions\/8436"}],"wp:featuredmedia":[{"embeddable":true,"href":"https:\/\/www.nexoinformativo.mx\/index.php\/wp-json\/wp\/v2\/media\/8444"}],"wp:attachment":[{"href":"https:\/\/www.nexoinformativo.mx\/index.php\/wp-json\/wp\/v2\/media?parent=8433"}],"wp:term":[{"taxonomy":"category","embeddable":true,"href":"https:\/\/www.nexoinformativo.mx\/index.php\/wp-json\/wp\/v2\/categories?post=8433"},{"taxonomy":"post_tag","embeddable":true,"href":"https:\/\/www.nexoinformativo.mx\/index.php\/wp-json\/wp\/v2\/tags?post=8433"}],"curies":[{"name":"wp","href":"https:\/\/api.w.org\/{rel}","templated":true}]}}