{"id":8438,"date":"2024-12-18T12:00:22","date_gmt":"2024-12-18T18:00:22","guid":{"rendered":"https:\/\/www.nexoinformativo.mx\/?p=8438"},"modified":"2024-12-18T14:00:37","modified_gmt":"2024-12-18T20:00:37","slug":"coparmex-alerta-sobre-riesgos-de-la-reforma-al-infonavit-amenaza-para-los-ahorros-de-los-trabajadores","status":"publish","type":"post","link":"https:\/\/www.nexoinformativo.mx\/index.php\/2024\/12\/18\/coparmex-alerta-sobre-riesgos-de-la-reforma-al-infonavit-amenaza-para-los-ahorros-de-los-trabajadores\/","title":{"rendered":"Coparmex alerta sobre riesgos de la reforma al Infonavit: \u00bfAmenaza para los ahorros de los trabajadores?"},"content":{"rendered":"<p style=\"text-align: justify;\" data-sourcepos=\"11:1-11:403\">La Confederaci\u00f3n Patronal de la Rep\u00fablica Mexicana (Coparmex) Quer\u00e9taro ha expresado su preocupaci\u00f3n ante la reciente propuesta de reforma al Instituto del Fondo Nacional de la Vivienda para los Trabajadores (Infonavit).<\/p>\n<p>&nbsp;<\/p>\n<p style=\"text-align: justify;\" data-sourcepos=\"11:1-11:403\">La organizaci\u00f3n empresarial advierte sobre los posibles riesgos que esta reforma representa para los ahorros de los trabajadores y la transparencia en la gesti\u00f3n de los recursos.<\/p>\n<p>&nbsp;<\/p>\n<p style=\"text-align: justify;\" data-sourcepos=\"13:1-13:312\">Uno de los principales temores de Coparmex es la posibilidad de un uso pol\u00edtico de los fondos del Infonavit. Al otorgar mayor discrecionalidad al gobierno en la gesti\u00f3n de estos recursos, se abre la puerta a proyectos ineficientes o con fines populistas, poniendo en riesgo el patrimonio de los trabajadores.<\/p>\n<p>&nbsp;<\/p>\n<p style=\"text-align: justify;\" data-sourcepos=\"15:1-15:307\">Otro aspecto preocupante es la eliminaci\u00f3n de las Direcciones Generales Sectoriales, lo que debilita los contrapesos institucionales y concentra el poder en el gobierno. Adem\u00e1s, la creaci\u00f3n de una filial constructora podr\u00eda generar sobrecostos, corrupci\u00f3n e ineficiencia en la construcci\u00f3n de viviendas.<\/p>\n<p>&nbsp;<\/p>\n<p style=\"text-align: justify;\" data-sourcepos=\"17:1-17:218\">La l\u00edder de Coparmex Quer\u00e9taro, Beatriz Hern\u00e1ndez, tambi\u00e9n alert\u00f3 sobre la posibilidad de que este modelo se extienda a otras instituciones, como las Afores, poniendo en riesgo los ahorros de millones de mexicanos.<\/p>\n<p>&nbsp;<\/p>\n<p style=\"text-align: justify;\" data-sourcepos=\"19:1-19:165\">La desvinculaci\u00f3n del Infonavit de la supervisi\u00f3n bancaria es otro punto de preocupaci\u00f3n, ya que podr\u00eda debilitar la transparencia y la sostenibilidad de los fondos.<\/p>\n<p>&nbsp;<\/p>\n<p style=\"text-align: justify;\" data-sourcepos=\"21:1-21:252\">La propuesta de reforma plantea un nuevo modelo de arrendamiento social y una reorganizaci\u00f3n del gobierno corporativo del Infonavit, lo que, seg\u00fan Coparmex, podr\u00eda generar mayor control gubernamental y limitar la representaci\u00f3n de los trabajadores.<\/p>\n<p>&nbsp;<\/p>\n<p style=\"text-align: justify;\" data-sourcepos=\"23:1-23:197\">La organizaci\u00f3n empresarial ha pedido un di\u00e1logo abierto y transparente para analizar a fondo las implicaciones de esta reforma y garantizar que los cambios beneficien realmente a los trabajadores.<\/p>\n<p>&nbsp;<\/p>\n<p style=\"text-align: center;\" data-sourcepos=\"23:1-23:197\"><em><strong>\u00a1Informaci\u00f3n que transforma!<\/strong><\/em><\/p>\n","protected":false},"excerpt":{"rendered":"<p>La Confederaci\u00f3n Patronal de la Rep\u00fablica Mexicana (Coparmex) Quer\u00e9taro ha expresado su preocupaci\u00f3n ante la reciente propuesta de reforma al Instituto del Fondo Nacional de la Vivienda para los Trabajadores (Infonavit).\u00a0<\/p>\n","protected":false},"author":3,"featured_media":8439,"comment_status":"open","ping_status":"open","sticky":false,"template":"","format":"standard","meta":{"footnotes":""},"categories":[42,58],"tags":[2736,2066,2735,2737],"class_list":["post-8438","post","type-post","status-publish","format-standard","has-post-thumbnail","hentry","category-estado","category-ultima-hora","tag-ahorrostrabajadores","tag-coparmex","tag-reformainfonavit","tag-vivienda"],"yoast_head":"<!-- This site is optimized with the Yoast SEO plugin v25.0 - https:\/\/yoast.com\/wordpress\/plugins\/seo\/ -->\n<title>Coparmex alerta sobre riesgos de la reforma al Infonavit: \u00bfAmenaza para los ahorros de los trabajadores? | Nexo Informativo Santiago de Quer\u00e9taro<\/title>\n<meta name=\"description\" content=\"Coparmex alerta sobre riesgos de la reforma al Infonavit: \u00bfAmenaza para los ahorros de los trabajadores?\" \/>\n<meta name=\"robots\" content=\"index, follow, max-snippet:-1, max-image-preview:large, max-video-preview:-1\" \/>\n<link rel=\"canonical\" href=\"https:\/\/www.nexoinformativo.mx\/index.php\/2024\/12\/18\/coparmex-alerta-sobre-riesgos-de-la-reforma-al-infonavit-amenaza-para-los-ahorros-de-los-trabajadores\/\" \/>\n<meta property=\"og:locale\" content=\"es_MX\" \/>\n<meta property=\"og:type\" content=\"article\" \/>\n<meta property=\"og:title\" content=\"Coparmex alerta sobre riesgos de la reforma al Infonavit: \u00bfAmenaza para los ahorros de los trabajadores? | Nexo Informativo Santiago de Quer\u00e9taro\" \/>\n<meta property=\"og:description\" content=\"Coparmex alerta sobre riesgos de la reforma al Infonavit: \u00bfAmenaza para los ahorros de los trabajadores?\" \/>\n<meta property=\"og:url\" content=\"https:\/\/www.nexoinformativo.mx\/index.php\/2024\/12\/18\/coparmex-alerta-sobre-riesgos-de-la-reforma-al-infonavit-amenaza-para-los-ahorros-de-los-trabajadores\/\" \/>\n<meta property=\"og:site_name\" content=\"Nexo Informativo Santiago de Quer\u00e9taro\" \/>\n<meta property=\"article:publisher\" content=\"https:\/\/www.facebook.com\/people\/Nexo-Informativo\/61564066885511\/\" \/>\n<meta property=\"article:published_time\" content=\"2024-12-18T18:00:22+00:00\" \/>\n<meta property=\"article:modified_time\" content=\"2024-12-18T20:00:37+00:00\" \/>\n<meta property=\"og:image\" content=\"https:\/\/www.nexoinformativo.mx\/wp-content\/uploads\/2024\/12\/PHOTO-2024-12-18-12-01-35-e1734551900877.jpg\" \/>\n\t<meta property=\"og:image:width\" content=\"800\" \/>\n\t<meta property=\"og:image:height\" content=\"534\" \/>\n\t<meta property=\"og:image:type\" content=\"image\/jpeg\" \/>\n<meta name=\"author\" content=\"Nexo Informativo\" \/>\n<meta name=\"twitter:card\" content=\"summary_large_image\" \/>\n<meta name=\"twitter:label1\" content=\"Escrito por\" \/>\n\t<meta name=\"twitter:data1\" content=\"Nexo Informativo\" \/>\n\t<meta name=\"twitter:label2\" content=\"Tiempo de lectura\" \/>\n\t<meta name=\"twitter:data2\" content=\"2 minutos\" \/>\n<script type=\"application\/ld+json\" class=\"yoast-schema-graph\">{\"@context\":\"https:\/\/schema.org\",\"@graph\":[{\"@type\":\"Article\",\"@id\":\"https:\/\/www.nexoinformativo.mx\/index.php\/2024\/12\/18\/coparmex-alerta-sobre-riesgos-de-la-reforma-al-infonavit-amenaza-para-los-ahorros-de-los-trabajadores\/#article\",\"isPartOf\":{\"@id\":\"https:\/\/www.nexoinformativo.mx\/index.php\/2024\/12\/18\/coparmex-alerta-sobre-riesgos-de-la-reforma-al-infonavit-amenaza-para-los-ahorros-de-los-trabajadores\/\"},\"author\":{\"name\":\"Nexo Informativo\",\"@id\":\"https:\/\/www.nexoinformativo.mx\/#\/schema\/person\/7749d380ba08c8ca00d7bc76fd907b7d\"},\"headline\":\"Coparmex alerta sobre riesgos de la reforma al Infonavit: \u00bfAmenaza para los ahorros de los trabajadores?\",\"datePublished\":\"2024-12-18T18:00:22+00:00\",\"dateModified\":\"2024-12-18T20:00:37+00:00\",\"mainEntityOfPage\":{\"@id\":\"https:\/\/www.nexoinformativo.mx\/index.php\/2024\/12\/18\/coparmex-alerta-sobre-riesgos-de-la-reforma-al-infonavit-amenaza-para-los-ahorros-de-los-trabajadores\/\"},\"wordCount\":328,\"commentCount\":0,\"publisher\":{\"@id\":\"https:\/\/www.nexoinformativo.mx\/#organization\"},\"image\":{\"@id\":\"https:\/\/www.nexoinformativo.mx\/index.php\/2024\/12\/18\/coparmex-alerta-sobre-riesgos-de-la-reforma-al-infonavit-amenaza-para-los-ahorros-de-los-trabajadores\/#primaryimage\"},\"thumbnailUrl\":\"https:\/\/www.nexoinformativo.mx\/wp-content\/uploads\/2024\/12\/PHOTO-2024-12-18-12-01-35-e1734551900877.jpg\",\"keywords\":[\"AhorrosTrabajadores\",\"Coparmex\",\"ReformaInfonavit\",\"Vivienda\"],\"articleSection\":[\"Estado\",\"\u00daltima Hora\"],\"inLanguage\":\"es\",\"potentialAction\":[{\"@type\":\"CommentAction\",\"name\":\"Comment\",\"target\":[\"https:\/\/www.nexoinformativo.mx\/index.php\/2024\/12\/18\/coparmex-alerta-sobre-riesgos-de-la-reforma-al-infonavit-amenaza-para-los-ahorros-de-los-trabajadores\/#respond\"]}]},{\"@type\":\"WebPage\",\"@id\":\"https:\/\/www.nexoinformativo.mx\/index.php\/2024\/12\/18\/coparmex-alerta-sobre-riesgos-de-la-reforma-al-infonavit-amenaza-para-los-ahorros-de-los-trabajadores\/\",\"url\":\"https:\/\/www.nexoinformativo.mx\/index.php\/2024\/12\/18\/coparmex-alerta-sobre-riesgos-de-la-reforma-al-infonavit-amenaza-para-los-ahorros-de-los-trabajadores\/\",\"name\":\"Coparmex alerta sobre riesgos de la reforma al Infonavit: \u00bfAmenaza para los ahorros de los trabajadores? | Nexo Informativo Santiago de Quer\u00e9taro\",\"isPartOf\":{\"@id\":\"https:\/\/www.nexoinformativo.mx\/#website\"},\"primaryImageOfPage\":{\"@id\":\"https:\/\/www.nexoinformativo.mx\/index.php\/2024\/12\/18\/coparmex-alerta-sobre-riesgos-de-la-reforma-al-infonavit-amenaza-para-los-ahorros-de-los-trabajadores\/#primaryimage\"},\"image\":{\"@id\":\"https:\/\/www.nexoinformativo.mx\/index.php\/2024\/12\/18\/coparmex-alerta-sobre-riesgos-de-la-reforma-al-infonavit-amenaza-para-los-ahorros-de-los-trabajadores\/#primaryimage\"},\"thumbnailUrl\":\"https:\/\/www.nexoinformativo.mx\/wp-content\/uploads\/2024\/12\/PHOTO-2024-12-18-12-01-35-e1734551900877.jpg\",\"datePublished\":\"2024-12-18T18:00:22+00:00\",\"dateModified\":\"2024-12-18T20:00:37+00:00\",\"description\":\"Coparmex alerta sobre riesgos de la reforma al Infonavit: \u00bfAmenaza para los ahorros de los trabajadores?\",\"breadcrumb\":{\"@id\":\"https:\/\/www.nexoinformativo.mx\/index.php\/2024\/12\/18\/coparmex-alerta-sobre-riesgos-de-la-reforma-al-infonavit-amenaza-para-los-ahorros-de-los-trabajadores\/#breadcrumb\"},\"inLanguage\":\"es\",\"potentialAction\":[{\"@type\":\"ReadAction\",\"target\":[\"https:\/\/www.nexoinformativo.mx\/index.php\/2024\/12\/18\/coparmex-alerta-sobre-riesgos-de-la-reforma-al-infonavit-amenaza-para-los-ahorros-de-los-trabajadores\/\"]}]},{\"@type\":\"ImageObject\",\"inLanguage\":\"es\",\"@id\":\"https:\/\/www.nexoinformativo.mx\/index.php\/2024\/12\/18\/coparmex-alerta-sobre-riesgos-de-la-reforma-al-infonavit-amenaza-para-los-ahorros-de-los-trabajadores\/#primaryimage\",\"url\":\"https:\/\/www.nexoinformativo.mx\/wp-content\/uploads\/2024\/12\/PHOTO-2024-12-18-12-01-35-e1734551900877.jpg\",\"contentUrl\":\"https:\/\/www.nexoinformativo.mx\/wp-content\/uploads\/2024\/12\/PHOTO-2024-12-18-12-01-35-e1734551900877.jpg\",\"width\":800,\"height\":534},{\"@type\":\"BreadcrumbList\",\"@id\":\"https:\/\/www.nexoinformativo.mx\/index.php\/2024\/12\/18\/coparmex-alerta-sobre-riesgos-de-la-reforma-al-infonavit-amenaza-para-los-ahorros-de-los-trabajadores\/#breadcrumb\",\"itemListElement\":[{\"@type\":\"ListItem\",\"position\":1,\"name\":\"Inicio\",\"item\":\"https:\/\/www.nexoinformativo.mx\/\"},{\"@type\":\"ListItem\",\"position\":2,\"name\":\"Coparmex alerta sobre riesgos de la reforma al Infonavit: \u00bfAmenaza para los ahorros de los trabajadores?\"}]},{\"@type\":\"WebSite\",\"@id\":\"https:\/\/www.nexoinformativo.mx\/#website\",\"url\":\"https:\/\/www.nexoinformativo.mx\/\",\"name\":\"Nexo Informativo Santiago de Quer\u00e9taro\",\"description\":\"Explora NexoInformativo y convi\u00e9rtete en parte de una comunidad que valora el conocimiento y la verdad. Tu nexoinformativo es tu puente hacia una comprensi\u00f3n m\u00e1s profunda del mundo que te rodea.\",\"publisher\":{\"@id\":\"https:\/\/www.nexoinformativo.mx\/#organization\"},\"potentialAction\":[{\"@type\":\"SearchAction\",\"target\":{\"@type\":\"EntryPoint\",\"urlTemplate\":\"https:\/\/www.nexoinformativo.mx\/?s={search_term_string}\"},\"query-input\":{\"@type\":\"PropertyValueSpecification\",\"valueRequired\":true,\"valueName\":\"search_term_string\"}}],\"inLanguage\":\"es\"},{\"@type\":\"Organization\",\"@id\":\"https:\/\/www.nexoinformativo.mx\/#organization\",\"name\":\"Nexo Informativo Santiago de Quer\u00e9taro\",\"url\":\"https:\/\/www.nexoinformativo.mx\/\",\"logo\":{\"@type\":\"ImageObject\",\"inLanguage\":\"es\",\"@id\":\"https:\/\/www.nexoinformativo.mx\/#\/schema\/logo\/image\/\",\"url\":\"https:\/\/www.nexoinformativo.mx\/wp-content\/uploads\/2024\/07\/nexoi-trasparente-2.png\",\"contentUrl\":\"https:\/\/www.nexoinformativo.mx\/wp-content\/uploads\/2024\/07\/nexoi-trasparente-2.png\",\"width\":816,\"height\":339,\"caption\":\"Nexo Informativo Santiago de Quer\u00e9taro\"},\"image\":{\"@id\":\"https:\/\/www.nexoinformativo.mx\/#\/schema\/logo\/image\/\"},\"sameAs\":[\"https:\/\/www.facebook.com\/people\/Nexo-Informativo\/61564066885511\/\"]},{\"@type\":\"Person\",\"@id\":\"https:\/\/www.nexoinformativo.mx\/#\/schema\/person\/7749d380ba08c8ca00d7bc76fd907b7d\",\"name\":\"Nexo Informativo\",\"image\":{\"@type\":\"ImageObject\",\"inLanguage\":\"es\",\"@id\":\"https:\/\/www.nexoinformativo.mx\/#\/schema\/person\/image\/\",\"url\":\"https:\/\/secure.gravatar.com\/avatar\/dde2928154642a13d95f87ddf1ea9718fe2b46760a005c53e41ff5ad610704e6?s=96&d=mm&r=g\",\"contentUrl\":\"https:\/\/secure.gravatar.com\/avatar\/dde2928154642a13d95f87ddf1ea9718fe2b46760a005c53e41ff5ad610704e6?s=96&d=mm&r=g\",\"caption\":\"Nexo Informativo\"},\"url\":\"https:\/\/www.nexoinformativo.mx\/index.php\/author\/edicion\/\"}]}<\/script>\n<!-- \/ Yoast SEO plugin. -->","yoast_head_json":{"title":"Coparmex alerta sobre riesgos de la reforma al Infonavit: \u00bfAmenaza para los ahorros de los trabajadores? | Nexo Informativo Santiago de Quer\u00e9taro","description":"Coparmex alerta sobre riesgos de la reforma al Infonavit: \u00bfAmenaza para los ahorros de los trabajadores?","robots":{"index":"index","follow":"follow","max-snippet":"max-snippet:-1","max-image-preview":"max-image-preview:large","max-video-preview":"max-video-preview:-1"},"canonical":"https:\/\/www.nexoinformativo.mx\/index.php\/2024\/12\/18\/coparmex-alerta-sobre-riesgos-de-la-reforma-al-infonavit-amenaza-para-los-ahorros-de-los-trabajadores\/","og_locale":"es_MX","og_type":"article","og_title":"Coparmex alerta sobre riesgos de la reforma al Infonavit: \u00bfAmenaza para los ahorros de los trabajadores? | Nexo Informativo Santiago de Quer\u00e9taro","og_description":"Coparmex alerta sobre riesgos de la reforma al Infonavit: \u00bfAmenaza para los ahorros de los trabajadores?","og_url":"https:\/\/www.nexoinformativo.mx\/index.php\/2024\/12\/18\/coparmex-alerta-sobre-riesgos-de-la-reforma-al-infonavit-amenaza-para-los-ahorros-de-los-trabajadores\/","og_site_name":"Nexo Informativo Santiago de Quer\u00e9taro","article_publisher":"https:\/\/www.facebook.com\/people\/Nexo-Informativo\/61564066885511\/","article_published_time":"2024-12-18T18:00:22+00:00","article_modified_time":"2024-12-18T20:00:37+00:00","og_image":[{"width":800,"height":534,"url":"https:\/\/www.nexoinformativo.mx\/wp-content\/uploads\/2024\/12\/PHOTO-2024-12-18-12-01-35-e1734551900877.jpg","type":"image\/jpeg"}],"author":"Nexo Informativo","twitter_card":"summary_large_image","twitter_misc":{"Escrito por":"Nexo Informativo","Tiempo de lectura":"2 minutos"},"schema":{"@context":"https:\/\/schema.org","@graph":[{"@type":"Article","@id":"https:\/\/www.nexoinformativo.mx\/index.php\/2024\/12\/18\/coparmex-alerta-sobre-riesgos-de-la-reforma-al-infonavit-amenaza-para-los-ahorros-de-los-trabajadores\/#article","isPartOf":{"@id":"https:\/\/www.nexoinformativo.mx\/index.php\/2024\/12\/18\/coparmex-alerta-sobre-riesgos-de-la-reforma-al-infonavit-amenaza-para-los-ahorros-de-los-trabajadores\/"},"author":{"name":"Nexo Informativo","@id":"https:\/\/www.nexoinformativo.mx\/#\/schema\/person\/7749d380ba08c8ca00d7bc76fd907b7d"},"headline":"Coparmex alerta sobre riesgos de la reforma al Infonavit: \u00bfAmenaza para los ahorros de los trabajadores?","datePublished":"2024-12-18T18:00:22+00:00","dateModified":"2024-12-18T20:00:37+00:00","mainEntityOfPage":{"@id":"https:\/\/www.nexoinformativo.mx\/index.php\/2024\/12\/18\/coparmex-alerta-sobre-riesgos-de-la-reforma-al-infonavit-amenaza-para-los-ahorros-de-los-trabajadores\/"},"wordCount":328,"commentCount":0,"publisher":{"@id":"https:\/\/www.nexoinformativo.mx\/#organization"},"image":{"@id":"https:\/\/www.nexoinformativo.mx\/index.php\/2024\/12\/18\/coparmex-alerta-sobre-riesgos-de-la-reforma-al-infonavit-amenaza-para-los-ahorros-de-los-trabajadores\/#primaryimage"},"thumbnailUrl":"https:\/\/www.nexoinformativo.mx\/wp-content\/uploads\/2024\/12\/PHOTO-2024-12-18-12-01-35-e1734551900877.jpg","keywords":["AhorrosTrabajadores","Coparmex","ReformaInfonavit","Vivienda"],"articleSection":["Estado","\u00daltima Hora"],"inLanguage":"es","potentialAction":[{"@type":"CommentAction","name":"Comment","target":["https:\/\/www.nexoinformativo.mx\/index.php\/2024\/12\/18\/coparmex-alerta-sobre-riesgos-de-la-reforma-al-infonavit-amenaza-para-los-ahorros-de-los-trabajadores\/#respond"]}]},{"@type":"WebPage","@id":"https:\/\/www.nexoinformativo.mx\/index.php\/2024\/12\/18\/coparmex-alerta-sobre-riesgos-de-la-reforma-al-infonavit-amenaza-para-los-ahorros-de-los-trabajadores\/","url":"https:\/\/www.nexoinformativo.mx\/index.php\/2024\/12\/18\/coparmex-alerta-sobre-riesgos-de-la-reforma-al-infonavit-amenaza-para-los-ahorros-de-los-trabajadores\/","name":"Coparmex alerta sobre riesgos de la reforma al Infonavit: \u00bfAmenaza para los ahorros de los trabajadores? | Nexo Informativo Santiago de Quer\u00e9taro","isPartOf":{"@id":"https:\/\/www.nexoinformativo.mx\/#website"},"primaryImageOfPage":{"@id":"https:\/\/www.nexoinformativo.mx\/index.php\/2024\/12\/18\/coparmex-alerta-sobre-riesgos-de-la-reforma-al-infonavit-amenaza-para-los-ahorros-de-los-trabajadores\/#primaryimage"},"image":{"@id":"https:\/\/www.nexoinformativo.mx\/index.php\/2024\/12\/18\/coparmex-alerta-sobre-riesgos-de-la-reforma-al-infonavit-amenaza-para-los-ahorros-de-los-trabajadores\/#primaryimage"},"thumbnailUrl":"https:\/\/www.nexoinformativo.mx\/wp-content\/uploads\/2024\/12\/PHOTO-2024-12-18-12-01-35-e1734551900877.jpg","datePublished":"2024-12-18T18:00:22+00:00","dateModified":"2024-12-18T20:00:37+00:00","description":"Coparmex alerta sobre riesgos de la reforma al Infonavit: \u00bfAmenaza para los ahorros de los trabajadores?","breadcrumb":{"@id":"https:\/\/www.nexoinformativo.mx\/index.php\/2024\/12\/18\/coparmex-alerta-sobre-riesgos-de-la-reforma-al-infonavit-amenaza-para-los-ahorros-de-los-trabajadores\/#breadcrumb"},"inLanguage":"es","potentialAction":[{"@type":"ReadAction","target":["https:\/\/www.nexoinformativo.mx\/index.php\/2024\/12\/18\/coparmex-alerta-sobre-riesgos-de-la-reforma-al-infonavit-amenaza-para-los-ahorros-de-los-trabajadores\/"]}]},{"@type":"ImageObject","inLanguage":"es","@id":"https:\/\/www.nexoinformativo.mx\/index.php\/2024\/12\/18\/coparmex-alerta-sobre-riesgos-de-la-reforma-al-infonavit-amenaza-para-los-ahorros-de-los-trabajadores\/#primaryimage","url":"https:\/\/www.nexoinformativo.mx\/wp-content\/uploads\/2024\/12\/PHOTO-2024-12-18-12-01-35-e1734551900877.jpg","contentUrl":"https:\/\/www.nexoinformativo.mx\/wp-content\/uploads\/2024\/12\/PHOTO-2024-12-18-12-01-35-e1734551900877.jpg","width":800,"height":534},{"@type":"BreadcrumbList","@id":"https:\/\/www.nexoinformativo.mx\/index.php\/2024\/12\/18\/coparmex-alerta-sobre-riesgos-de-la-reforma-al-infonavit-amenaza-para-los-ahorros-de-los-trabajadores\/#breadcrumb","itemListElement":[{"@type":"ListItem","position":1,"name":"Inicio","item":"https:\/\/www.nexoinformativo.mx\/"},{"@type":"ListItem","position":2,"name":"Coparmex alerta sobre riesgos de la reforma al Infonavit: \u00bfAmenaza para los ahorros de los trabajadores?"}]},{"@type":"WebSite","@id":"https:\/\/www.nexoinformativo.mx\/#website","url":"https:\/\/www.nexoinformativo.mx\/","name":"Nexo Informativo Santiago de Quer\u00e9taro","description":"Explora NexoInformativo y convi\u00e9rtete en parte de una comunidad que valora el conocimiento y la verdad. Tu nexoinformativo es tu puente hacia una comprensi\u00f3n m\u00e1s profunda del mundo que te rodea.","publisher":{"@id":"https:\/\/www.nexoinformativo.mx\/#organization"},"potentialAction":[{"@type":"SearchAction","target":{"@type":"EntryPoint","urlTemplate":"https:\/\/www.nexoinformativo.mx\/?s={search_term_string}"},"query-input":{"@type":"PropertyValueSpecification","valueRequired":true,"valueName":"search_term_string"}}],"inLanguage":"es"},{"@type":"Organization","@id":"https:\/\/www.nexoinformativo.mx\/#organization","name":"Nexo Informativo Santiago de Quer\u00e9taro","url":"https:\/\/www.nexoinformativo.mx\/","logo":{"@type":"ImageObject","inLanguage":"es","@id":"https:\/\/www.nexoinformativo.mx\/#\/schema\/logo\/image\/","url":"https:\/\/www.nexoinformativo.mx\/wp-content\/uploads\/2024\/07\/nexoi-trasparente-2.png","contentUrl":"https:\/\/www.nexoinformativo.mx\/wp-content\/uploads\/2024\/07\/nexoi-trasparente-2.png","width":816,"height":339,"caption":"Nexo Informativo Santiago de Quer\u00e9taro"},"image":{"@id":"https:\/\/www.nexoinformativo.mx\/#\/schema\/logo\/image\/"},"sameAs":["https:\/\/www.facebook.com\/people\/Nexo-Informativo\/61564066885511\/"]},{"@type":"Person","@id":"https:\/\/www.nexoinformativo.mx\/#\/schema\/person\/7749d380ba08c8ca00d7bc76fd907b7d","name":"Nexo Informativo","image":{"@type":"ImageObject","inLanguage":"es","@id":"https:\/\/www.nexoinformativo.mx\/#\/schema\/person\/image\/","url":"https:\/\/secure.gravatar.com\/avatar\/dde2928154642a13d95f87ddf1ea9718fe2b46760a005c53e41ff5ad610704e6?s=96&d=mm&r=g","contentUrl":"https:\/\/secure.gravatar.com\/avatar\/dde2928154642a13d95f87ddf1ea9718fe2b46760a005c53e41ff5ad610704e6?s=96&d=mm&r=g","caption":"Nexo Informativo"},"url":"https:\/\/www.nexoinformativo.mx\/index.php\/author\/edicion\/"}]}},"_links":{"self":[{"href":"https:\/\/www.nexoinformativo.mx\/index.php\/wp-json\/wp\/v2\/posts\/8438","targetHints":{"allow":["GET"]}}],"collection":[{"href":"https:\/\/www.nexoinformativo.mx\/index.php\/wp-json\/wp\/v2\/posts"}],"about":[{"href":"https:\/\/www.nexoinformativo.mx\/index.php\/wp-json\/wp\/v2\/types\/post"}],"author":[{"embeddable":true,"href":"https:\/\/www.nexoinformativo.mx\/index.php\/wp-json\/wp\/v2\/users\/3"}],"replies":[{"embeddable":true,"href":"https:\/\/www.nexoinformativo.mx\/index.php\/wp-json\/wp\/v2\/comments?post=8438"}],"version-history":[{"count":4,"href":"https:\/\/www.nexoinformativo.mx\/index.php\/wp-json\/wp\/v2\/posts\/8438\/revisions"}],"predecessor-version":[{"id":8442,"href":"https:\/\/www.nexoinformativo.mx\/index.php\/wp-json\/wp\/v2\/posts\/8438\/revisions\/8442"}],"wp:featuredmedia":[{"embeddable":true,"href":"https:\/\/www.nexoinformativo.mx\/index.php\/wp-json\/wp\/v2\/media\/8439"}],"wp:attachment":[{"href":"https:\/\/www.nexoinformativo.mx\/index.php\/wp-json\/wp\/v2\/media?parent=8438"}],"wp:term":[{"taxonomy":"category","embeddable":true,"href":"https:\/\/www.nexoinformativo.mx\/index.php\/wp-json\/wp\/v2\/categories?post=8438"},{"taxonomy":"post_tag","embeddable":true,"href":"https:\/\/www.nexoinformativo.mx\/index.php\/wp-json\/wp\/v2\/tags?post=8438"}],"curies":[{"name":"wp","href":"https:\/\/api.w.org\/{rel}","templated":true}]}}