{"id":8445,"date":"2024-12-18T14:00:51","date_gmt":"2024-12-18T20:00:51","guid":{"rendered":"https:\/\/www.nexoinformativo.mx\/?p=8445"},"modified":"2024-12-18T19:47:10","modified_gmt":"2024-12-19T01:47:10","slug":"queretaro-pone-freno-a-distracciones-prohibe-el-uso-del-celular-al-volante-en-el-transporte-publico","status":"publish","type":"post","link":"https:\/\/www.nexoinformativo.mx\/index.php\/2024\/12\/18\/queretaro-pone-freno-a-distracciones-prohibe-el-uso-del-celular-al-volante-en-el-transporte-publico\/","title":{"rendered":"Quer\u00e9taro pone freno a distracciones: Proh\u00edbe el uso del celular al volante en el transporte p\u00fablico"},"content":{"rendered":"<p style=\"text-align: justify;\" data-sourcepos=\"11:1-11:294\">A partir de hoy, el transporte p\u00fablico en Quer\u00e9taro ser\u00e1 m\u00e1s seguro. La Agencia de Movilidad del Estado (AMEQ) ha puesto en marcha un nuevo programa que incluye medidas como la prohibici\u00f3n total del uso del celular al volante por parte de los operadores de las unidades del sistema QroBus.<\/p>\n<p>&nbsp;<\/p>\n<p style=\"text-align: justify;\" data-sourcepos=\"13:1-13:233\">Con el objetivo de prevenir accidentes, el programa tambi\u00e9n contempla la realizaci\u00f3n de 300 pruebas de alcoholemia al mes a los conductores, de manera aleatoria, y la instalaci\u00f3n de limitadores de velocidad a 60 km\/h en las unidades.<\/p>\n<p>&nbsp;<\/p>\n<p style=\"text-align: justify;\" data-sourcepos=\"15:1-15:252\">Seg\u00fan Gerardo Cuanalo, director de la AMEQ, esta iniciativa busca reducir los incidentes viales causados por distracciones, ya que las estad\u00edsticas nacionales indican que 9 de cada 10 accidentes en transporte p\u00fablico est\u00e1n relacionados con este factor.<\/p>\n<p>&nbsp;<\/p>\n<p style=\"text-align: justify;\" data-sourcepos=\"17:1-17:292\">Para garantizar el cumplimiento de estas nuevas medidas, se implementar\u00e1 un sistema de c\u00e1maras en los autobuses que detectar\u00e1 el uso del celular por parte de los operadores. En caso de incumplimiento, se aplicar\u00e1n sanciones que pueden ir desde multas hasta la baja definitiva de la concesi\u00f3n.<\/p>\n<p>&nbsp;<\/p>\n<p style=\"text-align: justify;\" data-sourcepos=\"19:1-19:153\">Los usuarios tambi\u00e9n podr\u00e1n contribuir a mejorar la seguridad denunciando cualquier irregularidad a trav\u00e9s de los canales de comunicaci\u00f3n de la AMEQ.<\/p>\n<p>&nbsp;<\/p>\n<p style=\"text-align: justify;\" data-sourcepos=\"21:1-21:190\">Con estas acciones, el gobierno de Quer\u00e9taro demuestra su compromiso con la seguridad vial y busca brindar un servicio de transporte p\u00fablico m\u00e1s confiable y seguro para todos los ciudadanos.<\/p>\n<p>&nbsp;<\/p>\n<p style=\"text-align: center;\" data-sourcepos=\"21:1-21:190\"><em><strong>\u00a1Informaci\u00f3n que transforma!<\/strong><\/em><\/p>\n","protected":false},"excerpt":{"rendered":"<p>A partir de hoy, el transporte p\u00fablico en Quer\u00e9taro ser\u00e1 m\u00e1s seguro. La Agencia de Movilidad del Estado (AMEQ) ha puesto en marcha un nuevo programa que incluye medidas como la prohibici\u00f3n total del uso del celular al volante por parte de los operadores de las unidades del sistema QroBus.<\/p>\n","protected":false},"author":3,"featured_media":8446,"comment_status":"open","ping_status":"open","sticky":false,"template":"","format":"standard","meta":{"footnotes":""},"categories":[42,58],"tags":[359,133,151,596],"class_list":["post-8445","post","type-post","status-publish","format-standard","has-post-thumbnail","hentry","category-estado","category-ultima-hora","tag-qrobus","tag-queretaro","tag-seguridadvial","tag-transportepublico"],"yoast_head":"<!-- This site is optimized with the Yoast SEO plugin v25.0 - https:\/\/yoast.com\/wordpress\/plugins\/seo\/ -->\n<title>Quer\u00e9taro pone freno a distracciones: Proh\u00edbe el uso del celular al volante en el transporte p\u00fablico | Nexo Informativo Santiago de Quer\u00e9taro<\/title>\n<meta name=\"description\" content=\"Quer\u00e9taro pone freno a distracciones: Proh\u00edbe el uso del celular al volante en el transporte p\u00fablico\" \/>\n<meta name=\"robots\" content=\"index, follow, max-snippet:-1, max-image-preview:large, max-video-preview:-1\" \/>\n<link rel=\"canonical\" href=\"https:\/\/www.nexoinformativo.mx\/index.php\/2024\/12\/18\/queretaro-pone-freno-a-distracciones-prohibe-el-uso-del-celular-al-volante-en-el-transporte-publico\/\" \/>\n<meta property=\"og:locale\" content=\"es_MX\" \/>\n<meta property=\"og:type\" content=\"article\" \/>\n<meta property=\"og:title\" content=\"Quer\u00e9taro pone freno a distracciones: Proh\u00edbe el uso del celular al volante en el transporte p\u00fablico | Nexo Informativo Santiago de Quer\u00e9taro\" \/>\n<meta property=\"og:description\" content=\"Quer\u00e9taro pone freno a distracciones: Proh\u00edbe el uso del celular al volante en el transporte p\u00fablico\" \/>\n<meta property=\"og:url\" content=\"https:\/\/www.nexoinformativo.mx\/index.php\/2024\/12\/18\/queretaro-pone-freno-a-distracciones-prohibe-el-uso-del-celular-al-volante-en-el-transporte-publico\/\" \/>\n<meta property=\"og:site_name\" content=\"Nexo Informativo Santiago de Quer\u00e9taro\" \/>\n<meta property=\"article:publisher\" content=\"https:\/\/www.facebook.com\/people\/Nexo-Informativo\/61564066885511\/\" \/>\n<meta property=\"article:published_time\" content=\"2024-12-18T20:00:51+00:00\" \/>\n<meta property=\"article:modified_time\" content=\"2024-12-19T01:47:10+00:00\" \/>\n<meta property=\"og:image\" content=\"https:\/\/www.nexoinformativo.mx\/wp-content\/uploads\/2024\/12\/PHOTO-2024-12-18-16-19-42-e1734572708753.jpg\" \/>\n\t<meta property=\"og:image:width\" content=\"800\" \/>\n\t<meta property=\"og:image:height\" content=\"600\" \/>\n\t<meta property=\"og:image:type\" content=\"image\/jpeg\" \/>\n<meta name=\"author\" content=\"Nexo Informativo\" \/>\n<meta name=\"twitter:card\" content=\"summary_large_image\" \/>\n<meta name=\"twitter:label1\" content=\"Escrito por\" \/>\n\t<meta name=\"twitter:data1\" content=\"Nexo Informativo\" \/>\n\t<meta name=\"twitter:label2\" content=\"Tiempo de lectura\" \/>\n\t<meta name=\"twitter:data2\" content=\"2 minutos\" \/>\n<script type=\"application\/ld+json\" class=\"yoast-schema-graph\">{\"@context\":\"https:\/\/schema.org\",\"@graph\":[{\"@type\":\"Article\",\"@id\":\"https:\/\/www.nexoinformativo.mx\/index.php\/2024\/12\/18\/queretaro-pone-freno-a-distracciones-prohibe-el-uso-del-celular-al-volante-en-el-transporte-publico\/#article\",\"isPartOf\":{\"@id\":\"https:\/\/www.nexoinformativo.mx\/index.php\/2024\/12\/18\/queretaro-pone-freno-a-distracciones-prohibe-el-uso-del-celular-al-volante-en-el-transporte-publico\/\"},\"author\":{\"name\":\"Nexo Informativo\",\"@id\":\"https:\/\/www.nexoinformativo.mx\/#\/schema\/person\/7749d380ba08c8ca00d7bc76fd907b7d\"},\"headline\":\"Quer\u00e9taro pone freno a distracciones: Proh\u00edbe el uso del celular al volante en el transporte p\u00fablico\",\"datePublished\":\"2024-12-18T20:00:51+00:00\",\"dateModified\":\"2024-12-19T01:47:10+00:00\",\"mainEntityOfPage\":{\"@id\":\"https:\/\/www.nexoinformativo.mx\/index.php\/2024\/12\/18\/queretaro-pone-freno-a-distracciones-prohibe-el-uso-del-celular-al-volante-en-el-transporte-publico\/\"},\"wordCount\":271,\"commentCount\":0,\"publisher\":{\"@id\":\"https:\/\/www.nexoinformativo.mx\/#organization\"},\"image\":{\"@id\":\"https:\/\/www.nexoinformativo.mx\/index.php\/2024\/12\/18\/queretaro-pone-freno-a-distracciones-prohibe-el-uso-del-celular-al-volante-en-el-transporte-publico\/#primaryimage\"},\"thumbnailUrl\":\"https:\/\/www.nexoinformativo.mx\/wp-content\/uploads\/2024\/12\/PHOTO-2024-12-18-16-19-42-e1734572708753.jpg\",\"keywords\":[\"QroB\u00fas\",\"Quer\u00e9taro\",\"seguridadvial\",\"TransporteP\u00fablico\"],\"articleSection\":[\"Estado\",\"\u00daltima Hora\"],\"inLanguage\":\"es\",\"potentialAction\":[{\"@type\":\"CommentAction\",\"name\":\"Comment\",\"target\":[\"https:\/\/www.nexoinformativo.mx\/index.php\/2024\/12\/18\/queretaro-pone-freno-a-distracciones-prohibe-el-uso-del-celular-al-volante-en-el-transporte-publico\/#respond\"]}]},{\"@type\":\"WebPage\",\"@id\":\"https:\/\/www.nexoinformativo.mx\/index.php\/2024\/12\/18\/queretaro-pone-freno-a-distracciones-prohibe-el-uso-del-celular-al-volante-en-el-transporte-publico\/\",\"url\":\"https:\/\/www.nexoinformativo.mx\/index.php\/2024\/12\/18\/queretaro-pone-freno-a-distracciones-prohibe-el-uso-del-celular-al-volante-en-el-transporte-publico\/\",\"name\":\"Quer\u00e9taro pone freno a distracciones: Proh\u00edbe el uso del celular al volante en el transporte p\u00fablico | Nexo Informativo Santiago de Quer\u00e9taro\",\"isPartOf\":{\"@id\":\"https:\/\/www.nexoinformativo.mx\/#website\"},\"primaryImageOfPage\":{\"@id\":\"https:\/\/www.nexoinformativo.mx\/index.php\/2024\/12\/18\/queretaro-pone-freno-a-distracciones-prohibe-el-uso-del-celular-al-volante-en-el-transporte-publico\/#primaryimage\"},\"image\":{\"@id\":\"https:\/\/www.nexoinformativo.mx\/index.php\/2024\/12\/18\/queretaro-pone-freno-a-distracciones-prohibe-el-uso-del-celular-al-volante-en-el-transporte-publico\/#primaryimage\"},\"thumbnailUrl\":\"https:\/\/www.nexoinformativo.mx\/wp-content\/uploads\/2024\/12\/PHOTO-2024-12-18-16-19-42-e1734572708753.jpg\",\"datePublished\":\"2024-12-18T20:00:51+00:00\",\"dateModified\":\"2024-12-19T01:47:10+00:00\",\"description\":\"Quer\u00e9taro pone freno a distracciones: Proh\u00edbe el uso del celular al volante en el transporte p\u00fablico\",\"breadcrumb\":{\"@id\":\"https:\/\/www.nexoinformativo.mx\/index.php\/2024\/12\/18\/queretaro-pone-freno-a-distracciones-prohibe-el-uso-del-celular-al-volante-en-el-transporte-publico\/#breadcrumb\"},\"inLanguage\":\"es\",\"potentialAction\":[{\"@type\":\"ReadAction\",\"target\":[\"https:\/\/www.nexoinformativo.mx\/index.php\/2024\/12\/18\/queretaro-pone-freno-a-distracciones-prohibe-el-uso-del-celular-al-volante-en-el-transporte-publico\/\"]}]},{\"@type\":\"ImageObject\",\"inLanguage\":\"es\",\"@id\":\"https:\/\/www.nexoinformativo.mx\/index.php\/2024\/12\/18\/queretaro-pone-freno-a-distracciones-prohibe-el-uso-del-celular-al-volante-en-el-transporte-publico\/#primaryimage\",\"url\":\"https:\/\/www.nexoinformativo.mx\/wp-content\/uploads\/2024\/12\/PHOTO-2024-12-18-16-19-42-e1734572708753.jpg\",\"contentUrl\":\"https:\/\/www.nexoinformativo.mx\/wp-content\/uploads\/2024\/12\/PHOTO-2024-12-18-16-19-42-e1734572708753.jpg\",\"width\":800,\"height\":600},{\"@type\":\"BreadcrumbList\",\"@id\":\"https:\/\/www.nexoinformativo.mx\/index.php\/2024\/12\/18\/queretaro-pone-freno-a-distracciones-prohibe-el-uso-del-celular-al-volante-en-el-transporte-publico\/#breadcrumb\",\"itemListElement\":[{\"@type\":\"ListItem\",\"position\":1,\"name\":\"Inicio\",\"item\":\"https:\/\/www.nexoinformativo.mx\/\"},{\"@type\":\"ListItem\",\"position\":2,\"name\":\"Quer\u00e9taro pone freno a distracciones: Proh\u00edbe el uso del celular al volante en el transporte p\u00fablico\"}]},{\"@type\":\"WebSite\",\"@id\":\"https:\/\/www.nexoinformativo.mx\/#website\",\"url\":\"https:\/\/www.nexoinformativo.mx\/\",\"name\":\"Nexo Informativo Santiago de Quer\u00e9taro\",\"description\":\"Explora NexoInformativo y convi\u00e9rtete en parte de una comunidad que valora el conocimiento y la verdad. Tu nexoinformativo es tu puente hacia una comprensi\u00f3n m\u00e1s profunda del mundo que te rodea.\",\"publisher\":{\"@id\":\"https:\/\/www.nexoinformativo.mx\/#organization\"},\"potentialAction\":[{\"@type\":\"SearchAction\",\"target\":{\"@type\":\"EntryPoint\",\"urlTemplate\":\"https:\/\/www.nexoinformativo.mx\/?s={search_term_string}\"},\"query-input\":{\"@type\":\"PropertyValueSpecification\",\"valueRequired\":true,\"valueName\":\"search_term_string\"}}],\"inLanguage\":\"es\"},{\"@type\":\"Organization\",\"@id\":\"https:\/\/www.nexoinformativo.mx\/#organization\",\"name\":\"Nexo Informativo Santiago de Quer\u00e9taro\",\"url\":\"https:\/\/www.nexoinformativo.mx\/\",\"logo\":{\"@type\":\"ImageObject\",\"inLanguage\":\"es\",\"@id\":\"https:\/\/www.nexoinformativo.mx\/#\/schema\/logo\/image\/\",\"url\":\"https:\/\/www.nexoinformativo.mx\/wp-content\/uploads\/2024\/07\/nexoi-trasparente-2.png\",\"contentUrl\":\"https:\/\/www.nexoinformativo.mx\/wp-content\/uploads\/2024\/07\/nexoi-trasparente-2.png\",\"width\":816,\"height\":339,\"caption\":\"Nexo Informativo Santiago de Quer\u00e9taro\"},\"image\":{\"@id\":\"https:\/\/www.nexoinformativo.mx\/#\/schema\/logo\/image\/\"},\"sameAs\":[\"https:\/\/www.facebook.com\/people\/Nexo-Informativo\/61564066885511\/\"]},{\"@type\":\"Person\",\"@id\":\"https:\/\/www.nexoinformativo.mx\/#\/schema\/person\/7749d380ba08c8ca00d7bc76fd907b7d\",\"name\":\"Nexo Informativo\",\"image\":{\"@type\":\"ImageObject\",\"inLanguage\":\"es\",\"@id\":\"https:\/\/www.nexoinformativo.mx\/#\/schema\/person\/image\/\",\"url\":\"https:\/\/secure.gravatar.com\/avatar\/dde2928154642a13d95f87ddf1ea9718fe2b46760a005c53e41ff5ad610704e6?s=96&d=mm&r=g\",\"contentUrl\":\"https:\/\/secure.gravatar.com\/avatar\/dde2928154642a13d95f87ddf1ea9718fe2b46760a005c53e41ff5ad610704e6?s=96&d=mm&r=g\",\"caption\":\"Nexo Informativo\"},\"url\":\"https:\/\/www.nexoinformativo.mx\/index.php\/author\/edicion\/\"}]}<\/script>\n<!-- \/ Yoast SEO plugin. -->","yoast_head_json":{"title":"Quer\u00e9taro pone freno a distracciones: Proh\u00edbe el uso del celular al volante en el transporte p\u00fablico | Nexo Informativo Santiago de Quer\u00e9taro","description":"Quer\u00e9taro pone freno a distracciones: Proh\u00edbe el uso del celular al volante en el transporte p\u00fablico","robots":{"index":"index","follow":"follow","max-snippet":"max-snippet:-1","max-image-preview":"max-image-preview:large","max-video-preview":"max-video-preview:-1"},"canonical":"https:\/\/www.nexoinformativo.mx\/index.php\/2024\/12\/18\/queretaro-pone-freno-a-distracciones-prohibe-el-uso-del-celular-al-volante-en-el-transporte-publico\/","og_locale":"es_MX","og_type":"article","og_title":"Quer\u00e9taro pone freno a distracciones: Proh\u00edbe el uso del celular al volante en el transporte p\u00fablico | Nexo Informativo Santiago de Quer\u00e9taro","og_description":"Quer\u00e9taro pone freno a distracciones: Proh\u00edbe el uso del celular al volante en el transporte p\u00fablico","og_url":"https:\/\/www.nexoinformativo.mx\/index.php\/2024\/12\/18\/queretaro-pone-freno-a-distracciones-prohibe-el-uso-del-celular-al-volante-en-el-transporte-publico\/","og_site_name":"Nexo Informativo Santiago de Quer\u00e9taro","article_publisher":"https:\/\/www.facebook.com\/people\/Nexo-Informativo\/61564066885511\/","article_published_time":"2024-12-18T20:00:51+00:00","article_modified_time":"2024-12-19T01:47:10+00:00","og_image":[{"width":800,"height":600,"url":"https:\/\/www.nexoinformativo.mx\/wp-content\/uploads\/2024\/12\/PHOTO-2024-12-18-16-19-42-e1734572708753.jpg","type":"image\/jpeg"}],"author":"Nexo Informativo","twitter_card":"summary_large_image","twitter_misc":{"Escrito por":"Nexo Informativo","Tiempo de lectura":"2 minutos"},"schema":{"@context":"https:\/\/schema.org","@graph":[{"@type":"Article","@id":"https:\/\/www.nexoinformativo.mx\/index.php\/2024\/12\/18\/queretaro-pone-freno-a-distracciones-prohibe-el-uso-del-celular-al-volante-en-el-transporte-publico\/#article","isPartOf":{"@id":"https:\/\/www.nexoinformativo.mx\/index.php\/2024\/12\/18\/queretaro-pone-freno-a-distracciones-prohibe-el-uso-del-celular-al-volante-en-el-transporte-publico\/"},"author":{"name":"Nexo Informativo","@id":"https:\/\/www.nexoinformativo.mx\/#\/schema\/person\/7749d380ba08c8ca00d7bc76fd907b7d"},"headline":"Quer\u00e9taro pone freno a distracciones: Proh\u00edbe el uso del celular al volante en el transporte p\u00fablico","datePublished":"2024-12-18T20:00:51+00:00","dateModified":"2024-12-19T01:47:10+00:00","mainEntityOfPage":{"@id":"https:\/\/www.nexoinformativo.mx\/index.php\/2024\/12\/18\/queretaro-pone-freno-a-distracciones-prohibe-el-uso-del-celular-al-volante-en-el-transporte-publico\/"},"wordCount":271,"commentCount":0,"publisher":{"@id":"https:\/\/www.nexoinformativo.mx\/#organization"},"image":{"@id":"https:\/\/www.nexoinformativo.mx\/index.php\/2024\/12\/18\/queretaro-pone-freno-a-distracciones-prohibe-el-uso-del-celular-al-volante-en-el-transporte-publico\/#primaryimage"},"thumbnailUrl":"https:\/\/www.nexoinformativo.mx\/wp-content\/uploads\/2024\/12\/PHOTO-2024-12-18-16-19-42-e1734572708753.jpg","keywords":["QroB\u00fas","Quer\u00e9taro","seguridadvial","TransporteP\u00fablico"],"articleSection":["Estado","\u00daltima Hora"],"inLanguage":"es","potentialAction":[{"@type":"CommentAction","name":"Comment","target":["https:\/\/www.nexoinformativo.mx\/index.php\/2024\/12\/18\/queretaro-pone-freno-a-distracciones-prohibe-el-uso-del-celular-al-volante-en-el-transporte-publico\/#respond"]}]},{"@type":"WebPage","@id":"https:\/\/www.nexoinformativo.mx\/index.php\/2024\/12\/18\/queretaro-pone-freno-a-distracciones-prohibe-el-uso-del-celular-al-volante-en-el-transporte-publico\/","url":"https:\/\/www.nexoinformativo.mx\/index.php\/2024\/12\/18\/queretaro-pone-freno-a-distracciones-prohibe-el-uso-del-celular-al-volante-en-el-transporte-publico\/","name":"Quer\u00e9taro pone freno a distracciones: Proh\u00edbe el uso del celular al volante en el transporte p\u00fablico | Nexo Informativo Santiago de Quer\u00e9taro","isPartOf":{"@id":"https:\/\/www.nexoinformativo.mx\/#website"},"primaryImageOfPage":{"@id":"https:\/\/www.nexoinformativo.mx\/index.php\/2024\/12\/18\/queretaro-pone-freno-a-distracciones-prohibe-el-uso-del-celular-al-volante-en-el-transporte-publico\/#primaryimage"},"image":{"@id":"https:\/\/www.nexoinformativo.mx\/index.php\/2024\/12\/18\/queretaro-pone-freno-a-distracciones-prohibe-el-uso-del-celular-al-volante-en-el-transporte-publico\/#primaryimage"},"thumbnailUrl":"https:\/\/www.nexoinformativo.mx\/wp-content\/uploads\/2024\/12\/PHOTO-2024-12-18-16-19-42-e1734572708753.jpg","datePublished":"2024-12-18T20:00:51+00:00","dateModified":"2024-12-19T01:47:10+00:00","description":"Quer\u00e9taro pone freno a distracciones: Proh\u00edbe el uso del celular al volante en el transporte p\u00fablico","breadcrumb":{"@id":"https:\/\/www.nexoinformativo.mx\/index.php\/2024\/12\/18\/queretaro-pone-freno-a-distracciones-prohibe-el-uso-del-celular-al-volante-en-el-transporte-publico\/#breadcrumb"},"inLanguage":"es","potentialAction":[{"@type":"ReadAction","target":["https:\/\/www.nexoinformativo.mx\/index.php\/2024\/12\/18\/queretaro-pone-freno-a-distracciones-prohibe-el-uso-del-celular-al-volante-en-el-transporte-publico\/"]}]},{"@type":"ImageObject","inLanguage":"es","@id":"https:\/\/www.nexoinformativo.mx\/index.php\/2024\/12\/18\/queretaro-pone-freno-a-distracciones-prohibe-el-uso-del-celular-al-volante-en-el-transporte-publico\/#primaryimage","url":"https:\/\/www.nexoinformativo.mx\/wp-content\/uploads\/2024\/12\/PHOTO-2024-12-18-16-19-42-e1734572708753.jpg","contentUrl":"https:\/\/www.nexoinformativo.mx\/wp-content\/uploads\/2024\/12\/PHOTO-2024-12-18-16-19-42-e1734572708753.jpg","width":800,"height":600},{"@type":"BreadcrumbList","@id":"https:\/\/www.nexoinformativo.mx\/index.php\/2024\/12\/18\/queretaro-pone-freno-a-distracciones-prohibe-el-uso-del-celular-al-volante-en-el-transporte-publico\/#breadcrumb","itemListElement":[{"@type":"ListItem","position":1,"name":"Inicio","item":"https:\/\/www.nexoinformativo.mx\/"},{"@type":"ListItem","position":2,"name":"Quer\u00e9taro pone freno a distracciones: Proh\u00edbe el uso del celular al volante en el transporte p\u00fablico"}]},{"@type":"WebSite","@id":"https:\/\/www.nexoinformativo.mx\/#website","url":"https:\/\/www.nexoinformativo.mx\/","name":"Nexo Informativo Santiago de Quer\u00e9taro","description":"Explora NexoInformativo y convi\u00e9rtete en parte de una comunidad que valora el conocimiento y la verdad. Tu nexoinformativo es tu puente hacia una comprensi\u00f3n m\u00e1s profunda del mundo que te rodea.","publisher":{"@id":"https:\/\/www.nexoinformativo.mx\/#organization"},"potentialAction":[{"@type":"SearchAction","target":{"@type":"EntryPoint","urlTemplate":"https:\/\/www.nexoinformativo.mx\/?s={search_term_string}"},"query-input":{"@type":"PropertyValueSpecification","valueRequired":true,"valueName":"search_term_string"}}],"inLanguage":"es"},{"@type":"Organization","@id":"https:\/\/www.nexoinformativo.mx\/#organization","name":"Nexo Informativo Santiago de Quer\u00e9taro","url":"https:\/\/www.nexoinformativo.mx\/","logo":{"@type":"ImageObject","inLanguage":"es","@id":"https:\/\/www.nexoinformativo.mx\/#\/schema\/logo\/image\/","url":"https:\/\/www.nexoinformativo.mx\/wp-content\/uploads\/2024\/07\/nexoi-trasparente-2.png","contentUrl":"https:\/\/www.nexoinformativo.mx\/wp-content\/uploads\/2024\/07\/nexoi-trasparente-2.png","width":816,"height":339,"caption":"Nexo Informativo Santiago de Quer\u00e9taro"},"image":{"@id":"https:\/\/www.nexoinformativo.mx\/#\/schema\/logo\/image\/"},"sameAs":["https:\/\/www.facebook.com\/people\/Nexo-Informativo\/61564066885511\/"]},{"@type":"Person","@id":"https:\/\/www.nexoinformativo.mx\/#\/schema\/person\/7749d380ba08c8ca00d7bc76fd907b7d","name":"Nexo Informativo","image":{"@type":"ImageObject","inLanguage":"es","@id":"https:\/\/www.nexoinformativo.mx\/#\/schema\/person\/image\/","url":"https:\/\/secure.gravatar.com\/avatar\/dde2928154642a13d95f87ddf1ea9718fe2b46760a005c53e41ff5ad610704e6?s=96&d=mm&r=g","contentUrl":"https:\/\/secure.gravatar.com\/avatar\/dde2928154642a13d95f87ddf1ea9718fe2b46760a005c53e41ff5ad610704e6?s=96&d=mm&r=g","caption":"Nexo Informativo"},"url":"https:\/\/www.nexoinformativo.mx\/index.php\/author\/edicion\/"}]}},"_links":{"self":[{"href":"https:\/\/www.nexoinformativo.mx\/index.php\/wp-json\/wp\/v2\/posts\/8445","targetHints":{"allow":["GET"]}}],"collection":[{"href":"https:\/\/www.nexoinformativo.mx\/index.php\/wp-json\/wp\/v2\/posts"}],"about":[{"href":"https:\/\/www.nexoinformativo.mx\/index.php\/wp-json\/wp\/v2\/types\/post"}],"author":[{"embeddable":true,"href":"https:\/\/www.nexoinformativo.mx\/index.php\/wp-json\/wp\/v2\/users\/3"}],"replies":[{"embeddable":true,"href":"https:\/\/www.nexoinformativo.mx\/index.php\/wp-json\/wp\/v2\/comments?post=8445"}],"version-history":[{"count":3,"href":"https:\/\/www.nexoinformativo.mx\/index.php\/wp-json\/wp\/v2\/posts\/8445\/revisions"}],"predecessor-version":[{"id":8449,"href":"https:\/\/www.nexoinformativo.mx\/index.php\/wp-json\/wp\/v2\/posts\/8445\/revisions\/8449"}],"wp:featuredmedia":[{"embeddable":true,"href":"https:\/\/www.nexoinformativo.mx\/index.php\/wp-json\/wp\/v2\/media\/8446"}],"wp:attachment":[{"href":"https:\/\/www.nexoinformativo.mx\/index.php\/wp-json\/wp\/v2\/media?parent=8445"}],"wp:term":[{"taxonomy":"category","embeddable":true,"href":"https:\/\/www.nexoinformativo.mx\/index.php\/wp-json\/wp\/v2\/categories?post=8445"},{"taxonomy":"post_tag","embeddable":true,"href":"https:\/\/www.nexoinformativo.mx\/index.php\/wp-json\/wp\/v2\/tags?post=8445"}],"curies":[{"name":"wp","href":"https:\/\/api.w.org\/{rel}","templated":true}]}}