{"id":8450,"date":"2024-12-18T15:00:27","date_gmt":"2024-12-18T21:00:27","guid":{"rendered":"https:\/\/www.nexoinformativo.mx\/?p=8450"},"modified":"2024-12-18T19:52:05","modified_gmt":"2024-12-19T01:52:05","slug":"nvierno-intenso-en-san-joaquin-se-registran-hasta-2c-en-zonas-altas","status":"publish","type":"post","link":"https:\/\/www.nexoinformativo.mx\/index.php\/2024\/12\/18\/nvierno-intenso-en-san-joaquin-se-registran-hasta-2c-en-zonas-altas\/","title":{"rendered":"nvierno intenso en San Joaqu\u00edn: Se registran hasta -2\u00b0C en zonas altas"},"content":{"rendered":"<p style=\"text-align: justify;\" data-sourcepos=\"11:1-11:238\">Las bajas temperaturas han llegado a San Joaqu\u00edn. El presidente municipal, Carlos Manuel Ledesma Robles, inform\u00f3 que se han registrado hasta -2\u00b0C en las zonas altas del municipio, lo que ha generado preocupaci\u00f3n entre las autoridades.<\/p>\n<p>&nbsp;<\/p>\n<p style=\"text-align: justify;\" data-sourcepos=\"13:1-13:353\">Ante esta situaci\u00f3n, Protecci\u00f3n Civil ha intensificado los recorridos en las 20 comunidades m\u00e1s vulnerables, emitiendo recomendaciones a la poblaci\u00f3n para prevenir incidentes relacionados con el fr\u00edo. Entre las recomendaciones se encuentra evitar realizar fogatas o prender anafres dentro de los hogares, ya que esto puede generar riesgos para la salud.<\/p>\n<p>&nbsp;<\/p>\n<p style=\"text-align: justify;\" data-sourcepos=\"15:1-15:129\">&#8220;Si bien no se ha registrado ca\u00edda de nieve, las heladas han sido frecuentes en varias comunidades&#8221;, se\u00f1al\u00f3 el alcalde.<\/p>\n<p>&nbsp;<\/p>\n<p style=\"text-align: justify;\" data-sourcepos=\"17:1-17:243\">Las autoridades municipales se mantienen atentas a la evoluci\u00f3n de las condiciones clim\u00e1ticas y han puesto en marcha un operativo especial para atender cualquier emergencia. Hasta el momento, no se han reportado personas en situaci\u00f3n de calle.<\/p>\n<p>&nbsp;<\/p>\n<p style=\"text-align: center;\" data-sourcepos=\"17:1-17:243\"><em><strong>\u00a1Informaci\u00f3n que transforma!<\/strong><\/em><\/p>\n","protected":false},"excerpt":{"rendered":"<p>Las bajas temperaturas han llegado a San Joaqu\u00edn. El presidente municipal, Carlos Manuel Ledesma Robles, inform\u00f3 que se han registrado hasta -2\u00b0C en las zonas altas del municipio, lo que ha generado preocupaci\u00f3n entre las autoridades.<\/p>\n","protected":false},"author":3,"featured_media":8451,"comment_status":"open","ping_status":"open","sticky":false,"template":"","format":"standard","meta":{"footnotes":""},"categories":[65,58],"tags":[1340,2648,154,2738],"class_list":["post-8450","post","type-post","status-publish","format-standard","has-post-thumbnail","hentry","category-municipios","category-ultima-hora","tag-bajastemperaturas","tag-oladefrio","tag-proteccioncivil","tag-sanjoaquin"],"yoast_head":"<!-- This site is optimized with the Yoast SEO plugin v25.0 - https:\/\/yoast.com\/wordpress\/plugins\/seo\/ -->\n<title>nvierno intenso en San Joaqu\u00edn: Se registran hasta -2\u00b0C en zonas altas | Nexo Informativo Santiago de Quer\u00e9taro<\/title>\n<meta name=\"description\" content=\"nvierno intenso en San Joaqu\u00edn: Se registran hasta -2\u00b0C en zonas altas\" \/>\n<meta name=\"robots\" content=\"index, follow, max-snippet:-1, max-image-preview:large, max-video-preview:-1\" \/>\n<link rel=\"canonical\" href=\"https:\/\/www.nexoinformativo.mx\/index.php\/2024\/12\/18\/nvierno-intenso-en-san-joaquin-se-registran-hasta-2c-en-zonas-altas\/\" \/>\n<meta property=\"og:locale\" content=\"es_MX\" \/>\n<meta property=\"og:type\" content=\"article\" \/>\n<meta property=\"og:title\" content=\"nvierno intenso en San Joaqu\u00edn: Se registran hasta -2\u00b0C en zonas altas | Nexo Informativo Santiago de Quer\u00e9taro\" \/>\n<meta property=\"og:description\" content=\"nvierno intenso en San Joaqu\u00edn: Se registran hasta -2\u00b0C en zonas altas\" \/>\n<meta property=\"og:url\" content=\"https:\/\/www.nexoinformativo.mx\/index.php\/2024\/12\/18\/nvierno-intenso-en-san-joaquin-se-registran-hasta-2c-en-zonas-altas\/\" \/>\n<meta property=\"og:site_name\" content=\"Nexo Informativo Santiago de Quer\u00e9taro\" \/>\n<meta property=\"article:publisher\" content=\"https:\/\/www.facebook.com\/people\/Nexo-Informativo\/61564066885511\/\" \/>\n<meta property=\"article:published_time\" content=\"2024-12-18T21:00:27+00:00\" \/>\n<meta property=\"article:modified_time\" content=\"2024-12-19T01:52:05+00:00\" \/>\n<meta property=\"og:image\" content=\"https:\/\/www.nexoinformativo.mx\/wp-content\/uploads\/2024\/12\/PHOTO-2024-12-18-19-30-20-e1734573117357.jpg\" \/>\n\t<meta property=\"og:image:width\" content=\"600\" \/>\n\t<meta property=\"og:image:height\" content=\"797\" \/>\n\t<meta property=\"og:image:type\" content=\"image\/jpeg\" \/>\n<meta name=\"author\" content=\"Nexo Informativo\" \/>\n<meta name=\"twitter:card\" content=\"summary_large_image\" \/>\n<meta name=\"twitter:label1\" content=\"Escrito por\" \/>\n\t<meta name=\"twitter:data1\" content=\"Nexo Informativo\" \/>\n\t<meta name=\"twitter:label2\" content=\"Tiempo de lectura\" \/>\n\t<meta name=\"twitter:data2\" content=\"1 minuto\" \/>\n<script type=\"application\/ld+json\" class=\"yoast-schema-graph\">{\"@context\":\"https:\/\/schema.org\",\"@graph\":[{\"@type\":\"Article\",\"@id\":\"https:\/\/www.nexoinformativo.mx\/index.php\/2024\/12\/18\/nvierno-intenso-en-san-joaquin-se-registran-hasta-2c-en-zonas-altas\/#article\",\"isPartOf\":{\"@id\":\"https:\/\/www.nexoinformativo.mx\/index.php\/2024\/12\/18\/nvierno-intenso-en-san-joaquin-se-registran-hasta-2c-en-zonas-altas\/\"},\"author\":{\"name\":\"Nexo Informativo\",\"@id\":\"https:\/\/www.nexoinformativo.mx\/#\/schema\/person\/7749d380ba08c8ca00d7bc76fd907b7d\"},\"headline\":\"nvierno intenso en San Joaqu\u00edn: Se registran hasta -2\u00b0C en zonas altas\",\"datePublished\":\"2024-12-18T21:00:27+00:00\",\"dateModified\":\"2024-12-19T01:52:05+00:00\",\"mainEntityOfPage\":{\"@id\":\"https:\/\/www.nexoinformativo.mx\/index.php\/2024\/12\/18\/nvierno-intenso-en-san-joaquin-se-registran-hasta-2c-en-zonas-altas\/\"},\"wordCount\":178,\"commentCount\":0,\"publisher\":{\"@id\":\"https:\/\/www.nexoinformativo.mx\/#organization\"},\"image\":{\"@id\":\"https:\/\/www.nexoinformativo.mx\/index.php\/2024\/12\/18\/nvierno-intenso-en-san-joaquin-se-registran-hasta-2c-en-zonas-altas\/#primaryimage\"},\"thumbnailUrl\":\"https:\/\/www.nexoinformativo.mx\/wp-content\/uploads\/2024\/12\/PHOTO-2024-12-18-19-30-20-e1734573117357.jpg\",\"keywords\":[\"bajasTemperaturas\",\"OlaDeFr\u00edo\",\"proteccioncivil\",\"SanJoaqu\u00edn\"],\"articleSection\":[\"Municipios\",\"\u00daltima Hora\"],\"inLanguage\":\"es\",\"potentialAction\":[{\"@type\":\"CommentAction\",\"name\":\"Comment\",\"target\":[\"https:\/\/www.nexoinformativo.mx\/index.php\/2024\/12\/18\/nvierno-intenso-en-san-joaquin-se-registran-hasta-2c-en-zonas-altas\/#respond\"]}]},{\"@type\":\"WebPage\",\"@id\":\"https:\/\/www.nexoinformativo.mx\/index.php\/2024\/12\/18\/nvierno-intenso-en-san-joaquin-se-registran-hasta-2c-en-zonas-altas\/\",\"url\":\"https:\/\/www.nexoinformativo.mx\/index.php\/2024\/12\/18\/nvierno-intenso-en-san-joaquin-se-registran-hasta-2c-en-zonas-altas\/\",\"name\":\"nvierno intenso en San Joaqu\u00edn: Se registran hasta -2\u00b0C en zonas altas | Nexo Informativo Santiago de Quer\u00e9taro\",\"isPartOf\":{\"@id\":\"https:\/\/www.nexoinformativo.mx\/#website\"},\"primaryImageOfPage\":{\"@id\":\"https:\/\/www.nexoinformativo.mx\/index.php\/2024\/12\/18\/nvierno-intenso-en-san-joaquin-se-registran-hasta-2c-en-zonas-altas\/#primaryimage\"},\"image\":{\"@id\":\"https:\/\/www.nexoinformativo.mx\/index.php\/2024\/12\/18\/nvierno-intenso-en-san-joaquin-se-registran-hasta-2c-en-zonas-altas\/#primaryimage\"},\"thumbnailUrl\":\"https:\/\/www.nexoinformativo.mx\/wp-content\/uploads\/2024\/12\/PHOTO-2024-12-18-19-30-20-e1734573117357.jpg\",\"datePublished\":\"2024-12-18T21:00:27+00:00\",\"dateModified\":\"2024-12-19T01:52:05+00:00\",\"description\":\"nvierno intenso en San Joaqu\u00edn: Se registran hasta -2\u00b0C en zonas altas\",\"breadcrumb\":{\"@id\":\"https:\/\/www.nexoinformativo.mx\/index.php\/2024\/12\/18\/nvierno-intenso-en-san-joaquin-se-registran-hasta-2c-en-zonas-altas\/#breadcrumb\"},\"inLanguage\":\"es\",\"potentialAction\":[{\"@type\":\"ReadAction\",\"target\":[\"https:\/\/www.nexoinformativo.mx\/index.php\/2024\/12\/18\/nvierno-intenso-en-san-joaquin-se-registran-hasta-2c-en-zonas-altas\/\"]}]},{\"@type\":\"ImageObject\",\"inLanguage\":\"es\",\"@id\":\"https:\/\/www.nexoinformativo.mx\/index.php\/2024\/12\/18\/nvierno-intenso-en-san-joaquin-se-registran-hasta-2c-en-zonas-altas\/#primaryimage\",\"url\":\"https:\/\/www.nexoinformativo.mx\/wp-content\/uploads\/2024\/12\/PHOTO-2024-12-18-19-30-20-e1734573117357.jpg\",\"contentUrl\":\"https:\/\/www.nexoinformativo.mx\/wp-content\/uploads\/2024\/12\/PHOTO-2024-12-18-19-30-20-e1734573117357.jpg\",\"width\":600,\"height\":797},{\"@type\":\"BreadcrumbList\",\"@id\":\"https:\/\/www.nexoinformativo.mx\/index.php\/2024\/12\/18\/nvierno-intenso-en-san-joaquin-se-registran-hasta-2c-en-zonas-altas\/#breadcrumb\",\"itemListElement\":[{\"@type\":\"ListItem\",\"position\":1,\"name\":\"Inicio\",\"item\":\"https:\/\/www.nexoinformativo.mx\/\"},{\"@type\":\"ListItem\",\"position\":2,\"name\":\"nvierno intenso en San Joaqu\u00edn: Se registran hasta -2\u00b0C en zonas altas\"}]},{\"@type\":\"WebSite\",\"@id\":\"https:\/\/www.nexoinformativo.mx\/#website\",\"url\":\"https:\/\/www.nexoinformativo.mx\/\",\"name\":\"Nexo Informativo Santiago de Quer\u00e9taro\",\"description\":\"Explora NexoInformativo y convi\u00e9rtete en parte de una comunidad que valora el conocimiento y la verdad. Tu nexoinformativo es tu puente hacia una comprensi\u00f3n m\u00e1s profunda del mundo que te rodea.\",\"publisher\":{\"@id\":\"https:\/\/www.nexoinformativo.mx\/#organization\"},\"potentialAction\":[{\"@type\":\"SearchAction\",\"target\":{\"@type\":\"EntryPoint\",\"urlTemplate\":\"https:\/\/www.nexoinformativo.mx\/?s={search_term_string}\"},\"query-input\":{\"@type\":\"PropertyValueSpecification\",\"valueRequired\":true,\"valueName\":\"search_term_string\"}}],\"inLanguage\":\"es\"},{\"@type\":\"Organization\",\"@id\":\"https:\/\/www.nexoinformativo.mx\/#organization\",\"name\":\"Nexo Informativo Santiago de Quer\u00e9taro\",\"url\":\"https:\/\/www.nexoinformativo.mx\/\",\"logo\":{\"@type\":\"ImageObject\",\"inLanguage\":\"es\",\"@id\":\"https:\/\/www.nexoinformativo.mx\/#\/schema\/logo\/image\/\",\"url\":\"https:\/\/www.nexoinformativo.mx\/wp-content\/uploads\/2024\/07\/nexoi-trasparente-2.png\",\"contentUrl\":\"https:\/\/www.nexoinformativo.mx\/wp-content\/uploads\/2024\/07\/nexoi-trasparente-2.png\",\"width\":816,\"height\":339,\"caption\":\"Nexo Informativo Santiago de Quer\u00e9taro\"},\"image\":{\"@id\":\"https:\/\/www.nexoinformativo.mx\/#\/schema\/logo\/image\/\"},\"sameAs\":[\"https:\/\/www.facebook.com\/people\/Nexo-Informativo\/61564066885511\/\"]},{\"@type\":\"Person\",\"@id\":\"https:\/\/www.nexoinformativo.mx\/#\/schema\/person\/7749d380ba08c8ca00d7bc76fd907b7d\",\"name\":\"Nexo Informativo\",\"image\":{\"@type\":\"ImageObject\",\"inLanguage\":\"es\",\"@id\":\"https:\/\/www.nexoinformativo.mx\/#\/schema\/person\/image\/\",\"url\":\"https:\/\/secure.gravatar.com\/avatar\/dde2928154642a13d95f87ddf1ea9718fe2b46760a005c53e41ff5ad610704e6?s=96&d=mm&r=g\",\"contentUrl\":\"https:\/\/secure.gravatar.com\/avatar\/dde2928154642a13d95f87ddf1ea9718fe2b46760a005c53e41ff5ad610704e6?s=96&d=mm&r=g\",\"caption\":\"Nexo Informativo\"},\"url\":\"https:\/\/www.nexoinformativo.mx\/index.php\/author\/edicion\/\"}]}<\/script>\n<!-- \/ Yoast SEO plugin. -->","yoast_head_json":{"title":"nvierno intenso en San Joaqu\u00edn: Se registran hasta -2\u00b0C en zonas altas | Nexo Informativo Santiago de Quer\u00e9taro","description":"nvierno intenso en San Joaqu\u00edn: Se registran hasta -2\u00b0C en zonas altas","robots":{"index":"index","follow":"follow","max-snippet":"max-snippet:-1","max-image-preview":"max-image-preview:large","max-video-preview":"max-video-preview:-1"},"canonical":"https:\/\/www.nexoinformativo.mx\/index.php\/2024\/12\/18\/nvierno-intenso-en-san-joaquin-se-registran-hasta-2c-en-zonas-altas\/","og_locale":"es_MX","og_type":"article","og_title":"nvierno intenso en San Joaqu\u00edn: Se registran hasta -2\u00b0C en zonas altas | Nexo Informativo Santiago de Quer\u00e9taro","og_description":"nvierno intenso en San Joaqu\u00edn: Se registran hasta -2\u00b0C en zonas altas","og_url":"https:\/\/www.nexoinformativo.mx\/index.php\/2024\/12\/18\/nvierno-intenso-en-san-joaquin-se-registran-hasta-2c-en-zonas-altas\/","og_site_name":"Nexo Informativo Santiago de Quer\u00e9taro","article_publisher":"https:\/\/www.facebook.com\/people\/Nexo-Informativo\/61564066885511\/","article_published_time":"2024-12-18T21:00:27+00:00","article_modified_time":"2024-12-19T01:52:05+00:00","og_image":[{"width":600,"height":797,"url":"https:\/\/www.nexoinformativo.mx\/wp-content\/uploads\/2024\/12\/PHOTO-2024-12-18-19-30-20-e1734573117357.jpg","type":"image\/jpeg"}],"author":"Nexo Informativo","twitter_card":"summary_large_image","twitter_misc":{"Escrito por":"Nexo Informativo","Tiempo de lectura":"1 minuto"},"schema":{"@context":"https:\/\/schema.org","@graph":[{"@type":"Article","@id":"https:\/\/www.nexoinformativo.mx\/index.php\/2024\/12\/18\/nvierno-intenso-en-san-joaquin-se-registran-hasta-2c-en-zonas-altas\/#article","isPartOf":{"@id":"https:\/\/www.nexoinformativo.mx\/index.php\/2024\/12\/18\/nvierno-intenso-en-san-joaquin-se-registran-hasta-2c-en-zonas-altas\/"},"author":{"name":"Nexo Informativo","@id":"https:\/\/www.nexoinformativo.mx\/#\/schema\/person\/7749d380ba08c8ca00d7bc76fd907b7d"},"headline":"nvierno intenso en San Joaqu\u00edn: Se registran hasta -2\u00b0C en zonas altas","datePublished":"2024-12-18T21:00:27+00:00","dateModified":"2024-12-19T01:52:05+00:00","mainEntityOfPage":{"@id":"https:\/\/www.nexoinformativo.mx\/index.php\/2024\/12\/18\/nvierno-intenso-en-san-joaquin-se-registran-hasta-2c-en-zonas-altas\/"},"wordCount":178,"commentCount":0,"publisher":{"@id":"https:\/\/www.nexoinformativo.mx\/#organization"},"image":{"@id":"https:\/\/www.nexoinformativo.mx\/index.php\/2024\/12\/18\/nvierno-intenso-en-san-joaquin-se-registran-hasta-2c-en-zonas-altas\/#primaryimage"},"thumbnailUrl":"https:\/\/www.nexoinformativo.mx\/wp-content\/uploads\/2024\/12\/PHOTO-2024-12-18-19-30-20-e1734573117357.jpg","keywords":["bajasTemperaturas","OlaDeFr\u00edo","proteccioncivil","SanJoaqu\u00edn"],"articleSection":["Municipios","\u00daltima Hora"],"inLanguage":"es","potentialAction":[{"@type":"CommentAction","name":"Comment","target":["https:\/\/www.nexoinformativo.mx\/index.php\/2024\/12\/18\/nvierno-intenso-en-san-joaquin-se-registran-hasta-2c-en-zonas-altas\/#respond"]}]},{"@type":"WebPage","@id":"https:\/\/www.nexoinformativo.mx\/index.php\/2024\/12\/18\/nvierno-intenso-en-san-joaquin-se-registran-hasta-2c-en-zonas-altas\/","url":"https:\/\/www.nexoinformativo.mx\/index.php\/2024\/12\/18\/nvierno-intenso-en-san-joaquin-se-registran-hasta-2c-en-zonas-altas\/","name":"nvierno intenso en San Joaqu\u00edn: Se registran hasta -2\u00b0C en zonas altas | Nexo Informativo Santiago de Quer\u00e9taro","isPartOf":{"@id":"https:\/\/www.nexoinformativo.mx\/#website"},"primaryImageOfPage":{"@id":"https:\/\/www.nexoinformativo.mx\/index.php\/2024\/12\/18\/nvierno-intenso-en-san-joaquin-se-registran-hasta-2c-en-zonas-altas\/#primaryimage"},"image":{"@id":"https:\/\/www.nexoinformativo.mx\/index.php\/2024\/12\/18\/nvierno-intenso-en-san-joaquin-se-registran-hasta-2c-en-zonas-altas\/#primaryimage"},"thumbnailUrl":"https:\/\/www.nexoinformativo.mx\/wp-content\/uploads\/2024\/12\/PHOTO-2024-12-18-19-30-20-e1734573117357.jpg","datePublished":"2024-12-18T21:00:27+00:00","dateModified":"2024-12-19T01:52:05+00:00","description":"nvierno intenso en San Joaqu\u00edn: Se registran hasta -2\u00b0C en zonas altas","breadcrumb":{"@id":"https:\/\/www.nexoinformativo.mx\/index.php\/2024\/12\/18\/nvierno-intenso-en-san-joaquin-se-registran-hasta-2c-en-zonas-altas\/#breadcrumb"},"inLanguage":"es","potentialAction":[{"@type":"ReadAction","target":["https:\/\/www.nexoinformativo.mx\/index.php\/2024\/12\/18\/nvierno-intenso-en-san-joaquin-se-registran-hasta-2c-en-zonas-altas\/"]}]},{"@type":"ImageObject","inLanguage":"es","@id":"https:\/\/www.nexoinformativo.mx\/index.php\/2024\/12\/18\/nvierno-intenso-en-san-joaquin-se-registran-hasta-2c-en-zonas-altas\/#primaryimage","url":"https:\/\/www.nexoinformativo.mx\/wp-content\/uploads\/2024\/12\/PHOTO-2024-12-18-19-30-20-e1734573117357.jpg","contentUrl":"https:\/\/www.nexoinformativo.mx\/wp-content\/uploads\/2024\/12\/PHOTO-2024-12-18-19-30-20-e1734573117357.jpg","width":600,"height":797},{"@type":"BreadcrumbList","@id":"https:\/\/www.nexoinformativo.mx\/index.php\/2024\/12\/18\/nvierno-intenso-en-san-joaquin-se-registran-hasta-2c-en-zonas-altas\/#breadcrumb","itemListElement":[{"@type":"ListItem","position":1,"name":"Inicio","item":"https:\/\/www.nexoinformativo.mx\/"},{"@type":"ListItem","position":2,"name":"nvierno intenso en San Joaqu\u00edn: Se registran hasta -2\u00b0C en zonas altas"}]},{"@type":"WebSite","@id":"https:\/\/www.nexoinformativo.mx\/#website","url":"https:\/\/www.nexoinformativo.mx\/","name":"Nexo Informativo Santiago de Quer\u00e9taro","description":"Explora NexoInformativo y convi\u00e9rtete en parte de una comunidad que valora el conocimiento y la verdad. Tu nexoinformativo es tu puente hacia una comprensi\u00f3n m\u00e1s profunda del mundo que te rodea.","publisher":{"@id":"https:\/\/www.nexoinformativo.mx\/#organization"},"potentialAction":[{"@type":"SearchAction","target":{"@type":"EntryPoint","urlTemplate":"https:\/\/www.nexoinformativo.mx\/?s={search_term_string}"},"query-input":{"@type":"PropertyValueSpecification","valueRequired":true,"valueName":"search_term_string"}}],"inLanguage":"es"},{"@type":"Organization","@id":"https:\/\/www.nexoinformativo.mx\/#organization","name":"Nexo Informativo Santiago de Quer\u00e9taro","url":"https:\/\/www.nexoinformativo.mx\/","logo":{"@type":"ImageObject","inLanguage":"es","@id":"https:\/\/www.nexoinformativo.mx\/#\/schema\/logo\/image\/","url":"https:\/\/www.nexoinformativo.mx\/wp-content\/uploads\/2024\/07\/nexoi-trasparente-2.png","contentUrl":"https:\/\/www.nexoinformativo.mx\/wp-content\/uploads\/2024\/07\/nexoi-trasparente-2.png","width":816,"height":339,"caption":"Nexo Informativo Santiago de Quer\u00e9taro"},"image":{"@id":"https:\/\/www.nexoinformativo.mx\/#\/schema\/logo\/image\/"},"sameAs":["https:\/\/www.facebook.com\/people\/Nexo-Informativo\/61564066885511\/"]},{"@type":"Person","@id":"https:\/\/www.nexoinformativo.mx\/#\/schema\/person\/7749d380ba08c8ca00d7bc76fd907b7d","name":"Nexo Informativo","image":{"@type":"ImageObject","inLanguage":"es","@id":"https:\/\/www.nexoinformativo.mx\/#\/schema\/person\/image\/","url":"https:\/\/secure.gravatar.com\/avatar\/dde2928154642a13d95f87ddf1ea9718fe2b46760a005c53e41ff5ad610704e6?s=96&d=mm&r=g","contentUrl":"https:\/\/secure.gravatar.com\/avatar\/dde2928154642a13d95f87ddf1ea9718fe2b46760a005c53e41ff5ad610704e6?s=96&d=mm&r=g","caption":"Nexo Informativo"},"url":"https:\/\/www.nexoinformativo.mx\/index.php\/author\/edicion\/"}]}},"_links":{"self":[{"href":"https:\/\/www.nexoinformativo.mx\/index.php\/wp-json\/wp\/v2\/posts\/8450","targetHints":{"allow":["GET"]}}],"collection":[{"href":"https:\/\/www.nexoinformativo.mx\/index.php\/wp-json\/wp\/v2\/posts"}],"about":[{"href":"https:\/\/www.nexoinformativo.mx\/index.php\/wp-json\/wp\/v2\/types\/post"}],"author":[{"embeddable":true,"href":"https:\/\/www.nexoinformativo.mx\/index.php\/wp-json\/wp\/v2\/users\/3"}],"replies":[{"embeddable":true,"href":"https:\/\/www.nexoinformativo.mx\/index.php\/wp-json\/wp\/v2\/comments?post=8450"}],"version-history":[{"count":3,"href":"https:\/\/www.nexoinformativo.mx\/index.php\/wp-json\/wp\/v2\/posts\/8450\/revisions"}],"predecessor-version":[{"id":8454,"href":"https:\/\/www.nexoinformativo.mx\/index.php\/wp-json\/wp\/v2\/posts\/8450\/revisions\/8454"}],"wp:featuredmedia":[{"embeddable":true,"href":"https:\/\/www.nexoinformativo.mx\/index.php\/wp-json\/wp\/v2\/media\/8451"}],"wp:attachment":[{"href":"https:\/\/www.nexoinformativo.mx\/index.php\/wp-json\/wp\/v2\/media?parent=8450"}],"wp:term":[{"taxonomy":"category","embeddable":true,"href":"https:\/\/www.nexoinformativo.mx\/index.php\/wp-json\/wp\/v2\/categories?post=8450"},{"taxonomy":"post_tag","embeddable":true,"href":"https:\/\/www.nexoinformativo.mx\/index.php\/wp-json\/wp\/v2\/tags?post=8450"}],"curies":[{"name":"wp","href":"https:\/\/api.w.org\/{rel}","templated":true}]}}