{"id":8456,"date":"2024-12-18T16:00:35","date_gmt":"2024-12-18T22:00:35","guid":{"rendered":"https:\/\/www.nexoinformativo.mx\/?p=8456"},"modified":"2024-12-18T19:58:07","modified_gmt":"2024-12-19T01:58:07","slug":"chepe-guerrero-y-gaby-trapala-entregan-cobijas-y-chalecos-a-adultos-mayores-en-corregidora","status":"publish","type":"post","link":"https:\/\/www.nexoinformativo.mx\/index.php\/2024\/12\/18\/chepe-guerrero-y-gaby-trapala-entregan-cobijas-y-chalecos-a-adultos-mayores-en-corregidora\/","title":{"rendered":"Chepe Guerrero y Gaby Tr\u00e1pala entregan cobijas y chalecos a adultos mayores en Corregidora"},"content":{"rendered":"<p style=\"text-align: justify;\" data-sourcepos=\"11:1-11:362\">El municipio de Corregidora demostr\u00f3 su compromiso con el bienestar de sus adultos mayores al llevar a cabo la campa\u00f1a <strong>&#8220;Abrigando con Cari\u00f1o&#8221;<\/strong>.<\/p>\n<p>&nbsp;<\/p>\n<p style=\"text-align: justify;\" data-sourcepos=\"11:1-11:362\">En un emotivo evento, el presidente municipal, Chepe Guerrero, y la presidenta del Sistema Municipal DIF, Gaby Tr\u00e1pala, entregaron cobijas y chalecos a los adultos mayores inscritos en el padr\u00f3n municipal.<\/p>\n<p>&nbsp;<\/p>\n<p style=\"text-align: justify;\" data-sourcepos=\"13:1-13:258\">Esta iniciativa busca reconocer la invaluable contribuci\u00f3n de los adultos mayores a la comunidad y brindarles el apoyo necesario para enfrentar las bajas temperaturas. Cada beneficiario recibi\u00f3 un kit de invierno como muestra de agradecimiento y solidaridad.<\/p>\n<p>&nbsp;<\/p>\n<p style=\"text-align: justify;\" data-sourcepos=\"15:1-15:278\">&#8220;Para nosotros, los adultos mayores son nuestra prioridad&#8221;, afirm\u00f3 Chepe Guerrero. El presidente municipal destac\u00f3 la importancia de garantizar una mejor calidad de vida para este sector de la poblaci\u00f3n y asegur\u00f3 que su administraci\u00f3n trabaja arduamente para lograrlo.<\/p>\n<p>&nbsp;<\/p>\n<p style=\"text-align: justify;\" data-sourcepos=\"17:1-17:220\">Por su parte, Gaby Tr\u00e1pala, presidenta del DIF Municipal, resalt\u00f3 que los adultos mayores forman parte de una gran familia y que el DIF est\u00e1 comprometido en brindarles un espacio de convivencia, aprendizaje y protecci\u00f3n.<\/p>\n<p>&nbsp;<\/p>\n<p style=\"text-align: justify;\" data-sourcepos=\"19:1-19:188\">La directora del DIF Municipal, Maricruz Arellano, enfatiz\u00f3 la importancia de valorar la experiencia y sabidur\u00eda de los adultos mayores, quienes son un pilar fundamental para la comunidad.<\/p>\n<p>&nbsp;<\/p>\n<p style=\"text-align: justify;\" data-sourcepos=\"21:1-21:195\">En representaci\u00f3n de los beneficiarios, la se\u00f1ora Conchita Antill\u00f3n agradeci\u00f3 al gobierno municipal por esta iniciativa y reconoci\u00f3 el trabajo de los voluntarios que hacen posible estas acciones.<\/p>\n<p>&nbsp;<\/p>\n<p style=\"text-align: justify;\" data-sourcepos=\"23:1-23:211\">Con esta campa\u00f1a, Corregidora se consolida como un municipio que prioriza el bienestar de sus adultos mayores, demostrando que su experiencia y sabidur\u00eda son fundamentales para el desarrollo de la comunidad.<\/p>\n<p>&nbsp;<\/p>\n<p style=\"text-align: center;\" data-sourcepos=\"23:1-23:211\"><em><strong>\u00a1Informaci\u00f3n que transforma!<\/strong><\/em><\/p>\n","protected":false},"excerpt":{"rendered":"<p>El municipio de Corregidora demostr\u00f3 su compromiso con el bienestar de sus adultos mayores al llevar a cabo la campa\u00f1a &#8220;Abrigando con Cari\u00f1o&#8221;. En un emotivo evento, el presidente municipal, Chepe Guerrero, y la presidenta del Sistema Municipal DIF, Gaby Tr\u00e1pala, entregaron cobijas y chalecos a los adultos mayores inscritos en el padr\u00f3n municipal.<\/p>\n","protected":false},"author":3,"featured_media":8457,"comment_status":"open","ping_status":"open","sticky":false,"template":"","format":"standard","meta":{"footnotes":""},"categories":[65,58],"tags":[895,1757,233,1599],"class_list":["post-8456","post","type-post","status-publish","format-standard","has-post-thumbnail","hentry","category-municipios","category-ultima-hora","tag-adultosmayores","tag-bienestarsocial","tag-corregidora","tag-solidaridad"],"yoast_head":"<!-- This site is optimized with the Yoast SEO plugin v25.0 - https:\/\/yoast.com\/wordpress\/plugins\/seo\/ -->\n<title>Chepe Guerrero y Gaby Tr\u00e1pala entregan cobijas y chalecos a adultos mayores en Corregidora | Nexo Informativo Santiago de Quer\u00e9taro<\/title>\n<meta name=\"description\" content=\"Chepe Guerrero y Gaby Tr\u00e1pala entregan cobijas y chalecos a adultos mayores en Corregidora\" \/>\n<meta name=\"robots\" content=\"index, follow, max-snippet:-1, max-image-preview:large, max-video-preview:-1\" \/>\n<link rel=\"canonical\" href=\"https:\/\/www.nexoinformativo.mx\/index.php\/2024\/12\/18\/chepe-guerrero-y-gaby-trapala-entregan-cobijas-y-chalecos-a-adultos-mayores-en-corregidora\/\" \/>\n<meta property=\"og:locale\" content=\"es_MX\" \/>\n<meta property=\"og:type\" content=\"article\" \/>\n<meta property=\"og:title\" content=\"Chepe Guerrero y Gaby Tr\u00e1pala entregan cobijas y chalecos a adultos mayores en Corregidora | Nexo Informativo Santiago de Quer\u00e9taro\" \/>\n<meta property=\"og:description\" content=\"Chepe Guerrero y Gaby Tr\u00e1pala entregan cobijas y chalecos a adultos mayores en Corregidora\" \/>\n<meta property=\"og:url\" content=\"https:\/\/www.nexoinformativo.mx\/index.php\/2024\/12\/18\/chepe-guerrero-y-gaby-trapala-entregan-cobijas-y-chalecos-a-adultos-mayores-en-corregidora\/\" \/>\n<meta property=\"og:site_name\" content=\"Nexo Informativo Santiago de Quer\u00e9taro\" \/>\n<meta property=\"article:publisher\" content=\"https:\/\/www.facebook.com\/people\/Nexo-Informativo\/61564066885511\/\" \/>\n<meta property=\"article:published_time\" content=\"2024-12-18T22:00:35+00:00\" \/>\n<meta property=\"article:modified_time\" content=\"2024-12-19T01:58:07+00:00\" \/>\n<meta property=\"og:image\" content=\"https:\/\/www.nexoinformativo.mx\/wp-content\/uploads\/2024\/12\/PHOTO-2024-12-18-19-32-34-e1734573400699.jpg\" \/>\n\t<meta property=\"og:image:width\" content=\"800\" \/>\n\t<meta property=\"og:image:height\" content=\"533\" \/>\n\t<meta property=\"og:image:type\" content=\"image\/jpeg\" \/>\n<meta name=\"author\" content=\"Nexo Informativo\" \/>\n<meta name=\"twitter:card\" content=\"summary_large_image\" \/>\n<meta name=\"twitter:label1\" content=\"Escrito por\" \/>\n\t<meta name=\"twitter:data1\" content=\"Nexo Informativo\" \/>\n\t<meta name=\"twitter:label2\" content=\"Tiempo de lectura\" \/>\n\t<meta name=\"twitter:data2\" content=\"2 minutos\" \/>\n<script type=\"application\/ld+json\" class=\"yoast-schema-graph\">{\"@context\":\"https:\/\/schema.org\",\"@graph\":[{\"@type\":\"Article\",\"@id\":\"https:\/\/www.nexoinformativo.mx\/index.php\/2024\/12\/18\/chepe-guerrero-y-gaby-trapala-entregan-cobijas-y-chalecos-a-adultos-mayores-en-corregidora\/#article\",\"isPartOf\":{\"@id\":\"https:\/\/www.nexoinformativo.mx\/index.php\/2024\/12\/18\/chepe-guerrero-y-gaby-trapala-entregan-cobijas-y-chalecos-a-adultos-mayores-en-corregidora\/\"},\"author\":{\"name\":\"Nexo Informativo\",\"@id\":\"https:\/\/www.nexoinformativo.mx\/#\/schema\/person\/7749d380ba08c8ca00d7bc76fd907b7d\"},\"headline\":\"Chepe Guerrero y Gaby Tr\u00e1pala entregan cobijas y chalecos a adultos mayores en Corregidora\",\"datePublished\":\"2024-12-18T22:00:35+00:00\",\"dateModified\":\"2024-12-19T01:58:07+00:00\",\"mainEntityOfPage\":{\"@id\":\"https:\/\/www.nexoinformativo.mx\/index.php\/2024\/12\/18\/chepe-guerrero-y-gaby-trapala-entregan-cobijas-y-chalecos-a-adultos-mayores-en-corregidora\/\"},\"wordCount\":294,\"commentCount\":0,\"publisher\":{\"@id\":\"https:\/\/www.nexoinformativo.mx\/#organization\"},\"image\":{\"@id\":\"https:\/\/www.nexoinformativo.mx\/index.php\/2024\/12\/18\/chepe-guerrero-y-gaby-trapala-entregan-cobijas-y-chalecos-a-adultos-mayores-en-corregidora\/#primaryimage\"},\"thumbnailUrl\":\"https:\/\/www.nexoinformativo.mx\/wp-content\/uploads\/2024\/12\/PHOTO-2024-12-18-19-32-34-e1734573400699.jpg\",\"keywords\":[\"AdultosMayores\",\"BienestarSocial\",\"Corregidora\",\"Solidaridad\"],\"articleSection\":[\"Municipios\",\"\u00daltima Hora\"],\"inLanguage\":\"es\",\"potentialAction\":[{\"@type\":\"CommentAction\",\"name\":\"Comment\",\"target\":[\"https:\/\/www.nexoinformativo.mx\/index.php\/2024\/12\/18\/chepe-guerrero-y-gaby-trapala-entregan-cobijas-y-chalecos-a-adultos-mayores-en-corregidora\/#respond\"]}]},{\"@type\":\"WebPage\",\"@id\":\"https:\/\/www.nexoinformativo.mx\/index.php\/2024\/12\/18\/chepe-guerrero-y-gaby-trapala-entregan-cobijas-y-chalecos-a-adultos-mayores-en-corregidora\/\",\"url\":\"https:\/\/www.nexoinformativo.mx\/index.php\/2024\/12\/18\/chepe-guerrero-y-gaby-trapala-entregan-cobijas-y-chalecos-a-adultos-mayores-en-corregidora\/\",\"name\":\"Chepe Guerrero y Gaby Tr\u00e1pala entregan cobijas y chalecos a adultos mayores en Corregidora | Nexo Informativo Santiago de Quer\u00e9taro\",\"isPartOf\":{\"@id\":\"https:\/\/www.nexoinformativo.mx\/#website\"},\"primaryImageOfPage\":{\"@id\":\"https:\/\/www.nexoinformativo.mx\/index.php\/2024\/12\/18\/chepe-guerrero-y-gaby-trapala-entregan-cobijas-y-chalecos-a-adultos-mayores-en-corregidora\/#primaryimage\"},\"image\":{\"@id\":\"https:\/\/www.nexoinformativo.mx\/index.php\/2024\/12\/18\/chepe-guerrero-y-gaby-trapala-entregan-cobijas-y-chalecos-a-adultos-mayores-en-corregidora\/#primaryimage\"},\"thumbnailUrl\":\"https:\/\/www.nexoinformativo.mx\/wp-content\/uploads\/2024\/12\/PHOTO-2024-12-18-19-32-34-e1734573400699.jpg\",\"datePublished\":\"2024-12-18T22:00:35+00:00\",\"dateModified\":\"2024-12-19T01:58:07+00:00\",\"description\":\"Chepe Guerrero y Gaby Tr\u00e1pala entregan cobijas y chalecos a adultos mayores en Corregidora\",\"breadcrumb\":{\"@id\":\"https:\/\/www.nexoinformativo.mx\/index.php\/2024\/12\/18\/chepe-guerrero-y-gaby-trapala-entregan-cobijas-y-chalecos-a-adultos-mayores-en-corregidora\/#breadcrumb\"},\"inLanguage\":\"es\",\"potentialAction\":[{\"@type\":\"ReadAction\",\"target\":[\"https:\/\/www.nexoinformativo.mx\/index.php\/2024\/12\/18\/chepe-guerrero-y-gaby-trapala-entregan-cobijas-y-chalecos-a-adultos-mayores-en-corregidora\/\"]}]},{\"@type\":\"ImageObject\",\"inLanguage\":\"es\",\"@id\":\"https:\/\/www.nexoinformativo.mx\/index.php\/2024\/12\/18\/chepe-guerrero-y-gaby-trapala-entregan-cobijas-y-chalecos-a-adultos-mayores-en-corregidora\/#primaryimage\",\"url\":\"https:\/\/www.nexoinformativo.mx\/wp-content\/uploads\/2024\/12\/PHOTO-2024-12-18-19-32-34-e1734573400699.jpg\",\"contentUrl\":\"https:\/\/www.nexoinformativo.mx\/wp-content\/uploads\/2024\/12\/PHOTO-2024-12-18-19-32-34-e1734573400699.jpg\",\"width\":800,\"height\":533},{\"@type\":\"BreadcrumbList\",\"@id\":\"https:\/\/www.nexoinformativo.mx\/index.php\/2024\/12\/18\/chepe-guerrero-y-gaby-trapala-entregan-cobijas-y-chalecos-a-adultos-mayores-en-corregidora\/#breadcrumb\",\"itemListElement\":[{\"@type\":\"ListItem\",\"position\":1,\"name\":\"Inicio\",\"item\":\"https:\/\/www.nexoinformativo.mx\/\"},{\"@type\":\"ListItem\",\"position\":2,\"name\":\"Chepe Guerrero y Gaby Tr\u00e1pala entregan cobijas y chalecos a adultos mayores en Corregidora\"}]},{\"@type\":\"WebSite\",\"@id\":\"https:\/\/www.nexoinformativo.mx\/#website\",\"url\":\"https:\/\/www.nexoinformativo.mx\/\",\"name\":\"Nexo Informativo Santiago de Quer\u00e9taro\",\"description\":\"Explora NexoInformativo y convi\u00e9rtete en parte de una comunidad que valora el conocimiento y la verdad. Tu nexoinformativo es tu puente hacia una comprensi\u00f3n m\u00e1s profunda del mundo que te rodea.\",\"publisher\":{\"@id\":\"https:\/\/www.nexoinformativo.mx\/#organization\"},\"potentialAction\":[{\"@type\":\"SearchAction\",\"target\":{\"@type\":\"EntryPoint\",\"urlTemplate\":\"https:\/\/www.nexoinformativo.mx\/?s={search_term_string}\"},\"query-input\":{\"@type\":\"PropertyValueSpecification\",\"valueRequired\":true,\"valueName\":\"search_term_string\"}}],\"inLanguage\":\"es\"},{\"@type\":\"Organization\",\"@id\":\"https:\/\/www.nexoinformativo.mx\/#organization\",\"name\":\"Nexo Informativo Santiago de Quer\u00e9taro\",\"url\":\"https:\/\/www.nexoinformativo.mx\/\",\"logo\":{\"@type\":\"ImageObject\",\"inLanguage\":\"es\",\"@id\":\"https:\/\/www.nexoinformativo.mx\/#\/schema\/logo\/image\/\",\"url\":\"https:\/\/www.nexoinformativo.mx\/wp-content\/uploads\/2024\/07\/nexoi-trasparente-2.png\",\"contentUrl\":\"https:\/\/www.nexoinformativo.mx\/wp-content\/uploads\/2024\/07\/nexoi-trasparente-2.png\",\"width\":816,\"height\":339,\"caption\":\"Nexo Informativo Santiago de Quer\u00e9taro\"},\"image\":{\"@id\":\"https:\/\/www.nexoinformativo.mx\/#\/schema\/logo\/image\/\"},\"sameAs\":[\"https:\/\/www.facebook.com\/people\/Nexo-Informativo\/61564066885511\/\"]},{\"@type\":\"Person\",\"@id\":\"https:\/\/www.nexoinformativo.mx\/#\/schema\/person\/7749d380ba08c8ca00d7bc76fd907b7d\",\"name\":\"Nexo Informativo\",\"image\":{\"@type\":\"ImageObject\",\"inLanguage\":\"es\",\"@id\":\"https:\/\/www.nexoinformativo.mx\/#\/schema\/person\/image\/\",\"url\":\"https:\/\/secure.gravatar.com\/avatar\/dde2928154642a13d95f87ddf1ea9718fe2b46760a005c53e41ff5ad610704e6?s=96&d=mm&r=g\",\"contentUrl\":\"https:\/\/secure.gravatar.com\/avatar\/dde2928154642a13d95f87ddf1ea9718fe2b46760a005c53e41ff5ad610704e6?s=96&d=mm&r=g\",\"caption\":\"Nexo Informativo\"},\"url\":\"https:\/\/www.nexoinformativo.mx\/index.php\/author\/edicion\/\"}]}<\/script>\n<!-- \/ Yoast SEO plugin. -->","yoast_head_json":{"title":"Chepe Guerrero y Gaby Tr\u00e1pala entregan cobijas y chalecos a adultos mayores en Corregidora | Nexo Informativo Santiago de Quer\u00e9taro","description":"Chepe Guerrero y Gaby Tr\u00e1pala entregan cobijas y chalecos a adultos mayores en Corregidora","robots":{"index":"index","follow":"follow","max-snippet":"max-snippet:-1","max-image-preview":"max-image-preview:large","max-video-preview":"max-video-preview:-1"},"canonical":"https:\/\/www.nexoinformativo.mx\/index.php\/2024\/12\/18\/chepe-guerrero-y-gaby-trapala-entregan-cobijas-y-chalecos-a-adultos-mayores-en-corregidora\/","og_locale":"es_MX","og_type":"article","og_title":"Chepe Guerrero y Gaby Tr\u00e1pala entregan cobijas y chalecos a adultos mayores en Corregidora | Nexo Informativo Santiago de Quer\u00e9taro","og_description":"Chepe Guerrero y Gaby Tr\u00e1pala entregan cobijas y chalecos a adultos mayores en Corregidora","og_url":"https:\/\/www.nexoinformativo.mx\/index.php\/2024\/12\/18\/chepe-guerrero-y-gaby-trapala-entregan-cobijas-y-chalecos-a-adultos-mayores-en-corregidora\/","og_site_name":"Nexo Informativo Santiago de Quer\u00e9taro","article_publisher":"https:\/\/www.facebook.com\/people\/Nexo-Informativo\/61564066885511\/","article_published_time":"2024-12-18T22:00:35+00:00","article_modified_time":"2024-12-19T01:58:07+00:00","og_image":[{"width":800,"height":533,"url":"https:\/\/www.nexoinformativo.mx\/wp-content\/uploads\/2024\/12\/PHOTO-2024-12-18-19-32-34-e1734573400699.jpg","type":"image\/jpeg"}],"author":"Nexo Informativo","twitter_card":"summary_large_image","twitter_misc":{"Escrito por":"Nexo Informativo","Tiempo de lectura":"2 minutos"},"schema":{"@context":"https:\/\/schema.org","@graph":[{"@type":"Article","@id":"https:\/\/www.nexoinformativo.mx\/index.php\/2024\/12\/18\/chepe-guerrero-y-gaby-trapala-entregan-cobijas-y-chalecos-a-adultos-mayores-en-corregidora\/#article","isPartOf":{"@id":"https:\/\/www.nexoinformativo.mx\/index.php\/2024\/12\/18\/chepe-guerrero-y-gaby-trapala-entregan-cobijas-y-chalecos-a-adultos-mayores-en-corregidora\/"},"author":{"name":"Nexo Informativo","@id":"https:\/\/www.nexoinformativo.mx\/#\/schema\/person\/7749d380ba08c8ca00d7bc76fd907b7d"},"headline":"Chepe Guerrero y Gaby Tr\u00e1pala entregan cobijas y chalecos a adultos mayores en Corregidora","datePublished":"2024-12-18T22:00:35+00:00","dateModified":"2024-12-19T01:58:07+00:00","mainEntityOfPage":{"@id":"https:\/\/www.nexoinformativo.mx\/index.php\/2024\/12\/18\/chepe-guerrero-y-gaby-trapala-entregan-cobijas-y-chalecos-a-adultos-mayores-en-corregidora\/"},"wordCount":294,"commentCount":0,"publisher":{"@id":"https:\/\/www.nexoinformativo.mx\/#organization"},"image":{"@id":"https:\/\/www.nexoinformativo.mx\/index.php\/2024\/12\/18\/chepe-guerrero-y-gaby-trapala-entregan-cobijas-y-chalecos-a-adultos-mayores-en-corregidora\/#primaryimage"},"thumbnailUrl":"https:\/\/www.nexoinformativo.mx\/wp-content\/uploads\/2024\/12\/PHOTO-2024-12-18-19-32-34-e1734573400699.jpg","keywords":["AdultosMayores","BienestarSocial","Corregidora","Solidaridad"],"articleSection":["Municipios","\u00daltima Hora"],"inLanguage":"es","potentialAction":[{"@type":"CommentAction","name":"Comment","target":["https:\/\/www.nexoinformativo.mx\/index.php\/2024\/12\/18\/chepe-guerrero-y-gaby-trapala-entregan-cobijas-y-chalecos-a-adultos-mayores-en-corregidora\/#respond"]}]},{"@type":"WebPage","@id":"https:\/\/www.nexoinformativo.mx\/index.php\/2024\/12\/18\/chepe-guerrero-y-gaby-trapala-entregan-cobijas-y-chalecos-a-adultos-mayores-en-corregidora\/","url":"https:\/\/www.nexoinformativo.mx\/index.php\/2024\/12\/18\/chepe-guerrero-y-gaby-trapala-entregan-cobijas-y-chalecos-a-adultos-mayores-en-corregidora\/","name":"Chepe Guerrero y Gaby Tr\u00e1pala entregan cobijas y chalecos a adultos mayores en Corregidora | Nexo Informativo Santiago de Quer\u00e9taro","isPartOf":{"@id":"https:\/\/www.nexoinformativo.mx\/#website"},"primaryImageOfPage":{"@id":"https:\/\/www.nexoinformativo.mx\/index.php\/2024\/12\/18\/chepe-guerrero-y-gaby-trapala-entregan-cobijas-y-chalecos-a-adultos-mayores-en-corregidora\/#primaryimage"},"image":{"@id":"https:\/\/www.nexoinformativo.mx\/index.php\/2024\/12\/18\/chepe-guerrero-y-gaby-trapala-entregan-cobijas-y-chalecos-a-adultos-mayores-en-corregidora\/#primaryimage"},"thumbnailUrl":"https:\/\/www.nexoinformativo.mx\/wp-content\/uploads\/2024\/12\/PHOTO-2024-12-18-19-32-34-e1734573400699.jpg","datePublished":"2024-12-18T22:00:35+00:00","dateModified":"2024-12-19T01:58:07+00:00","description":"Chepe Guerrero y Gaby Tr\u00e1pala entregan cobijas y chalecos a adultos mayores en Corregidora","breadcrumb":{"@id":"https:\/\/www.nexoinformativo.mx\/index.php\/2024\/12\/18\/chepe-guerrero-y-gaby-trapala-entregan-cobijas-y-chalecos-a-adultos-mayores-en-corregidora\/#breadcrumb"},"inLanguage":"es","potentialAction":[{"@type":"ReadAction","target":["https:\/\/www.nexoinformativo.mx\/index.php\/2024\/12\/18\/chepe-guerrero-y-gaby-trapala-entregan-cobijas-y-chalecos-a-adultos-mayores-en-corregidora\/"]}]},{"@type":"ImageObject","inLanguage":"es","@id":"https:\/\/www.nexoinformativo.mx\/index.php\/2024\/12\/18\/chepe-guerrero-y-gaby-trapala-entregan-cobijas-y-chalecos-a-adultos-mayores-en-corregidora\/#primaryimage","url":"https:\/\/www.nexoinformativo.mx\/wp-content\/uploads\/2024\/12\/PHOTO-2024-12-18-19-32-34-e1734573400699.jpg","contentUrl":"https:\/\/www.nexoinformativo.mx\/wp-content\/uploads\/2024\/12\/PHOTO-2024-12-18-19-32-34-e1734573400699.jpg","width":800,"height":533},{"@type":"BreadcrumbList","@id":"https:\/\/www.nexoinformativo.mx\/index.php\/2024\/12\/18\/chepe-guerrero-y-gaby-trapala-entregan-cobijas-y-chalecos-a-adultos-mayores-en-corregidora\/#breadcrumb","itemListElement":[{"@type":"ListItem","position":1,"name":"Inicio","item":"https:\/\/www.nexoinformativo.mx\/"},{"@type":"ListItem","position":2,"name":"Chepe Guerrero y Gaby Tr\u00e1pala entregan cobijas y chalecos a adultos mayores en Corregidora"}]},{"@type":"WebSite","@id":"https:\/\/www.nexoinformativo.mx\/#website","url":"https:\/\/www.nexoinformativo.mx\/","name":"Nexo Informativo Santiago de Quer\u00e9taro","description":"Explora NexoInformativo y convi\u00e9rtete en parte de una comunidad que valora el conocimiento y la verdad. Tu nexoinformativo es tu puente hacia una comprensi\u00f3n m\u00e1s profunda del mundo que te rodea.","publisher":{"@id":"https:\/\/www.nexoinformativo.mx\/#organization"},"potentialAction":[{"@type":"SearchAction","target":{"@type":"EntryPoint","urlTemplate":"https:\/\/www.nexoinformativo.mx\/?s={search_term_string}"},"query-input":{"@type":"PropertyValueSpecification","valueRequired":true,"valueName":"search_term_string"}}],"inLanguage":"es"},{"@type":"Organization","@id":"https:\/\/www.nexoinformativo.mx\/#organization","name":"Nexo Informativo Santiago de Quer\u00e9taro","url":"https:\/\/www.nexoinformativo.mx\/","logo":{"@type":"ImageObject","inLanguage":"es","@id":"https:\/\/www.nexoinformativo.mx\/#\/schema\/logo\/image\/","url":"https:\/\/www.nexoinformativo.mx\/wp-content\/uploads\/2024\/07\/nexoi-trasparente-2.png","contentUrl":"https:\/\/www.nexoinformativo.mx\/wp-content\/uploads\/2024\/07\/nexoi-trasparente-2.png","width":816,"height":339,"caption":"Nexo Informativo Santiago de Quer\u00e9taro"},"image":{"@id":"https:\/\/www.nexoinformativo.mx\/#\/schema\/logo\/image\/"},"sameAs":["https:\/\/www.facebook.com\/people\/Nexo-Informativo\/61564066885511\/"]},{"@type":"Person","@id":"https:\/\/www.nexoinformativo.mx\/#\/schema\/person\/7749d380ba08c8ca00d7bc76fd907b7d","name":"Nexo Informativo","image":{"@type":"ImageObject","inLanguage":"es","@id":"https:\/\/www.nexoinformativo.mx\/#\/schema\/person\/image\/","url":"https:\/\/secure.gravatar.com\/avatar\/dde2928154642a13d95f87ddf1ea9718fe2b46760a005c53e41ff5ad610704e6?s=96&d=mm&r=g","contentUrl":"https:\/\/secure.gravatar.com\/avatar\/dde2928154642a13d95f87ddf1ea9718fe2b46760a005c53e41ff5ad610704e6?s=96&d=mm&r=g","caption":"Nexo Informativo"},"url":"https:\/\/www.nexoinformativo.mx\/index.php\/author\/edicion\/"}]}},"_links":{"self":[{"href":"https:\/\/www.nexoinformativo.mx\/index.php\/wp-json\/wp\/v2\/posts\/8456","targetHints":{"allow":["GET"]}}],"collection":[{"href":"https:\/\/www.nexoinformativo.mx\/index.php\/wp-json\/wp\/v2\/posts"}],"about":[{"href":"https:\/\/www.nexoinformativo.mx\/index.php\/wp-json\/wp\/v2\/types\/post"}],"author":[{"embeddable":true,"href":"https:\/\/www.nexoinformativo.mx\/index.php\/wp-json\/wp\/v2\/users\/3"}],"replies":[{"embeddable":true,"href":"https:\/\/www.nexoinformativo.mx\/index.php\/wp-json\/wp\/v2\/comments?post=8456"}],"version-history":[{"count":2,"href":"https:\/\/www.nexoinformativo.mx\/index.php\/wp-json\/wp\/v2\/posts\/8456\/revisions"}],"predecessor-version":[{"id":8459,"href":"https:\/\/www.nexoinformativo.mx\/index.php\/wp-json\/wp\/v2\/posts\/8456\/revisions\/8459"}],"wp:featuredmedia":[{"embeddable":true,"href":"https:\/\/www.nexoinformativo.mx\/index.php\/wp-json\/wp\/v2\/media\/8457"}],"wp:attachment":[{"href":"https:\/\/www.nexoinformativo.mx\/index.php\/wp-json\/wp\/v2\/media?parent=8456"}],"wp:term":[{"taxonomy":"category","embeddable":true,"href":"https:\/\/www.nexoinformativo.mx\/index.php\/wp-json\/wp\/v2\/categories?post=8456"},{"taxonomy":"post_tag","embeddable":true,"href":"https:\/\/www.nexoinformativo.mx\/index.php\/wp-json\/wp\/v2\/tags?post=8456"}],"curies":[{"name":"wp","href":"https:\/\/api.w.org\/{rel}","templated":true}]}}