{"id":8461,"date":"2024-12-19T06:00:22","date_gmt":"2024-12-19T12:00:22","guid":{"rendered":"https:\/\/www.nexoinformativo.mx\/?p=8461"},"modified":"2024-12-19T09:37:20","modified_gmt":"2024-12-19T15:37:20","slug":"mauricio-kuri-anuncia-proyecto-vial-que-conectara-a-san-juan-del-rio-con-el-aeropuerto-de-queretaro","status":"publish","type":"post","link":"https:\/\/www.nexoinformativo.mx\/index.php\/2024\/12\/19\/mauricio-kuri-anuncia-proyecto-vial-que-conectara-a-san-juan-del-rio-con-el-aeropuerto-de-queretaro\/","title":{"rendered":"Mauricio Kuri anuncia proyecto vial que conectar\u00e1 a San Juan del R\u00edo con el Aeropuerto de Quer\u00e9taro"},"content":{"rendered":"<p style=\"text-align: justify;\" data-sourcepos=\"11:1-11:307\">\u00a1Buenas noticias para quienes viajan entre San Juan del R\u00edo y el Aeropuerto de Quer\u00e9taro! El gobernador Mauricio Kuri anunci\u00f3 que se est\u00e1 trabajando en un ambicioso proyecto vial que conectar\u00e1 ambos puntos, con el objetivo de descongestionar la carretera 57 y mejorar la movilidad en la regi\u00f3n.<\/p>\n<p>&nbsp;<\/p>\n<p style=\"text-align: justify;\" data-sourcepos=\"13:1-13:245\">Este proyecto, impulsado por diversas empresas privadas, promete brindar una alternativa m\u00e1s r\u00e1pida y eficiente para los usuarios, adem\u00e1s de impulsar el desarrollo econ\u00f3mico de los municipios involucrados, como Tequisquiapan y San Juan del R\u00edo.<\/p>\n<p>&nbsp;<\/p>\n<p style=\"text-align: justify;\" data-sourcepos=\"15:1-15:308\">Kuri Gonz\u00e1lez destac\u00f3 que en los pr\u00f3ximos d\u00edas se revelar\u00e1n m\u00e1s detalles sobre este importante proyecto, que representa una inversi\u00f3n significativa para el estado.<\/p>\n<p>&nbsp;<\/p>\n<p style=\"text-align: justify;\" data-sourcepos=\"15:1-15:308\"><strong>&#8220;Este nuevo camino dar\u00e1 mucha vida a Tequisquiapan, San Juan del R\u00edo, el aeropuerto y otras zonas de Quer\u00e9taro&#8221;<\/strong>, afirm\u00f3 el gobernador.<\/p>\n<p>&nbsp;<\/p>\n<p style=\"text-align: justify;\" data-sourcepos=\"17:1-17:235\">Adem\u00e1s, el mandatario estatal se\u00f1al\u00f3 que ha mantenido conversaciones con representantes de empresas automotrices interesadas en invertir en Quer\u00e9taro, lo cual refuerza la posici\u00f3n del estado como un destino atractivo para la inversi\u00f3n.<\/p>\n<p>&nbsp;<\/p>\n<p style=\"text-align: center;\" data-sourcepos=\"17:1-17:235\"><em><strong>\u00a1Informaci\u00f3n que transforma!<\/strong><\/em><\/p>\n","protected":false},"excerpt":{"rendered":"<p>\u00a1Buenas noticias para quienes viajan entre San Juan del R\u00edo y el Aeropuerto de Quer\u00e9taro! El gobernador Mauricio Kuri anunci\u00f3 que se est\u00e1 trabajando en un ambicioso proyecto vial que conectar\u00e1 ambos puntos, con el objetivo de descongestionar la carretera 57 y mejorar la movilidad en la regi\u00f3n.<\/p>\n","protected":false},"author":3,"featured_media":8462,"comment_status":"open","ping_status":"open","sticky":false,"template":"","format":"standard","meta":{"footnotes":""},"categories":[65,58],"tags":[352,734,2739,133],"class_list":["post-8461","post","type-post","status-publish","format-standard","has-post-thumbnail","hentry","category-municipios","category-ultima-hora","tag-desarrolloeconomico","tag-infraestructura","tag-nuevavia","tag-queretaro"],"yoast_head":"<!-- This site is optimized with the Yoast SEO plugin v25.0 - https:\/\/yoast.com\/wordpress\/plugins\/seo\/ -->\n<title>Mauricio Kuri anuncia proyecto vial que conectar\u00e1 a San Juan del R\u00edo con el Aeropuerto de Quer\u00e9taro | Nexo Informativo Santiago de Quer\u00e9taro<\/title>\n<meta name=\"robots\" content=\"index, follow, max-snippet:-1, max-image-preview:large, max-video-preview:-1\" \/>\n<link rel=\"canonical\" href=\"https:\/\/www.nexoinformativo.mx\/index.php\/2024\/12\/19\/mauricio-kuri-anuncia-proyecto-vial-que-conectara-a-san-juan-del-rio-con-el-aeropuerto-de-queretaro\/\" \/>\n<meta property=\"og:locale\" content=\"es_MX\" \/>\n<meta property=\"og:type\" content=\"article\" \/>\n<meta property=\"og:title\" content=\"Mauricio Kuri anuncia proyecto vial que conectar\u00e1 a San Juan del R\u00edo con el Aeropuerto de Quer\u00e9taro | Nexo Informativo Santiago de Quer\u00e9taro\" \/>\n<meta property=\"og:description\" content=\"\u00a1Buenas noticias para quienes viajan entre San Juan del R\u00edo y el Aeropuerto de Quer\u00e9taro! El gobernador Mauricio Kuri anunci\u00f3 que se est\u00e1 trabajando en un ambicioso proyecto vial que conectar\u00e1 ambos puntos, con el objetivo de descongestionar la carretera 57 y mejorar la movilidad en la regi\u00f3n.\" \/>\n<meta property=\"og:url\" content=\"https:\/\/www.nexoinformativo.mx\/index.php\/2024\/12\/19\/mauricio-kuri-anuncia-proyecto-vial-que-conectara-a-san-juan-del-rio-con-el-aeropuerto-de-queretaro\/\" \/>\n<meta property=\"og:site_name\" content=\"Nexo Informativo Santiago de Quer\u00e9taro\" \/>\n<meta property=\"article:publisher\" content=\"https:\/\/www.facebook.com\/people\/Nexo-Informativo\/61564066885511\/\" \/>\n<meta property=\"article:published_time\" content=\"2024-12-19T12:00:22+00:00\" \/>\n<meta property=\"article:modified_time\" content=\"2024-12-19T15:37:20+00:00\" \/>\n<meta property=\"og:image\" content=\"https:\/\/www.nexoinformativo.mx\/wp-content\/uploads\/2024\/12\/PHOTO-2024-12-18-20-52-50-e1734622563453.jpg\" \/>\n\t<meta property=\"og:image:width\" content=\"800\" \/>\n\t<meta property=\"og:image:height\" content=\"533\" \/>\n\t<meta property=\"og:image:type\" content=\"image\/jpeg\" \/>\n<meta name=\"author\" content=\"Nexo Informativo\" \/>\n<meta name=\"twitter:card\" content=\"summary_large_image\" \/>\n<meta name=\"twitter:label1\" content=\"Escrito por\" \/>\n\t<meta name=\"twitter:data1\" content=\"Nexo Informativo\" \/>\n\t<meta name=\"twitter:label2\" content=\"Tiempo de lectura\" \/>\n\t<meta name=\"twitter:data2\" content=\"1 minuto\" \/>\n<script type=\"application\/ld+json\" class=\"yoast-schema-graph\">{\"@context\":\"https:\/\/schema.org\",\"@graph\":[{\"@type\":\"Article\",\"@id\":\"https:\/\/www.nexoinformativo.mx\/index.php\/2024\/12\/19\/mauricio-kuri-anuncia-proyecto-vial-que-conectara-a-san-juan-del-rio-con-el-aeropuerto-de-queretaro\/#article\",\"isPartOf\":{\"@id\":\"https:\/\/www.nexoinformativo.mx\/index.php\/2024\/12\/19\/mauricio-kuri-anuncia-proyecto-vial-que-conectara-a-san-juan-del-rio-con-el-aeropuerto-de-queretaro\/\"},\"author\":{\"name\":\"Nexo Informativo\",\"@id\":\"https:\/\/www.nexoinformativo.mx\/#\/schema\/person\/7749d380ba08c8ca00d7bc76fd907b7d\"},\"headline\":\"Mauricio Kuri anuncia proyecto vial que conectar\u00e1 a San Juan del R\u00edo con el Aeropuerto de Quer\u00e9taro\",\"datePublished\":\"2024-12-19T12:00:22+00:00\",\"dateModified\":\"2024-12-19T15:37:20+00:00\",\"mainEntityOfPage\":{\"@id\":\"https:\/\/www.nexoinformativo.mx\/index.php\/2024\/12\/19\/mauricio-kuri-anuncia-proyecto-vial-que-conectara-a-san-juan-del-rio-con-el-aeropuerto-de-queretaro\/\"},\"wordCount\":210,\"commentCount\":0,\"publisher\":{\"@id\":\"https:\/\/www.nexoinformativo.mx\/#organization\"},\"image\":{\"@id\":\"https:\/\/www.nexoinformativo.mx\/index.php\/2024\/12\/19\/mauricio-kuri-anuncia-proyecto-vial-que-conectara-a-san-juan-del-rio-con-el-aeropuerto-de-queretaro\/#primaryimage\"},\"thumbnailUrl\":\"https:\/\/www.nexoinformativo.mx\/wp-content\/uploads\/2024\/12\/PHOTO-2024-12-18-20-52-50-e1734622563453.jpg\",\"keywords\":[\"DesarrolloEcon\u00f3mico\",\"Infraestructura\",\"NuevaV\u00eda\",\"Quer\u00e9taro\"],\"articleSection\":[\"Municipios\",\"\u00daltima Hora\"],\"inLanguage\":\"es\",\"potentialAction\":[{\"@type\":\"CommentAction\",\"name\":\"Comment\",\"target\":[\"https:\/\/www.nexoinformativo.mx\/index.php\/2024\/12\/19\/mauricio-kuri-anuncia-proyecto-vial-que-conectara-a-san-juan-del-rio-con-el-aeropuerto-de-queretaro\/#respond\"]}]},{\"@type\":\"WebPage\",\"@id\":\"https:\/\/www.nexoinformativo.mx\/index.php\/2024\/12\/19\/mauricio-kuri-anuncia-proyecto-vial-que-conectara-a-san-juan-del-rio-con-el-aeropuerto-de-queretaro\/\",\"url\":\"https:\/\/www.nexoinformativo.mx\/index.php\/2024\/12\/19\/mauricio-kuri-anuncia-proyecto-vial-que-conectara-a-san-juan-del-rio-con-el-aeropuerto-de-queretaro\/\",\"name\":\"Mauricio Kuri anuncia proyecto vial que conectar\u00e1 a San Juan del R\u00edo con el Aeropuerto de Quer\u00e9taro | Nexo Informativo Santiago de Quer\u00e9taro\",\"isPartOf\":{\"@id\":\"https:\/\/www.nexoinformativo.mx\/#website\"},\"primaryImageOfPage\":{\"@id\":\"https:\/\/www.nexoinformativo.mx\/index.php\/2024\/12\/19\/mauricio-kuri-anuncia-proyecto-vial-que-conectara-a-san-juan-del-rio-con-el-aeropuerto-de-queretaro\/#primaryimage\"},\"image\":{\"@id\":\"https:\/\/www.nexoinformativo.mx\/index.php\/2024\/12\/19\/mauricio-kuri-anuncia-proyecto-vial-que-conectara-a-san-juan-del-rio-con-el-aeropuerto-de-queretaro\/#primaryimage\"},\"thumbnailUrl\":\"https:\/\/www.nexoinformativo.mx\/wp-content\/uploads\/2024\/12\/PHOTO-2024-12-18-20-52-50-e1734622563453.jpg\",\"datePublished\":\"2024-12-19T12:00:22+00:00\",\"dateModified\":\"2024-12-19T15:37:20+00:00\",\"breadcrumb\":{\"@id\":\"https:\/\/www.nexoinformativo.mx\/index.php\/2024\/12\/19\/mauricio-kuri-anuncia-proyecto-vial-que-conectara-a-san-juan-del-rio-con-el-aeropuerto-de-queretaro\/#breadcrumb\"},\"inLanguage\":\"es\",\"potentialAction\":[{\"@type\":\"ReadAction\",\"target\":[\"https:\/\/www.nexoinformativo.mx\/index.php\/2024\/12\/19\/mauricio-kuri-anuncia-proyecto-vial-que-conectara-a-san-juan-del-rio-con-el-aeropuerto-de-queretaro\/\"]}]},{\"@type\":\"ImageObject\",\"inLanguage\":\"es\",\"@id\":\"https:\/\/www.nexoinformativo.mx\/index.php\/2024\/12\/19\/mauricio-kuri-anuncia-proyecto-vial-que-conectara-a-san-juan-del-rio-con-el-aeropuerto-de-queretaro\/#primaryimage\",\"url\":\"https:\/\/www.nexoinformativo.mx\/wp-content\/uploads\/2024\/12\/PHOTO-2024-12-18-20-52-50-e1734622563453.jpg\",\"contentUrl\":\"https:\/\/www.nexoinformativo.mx\/wp-content\/uploads\/2024\/12\/PHOTO-2024-12-18-20-52-50-e1734622563453.jpg\",\"width\":800,\"height\":533},{\"@type\":\"BreadcrumbList\",\"@id\":\"https:\/\/www.nexoinformativo.mx\/index.php\/2024\/12\/19\/mauricio-kuri-anuncia-proyecto-vial-que-conectara-a-san-juan-del-rio-con-el-aeropuerto-de-queretaro\/#breadcrumb\",\"itemListElement\":[{\"@type\":\"ListItem\",\"position\":1,\"name\":\"Inicio\",\"item\":\"https:\/\/www.nexoinformativo.mx\/\"},{\"@type\":\"ListItem\",\"position\":2,\"name\":\"Mauricio Kuri anuncia proyecto vial que conectar\u00e1 a San Juan del R\u00edo con el Aeropuerto de Quer\u00e9taro\"}]},{\"@type\":\"WebSite\",\"@id\":\"https:\/\/www.nexoinformativo.mx\/#website\",\"url\":\"https:\/\/www.nexoinformativo.mx\/\",\"name\":\"Nexo Informativo Santiago de Quer\u00e9taro\",\"description\":\"Explora NexoInformativo y convi\u00e9rtete en parte de una comunidad que valora el conocimiento y la verdad. Tu nexoinformativo es tu puente hacia una comprensi\u00f3n m\u00e1s profunda del mundo que te rodea.\",\"publisher\":{\"@id\":\"https:\/\/www.nexoinformativo.mx\/#organization\"},\"potentialAction\":[{\"@type\":\"SearchAction\",\"target\":{\"@type\":\"EntryPoint\",\"urlTemplate\":\"https:\/\/www.nexoinformativo.mx\/?s={search_term_string}\"},\"query-input\":{\"@type\":\"PropertyValueSpecification\",\"valueRequired\":true,\"valueName\":\"search_term_string\"}}],\"inLanguage\":\"es\"},{\"@type\":\"Organization\",\"@id\":\"https:\/\/www.nexoinformativo.mx\/#organization\",\"name\":\"Nexo Informativo Santiago de Quer\u00e9taro\",\"url\":\"https:\/\/www.nexoinformativo.mx\/\",\"logo\":{\"@type\":\"ImageObject\",\"inLanguage\":\"es\",\"@id\":\"https:\/\/www.nexoinformativo.mx\/#\/schema\/logo\/image\/\",\"url\":\"https:\/\/www.nexoinformativo.mx\/wp-content\/uploads\/2024\/07\/nexoi-trasparente-2.png\",\"contentUrl\":\"https:\/\/www.nexoinformativo.mx\/wp-content\/uploads\/2024\/07\/nexoi-trasparente-2.png\",\"width\":816,\"height\":339,\"caption\":\"Nexo Informativo Santiago de Quer\u00e9taro\"},\"image\":{\"@id\":\"https:\/\/www.nexoinformativo.mx\/#\/schema\/logo\/image\/\"},\"sameAs\":[\"https:\/\/www.facebook.com\/people\/Nexo-Informativo\/61564066885511\/\"]},{\"@type\":\"Person\",\"@id\":\"https:\/\/www.nexoinformativo.mx\/#\/schema\/person\/7749d380ba08c8ca00d7bc76fd907b7d\",\"name\":\"Nexo Informativo\",\"image\":{\"@type\":\"ImageObject\",\"inLanguage\":\"es\",\"@id\":\"https:\/\/www.nexoinformativo.mx\/#\/schema\/person\/image\/\",\"url\":\"https:\/\/secure.gravatar.com\/avatar\/dde2928154642a13d95f87ddf1ea9718fe2b46760a005c53e41ff5ad610704e6?s=96&d=mm&r=g\",\"contentUrl\":\"https:\/\/secure.gravatar.com\/avatar\/dde2928154642a13d95f87ddf1ea9718fe2b46760a005c53e41ff5ad610704e6?s=96&d=mm&r=g\",\"caption\":\"Nexo Informativo\"},\"url\":\"https:\/\/www.nexoinformativo.mx\/index.php\/author\/edicion\/\"}]}<\/script>\n<!-- \/ Yoast SEO plugin. -->","yoast_head_json":{"title":"Mauricio Kuri anuncia proyecto vial que conectar\u00e1 a San Juan del R\u00edo con el Aeropuerto de Quer\u00e9taro | Nexo Informativo Santiago de Quer\u00e9taro","robots":{"index":"index","follow":"follow","max-snippet":"max-snippet:-1","max-image-preview":"max-image-preview:large","max-video-preview":"max-video-preview:-1"},"canonical":"https:\/\/www.nexoinformativo.mx\/index.php\/2024\/12\/19\/mauricio-kuri-anuncia-proyecto-vial-que-conectara-a-san-juan-del-rio-con-el-aeropuerto-de-queretaro\/","og_locale":"es_MX","og_type":"article","og_title":"Mauricio Kuri anuncia proyecto vial que conectar\u00e1 a San Juan del R\u00edo con el Aeropuerto de Quer\u00e9taro | Nexo Informativo Santiago de Quer\u00e9taro","og_description":"\u00a1Buenas noticias para quienes viajan entre San Juan del R\u00edo y el Aeropuerto de Quer\u00e9taro! El gobernador Mauricio Kuri anunci\u00f3 que se est\u00e1 trabajando en un ambicioso proyecto vial que conectar\u00e1 ambos puntos, con el objetivo de descongestionar la carretera 57 y mejorar la movilidad en la regi\u00f3n.","og_url":"https:\/\/www.nexoinformativo.mx\/index.php\/2024\/12\/19\/mauricio-kuri-anuncia-proyecto-vial-que-conectara-a-san-juan-del-rio-con-el-aeropuerto-de-queretaro\/","og_site_name":"Nexo Informativo Santiago de Quer\u00e9taro","article_publisher":"https:\/\/www.facebook.com\/people\/Nexo-Informativo\/61564066885511\/","article_published_time":"2024-12-19T12:00:22+00:00","article_modified_time":"2024-12-19T15:37:20+00:00","og_image":[{"width":800,"height":533,"url":"https:\/\/www.nexoinformativo.mx\/wp-content\/uploads\/2024\/12\/PHOTO-2024-12-18-20-52-50-e1734622563453.jpg","type":"image\/jpeg"}],"author":"Nexo Informativo","twitter_card":"summary_large_image","twitter_misc":{"Escrito por":"Nexo Informativo","Tiempo de lectura":"1 minuto"},"schema":{"@context":"https:\/\/schema.org","@graph":[{"@type":"Article","@id":"https:\/\/www.nexoinformativo.mx\/index.php\/2024\/12\/19\/mauricio-kuri-anuncia-proyecto-vial-que-conectara-a-san-juan-del-rio-con-el-aeropuerto-de-queretaro\/#article","isPartOf":{"@id":"https:\/\/www.nexoinformativo.mx\/index.php\/2024\/12\/19\/mauricio-kuri-anuncia-proyecto-vial-que-conectara-a-san-juan-del-rio-con-el-aeropuerto-de-queretaro\/"},"author":{"name":"Nexo Informativo","@id":"https:\/\/www.nexoinformativo.mx\/#\/schema\/person\/7749d380ba08c8ca00d7bc76fd907b7d"},"headline":"Mauricio Kuri anuncia proyecto vial que conectar\u00e1 a San Juan del R\u00edo con el Aeropuerto de Quer\u00e9taro","datePublished":"2024-12-19T12:00:22+00:00","dateModified":"2024-12-19T15:37:20+00:00","mainEntityOfPage":{"@id":"https:\/\/www.nexoinformativo.mx\/index.php\/2024\/12\/19\/mauricio-kuri-anuncia-proyecto-vial-que-conectara-a-san-juan-del-rio-con-el-aeropuerto-de-queretaro\/"},"wordCount":210,"commentCount":0,"publisher":{"@id":"https:\/\/www.nexoinformativo.mx\/#organization"},"image":{"@id":"https:\/\/www.nexoinformativo.mx\/index.php\/2024\/12\/19\/mauricio-kuri-anuncia-proyecto-vial-que-conectara-a-san-juan-del-rio-con-el-aeropuerto-de-queretaro\/#primaryimage"},"thumbnailUrl":"https:\/\/www.nexoinformativo.mx\/wp-content\/uploads\/2024\/12\/PHOTO-2024-12-18-20-52-50-e1734622563453.jpg","keywords":["DesarrolloEcon\u00f3mico","Infraestructura","NuevaV\u00eda","Quer\u00e9taro"],"articleSection":["Municipios","\u00daltima Hora"],"inLanguage":"es","potentialAction":[{"@type":"CommentAction","name":"Comment","target":["https:\/\/www.nexoinformativo.mx\/index.php\/2024\/12\/19\/mauricio-kuri-anuncia-proyecto-vial-que-conectara-a-san-juan-del-rio-con-el-aeropuerto-de-queretaro\/#respond"]}]},{"@type":"WebPage","@id":"https:\/\/www.nexoinformativo.mx\/index.php\/2024\/12\/19\/mauricio-kuri-anuncia-proyecto-vial-que-conectara-a-san-juan-del-rio-con-el-aeropuerto-de-queretaro\/","url":"https:\/\/www.nexoinformativo.mx\/index.php\/2024\/12\/19\/mauricio-kuri-anuncia-proyecto-vial-que-conectara-a-san-juan-del-rio-con-el-aeropuerto-de-queretaro\/","name":"Mauricio Kuri anuncia proyecto vial que conectar\u00e1 a San Juan del R\u00edo con el Aeropuerto de Quer\u00e9taro | Nexo Informativo Santiago de Quer\u00e9taro","isPartOf":{"@id":"https:\/\/www.nexoinformativo.mx\/#website"},"primaryImageOfPage":{"@id":"https:\/\/www.nexoinformativo.mx\/index.php\/2024\/12\/19\/mauricio-kuri-anuncia-proyecto-vial-que-conectara-a-san-juan-del-rio-con-el-aeropuerto-de-queretaro\/#primaryimage"},"image":{"@id":"https:\/\/www.nexoinformativo.mx\/index.php\/2024\/12\/19\/mauricio-kuri-anuncia-proyecto-vial-que-conectara-a-san-juan-del-rio-con-el-aeropuerto-de-queretaro\/#primaryimage"},"thumbnailUrl":"https:\/\/www.nexoinformativo.mx\/wp-content\/uploads\/2024\/12\/PHOTO-2024-12-18-20-52-50-e1734622563453.jpg","datePublished":"2024-12-19T12:00:22+00:00","dateModified":"2024-12-19T15:37:20+00:00","breadcrumb":{"@id":"https:\/\/www.nexoinformativo.mx\/index.php\/2024\/12\/19\/mauricio-kuri-anuncia-proyecto-vial-que-conectara-a-san-juan-del-rio-con-el-aeropuerto-de-queretaro\/#breadcrumb"},"inLanguage":"es","potentialAction":[{"@type":"ReadAction","target":["https:\/\/www.nexoinformativo.mx\/index.php\/2024\/12\/19\/mauricio-kuri-anuncia-proyecto-vial-que-conectara-a-san-juan-del-rio-con-el-aeropuerto-de-queretaro\/"]}]},{"@type":"ImageObject","inLanguage":"es","@id":"https:\/\/www.nexoinformativo.mx\/index.php\/2024\/12\/19\/mauricio-kuri-anuncia-proyecto-vial-que-conectara-a-san-juan-del-rio-con-el-aeropuerto-de-queretaro\/#primaryimage","url":"https:\/\/www.nexoinformativo.mx\/wp-content\/uploads\/2024\/12\/PHOTO-2024-12-18-20-52-50-e1734622563453.jpg","contentUrl":"https:\/\/www.nexoinformativo.mx\/wp-content\/uploads\/2024\/12\/PHOTO-2024-12-18-20-52-50-e1734622563453.jpg","width":800,"height":533},{"@type":"BreadcrumbList","@id":"https:\/\/www.nexoinformativo.mx\/index.php\/2024\/12\/19\/mauricio-kuri-anuncia-proyecto-vial-que-conectara-a-san-juan-del-rio-con-el-aeropuerto-de-queretaro\/#breadcrumb","itemListElement":[{"@type":"ListItem","position":1,"name":"Inicio","item":"https:\/\/www.nexoinformativo.mx\/"},{"@type":"ListItem","position":2,"name":"Mauricio Kuri anuncia proyecto vial que conectar\u00e1 a San Juan del R\u00edo con el Aeropuerto de Quer\u00e9taro"}]},{"@type":"WebSite","@id":"https:\/\/www.nexoinformativo.mx\/#website","url":"https:\/\/www.nexoinformativo.mx\/","name":"Nexo Informativo Santiago de Quer\u00e9taro","description":"Explora NexoInformativo y convi\u00e9rtete en parte de una comunidad que valora el conocimiento y la verdad. Tu nexoinformativo es tu puente hacia una comprensi\u00f3n m\u00e1s profunda del mundo que te rodea.","publisher":{"@id":"https:\/\/www.nexoinformativo.mx\/#organization"},"potentialAction":[{"@type":"SearchAction","target":{"@type":"EntryPoint","urlTemplate":"https:\/\/www.nexoinformativo.mx\/?s={search_term_string}"},"query-input":{"@type":"PropertyValueSpecification","valueRequired":true,"valueName":"search_term_string"}}],"inLanguage":"es"},{"@type":"Organization","@id":"https:\/\/www.nexoinformativo.mx\/#organization","name":"Nexo Informativo Santiago de Quer\u00e9taro","url":"https:\/\/www.nexoinformativo.mx\/","logo":{"@type":"ImageObject","inLanguage":"es","@id":"https:\/\/www.nexoinformativo.mx\/#\/schema\/logo\/image\/","url":"https:\/\/www.nexoinformativo.mx\/wp-content\/uploads\/2024\/07\/nexoi-trasparente-2.png","contentUrl":"https:\/\/www.nexoinformativo.mx\/wp-content\/uploads\/2024\/07\/nexoi-trasparente-2.png","width":816,"height":339,"caption":"Nexo Informativo Santiago de Quer\u00e9taro"},"image":{"@id":"https:\/\/www.nexoinformativo.mx\/#\/schema\/logo\/image\/"},"sameAs":["https:\/\/www.facebook.com\/people\/Nexo-Informativo\/61564066885511\/"]},{"@type":"Person","@id":"https:\/\/www.nexoinformativo.mx\/#\/schema\/person\/7749d380ba08c8ca00d7bc76fd907b7d","name":"Nexo Informativo","image":{"@type":"ImageObject","inLanguage":"es","@id":"https:\/\/www.nexoinformativo.mx\/#\/schema\/person\/image\/","url":"https:\/\/secure.gravatar.com\/avatar\/dde2928154642a13d95f87ddf1ea9718fe2b46760a005c53e41ff5ad610704e6?s=96&d=mm&r=g","contentUrl":"https:\/\/secure.gravatar.com\/avatar\/dde2928154642a13d95f87ddf1ea9718fe2b46760a005c53e41ff5ad610704e6?s=96&d=mm&r=g","caption":"Nexo Informativo"},"url":"https:\/\/www.nexoinformativo.mx\/index.php\/author\/edicion\/"}]}},"_links":{"self":[{"href":"https:\/\/www.nexoinformativo.mx\/index.php\/wp-json\/wp\/v2\/posts\/8461","targetHints":{"allow":["GET"]}}],"collection":[{"href":"https:\/\/www.nexoinformativo.mx\/index.php\/wp-json\/wp\/v2\/posts"}],"about":[{"href":"https:\/\/www.nexoinformativo.mx\/index.php\/wp-json\/wp\/v2\/types\/post"}],"author":[{"embeddable":true,"href":"https:\/\/www.nexoinformativo.mx\/index.php\/wp-json\/wp\/v2\/users\/3"}],"replies":[{"embeddable":true,"href":"https:\/\/www.nexoinformativo.mx\/index.php\/wp-json\/wp\/v2\/comments?post=8461"}],"version-history":[{"count":2,"href":"https:\/\/www.nexoinformativo.mx\/index.php\/wp-json\/wp\/v2\/posts\/8461\/revisions"}],"predecessor-version":[{"id":8464,"href":"https:\/\/www.nexoinformativo.mx\/index.php\/wp-json\/wp\/v2\/posts\/8461\/revisions\/8464"}],"wp:featuredmedia":[{"embeddable":true,"href":"https:\/\/www.nexoinformativo.mx\/index.php\/wp-json\/wp\/v2\/media\/8462"}],"wp:attachment":[{"href":"https:\/\/www.nexoinformativo.mx\/index.php\/wp-json\/wp\/v2\/media?parent=8461"}],"wp:term":[{"taxonomy":"category","embeddable":true,"href":"https:\/\/www.nexoinformativo.mx\/index.php\/wp-json\/wp\/v2\/categories?post=8461"},{"taxonomy":"post_tag","embeddable":true,"href":"https:\/\/www.nexoinformativo.mx\/index.php\/wp-json\/wp\/v2\/tags?post=8461"}],"curies":[{"name":"wp","href":"https:\/\/api.w.org\/{rel}","templated":true}]}}