{"id":8466,"date":"2024-12-19T06:30:25","date_gmt":"2024-12-19T12:30:25","guid":{"rendered":"https:\/\/www.nexoinformativo.mx\/?p=8466"},"modified":"2024-12-19T09:41:57","modified_gmt":"2024-12-19T15:41:57","slug":"preparate-para-salvar-vidas-upq-ofrece-curso-intensivo-proteccion-civil","status":"publish","type":"post","link":"https:\/\/www.nexoinformativo.mx\/index.php\/2024\/12\/19\/preparate-para-salvar-vidas-upq-ofrece-curso-intensivo-proteccion-civil\/","title":{"rendered":"\u00a1Prep\u00e1rate para salvar vidas! UPQ ofrece curso intensivo de Protecci\u00f3n Civil"},"content":{"rendered":"<p style=\"text-align: justify;\" data-sourcepos=\"11:1-11:363\">\u00bfQuieres estar preparado para enfrentar cualquier emergencia? La Universidad Polit\u00e9cnica de Quer\u00e9taro (UPQ) te invita a participar en su capacitaci\u00f3n intensiva en Protecci\u00f3n Civil.<\/p>\n<p>&nbsp;<\/p>\n<p style=\"text-align: justify;\" data-sourcepos=\"11:1-11:363\">Del 7 al 11 de enero de 2025, expertos de Eva VR Training impartir\u00e1n conocimientos clave en primeros auxilios, combate de incendios, evacuaci\u00f3n de inmuebles y b\u00fasqueda y rescate.<\/p>\n<p>&nbsp;<\/p>\n<p style=\"text-align: justify;\" data-sourcepos=\"13:1-13:263\">Este curso es la oportunidad perfecta para actualizar tus conocimientos y adquirir las herramientas necesarias para actuar de manera efectiva en situaciones de emergencia. Adem\u00e1s, te pondr\u00e1s al d\u00eda con el marco legal de Protecci\u00f3n Civil en el estado de Quer\u00e9taro.<\/p>\n<p>&nbsp;<\/p>\n<p style=\"text-align: justify;\" data-sourcepos=\"15:1-15:190\">La capacitaci\u00f3n se llevar\u00e1 a cabo en las instalaciones de la UPQ en un horario de 8:00 a 16:00 horas. El costo es de $5,087 pesos e incluye todo el material necesario para las pr\u00e1cticas.<\/p>\n<p>&nbsp;<\/p>\n<p style=\"text-align: justify;\" data-sourcepos=\"17:1-17:92\">\u00bfC\u00f3mo puedes inscribirte? Es muy sencillo. Solo debes ingresar a los siguientes enlaces:<\/p>\n<p>*M\u00e1s informaci\u00f3n: <a href=\"https:\/\/tinyurl.com\/2jsktwtb\" target=\"_blank\" rel=\"noopener\">https:\/\/tinyurl.com\/2jsktwtb<\/a><\/p>\n<p>*Registro: <a href=\"https:\/\/tinyurl.com\/bdhc9e57\" target=\"_blank\" rel=\"noopener\">https:\/\/tinyurl.com\/bdhc9e57<\/a><\/p>\n<p>&nbsp;<\/p>\n<p style=\"text-align: justify;\" data-sourcepos=\"22:1-22:114\">No pierdas esta oportunidad de convertirte en un agente de cambio y contribuir a la seguridad de tu comunidad.<\/p>\n<p>&nbsp;<\/p>\n<p style=\"text-align: center;\" data-sourcepos=\"22:1-22:114\"><em><strong>\u00a1Informaci\u00f3n que transforma!<\/strong><\/em><\/p>\n","protected":false},"excerpt":{"rendered":"<p>\u00bfQuieres estar preparado para enfrentar cualquier emergencia? La Universidad Polit\u00e9cnica de Quer\u00e9taro (UPQ) te invita a participar en su capacitaci\u00f3n intensiva en Protecci\u00f3n Civil.<\/p>\n","protected":false},"author":3,"featured_media":8467,"comment_status":"open","ping_status":"open","sticky":false,"template":"","format":"standard","meta":{"footnotes":""},"categories":[42,58],"tags":[1681,717,154,2634],"class_list":["post-8466","post","type-post","status-publish","format-standard","has-post-thumbnail","hentry","category-estado","category-ultima-hora","tag-capacitacion","tag-emergencias","tag-proteccioncivil","tag-upq"],"yoast_head":"<!-- This site is optimized with the Yoast SEO plugin v25.0 - https:\/\/yoast.com\/wordpress\/plugins\/seo\/ -->\n<title>\u00a1Prep\u00e1rate para salvar vidas! UPQ ofrece curso intensivo de Protecci\u00f3n Civil | Nexo Informativo Santiago de Quer\u00e9taro<\/title>\n<meta name=\"description\" content=\"\u00a1Prep\u00e1rate para salvar vidas! UPQ ofrece curso intensivo Protecci\u00f3n Civil\" \/>\n<meta name=\"robots\" content=\"index, follow, max-snippet:-1, max-image-preview:large, max-video-preview:-1\" \/>\n<link rel=\"canonical\" href=\"https:\/\/www.nexoinformativo.mx\/index.php\/2024\/12\/19\/preparate-para-salvar-vidas-upq-ofrece-curso-intensivo-proteccion-civil\/\" \/>\n<meta property=\"og:locale\" content=\"es_MX\" \/>\n<meta property=\"og:type\" content=\"article\" \/>\n<meta property=\"og:title\" content=\"\u00a1Prep\u00e1rate para salvar vidas! UPQ ofrece curso intensivo de Protecci\u00f3n Civil | Nexo Informativo Santiago de Quer\u00e9taro\" \/>\n<meta property=\"og:description\" content=\"\u00a1Prep\u00e1rate para salvar vidas! UPQ ofrece curso intensivo Protecci\u00f3n Civil\" \/>\n<meta property=\"og:url\" content=\"https:\/\/www.nexoinformativo.mx\/index.php\/2024\/12\/19\/preparate-para-salvar-vidas-upq-ofrece-curso-intensivo-proteccion-civil\/\" \/>\n<meta property=\"og:site_name\" content=\"Nexo Informativo Santiago de Quer\u00e9taro\" \/>\n<meta property=\"article:publisher\" content=\"https:\/\/www.facebook.com\/people\/Nexo-Informativo\/61564066885511\/\" \/>\n<meta property=\"article:published_time\" content=\"2024-12-19T12:30:25+00:00\" \/>\n<meta property=\"article:modified_time\" content=\"2024-12-19T15:41:57+00:00\" \/>\n<meta property=\"og:image\" content=\"https:\/\/www.nexoinformativo.mx\/wp-content\/uploads\/2024\/12\/PHOTO-2024-12-19-04-55-02-e1734622845269.jpg\" \/>\n\t<meta property=\"og:image:width\" content=\"800\" \/>\n\t<meta property=\"og:image:height\" content=\"533\" \/>\n\t<meta property=\"og:image:type\" content=\"image\/jpeg\" \/>\n<meta name=\"author\" content=\"Nexo Informativo\" \/>\n<meta name=\"twitter:card\" content=\"summary_large_image\" \/>\n<meta name=\"twitter:label1\" content=\"Escrito por\" \/>\n\t<meta name=\"twitter:data1\" content=\"Nexo Informativo\" \/>\n\t<meta name=\"twitter:label2\" content=\"Tiempo de lectura\" \/>\n\t<meta name=\"twitter:data2\" content=\"1 minuto\" \/>\n<script type=\"application\/ld+json\" class=\"yoast-schema-graph\">{\"@context\":\"https:\/\/schema.org\",\"@graph\":[{\"@type\":\"Article\",\"@id\":\"https:\/\/www.nexoinformativo.mx\/index.php\/2024\/12\/19\/preparate-para-salvar-vidas-upq-ofrece-curso-intensivo-proteccion-civil\/#article\",\"isPartOf\":{\"@id\":\"https:\/\/www.nexoinformativo.mx\/index.php\/2024\/12\/19\/preparate-para-salvar-vidas-upq-ofrece-curso-intensivo-proteccion-civil\/\"},\"author\":{\"name\":\"Nexo Informativo\",\"@id\":\"https:\/\/www.nexoinformativo.mx\/#\/schema\/person\/7749d380ba08c8ca00d7bc76fd907b7d\"},\"headline\":\"\u00a1Prep\u00e1rate para salvar vidas! UPQ ofrece curso intensivo de Protecci\u00f3n Civil\",\"datePublished\":\"2024-12-19T12:30:25+00:00\",\"dateModified\":\"2024-12-19T15:41:57+00:00\",\"mainEntityOfPage\":{\"@id\":\"https:\/\/www.nexoinformativo.mx\/index.php\/2024\/12\/19\/preparate-para-salvar-vidas-upq-ofrece-curso-intensivo-proteccion-civil\/\"},\"wordCount\":207,\"commentCount\":0,\"publisher\":{\"@id\":\"https:\/\/www.nexoinformativo.mx\/#organization\"},\"image\":{\"@id\":\"https:\/\/www.nexoinformativo.mx\/index.php\/2024\/12\/19\/preparate-para-salvar-vidas-upq-ofrece-curso-intensivo-proteccion-civil\/#primaryimage\"},\"thumbnailUrl\":\"https:\/\/www.nexoinformativo.mx\/wp-content\/uploads\/2024\/12\/PHOTO-2024-12-19-04-55-02-e1734622845269.jpg\",\"keywords\":[\"Capacitaci\u00f3n\",\"Emergencias\",\"proteccioncivil\",\"UPQ\"],\"articleSection\":[\"Estado\",\"\u00daltima Hora\"],\"inLanguage\":\"es\",\"potentialAction\":[{\"@type\":\"CommentAction\",\"name\":\"Comment\",\"target\":[\"https:\/\/www.nexoinformativo.mx\/index.php\/2024\/12\/19\/preparate-para-salvar-vidas-upq-ofrece-curso-intensivo-proteccion-civil\/#respond\"]}]},{\"@type\":\"WebPage\",\"@id\":\"https:\/\/www.nexoinformativo.mx\/index.php\/2024\/12\/19\/preparate-para-salvar-vidas-upq-ofrece-curso-intensivo-proteccion-civil\/\",\"url\":\"https:\/\/www.nexoinformativo.mx\/index.php\/2024\/12\/19\/preparate-para-salvar-vidas-upq-ofrece-curso-intensivo-proteccion-civil\/\",\"name\":\"\u00a1Prep\u00e1rate para salvar vidas! UPQ ofrece curso intensivo de Protecci\u00f3n Civil | Nexo Informativo Santiago de Quer\u00e9taro\",\"isPartOf\":{\"@id\":\"https:\/\/www.nexoinformativo.mx\/#website\"},\"primaryImageOfPage\":{\"@id\":\"https:\/\/www.nexoinformativo.mx\/index.php\/2024\/12\/19\/preparate-para-salvar-vidas-upq-ofrece-curso-intensivo-proteccion-civil\/#primaryimage\"},\"image\":{\"@id\":\"https:\/\/www.nexoinformativo.mx\/index.php\/2024\/12\/19\/preparate-para-salvar-vidas-upq-ofrece-curso-intensivo-proteccion-civil\/#primaryimage\"},\"thumbnailUrl\":\"https:\/\/www.nexoinformativo.mx\/wp-content\/uploads\/2024\/12\/PHOTO-2024-12-19-04-55-02-e1734622845269.jpg\",\"datePublished\":\"2024-12-19T12:30:25+00:00\",\"dateModified\":\"2024-12-19T15:41:57+00:00\",\"description\":\"\u00a1Prep\u00e1rate para salvar vidas! UPQ ofrece curso intensivo Protecci\u00f3n Civil\",\"breadcrumb\":{\"@id\":\"https:\/\/www.nexoinformativo.mx\/index.php\/2024\/12\/19\/preparate-para-salvar-vidas-upq-ofrece-curso-intensivo-proteccion-civil\/#breadcrumb\"},\"inLanguage\":\"es\",\"potentialAction\":[{\"@type\":\"ReadAction\",\"target\":[\"https:\/\/www.nexoinformativo.mx\/index.php\/2024\/12\/19\/preparate-para-salvar-vidas-upq-ofrece-curso-intensivo-proteccion-civil\/\"]}]},{\"@type\":\"ImageObject\",\"inLanguage\":\"es\",\"@id\":\"https:\/\/www.nexoinformativo.mx\/index.php\/2024\/12\/19\/preparate-para-salvar-vidas-upq-ofrece-curso-intensivo-proteccion-civil\/#primaryimage\",\"url\":\"https:\/\/www.nexoinformativo.mx\/wp-content\/uploads\/2024\/12\/PHOTO-2024-12-19-04-55-02-e1734622845269.jpg\",\"contentUrl\":\"https:\/\/www.nexoinformativo.mx\/wp-content\/uploads\/2024\/12\/PHOTO-2024-12-19-04-55-02-e1734622845269.jpg\",\"width\":800,\"height\":533},{\"@type\":\"BreadcrumbList\",\"@id\":\"https:\/\/www.nexoinformativo.mx\/index.php\/2024\/12\/19\/preparate-para-salvar-vidas-upq-ofrece-curso-intensivo-proteccion-civil\/#breadcrumb\",\"itemListElement\":[{\"@type\":\"ListItem\",\"position\":1,\"name\":\"Inicio\",\"item\":\"https:\/\/www.nexoinformativo.mx\/\"},{\"@type\":\"ListItem\",\"position\":2,\"name\":\"\u00a1Prep\u00e1rate para salvar vidas! UPQ ofrece curso intensivo de Protecci\u00f3n Civil\"}]},{\"@type\":\"WebSite\",\"@id\":\"https:\/\/www.nexoinformativo.mx\/#website\",\"url\":\"https:\/\/www.nexoinformativo.mx\/\",\"name\":\"Nexo Informativo Santiago de Quer\u00e9taro\",\"description\":\"Explora NexoInformativo y convi\u00e9rtete en parte de una comunidad que valora el conocimiento y la verdad. Tu nexoinformativo es tu puente hacia una comprensi\u00f3n m\u00e1s profunda del mundo que te rodea.\",\"publisher\":{\"@id\":\"https:\/\/www.nexoinformativo.mx\/#organization\"},\"potentialAction\":[{\"@type\":\"SearchAction\",\"target\":{\"@type\":\"EntryPoint\",\"urlTemplate\":\"https:\/\/www.nexoinformativo.mx\/?s={search_term_string}\"},\"query-input\":{\"@type\":\"PropertyValueSpecification\",\"valueRequired\":true,\"valueName\":\"search_term_string\"}}],\"inLanguage\":\"es\"},{\"@type\":\"Organization\",\"@id\":\"https:\/\/www.nexoinformativo.mx\/#organization\",\"name\":\"Nexo Informativo Santiago de Quer\u00e9taro\",\"url\":\"https:\/\/www.nexoinformativo.mx\/\",\"logo\":{\"@type\":\"ImageObject\",\"inLanguage\":\"es\",\"@id\":\"https:\/\/www.nexoinformativo.mx\/#\/schema\/logo\/image\/\",\"url\":\"https:\/\/www.nexoinformativo.mx\/wp-content\/uploads\/2024\/07\/nexoi-trasparente-2.png\",\"contentUrl\":\"https:\/\/www.nexoinformativo.mx\/wp-content\/uploads\/2024\/07\/nexoi-trasparente-2.png\",\"width\":816,\"height\":339,\"caption\":\"Nexo Informativo Santiago de Quer\u00e9taro\"},\"image\":{\"@id\":\"https:\/\/www.nexoinformativo.mx\/#\/schema\/logo\/image\/\"},\"sameAs\":[\"https:\/\/www.facebook.com\/people\/Nexo-Informativo\/61564066885511\/\"]},{\"@type\":\"Person\",\"@id\":\"https:\/\/www.nexoinformativo.mx\/#\/schema\/person\/7749d380ba08c8ca00d7bc76fd907b7d\",\"name\":\"Nexo Informativo\",\"image\":{\"@type\":\"ImageObject\",\"inLanguage\":\"es\",\"@id\":\"https:\/\/www.nexoinformativo.mx\/#\/schema\/person\/image\/\",\"url\":\"https:\/\/secure.gravatar.com\/avatar\/dde2928154642a13d95f87ddf1ea9718fe2b46760a005c53e41ff5ad610704e6?s=96&d=mm&r=g\",\"contentUrl\":\"https:\/\/secure.gravatar.com\/avatar\/dde2928154642a13d95f87ddf1ea9718fe2b46760a005c53e41ff5ad610704e6?s=96&d=mm&r=g\",\"caption\":\"Nexo Informativo\"},\"url\":\"https:\/\/www.nexoinformativo.mx\/index.php\/author\/edicion\/\"}]}<\/script>\n<!-- \/ Yoast SEO plugin. -->","yoast_head_json":{"title":"\u00a1Prep\u00e1rate para salvar vidas! UPQ ofrece curso intensivo de Protecci\u00f3n Civil | Nexo Informativo Santiago de Quer\u00e9taro","description":"\u00a1Prep\u00e1rate para salvar vidas! UPQ ofrece curso intensivo Protecci\u00f3n Civil","robots":{"index":"index","follow":"follow","max-snippet":"max-snippet:-1","max-image-preview":"max-image-preview:large","max-video-preview":"max-video-preview:-1"},"canonical":"https:\/\/www.nexoinformativo.mx\/index.php\/2024\/12\/19\/preparate-para-salvar-vidas-upq-ofrece-curso-intensivo-proteccion-civil\/","og_locale":"es_MX","og_type":"article","og_title":"\u00a1Prep\u00e1rate para salvar vidas! UPQ ofrece curso intensivo de Protecci\u00f3n Civil | Nexo Informativo Santiago de Quer\u00e9taro","og_description":"\u00a1Prep\u00e1rate para salvar vidas! UPQ ofrece curso intensivo Protecci\u00f3n Civil","og_url":"https:\/\/www.nexoinformativo.mx\/index.php\/2024\/12\/19\/preparate-para-salvar-vidas-upq-ofrece-curso-intensivo-proteccion-civil\/","og_site_name":"Nexo Informativo Santiago de Quer\u00e9taro","article_publisher":"https:\/\/www.facebook.com\/people\/Nexo-Informativo\/61564066885511\/","article_published_time":"2024-12-19T12:30:25+00:00","article_modified_time":"2024-12-19T15:41:57+00:00","og_image":[{"width":800,"height":533,"url":"https:\/\/www.nexoinformativo.mx\/wp-content\/uploads\/2024\/12\/PHOTO-2024-12-19-04-55-02-e1734622845269.jpg","type":"image\/jpeg"}],"author":"Nexo Informativo","twitter_card":"summary_large_image","twitter_misc":{"Escrito por":"Nexo Informativo","Tiempo de lectura":"1 minuto"},"schema":{"@context":"https:\/\/schema.org","@graph":[{"@type":"Article","@id":"https:\/\/www.nexoinformativo.mx\/index.php\/2024\/12\/19\/preparate-para-salvar-vidas-upq-ofrece-curso-intensivo-proteccion-civil\/#article","isPartOf":{"@id":"https:\/\/www.nexoinformativo.mx\/index.php\/2024\/12\/19\/preparate-para-salvar-vidas-upq-ofrece-curso-intensivo-proteccion-civil\/"},"author":{"name":"Nexo Informativo","@id":"https:\/\/www.nexoinformativo.mx\/#\/schema\/person\/7749d380ba08c8ca00d7bc76fd907b7d"},"headline":"\u00a1Prep\u00e1rate para salvar vidas! UPQ ofrece curso intensivo de Protecci\u00f3n Civil","datePublished":"2024-12-19T12:30:25+00:00","dateModified":"2024-12-19T15:41:57+00:00","mainEntityOfPage":{"@id":"https:\/\/www.nexoinformativo.mx\/index.php\/2024\/12\/19\/preparate-para-salvar-vidas-upq-ofrece-curso-intensivo-proteccion-civil\/"},"wordCount":207,"commentCount":0,"publisher":{"@id":"https:\/\/www.nexoinformativo.mx\/#organization"},"image":{"@id":"https:\/\/www.nexoinformativo.mx\/index.php\/2024\/12\/19\/preparate-para-salvar-vidas-upq-ofrece-curso-intensivo-proteccion-civil\/#primaryimage"},"thumbnailUrl":"https:\/\/www.nexoinformativo.mx\/wp-content\/uploads\/2024\/12\/PHOTO-2024-12-19-04-55-02-e1734622845269.jpg","keywords":["Capacitaci\u00f3n","Emergencias","proteccioncivil","UPQ"],"articleSection":["Estado","\u00daltima Hora"],"inLanguage":"es","potentialAction":[{"@type":"CommentAction","name":"Comment","target":["https:\/\/www.nexoinformativo.mx\/index.php\/2024\/12\/19\/preparate-para-salvar-vidas-upq-ofrece-curso-intensivo-proteccion-civil\/#respond"]}]},{"@type":"WebPage","@id":"https:\/\/www.nexoinformativo.mx\/index.php\/2024\/12\/19\/preparate-para-salvar-vidas-upq-ofrece-curso-intensivo-proteccion-civil\/","url":"https:\/\/www.nexoinformativo.mx\/index.php\/2024\/12\/19\/preparate-para-salvar-vidas-upq-ofrece-curso-intensivo-proteccion-civil\/","name":"\u00a1Prep\u00e1rate para salvar vidas! UPQ ofrece curso intensivo de Protecci\u00f3n Civil | Nexo Informativo Santiago de Quer\u00e9taro","isPartOf":{"@id":"https:\/\/www.nexoinformativo.mx\/#website"},"primaryImageOfPage":{"@id":"https:\/\/www.nexoinformativo.mx\/index.php\/2024\/12\/19\/preparate-para-salvar-vidas-upq-ofrece-curso-intensivo-proteccion-civil\/#primaryimage"},"image":{"@id":"https:\/\/www.nexoinformativo.mx\/index.php\/2024\/12\/19\/preparate-para-salvar-vidas-upq-ofrece-curso-intensivo-proteccion-civil\/#primaryimage"},"thumbnailUrl":"https:\/\/www.nexoinformativo.mx\/wp-content\/uploads\/2024\/12\/PHOTO-2024-12-19-04-55-02-e1734622845269.jpg","datePublished":"2024-12-19T12:30:25+00:00","dateModified":"2024-12-19T15:41:57+00:00","description":"\u00a1Prep\u00e1rate para salvar vidas! UPQ ofrece curso intensivo Protecci\u00f3n Civil","breadcrumb":{"@id":"https:\/\/www.nexoinformativo.mx\/index.php\/2024\/12\/19\/preparate-para-salvar-vidas-upq-ofrece-curso-intensivo-proteccion-civil\/#breadcrumb"},"inLanguage":"es","potentialAction":[{"@type":"ReadAction","target":["https:\/\/www.nexoinformativo.mx\/index.php\/2024\/12\/19\/preparate-para-salvar-vidas-upq-ofrece-curso-intensivo-proteccion-civil\/"]}]},{"@type":"ImageObject","inLanguage":"es","@id":"https:\/\/www.nexoinformativo.mx\/index.php\/2024\/12\/19\/preparate-para-salvar-vidas-upq-ofrece-curso-intensivo-proteccion-civil\/#primaryimage","url":"https:\/\/www.nexoinformativo.mx\/wp-content\/uploads\/2024\/12\/PHOTO-2024-12-19-04-55-02-e1734622845269.jpg","contentUrl":"https:\/\/www.nexoinformativo.mx\/wp-content\/uploads\/2024\/12\/PHOTO-2024-12-19-04-55-02-e1734622845269.jpg","width":800,"height":533},{"@type":"BreadcrumbList","@id":"https:\/\/www.nexoinformativo.mx\/index.php\/2024\/12\/19\/preparate-para-salvar-vidas-upq-ofrece-curso-intensivo-proteccion-civil\/#breadcrumb","itemListElement":[{"@type":"ListItem","position":1,"name":"Inicio","item":"https:\/\/www.nexoinformativo.mx\/"},{"@type":"ListItem","position":2,"name":"\u00a1Prep\u00e1rate para salvar vidas! UPQ ofrece curso intensivo de Protecci\u00f3n Civil"}]},{"@type":"WebSite","@id":"https:\/\/www.nexoinformativo.mx\/#website","url":"https:\/\/www.nexoinformativo.mx\/","name":"Nexo Informativo Santiago de Quer\u00e9taro","description":"Explora NexoInformativo y convi\u00e9rtete en parte de una comunidad que valora el conocimiento y la verdad. Tu nexoinformativo es tu puente hacia una comprensi\u00f3n m\u00e1s profunda del mundo que te rodea.","publisher":{"@id":"https:\/\/www.nexoinformativo.mx\/#organization"},"potentialAction":[{"@type":"SearchAction","target":{"@type":"EntryPoint","urlTemplate":"https:\/\/www.nexoinformativo.mx\/?s={search_term_string}"},"query-input":{"@type":"PropertyValueSpecification","valueRequired":true,"valueName":"search_term_string"}}],"inLanguage":"es"},{"@type":"Organization","@id":"https:\/\/www.nexoinformativo.mx\/#organization","name":"Nexo Informativo Santiago de Quer\u00e9taro","url":"https:\/\/www.nexoinformativo.mx\/","logo":{"@type":"ImageObject","inLanguage":"es","@id":"https:\/\/www.nexoinformativo.mx\/#\/schema\/logo\/image\/","url":"https:\/\/www.nexoinformativo.mx\/wp-content\/uploads\/2024\/07\/nexoi-trasparente-2.png","contentUrl":"https:\/\/www.nexoinformativo.mx\/wp-content\/uploads\/2024\/07\/nexoi-trasparente-2.png","width":816,"height":339,"caption":"Nexo Informativo Santiago de Quer\u00e9taro"},"image":{"@id":"https:\/\/www.nexoinformativo.mx\/#\/schema\/logo\/image\/"},"sameAs":["https:\/\/www.facebook.com\/people\/Nexo-Informativo\/61564066885511\/"]},{"@type":"Person","@id":"https:\/\/www.nexoinformativo.mx\/#\/schema\/person\/7749d380ba08c8ca00d7bc76fd907b7d","name":"Nexo Informativo","image":{"@type":"ImageObject","inLanguage":"es","@id":"https:\/\/www.nexoinformativo.mx\/#\/schema\/person\/image\/","url":"https:\/\/secure.gravatar.com\/avatar\/dde2928154642a13d95f87ddf1ea9718fe2b46760a005c53e41ff5ad610704e6?s=96&d=mm&r=g","contentUrl":"https:\/\/secure.gravatar.com\/avatar\/dde2928154642a13d95f87ddf1ea9718fe2b46760a005c53e41ff5ad610704e6?s=96&d=mm&r=g","caption":"Nexo Informativo"},"url":"https:\/\/www.nexoinformativo.mx\/index.php\/author\/edicion\/"}]}},"_links":{"self":[{"href":"https:\/\/www.nexoinformativo.mx\/index.php\/wp-json\/wp\/v2\/posts\/8466","targetHints":{"allow":["GET"]}}],"collection":[{"href":"https:\/\/www.nexoinformativo.mx\/index.php\/wp-json\/wp\/v2\/posts"}],"about":[{"href":"https:\/\/www.nexoinformativo.mx\/index.php\/wp-json\/wp\/v2\/types\/post"}],"author":[{"embeddable":true,"href":"https:\/\/www.nexoinformativo.mx\/index.php\/wp-json\/wp\/v2\/users\/3"}],"replies":[{"embeddable":true,"href":"https:\/\/www.nexoinformativo.mx\/index.php\/wp-json\/wp\/v2\/comments?post=8466"}],"version-history":[{"count":4,"href":"https:\/\/www.nexoinformativo.mx\/index.php\/wp-json\/wp\/v2\/posts\/8466\/revisions"}],"predecessor-version":[{"id":8470,"href":"https:\/\/www.nexoinformativo.mx\/index.php\/wp-json\/wp\/v2\/posts\/8466\/revisions\/8470"}],"wp:featuredmedia":[{"embeddable":true,"href":"https:\/\/www.nexoinformativo.mx\/index.php\/wp-json\/wp\/v2\/media\/8467"}],"wp:attachment":[{"href":"https:\/\/www.nexoinformativo.mx\/index.php\/wp-json\/wp\/v2\/media?parent=8466"}],"wp:term":[{"taxonomy":"category","embeddable":true,"href":"https:\/\/www.nexoinformativo.mx\/index.php\/wp-json\/wp\/v2\/categories?post=8466"},{"taxonomy":"post_tag","embeddable":true,"href":"https:\/\/www.nexoinformativo.mx\/index.php\/wp-json\/wp\/v2\/tags?post=8466"}],"curies":[{"name":"wp","href":"https:\/\/api.w.org\/{rel}","templated":true}]}}