{"id":8479,"date":"2024-12-19T07:30:57","date_gmt":"2024-12-19T13:30:57","guid":{"rendered":"https:\/\/www.nexoinformativo.mx\/?p=8479"},"modified":"2024-12-19T10:33:24","modified_gmt":"2024-12-19T16:33:24","slug":"safran-queretaro-alcanza-record-historico-mil-motores-entregados","status":"publish","type":"post","link":"https:\/\/www.nexoinformativo.mx\/index.php\/2024\/12\/19\/safran-queretaro-alcanza-record-historico-mil-motores-entregados\/","title":{"rendered":"Safran Quer\u00e9taro alcanza r\u00e9cord hist\u00f3rico: \u00a1Mil motores entregados!"},"content":{"rendered":"<p style=\"text-align: justify;\" data-sourcepos=\"11:1-11:286\">Quer\u00e9taro sigue consolid\u00e1ndose como un referente mundial en la industria aeroespacial. La planta de Safran Aircraft Engine Services Am\u00e9ricas SHOP en la entidad celebr\u00f3 la entrega de su motor n\u00famero mil, un hito que refleja el compromiso de la empresa con la calidad y la excelencia.<\/p>\n<p>&nbsp;<\/p>\n<p style=\"text-align: justify;\" data-sourcepos=\"13:1-13:329\">El secretario de Desarrollo Sustentable, Marco Antonio Del Prete, destac\u00f3 el talento de los trabajadores queretanos y la inversi\u00f3n de Safran, que han posicionado a la entidad como un jugador clave en la fabricaci\u00f3n de motores para la industria aeron\u00e1utica. <strong>&#8220;M\u00e1s de Quer\u00e9taro est\u00e1 en el mundo&#8221;<\/strong>, afirm\u00f3 Del Prete.<\/p>\n<p>&nbsp;<\/p>\n<p style=\"text-align: justify;\" data-sourcepos=\"15:1-15:319\">Por su parte, Jean Paul Alary, CEO de Safran, reconoci\u00f3 el gran trabajo del equipo en Quer\u00e9taro y anunci\u00f3 que se espera duplicar la producci\u00f3n en los pr\u00f3ximos tres a\u00f1os, alcanzando los dos mil motores.<\/p>\n<p>&nbsp;<\/p>\n<p style=\"text-align: justify;\" data-sourcepos=\"15:1-15:319\">Este crecimiento ser\u00e1 posible gracias a la capacitaci\u00f3n continua del personal y a la inversi\u00f3n en nuevas tecnolog\u00edas.<\/p>\n<p>&nbsp;<\/p>\n<p style=\"text-align: justify;\" data-sourcepos=\"17:1-17:212\">Pierre Buhot Launay, director General de Safran Aircraft Americas, destac\u00f3 que este logro marca un hito importante para el grupo Safran y anunci\u00f3 planes para aumentar la producci\u00f3n a 350 motores al a\u00f1o para 2030.<\/p>\n<p style=\"text-align: justify;\" data-sourcepos=\"19:1-19:210\">Con esta entrega, Safran reafirma su compromiso con Quer\u00e9taro y demuestra que la entidad cuenta con el talento y la infraestructura necesarios para ser un l\u00edder en la industria aeroespacial a nivel mundial.<\/p>\n<p>&nbsp;<\/p>\n<p style=\"text-align: center;\" data-sourcepos=\"19:1-19:210\"><em><strong>\u00a1Informaci\u00f3n que transforma!<\/strong><\/em><\/p>\n","protected":false},"excerpt":{"rendered":"<p>Quer\u00e9taro sigue consolid\u00e1ndose como un referente mundial en la industria aeroespacial.<\/p>\n","protected":false},"author":3,"featured_media":8480,"comment_status":"open","ping_status":"open","sticky":false,"template":"","format":"standard","meta":{"footnotes":""},"categories":[42,58],"tags":[2412,2742,133,2413],"class_list":["post-8479","post","type-post","status-publish","format-standard","has-post-thumbnail","hentry","category-estado","category-ultima-hora","tag-aeroespacial","tag-industria","tag-queretaro","tag-safran"],"yoast_head":"<!-- This site is optimized with the Yoast SEO plugin v25.0 - https:\/\/yoast.com\/wordpress\/plugins\/seo\/ -->\n<title>Safran Quer\u00e9taro alcanza r\u00e9cord hist\u00f3rico: \u00a1Mil motores entregados! | Nexo Informativo Santiago de Quer\u00e9taro<\/title>\n<meta name=\"description\" content=\"Safran Quer\u00e9taro alcanza r\u00e9cord hist\u00f3rico: \u00a1Mil motores entregados!\" \/>\n<meta name=\"robots\" content=\"index, follow, max-snippet:-1, max-image-preview:large, max-video-preview:-1\" \/>\n<link rel=\"canonical\" href=\"https:\/\/www.nexoinformativo.mx\/index.php\/2024\/12\/19\/safran-queretaro-alcanza-record-historico-mil-motores-entregados\/\" \/>\n<meta property=\"og:locale\" content=\"es_MX\" \/>\n<meta property=\"og:type\" content=\"article\" \/>\n<meta property=\"og:title\" content=\"Safran Quer\u00e9taro alcanza r\u00e9cord hist\u00f3rico: \u00a1Mil motores entregados! | Nexo Informativo Santiago de Quer\u00e9taro\" \/>\n<meta property=\"og:description\" content=\"Safran Quer\u00e9taro alcanza r\u00e9cord hist\u00f3rico: \u00a1Mil motores entregados!\" \/>\n<meta property=\"og:url\" content=\"https:\/\/www.nexoinformativo.mx\/index.php\/2024\/12\/19\/safran-queretaro-alcanza-record-historico-mil-motores-entregados\/\" \/>\n<meta property=\"og:site_name\" content=\"Nexo Informativo Santiago de Quer\u00e9taro\" \/>\n<meta property=\"article:publisher\" content=\"https:\/\/www.facebook.com\/people\/Nexo-Informativo\/61564066885511\/\" \/>\n<meta property=\"article:published_time\" content=\"2024-12-19T13:30:57+00:00\" \/>\n<meta property=\"article:modified_time\" content=\"2024-12-19T16:33:24+00:00\" \/>\n<meta property=\"og:image\" content=\"https:\/\/www.nexoinformativo.mx\/wp-content\/uploads\/2024\/12\/PHOTO-2024-12-19-04-52-58-e1734625923678.jpg\" \/>\n\t<meta property=\"og:image:width\" content=\"800\" \/>\n\t<meta property=\"og:image:height\" content=\"533\" \/>\n\t<meta property=\"og:image:type\" content=\"image\/jpeg\" \/>\n<meta name=\"author\" content=\"Nexo Informativo\" \/>\n<meta name=\"twitter:card\" content=\"summary_large_image\" \/>\n<meta name=\"twitter:label1\" content=\"Escrito por\" \/>\n\t<meta name=\"twitter:data1\" content=\"Nexo Informativo\" \/>\n\t<meta name=\"twitter:label2\" content=\"Tiempo de lectura\" \/>\n\t<meta name=\"twitter:data2\" content=\"2 minutos\" \/>\n<script type=\"application\/ld+json\" class=\"yoast-schema-graph\">{\"@context\":\"https:\/\/schema.org\",\"@graph\":[{\"@type\":\"Article\",\"@id\":\"https:\/\/www.nexoinformativo.mx\/index.php\/2024\/12\/19\/safran-queretaro-alcanza-record-historico-mil-motores-entregados\/#article\",\"isPartOf\":{\"@id\":\"https:\/\/www.nexoinformativo.mx\/index.php\/2024\/12\/19\/safran-queretaro-alcanza-record-historico-mil-motores-entregados\/\"},\"author\":{\"name\":\"Nexo Informativo\",\"@id\":\"https:\/\/www.nexoinformativo.mx\/#\/schema\/person\/7749d380ba08c8ca00d7bc76fd907b7d\"},\"headline\":\"Safran Quer\u00e9taro alcanza r\u00e9cord hist\u00f3rico: \u00a1Mil motores entregados!\",\"datePublished\":\"2024-12-19T13:30:57+00:00\",\"dateModified\":\"2024-12-19T16:33:24+00:00\",\"mainEntityOfPage\":{\"@id\":\"https:\/\/www.nexoinformativo.mx\/index.php\/2024\/12\/19\/safran-queretaro-alcanza-record-historico-mil-motores-entregados\/\"},\"wordCount\":255,\"commentCount\":0,\"publisher\":{\"@id\":\"https:\/\/www.nexoinformativo.mx\/#organization\"},\"image\":{\"@id\":\"https:\/\/www.nexoinformativo.mx\/index.php\/2024\/12\/19\/safran-queretaro-alcanza-record-historico-mil-motores-entregados\/#primaryimage\"},\"thumbnailUrl\":\"https:\/\/www.nexoinformativo.mx\/wp-content\/uploads\/2024\/12\/PHOTO-2024-12-19-04-52-58-e1734625923678.jpg\",\"keywords\":[\"Aeroespacial\",\"Industria\",\"Quer\u00e9taro\",\"Safran\"],\"articleSection\":[\"Estado\",\"\u00daltima Hora\"],\"inLanguage\":\"es\",\"potentialAction\":[{\"@type\":\"CommentAction\",\"name\":\"Comment\",\"target\":[\"https:\/\/www.nexoinformativo.mx\/index.php\/2024\/12\/19\/safran-queretaro-alcanza-record-historico-mil-motores-entregados\/#respond\"]}]},{\"@type\":\"WebPage\",\"@id\":\"https:\/\/www.nexoinformativo.mx\/index.php\/2024\/12\/19\/safran-queretaro-alcanza-record-historico-mil-motores-entregados\/\",\"url\":\"https:\/\/www.nexoinformativo.mx\/index.php\/2024\/12\/19\/safran-queretaro-alcanza-record-historico-mil-motores-entregados\/\",\"name\":\"Safran Quer\u00e9taro alcanza r\u00e9cord hist\u00f3rico: \u00a1Mil motores entregados! | Nexo Informativo Santiago de Quer\u00e9taro\",\"isPartOf\":{\"@id\":\"https:\/\/www.nexoinformativo.mx\/#website\"},\"primaryImageOfPage\":{\"@id\":\"https:\/\/www.nexoinformativo.mx\/index.php\/2024\/12\/19\/safran-queretaro-alcanza-record-historico-mil-motores-entregados\/#primaryimage\"},\"image\":{\"@id\":\"https:\/\/www.nexoinformativo.mx\/index.php\/2024\/12\/19\/safran-queretaro-alcanza-record-historico-mil-motores-entregados\/#primaryimage\"},\"thumbnailUrl\":\"https:\/\/www.nexoinformativo.mx\/wp-content\/uploads\/2024\/12\/PHOTO-2024-12-19-04-52-58-e1734625923678.jpg\",\"datePublished\":\"2024-12-19T13:30:57+00:00\",\"dateModified\":\"2024-12-19T16:33:24+00:00\",\"description\":\"Safran Quer\u00e9taro alcanza r\u00e9cord hist\u00f3rico: \u00a1Mil motores entregados!\",\"breadcrumb\":{\"@id\":\"https:\/\/www.nexoinformativo.mx\/index.php\/2024\/12\/19\/safran-queretaro-alcanza-record-historico-mil-motores-entregados\/#breadcrumb\"},\"inLanguage\":\"es\",\"potentialAction\":[{\"@type\":\"ReadAction\",\"target\":[\"https:\/\/www.nexoinformativo.mx\/index.php\/2024\/12\/19\/safran-queretaro-alcanza-record-historico-mil-motores-entregados\/\"]}]},{\"@type\":\"ImageObject\",\"inLanguage\":\"es\",\"@id\":\"https:\/\/www.nexoinformativo.mx\/index.php\/2024\/12\/19\/safran-queretaro-alcanza-record-historico-mil-motores-entregados\/#primaryimage\",\"url\":\"https:\/\/www.nexoinformativo.mx\/wp-content\/uploads\/2024\/12\/PHOTO-2024-12-19-04-52-58-e1734625923678.jpg\",\"contentUrl\":\"https:\/\/www.nexoinformativo.mx\/wp-content\/uploads\/2024\/12\/PHOTO-2024-12-19-04-52-58-e1734625923678.jpg\",\"width\":800,\"height\":533},{\"@type\":\"BreadcrumbList\",\"@id\":\"https:\/\/www.nexoinformativo.mx\/index.php\/2024\/12\/19\/safran-queretaro-alcanza-record-historico-mil-motores-entregados\/#breadcrumb\",\"itemListElement\":[{\"@type\":\"ListItem\",\"position\":1,\"name\":\"Inicio\",\"item\":\"https:\/\/www.nexoinformativo.mx\/\"},{\"@type\":\"ListItem\",\"position\":2,\"name\":\"Safran Quer\u00e9taro alcanza r\u00e9cord hist\u00f3rico: \u00a1Mil motores entregados!\"}]},{\"@type\":\"WebSite\",\"@id\":\"https:\/\/www.nexoinformativo.mx\/#website\",\"url\":\"https:\/\/www.nexoinformativo.mx\/\",\"name\":\"Nexo Informativo Santiago de Quer\u00e9taro\",\"description\":\"Explora NexoInformativo y convi\u00e9rtete en parte de una comunidad que valora el conocimiento y la verdad. Tu nexoinformativo es tu puente hacia una comprensi\u00f3n m\u00e1s profunda del mundo que te rodea.\",\"publisher\":{\"@id\":\"https:\/\/www.nexoinformativo.mx\/#organization\"},\"potentialAction\":[{\"@type\":\"SearchAction\",\"target\":{\"@type\":\"EntryPoint\",\"urlTemplate\":\"https:\/\/www.nexoinformativo.mx\/?s={search_term_string}\"},\"query-input\":{\"@type\":\"PropertyValueSpecification\",\"valueRequired\":true,\"valueName\":\"search_term_string\"}}],\"inLanguage\":\"es\"},{\"@type\":\"Organization\",\"@id\":\"https:\/\/www.nexoinformativo.mx\/#organization\",\"name\":\"Nexo Informativo Santiago de Quer\u00e9taro\",\"url\":\"https:\/\/www.nexoinformativo.mx\/\",\"logo\":{\"@type\":\"ImageObject\",\"inLanguage\":\"es\",\"@id\":\"https:\/\/www.nexoinformativo.mx\/#\/schema\/logo\/image\/\",\"url\":\"https:\/\/www.nexoinformativo.mx\/wp-content\/uploads\/2024\/07\/nexoi-trasparente-2.png\",\"contentUrl\":\"https:\/\/www.nexoinformativo.mx\/wp-content\/uploads\/2024\/07\/nexoi-trasparente-2.png\",\"width\":816,\"height\":339,\"caption\":\"Nexo Informativo Santiago de Quer\u00e9taro\"},\"image\":{\"@id\":\"https:\/\/www.nexoinformativo.mx\/#\/schema\/logo\/image\/\"},\"sameAs\":[\"https:\/\/www.facebook.com\/people\/Nexo-Informativo\/61564066885511\/\"]},{\"@type\":\"Person\",\"@id\":\"https:\/\/www.nexoinformativo.mx\/#\/schema\/person\/7749d380ba08c8ca00d7bc76fd907b7d\",\"name\":\"Nexo Informativo\",\"image\":{\"@type\":\"ImageObject\",\"inLanguage\":\"es\",\"@id\":\"https:\/\/www.nexoinformativo.mx\/#\/schema\/person\/image\/\",\"url\":\"https:\/\/secure.gravatar.com\/avatar\/dde2928154642a13d95f87ddf1ea9718fe2b46760a005c53e41ff5ad610704e6?s=96&d=mm&r=g\",\"contentUrl\":\"https:\/\/secure.gravatar.com\/avatar\/dde2928154642a13d95f87ddf1ea9718fe2b46760a005c53e41ff5ad610704e6?s=96&d=mm&r=g\",\"caption\":\"Nexo Informativo\"},\"url\":\"https:\/\/www.nexoinformativo.mx\/index.php\/author\/edicion\/\"}]}<\/script>\n<!-- \/ Yoast SEO plugin. -->","yoast_head_json":{"title":"Safran Quer\u00e9taro alcanza r\u00e9cord hist\u00f3rico: \u00a1Mil motores entregados! | Nexo Informativo Santiago de Quer\u00e9taro","description":"Safran Quer\u00e9taro alcanza r\u00e9cord hist\u00f3rico: \u00a1Mil motores entregados!","robots":{"index":"index","follow":"follow","max-snippet":"max-snippet:-1","max-image-preview":"max-image-preview:large","max-video-preview":"max-video-preview:-1"},"canonical":"https:\/\/www.nexoinformativo.mx\/index.php\/2024\/12\/19\/safran-queretaro-alcanza-record-historico-mil-motores-entregados\/","og_locale":"es_MX","og_type":"article","og_title":"Safran Quer\u00e9taro alcanza r\u00e9cord hist\u00f3rico: \u00a1Mil motores entregados! | Nexo Informativo Santiago de Quer\u00e9taro","og_description":"Safran Quer\u00e9taro alcanza r\u00e9cord hist\u00f3rico: \u00a1Mil motores entregados!","og_url":"https:\/\/www.nexoinformativo.mx\/index.php\/2024\/12\/19\/safran-queretaro-alcanza-record-historico-mil-motores-entregados\/","og_site_name":"Nexo Informativo Santiago de Quer\u00e9taro","article_publisher":"https:\/\/www.facebook.com\/people\/Nexo-Informativo\/61564066885511\/","article_published_time":"2024-12-19T13:30:57+00:00","article_modified_time":"2024-12-19T16:33:24+00:00","og_image":[{"width":800,"height":533,"url":"https:\/\/www.nexoinformativo.mx\/wp-content\/uploads\/2024\/12\/PHOTO-2024-12-19-04-52-58-e1734625923678.jpg","type":"image\/jpeg"}],"author":"Nexo Informativo","twitter_card":"summary_large_image","twitter_misc":{"Escrito por":"Nexo Informativo","Tiempo de lectura":"2 minutos"},"schema":{"@context":"https:\/\/schema.org","@graph":[{"@type":"Article","@id":"https:\/\/www.nexoinformativo.mx\/index.php\/2024\/12\/19\/safran-queretaro-alcanza-record-historico-mil-motores-entregados\/#article","isPartOf":{"@id":"https:\/\/www.nexoinformativo.mx\/index.php\/2024\/12\/19\/safran-queretaro-alcanza-record-historico-mil-motores-entregados\/"},"author":{"name":"Nexo Informativo","@id":"https:\/\/www.nexoinformativo.mx\/#\/schema\/person\/7749d380ba08c8ca00d7bc76fd907b7d"},"headline":"Safran Quer\u00e9taro alcanza r\u00e9cord hist\u00f3rico: \u00a1Mil motores entregados!","datePublished":"2024-12-19T13:30:57+00:00","dateModified":"2024-12-19T16:33:24+00:00","mainEntityOfPage":{"@id":"https:\/\/www.nexoinformativo.mx\/index.php\/2024\/12\/19\/safran-queretaro-alcanza-record-historico-mil-motores-entregados\/"},"wordCount":255,"commentCount":0,"publisher":{"@id":"https:\/\/www.nexoinformativo.mx\/#organization"},"image":{"@id":"https:\/\/www.nexoinformativo.mx\/index.php\/2024\/12\/19\/safran-queretaro-alcanza-record-historico-mil-motores-entregados\/#primaryimage"},"thumbnailUrl":"https:\/\/www.nexoinformativo.mx\/wp-content\/uploads\/2024\/12\/PHOTO-2024-12-19-04-52-58-e1734625923678.jpg","keywords":["Aeroespacial","Industria","Quer\u00e9taro","Safran"],"articleSection":["Estado","\u00daltima Hora"],"inLanguage":"es","potentialAction":[{"@type":"CommentAction","name":"Comment","target":["https:\/\/www.nexoinformativo.mx\/index.php\/2024\/12\/19\/safran-queretaro-alcanza-record-historico-mil-motores-entregados\/#respond"]}]},{"@type":"WebPage","@id":"https:\/\/www.nexoinformativo.mx\/index.php\/2024\/12\/19\/safran-queretaro-alcanza-record-historico-mil-motores-entregados\/","url":"https:\/\/www.nexoinformativo.mx\/index.php\/2024\/12\/19\/safran-queretaro-alcanza-record-historico-mil-motores-entregados\/","name":"Safran Quer\u00e9taro alcanza r\u00e9cord hist\u00f3rico: \u00a1Mil motores entregados! | Nexo Informativo Santiago de Quer\u00e9taro","isPartOf":{"@id":"https:\/\/www.nexoinformativo.mx\/#website"},"primaryImageOfPage":{"@id":"https:\/\/www.nexoinformativo.mx\/index.php\/2024\/12\/19\/safran-queretaro-alcanza-record-historico-mil-motores-entregados\/#primaryimage"},"image":{"@id":"https:\/\/www.nexoinformativo.mx\/index.php\/2024\/12\/19\/safran-queretaro-alcanza-record-historico-mil-motores-entregados\/#primaryimage"},"thumbnailUrl":"https:\/\/www.nexoinformativo.mx\/wp-content\/uploads\/2024\/12\/PHOTO-2024-12-19-04-52-58-e1734625923678.jpg","datePublished":"2024-12-19T13:30:57+00:00","dateModified":"2024-12-19T16:33:24+00:00","description":"Safran Quer\u00e9taro alcanza r\u00e9cord hist\u00f3rico: \u00a1Mil motores entregados!","breadcrumb":{"@id":"https:\/\/www.nexoinformativo.mx\/index.php\/2024\/12\/19\/safran-queretaro-alcanza-record-historico-mil-motores-entregados\/#breadcrumb"},"inLanguage":"es","potentialAction":[{"@type":"ReadAction","target":["https:\/\/www.nexoinformativo.mx\/index.php\/2024\/12\/19\/safran-queretaro-alcanza-record-historico-mil-motores-entregados\/"]}]},{"@type":"ImageObject","inLanguage":"es","@id":"https:\/\/www.nexoinformativo.mx\/index.php\/2024\/12\/19\/safran-queretaro-alcanza-record-historico-mil-motores-entregados\/#primaryimage","url":"https:\/\/www.nexoinformativo.mx\/wp-content\/uploads\/2024\/12\/PHOTO-2024-12-19-04-52-58-e1734625923678.jpg","contentUrl":"https:\/\/www.nexoinformativo.mx\/wp-content\/uploads\/2024\/12\/PHOTO-2024-12-19-04-52-58-e1734625923678.jpg","width":800,"height":533},{"@type":"BreadcrumbList","@id":"https:\/\/www.nexoinformativo.mx\/index.php\/2024\/12\/19\/safran-queretaro-alcanza-record-historico-mil-motores-entregados\/#breadcrumb","itemListElement":[{"@type":"ListItem","position":1,"name":"Inicio","item":"https:\/\/www.nexoinformativo.mx\/"},{"@type":"ListItem","position":2,"name":"Safran Quer\u00e9taro alcanza r\u00e9cord hist\u00f3rico: \u00a1Mil motores entregados!"}]},{"@type":"WebSite","@id":"https:\/\/www.nexoinformativo.mx\/#website","url":"https:\/\/www.nexoinformativo.mx\/","name":"Nexo Informativo Santiago de Quer\u00e9taro","description":"Explora NexoInformativo y convi\u00e9rtete en parte de una comunidad que valora el conocimiento y la verdad. Tu nexoinformativo es tu puente hacia una comprensi\u00f3n m\u00e1s profunda del mundo que te rodea.","publisher":{"@id":"https:\/\/www.nexoinformativo.mx\/#organization"},"potentialAction":[{"@type":"SearchAction","target":{"@type":"EntryPoint","urlTemplate":"https:\/\/www.nexoinformativo.mx\/?s={search_term_string}"},"query-input":{"@type":"PropertyValueSpecification","valueRequired":true,"valueName":"search_term_string"}}],"inLanguage":"es"},{"@type":"Organization","@id":"https:\/\/www.nexoinformativo.mx\/#organization","name":"Nexo Informativo Santiago de Quer\u00e9taro","url":"https:\/\/www.nexoinformativo.mx\/","logo":{"@type":"ImageObject","inLanguage":"es","@id":"https:\/\/www.nexoinformativo.mx\/#\/schema\/logo\/image\/","url":"https:\/\/www.nexoinformativo.mx\/wp-content\/uploads\/2024\/07\/nexoi-trasparente-2.png","contentUrl":"https:\/\/www.nexoinformativo.mx\/wp-content\/uploads\/2024\/07\/nexoi-trasparente-2.png","width":816,"height":339,"caption":"Nexo Informativo Santiago de Quer\u00e9taro"},"image":{"@id":"https:\/\/www.nexoinformativo.mx\/#\/schema\/logo\/image\/"},"sameAs":["https:\/\/www.facebook.com\/people\/Nexo-Informativo\/61564066885511\/"]},{"@type":"Person","@id":"https:\/\/www.nexoinformativo.mx\/#\/schema\/person\/7749d380ba08c8ca00d7bc76fd907b7d","name":"Nexo Informativo","image":{"@type":"ImageObject","inLanguage":"es","@id":"https:\/\/www.nexoinformativo.mx\/#\/schema\/person\/image\/","url":"https:\/\/secure.gravatar.com\/avatar\/dde2928154642a13d95f87ddf1ea9718fe2b46760a005c53e41ff5ad610704e6?s=96&d=mm&r=g","contentUrl":"https:\/\/secure.gravatar.com\/avatar\/dde2928154642a13d95f87ddf1ea9718fe2b46760a005c53e41ff5ad610704e6?s=96&d=mm&r=g","caption":"Nexo Informativo"},"url":"https:\/\/www.nexoinformativo.mx\/index.php\/author\/edicion\/"}]}},"_links":{"self":[{"href":"https:\/\/www.nexoinformativo.mx\/index.php\/wp-json\/wp\/v2\/posts\/8479","targetHints":{"allow":["GET"]}}],"collection":[{"href":"https:\/\/www.nexoinformativo.mx\/index.php\/wp-json\/wp\/v2\/posts"}],"about":[{"href":"https:\/\/www.nexoinformativo.mx\/index.php\/wp-json\/wp\/v2\/types\/post"}],"author":[{"embeddable":true,"href":"https:\/\/www.nexoinformativo.mx\/index.php\/wp-json\/wp\/v2\/users\/3"}],"replies":[{"embeddable":true,"href":"https:\/\/www.nexoinformativo.mx\/index.php\/wp-json\/wp\/v2\/comments?post=8479"}],"version-history":[{"count":5,"href":"https:\/\/www.nexoinformativo.mx\/index.php\/wp-json\/wp\/v2\/posts\/8479\/revisions"}],"predecessor-version":[{"id":8483,"href":"https:\/\/www.nexoinformativo.mx\/index.php\/wp-json\/wp\/v2\/posts\/8479\/revisions\/8483"}],"wp:featuredmedia":[{"embeddable":true,"href":"https:\/\/www.nexoinformativo.mx\/index.php\/wp-json\/wp\/v2\/media\/8480"}],"wp:attachment":[{"href":"https:\/\/www.nexoinformativo.mx\/index.php\/wp-json\/wp\/v2\/media?parent=8479"}],"wp:term":[{"taxonomy":"category","embeddable":true,"href":"https:\/\/www.nexoinformativo.mx\/index.php\/wp-json\/wp\/v2\/categories?post=8479"},{"taxonomy":"post_tag","embeddable":true,"href":"https:\/\/www.nexoinformativo.mx\/index.php\/wp-json\/wp\/v2\/tags?post=8479"}],"curies":[{"name":"wp","href":"https:\/\/api.w.org\/{rel}","templated":true}]}}