{"id":8486,"date":"2024-12-19T08:00:48","date_gmt":"2024-12-19T14:00:48","guid":{"rendered":"https:\/\/www.nexoinformativo.mx\/?p=8486"},"modified":"2024-12-19T10:54:58","modified_gmt":"2024-12-19T16:54:58","slug":"gobierno-fortalece-a-mas-de-2-millones-de-campesinos-con-el-programa-produccion-para-el-bienestar","status":"publish","type":"post","link":"https:\/\/www.nexoinformativo.mx\/index.php\/2024\/12\/19\/gobierno-fortalece-a-mas-de-2-millones-de-campesinos-con-el-programa-produccion-para-el-bienestar\/","title":{"rendered":"Gobierno fortalece a mas de 2 millones de campesinos con el programa Producci\u00f3n para el Bienestar"},"content":{"rendered":"<p style=\"text-align: justify;\" data-sourcepos=\"11:1-11:418\">El programa Producci\u00f3n para el Bienestar, impulsado por el gobierno de M\u00e9xico, ha logrado fortalecer a m\u00e1s de 2 millones de productores de peque\u00f1a y mediana escala en todo el pa\u00eds.<\/p>\n<p>&nbsp;<\/p>\n<p style=\"text-align: justify;\" data-sourcepos=\"11:1-11:418\">Esta iniciativa, que busca garantizar la soberan\u00eda alimentaria y el bienestar de las familias campesinas, ha otorgado apoyos econ\u00f3micos directos a agricultores de ma\u00edz, frijol, trigo, arroz, caf\u00e9, ca\u00f1a de az\u00facar, cacao, miel y nopal.<\/p>\n<p>&nbsp;<\/p>\n<p style=\"text-align: justify;\" data-sourcepos=\"13:1-13:316\">Desde su inicio en 2019, el programa ha experimentado un crecimiento significativo, tanto en el n\u00famero de beneficiarios como en los cultivos apoyados.<\/p>\n<p>&nbsp;<\/p>\n<p style=\"text-align: justify;\" data-sourcepos=\"13:1-13:316\">En 2024, se incorporaron al padr\u00f3n productores de cacao, miel y nopal, lo que ha permitido diversificar la producci\u00f3n y fortalecer la seguridad alimentaria del pa\u00eds.<\/p>\n<p>&nbsp;<\/p>\n<p style=\"text-align: justify;\" data-sourcepos=\"15:1-15:279\">Uno de los aspectos m\u00e1s destacados del programa es su enfoque en la agricultura sustentable. Los productores reciben capacitaci\u00f3n y acompa\u00f1amiento t\u00e9cnico para adoptar pr\u00e1cticas agroecol\u00f3gicas que respetan el medio ambiente y garantizan la producci\u00f3n de alimentos saludables.<\/p>\n<p>&nbsp;<\/p>\n<p style=\"text-align: justify;\" data-sourcepos=\"17:1-17:313\">La regi\u00f3n sur-sureste del pa\u00eds ha sido prioritaria en la implementaci\u00f3n del programa, donde se concentra el 60% de los beneficiarios, en su mayor\u00eda pueblos originarios. Adem\u00e1s, el programa ha logrado una mayor inclusi\u00f3n de las mujeres en el sector agr\u00edcola, con un 35% de productoras registradas en el padr\u00f3n.<\/p>\n<p>&nbsp;<\/p>\n<p style=\"text-align: justify;\" data-sourcepos=\"19:1-19:292\">El ma\u00edz, como cultivo fundamental para la alimentaci\u00f3n y la cultura mexicana, es el que concentra el mayor n\u00famero de beneficiarios del programa. Con m\u00e1s de 3.8 millones de hect\u00e1reas dedicadas a este cultivo.<\/p>\n<p>&nbsp;<\/p>\n<p style=\"text-align: justify;\" data-sourcepos=\"21:1-21:245\">Al otorgar apoyos econ\u00f3micos directos a los productores, el programa Producci\u00f3n para el Bienestar contribuye a mejorar sus ingresos, a fortalecer la econom\u00eda rural y a garantizar la producci\u00f3n de alimentos b\u00e1sicos para la poblaci\u00f3n mexicana.<\/p>\n<p>&nbsp;<\/p>\n<p style=\"text-align: center;\" data-sourcepos=\"21:1-21:245\"><em><strong>\u00a1Informaci\u00f3n que transforma!<\/strong><\/em><\/p>\n","protected":false},"excerpt":{"rendered":"<p>El programa Producci\u00f3n para el Bienestar, impulsado por el gobierno de M\u00e9xico, ha logrado fortalecer a m\u00e1s de 2 millones de productores de peque\u00f1a y mediana escala en todo el pa\u00eds.<\/p>\n","protected":false},"author":3,"featured_media":8492,"comment_status":"open","ping_status":"open","sticky":false,"template":"","format":"standard","meta":{"footnotes":""},"categories":[5,88,58],"tags":[2744,2745,2743,1206],"class_list":["post-8486","post","type-post","status-publish","format-standard","has-post-thumbnail","hentry","category-economia","category-nacional","category-ultima-hora","tag-campesinos","tag-mexicorural","tag-produccionparaelbienestar","tag-soberaniaalimentaria"],"yoast_head":"<!-- This site is optimized with the Yoast SEO plugin v25.0 - https:\/\/yoast.com\/wordpress\/plugins\/seo\/ -->\n<title>Gobierno fortalece a mas de 2 millones de campesinos con el programa Producci\u00f3n para el Bienestar | Nexo Informativo Santiago de Quer\u00e9taro<\/title>\n<meta name=\"description\" content=\"Gobierno fortalece a mas de 2 millones de campesinos con el programa Producci\u00f3n para el Bienestar\" \/>\n<meta name=\"robots\" content=\"index, follow, max-snippet:-1, max-image-preview:large, max-video-preview:-1\" \/>\n<link rel=\"canonical\" href=\"https:\/\/www.nexoinformativo.mx\/index.php\/2024\/12\/19\/gobierno-fortalece-a-mas-de-2-millones-de-campesinos-con-el-programa-produccion-para-el-bienestar\/\" \/>\n<meta property=\"og:locale\" content=\"es_MX\" \/>\n<meta property=\"og:type\" content=\"article\" \/>\n<meta property=\"og:title\" content=\"Gobierno fortalece a mas de 2 millones de campesinos con el programa Producci\u00f3n para el Bienestar | Nexo Informativo Santiago de Quer\u00e9taro\" \/>\n<meta property=\"og:description\" content=\"Gobierno fortalece a mas de 2 millones de campesinos con el programa Producci\u00f3n para el Bienestar\" \/>\n<meta property=\"og:url\" content=\"https:\/\/www.nexoinformativo.mx\/index.php\/2024\/12\/19\/gobierno-fortalece-a-mas-de-2-millones-de-campesinos-con-el-programa-produccion-para-el-bienestar\/\" \/>\n<meta property=\"og:site_name\" content=\"Nexo Informativo Santiago de Quer\u00e9taro\" \/>\n<meta property=\"article:publisher\" content=\"https:\/\/www.facebook.com\/people\/Nexo-Informativo\/61564066885511\/\" \/>\n<meta property=\"article:published_time\" content=\"2024-12-19T14:00:48+00:00\" \/>\n<meta property=\"article:modified_time\" content=\"2024-12-19T16:54:58+00:00\" \/>\n<meta property=\"og:image\" content=\"https:\/\/www.nexoinformativo.mx\/wp-content\/uploads\/2024\/12\/IMG_8699-e1734627265497.jpg\" \/>\n\t<meta property=\"og:image:width\" content=\"800\" \/>\n\t<meta property=\"og:image:height\" content=\"472\" \/>\n\t<meta property=\"og:image:type\" content=\"image\/jpeg\" \/>\n<meta name=\"author\" content=\"Nexo Informativo\" \/>\n<meta name=\"twitter:card\" content=\"summary_large_image\" \/>\n<meta name=\"twitter:label1\" content=\"Escrito por\" \/>\n\t<meta name=\"twitter:data1\" content=\"Nexo Informativo\" \/>\n\t<meta name=\"twitter:label2\" content=\"Tiempo de lectura\" \/>\n\t<meta name=\"twitter:data2\" content=\"2 minutos\" \/>\n<script type=\"application\/ld+json\" class=\"yoast-schema-graph\">{\"@context\":\"https:\/\/schema.org\",\"@graph\":[{\"@type\":\"Article\",\"@id\":\"https:\/\/www.nexoinformativo.mx\/index.php\/2024\/12\/19\/gobierno-fortalece-a-mas-de-2-millones-de-campesinos-con-el-programa-produccion-para-el-bienestar\/#article\",\"isPartOf\":{\"@id\":\"https:\/\/www.nexoinformativo.mx\/index.php\/2024\/12\/19\/gobierno-fortalece-a-mas-de-2-millones-de-campesinos-con-el-programa-produccion-para-el-bienestar\/\"},\"author\":{\"name\":\"Nexo Informativo\",\"@id\":\"https:\/\/www.nexoinformativo.mx\/#\/schema\/person\/7749d380ba08c8ca00d7bc76fd907b7d\"},\"headline\":\"Gobierno fortalece a mas de 2 millones de campesinos con el programa Producci\u00f3n para el Bienestar\",\"datePublished\":\"2024-12-19T14:00:48+00:00\",\"dateModified\":\"2024-12-19T16:54:58+00:00\",\"mainEntityOfPage\":{\"@id\":\"https:\/\/www.nexoinformativo.mx\/index.php\/2024\/12\/19\/gobierno-fortalece-a-mas-de-2-millones-de-campesinos-con-el-programa-produccion-para-el-bienestar\/\"},\"wordCount\":335,\"commentCount\":0,\"publisher\":{\"@id\":\"https:\/\/www.nexoinformativo.mx\/#organization\"},\"image\":{\"@id\":\"https:\/\/www.nexoinformativo.mx\/index.php\/2024\/12\/19\/gobierno-fortalece-a-mas-de-2-millones-de-campesinos-con-el-programa-produccion-para-el-bienestar\/#primaryimage\"},\"thumbnailUrl\":\"https:\/\/www.nexoinformativo.mx\/wp-content\/uploads\/2024\/12\/IMG_8699-e1734627265497.jpg\",\"keywords\":[\"Campesinos\",\"M\u00e9xicoRural\",\"Producci\u00f3nParaElBienestar\",\"SoberaniaAlimentaria\"],\"articleSection\":[\"Econom\u00eda\",\"Nacional\",\"\u00daltima Hora\"],\"inLanguage\":\"es\",\"potentialAction\":[{\"@type\":\"CommentAction\",\"name\":\"Comment\",\"target\":[\"https:\/\/www.nexoinformativo.mx\/index.php\/2024\/12\/19\/gobierno-fortalece-a-mas-de-2-millones-de-campesinos-con-el-programa-produccion-para-el-bienestar\/#respond\"]}]},{\"@type\":\"WebPage\",\"@id\":\"https:\/\/www.nexoinformativo.mx\/index.php\/2024\/12\/19\/gobierno-fortalece-a-mas-de-2-millones-de-campesinos-con-el-programa-produccion-para-el-bienestar\/\",\"url\":\"https:\/\/www.nexoinformativo.mx\/index.php\/2024\/12\/19\/gobierno-fortalece-a-mas-de-2-millones-de-campesinos-con-el-programa-produccion-para-el-bienestar\/\",\"name\":\"Gobierno fortalece a mas de 2 millones de campesinos con el programa Producci\u00f3n para el Bienestar | Nexo Informativo Santiago de Quer\u00e9taro\",\"isPartOf\":{\"@id\":\"https:\/\/www.nexoinformativo.mx\/#website\"},\"primaryImageOfPage\":{\"@id\":\"https:\/\/www.nexoinformativo.mx\/index.php\/2024\/12\/19\/gobierno-fortalece-a-mas-de-2-millones-de-campesinos-con-el-programa-produccion-para-el-bienestar\/#primaryimage\"},\"image\":{\"@id\":\"https:\/\/www.nexoinformativo.mx\/index.php\/2024\/12\/19\/gobierno-fortalece-a-mas-de-2-millones-de-campesinos-con-el-programa-produccion-para-el-bienestar\/#primaryimage\"},\"thumbnailUrl\":\"https:\/\/www.nexoinformativo.mx\/wp-content\/uploads\/2024\/12\/IMG_8699-e1734627265497.jpg\",\"datePublished\":\"2024-12-19T14:00:48+00:00\",\"dateModified\":\"2024-12-19T16:54:58+00:00\",\"description\":\"Gobierno fortalece a mas de 2 millones de campesinos con el programa Producci\u00f3n para el Bienestar\",\"breadcrumb\":{\"@id\":\"https:\/\/www.nexoinformativo.mx\/index.php\/2024\/12\/19\/gobierno-fortalece-a-mas-de-2-millones-de-campesinos-con-el-programa-produccion-para-el-bienestar\/#breadcrumb\"},\"inLanguage\":\"es\",\"potentialAction\":[{\"@type\":\"ReadAction\",\"target\":[\"https:\/\/www.nexoinformativo.mx\/index.php\/2024\/12\/19\/gobierno-fortalece-a-mas-de-2-millones-de-campesinos-con-el-programa-produccion-para-el-bienestar\/\"]}]},{\"@type\":\"ImageObject\",\"inLanguage\":\"es\",\"@id\":\"https:\/\/www.nexoinformativo.mx\/index.php\/2024\/12\/19\/gobierno-fortalece-a-mas-de-2-millones-de-campesinos-con-el-programa-produccion-para-el-bienestar\/#primaryimage\",\"url\":\"https:\/\/www.nexoinformativo.mx\/wp-content\/uploads\/2024\/12\/IMG_8699-e1734627265497.jpg\",\"contentUrl\":\"https:\/\/www.nexoinformativo.mx\/wp-content\/uploads\/2024\/12\/IMG_8699-e1734627265497.jpg\",\"width\":800,\"height\":472},{\"@type\":\"BreadcrumbList\",\"@id\":\"https:\/\/www.nexoinformativo.mx\/index.php\/2024\/12\/19\/gobierno-fortalece-a-mas-de-2-millones-de-campesinos-con-el-programa-produccion-para-el-bienestar\/#breadcrumb\",\"itemListElement\":[{\"@type\":\"ListItem\",\"position\":1,\"name\":\"Inicio\",\"item\":\"https:\/\/www.nexoinformativo.mx\/\"},{\"@type\":\"ListItem\",\"position\":2,\"name\":\"Gobierno fortalece a mas de 2 millones de campesinos con el programa Producci\u00f3n para el Bienestar\"}]},{\"@type\":\"WebSite\",\"@id\":\"https:\/\/www.nexoinformativo.mx\/#website\",\"url\":\"https:\/\/www.nexoinformativo.mx\/\",\"name\":\"Nexo Informativo Santiago de Quer\u00e9taro\",\"description\":\"Explora NexoInformativo y convi\u00e9rtete en parte de una comunidad que valora el conocimiento y la verdad. Tu nexoinformativo es tu puente hacia una comprensi\u00f3n m\u00e1s profunda del mundo que te rodea.\",\"publisher\":{\"@id\":\"https:\/\/www.nexoinformativo.mx\/#organization\"},\"potentialAction\":[{\"@type\":\"SearchAction\",\"target\":{\"@type\":\"EntryPoint\",\"urlTemplate\":\"https:\/\/www.nexoinformativo.mx\/?s={search_term_string}\"},\"query-input\":{\"@type\":\"PropertyValueSpecification\",\"valueRequired\":true,\"valueName\":\"search_term_string\"}}],\"inLanguage\":\"es\"},{\"@type\":\"Organization\",\"@id\":\"https:\/\/www.nexoinformativo.mx\/#organization\",\"name\":\"Nexo Informativo Santiago de Quer\u00e9taro\",\"url\":\"https:\/\/www.nexoinformativo.mx\/\",\"logo\":{\"@type\":\"ImageObject\",\"inLanguage\":\"es\",\"@id\":\"https:\/\/www.nexoinformativo.mx\/#\/schema\/logo\/image\/\",\"url\":\"https:\/\/www.nexoinformativo.mx\/wp-content\/uploads\/2024\/07\/nexoi-trasparente-2.png\",\"contentUrl\":\"https:\/\/www.nexoinformativo.mx\/wp-content\/uploads\/2024\/07\/nexoi-trasparente-2.png\",\"width\":816,\"height\":339,\"caption\":\"Nexo Informativo Santiago de Quer\u00e9taro\"},\"image\":{\"@id\":\"https:\/\/www.nexoinformativo.mx\/#\/schema\/logo\/image\/\"},\"sameAs\":[\"https:\/\/www.facebook.com\/people\/Nexo-Informativo\/61564066885511\/\"]},{\"@type\":\"Person\",\"@id\":\"https:\/\/www.nexoinformativo.mx\/#\/schema\/person\/7749d380ba08c8ca00d7bc76fd907b7d\",\"name\":\"Nexo Informativo\",\"image\":{\"@type\":\"ImageObject\",\"inLanguage\":\"es\",\"@id\":\"https:\/\/www.nexoinformativo.mx\/#\/schema\/person\/image\/\",\"url\":\"https:\/\/secure.gravatar.com\/avatar\/dde2928154642a13d95f87ddf1ea9718fe2b46760a005c53e41ff5ad610704e6?s=96&d=mm&r=g\",\"contentUrl\":\"https:\/\/secure.gravatar.com\/avatar\/dde2928154642a13d95f87ddf1ea9718fe2b46760a005c53e41ff5ad610704e6?s=96&d=mm&r=g\",\"caption\":\"Nexo Informativo\"},\"url\":\"https:\/\/www.nexoinformativo.mx\/index.php\/author\/edicion\/\"}]}<\/script>\n<!-- \/ Yoast SEO plugin. -->","yoast_head_json":{"title":"Gobierno fortalece a mas de 2 millones de campesinos con el programa Producci\u00f3n para el Bienestar | Nexo Informativo Santiago de Quer\u00e9taro","description":"Gobierno fortalece a mas de 2 millones de campesinos con el programa Producci\u00f3n para el Bienestar","robots":{"index":"index","follow":"follow","max-snippet":"max-snippet:-1","max-image-preview":"max-image-preview:large","max-video-preview":"max-video-preview:-1"},"canonical":"https:\/\/www.nexoinformativo.mx\/index.php\/2024\/12\/19\/gobierno-fortalece-a-mas-de-2-millones-de-campesinos-con-el-programa-produccion-para-el-bienestar\/","og_locale":"es_MX","og_type":"article","og_title":"Gobierno fortalece a mas de 2 millones de campesinos con el programa Producci\u00f3n para el Bienestar | Nexo Informativo Santiago de Quer\u00e9taro","og_description":"Gobierno fortalece a mas de 2 millones de campesinos con el programa Producci\u00f3n para el Bienestar","og_url":"https:\/\/www.nexoinformativo.mx\/index.php\/2024\/12\/19\/gobierno-fortalece-a-mas-de-2-millones-de-campesinos-con-el-programa-produccion-para-el-bienestar\/","og_site_name":"Nexo Informativo Santiago de Quer\u00e9taro","article_publisher":"https:\/\/www.facebook.com\/people\/Nexo-Informativo\/61564066885511\/","article_published_time":"2024-12-19T14:00:48+00:00","article_modified_time":"2024-12-19T16:54:58+00:00","og_image":[{"width":800,"height":472,"url":"https:\/\/www.nexoinformativo.mx\/wp-content\/uploads\/2024\/12\/IMG_8699-e1734627265497.jpg","type":"image\/jpeg"}],"author":"Nexo Informativo","twitter_card":"summary_large_image","twitter_misc":{"Escrito por":"Nexo Informativo","Tiempo de lectura":"2 minutos"},"schema":{"@context":"https:\/\/schema.org","@graph":[{"@type":"Article","@id":"https:\/\/www.nexoinformativo.mx\/index.php\/2024\/12\/19\/gobierno-fortalece-a-mas-de-2-millones-de-campesinos-con-el-programa-produccion-para-el-bienestar\/#article","isPartOf":{"@id":"https:\/\/www.nexoinformativo.mx\/index.php\/2024\/12\/19\/gobierno-fortalece-a-mas-de-2-millones-de-campesinos-con-el-programa-produccion-para-el-bienestar\/"},"author":{"name":"Nexo Informativo","@id":"https:\/\/www.nexoinformativo.mx\/#\/schema\/person\/7749d380ba08c8ca00d7bc76fd907b7d"},"headline":"Gobierno fortalece a mas de 2 millones de campesinos con el programa Producci\u00f3n para el Bienestar","datePublished":"2024-12-19T14:00:48+00:00","dateModified":"2024-12-19T16:54:58+00:00","mainEntityOfPage":{"@id":"https:\/\/www.nexoinformativo.mx\/index.php\/2024\/12\/19\/gobierno-fortalece-a-mas-de-2-millones-de-campesinos-con-el-programa-produccion-para-el-bienestar\/"},"wordCount":335,"commentCount":0,"publisher":{"@id":"https:\/\/www.nexoinformativo.mx\/#organization"},"image":{"@id":"https:\/\/www.nexoinformativo.mx\/index.php\/2024\/12\/19\/gobierno-fortalece-a-mas-de-2-millones-de-campesinos-con-el-programa-produccion-para-el-bienestar\/#primaryimage"},"thumbnailUrl":"https:\/\/www.nexoinformativo.mx\/wp-content\/uploads\/2024\/12\/IMG_8699-e1734627265497.jpg","keywords":["Campesinos","M\u00e9xicoRural","Producci\u00f3nParaElBienestar","SoberaniaAlimentaria"],"articleSection":["Econom\u00eda","Nacional","\u00daltima Hora"],"inLanguage":"es","potentialAction":[{"@type":"CommentAction","name":"Comment","target":["https:\/\/www.nexoinformativo.mx\/index.php\/2024\/12\/19\/gobierno-fortalece-a-mas-de-2-millones-de-campesinos-con-el-programa-produccion-para-el-bienestar\/#respond"]}]},{"@type":"WebPage","@id":"https:\/\/www.nexoinformativo.mx\/index.php\/2024\/12\/19\/gobierno-fortalece-a-mas-de-2-millones-de-campesinos-con-el-programa-produccion-para-el-bienestar\/","url":"https:\/\/www.nexoinformativo.mx\/index.php\/2024\/12\/19\/gobierno-fortalece-a-mas-de-2-millones-de-campesinos-con-el-programa-produccion-para-el-bienestar\/","name":"Gobierno fortalece a mas de 2 millones de campesinos con el programa Producci\u00f3n para el Bienestar | Nexo Informativo Santiago de Quer\u00e9taro","isPartOf":{"@id":"https:\/\/www.nexoinformativo.mx\/#website"},"primaryImageOfPage":{"@id":"https:\/\/www.nexoinformativo.mx\/index.php\/2024\/12\/19\/gobierno-fortalece-a-mas-de-2-millones-de-campesinos-con-el-programa-produccion-para-el-bienestar\/#primaryimage"},"image":{"@id":"https:\/\/www.nexoinformativo.mx\/index.php\/2024\/12\/19\/gobierno-fortalece-a-mas-de-2-millones-de-campesinos-con-el-programa-produccion-para-el-bienestar\/#primaryimage"},"thumbnailUrl":"https:\/\/www.nexoinformativo.mx\/wp-content\/uploads\/2024\/12\/IMG_8699-e1734627265497.jpg","datePublished":"2024-12-19T14:00:48+00:00","dateModified":"2024-12-19T16:54:58+00:00","description":"Gobierno fortalece a mas de 2 millones de campesinos con el programa Producci\u00f3n para el Bienestar","breadcrumb":{"@id":"https:\/\/www.nexoinformativo.mx\/index.php\/2024\/12\/19\/gobierno-fortalece-a-mas-de-2-millones-de-campesinos-con-el-programa-produccion-para-el-bienestar\/#breadcrumb"},"inLanguage":"es","potentialAction":[{"@type":"ReadAction","target":["https:\/\/www.nexoinformativo.mx\/index.php\/2024\/12\/19\/gobierno-fortalece-a-mas-de-2-millones-de-campesinos-con-el-programa-produccion-para-el-bienestar\/"]}]},{"@type":"ImageObject","inLanguage":"es","@id":"https:\/\/www.nexoinformativo.mx\/index.php\/2024\/12\/19\/gobierno-fortalece-a-mas-de-2-millones-de-campesinos-con-el-programa-produccion-para-el-bienestar\/#primaryimage","url":"https:\/\/www.nexoinformativo.mx\/wp-content\/uploads\/2024\/12\/IMG_8699-e1734627265497.jpg","contentUrl":"https:\/\/www.nexoinformativo.mx\/wp-content\/uploads\/2024\/12\/IMG_8699-e1734627265497.jpg","width":800,"height":472},{"@type":"BreadcrumbList","@id":"https:\/\/www.nexoinformativo.mx\/index.php\/2024\/12\/19\/gobierno-fortalece-a-mas-de-2-millones-de-campesinos-con-el-programa-produccion-para-el-bienestar\/#breadcrumb","itemListElement":[{"@type":"ListItem","position":1,"name":"Inicio","item":"https:\/\/www.nexoinformativo.mx\/"},{"@type":"ListItem","position":2,"name":"Gobierno fortalece a mas de 2 millones de campesinos con el programa Producci\u00f3n para el Bienestar"}]},{"@type":"WebSite","@id":"https:\/\/www.nexoinformativo.mx\/#website","url":"https:\/\/www.nexoinformativo.mx\/","name":"Nexo Informativo Santiago de Quer\u00e9taro","description":"Explora NexoInformativo y convi\u00e9rtete en parte de una comunidad que valora el conocimiento y la verdad. Tu nexoinformativo es tu puente hacia una comprensi\u00f3n m\u00e1s profunda del mundo que te rodea.","publisher":{"@id":"https:\/\/www.nexoinformativo.mx\/#organization"},"potentialAction":[{"@type":"SearchAction","target":{"@type":"EntryPoint","urlTemplate":"https:\/\/www.nexoinformativo.mx\/?s={search_term_string}"},"query-input":{"@type":"PropertyValueSpecification","valueRequired":true,"valueName":"search_term_string"}}],"inLanguage":"es"},{"@type":"Organization","@id":"https:\/\/www.nexoinformativo.mx\/#organization","name":"Nexo Informativo Santiago de Quer\u00e9taro","url":"https:\/\/www.nexoinformativo.mx\/","logo":{"@type":"ImageObject","inLanguage":"es","@id":"https:\/\/www.nexoinformativo.mx\/#\/schema\/logo\/image\/","url":"https:\/\/www.nexoinformativo.mx\/wp-content\/uploads\/2024\/07\/nexoi-trasparente-2.png","contentUrl":"https:\/\/www.nexoinformativo.mx\/wp-content\/uploads\/2024\/07\/nexoi-trasparente-2.png","width":816,"height":339,"caption":"Nexo Informativo Santiago de Quer\u00e9taro"},"image":{"@id":"https:\/\/www.nexoinformativo.mx\/#\/schema\/logo\/image\/"},"sameAs":["https:\/\/www.facebook.com\/people\/Nexo-Informativo\/61564066885511\/"]},{"@type":"Person","@id":"https:\/\/www.nexoinformativo.mx\/#\/schema\/person\/7749d380ba08c8ca00d7bc76fd907b7d","name":"Nexo Informativo","image":{"@type":"ImageObject","inLanguage":"es","@id":"https:\/\/www.nexoinformativo.mx\/#\/schema\/person\/image\/","url":"https:\/\/secure.gravatar.com\/avatar\/dde2928154642a13d95f87ddf1ea9718fe2b46760a005c53e41ff5ad610704e6?s=96&d=mm&r=g","contentUrl":"https:\/\/secure.gravatar.com\/avatar\/dde2928154642a13d95f87ddf1ea9718fe2b46760a005c53e41ff5ad610704e6?s=96&d=mm&r=g","caption":"Nexo Informativo"},"url":"https:\/\/www.nexoinformativo.mx\/index.php\/author\/edicion\/"}]}},"_links":{"self":[{"href":"https:\/\/www.nexoinformativo.mx\/index.php\/wp-json\/wp\/v2\/posts\/8486","targetHints":{"allow":["GET"]}}],"collection":[{"href":"https:\/\/www.nexoinformativo.mx\/index.php\/wp-json\/wp\/v2\/posts"}],"about":[{"href":"https:\/\/www.nexoinformativo.mx\/index.php\/wp-json\/wp\/v2\/types\/post"}],"author":[{"embeddable":true,"href":"https:\/\/www.nexoinformativo.mx\/index.php\/wp-json\/wp\/v2\/users\/3"}],"replies":[{"embeddable":true,"href":"https:\/\/www.nexoinformativo.mx\/index.php\/wp-json\/wp\/v2\/comments?post=8486"}],"version-history":[{"count":4,"href":"https:\/\/www.nexoinformativo.mx\/index.php\/wp-json\/wp\/v2\/posts\/8486\/revisions"}],"predecessor-version":[{"id":8493,"href":"https:\/\/www.nexoinformativo.mx\/index.php\/wp-json\/wp\/v2\/posts\/8486\/revisions\/8493"}],"wp:featuredmedia":[{"embeddable":true,"href":"https:\/\/www.nexoinformativo.mx\/index.php\/wp-json\/wp\/v2\/media\/8492"}],"wp:attachment":[{"href":"https:\/\/www.nexoinformativo.mx\/index.php\/wp-json\/wp\/v2\/media?parent=8486"}],"wp:term":[{"taxonomy":"category","embeddable":true,"href":"https:\/\/www.nexoinformativo.mx\/index.php\/wp-json\/wp\/v2\/categories?post=8486"},{"taxonomy":"post_tag","embeddable":true,"href":"https:\/\/www.nexoinformativo.mx\/index.php\/wp-json\/wp\/v2\/tags?post=8486"}],"curies":[{"name":"wp","href":"https:\/\/api.w.org\/{rel}","templated":true}]}}