{"id":8509,"date":"2024-12-19T10:00:53","date_gmt":"2024-12-19T16:00:53","guid":{"rendered":"https:\/\/www.nexoinformativo.mx\/?p=8509"},"modified":"2024-12-19T12:07:56","modified_gmt":"2024-12-19T18:07:56","slug":"san-joaquin-recibe-con-los-brazos-abiertos-a-sus-migrantes-mas-de-150-familias-regresan","status":"publish","type":"post","link":"https:\/\/www.nexoinformativo.mx\/index.php\/2024\/12\/19\/san-joaquin-recibe-con-los-brazos-abiertos-a-sus-migrantes-mas-de-150-familias-regresan\/","title":{"rendered":"San Joaqu\u00edn recibe con los brazos abiertos a sus migrantes mas de 150 familias regresan"},"content":{"rendered":"<p style=\"text-align: justify;\" data-sourcepos=\"11:1-11:263\">San Joaqu\u00edn se prepara para recibir a cientos de sus habitantes que regresan a casa a trav\u00e9s de la Caravana Migrante 2024.<\/p>\n<p>&nbsp;<\/p>\n<p style=\"text-align: justify;\" data-sourcepos=\"11:1-11:263\">El presidente municipal, Carlos Manuel Ledesma Robles, confirm\u00f3 que alrededor de 150 familias se han unido a esta tradicional traves\u00eda.<\/p>\n<p>&nbsp;<\/p>\n<p style=\"text-align: justify;\" data-sourcepos=\"13:1-13:265\"><strong>&#8220;Estamos muy contentos de recibir a nuestros paisanos que regresan a pasar las fiestas decembrinas con sus familias&#8221;<\/strong>, expres\u00f3 el alcalde. &#8220;Hemos implementado un operativo especial para garantizar su seguridad y brindarles una c\u00e1lida bienvenida&#8221;.<\/p>\n<p>&nbsp;<\/p>\n<p style=\"text-align: justify;\" data-sourcepos=\"15:1-15:242\">Ledesma Robles destac\u00f3 la importancia de las remesas para la econom\u00eda local, ya que muchos habitantes de San Joaqu\u00edn trabajan en Estados Unidos. &#8220;Las remesas son una fuente fundamental de ingresos para nuestras comunidades&#8221;, se\u00f1al\u00f3.<\/p>\n<p>&nbsp;<\/p>\n<p style=\"text-align: justify;\" data-sourcepos=\"17:1-17:215\">La Caravana Migrante, que parte de Estados Unidos y atraviesa M\u00e9xico, es una tradici\u00f3n que permite a miles de mexicanos regresar a sus lugares de origen para celebrar las fiestas decembrinas con sus seres queridos.<\/p>\n<p>&nbsp;<\/p>\n<p style=\"text-align: center;\" data-sourcepos=\"17:1-17:215\"><em><strong>\u00a1Informaci\u00f3n que transforma!<\/strong><\/em><\/p>\n","protected":false},"excerpt":{"rendered":"<p>San Joaqu\u00edn se prepara para recibir a cientos de sus habitantes que regresan a casa a trav\u00e9s de la Caravana Migrante 2024.<\/p>\n","protected":false},"author":3,"featured_media":8510,"comment_status":"open","ping_status":"open","sticky":false,"template":"","format":"standard","meta":{"footnotes":""},"categories":[65,58],"tags":[2324,1882,2748,2738],"class_list":["post-8509","post","type-post","status-publish","format-standard","has-post-thumbnail","hentry","category-municipios","category-ultima-hora","tag-caravanamigrante","tag-navidad","tag-remesas","tag-sanjoaquin"],"yoast_head":"<!-- This site is optimized with the Yoast SEO plugin v25.0 - https:\/\/yoast.com\/wordpress\/plugins\/seo\/ -->\n<title>San Joaqu\u00edn recibe con los brazos abiertos a sus migrantes mas de 150 familias regresan | Nexo Informativo Santiago de Quer\u00e9taro<\/title>\n<meta name=\"description\" content=\"San Joaqu\u00edn recibe con los brazos abiertos a sus migrantes mas de 150 familias regresan\" \/>\n<meta name=\"robots\" content=\"index, follow, max-snippet:-1, max-image-preview:large, max-video-preview:-1\" \/>\n<link rel=\"canonical\" href=\"https:\/\/www.nexoinformativo.mx\/index.php\/2024\/12\/19\/san-joaquin-recibe-con-los-brazos-abiertos-a-sus-migrantes-mas-de-150-familias-regresan\/\" \/>\n<meta property=\"og:locale\" content=\"es_MX\" \/>\n<meta property=\"og:type\" content=\"article\" \/>\n<meta property=\"og:title\" content=\"San Joaqu\u00edn recibe con los brazos abiertos a sus migrantes mas de 150 familias regresan | Nexo Informativo Santiago de Quer\u00e9taro\" \/>\n<meta property=\"og:description\" content=\"San Joaqu\u00edn recibe con los brazos abiertos a sus migrantes mas de 150 familias regresan\" \/>\n<meta property=\"og:url\" content=\"https:\/\/www.nexoinformativo.mx\/index.php\/2024\/12\/19\/san-joaquin-recibe-con-los-brazos-abiertos-a-sus-migrantes-mas-de-150-familias-regresan\/\" \/>\n<meta property=\"og:site_name\" content=\"Nexo Informativo Santiago de Quer\u00e9taro\" \/>\n<meta property=\"article:publisher\" content=\"https:\/\/www.facebook.com\/people\/Nexo-Informativo\/61564066885511\/\" \/>\n<meta property=\"article:published_time\" content=\"2024-12-19T16:00:53+00:00\" \/>\n<meta property=\"article:modified_time\" content=\"2024-12-19T18:07:56+00:00\" \/>\n<meta property=\"og:image\" content=\"https:\/\/www.nexoinformativo.mx\/wp-content\/uploads\/2024\/12\/PHOTO-2024-12-19-09-37-59-e1734631539805.jpg\" \/>\n\t<meta property=\"og:image:width\" content=\"800\" \/>\n\t<meta property=\"og:image:height\" content=\"369\" \/>\n\t<meta property=\"og:image:type\" content=\"image\/jpeg\" \/>\n<meta name=\"author\" content=\"Nexo Informativo\" \/>\n<meta name=\"twitter:card\" content=\"summary_large_image\" \/>\n<meta name=\"twitter:label1\" content=\"Escrito por\" \/>\n\t<meta name=\"twitter:data1\" content=\"Nexo Informativo\" \/>\n\t<meta name=\"twitter:label2\" content=\"Tiempo de lectura\" \/>\n\t<meta name=\"twitter:data2\" content=\"1 minuto\" \/>\n<script type=\"application\/ld+json\" class=\"yoast-schema-graph\">{\"@context\":\"https:\/\/schema.org\",\"@graph\":[{\"@type\":\"Article\",\"@id\":\"https:\/\/www.nexoinformativo.mx\/index.php\/2024\/12\/19\/san-joaquin-recibe-con-los-brazos-abiertos-a-sus-migrantes-mas-de-150-familias-regresan\/#article\",\"isPartOf\":{\"@id\":\"https:\/\/www.nexoinformativo.mx\/index.php\/2024\/12\/19\/san-joaquin-recibe-con-los-brazos-abiertos-a-sus-migrantes-mas-de-150-familias-regresan\/\"},\"author\":{\"name\":\"Nexo Informativo\",\"@id\":\"https:\/\/www.nexoinformativo.mx\/#\/schema\/person\/7749d380ba08c8ca00d7bc76fd907b7d\"},\"headline\":\"San Joaqu\u00edn recibe con los brazos abiertos a sus migrantes mas de 150 familias regresan\",\"datePublished\":\"2024-12-19T16:00:53+00:00\",\"dateModified\":\"2024-12-19T18:07:56+00:00\",\"mainEntityOfPage\":{\"@id\":\"https:\/\/www.nexoinformativo.mx\/index.php\/2024\/12\/19\/san-joaquin-recibe-con-los-brazos-abiertos-a-sus-migrantes-mas-de-150-familias-regresan\/\"},\"wordCount\":178,\"commentCount\":0,\"publisher\":{\"@id\":\"https:\/\/www.nexoinformativo.mx\/#organization\"},\"image\":{\"@id\":\"https:\/\/www.nexoinformativo.mx\/index.php\/2024\/12\/19\/san-joaquin-recibe-con-los-brazos-abiertos-a-sus-migrantes-mas-de-150-familias-regresan\/#primaryimage\"},\"thumbnailUrl\":\"https:\/\/www.nexoinformativo.mx\/wp-content\/uploads\/2024\/12\/PHOTO-2024-12-19-09-37-59-e1734631539805.jpg\",\"keywords\":[\"CaravanaMigrante\",\"Navidad\",\"Remesas\",\"SanJoaqu\u00edn\"],\"articleSection\":[\"Municipios\",\"\u00daltima Hora\"],\"inLanguage\":\"es\",\"potentialAction\":[{\"@type\":\"CommentAction\",\"name\":\"Comment\",\"target\":[\"https:\/\/www.nexoinformativo.mx\/index.php\/2024\/12\/19\/san-joaquin-recibe-con-los-brazos-abiertos-a-sus-migrantes-mas-de-150-familias-regresan\/#respond\"]}]},{\"@type\":\"WebPage\",\"@id\":\"https:\/\/www.nexoinformativo.mx\/index.php\/2024\/12\/19\/san-joaquin-recibe-con-los-brazos-abiertos-a-sus-migrantes-mas-de-150-familias-regresan\/\",\"url\":\"https:\/\/www.nexoinformativo.mx\/index.php\/2024\/12\/19\/san-joaquin-recibe-con-los-brazos-abiertos-a-sus-migrantes-mas-de-150-familias-regresan\/\",\"name\":\"San Joaqu\u00edn recibe con los brazos abiertos a sus migrantes mas de 150 familias regresan | Nexo Informativo Santiago de Quer\u00e9taro\",\"isPartOf\":{\"@id\":\"https:\/\/www.nexoinformativo.mx\/#website\"},\"primaryImageOfPage\":{\"@id\":\"https:\/\/www.nexoinformativo.mx\/index.php\/2024\/12\/19\/san-joaquin-recibe-con-los-brazos-abiertos-a-sus-migrantes-mas-de-150-familias-regresan\/#primaryimage\"},\"image\":{\"@id\":\"https:\/\/www.nexoinformativo.mx\/index.php\/2024\/12\/19\/san-joaquin-recibe-con-los-brazos-abiertos-a-sus-migrantes-mas-de-150-familias-regresan\/#primaryimage\"},\"thumbnailUrl\":\"https:\/\/www.nexoinformativo.mx\/wp-content\/uploads\/2024\/12\/PHOTO-2024-12-19-09-37-59-e1734631539805.jpg\",\"datePublished\":\"2024-12-19T16:00:53+00:00\",\"dateModified\":\"2024-12-19T18:07:56+00:00\",\"description\":\"San Joaqu\u00edn recibe con los brazos abiertos a sus migrantes mas de 150 familias regresan\",\"breadcrumb\":{\"@id\":\"https:\/\/www.nexoinformativo.mx\/index.php\/2024\/12\/19\/san-joaquin-recibe-con-los-brazos-abiertos-a-sus-migrantes-mas-de-150-familias-regresan\/#breadcrumb\"},\"inLanguage\":\"es\",\"potentialAction\":[{\"@type\":\"ReadAction\",\"target\":[\"https:\/\/www.nexoinformativo.mx\/index.php\/2024\/12\/19\/san-joaquin-recibe-con-los-brazos-abiertos-a-sus-migrantes-mas-de-150-familias-regresan\/\"]}]},{\"@type\":\"ImageObject\",\"inLanguage\":\"es\",\"@id\":\"https:\/\/www.nexoinformativo.mx\/index.php\/2024\/12\/19\/san-joaquin-recibe-con-los-brazos-abiertos-a-sus-migrantes-mas-de-150-familias-regresan\/#primaryimage\",\"url\":\"https:\/\/www.nexoinformativo.mx\/wp-content\/uploads\/2024\/12\/PHOTO-2024-12-19-09-37-59-e1734631539805.jpg\",\"contentUrl\":\"https:\/\/www.nexoinformativo.mx\/wp-content\/uploads\/2024\/12\/PHOTO-2024-12-19-09-37-59-e1734631539805.jpg\",\"width\":800,\"height\":369},{\"@type\":\"BreadcrumbList\",\"@id\":\"https:\/\/www.nexoinformativo.mx\/index.php\/2024\/12\/19\/san-joaquin-recibe-con-los-brazos-abiertos-a-sus-migrantes-mas-de-150-familias-regresan\/#breadcrumb\",\"itemListElement\":[{\"@type\":\"ListItem\",\"position\":1,\"name\":\"Inicio\",\"item\":\"https:\/\/www.nexoinformativo.mx\/\"},{\"@type\":\"ListItem\",\"position\":2,\"name\":\"San Joaqu\u00edn recibe con los brazos abiertos a sus migrantes mas de 150 familias regresan\"}]},{\"@type\":\"WebSite\",\"@id\":\"https:\/\/www.nexoinformativo.mx\/#website\",\"url\":\"https:\/\/www.nexoinformativo.mx\/\",\"name\":\"Nexo Informativo Santiago de Quer\u00e9taro\",\"description\":\"Explora NexoInformativo y convi\u00e9rtete en parte de una comunidad que valora el conocimiento y la verdad. Tu nexoinformativo es tu puente hacia una comprensi\u00f3n m\u00e1s profunda del mundo que te rodea.\",\"publisher\":{\"@id\":\"https:\/\/www.nexoinformativo.mx\/#organization\"},\"potentialAction\":[{\"@type\":\"SearchAction\",\"target\":{\"@type\":\"EntryPoint\",\"urlTemplate\":\"https:\/\/www.nexoinformativo.mx\/?s={search_term_string}\"},\"query-input\":{\"@type\":\"PropertyValueSpecification\",\"valueRequired\":true,\"valueName\":\"search_term_string\"}}],\"inLanguage\":\"es\"},{\"@type\":\"Organization\",\"@id\":\"https:\/\/www.nexoinformativo.mx\/#organization\",\"name\":\"Nexo Informativo Santiago de Quer\u00e9taro\",\"url\":\"https:\/\/www.nexoinformativo.mx\/\",\"logo\":{\"@type\":\"ImageObject\",\"inLanguage\":\"es\",\"@id\":\"https:\/\/www.nexoinformativo.mx\/#\/schema\/logo\/image\/\",\"url\":\"https:\/\/www.nexoinformativo.mx\/wp-content\/uploads\/2024\/07\/nexoi-trasparente-2.png\",\"contentUrl\":\"https:\/\/www.nexoinformativo.mx\/wp-content\/uploads\/2024\/07\/nexoi-trasparente-2.png\",\"width\":816,\"height\":339,\"caption\":\"Nexo Informativo Santiago de Quer\u00e9taro\"},\"image\":{\"@id\":\"https:\/\/www.nexoinformativo.mx\/#\/schema\/logo\/image\/\"},\"sameAs\":[\"https:\/\/www.facebook.com\/people\/Nexo-Informativo\/61564066885511\/\"]},{\"@type\":\"Person\",\"@id\":\"https:\/\/www.nexoinformativo.mx\/#\/schema\/person\/7749d380ba08c8ca00d7bc76fd907b7d\",\"name\":\"Nexo Informativo\",\"image\":{\"@type\":\"ImageObject\",\"inLanguage\":\"es\",\"@id\":\"https:\/\/www.nexoinformativo.mx\/#\/schema\/person\/image\/\",\"url\":\"https:\/\/secure.gravatar.com\/avatar\/dde2928154642a13d95f87ddf1ea9718fe2b46760a005c53e41ff5ad610704e6?s=96&d=mm&r=g\",\"contentUrl\":\"https:\/\/secure.gravatar.com\/avatar\/dde2928154642a13d95f87ddf1ea9718fe2b46760a005c53e41ff5ad610704e6?s=96&d=mm&r=g\",\"caption\":\"Nexo Informativo\"},\"url\":\"https:\/\/www.nexoinformativo.mx\/index.php\/author\/edicion\/\"}]}<\/script>\n<!-- \/ Yoast SEO plugin. -->","yoast_head_json":{"title":"San Joaqu\u00edn recibe con los brazos abiertos a sus migrantes mas de 150 familias regresan | Nexo Informativo Santiago de Quer\u00e9taro","description":"San Joaqu\u00edn recibe con los brazos abiertos a sus migrantes mas de 150 familias regresan","robots":{"index":"index","follow":"follow","max-snippet":"max-snippet:-1","max-image-preview":"max-image-preview:large","max-video-preview":"max-video-preview:-1"},"canonical":"https:\/\/www.nexoinformativo.mx\/index.php\/2024\/12\/19\/san-joaquin-recibe-con-los-brazos-abiertos-a-sus-migrantes-mas-de-150-familias-regresan\/","og_locale":"es_MX","og_type":"article","og_title":"San Joaqu\u00edn recibe con los brazos abiertos a sus migrantes mas de 150 familias regresan | Nexo Informativo Santiago de Quer\u00e9taro","og_description":"San Joaqu\u00edn recibe con los brazos abiertos a sus migrantes mas de 150 familias regresan","og_url":"https:\/\/www.nexoinformativo.mx\/index.php\/2024\/12\/19\/san-joaquin-recibe-con-los-brazos-abiertos-a-sus-migrantes-mas-de-150-familias-regresan\/","og_site_name":"Nexo Informativo Santiago de Quer\u00e9taro","article_publisher":"https:\/\/www.facebook.com\/people\/Nexo-Informativo\/61564066885511\/","article_published_time":"2024-12-19T16:00:53+00:00","article_modified_time":"2024-12-19T18:07:56+00:00","og_image":[{"width":800,"height":369,"url":"https:\/\/www.nexoinformativo.mx\/wp-content\/uploads\/2024\/12\/PHOTO-2024-12-19-09-37-59-e1734631539805.jpg","type":"image\/jpeg"}],"author":"Nexo Informativo","twitter_card":"summary_large_image","twitter_misc":{"Escrito por":"Nexo Informativo","Tiempo de lectura":"1 minuto"},"schema":{"@context":"https:\/\/schema.org","@graph":[{"@type":"Article","@id":"https:\/\/www.nexoinformativo.mx\/index.php\/2024\/12\/19\/san-joaquin-recibe-con-los-brazos-abiertos-a-sus-migrantes-mas-de-150-familias-regresan\/#article","isPartOf":{"@id":"https:\/\/www.nexoinformativo.mx\/index.php\/2024\/12\/19\/san-joaquin-recibe-con-los-brazos-abiertos-a-sus-migrantes-mas-de-150-familias-regresan\/"},"author":{"name":"Nexo Informativo","@id":"https:\/\/www.nexoinformativo.mx\/#\/schema\/person\/7749d380ba08c8ca00d7bc76fd907b7d"},"headline":"San Joaqu\u00edn recibe con los brazos abiertos a sus migrantes mas de 150 familias regresan","datePublished":"2024-12-19T16:00:53+00:00","dateModified":"2024-12-19T18:07:56+00:00","mainEntityOfPage":{"@id":"https:\/\/www.nexoinformativo.mx\/index.php\/2024\/12\/19\/san-joaquin-recibe-con-los-brazos-abiertos-a-sus-migrantes-mas-de-150-familias-regresan\/"},"wordCount":178,"commentCount":0,"publisher":{"@id":"https:\/\/www.nexoinformativo.mx\/#organization"},"image":{"@id":"https:\/\/www.nexoinformativo.mx\/index.php\/2024\/12\/19\/san-joaquin-recibe-con-los-brazos-abiertos-a-sus-migrantes-mas-de-150-familias-regresan\/#primaryimage"},"thumbnailUrl":"https:\/\/www.nexoinformativo.mx\/wp-content\/uploads\/2024\/12\/PHOTO-2024-12-19-09-37-59-e1734631539805.jpg","keywords":["CaravanaMigrante","Navidad","Remesas","SanJoaqu\u00edn"],"articleSection":["Municipios","\u00daltima Hora"],"inLanguage":"es","potentialAction":[{"@type":"CommentAction","name":"Comment","target":["https:\/\/www.nexoinformativo.mx\/index.php\/2024\/12\/19\/san-joaquin-recibe-con-los-brazos-abiertos-a-sus-migrantes-mas-de-150-familias-regresan\/#respond"]}]},{"@type":"WebPage","@id":"https:\/\/www.nexoinformativo.mx\/index.php\/2024\/12\/19\/san-joaquin-recibe-con-los-brazos-abiertos-a-sus-migrantes-mas-de-150-familias-regresan\/","url":"https:\/\/www.nexoinformativo.mx\/index.php\/2024\/12\/19\/san-joaquin-recibe-con-los-brazos-abiertos-a-sus-migrantes-mas-de-150-familias-regresan\/","name":"San Joaqu\u00edn recibe con los brazos abiertos a sus migrantes mas de 150 familias regresan | Nexo Informativo Santiago de Quer\u00e9taro","isPartOf":{"@id":"https:\/\/www.nexoinformativo.mx\/#website"},"primaryImageOfPage":{"@id":"https:\/\/www.nexoinformativo.mx\/index.php\/2024\/12\/19\/san-joaquin-recibe-con-los-brazos-abiertos-a-sus-migrantes-mas-de-150-familias-regresan\/#primaryimage"},"image":{"@id":"https:\/\/www.nexoinformativo.mx\/index.php\/2024\/12\/19\/san-joaquin-recibe-con-los-brazos-abiertos-a-sus-migrantes-mas-de-150-familias-regresan\/#primaryimage"},"thumbnailUrl":"https:\/\/www.nexoinformativo.mx\/wp-content\/uploads\/2024\/12\/PHOTO-2024-12-19-09-37-59-e1734631539805.jpg","datePublished":"2024-12-19T16:00:53+00:00","dateModified":"2024-12-19T18:07:56+00:00","description":"San Joaqu\u00edn recibe con los brazos abiertos a sus migrantes mas de 150 familias regresan","breadcrumb":{"@id":"https:\/\/www.nexoinformativo.mx\/index.php\/2024\/12\/19\/san-joaquin-recibe-con-los-brazos-abiertos-a-sus-migrantes-mas-de-150-familias-regresan\/#breadcrumb"},"inLanguage":"es","potentialAction":[{"@type":"ReadAction","target":["https:\/\/www.nexoinformativo.mx\/index.php\/2024\/12\/19\/san-joaquin-recibe-con-los-brazos-abiertos-a-sus-migrantes-mas-de-150-familias-regresan\/"]}]},{"@type":"ImageObject","inLanguage":"es","@id":"https:\/\/www.nexoinformativo.mx\/index.php\/2024\/12\/19\/san-joaquin-recibe-con-los-brazos-abiertos-a-sus-migrantes-mas-de-150-familias-regresan\/#primaryimage","url":"https:\/\/www.nexoinformativo.mx\/wp-content\/uploads\/2024\/12\/PHOTO-2024-12-19-09-37-59-e1734631539805.jpg","contentUrl":"https:\/\/www.nexoinformativo.mx\/wp-content\/uploads\/2024\/12\/PHOTO-2024-12-19-09-37-59-e1734631539805.jpg","width":800,"height":369},{"@type":"BreadcrumbList","@id":"https:\/\/www.nexoinformativo.mx\/index.php\/2024\/12\/19\/san-joaquin-recibe-con-los-brazos-abiertos-a-sus-migrantes-mas-de-150-familias-regresan\/#breadcrumb","itemListElement":[{"@type":"ListItem","position":1,"name":"Inicio","item":"https:\/\/www.nexoinformativo.mx\/"},{"@type":"ListItem","position":2,"name":"San Joaqu\u00edn recibe con los brazos abiertos a sus migrantes mas de 150 familias regresan"}]},{"@type":"WebSite","@id":"https:\/\/www.nexoinformativo.mx\/#website","url":"https:\/\/www.nexoinformativo.mx\/","name":"Nexo Informativo Santiago de Quer\u00e9taro","description":"Explora NexoInformativo y convi\u00e9rtete en parte de una comunidad que valora el conocimiento y la verdad. Tu nexoinformativo es tu puente hacia una comprensi\u00f3n m\u00e1s profunda del mundo que te rodea.","publisher":{"@id":"https:\/\/www.nexoinformativo.mx\/#organization"},"potentialAction":[{"@type":"SearchAction","target":{"@type":"EntryPoint","urlTemplate":"https:\/\/www.nexoinformativo.mx\/?s={search_term_string}"},"query-input":{"@type":"PropertyValueSpecification","valueRequired":true,"valueName":"search_term_string"}}],"inLanguage":"es"},{"@type":"Organization","@id":"https:\/\/www.nexoinformativo.mx\/#organization","name":"Nexo Informativo Santiago de Quer\u00e9taro","url":"https:\/\/www.nexoinformativo.mx\/","logo":{"@type":"ImageObject","inLanguage":"es","@id":"https:\/\/www.nexoinformativo.mx\/#\/schema\/logo\/image\/","url":"https:\/\/www.nexoinformativo.mx\/wp-content\/uploads\/2024\/07\/nexoi-trasparente-2.png","contentUrl":"https:\/\/www.nexoinformativo.mx\/wp-content\/uploads\/2024\/07\/nexoi-trasparente-2.png","width":816,"height":339,"caption":"Nexo Informativo Santiago de Quer\u00e9taro"},"image":{"@id":"https:\/\/www.nexoinformativo.mx\/#\/schema\/logo\/image\/"},"sameAs":["https:\/\/www.facebook.com\/people\/Nexo-Informativo\/61564066885511\/"]},{"@type":"Person","@id":"https:\/\/www.nexoinformativo.mx\/#\/schema\/person\/7749d380ba08c8ca00d7bc76fd907b7d","name":"Nexo Informativo","image":{"@type":"ImageObject","inLanguage":"es","@id":"https:\/\/www.nexoinformativo.mx\/#\/schema\/person\/image\/","url":"https:\/\/secure.gravatar.com\/avatar\/dde2928154642a13d95f87ddf1ea9718fe2b46760a005c53e41ff5ad610704e6?s=96&d=mm&r=g","contentUrl":"https:\/\/secure.gravatar.com\/avatar\/dde2928154642a13d95f87ddf1ea9718fe2b46760a005c53e41ff5ad610704e6?s=96&d=mm&r=g","caption":"Nexo Informativo"},"url":"https:\/\/www.nexoinformativo.mx\/index.php\/author\/edicion\/"}]}},"_links":{"self":[{"href":"https:\/\/www.nexoinformativo.mx\/index.php\/wp-json\/wp\/v2\/posts\/8509","targetHints":{"allow":["GET"]}}],"collection":[{"href":"https:\/\/www.nexoinformativo.mx\/index.php\/wp-json\/wp\/v2\/posts"}],"about":[{"href":"https:\/\/www.nexoinformativo.mx\/index.php\/wp-json\/wp\/v2\/types\/post"}],"author":[{"embeddable":true,"href":"https:\/\/www.nexoinformativo.mx\/index.php\/wp-json\/wp\/v2\/users\/3"}],"replies":[{"embeddable":true,"href":"https:\/\/www.nexoinformativo.mx\/index.php\/wp-json\/wp\/v2\/comments?post=8509"}],"version-history":[{"count":2,"href":"https:\/\/www.nexoinformativo.mx\/index.php\/wp-json\/wp\/v2\/posts\/8509\/revisions"}],"predecessor-version":[{"id":8512,"href":"https:\/\/www.nexoinformativo.mx\/index.php\/wp-json\/wp\/v2\/posts\/8509\/revisions\/8512"}],"wp:featuredmedia":[{"embeddable":true,"href":"https:\/\/www.nexoinformativo.mx\/index.php\/wp-json\/wp\/v2\/media\/8510"}],"wp:attachment":[{"href":"https:\/\/www.nexoinformativo.mx\/index.php\/wp-json\/wp\/v2\/media?parent=8509"}],"wp:term":[{"taxonomy":"category","embeddable":true,"href":"https:\/\/www.nexoinformativo.mx\/index.php\/wp-json\/wp\/v2\/categories?post=8509"},{"taxonomy":"post_tag","embeddable":true,"href":"https:\/\/www.nexoinformativo.mx\/index.php\/wp-json\/wp\/v2\/tags?post=8509"}],"curies":[{"name":"wp","href":"https:\/\/api.w.org\/{rel}","templated":true}]}}