{"id":8519,"date":"2024-12-19T11:00:13","date_gmt":"2024-12-19T17:00:13","guid":{"rendered":"https:\/\/www.nexoinformativo.mx\/?p=8519"},"modified":"2024-12-19T12:25:23","modified_gmt":"2024-12-19T18:25:23","slug":"gobierno-de-queretaro-investiga-a-notario-involucrado-en-fraude-al-infonavit","status":"publish","type":"post","link":"https:\/\/www.nexoinformativo.mx\/index.php\/2024\/12\/19\/gobierno-de-queretaro-investiga-a-notario-involucrado-en-fraude-al-infonavit\/","title":{"rendered":"Gobierno de Quer\u00e9taro investiga a notario involucrado en fraude al Infonavit"},"content":{"rendered":"<p style=\"text-align: justify;\" data-sourcepos=\"11:1-11:393\">El gobierno de Quer\u00e9taro, encabezado por Mauricio Kuri, se ha unido a las investigaciones en contra de un notario presuntamente involucrado en un fraude masivo al Infonavit.<\/p>\n<p>&nbsp;<\/p>\n<p style=\"text-align: justify;\" data-sourcepos=\"11:1-11:393\">Ante las denuncias de la venta irregular de 41 casas hasta en 294 ocasiones, el secretario de gobierno, Carlos Alcaraz, inform\u00f3 que se ha puesto en contacto con las autoridades federales para colaborar en este caso.<\/p>\n<p>&nbsp;<\/p>\n<p style=\"text-align: justify;\" data-sourcepos=\"13:1-13:313\">&#8220;Estamos trabajando de manera coordinada con el Infonavit para esclarecer estos hechos y garantizar que se haga justicia&#8221;, afirm\u00f3 Alcaraz.<\/p>\n<p>&nbsp;<\/p>\n<p style=\"text-align: justify;\" data-sourcepos=\"13:1-13:313\">El funcionario estatal se\u00f1al\u00f3 que se ha ofrecido todo el apoyo necesario para identificar a la notaria responsable y llevarla ante las autoridades correspondientes.<\/p>\n<p>&nbsp;<\/p>\n<p style=\"text-align: justify;\" data-sourcepos=\"15:1-15:312\">De acuerdo con las primeras investigaciones, se presume que la notaria, en complicidad con otras personas, habr\u00eda falsificado documentos y realizado operaciones fraudulentas con cr\u00e9ditos del Infonavit. Estas acciones habr\u00edan perjudicado a cientos de derechohabientes y generado p\u00e9rdidas millonarias al instituto.<\/p>\n<p>&nbsp;<\/p>\n<p style=\"text-align: justify;\" data-sourcepos=\"17:1-17:334\">El secretario de gobierno destac\u00f3 que este tipo de pr\u00e1cticas no ser\u00e1n toleradas y que se aplicar\u00e1n las sanciones correspondientes a todos los involucrados.<\/p>\n<p>&nbsp;<\/p>\n<p style=\"text-align: justify;\" data-sourcepos=\"17:1-17:334\">&#8220;Estamos comprometidos con la transparencia y la rendici\u00f3n de cuentas, y no permitiremos que nadie se aproveche de los recursos de los queretanos&#8221;, asegur\u00f3 Alcaraz.<\/p>\n<p>&nbsp;<\/p>\n<p style=\"text-align: center;\" data-sourcepos=\"17:1-17:334\"><em><strong>\u00a1Informaci\u00f3n que transforma!<\/strong><\/em><\/p>\n","protected":false},"excerpt":{"rendered":"<p>El gobierno de Quer\u00e9taro, encabezado por Mauricio Kuri, se ha unido a las investigaciones en contra de un notario presuntamente involucrado en un fraude masivo al Infonavit.<\/p>\n","protected":false},"author":3,"featured_media":8520,"comment_status":"open","ping_status":"open","sticky":false,"template":"","format":"standard","meta":{"footnotes":""},"categories":[42,58],"tags":[1630,2750,480,133],"class_list":["post-8519","post","type-post","status-publish","format-standard","has-post-thumbnail","hentry","category-estado","category-ultima-hora","tag-corrupcion","tag-fraudeinfonavit","tag-justicia","tag-queretaro"],"yoast_head":"<!-- This site is optimized with the Yoast SEO plugin v25.0 - https:\/\/yoast.com\/wordpress\/plugins\/seo\/ -->\n<title>Gobierno de Quer\u00e9taro investiga a notario involucrado en fraude al Infonavit | Nexo Informativo Santiago de Quer\u00e9taro<\/title>\n<meta name=\"description\" content=\"Gobierno de Quer\u00e9taro investiga a notario involucrado en fraude al Infonavit\" \/>\n<meta name=\"robots\" content=\"index, follow, max-snippet:-1, max-image-preview:large, max-video-preview:-1\" \/>\n<link rel=\"canonical\" href=\"https:\/\/www.nexoinformativo.mx\/index.php\/2024\/12\/19\/gobierno-de-queretaro-investiga-a-notario-involucrado-en-fraude-al-infonavit\/\" \/>\n<meta property=\"og:locale\" content=\"es_MX\" \/>\n<meta property=\"og:type\" content=\"article\" \/>\n<meta property=\"og:title\" content=\"Gobierno de Quer\u00e9taro investiga a notario involucrado en fraude al Infonavit | Nexo Informativo Santiago de Quer\u00e9taro\" \/>\n<meta property=\"og:description\" content=\"Gobierno de Quer\u00e9taro investiga a notario involucrado en fraude al Infonavit\" \/>\n<meta property=\"og:url\" content=\"https:\/\/www.nexoinformativo.mx\/index.php\/2024\/12\/19\/gobierno-de-queretaro-investiga-a-notario-involucrado-en-fraude-al-infonavit\/\" \/>\n<meta property=\"og:site_name\" content=\"Nexo Informativo Santiago de Quer\u00e9taro\" \/>\n<meta property=\"article:publisher\" content=\"https:\/\/www.facebook.com\/people\/Nexo-Informativo\/61564066885511\/\" \/>\n<meta property=\"article:published_time\" content=\"2024-12-19T17:00:13+00:00\" \/>\n<meta property=\"article:modified_time\" content=\"2024-12-19T18:25:23+00:00\" \/>\n<meta property=\"og:image\" content=\"https:\/\/www.nexoinformativo.mx\/wp-content\/uploads\/2024\/12\/PHOTO-2024-12-19-12-03-33-e1734632583386.jpg\" \/>\n\t<meta property=\"og:image:width\" content=\"800\" \/>\n\t<meta property=\"og:image:height\" content=\"600\" \/>\n\t<meta property=\"og:image:type\" content=\"image\/jpeg\" \/>\n<meta name=\"author\" content=\"Nexo Informativo\" \/>\n<meta name=\"twitter:card\" content=\"summary_large_image\" \/>\n<meta name=\"twitter:label1\" content=\"Escrito por\" \/>\n\t<meta name=\"twitter:data1\" content=\"Nexo Informativo\" \/>\n\t<meta name=\"twitter:label2\" content=\"Tiempo de lectura\" \/>\n\t<meta name=\"twitter:data2\" content=\"2 minutos\" \/>\n<script type=\"application\/ld+json\" class=\"yoast-schema-graph\">{\"@context\":\"https:\/\/schema.org\",\"@graph\":[{\"@type\":\"Article\",\"@id\":\"https:\/\/www.nexoinformativo.mx\/index.php\/2024\/12\/19\/gobierno-de-queretaro-investiga-a-notario-involucrado-en-fraude-al-infonavit\/#article\",\"isPartOf\":{\"@id\":\"https:\/\/www.nexoinformativo.mx\/index.php\/2024\/12\/19\/gobierno-de-queretaro-investiga-a-notario-involucrado-en-fraude-al-infonavit\/\"},\"author\":{\"name\":\"Nexo Informativo\",\"@id\":\"https:\/\/www.nexoinformativo.mx\/#\/schema\/person\/7749d380ba08c8ca00d7bc76fd907b7d\"},\"headline\":\"Gobierno de Quer\u00e9taro investiga a notario involucrado en fraude al Infonavit\",\"datePublished\":\"2024-12-19T17:00:13+00:00\",\"dateModified\":\"2024-12-19T18:25:23+00:00\",\"mainEntityOfPage\":{\"@id\":\"https:\/\/www.nexoinformativo.mx\/index.php\/2024\/12\/19\/gobierno-de-queretaro-investiga-a-notario-involucrado-en-fraude-al-infonavit\/\"},\"wordCount\":228,\"commentCount\":0,\"publisher\":{\"@id\":\"https:\/\/www.nexoinformativo.mx\/#organization\"},\"image\":{\"@id\":\"https:\/\/www.nexoinformativo.mx\/index.php\/2024\/12\/19\/gobierno-de-queretaro-investiga-a-notario-involucrado-en-fraude-al-infonavit\/#primaryimage\"},\"thumbnailUrl\":\"https:\/\/www.nexoinformativo.mx\/wp-content\/uploads\/2024\/12\/PHOTO-2024-12-19-12-03-33-e1734632583386.jpg\",\"keywords\":[\"Corrupci\u00f3n\",\"FraudeInfonavit\",\"Justicia\",\"Quer\u00e9taro\"],\"articleSection\":[\"Estado\",\"\u00daltima Hora\"],\"inLanguage\":\"es\",\"potentialAction\":[{\"@type\":\"CommentAction\",\"name\":\"Comment\",\"target\":[\"https:\/\/www.nexoinformativo.mx\/index.php\/2024\/12\/19\/gobierno-de-queretaro-investiga-a-notario-involucrado-en-fraude-al-infonavit\/#respond\"]}]},{\"@type\":\"WebPage\",\"@id\":\"https:\/\/www.nexoinformativo.mx\/index.php\/2024\/12\/19\/gobierno-de-queretaro-investiga-a-notario-involucrado-en-fraude-al-infonavit\/\",\"url\":\"https:\/\/www.nexoinformativo.mx\/index.php\/2024\/12\/19\/gobierno-de-queretaro-investiga-a-notario-involucrado-en-fraude-al-infonavit\/\",\"name\":\"Gobierno de Quer\u00e9taro investiga a notario involucrado en fraude al Infonavit | Nexo Informativo Santiago de Quer\u00e9taro\",\"isPartOf\":{\"@id\":\"https:\/\/www.nexoinformativo.mx\/#website\"},\"primaryImageOfPage\":{\"@id\":\"https:\/\/www.nexoinformativo.mx\/index.php\/2024\/12\/19\/gobierno-de-queretaro-investiga-a-notario-involucrado-en-fraude-al-infonavit\/#primaryimage\"},\"image\":{\"@id\":\"https:\/\/www.nexoinformativo.mx\/index.php\/2024\/12\/19\/gobierno-de-queretaro-investiga-a-notario-involucrado-en-fraude-al-infonavit\/#primaryimage\"},\"thumbnailUrl\":\"https:\/\/www.nexoinformativo.mx\/wp-content\/uploads\/2024\/12\/PHOTO-2024-12-19-12-03-33-e1734632583386.jpg\",\"datePublished\":\"2024-12-19T17:00:13+00:00\",\"dateModified\":\"2024-12-19T18:25:23+00:00\",\"description\":\"Gobierno de Quer\u00e9taro investiga a notario involucrado en fraude al Infonavit\",\"breadcrumb\":{\"@id\":\"https:\/\/www.nexoinformativo.mx\/index.php\/2024\/12\/19\/gobierno-de-queretaro-investiga-a-notario-involucrado-en-fraude-al-infonavit\/#breadcrumb\"},\"inLanguage\":\"es\",\"potentialAction\":[{\"@type\":\"ReadAction\",\"target\":[\"https:\/\/www.nexoinformativo.mx\/index.php\/2024\/12\/19\/gobierno-de-queretaro-investiga-a-notario-involucrado-en-fraude-al-infonavit\/\"]}]},{\"@type\":\"ImageObject\",\"inLanguage\":\"es\",\"@id\":\"https:\/\/www.nexoinformativo.mx\/index.php\/2024\/12\/19\/gobierno-de-queretaro-investiga-a-notario-involucrado-en-fraude-al-infonavit\/#primaryimage\",\"url\":\"https:\/\/www.nexoinformativo.mx\/wp-content\/uploads\/2024\/12\/PHOTO-2024-12-19-12-03-33-e1734632583386.jpg\",\"contentUrl\":\"https:\/\/www.nexoinformativo.mx\/wp-content\/uploads\/2024\/12\/PHOTO-2024-12-19-12-03-33-e1734632583386.jpg\",\"width\":800,\"height\":600},{\"@type\":\"BreadcrumbList\",\"@id\":\"https:\/\/www.nexoinformativo.mx\/index.php\/2024\/12\/19\/gobierno-de-queretaro-investiga-a-notario-involucrado-en-fraude-al-infonavit\/#breadcrumb\",\"itemListElement\":[{\"@type\":\"ListItem\",\"position\":1,\"name\":\"Inicio\",\"item\":\"https:\/\/www.nexoinformativo.mx\/\"},{\"@type\":\"ListItem\",\"position\":2,\"name\":\"Gobierno de Quer\u00e9taro investiga a notario involucrado en fraude al Infonavit\"}]},{\"@type\":\"WebSite\",\"@id\":\"https:\/\/www.nexoinformativo.mx\/#website\",\"url\":\"https:\/\/www.nexoinformativo.mx\/\",\"name\":\"Nexo Informativo Santiago de Quer\u00e9taro\",\"description\":\"Explora NexoInformativo y convi\u00e9rtete en parte de una comunidad que valora el conocimiento y la verdad. Tu nexoinformativo es tu puente hacia una comprensi\u00f3n m\u00e1s profunda del mundo que te rodea.\",\"publisher\":{\"@id\":\"https:\/\/www.nexoinformativo.mx\/#organization\"},\"potentialAction\":[{\"@type\":\"SearchAction\",\"target\":{\"@type\":\"EntryPoint\",\"urlTemplate\":\"https:\/\/www.nexoinformativo.mx\/?s={search_term_string}\"},\"query-input\":{\"@type\":\"PropertyValueSpecification\",\"valueRequired\":true,\"valueName\":\"search_term_string\"}}],\"inLanguage\":\"es\"},{\"@type\":\"Organization\",\"@id\":\"https:\/\/www.nexoinformativo.mx\/#organization\",\"name\":\"Nexo Informativo Santiago de Quer\u00e9taro\",\"url\":\"https:\/\/www.nexoinformativo.mx\/\",\"logo\":{\"@type\":\"ImageObject\",\"inLanguage\":\"es\",\"@id\":\"https:\/\/www.nexoinformativo.mx\/#\/schema\/logo\/image\/\",\"url\":\"https:\/\/www.nexoinformativo.mx\/wp-content\/uploads\/2024\/07\/nexoi-trasparente-2.png\",\"contentUrl\":\"https:\/\/www.nexoinformativo.mx\/wp-content\/uploads\/2024\/07\/nexoi-trasparente-2.png\",\"width\":816,\"height\":339,\"caption\":\"Nexo Informativo Santiago de Quer\u00e9taro\"},\"image\":{\"@id\":\"https:\/\/www.nexoinformativo.mx\/#\/schema\/logo\/image\/\"},\"sameAs\":[\"https:\/\/www.facebook.com\/people\/Nexo-Informativo\/61564066885511\/\"]},{\"@type\":\"Person\",\"@id\":\"https:\/\/www.nexoinformativo.mx\/#\/schema\/person\/7749d380ba08c8ca00d7bc76fd907b7d\",\"name\":\"Nexo Informativo\",\"image\":{\"@type\":\"ImageObject\",\"inLanguage\":\"es\",\"@id\":\"https:\/\/www.nexoinformativo.mx\/#\/schema\/person\/image\/\",\"url\":\"https:\/\/secure.gravatar.com\/avatar\/dde2928154642a13d95f87ddf1ea9718fe2b46760a005c53e41ff5ad610704e6?s=96&d=mm&r=g\",\"contentUrl\":\"https:\/\/secure.gravatar.com\/avatar\/dde2928154642a13d95f87ddf1ea9718fe2b46760a005c53e41ff5ad610704e6?s=96&d=mm&r=g\",\"caption\":\"Nexo Informativo\"},\"url\":\"https:\/\/www.nexoinformativo.mx\/index.php\/author\/edicion\/\"}]}<\/script>\n<!-- \/ Yoast SEO plugin. -->","yoast_head_json":{"title":"Gobierno de Quer\u00e9taro investiga a notario involucrado en fraude al Infonavit | Nexo Informativo Santiago de Quer\u00e9taro","description":"Gobierno de Quer\u00e9taro investiga a notario involucrado en fraude al Infonavit","robots":{"index":"index","follow":"follow","max-snippet":"max-snippet:-1","max-image-preview":"max-image-preview:large","max-video-preview":"max-video-preview:-1"},"canonical":"https:\/\/www.nexoinformativo.mx\/index.php\/2024\/12\/19\/gobierno-de-queretaro-investiga-a-notario-involucrado-en-fraude-al-infonavit\/","og_locale":"es_MX","og_type":"article","og_title":"Gobierno de Quer\u00e9taro investiga a notario involucrado en fraude al Infonavit | Nexo Informativo Santiago de Quer\u00e9taro","og_description":"Gobierno de Quer\u00e9taro investiga a notario involucrado en fraude al Infonavit","og_url":"https:\/\/www.nexoinformativo.mx\/index.php\/2024\/12\/19\/gobierno-de-queretaro-investiga-a-notario-involucrado-en-fraude-al-infonavit\/","og_site_name":"Nexo Informativo Santiago de Quer\u00e9taro","article_publisher":"https:\/\/www.facebook.com\/people\/Nexo-Informativo\/61564066885511\/","article_published_time":"2024-12-19T17:00:13+00:00","article_modified_time":"2024-12-19T18:25:23+00:00","og_image":[{"width":800,"height":600,"url":"https:\/\/www.nexoinformativo.mx\/wp-content\/uploads\/2024\/12\/PHOTO-2024-12-19-12-03-33-e1734632583386.jpg","type":"image\/jpeg"}],"author":"Nexo Informativo","twitter_card":"summary_large_image","twitter_misc":{"Escrito por":"Nexo Informativo","Tiempo de lectura":"2 minutos"},"schema":{"@context":"https:\/\/schema.org","@graph":[{"@type":"Article","@id":"https:\/\/www.nexoinformativo.mx\/index.php\/2024\/12\/19\/gobierno-de-queretaro-investiga-a-notario-involucrado-en-fraude-al-infonavit\/#article","isPartOf":{"@id":"https:\/\/www.nexoinformativo.mx\/index.php\/2024\/12\/19\/gobierno-de-queretaro-investiga-a-notario-involucrado-en-fraude-al-infonavit\/"},"author":{"name":"Nexo Informativo","@id":"https:\/\/www.nexoinformativo.mx\/#\/schema\/person\/7749d380ba08c8ca00d7bc76fd907b7d"},"headline":"Gobierno de Quer\u00e9taro investiga a notario involucrado en fraude al Infonavit","datePublished":"2024-12-19T17:00:13+00:00","dateModified":"2024-12-19T18:25:23+00:00","mainEntityOfPage":{"@id":"https:\/\/www.nexoinformativo.mx\/index.php\/2024\/12\/19\/gobierno-de-queretaro-investiga-a-notario-involucrado-en-fraude-al-infonavit\/"},"wordCount":228,"commentCount":0,"publisher":{"@id":"https:\/\/www.nexoinformativo.mx\/#organization"},"image":{"@id":"https:\/\/www.nexoinformativo.mx\/index.php\/2024\/12\/19\/gobierno-de-queretaro-investiga-a-notario-involucrado-en-fraude-al-infonavit\/#primaryimage"},"thumbnailUrl":"https:\/\/www.nexoinformativo.mx\/wp-content\/uploads\/2024\/12\/PHOTO-2024-12-19-12-03-33-e1734632583386.jpg","keywords":["Corrupci\u00f3n","FraudeInfonavit","Justicia","Quer\u00e9taro"],"articleSection":["Estado","\u00daltima Hora"],"inLanguage":"es","potentialAction":[{"@type":"CommentAction","name":"Comment","target":["https:\/\/www.nexoinformativo.mx\/index.php\/2024\/12\/19\/gobierno-de-queretaro-investiga-a-notario-involucrado-en-fraude-al-infonavit\/#respond"]}]},{"@type":"WebPage","@id":"https:\/\/www.nexoinformativo.mx\/index.php\/2024\/12\/19\/gobierno-de-queretaro-investiga-a-notario-involucrado-en-fraude-al-infonavit\/","url":"https:\/\/www.nexoinformativo.mx\/index.php\/2024\/12\/19\/gobierno-de-queretaro-investiga-a-notario-involucrado-en-fraude-al-infonavit\/","name":"Gobierno de Quer\u00e9taro investiga a notario involucrado en fraude al Infonavit | Nexo Informativo Santiago de Quer\u00e9taro","isPartOf":{"@id":"https:\/\/www.nexoinformativo.mx\/#website"},"primaryImageOfPage":{"@id":"https:\/\/www.nexoinformativo.mx\/index.php\/2024\/12\/19\/gobierno-de-queretaro-investiga-a-notario-involucrado-en-fraude-al-infonavit\/#primaryimage"},"image":{"@id":"https:\/\/www.nexoinformativo.mx\/index.php\/2024\/12\/19\/gobierno-de-queretaro-investiga-a-notario-involucrado-en-fraude-al-infonavit\/#primaryimage"},"thumbnailUrl":"https:\/\/www.nexoinformativo.mx\/wp-content\/uploads\/2024\/12\/PHOTO-2024-12-19-12-03-33-e1734632583386.jpg","datePublished":"2024-12-19T17:00:13+00:00","dateModified":"2024-12-19T18:25:23+00:00","description":"Gobierno de Quer\u00e9taro investiga a notario involucrado en fraude al Infonavit","breadcrumb":{"@id":"https:\/\/www.nexoinformativo.mx\/index.php\/2024\/12\/19\/gobierno-de-queretaro-investiga-a-notario-involucrado-en-fraude-al-infonavit\/#breadcrumb"},"inLanguage":"es","potentialAction":[{"@type":"ReadAction","target":["https:\/\/www.nexoinformativo.mx\/index.php\/2024\/12\/19\/gobierno-de-queretaro-investiga-a-notario-involucrado-en-fraude-al-infonavit\/"]}]},{"@type":"ImageObject","inLanguage":"es","@id":"https:\/\/www.nexoinformativo.mx\/index.php\/2024\/12\/19\/gobierno-de-queretaro-investiga-a-notario-involucrado-en-fraude-al-infonavit\/#primaryimage","url":"https:\/\/www.nexoinformativo.mx\/wp-content\/uploads\/2024\/12\/PHOTO-2024-12-19-12-03-33-e1734632583386.jpg","contentUrl":"https:\/\/www.nexoinformativo.mx\/wp-content\/uploads\/2024\/12\/PHOTO-2024-12-19-12-03-33-e1734632583386.jpg","width":800,"height":600},{"@type":"BreadcrumbList","@id":"https:\/\/www.nexoinformativo.mx\/index.php\/2024\/12\/19\/gobierno-de-queretaro-investiga-a-notario-involucrado-en-fraude-al-infonavit\/#breadcrumb","itemListElement":[{"@type":"ListItem","position":1,"name":"Inicio","item":"https:\/\/www.nexoinformativo.mx\/"},{"@type":"ListItem","position":2,"name":"Gobierno de Quer\u00e9taro investiga a notario involucrado en fraude al Infonavit"}]},{"@type":"WebSite","@id":"https:\/\/www.nexoinformativo.mx\/#website","url":"https:\/\/www.nexoinformativo.mx\/","name":"Nexo Informativo Santiago de Quer\u00e9taro","description":"Explora NexoInformativo y convi\u00e9rtete en parte de una comunidad que valora el conocimiento y la verdad. Tu nexoinformativo es tu puente hacia una comprensi\u00f3n m\u00e1s profunda del mundo que te rodea.","publisher":{"@id":"https:\/\/www.nexoinformativo.mx\/#organization"},"potentialAction":[{"@type":"SearchAction","target":{"@type":"EntryPoint","urlTemplate":"https:\/\/www.nexoinformativo.mx\/?s={search_term_string}"},"query-input":{"@type":"PropertyValueSpecification","valueRequired":true,"valueName":"search_term_string"}}],"inLanguage":"es"},{"@type":"Organization","@id":"https:\/\/www.nexoinformativo.mx\/#organization","name":"Nexo Informativo Santiago de Quer\u00e9taro","url":"https:\/\/www.nexoinformativo.mx\/","logo":{"@type":"ImageObject","inLanguage":"es","@id":"https:\/\/www.nexoinformativo.mx\/#\/schema\/logo\/image\/","url":"https:\/\/www.nexoinformativo.mx\/wp-content\/uploads\/2024\/07\/nexoi-trasparente-2.png","contentUrl":"https:\/\/www.nexoinformativo.mx\/wp-content\/uploads\/2024\/07\/nexoi-trasparente-2.png","width":816,"height":339,"caption":"Nexo Informativo Santiago de Quer\u00e9taro"},"image":{"@id":"https:\/\/www.nexoinformativo.mx\/#\/schema\/logo\/image\/"},"sameAs":["https:\/\/www.facebook.com\/people\/Nexo-Informativo\/61564066885511\/"]},{"@type":"Person","@id":"https:\/\/www.nexoinformativo.mx\/#\/schema\/person\/7749d380ba08c8ca00d7bc76fd907b7d","name":"Nexo Informativo","image":{"@type":"ImageObject","inLanguage":"es","@id":"https:\/\/www.nexoinformativo.mx\/#\/schema\/person\/image\/","url":"https:\/\/secure.gravatar.com\/avatar\/dde2928154642a13d95f87ddf1ea9718fe2b46760a005c53e41ff5ad610704e6?s=96&d=mm&r=g","contentUrl":"https:\/\/secure.gravatar.com\/avatar\/dde2928154642a13d95f87ddf1ea9718fe2b46760a005c53e41ff5ad610704e6?s=96&d=mm&r=g","caption":"Nexo Informativo"},"url":"https:\/\/www.nexoinformativo.mx\/index.php\/author\/edicion\/"}]}},"_links":{"self":[{"href":"https:\/\/www.nexoinformativo.mx\/index.php\/wp-json\/wp\/v2\/posts\/8519","targetHints":{"allow":["GET"]}}],"collection":[{"href":"https:\/\/www.nexoinformativo.mx\/index.php\/wp-json\/wp\/v2\/posts"}],"about":[{"href":"https:\/\/www.nexoinformativo.mx\/index.php\/wp-json\/wp\/v2\/types\/post"}],"author":[{"embeddable":true,"href":"https:\/\/www.nexoinformativo.mx\/index.php\/wp-json\/wp\/v2\/users\/3"}],"replies":[{"embeddable":true,"href":"https:\/\/www.nexoinformativo.mx\/index.php\/wp-json\/wp\/v2\/comments?post=8519"}],"version-history":[{"count":3,"href":"https:\/\/www.nexoinformativo.mx\/index.php\/wp-json\/wp\/v2\/posts\/8519\/revisions"}],"predecessor-version":[{"id":8523,"href":"https:\/\/www.nexoinformativo.mx\/index.php\/wp-json\/wp\/v2\/posts\/8519\/revisions\/8523"}],"wp:featuredmedia":[{"embeddable":true,"href":"https:\/\/www.nexoinformativo.mx\/index.php\/wp-json\/wp\/v2\/media\/8520"}],"wp:attachment":[{"href":"https:\/\/www.nexoinformativo.mx\/index.php\/wp-json\/wp\/v2\/media?parent=8519"}],"wp:term":[{"taxonomy":"category","embeddable":true,"href":"https:\/\/www.nexoinformativo.mx\/index.php\/wp-json\/wp\/v2\/categories?post=8519"},{"taxonomy":"post_tag","embeddable":true,"href":"https:\/\/www.nexoinformativo.mx\/index.php\/wp-json\/wp\/v2\/tags?post=8519"}],"curies":[{"name":"wp","href":"https:\/\/api.w.org\/{rel}","templated":true}]}}