{"id":8524,"date":"2024-12-19T13:00:48","date_gmt":"2024-12-19T19:00:48","guid":{"rendered":"https:\/\/www.nexoinformativo.mx\/?p=8524"},"modified":"2024-12-19T15:36:38","modified_gmt":"2024-12-19T21:36:38","slug":"didi-avanza-en-su-regularizacion-en-queretaro-ameq-evalua-su-documentacion","status":"publish","type":"post","link":"https:\/\/www.nexoinformativo.mx\/index.php\/2024\/12\/19\/didi-avanza-en-su-regularizacion-en-queretaro-ameq-evalua-su-documentacion\/","title":{"rendered":"DiDi avanza en su regularizaci\u00f3n en Quer\u00e9taro: AMEQ eval\u00faa su documentaci\u00f3n"},"content":{"rendered":"<p style=\"text-align: justify;\" data-sourcepos=\"11:1-11:331\">La plataforma de transporte privado DiDi se encuentra un paso m\u00e1s cerca de regularizar sus operaciones en el estado de Quer\u00e9taro.<\/p>\n<p>&nbsp;<\/p>\n<p style=\"text-align: justify;\" data-sourcepos=\"11:1-11:331\">As\u00ed lo inform\u00f3 el director de la Agencia de Movilidad del Estado de Quer\u00e9taro (AMEQ), Gerardo Cuanalo, quien detall\u00f3 que la empresa ha entregado la documentaci\u00f3n requerida para renovar su registro.<\/p>\n<p>&nbsp;<\/p>\n<p style=\"text-align: justify;\" data-sourcepos=\"13:1-13:229\">Cuanalo se\u00f1al\u00f3 que la AMEQ se encuentra en proceso de revisi\u00f3n de toda la informaci\u00f3n presentada por DiDi y que, una vez concluido este an\u00e1lisis, se tomar\u00e1 una decisi\u00f3n definitiva sobre la autorizaci\u00f3n para operar en la entidad.<\/p>\n<p>&nbsp;<\/p>\n<p style=\"text-align: justify;\" data-sourcepos=\"15:1-15:195\">En contraste, el director de la AMEQ confirm\u00f3 que la plataforma InDriver no cumpli\u00f3 con los requisitos establecidos por la agencia y, por lo tanto, no podr\u00e1 operar de manera regular en Quer\u00e9ta.ro.<\/p>\n<p>&nbsp;<\/p>\n<p style=\"text-align: justify;\" data-sourcepos=\"17:1-17:246\">&#8220;Es importante que todas las plataformas de transporte que operen en el estado cumplan con la normatividad vigente&#8221;, afirm\u00f3 Cuanalo. &#8220;De esta manera, podemos garantizar la seguridad de los usuarios y la equidad en el mercado&#8221;.<\/p>\n<p>&nbsp;<\/p>\n<p style=\"text-align: center;\" data-sourcepos=\"17:1-17:246\"><em><strong>\u00a1Informaci\u00f3n que transforma!<\/strong><\/em><\/p>\n","protected":false},"excerpt":{"rendered":"<p>La plataforma de transporte privado DiDi se encuentra un paso m\u00e1s cerca de regularizar sus operaciones en el estado de Quer\u00e9taro.<\/p>\n","protected":false},"author":3,"featured_media":8525,"comment_status":"open","ping_status":"open","sticky":false,"template":"","format":"standard","meta":{"footnotes":""},"categories":[42,58],"tags":[2751,726,133,596],"class_list":["post-8524","post","type-post","status-publish","format-standard","has-post-thumbnail","hentry","category-estado","category-ultima-hora","tag-didi","tag-movilidad","tag-queretaro","tag-transportepublico"],"yoast_head":"<!-- This site is optimized with the Yoast SEO plugin v25.0 - https:\/\/yoast.com\/wordpress\/plugins\/seo\/ -->\n<title>DiDi avanza en su regularizaci\u00f3n en Quer\u00e9taro: AMEQ eval\u00faa su documentaci\u00f3n | Nexo Informativo Santiago de Quer\u00e9taro<\/title>\n<meta name=\"robots\" content=\"index, follow, max-snippet:-1, max-image-preview:large, max-video-preview:-1\" \/>\n<link rel=\"canonical\" href=\"https:\/\/www.nexoinformativo.mx\/index.php\/2024\/12\/19\/didi-avanza-en-su-regularizacion-en-queretaro-ameq-evalua-su-documentacion\/\" \/>\n<meta property=\"og:locale\" content=\"es_MX\" \/>\n<meta property=\"og:type\" content=\"article\" \/>\n<meta property=\"og:title\" content=\"DiDi avanza en su regularizaci\u00f3n en Quer\u00e9taro: AMEQ eval\u00faa su documentaci\u00f3n | Nexo Informativo Santiago de Quer\u00e9taro\" \/>\n<meta property=\"og:description\" content=\"La plataforma de transporte privado DiDi se encuentra un paso m\u00e1s cerca de regularizar sus operaciones en el estado de Quer\u00e9taro.\" \/>\n<meta property=\"og:url\" content=\"https:\/\/www.nexoinformativo.mx\/index.php\/2024\/12\/19\/didi-avanza-en-su-regularizacion-en-queretaro-ameq-evalua-su-documentacion\/\" \/>\n<meta property=\"og:site_name\" content=\"Nexo Informativo Santiago de Quer\u00e9taro\" \/>\n<meta property=\"article:publisher\" content=\"https:\/\/www.facebook.com\/people\/Nexo-Informativo\/61564066885511\/\" \/>\n<meta property=\"article:published_time\" content=\"2024-12-19T19:00:48+00:00\" \/>\n<meta property=\"article:modified_time\" content=\"2024-12-19T21:36:38+00:00\" \/>\n<meta property=\"og:image\" content=\"https:\/\/www.nexoinformativo.mx\/wp-content\/uploads\/2024\/12\/IMG_3962-e1734644148565.jpg\" \/>\n\t<meta property=\"og:image:width\" content=\"800\" \/>\n\t<meta property=\"og:image:height\" content=\"533\" \/>\n\t<meta property=\"og:image:type\" content=\"image\/jpeg\" \/>\n<meta name=\"author\" content=\"Nexo Informativo\" \/>\n<meta name=\"twitter:card\" content=\"summary_large_image\" \/>\n<meta name=\"twitter:label1\" content=\"Escrito por\" \/>\n\t<meta name=\"twitter:data1\" content=\"Nexo Informativo\" \/>\n\t<meta name=\"twitter:label2\" content=\"Tiempo de lectura\" \/>\n\t<meta name=\"twitter:data2\" content=\"1 minuto\" \/>\n<script type=\"application\/ld+json\" class=\"yoast-schema-graph\">{\"@context\":\"https:\/\/schema.org\",\"@graph\":[{\"@type\":\"Article\",\"@id\":\"https:\/\/www.nexoinformativo.mx\/index.php\/2024\/12\/19\/didi-avanza-en-su-regularizacion-en-queretaro-ameq-evalua-su-documentacion\/#article\",\"isPartOf\":{\"@id\":\"https:\/\/www.nexoinformativo.mx\/index.php\/2024\/12\/19\/didi-avanza-en-su-regularizacion-en-queretaro-ameq-evalua-su-documentacion\/\"},\"author\":{\"name\":\"Nexo Informativo\",\"@id\":\"https:\/\/www.nexoinformativo.mx\/#\/schema\/person\/7749d380ba08c8ca00d7bc76fd907b7d\"},\"headline\":\"DiDi avanza en su regularizaci\u00f3n en Quer\u00e9taro: AMEQ eval\u00faa su documentaci\u00f3n\",\"datePublished\":\"2024-12-19T19:00:48+00:00\",\"dateModified\":\"2024-12-19T21:36:38+00:00\",\"mainEntityOfPage\":{\"@id\":\"https:\/\/www.nexoinformativo.mx\/index.php\/2024\/12\/19\/didi-avanza-en-su-regularizacion-en-queretaro-ameq-evalua-su-documentacion\/\"},\"wordCount\":195,\"commentCount\":0,\"publisher\":{\"@id\":\"https:\/\/www.nexoinformativo.mx\/#organization\"},\"image\":{\"@id\":\"https:\/\/www.nexoinformativo.mx\/index.php\/2024\/12\/19\/didi-avanza-en-su-regularizacion-en-queretaro-ameq-evalua-su-documentacion\/#primaryimage\"},\"thumbnailUrl\":\"https:\/\/www.nexoinformativo.mx\/wp-content\/uploads\/2024\/12\/IMG_3962-e1734644148565.jpg\",\"keywords\":[\"DiDi\",\"Movilidad\",\"Quer\u00e9taro\",\"TransporteP\u00fablico\"],\"articleSection\":[\"Estado\",\"\u00daltima Hora\"],\"inLanguage\":\"es\",\"potentialAction\":[{\"@type\":\"CommentAction\",\"name\":\"Comment\",\"target\":[\"https:\/\/www.nexoinformativo.mx\/index.php\/2024\/12\/19\/didi-avanza-en-su-regularizacion-en-queretaro-ameq-evalua-su-documentacion\/#respond\"]}]},{\"@type\":\"WebPage\",\"@id\":\"https:\/\/www.nexoinformativo.mx\/index.php\/2024\/12\/19\/didi-avanza-en-su-regularizacion-en-queretaro-ameq-evalua-su-documentacion\/\",\"url\":\"https:\/\/www.nexoinformativo.mx\/index.php\/2024\/12\/19\/didi-avanza-en-su-regularizacion-en-queretaro-ameq-evalua-su-documentacion\/\",\"name\":\"DiDi avanza en su regularizaci\u00f3n en Quer\u00e9taro: AMEQ eval\u00faa su documentaci\u00f3n | Nexo Informativo Santiago de Quer\u00e9taro\",\"isPartOf\":{\"@id\":\"https:\/\/www.nexoinformativo.mx\/#website\"},\"primaryImageOfPage\":{\"@id\":\"https:\/\/www.nexoinformativo.mx\/index.php\/2024\/12\/19\/didi-avanza-en-su-regularizacion-en-queretaro-ameq-evalua-su-documentacion\/#primaryimage\"},\"image\":{\"@id\":\"https:\/\/www.nexoinformativo.mx\/index.php\/2024\/12\/19\/didi-avanza-en-su-regularizacion-en-queretaro-ameq-evalua-su-documentacion\/#primaryimage\"},\"thumbnailUrl\":\"https:\/\/www.nexoinformativo.mx\/wp-content\/uploads\/2024\/12\/IMG_3962-e1734644148565.jpg\",\"datePublished\":\"2024-12-19T19:00:48+00:00\",\"dateModified\":\"2024-12-19T21:36:38+00:00\",\"breadcrumb\":{\"@id\":\"https:\/\/www.nexoinformativo.mx\/index.php\/2024\/12\/19\/didi-avanza-en-su-regularizacion-en-queretaro-ameq-evalua-su-documentacion\/#breadcrumb\"},\"inLanguage\":\"es\",\"potentialAction\":[{\"@type\":\"ReadAction\",\"target\":[\"https:\/\/www.nexoinformativo.mx\/index.php\/2024\/12\/19\/didi-avanza-en-su-regularizacion-en-queretaro-ameq-evalua-su-documentacion\/\"]}]},{\"@type\":\"ImageObject\",\"inLanguage\":\"es\",\"@id\":\"https:\/\/www.nexoinformativo.mx\/index.php\/2024\/12\/19\/didi-avanza-en-su-regularizacion-en-queretaro-ameq-evalua-su-documentacion\/#primaryimage\",\"url\":\"https:\/\/www.nexoinformativo.mx\/wp-content\/uploads\/2024\/12\/IMG_3962-e1734644148565.jpg\",\"contentUrl\":\"https:\/\/www.nexoinformativo.mx\/wp-content\/uploads\/2024\/12\/IMG_3962-e1734644148565.jpg\",\"width\":800,\"height\":533},{\"@type\":\"BreadcrumbList\",\"@id\":\"https:\/\/www.nexoinformativo.mx\/index.php\/2024\/12\/19\/didi-avanza-en-su-regularizacion-en-queretaro-ameq-evalua-su-documentacion\/#breadcrumb\",\"itemListElement\":[{\"@type\":\"ListItem\",\"position\":1,\"name\":\"Inicio\",\"item\":\"https:\/\/www.nexoinformativo.mx\/\"},{\"@type\":\"ListItem\",\"position\":2,\"name\":\"DiDi avanza en su regularizaci\u00f3n en Quer\u00e9taro: AMEQ eval\u00faa su documentaci\u00f3n\"}]},{\"@type\":\"WebSite\",\"@id\":\"https:\/\/www.nexoinformativo.mx\/#website\",\"url\":\"https:\/\/www.nexoinformativo.mx\/\",\"name\":\"Nexo Informativo Santiago de Quer\u00e9taro\",\"description\":\"Explora NexoInformativo y convi\u00e9rtete en parte de una comunidad que valora el conocimiento y la verdad. Tu nexoinformativo es tu puente hacia una comprensi\u00f3n m\u00e1s profunda del mundo que te rodea.\",\"publisher\":{\"@id\":\"https:\/\/www.nexoinformativo.mx\/#organization\"},\"potentialAction\":[{\"@type\":\"SearchAction\",\"target\":{\"@type\":\"EntryPoint\",\"urlTemplate\":\"https:\/\/www.nexoinformativo.mx\/?s={search_term_string}\"},\"query-input\":{\"@type\":\"PropertyValueSpecification\",\"valueRequired\":true,\"valueName\":\"search_term_string\"}}],\"inLanguage\":\"es\"},{\"@type\":\"Organization\",\"@id\":\"https:\/\/www.nexoinformativo.mx\/#organization\",\"name\":\"Nexo Informativo Santiago de Quer\u00e9taro\",\"url\":\"https:\/\/www.nexoinformativo.mx\/\",\"logo\":{\"@type\":\"ImageObject\",\"inLanguage\":\"es\",\"@id\":\"https:\/\/www.nexoinformativo.mx\/#\/schema\/logo\/image\/\",\"url\":\"https:\/\/www.nexoinformativo.mx\/wp-content\/uploads\/2024\/07\/nexoi-trasparente-2.png\",\"contentUrl\":\"https:\/\/www.nexoinformativo.mx\/wp-content\/uploads\/2024\/07\/nexoi-trasparente-2.png\",\"width\":816,\"height\":339,\"caption\":\"Nexo Informativo Santiago de Quer\u00e9taro\"},\"image\":{\"@id\":\"https:\/\/www.nexoinformativo.mx\/#\/schema\/logo\/image\/\"},\"sameAs\":[\"https:\/\/www.facebook.com\/people\/Nexo-Informativo\/61564066885511\/\"]},{\"@type\":\"Person\",\"@id\":\"https:\/\/www.nexoinformativo.mx\/#\/schema\/person\/7749d380ba08c8ca00d7bc76fd907b7d\",\"name\":\"Nexo Informativo\",\"image\":{\"@type\":\"ImageObject\",\"inLanguage\":\"es\",\"@id\":\"https:\/\/www.nexoinformativo.mx\/#\/schema\/person\/image\/\",\"url\":\"https:\/\/secure.gravatar.com\/avatar\/dde2928154642a13d95f87ddf1ea9718fe2b46760a005c53e41ff5ad610704e6?s=96&d=mm&r=g\",\"contentUrl\":\"https:\/\/secure.gravatar.com\/avatar\/dde2928154642a13d95f87ddf1ea9718fe2b46760a005c53e41ff5ad610704e6?s=96&d=mm&r=g\",\"caption\":\"Nexo Informativo\"},\"url\":\"https:\/\/www.nexoinformativo.mx\/index.php\/author\/edicion\/\"}]}<\/script>\n<!-- \/ Yoast SEO plugin. -->","yoast_head_json":{"title":"DiDi avanza en su regularizaci\u00f3n en Quer\u00e9taro: AMEQ eval\u00faa su documentaci\u00f3n | Nexo Informativo Santiago de Quer\u00e9taro","robots":{"index":"index","follow":"follow","max-snippet":"max-snippet:-1","max-image-preview":"max-image-preview:large","max-video-preview":"max-video-preview:-1"},"canonical":"https:\/\/www.nexoinformativo.mx\/index.php\/2024\/12\/19\/didi-avanza-en-su-regularizacion-en-queretaro-ameq-evalua-su-documentacion\/","og_locale":"es_MX","og_type":"article","og_title":"DiDi avanza en su regularizaci\u00f3n en Quer\u00e9taro: AMEQ eval\u00faa su documentaci\u00f3n | Nexo Informativo Santiago de Quer\u00e9taro","og_description":"La plataforma de transporte privado DiDi se encuentra un paso m\u00e1s cerca de regularizar sus operaciones en el estado de Quer\u00e9taro.","og_url":"https:\/\/www.nexoinformativo.mx\/index.php\/2024\/12\/19\/didi-avanza-en-su-regularizacion-en-queretaro-ameq-evalua-su-documentacion\/","og_site_name":"Nexo Informativo Santiago de Quer\u00e9taro","article_publisher":"https:\/\/www.facebook.com\/people\/Nexo-Informativo\/61564066885511\/","article_published_time":"2024-12-19T19:00:48+00:00","article_modified_time":"2024-12-19T21:36:38+00:00","og_image":[{"width":800,"height":533,"url":"https:\/\/www.nexoinformativo.mx\/wp-content\/uploads\/2024\/12\/IMG_3962-e1734644148565.jpg","type":"image\/jpeg"}],"author":"Nexo Informativo","twitter_card":"summary_large_image","twitter_misc":{"Escrito por":"Nexo Informativo","Tiempo de lectura":"1 minuto"},"schema":{"@context":"https:\/\/schema.org","@graph":[{"@type":"Article","@id":"https:\/\/www.nexoinformativo.mx\/index.php\/2024\/12\/19\/didi-avanza-en-su-regularizacion-en-queretaro-ameq-evalua-su-documentacion\/#article","isPartOf":{"@id":"https:\/\/www.nexoinformativo.mx\/index.php\/2024\/12\/19\/didi-avanza-en-su-regularizacion-en-queretaro-ameq-evalua-su-documentacion\/"},"author":{"name":"Nexo Informativo","@id":"https:\/\/www.nexoinformativo.mx\/#\/schema\/person\/7749d380ba08c8ca00d7bc76fd907b7d"},"headline":"DiDi avanza en su regularizaci\u00f3n en Quer\u00e9taro: AMEQ eval\u00faa su documentaci\u00f3n","datePublished":"2024-12-19T19:00:48+00:00","dateModified":"2024-12-19T21:36:38+00:00","mainEntityOfPage":{"@id":"https:\/\/www.nexoinformativo.mx\/index.php\/2024\/12\/19\/didi-avanza-en-su-regularizacion-en-queretaro-ameq-evalua-su-documentacion\/"},"wordCount":195,"commentCount":0,"publisher":{"@id":"https:\/\/www.nexoinformativo.mx\/#organization"},"image":{"@id":"https:\/\/www.nexoinformativo.mx\/index.php\/2024\/12\/19\/didi-avanza-en-su-regularizacion-en-queretaro-ameq-evalua-su-documentacion\/#primaryimage"},"thumbnailUrl":"https:\/\/www.nexoinformativo.mx\/wp-content\/uploads\/2024\/12\/IMG_3962-e1734644148565.jpg","keywords":["DiDi","Movilidad","Quer\u00e9taro","TransporteP\u00fablico"],"articleSection":["Estado","\u00daltima Hora"],"inLanguage":"es","potentialAction":[{"@type":"CommentAction","name":"Comment","target":["https:\/\/www.nexoinformativo.mx\/index.php\/2024\/12\/19\/didi-avanza-en-su-regularizacion-en-queretaro-ameq-evalua-su-documentacion\/#respond"]}]},{"@type":"WebPage","@id":"https:\/\/www.nexoinformativo.mx\/index.php\/2024\/12\/19\/didi-avanza-en-su-regularizacion-en-queretaro-ameq-evalua-su-documentacion\/","url":"https:\/\/www.nexoinformativo.mx\/index.php\/2024\/12\/19\/didi-avanza-en-su-regularizacion-en-queretaro-ameq-evalua-su-documentacion\/","name":"DiDi avanza en su regularizaci\u00f3n en Quer\u00e9taro: AMEQ eval\u00faa su documentaci\u00f3n | Nexo Informativo Santiago de Quer\u00e9taro","isPartOf":{"@id":"https:\/\/www.nexoinformativo.mx\/#website"},"primaryImageOfPage":{"@id":"https:\/\/www.nexoinformativo.mx\/index.php\/2024\/12\/19\/didi-avanza-en-su-regularizacion-en-queretaro-ameq-evalua-su-documentacion\/#primaryimage"},"image":{"@id":"https:\/\/www.nexoinformativo.mx\/index.php\/2024\/12\/19\/didi-avanza-en-su-regularizacion-en-queretaro-ameq-evalua-su-documentacion\/#primaryimage"},"thumbnailUrl":"https:\/\/www.nexoinformativo.mx\/wp-content\/uploads\/2024\/12\/IMG_3962-e1734644148565.jpg","datePublished":"2024-12-19T19:00:48+00:00","dateModified":"2024-12-19T21:36:38+00:00","breadcrumb":{"@id":"https:\/\/www.nexoinformativo.mx\/index.php\/2024\/12\/19\/didi-avanza-en-su-regularizacion-en-queretaro-ameq-evalua-su-documentacion\/#breadcrumb"},"inLanguage":"es","potentialAction":[{"@type":"ReadAction","target":["https:\/\/www.nexoinformativo.mx\/index.php\/2024\/12\/19\/didi-avanza-en-su-regularizacion-en-queretaro-ameq-evalua-su-documentacion\/"]}]},{"@type":"ImageObject","inLanguage":"es","@id":"https:\/\/www.nexoinformativo.mx\/index.php\/2024\/12\/19\/didi-avanza-en-su-regularizacion-en-queretaro-ameq-evalua-su-documentacion\/#primaryimage","url":"https:\/\/www.nexoinformativo.mx\/wp-content\/uploads\/2024\/12\/IMG_3962-e1734644148565.jpg","contentUrl":"https:\/\/www.nexoinformativo.mx\/wp-content\/uploads\/2024\/12\/IMG_3962-e1734644148565.jpg","width":800,"height":533},{"@type":"BreadcrumbList","@id":"https:\/\/www.nexoinformativo.mx\/index.php\/2024\/12\/19\/didi-avanza-en-su-regularizacion-en-queretaro-ameq-evalua-su-documentacion\/#breadcrumb","itemListElement":[{"@type":"ListItem","position":1,"name":"Inicio","item":"https:\/\/www.nexoinformativo.mx\/"},{"@type":"ListItem","position":2,"name":"DiDi avanza en su regularizaci\u00f3n en Quer\u00e9taro: AMEQ eval\u00faa su documentaci\u00f3n"}]},{"@type":"WebSite","@id":"https:\/\/www.nexoinformativo.mx\/#website","url":"https:\/\/www.nexoinformativo.mx\/","name":"Nexo Informativo Santiago de Quer\u00e9taro","description":"Explora NexoInformativo y convi\u00e9rtete en parte de una comunidad que valora el conocimiento y la verdad. Tu nexoinformativo es tu puente hacia una comprensi\u00f3n m\u00e1s profunda del mundo que te rodea.","publisher":{"@id":"https:\/\/www.nexoinformativo.mx\/#organization"},"potentialAction":[{"@type":"SearchAction","target":{"@type":"EntryPoint","urlTemplate":"https:\/\/www.nexoinformativo.mx\/?s={search_term_string}"},"query-input":{"@type":"PropertyValueSpecification","valueRequired":true,"valueName":"search_term_string"}}],"inLanguage":"es"},{"@type":"Organization","@id":"https:\/\/www.nexoinformativo.mx\/#organization","name":"Nexo Informativo Santiago de Quer\u00e9taro","url":"https:\/\/www.nexoinformativo.mx\/","logo":{"@type":"ImageObject","inLanguage":"es","@id":"https:\/\/www.nexoinformativo.mx\/#\/schema\/logo\/image\/","url":"https:\/\/www.nexoinformativo.mx\/wp-content\/uploads\/2024\/07\/nexoi-trasparente-2.png","contentUrl":"https:\/\/www.nexoinformativo.mx\/wp-content\/uploads\/2024\/07\/nexoi-trasparente-2.png","width":816,"height":339,"caption":"Nexo Informativo Santiago de Quer\u00e9taro"},"image":{"@id":"https:\/\/www.nexoinformativo.mx\/#\/schema\/logo\/image\/"},"sameAs":["https:\/\/www.facebook.com\/people\/Nexo-Informativo\/61564066885511\/"]},{"@type":"Person","@id":"https:\/\/www.nexoinformativo.mx\/#\/schema\/person\/7749d380ba08c8ca00d7bc76fd907b7d","name":"Nexo Informativo","image":{"@type":"ImageObject","inLanguage":"es","@id":"https:\/\/www.nexoinformativo.mx\/#\/schema\/person\/image\/","url":"https:\/\/secure.gravatar.com\/avatar\/dde2928154642a13d95f87ddf1ea9718fe2b46760a005c53e41ff5ad610704e6?s=96&d=mm&r=g","contentUrl":"https:\/\/secure.gravatar.com\/avatar\/dde2928154642a13d95f87ddf1ea9718fe2b46760a005c53e41ff5ad610704e6?s=96&d=mm&r=g","caption":"Nexo Informativo"},"url":"https:\/\/www.nexoinformativo.mx\/index.php\/author\/edicion\/"}]}},"_links":{"self":[{"href":"https:\/\/www.nexoinformativo.mx\/index.php\/wp-json\/wp\/v2\/posts\/8524","targetHints":{"allow":["GET"]}}],"collection":[{"href":"https:\/\/www.nexoinformativo.mx\/index.php\/wp-json\/wp\/v2\/posts"}],"about":[{"href":"https:\/\/www.nexoinformativo.mx\/index.php\/wp-json\/wp\/v2\/types\/post"}],"author":[{"embeddable":true,"href":"https:\/\/www.nexoinformativo.mx\/index.php\/wp-json\/wp\/v2\/users\/3"}],"replies":[{"embeddable":true,"href":"https:\/\/www.nexoinformativo.mx\/index.php\/wp-json\/wp\/v2\/comments?post=8524"}],"version-history":[{"count":3,"href":"https:\/\/www.nexoinformativo.mx\/index.php\/wp-json\/wp\/v2\/posts\/8524\/revisions"}],"predecessor-version":[{"id":8528,"href":"https:\/\/www.nexoinformativo.mx\/index.php\/wp-json\/wp\/v2\/posts\/8524\/revisions\/8528"}],"wp:featuredmedia":[{"embeddable":true,"href":"https:\/\/www.nexoinformativo.mx\/index.php\/wp-json\/wp\/v2\/media\/8525"}],"wp:attachment":[{"href":"https:\/\/www.nexoinformativo.mx\/index.php\/wp-json\/wp\/v2\/media?parent=8524"}],"wp:term":[{"taxonomy":"category","embeddable":true,"href":"https:\/\/www.nexoinformativo.mx\/index.php\/wp-json\/wp\/v2\/categories?post=8524"},{"taxonomy":"post_tag","embeddable":true,"href":"https:\/\/www.nexoinformativo.mx\/index.php\/wp-json\/wp\/v2\/tags?post=8524"}],"curies":[{"name":"wp","href":"https:\/\/api.w.org\/{rel}","templated":true}]}}